{"id":110225,"date":"2024-05-28T21:29:51","date_gmt":"2024-05-29T03:29:51","guid":{"rendered":"https:\/\/www.yucatanencorto.com\/noticias\/?p=110225"},"modified":"2024-05-28T21:29:51","modified_gmt":"2024-05-29T03:29:51","slug":"presentan-en-merida-the-food-capitals-by-delice-network","status":"publish","type":"post","link":"https:\/\/www.yucatanencorto.com\/noticias\/presentan-en-merida-the-food-capitals-by-delice-network\/","title":{"rendered":"Presentan en M\u00e9rida \u00abThe Food Capitals by D\u00e9lice Network\u00bb"},"content":{"rendered":"<p>&nbsp;<\/p>\n<p><img loading=\"lazy\" decoding=\"async\" class=\"alignnone size-full wp-image-110226\" src=\"https:\/\/www.yucatanencorto.com\/noticias\/wp-content\/uploads\/2024\/05\/IMG-20240528-WA0149-scaled.jpg\" alt=\"\" width=\"768\" height=\"512\" srcset=\"https:\/\/www.yucatanencorto.com\/noticias\/wp-content\/uploads\/2024\/05\/IMG-20240528-WA0149-scaled.jpg 768w, https:\/\/www.yucatanencorto.com\/noticias\/wp-content\/uploads\/2024\/05\/IMG-20240528-WA0149-1536x1023.jpg 1536w, https:\/\/www.yucatanencorto.com\/noticias\/wp-content\/uploads\/2024\/05\/IMG-20240528-WA0149-150x100.jpg 150w, https:\/\/www.yucatanencorto.com\/noticias\/wp-content\/uploads\/2024\/05\/IMG-20240528-WA0149-300x200.jpg 300w, https:\/\/www.yucatanencorto.com\/noticias\/wp-content\/uploads\/2024\/05\/IMG-20240528-WA0149-696x464.jpg 696w, https:\/\/www.yucatanencorto.com\/noticias\/wp-content\/uploads\/2024\/05\/IMG-20240528-WA0149-1068x712.jpg 1068w\" sizes=\"auto, (max-width: 768px) 100vw, 768px\" \/><\/p>\n<p>M\u00e9rida, Yucat\u00e1n, 28 de mayo de 2024.- En el marco de la Asamblea Anual de la Red Gastron\u00f3mica, \u00abD\u00e9lice Network\u00bb, se anunci\u00f3 la nueva marca e imagen de este organismo que ahora se conocer\u00e1 como \u00abThe Food Capitals\u00bb by D\u00e9lice Network.<\/p>\n<p>&nbsp;<\/p>\n<p>El objetivo de adecuar el nombre de esta organizaci\u00f3n tiene como objetivo principal el empoderamiento del concepto de la gastronom\u00eda y todo lo que implica como agente de desarrollo econ\u00f3mico, tur\u00edstico y social, en las ciudades que son miembros de este organismo.<\/p>\n<p>&nbsp;<\/p>\n<p>Anunciaron lo anterior en rueda de prensa el se\u00f1or Felipe Garc\u00eda y la se\u00f1ora Elisabetta Bernardini, presidente y directora, respectivamente, de D\u00e9lice Network, quienes aprovecharon su estancia en M\u00e9rida para dar a conocer este importante cambio de nombre e imagen.<\/p>\n<p>&nbsp;<\/p>\n<p>Elisabetta Bernardini explic\u00f3 que The Food Capitals by D\u00e9lice Network es una red profesional internacional dirigida a ciudades globales que se re\u00fanen para adquirir y compartir experiencias en los temas de alimentaci\u00f3n y gastronom\u00eda.<\/p>\n<p>&nbsp;<\/p>\n<p>\u00abLa red se utiliza como una poderosa herramienta para el desarrollo de cada ciudad miembro de esta asociaci\u00f3n y su objetivo es desarrollar competencias, la inspiraci\u00f3n y el intercambio de experiencias\u00bb, dijo.<\/p>\n<p>&nbsp;<\/p>\n<p>Asimismo, record\u00f3 que D\u00e9lice Network, nombre inicial de esta organizaci\u00f3n, fue fundada en 2007 en la ciudad de Lyon, Francia, y actualmente opera en 26 capitales mundiales de la alimentaci\u00f3n que utilizan los conceptos de comida y gastronom\u00eda para el desarrollo, la promoci\u00f3n y el bienestar responsable de dichas ciudades.<\/p>\n<p>&nbsp;<\/p>\n<p>Por su parte, Felipe Garc\u00eda, presidente del organismo y CEO de VisitTucson, abund\u00f3 sobre los objetivos de The Food Capitals by D\u00e9lice Network: \u00abEs un grupo de ciudades en el mundo que est\u00e1 buscando esa vocaci\u00f3n de la gastronom\u00eda como detonador del desarrollo econ\u00f3mico\u00bb.<\/p>\n<p>&nbsp;<\/p>\n<p>\u00abNo se trata solamente de pagar una membres\u00eda para estar en la lista, sino de demostrar que realmente se est\u00e1 trabajando en la ciudad para apoyar e impulsar la gastronom\u00eda como una manera de fortalecer a la comunidad. En el caso de M\u00e9rida, la ciudad a trav\u00e9s de sus autoridades, hizo la solicitud, misma que se someti\u00f3 a un an\u00e1lisis y posteriormente se aprob\u00f3 su ingreso, debido a la seriedad con la que se est\u00e1 trabajando en torno al tema gastron\u00f3mico\u00bb, dijo.<\/p>\n<p>&nbsp;<\/p>\n<p>En la rueda de prensa que se llev\u00f3 a cabo en el Centro Cultural Olimpo, el se\u00f1or Felipe Garc\u00eda y la se\u00f1ora Elisabetta Bernardini, presidente y directora, respectivamente, de The Food Capitals by D\u00e9lice Network, estuvieron acompa\u00f1ados por Jos\u00e9 Luis Mart\u00ednez Semerena, Director de Desarrollo Econ\u00f3mico y Turismo del Ayuntamiento de M\u00e9rida.<\/p>\n<p>&nbsp;<\/p>\n<p>Cabe se\u00f1alar que The Food Capitals by D\u00e9lice Network realiza en esta ciudad su asamblea anual del 27 al 30 de mayo, con representantes de m\u00e1s de 10 ciudades para intercambiar experiencias, ideas y propuestas integrales, tanto de impacto local como internacional, en torno a la gastronom\u00eda.<\/p>\n","protected":false},"excerpt":{"rendered":"<p>&nbsp; M\u00e9rida, Yucat\u00e1n, 28 de mayo de 2024.- En el marco de la Asamblea Anual de la Red Gastron\u00f3mica, \u00abD\u00e9lice Network\u00bb, se anunci\u00f3 la nueva marca e imagen de este organismo que ahora se conocer\u00e1 como \u00abThe Food Capitals\u00bb by D\u00e9lice Network. &nbsp; El objetivo de adecuar el nombre de esta organizaci\u00f3n tiene como objetivo [&hellip;]<\/p>\n","protected":false},"author":3,"featured_media":110226,"comment_status":"closed","ping_status":"closed","sticky":false,"template":"","format":"standard","meta":{"footnotes":""},"categories":[3],"tags":[],"class_list":{"0":"post-110225","1":"post","2":"type-post","3":"status-publish","4":"format-standard","5":"has-post-thumbnail","7":"category-yucatan"},"yoast_head":"<!-- This site is optimized with the Yoast SEO plugin v27.5 - https:\/\/yoast.com\/product\/yoast-seo-wordpress\/ -->\n<title>Presentan en M\u00e9rida &quot;The Food Capitals by D\u00e9lice Network&quot; - Yucat\u00e1n en corto<\/title>\n<meta name=\"robots\" content=\"index, follow, max-snippet:-1, max-image-preview:large, max-video-preview:-1\" \/>\n<link rel=\"canonical\" href=\"https:\/\/www.yucatanencorto.com\/noticias\/presentan-en-merida-the-food-capitals-by-delice-network\/\" \/>\n<meta property=\"og:locale\" content=\"es_ES\" \/>\n<meta property=\"og:type\" content=\"article\" \/>\n<meta property=\"og:title\" content=\"Presentan en M\u00e9rida &quot;The Food Capitals by D\u00e9lice Network&quot; - Yucat\u00e1n en corto\" \/>\n<meta property=\"og:description\" content=\"&nbsp; M\u00e9rida, Yucat\u00e1n, 28 de mayo de 2024.- En el marco de la Asamblea Anual de la Red Gastron\u00f3mica, \u00abD\u00e9lice Network\u00bb, se anunci\u00f3 la nueva marca e imagen de este organismo que ahora se conocer\u00e1 como \u00abThe Food Capitals\u00bb by D\u00e9lice Network. &nbsp; El objetivo de adecuar el nombre de esta organizaci\u00f3n tiene como objetivo [&hellip;]\" \/>\n<meta property=\"og:url\" content=\"https:\/\/www.yucatanencorto.com\/noticias\/presentan-en-merida-the-food-capitals-by-delice-network\/\" \/>\n<meta property=\"og:site_name\" content=\"Yucat\u00e1n en corto\" \/>\n<meta property=\"article:publisher\" content=\"http:\/\/www.facebook.com\/yucatanencorto\" \/>\n<meta property=\"article:published_time\" content=\"2024-05-29T03:29:51+00:00\" \/>\n<meta property=\"og:image\" content=\"https:\/\/www.yucatanencorto.com\/noticias\/wp-content\/uploads\/2024\/05\/IMG-20240528-WA0149-scaled.jpg\" \/>\n\t<meta property=\"og:image:width\" content=\"768\" \/>\n\t<meta property=\"og:image:height\" content=\"512\" \/>\n\t<meta property=\"og:image:type\" content=\"image\/jpeg\" \/>\n<meta name=\"author\" content=\"Redes\" \/>\n<meta name=\"twitter:card\" content=\"summary_large_image\" \/>\n<meta name=\"twitter:creator\" content=\"@yucatanencorto\" \/>\n<meta name=\"twitter:site\" content=\"@yucatanencorto\" \/>\n<meta name=\"twitter:label1\" content=\"Escrito por\" \/>\n\t<meta name=\"twitter:data1\" content=\"Redes\" \/>\n\t<meta name=\"twitter:label2\" content=\"Tiempo de lectura\" \/>\n\t<meta name=\"twitter:data2\" content=\"3 minutos\" \/>\n<script type=\"application\/ld+json\" class=\"yoast-schema-graph\">{\"@context\":\"https:\\\/\\\/schema.org\",\"@graph\":[{\"@type\":\"Article\",\"@id\":\"https:\\\/\\\/www.yucatanencorto.com\\\/noticias\\\/presentan-en-merida-the-food-capitals-by-delice-network\\\/#article\",\"isPartOf\":{\"@id\":\"https:\\\/\\\/www.yucatanencorto.com\\\/noticias\\\/presentan-en-merida-the-food-capitals-by-delice-network\\\/\"},\"author\":{\"name\":\"Redes\",\"@id\":\"https:\\\/\\\/www.yucatanencorto.com\\\/noticias\\\/#\\\/schema\\\/person\\\/e2fbdfaf30a07014a43940ce989f3119\"},\"headline\":\"Presentan en M\u00e9rida \u00abThe Food Capitals by D\u00e9lice Network\u00bb\",\"datePublished\":\"2024-05-29T03:29:51+00:00\",\"mainEntityOfPage\":{\"@id\":\"https:\\\/\\\/www.yucatanencorto.com\\\/noticias\\\/presentan-en-merida-the-food-capitals-by-delice-network\\\/\"},\"wordCount\":527,\"image\":{\"@id\":\"https:\\\/\\\/www.yucatanencorto.com\\\/noticias\\\/presentan-en-merida-the-food-capitals-by-delice-network\\\/#primaryimage\"},\"thumbnailUrl\":\"https:\\\/\\\/www.yucatanencorto.com\\\/noticias\\\/wp-content\\\/uploads\\\/2024\\\/05\\\/IMG-20240528-WA0149-scaled.jpg\",\"articleSection\":[\"Yucat\u00e1n\"],\"inLanguage\":\"es\"},{\"@type\":\"WebPage\",\"@id\":\"https:\\\/\\\/www.yucatanencorto.com\\\/noticias\\\/presentan-en-merida-the-food-capitals-by-delice-network\\\/\",\"url\":\"https:\\\/\\\/www.yucatanencorto.com\\\/noticias\\\/presentan-en-merida-the-food-capitals-by-delice-network\\\/\",\"name\":\"Presentan en M\u00e9rida \\\"The Food Capitals by D\u00e9lice Network\\\" - Yucat\u00e1n en corto\",\"isPartOf\":{\"@id\":\"https:\\\/\\\/www.yucatanencorto.com\\\/noticias\\\/#website\"},\"primaryImageOfPage\":{\"@id\":\"https:\\\/\\\/www.yucatanencorto.com\\\/noticias\\\/presentan-en-merida-the-food-capitals-by-delice-network\\\/#primaryimage\"},\"image\":{\"@id\":\"https:\\\/\\\/www.yucatanencorto.com\\\/noticias\\\/presentan-en-merida-the-food-capitals-by-delice-network\\\/#primaryimage\"},\"thumbnailUrl\":\"https:\\\/\\\/www.yucatanencorto.com\\\/noticias\\\/wp-content\\\/uploads\\\/2024\\\/05\\\/IMG-20240528-WA0149-scaled.jpg\",\"datePublished\":\"2024-05-29T03:29:51+00:00\",\"author\":{\"@id\":\"https:\\\/\\\/www.yucatanencorto.com\\\/noticias\\\/#\\\/schema\\\/person\\\/e2fbdfaf30a07014a43940ce989f3119\"},\"breadcrumb\":{\"@id\":\"https:\\\/\\\/www.yucatanencorto.com\\\/noticias\\\/presentan-en-merida-the-food-capitals-by-delice-network\\\/#breadcrumb\"},\"inLanguage\":\"es\",\"potentialAction\":[{\"@type\":\"ReadAction\",\"target\":[\"https:\\\/\\\/www.yucatanencorto.com\\\/noticias\\\/presentan-en-merida-the-food-capitals-by-delice-network\\\/\"]}]},{\"@type\":\"ImageObject\",\"inLanguage\":\"es\",\"@id\":\"https:\\\/\\\/www.yucatanencorto.com\\\/noticias\\\/presentan-en-merida-the-food-capitals-by-delice-network\\\/#primaryimage\",\"url\":\"https:\\\/\\\/www.yucatanencorto.com\\\/noticias\\\/wp-content\\\/uploads\\\/2024\\\/05\\\/IMG-20240528-WA0149-scaled.jpg\",\"contentUrl\":\"https:\\\/\\\/www.yucatanencorto.com\\\/noticias\\\/wp-content\\\/uploads\\\/2024\\\/05\\\/IMG-20240528-WA0149-scaled.jpg\",\"width\":768,\"height\":512},{\"@type\":\"BreadcrumbList\",\"@id\":\"https:\\\/\\\/www.yucatanencorto.com\\\/noticias\\\/presentan-en-merida-the-food-capitals-by-delice-network\\\/#breadcrumb\",\"itemListElement\":[{\"@type\":\"ListItem\",\"position\":1,\"name\":\"Portada\",\"item\":\"https:\\\/\\\/www.yucatanencorto.com\\\/noticias\\\/\"},{\"@type\":\"ListItem\",\"position\":2,\"name\":\"Presentan en M\u00e9rida \u00abThe Food Capitals by D\u00e9lice Network\u00bb\"}]},{\"@type\":\"WebSite\",\"@id\":\"https:\\\/\\\/www.yucatanencorto.com\\\/noticias\\\/#website\",\"url\":\"https:\\\/\\\/www.yucatanencorto.com\\\/noticias\\\/\",\"name\":\"Yucat\u00e1n en corto\",\"description\":\"Noticias\",\"potentialAction\":[{\"@type\":\"SearchAction\",\"target\":{\"@type\":\"EntryPoint\",\"urlTemplate\":\"https:\\\/\\\/www.yucatanencorto.com\\\/noticias\\\/?s={search_term_string}\"},\"query-input\":{\"@type\":\"PropertyValueSpecification\",\"valueRequired\":true,\"valueName\":\"search_term_string\"}}],\"inLanguage\":\"es\"},{\"@type\":\"Person\",\"@id\":\"https:\\\/\\\/www.yucatanencorto.com\\\/noticias\\\/#\\\/schema\\\/person\\\/e2fbdfaf30a07014a43940ce989f3119\",\"name\":\"Redes\",\"image\":{\"@type\":\"ImageObject\",\"inLanguage\":\"es\",\"@id\":\"https:\\\/\\\/secure.gravatar.com\\\/avatar\\\/5931a2d21dd7cc834f44c8c34fe56d90ed6d536ef452cbf870c7485b524dddd7?s=96&d=mm&r=g\",\"url\":\"https:\\\/\\\/secure.gravatar.com\\\/avatar\\\/5931a2d21dd7cc834f44c8c34fe56d90ed6d536ef452cbf870c7485b524dddd7?s=96&d=mm&r=g\",\"contentUrl\":\"https:\\\/\\\/secure.gravatar.com\\\/avatar\\\/5931a2d21dd7cc834f44c8c34fe56d90ed6d536ef452cbf870c7485b524dddd7?s=96&d=mm&r=g\",\"caption\":\"Redes\"},\"url\":\"https:\\\/\\\/www.yucatanencorto.com\\\/noticias\\\/author\\\/redes\\\/\"}]}<\/script>\n<!-- \/ Yoast SEO plugin. -->","yoast_head_json":{"title":"Presentan en M\u00e9rida \"The Food Capitals by D\u00e9lice Network\" - Yucat\u00e1n en corto","robots":{"index":"index","follow":"follow","max-snippet":"max-snippet:-1","max-image-preview":"max-image-preview:large","max-video-preview":"max-video-preview:-1"},"canonical":"https:\/\/www.yucatanencorto.com\/noticias\/presentan-en-merida-the-food-capitals-by-delice-network\/","og_locale":"es_ES","og_type":"article","og_title":"Presentan en M\u00e9rida \"The Food Capitals by D\u00e9lice Network\" - Yucat\u00e1n en corto","og_description":"&nbsp; M\u00e9rida, Yucat\u00e1n, 28 de mayo de 2024.- En el marco de la Asamblea Anual de la Red Gastron\u00f3mica, \u00abD\u00e9lice Network\u00bb, se anunci\u00f3 la nueva marca e imagen de este organismo que ahora se conocer\u00e1 como \u00abThe Food Capitals\u00bb by D\u00e9lice Network. &nbsp; El objetivo de adecuar el nombre de esta organizaci\u00f3n tiene como objetivo [&hellip;]","og_url":"https:\/\/www.yucatanencorto.com\/noticias\/presentan-en-merida-the-food-capitals-by-delice-network\/","og_site_name":"Yucat\u00e1n en corto","article_publisher":"http:\/\/www.facebook.com\/yucatanencorto","article_published_time":"2024-05-29T03:29:51+00:00","og_image":[{"width":768,"height":512,"url":"https:\/\/www.yucatanencorto.com\/noticias\/wp-content\/uploads\/2024\/05\/IMG-20240528-WA0149-scaled.jpg","type":"image\/jpeg"}],"author":"Redes","twitter_card":"summary_large_image","twitter_creator":"@yucatanencorto","twitter_site":"@yucatanencorto","twitter_misc":{"Escrito por":"Redes","Tiempo de lectura":"3 minutos"},"schema":{"@context":"https:\/\/schema.org","@graph":[{"@type":"Article","@id":"https:\/\/www.yucatanencorto.com\/noticias\/presentan-en-merida-the-food-capitals-by-delice-network\/#article","isPartOf":{"@id":"https:\/\/www.yucatanencorto.com\/noticias\/presentan-en-merida-the-food-capitals-by-delice-network\/"},"author":{"name":"Redes","@id":"https:\/\/www.yucatanencorto.com\/noticias\/#\/schema\/person\/e2fbdfaf30a07014a43940ce989f3119"},"headline":"Presentan en M\u00e9rida \u00abThe Food Capitals by D\u00e9lice Network\u00bb","datePublished":"2024-05-29T03:29:51+00:00","mainEntityOfPage":{"@id":"https:\/\/www.yucatanencorto.com\/noticias\/presentan-en-merida-the-food-capitals-by-delice-network\/"},"wordCount":527,"image":{"@id":"https:\/\/www.yucatanencorto.com\/noticias\/presentan-en-merida-the-food-capitals-by-delice-network\/#primaryimage"},"thumbnailUrl":"https:\/\/www.yucatanencorto.com\/noticias\/wp-content\/uploads\/2024\/05\/IMG-20240528-WA0149-scaled.jpg","articleSection":["Yucat\u00e1n"],"inLanguage":"es"},{"@type":"WebPage","@id":"https:\/\/www.yucatanencorto.com\/noticias\/presentan-en-merida-the-food-capitals-by-delice-network\/","url":"https:\/\/www.yucatanencorto.com\/noticias\/presentan-en-merida-the-food-capitals-by-delice-network\/","name":"Presentan en M\u00e9rida \"The Food Capitals by D\u00e9lice Network\" - Yucat\u00e1n en corto","isPartOf":{"@id":"https:\/\/www.yucatanencorto.com\/noticias\/#website"},"primaryImageOfPage":{"@id":"https:\/\/www.yucatanencorto.com\/noticias\/presentan-en-merida-the-food-capitals-by-delice-network\/#primaryimage"},"image":{"@id":"https:\/\/www.yucatanencorto.com\/noticias\/presentan-en-merida-the-food-capitals-by-delice-network\/#primaryimage"},"thumbnailUrl":"https:\/\/www.yucatanencorto.com\/noticias\/wp-content\/uploads\/2024\/05\/IMG-20240528-WA0149-scaled.jpg","datePublished":"2024-05-29T03:29:51+00:00","author":{"@id":"https:\/\/www.yucatanencorto.com\/noticias\/#\/schema\/person\/e2fbdfaf30a07014a43940ce989f3119"},"breadcrumb":{"@id":"https:\/\/www.yucatanencorto.com\/noticias\/presentan-en-merida-the-food-capitals-by-delice-network\/#breadcrumb"},"inLanguage":"es","potentialAction":[{"@type":"ReadAction","target":["https:\/\/www.yucatanencorto.com\/noticias\/presentan-en-merida-the-food-capitals-by-delice-network\/"]}]},{"@type":"ImageObject","inLanguage":"es","@id":"https:\/\/www.yucatanencorto.com\/noticias\/presentan-en-merida-the-food-capitals-by-delice-network\/#primaryimage","url":"https:\/\/www.yucatanencorto.com\/noticias\/wp-content\/uploads\/2024\/05\/IMG-20240528-WA0149-scaled.jpg","contentUrl":"https:\/\/www.yucatanencorto.com\/noticias\/wp-content\/uploads\/2024\/05\/IMG-20240528-WA0149-scaled.jpg","width":768,"height":512},{"@type":"BreadcrumbList","@id":"https:\/\/www.yucatanencorto.com\/noticias\/presentan-en-merida-the-food-capitals-by-delice-network\/#breadcrumb","itemListElement":[{"@type":"ListItem","position":1,"name":"Portada","item":"https:\/\/www.yucatanencorto.com\/noticias\/"},{"@type":"ListItem","position":2,"name":"Presentan en M\u00e9rida \u00abThe Food Capitals by D\u00e9lice Network\u00bb"}]},{"@type":"WebSite","@id":"https:\/\/www.yucatanencorto.com\/noticias\/#website","url":"https:\/\/www.yucatanencorto.com\/noticias\/","name":"Yucat\u00e1n en corto","description":"Noticias","potentialAction":[{"@type":"SearchAction","target":{"@type":"EntryPoint","urlTemplate":"https:\/\/www.yucatanencorto.com\/noticias\/?s={search_term_string}"},"query-input":{"@type":"PropertyValueSpecification","valueRequired":true,"valueName":"search_term_string"}}],"inLanguage":"es"},{"@type":"Person","@id":"https:\/\/www.yucatanencorto.com\/noticias\/#\/schema\/person\/e2fbdfaf30a07014a43940ce989f3119","name":"Redes","image":{"@type":"ImageObject","inLanguage":"es","@id":"https:\/\/secure.gravatar.com\/avatar\/5931a2d21dd7cc834f44c8c34fe56d90ed6d536ef452cbf870c7485b524dddd7?s=96&d=mm&r=g","url":"https:\/\/secure.gravatar.com\/avatar\/5931a2d21dd7cc834f44c8c34fe56d90ed6d536ef452cbf870c7485b524dddd7?s=96&d=mm&r=g","contentUrl":"https:\/\/secure.gravatar.com\/avatar\/5931a2d21dd7cc834f44c8c34fe56d90ed6d536ef452cbf870c7485b524dddd7?s=96&d=mm&r=g","caption":"Redes"},"url":"https:\/\/www.yucatanencorto.com\/noticias\/author\/redes\/"}]}},"_links":{"self":[{"href":"https:\/\/www.yucatanencorto.com\/noticias\/wp-json\/wp\/v2\/posts\/110225","targetHints":{"allow":["GET"]}}],"collection":[{"href":"https:\/\/www.yucatanencorto.com\/noticias\/wp-json\/wp\/v2\/posts"}],"about":[{"href":"https:\/\/www.yucatanencorto.com\/noticias\/wp-json\/wp\/v2\/types\/post"}],"author":[{"embeddable":true,"href":"https:\/\/www.yucatanencorto.com\/noticias\/wp-json\/wp\/v2\/users\/3"}],"replies":[{"embeddable":true,"href":"https:\/\/www.yucatanencorto.com\/noticias\/wp-json\/wp\/v2\/comments?post=110225"}],"version-history":[{"count":0,"href":"https:\/\/www.yucatanencorto.com\/noticias\/wp-json\/wp\/v2\/posts\/110225\/revisions"}],"wp:featuredmedia":[{"embeddable":true,"href":"https:\/\/www.yucatanencorto.com\/noticias\/wp-json\/wp\/v2\/media\/110226"}],"wp:attachment":[{"href":"https:\/\/www.yucatanencorto.com\/noticias\/wp-json\/wp\/v2\/media?parent=110225"}],"wp:term":[{"taxonomy":"category","embeddable":true,"href":"https:\/\/www.yucatanencorto.com\/noticias\/wp-json\/wp\/v2\/categories?post=110225"},{"taxonomy":"post_tag","embeddable":true,"href":"https:\/\/www.yucatanencorto.com\/noticias\/wp-json\/wp\/v2\/tags?post=110225"}],"curies":[{"name":"wp","href":"https:\/\/api.w.org\/{rel}","templated":true}]}}