{"id":110254,"date":"2024-05-31T17:21:38","date_gmt":"2024-05-31T23:21:38","guid":{"rendered":"https:\/\/www.yucatanencorto.com\/noticias\/?p=110254"},"modified":"2024-05-31T17:21:38","modified_gmt":"2024-05-31T23:21:38","slug":"concluye-el-segundo-periodo-ordinario-de-sesiones-correspondiente-al-tercer-de-ejercicio-constitucional","status":"publish","type":"post","link":"https:\/\/www.yucatanencorto.com\/noticias\/concluye-el-segundo-periodo-ordinario-de-sesiones-correspondiente-al-tercer-de-ejercicio-constitucional\/","title":{"rendered":"Concluye el Segundo Per\u00edodo Ordinario de Sesiones correspondiente al Tercer de Ejercicio Constitucional"},"content":{"rendered":"<p><img loading=\"lazy\" decoding=\"async\" class=\"alignnone size-full wp-image-110255\" src=\"https:\/\/www.yucatanencorto.com\/noticias\/wp-content\/uploads\/2024\/05\/IMG-20240531-WA0023-scaled.jpg\" alt=\"\" width=\"768\" height=\"512\" srcset=\"https:\/\/www.yucatanencorto.com\/noticias\/wp-content\/uploads\/2024\/05\/IMG-20240531-WA0023-scaled.jpg 768w, https:\/\/www.yucatanencorto.com\/noticias\/wp-content\/uploads\/2024\/05\/IMG-20240531-WA0023-150x100.jpg 150w, https:\/\/www.yucatanencorto.com\/noticias\/wp-content\/uploads\/2024\/05\/IMG-20240531-WA0023-300x200.jpg 300w, https:\/\/www.yucatanencorto.com\/noticias\/wp-content\/uploads\/2024\/05\/IMG-20240531-WA0023-696x464.jpg 696w, https:\/\/www.yucatanencorto.com\/noticias\/wp-content\/uploads\/2024\/05\/IMG-20240531-WA0023-1068x712.jpg 1068w\" sizes=\"auto, (max-width: 768px) 100vw, 768px\" \/><\/p>\n<p>M\u00e9rida, Yucat\u00e1n a 31 de mayo de 2024<\/p>\n<p>El presidente de la Junta de Gobierno y Coordinaci\u00f3n Pol\u00edtica del Congreso del Estado, diputado V\u00edctor Hugo Lozano Poveda hizo uso de la M\u00e1xima Tribuna para agradecer a las y los legisladores por el trabajo realizado durante estos casi tres a\u00f1os en la LXIII Legislatura, la cual se caracteriz\u00f3 por ser un Congreso de las mujeres, en donde la base de los an\u00e1lisis de las iniciativas y propuestas fue el di\u00e1logo y la suma de esfuerzos entre las fuerzas pol\u00edticas.<\/p>\n<p>&nbsp;<\/p>\n<p>\u201cAqu\u00ed en Yucat\u00e1n demostramos que hay otra forma de hacer pol\u00edtica, hicimos a un lado colores, pues nuestra responsabilidad es legislar para la sociedad logrando marcar un antes y un despu\u00e9s en temas prioritarios para Yucat\u00e1n, tal como lo es la seguridad\u201d, agreg\u00f3.<\/p>\n<p>&nbsp;<\/p>\n<p>La diputada Alejandra Novelo Segura reconoci\u00f3 la suma de esfuerzos para aprobar diversas iniciativas dejando a un lado los colores y las creencias partidistas y anteponiendo a las y los yucatecos.<\/p>\n<p>&nbsp;<\/p>\n<p>\u201cMe siento orgullosa de haber ingresado 15 iniciativas personales, 5 a nombre del Grupo Parlamentario y suscrib\u00ed otras 5 que ingresaron compa\u00f1eras y compa\u00f1eros de otras Fracciones Parlamentarias, en lo personal, dediqu\u00e9 mi trabajo legislativo a mejorar las condiciones de las mujeres, ni\u00f1as, ni\u00f1os y adolescentes\u201d, agreg\u00f3.<\/p>\n<p>&nbsp;<\/p>\n<p>Asimismo, el diputado Gaspar Quintal Parra asegur\u00f3 que la Fracci\u00f3n Legislativa del PRI debati\u00f3 y aprob\u00f3 iniciativas alcanzando consensos ante la diversidad de opiniones, presentando 58 iniciativas de las cuales 21 han sido aprobadas, 7 han reformado la Constituci\u00f3n, 11 reformas a nuevas leyes y 3 puntos de acuerdo.<\/p>\n<p>&nbsp;<\/p>\n<p>\u201cQuiero agradecer a cada una de mis compa\u00f1eras y compa\u00f1eros legisladores, por las coincidencias en las que nos hemos sumado, y en las discrepancias, hemos tenido que intensificar la discusi\u00f3n, demostrando que democracia es una realidad en Yucat\u00e1n\u201d, dijo.<\/p>\n<p>&nbsp;<\/p>\n<p>En su turno, la diputada Gabriela Gonz\u00e1lez Ojeda hizo una recapitulaci\u00f3n de lo que aconteci\u00f3 en la actual Legislatura, haciendo un llamado a continuar trabajando en lo que resta de la administraci\u00f3n.<\/p>\n<p>&nbsp;<\/p>\n<p>El diputado Rafael Echazarreta Torres destac\u00f3 que, al cierre de este per\u00edodo ordinario, el trabajo en conjunto da como resultado la seguridad, crecimiento y armon\u00eda, \u201cpor eso tenemos el Yucat\u00e1n de hoy, y es nuestra responsabilidad hist\u00f3rica m\u00e1s all\u00e1 de elementos partidistas, continuar trabajando en beneficio de la sociedad\u201d.<\/p>\n<p>&nbsp;<\/p>\n<p>La diputada Fabiola Loeza Novelo expres\u00f3 que durante estos tres a\u00f1os se caracteriz\u00f3 por ser una legisladora de territorio, de cercan\u00eda y ayuda mutua con las mujeres y hombres de todos los municipios de Yucat\u00e1n. \u201cHan sido tres a\u00f1os intensos, tres a\u00f1os que tuvimos la responsabilidad de cambiar el marco normativo yucateco en diversas aristas\u201d.<\/p>\n<p>&nbsp;<\/p>\n<p>Designan a la Comisi\u00f3n Instaladora y de Entrega Recepci\u00f3n y Diputaci\u00f3n Permanente<\/p>\n<p>&nbsp;<\/p>\n<p>Como parte del orden del d\u00eda, se llev\u00f3 a cabo la aprobaci\u00f3n de la Comisi\u00f3n Instaladora y de Entrega Recepci\u00f3n la cual se conformar\u00e1 de la siguiente manera: presidente, diputado V\u00edctor Hugo Lozano Poveda, secretaria, diputada Alejandra Novelo Segura y secretario, diputado Gaspar Quintal Parra.<\/p>\n<p>&nbsp;<\/p>\n<p>Como presidenta suplente, la diputada Carmen Gonz\u00e1lez Mart\u00edn, secretaria suplente, la diputada Rub\u00ed Be Chan y secretario suplente, diputado Rafael Echazarreta Torres.<\/p>\n<p>&nbsp;<\/p>\n<p>Asimismo, se design\u00f3 a los integrantes de la Diputaci\u00f3n Permanente que fungir\u00e1 durante el receso del Congreso del Estado, que abarca del 1 de junio al 31 de agosto.<\/p>\n<p>&nbsp;<\/p>\n<p>La Diputaci\u00f3n Permanente estar\u00e1 conformada de la siguiente manera: presidente, diputado Luis Fern\u00e1ndez Vidal, secretarias, diputadas Karla Salazar Gonz\u00e1lez y Rub\u00ed Be Chan.<\/p>\n<p>&nbsp;<\/p>\n<p>Como suplente presidente, el diputado Gaspar Quintal Parra y suplentes secretarias, las diputadas Dafne L\u00f3pez Osorio y Alejandra Novelo Segura.<\/p>\n<p>&nbsp;<\/p>\n<p>Esta se instal\u00f3 al t\u00e9rmino de la sesi\u00f3n ordinaria.<\/p>\n<p>&nbsp;<\/p>\n<p>Rinden protesta nuevos titulares<\/p>\n<p>&nbsp;<\/p>\n<p>En la plenaria, se llev\u00f3 a cabo la toma de compromiso de Mauricio Moreno Mendoza, como comisionado del Instituto Estatal de Transparencia, Acceso a la Informaci\u00f3n P\u00fablica y Protecci\u00f3n de Datos Personales (INAIP).<\/p>\n<p>&nbsp;<\/p>\n<p>Tambi\u00e9n, rindi\u00f3 compromiso \u00c1lvaro Juanes Laviada, como consejero de la Judicatura del Poder Judicial del Estado.<\/p>\n<p>&nbsp;<\/p>\n<p>Dict\u00e1menes aprobados<\/p>\n<p>&nbsp;<\/p>\n<p>Aprobaron el dictamen de la comisi\u00f3n de Justicia y Seguridad P\u00fablica para modificar el C\u00f3digo de Familia y la Ley de los Derechos de Ni\u00f1as, Ni\u00f1os y Adolescentes en materia de supervisi\u00f3n y cuidado de la ni\u00f1ez y adolescencia sujetos a tutela p\u00fablica por parte del estado.<\/p>\n<p>&nbsp;<\/p>\n<p>Tambi\u00e9n, para modificar el C\u00f3digo de Familia en materia de responsabilidad parental y el C\u00f3digo Penal en materia de feminicidio.<\/p>\n<p>&nbsp;<\/p>\n<p>De la comisi\u00f3n de Puntos Constitucionales y Gobernaci\u00f3n aprobaron el dictamen para modificar la Constituci\u00f3n en materia de responsabilidad pol\u00edtica.<\/p>\n<p>&nbsp;<\/p>\n<p>Asimismo, los dict\u00e1menes de las iniciativas para modificar la Ley de Catastro, la expedici\u00f3n de la Ley de Coordinaci\u00f3n Metropolitana, Desarrollo Regional y Asociatividad Intermunicipal; la modificaci\u00f3n de la Ley que crea el Instituto de Seguridad Jur\u00eddica Patrimonial y la Ley de Gobierno de los Municipios.<\/p>\n<p>&nbsp;<\/p>\n<p>Sobre el dictamen para modificar la Ley de Catastro, el diputado Rafael Echazarreta Torres expres\u00f3 que, al aprobarla, se regula los aspectos de tierra en el estado, dando certeza jur\u00eddica y seguridad a todas y todos los desarrolladores yucatecos.<\/p>\n<p>&nbsp;<\/p>\n<p>De igual manera, la propuesta de acuerdo para la expedici\u00f3n de la convocatoria para el foro de consulta en materia de representantes ind\u00edgenas mayas ante los ayuntamientos.<\/p>\n<p>&nbsp;<\/p>\n<p>La diputada Fabiola Loeza Novelo vot\u00f3 en contra de los dict\u00e1menes, pues asegur\u00f3 que hizo falta mayor an\u00e1lisis de las iniciativas y se hizo a un lado el parlamento abierto el cual no debe ser usado solamente para asuntos a modo, sino debe ejercerse para dar legitimidad a lo que se aprueba.<\/p>\n<p>&nbsp;<\/p>\n<p>Durante, la sesi\u00f3n aprobaron los dict\u00e1menes de la comisi\u00f3n de Desarrollo Econ\u00f3mico y Fomento al Empleo para reformar la Ley de Desarrollo Econ\u00f3mico y Fomento al Empleo sobre empresas respetuosas y promotoras de derechos humanos y en materia artesanal y la Ley de Emprendedores sobre el apoyo, promoci\u00f3n y desarrollo del emprendimiento.<\/p>\n<p>&nbsp;<\/p>\n<p>Al respecto, la diputada Karla Franco Blanco asegur\u00f3 que la aprobaci\u00f3n de estos dict\u00e1menes contribuye a brindar a las y los emprendedores, as\u00ed como a las y los artesanos instrumentos para consolidarse como agentes de desarrollo econ\u00f3mico del estado.<\/p>\n","protected":false},"excerpt":{"rendered":"<p>M\u00e9rida, Yucat\u00e1n a 31 de mayo de 2024 El presidente de la Junta de Gobierno y Coordinaci\u00f3n Pol\u00edtica del Congreso del Estado, diputado V\u00edctor Hugo Lozano Poveda hizo uso de la M\u00e1xima Tribuna para agradecer a las y los legisladores por el trabajo realizado durante estos casi tres a\u00f1os en la LXIII Legislatura, la cual [&hellip;]<\/p>\n","protected":false},"author":3,"featured_media":110255,"comment_status":"closed","ping_status":"closed","sticky":false,"template":"","format":"standard","meta":{"footnotes":""},"categories":[3],"tags":[],"class_list":{"0":"post-110254","1":"post","2":"type-post","3":"status-publish","4":"format-standard","5":"has-post-thumbnail","7":"category-yucatan"},"yoast_head":"<!-- This site is optimized with the Yoast SEO plugin v27.5 - https:\/\/yoast.com\/product\/yoast-seo-wordpress\/ -->\n<title>Concluye el Segundo Per\u00edodo Ordinario de Sesiones correspondiente al Tercer de Ejercicio Constitucional - Yucat\u00e1n en corto<\/title>\n<meta name=\"robots\" content=\"index, follow, max-snippet:-1, max-image-preview:large, max-video-preview:-1\" \/>\n<link rel=\"canonical\" href=\"https:\/\/www.yucatanencorto.com\/noticias\/concluye-el-segundo-periodo-ordinario-de-sesiones-correspondiente-al-tercer-de-ejercicio-constitucional\/\" \/>\n<meta property=\"og:locale\" content=\"es_ES\" \/>\n<meta property=\"og:type\" content=\"article\" \/>\n<meta property=\"og:title\" content=\"Concluye el Segundo Per\u00edodo Ordinario de Sesiones correspondiente al Tercer de Ejercicio Constitucional - Yucat\u00e1n en corto\" \/>\n<meta property=\"og:description\" content=\"M\u00e9rida, Yucat\u00e1n a 31 de mayo de 2024 El presidente de la Junta de Gobierno y Coordinaci\u00f3n Pol\u00edtica del Congreso del Estado, diputado V\u00edctor Hugo Lozano Poveda hizo uso de la M\u00e1xima Tribuna para agradecer a las y los legisladores por el trabajo realizado durante estos casi tres a\u00f1os en la LXIII Legislatura, la cual [&hellip;]\" \/>\n<meta property=\"og:url\" content=\"https:\/\/www.yucatanencorto.com\/noticias\/concluye-el-segundo-periodo-ordinario-de-sesiones-correspondiente-al-tercer-de-ejercicio-constitucional\/\" \/>\n<meta property=\"og:site_name\" content=\"Yucat\u00e1n en corto\" \/>\n<meta property=\"article:publisher\" content=\"http:\/\/www.facebook.com\/yucatanencorto\" \/>\n<meta property=\"article:published_time\" content=\"2024-05-31T23:21:38+00:00\" \/>\n<meta property=\"og:image\" content=\"https:\/\/www.yucatanencorto.com\/noticias\/wp-content\/uploads\/2024\/05\/IMG-20240531-WA0023-scaled.jpg\" \/>\n\t<meta property=\"og:image:width\" content=\"768\" \/>\n\t<meta property=\"og:image:height\" content=\"512\" \/>\n\t<meta property=\"og:image:type\" content=\"image\/jpeg\" \/>\n<meta name=\"author\" content=\"Redes\" \/>\n<meta name=\"twitter:card\" content=\"summary_large_image\" \/>\n<meta name=\"twitter:creator\" content=\"@yucatanencorto\" \/>\n<meta name=\"twitter:site\" content=\"@yucatanencorto\" \/>\n<meta name=\"twitter:label1\" content=\"Escrito por\" \/>\n\t<meta name=\"twitter:data1\" content=\"Redes\" \/>\n\t<meta name=\"twitter:label2\" content=\"Tiempo de lectura\" \/>\n\t<meta name=\"twitter:data2\" content=\"5 minutos\" \/>\n<script type=\"application\/ld+json\" class=\"yoast-schema-graph\">{\"@context\":\"https:\\\/\\\/schema.org\",\"@graph\":[{\"@type\":\"Article\",\"@id\":\"https:\\\/\\\/www.yucatanencorto.com\\\/noticias\\\/concluye-el-segundo-periodo-ordinario-de-sesiones-correspondiente-al-tercer-de-ejercicio-constitucional\\\/#article\",\"isPartOf\":{\"@id\":\"https:\\\/\\\/www.yucatanencorto.com\\\/noticias\\\/concluye-el-segundo-periodo-ordinario-de-sesiones-correspondiente-al-tercer-de-ejercicio-constitucional\\\/\"},\"author\":{\"name\":\"Redes\",\"@id\":\"https:\\\/\\\/www.yucatanencorto.com\\\/noticias\\\/#\\\/schema\\\/person\\\/e2fbdfaf30a07014a43940ce989f3119\"},\"headline\":\"Concluye el Segundo Per\u00edodo Ordinario de Sesiones correspondiente al Tercer de Ejercicio Constitucional\",\"datePublished\":\"2024-05-31T23:21:38+00:00\",\"mainEntityOfPage\":{\"@id\":\"https:\\\/\\\/www.yucatanencorto.com\\\/noticias\\\/concluye-el-segundo-periodo-ordinario-de-sesiones-correspondiente-al-tercer-de-ejercicio-constitucional\\\/\"},\"wordCount\":1113,\"image\":{\"@id\":\"https:\\\/\\\/www.yucatanencorto.com\\\/noticias\\\/concluye-el-segundo-periodo-ordinario-de-sesiones-correspondiente-al-tercer-de-ejercicio-constitucional\\\/#primaryimage\"},\"thumbnailUrl\":\"https:\\\/\\\/www.yucatanencorto.com\\\/noticias\\\/wp-content\\\/uploads\\\/2024\\\/05\\\/IMG-20240531-WA0023-scaled.jpg\",\"articleSection\":[\"Yucat\u00e1n\"],\"inLanguage\":\"es\"},{\"@type\":\"WebPage\",\"@id\":\"https:\\\/\\\/www.yucatanencorto.com\\\/noticias\\\/concluye-el-segundo-periodo-ordinario-de-sesiones-correspondiente-al-tercer-de-ejercicio-constitucional\\\/\",\"url\":\"https:\\\/\\\/www.yucatanencorto.com\\\/noticias\\\/concluye-el-segundo-periodo-ordinario-de-sesiones-correspondiente-al-tercer-de-ejercicio-constitucional\\\/\",\"name\":\"Concluye el Segundo Per\u00edodo Ordinario de Sesiones correspondiente al Tercer de Ejercicio Constitucional - Yucat\u00e1n en corto\",\"isPartOf\":{\"@id\":\"https:\\\/\\\/www.yucatanencorto.com\\\/noticias\\\/#website\"},\"primaryImageOfPage\":{\"@id\":\"https:\\\/\\\/www.yucatanencorto.com\\\/noticias\\\/concluye-el-segundo-periodo-ordinario-de-sesiones-correspondiente-al-tercer-de-ejercicio-constitucional\\\/#primaryimage\"},\"image\":{\"@id\":\"https:\\\/\\\/www.yucatanencorto.com\\\/noticias\\\/concluye-el-segundo-periodo-ordinario-de-sesiones-correspondiente-al-tercer-de-ejercicio-constitucional\\\/#primaryimage\"},\"thumbnailUrl\":\"https:\\\/\\\/www.yucatanencorto.com\\\/noticias\\\/wp-content\\\/uploads\\\/2024\\\/05\\\/IMG-20240531-WA0023-scaled.jpg\",\"datePublished\":\"2024-05-31T23:21:38+00:00\",\"author\":{\"@id\":\"https:\\\/\\\/www.yucatanencorto.com\\\/noticias\\\/#\\\/schema\\\/person\\\/e2fbdfaf30a07014a43940ce989f3119\"},\"breadcrumb\":{\"@id\":\"https:\\\/\\\/www.yucatanencorto.com\\\/noticias\\\/concluye-el-segundo-periodo-ordinario-de-sesiones-correspondiente-al-tercer-de-ejercicio-constitucional\\\/#breadcrumb\"},\"inLanguage\":\"es\",\"potentialAction\":[{\"@type\":\"ReadAction\",\"target\":[\"https:\\\/\\\/www.yucatanencorto.com\\\/noticias\\\/concluye-el-segundo-periodo-ordinario-de-sesiones-correspondiente-al-tercer-de-ejercicio-constitucional\\\/\"]}]},{\"@type\":\"ImageObject\",\"inLanguage\":\"es\",\"@id\":\"https:\\\/\\\/www.yucatanencorto.com\\\/noticias\\\/concluye-el-segundo-periodo-ordinario-de-sesiones-correspondiente-al-tercer-de-ejercicio-constitucional\\\/#primaryimage\",\"url\":\"https:\\\/\\\/www.yucatanencorto.com\\\/noticias\\\/wp-content\\\/uploads\\\/2024\\\/05\\\/IMG-20240531-WA0023-scaled.jpg\",\"contentUrl\":\"https:\\\/\\\/www.yucatanencorto.com\\\/noticias\\\/wp-content\\\/uploads\\\/2024\\\/05\\\/IMG-20240531-WA0023-scaled.jpg\",\"width\":768,\"height\":512},{\"@type\":\"BreadcrumbList\",\"@id\":\"https:\\\/\\\/www.yucatanencorto.com\\\/noticias\\\/concluye-el-segundo-periodo-ordinario-de-sesiones-correspondiente-al-tercer-de-ejercicio-constitucional\\\/#breadcrumb\",\"itemListElement\":[{\"@type\":\"ListItem\",\"position\":1,\"name\":\"Portada\",\"item\":\"https:\\\/\\\/www.yucatanencorto.com\\\/noticias\\\/\"},{\"@type\":\"ListItem\",\"position\":2,\"name\":\"Concluye el Segundo Per\u00edodo Ordinario de Sesiones correspondiente al Tercer de Ejercicio Constitucional\"}]},{\"@type\":\"WebSite\",\"@id\":\"https:\\\/\\\/www.yucatanencorto.com\\\/noticias\\\/#website\",\"url\":\"https:\\\/\\\/www.yucatanencorto.com\\\/noticias\\\/\",\"name\":\"Yucat\u00e1n en corto\",\"description\":\"Noticias\",\"potentialAction\":[{\"@type\":\"SearchAction\",\"target\":{\"@type\":\"EntryPoint\",\"urlTemplate\":\"https:\\\/\\\/www.yucatanencorto.com\\\/noticias\\\/?s={search_term_string}\"},\"query-input\":{\"@type\":\"PropertyValueSpecification\",\"valueRequired\":true,\"valueName\":\"search_term_string\"}}],\"inLanguage\":\"es\"},{\"@type\":\"Person\",\"@id\":\"https:\\\/\\\/www.yucatanencorto.com\\\/noticias\\\/#\\\/schema\\\/person\\\/e2fbdfaf30a07014a43940ce989f3119\",\"name\":\"Redes\",\"image\":{\"@type\":\"ImageObject\",\"inLanguage\":\"es\",\"@id\":\"https:\\\/\\\/secure.gravatar.com\\\/avatar\\\/5931a2d21dd7cc834f44c8c34fe56d90ed6d536ef452cbf870c7485b524dddd7?s=96&d=mm&r=g\",\"url\":\"https:\\\/\\\/secure.gravatar.com\\\/avatar\\\/5931a2d21dd7cc834f44c8c34fe56d90ed6d536ef452cbf870c7485b524dddd7?s=96&d=mm&r=g\",\"contentUrl\":\"https:\\\/\\\/secure.gravatar.com\\\/avatar\\\/5931a2d21dd7cc834f44c8c34fe56d90ed6d536ef452cbf870c7485b524dddd7?s=96&d=mm&r=g\",\"caption\":\"Redes\"},\"url\":\"https:\\\/\\\/www.yucatanencorto.com\\\/noticias\\\/author\\\/redes\\\/\"}]}<\/script>\n<!-- \/ Yoast SEO plugin. -->","yoast_head_json":{"title":"Concluye el Segundo Per\u00edodo Ordinario de Sesiones correspondiente al Tercer de Ejercicio Constitucional - Yucat\u00e1n en corto","robots":{"index":"index","follow":"follow","max-snippet":"max-snippet:-1","max-image-preview":"max-image-preview:large","max-video-preview":"max-video-preview:-1"},"canonical":"https:\/\/www.yucatanencorto.com\/noticias\/concluye-el-segundo-periodo-ordinario-de-sesiones-correspondiente-al-tercer-de-ejercicio-constitucional\/","og_locale":"es_ES","og_type":"article","og_title":"Concluye el Segundo Per\u00edodo Ordinario de Sesiones correspondiente al Tercer de Ejercicio Constitucional - Yucat\u00e1n en corto","og_description":"M\u00e9rida, Yucat\u00e1n a 31 de mayo de 2024 El presidente de la Junta de Gobierno y Coordinaci\u00f3n Pol\u00edtica del Congreso del Estado, diputado V\u00edctor Hugo Lozano Poveda hizo uso de la M\u00e1xima Tribuna para agradecer a las y los legisladores por el trabajo realizado durante estos casi tres a\u00f1os en la LXIII Legislatura, la cual [&hellip;]","og_url":"https:\/\/www.yucatanencorto.com\/noticias\/concluye-el-segundo-periodo-ordinario-de-sesiones-correspondiente-al-tercer-de-ejercicio-constitucional\/","og_site_name":"Yucat\u00e1n en corto","article_publisher":"http:\/\/www.facebook.com\/yucatanencorto","article_published_time":"2024-05-31T23:21:38+00:00","og_image":[{"width":768,"height":512,"url":"https:\/\/www.yucatanencorto.com\/noticias\/wp-content\/uploads\/2024\/05\/IMG-20240531-WA0023-scaled.jpg","type":"image\/jpeg"}],"author":"Redes","twitter_card":"summary_large_image","twitter_creator":"@yucatanencorto","twitter_site":"@yucatanencorto","twitter_misc":{"Escrito por":"Redes","Tiempo de lectura":"5 minutos"},"schema":{"@context":"https:\/\/schema.org","@graph":[{"@type":"Article","@id":"https:\/\/www.yucatanencorto.com\/noticias\/concluye-el-segundo-periodo-ordinario-de-sesiones-correspondiente-al-tercer-de-ejercicio-constitucional\/#article","isPartOf":{"@id":"https:\/\/www.yucatanencorto.com\/noticias\/concluye-el-segundo-periodo-ordinario-de-sesiones-correspondiente-al-tercer-de-ejercicio-constitucional\/"},"author":{"name":"Redes","@id":"https:\/\/www.yucatanencorto.com\/noticias\/#\/schema\/person\/e2fbdfaf30a07014a43940ce989f3119"},"headline":"Concluye el Segundo Per\u00edodo Ordinario de Sesiones correspondiente al Tercer de Ejercicio Constitucional","datePublished":"2024-05-31T23:21:38+00:00","mainEntityOfPage":{"@id":"https:\/\/www.yucatanencorto.com\/noticias\/concluye-el-segundo-periodo-ordinario-de-sesiones-correspondiente-al-tercer-de-ejercicio-constitucional\/"},"wordCount":1113,"image":{"@id":"https:\/\/www.yucatanencorto.com\/noticias\/concluye-el-segundo-periodo-ordinario-de-sesiones-correspondiente-al-tercer-de-ejercicio-constitucional\/#primaryimage"},"thumbnailUrl":"https:\/\/www.yucatanencorto.com\/noticias\/wp-content\/uploads\/2024\/05\/IMG-20240531-WA0023-scaled.jpg","articleSection":["Yucat\u00e1n"],"inLanguage":"es"},{"@type":"WebPage","@id":"https:\/\/www.yucatanencorto.com\/noticias\/concluye-el-segundo-periodo-ordinario-de-sesiones-correspondiente-al-tercer-de-ejercicio-constitucional\/","url":"https:\/\/www.yucatanencorto.com\/noticias\/concluye-el-segundo-periodo-ordinario-de-sesiones-correspondiente-al-tercer-de-ejercicio-constitucional\/","name":"Concluye el Segundo Per\u00edodo Ordinario de Sesiones correspondiente al Tercer de Ejercicio Constitucional - Yucat\u00e1n en corto","isPartOf":{"@id":"https:\/\/www.yucatanencorto.com\/noticias\/#website"},"primaryImageOfPage":{"@id":"https:\/\/www.yucatanencorto.com\/noticias\/concluye-el-segundo-periodo-ordinario-de-sesiones-correspondiente-al-tercer-de-ejercicio-constitucional\/#primaryimage"},"image":{"@id":"https:\/\/www.yucatanencorto.com\/noticias\/concluye-el-segundo-periodo-ordinario-de-sesiones-correspondiente-al-tercer-de-ejercicio-constitucional\/#primaryimage"},"thumbnailUrl":"https:\/\/www.yucatanencorto.com\/noticias\/wp-content\/uploads\/2024\/05\/IMG-20240531-WA0023-scaled.jpg","datePublished":"2024-05-31T23:21:38+00:00","author":{"@id":"https:\/\/www.yucatanencorto.com\/noticias\/#\/schema\/person\/e2fbdfaf30a07014a43940ce989f3119"},"breadcrumb":{"@id":"https:\/\/www.yucatanencorto.com\/noticias\/concluye-el-segundo-periodo-ordinario-de-sesiones-correspondiente-al-tercer-de-ejercicio-constitucional\/#breadcrumb"},"inLanguage":"es","potentialAction":[{"@type":"ReadAction","target":["https:\/\/www.yucatanencorto.com\/noticias\/concluye-el-segundo-periodo-ordinario-de-sesiones-correspondiente-al-tercer-de-ejercicio-constitucional\/"]}]},{"@type":"ImageObject","inLanguage":"es","@id":"https:\/\/www.yucatanencorto.com\/noticias\/concluye-el-segundo-periodo-ordinario-de-sesiones-correspondiente-al-tercer-de-ejercicio-constitucional\/#primaryimage","url":"https:\/\/www.yucatanencorto.com\/noticias\/wp-content\/uploads\/2024\/05\/IMG-20240531-WA0023-scaled.jpg","contentUrl":"https:\/\/www.yucatanencorto.com\/noticias\/wp-content\/uploads\/2024\/05\/IMG-20240531-WA0023-scaled.jpg","width":768,"height":512},{"@type":"BreadcrumbList","@id":"https:\/\/www.yucatanencorto.com\/noticias\/concluye-el-segundo-periodo-ordinario-de-sesiones-correspondiente-al-tercer-de-ejercicio-constitucional\/#breadcrumb","itemListElement":[{"@type":"ListItem","position":1,"name":"Portada","item":"https:\/\/www.yucatanencorto.com\/noticias\/"},{"@type":"ListItem","position":2,"name":"Concluye el Segundo Per\u00edodo Ordinario de Sesiones correspondiente al Tercer de Ejercicio Constitucional"}]},{"@type":"WebSite","@id":"https:\/\/www.yucatanencorto.com\/noticias\/#website","url":"https:\/\/www.yucatanencorto.com\/noticias\/","name":"Yucat\u00e1n en corto","description":"Noticias","potentialAction":[{"@type":"SearchAction","target":{"@type":"EntryPoint","urlTemplate":"https:\/\/www.yucatanencorto.com\/noticias\/?s={search_term_string}"},"query-input":{"@type":"PropertyValueSpecification","valueRequired":true,"valueName":"search_term_string"}}],"inLanguage":"es"},{"@type":"Person","@id":"https:\/\/www.yucatanencorto.com\/noticias\/#\/schema\/person\/e2fbdfaf30a07014a43940ce989f3119","name":"Redes","image":{"@type":"ImageObject","inLanguage":"es","@id":"https:\/\/secure.gravatar.com\/avatar\/5931a2d21dd7cc834f44c8c34fe56d90ed6d536ef452cbf870c7485b524dddd7?s=96&d=mm&r=g","url":"https:\/\/secure.gravatar.com\/avatar\/5931a2d21dd7cc834f44c8c34fe56d90ed6d536ef452cbf870c7485b524dddd7?s=96&d=mm&r=g","contentUrl":"https:\/\/secure.gravatar.com\/avatar\/5931a2d21dd7cc834f44c8c34fe56d90ed6d536ef452cbf870c7485b524dddd7?s=96&d=mm&r=g","caption":"Redes"},"url":"https:\/\/www.yucatanencorto.com\/noticias\/author\/redes\/"}]}},"_links":{"self":[{"href":"https:\/\/www.yucatanencorto.com\/noticias\/wp-json\/wp\/v2\/posts\/110254","targetHints":{"allow":["GET"]}}],"collection":[{"href":"https:\/\/www.yucatanencorto.com\/noticias\/wp-json\/wp\/v2\/posts"}],"about":[{"href":"https:\/\/www.yucatanencorto.com\/noticias\/wp-json\/wp\/v2\/types\/post"}],"author":[{"embeddable":true,"href":"https:\/\/www.yucatanencorto.com\/noticias\/wp-json\/wp\/v2\/users\/3"}],"replies":[{"embeddable":true,"href":"https:\/\/www.yucatanencorto.com\/noticias\/wp-json\/wp\/v2\/comments?post=110254"}],"version-history":[{"count":0,"href":"https:\/\/www.yucatanencorto.com\/noticias\/wp-json\/wp\/v2\/posts\/110254\/revisions"}],"wp:featuredmedia":[{"embeddable":true,"href":"https:\/\/www.yucatanencorto.com\/noticias\/wp-json\/wp\/v2\/media\/110255"}],"wp:attachment":[{"href":"https:\/\/www.yucatanencorto.com\/noticias\/wp-json\/wp\/v2\/media?parent=110254"}],"wp:term":[{"taxonomy":"category","embeddable":true,"href":"https:\/\/www.yucatanencorto.com\/noticias\/wp-json\/wp\/v2\/categories?post=110254"},{"taxonomy":"post_tag","embeddable":true,"href":"https:\/\/www.yucatanencorto.com\/noticias\/wp-json\/wp\/v2\/tags?post=110254"}],"curies":[{"name":"wp","href":"https:\/\/api.w.org\/{rel}","templated":true}]}}