{"id":110269,"date":"2024-06-04T18:33:25","date_gmt":"2024-06-05T00:33:25","guid":{"rendered":"https:\/\/www.yucatanencorto.com\/noticias\/?p=110269"},"modified":"2024-06-04T18:33:25","modified_gmt":"2024-06-05T00:33:25","slug":"el-ayuntamiento-de-merida-fortalece-el-bienestar-animal-en-el-municipio","status":"publish","type":"post","link":"https:\/\/www.yucatanencorto.com\/noticias\/el-ayuntamiento-de-merida-fortalece-el-bienestar-animal-en-el-municipio\/","title":{"rendered":"El Ayuntamiento de M\u00e9rida fortalece el bienestar animal en el Municipio"},"content":{"rendered":"<p><img loading=\"lazy\" decoding=\"async\" class=\"alignnone size-full wp-image-110270\" src=\"https:\/\/www.yucatanencorto.com\/noticias\/wp-content\/uploads\/2024\/06\/IMG-20240604-WA0035-scaled.jpg\" alt=\"\" width=\"768\" height=\"512\" srcset=\"https:\/\/www.yucatanencorto.com\/noticias\/wp-content\/uploads\/2024\/06\/IMG-20240604-WA0035-scaled.jpg 768w, https:\/\/www.yucatanencorto.com\/noticias\/wp-content\/uploads\/2024\/06\/IMG-20240604-WA0035-150x100.jpg 150w, https:\/\/www.yucatanencorto.com\/noticias\/wp-content\/uploads\/2024\/06\/IMG-20240604-WA0035-300x200.jpg 300w, https:\/\/www.yucatanencorto.com\/noticias\/wp-content\/uploads\/2024\/06\/IMG-20240604-WA0035-696x464.jpg 696w, https:\/\/www.yucatanencorto.com\/noticias\/wp-content\/uploads\/2024\/06\/IMG-20240604-WA0035-1068x712.jpg 1068w\" sizes=\"auto, (max-width: 768px) 100vw, 768px\" \/><\/p>\n<p>M\u00e9rida, Yucat\u00e1n, 4 de junio de 2024.- La protecci\u00f3n de nuestra fauna dom\u00e9stica es un claro ejemplo de la colaboraci\u00f3n entre el gobierno y la sociedad civil que se manifiesta en la promoci\u00f3n del bienestar animal en nuestro municipio, asegur\u00f3 el Alcalde Alejandro Ruz Castro.<\/p>\n<p>&nbsp;<\/p>\n<p>Al encabezar la entrega de apoyos alimentarios a 7 asociaciones y 26 rescatistas de perros y gatos, el Presidente Municipal destac\u00f3 el compromiso y la labor incansable que desempe\u00f1an las agrupaciones civiles en el Municipio para mejorar las condiciones de los animales en situaci\u00f3n de calle, brind\u00e1ndoles la atenci\u00f3n que necesitan.<\/p>\n<p>&nbsp;<\/p>\n<p>Acompa\u00f1ado de su esposa Ver\u00f3nica Cetina Arjona, Presidenta del DIF Municipal, Ruz Castro record\u00f3 que en febrero pasado se puso en marcha el programa \u201cAlianza Bienestar Animal\u201d para apoyar a las personas morales sin fines de lucro o personas f\u00edsicas que cuenten con un albergue y se dediquen al cuidado y resguardo de perros y gatos en situaci\u00f3n de calle o abandono.<\/p>\n<p>&nbsp;<\/p>\n<p>\u201cHay mucho a\u00fan por hacer, pero con estos apoyos estamos dando los pasos correctos hacia una ciudad que procura a quienes, desde una responsabilidad particular, suman esfuerzos con su Ayuntamiento en la atenci\u00f3n a nuestra fauna dom\u00e9stica\u201d, dijo.<\/p>\n<p>&nbsp;<\/p>\n<p>Al respecto, Carolina Rojas Sotelo, rescatista de la agrupaci\u00f3n \u201cPerritos Las Am\u00e9ricas Mid\u201d, mencion\u00f3 que la entrega de apoyos alimentarios, as\u00ed como el impulso de otras acciones a favor del cuidado de la fauna, demuestra el compromiso del gobierno municipal por consolidar el bienestar animal en el Municipio.<\/p>\n<p>&nbsp;<\/p>\n<p>\u201cLa situaci\u00f3n de los perros y gatos ahorita es muy complicada. Yo siento que trabajando juntos entre autoridades, personas, rescatistas, vecinos y comunidad, yo siento que se puede hacer un cambio\u201d, expres\u00f3.<\/p>\n<p>&nbsp;<\/p>\n<p>Asimismo, dijo que el apoyo recibido representa un ahorro importante para las agrupaciones beneficiadas como \u201cPerritos Las Am\u00e9ricas Mid\u201d, que se dedica principalmente a la esterilizaci\u00f3n de perros y gatos en situaci\u00f3n de calle para evitar su sobrepoblaci\u00f3n.<\/p>\n<p>&nbsp;<\/p>\n<p>Marco Rodr\u00edguez, representante del albergue \u201cPatitas Felinas Mid\u201d, reconoci\u00f3 la importancia de que desde el ayuntamiento se impulsen pol\u00edticas p\u00fablicas que cuiden y protejan a los animales, especialmente a los m\u00e1s vulnerables.<\/p>\n<p>&nbsp;<\/p>\n<p>\u201cPatitas felinas es un refugio exclusivamente para gatos y han sido 4 a\u00f1os de hacer un esfuerzo b\u00e1sicamente solos; estoy muy contento de saber que hay gente comprometida que nos est\u00e1 brindando una mano. Muchas gracias por este gran apoyo, estoy seguro de que podemos hacer grandes cosas dentro de nuestro entorno\u201d, manifest\u00f3.<\/p>\n<p>&nbsp;<\/p>\n<p>En su intervenci\u00f3n, el Alcalde record\u00f3 que para complementar este programa, el ayuntamiento recientemente puso en marcha el \u201cRegistro Municipal de Animales de Compa\u00f1\u00eda\u201d (REMAC), que a la fecha ha recibido m\u00e1s de mil inscripciones y ya cuenta con un registro de 400 animales.<\/p>\n<p>&nbsp;<\/p>\n<p>Agreg\u00f3 que el M\u00f3dulo de Atenci\u00f3n Veterinaria Peek Park, ubicado en el fraccionamiento Juan Pablo II, as\u00ed como el programa \u00a1Adopta A Un Amigo! para perritos y gatitos que fueron abandonados en la calle o entregados directamente al Centro Municipal de Atenci\u00f3n Animal (CEMAA), son otras de las acciones y programas con los que cuenta el Ayuntamiento de M\u00e9rida.<\/p>\n<p>&nbsp;<\/p>\n<p>A su vez, Alejandra Bolio Rojas, directora de la Unidad de Desarrollo Sustentable (UDS), mencion\u00f3 que a trav\u00e9s del programa \u201cAlianza Bienestar Animal\u201d, el ayuntamiento responde y se solidariza con la labor que realizan las agrupaciones sin fines de lucro a favor del bienestar animal.<\/p>\n<p>&nbsp;<\/p>\n<p>\u201cDesde el Ayuntamiento de M\u00e9rida y el Consejo Consultivo hemos venido trabajando desde los \u00faltimos 3 a\u00f1os de manera importante en las diferentes \u00e1reas que para nosotros representa garantizar el bienestar y la salud animal, uno de ellos definitivamente y un brazo muy fuerte para esta ciudad es la labor que realizan los albergues y las y los rescatistas porque realmente es una labor de compromiso de dedicaci\u00f3n y de vida\u201d, se\u00f1al\u00f3.<\/p>\n<p>&nbsp;<\/p>\n<p>Adem\u00e1s de los apoyos alimentarios, el Ayuntamiento tambi\u00e9n entreg\u00f3 kits con insumos como b\u00e1scula, toallas, escobas, cepillos, cortau\u00f1as, palas, recogedor, correas y bolsas de basura.<\/p>\n<p>&nbsp;<\/p>\n<p>Finalmente, al evento realizado en el Centro Municipal de Atenci\u00f3n Animal, acudi\u00f3 la s\u00edndica municipal, Diana Canto Moreno y la Regidora Presidenta de la Comisi\u00f3n de Sustentabilidad, Pamela Coello Mena.<\/p>\n","protected":false},"excerpt":{"rendered":"<p>M\u00e9rida, Yucat\u00e1n, 4 de junio de 2024.- La protecci\u00f3n de nuestra fauna dom\u00e9stica es un claro ejemplo de la colaboraci\u00f3n entre el gobierno y la sociedad civil que se manifiesta en la promoci\u00f3n del bienestar animal en nuestro municipio, asegur\u00f3 el Alcalde Alejandro Ruz Castro. &nbsp; Al encabezar la entrega de apoyos alimentarios a 7 [&hellip;]<\/p>\n","protected":false},"author":3,"featured_media":110270,"comment_status":"closed","ping_status":"closed","sticky":false,"template":"","format":"standard","meta":{"footnotes":""},"categories":[3],"tags":[],"class_list":{"0":"post-110269","1":"post","2":"type-post","3":"status-publish","4":"format-standard","5":"has-post-thumbnail","7":"category-yucatan"},"yoast_head":"<!-- This site is optimized with the Yoast SEO plugin v27.5 - https:\/\/yoast.com\/product\/yoast-seo-wordpress\/ -->\n<title>El Ayuntamiento de M\u00e9rida fortalece el bienestar animal en el Municipio - Yucat\u00e1n en corto<\/title>\n<meta name=\"robots\" content=\"index, follow, max-snippet:-1, max-image-preview:large, max-video-preview:-1\" \/>\n<link rel=\"canonical\" href=\"https:\/\/www.yucatanencorto.com\/noticias\/el-ayuntamiento-de-merida-fortalece-el-bienestar-animal-en-el-municipio\/\" \/>\n<meta property=\"og:locale\" content=\"es_ES\" \/>\n<meta property=\"og:type\" content=\"article\" \/>\n<meta property=\"og:title\" content=\"El Ayuntamiento de M\u00e9rida fortalece el bienestar animal en el Municipio - Yucat\u00e1n en corto\" \/>\n<meta property=\"og:description\" content=\"M\u00e9rida, Yucat\u00e1n, 4 de junio de 2024.- La protecci\u00f3n de nuestra fauna dom\u00e9stica es un claro ejemplo de la colaboraci\u00f3n entre el gobierno y la sociedad civil que se manifiesta en la promoci\u00f3n del bienestar animal en nuestro municipio, asegur\u00f3 el Alcalde Alejandro Ruz Castro. &nbsp; Al encabezar la entrega de apoyos alimentarios a 7 [&hellip;]\" \/>\n<meta property=\"og:url\" content=\"https:\/\/www.yucatanencorto.com\/noticias\/el-ayuntamiento-de-merida-fortalece-el-bienestar-animal-en-el-municipio\/\" \/>\n<meta property=\"og:site_name\" content=\"Yucat\u00e1n en corto\" \/>\n<meta property=\"article:publisher\" content=\"http:\/\/www.facebook.com\/yucatanencorto\" \/>\n<meta property=\"article:published_time\" content=\"2024-06-05T00:33:25+00:00\" \/>\n<meta property=\"og:image\" content=\"https:\/\/www.yucatanencorto.com\/noticias\/wp-content\/uploads\/2024\/06\/IMG-20240604-WA0035-scaled.jpg\" \/>\n\t<meta property=\"og:image:width\" content=\"768\" \/>\n\t<meta property=\"og:image:height\" content=\"512\" \/>\n\t<meta property=\"og:image:type\" content=\"image\/jpeg\" \/>\n<meta name=\"author\" content=\"Redes\" \/>\n<meta name=\"twitter:card\" content=\"summary_large_image\" \/>\n<meta name=\"twitter:creator\" content=\"@yucatanencorto\" \/>\n<meta name=\"twitter:site\" content=\"@yucatanencorto\" \/>\n<meta name=\"twitter:label1\" content=\"Escrito por\" \/>\n\t<meta name=\"twitter:data1\" content=\"Redes\" \/>\n\t<meta name=\"twitter:label2\" content=\"Tiempo de lectura\" \/>\n\t<meta name=\"twitter:data2\" content=\"4 minutos\" \/>\n<script type=\"application\/ld+json\" class=\"yoast-schema-graph\">{\"@context\":\"https:\\\/\\\/schema.org\",\"@graph\":[{\"@type\":\"Article\",\"@id\":\"https:\\\/\\\/www.yucatanencorto.com\\\/noticias\\\/el-ayuntamiento-de-merida-fortalece-el-bienestar-animal-en-el-municipio\\\/#article\",\"isPartOf\":{\"@id\":\"https:\\\/\\\/www.yucatanencorto.com\\\/noticias\\\/el-ayuntamiento-de-merida-fortalece-el-bienestar-animal-en-el-municipio\\\/\"},\"author\":{\"name\":\"Redes\",\"@id\":\"https:\\\/\\\/www.yucatanencorto.com\\\/noticias\\\/#\\\/schema\\\/person\\\/e2fbdfaf30a07014a43940ce989f3119\"},\"headline\":\"El Ayuntamiento de M\u00e9rida fortalece el bienestar animal en el Municipio\",\"datePublished\":\"2024-06-05T00:33:25+00:00\",\"mainEntityOfPage\":{\"@id\":\"https:\\\/\\\/www.yucatanencorto.com\\\/noticias\\\/el-ayuntamiento-de-merida-fortalece-el-bienestar-animal-en-el-municipio\\\/\"},\"wordCount\":743,\"image\":{\"@id\":\"https:\\\/\\\/www.yucatanencorto.com\\\/noticias\\\/el-ayuntamiento-de-merida-fortalece-el-bienestar-animal-en-el-municipio\\\/#primaryimage\"},\"thumbnailUrl\":\"https:\\\/\\\/www.yucatanencorto.com\\\/noticias\\\/wp-content\\\/uploads\\\/2024\\\/06\\\/IMG-20240604-WA0035-scaled.jpg\",\"articleSection\":[\"Yucat\u00e1n\"],\"inLanguage\":\"es\"},{\"@type\":\"WebPage\",\"@id\":\"https:\\\/\\\/www.yucatanencorto.com\\\/noticias\\\/el-ayuntamiento-de-merida-fortalece-el-bienestar-animal-en-el-municipio\\\/\",\"url\":\"https:\\\/\\\/www.yucatanencorto.com\\\/noticias\\\/el-ayuntamiento-de-merida-fortalece-el-bienestar-animal-en-el-municipio\\\/\",\"name\":\"El Ayuntamiento de M\u00e9rida fortalece el bienestar animal en el Municipio - Yucat\u00e1n en corto\",\"isPartOf\":{\"@id\":\"https:\\\/\\\/www.yucatanencorto.com\\\/noticias\\\/#website\"},\"primaryImageOfPage\":{\"@id\":\"https:\\\/\\\/www.yucatanencorto.com\\\/noticias\\\/el-ayuntamiento-de-merida-fortalece-el-bienestar-animal-en-el-municipio\\\/#primaryimage\"},\"image\":{\"@id\":\"https:\\\/\\\/www.yucatanencorto.com\\\/noticias\\\/el-ayuntamiento-de-merida-fortalece-el-bienestar-animal-en-el-municipio\\\/#primaryimage\"},\"thumbnailUrl\":\"https:\\\/\\\/www.yucatanencorto.com\\\/noticias\\\/wp-content\\\/uploads\\\/2024\\\/06\\\/IMG-20240604-WA0035-scaled.jpg\",\"datePublished\":\"2024-06-05T00:33:25+00:00\",\"author\":{\"@id\":\"https:\\\/\\\/www.yucatanencorto.com\\\/noticias\\\/#\\\/schema\\\/person\\\/e2fbdfaf30a07014a43940ce989f3119\"},\"breadcrumb\":{\"@id\":\"https:\\\/\\\/www.yucatanencorto.com\\\/noticias\\\/el-ayuntamiento-de-merida-fortalece-el-bienestar-animal-en-el-municipio\\\/#breadcrumb\"},\"inLanguage\":\"es\",\"potentialAction\":[{\"@type\":\"ReadAction\",\"target\":[\"https:\\\/\\\/www.yucatanencorto.com\\\/noticias\\\/el-ayuntamiento-de-merida-fortalece-el-bienestar-animal-en-el-municipio\\\/\"]}]},{\"@type\":\"ImageObject\",\"inLanguage\":\"es\",\"@id\":\"https:\\\/\\\/www.yucatanencorto.com\\\/noticias\\\/el-ayuntamiento-de-merida-fortalece-el-bienestar-animal-en-el-municipio\\\/#primaryimage\",\"url\":\"https:\\\/\\\/www.yucatanencorto.com\\\/noticias\\\/wp-content\\\/uploads\\\/2024\\\/06\\\/IMG-20240604-WA0035-scaled.jpg\",\"contentUrl\":\"https:\\\/\\\/www.yucatanencorto.com\\\/noticias\\\/wp-content\\\/uploads\\\/2024\\\/06\\\/IMG-20240604-WA0035-scaled.jpg\",\"width\":768,\"height\":512},{\"@type\":\"BreadcrumbList\",\"@id\":\"https:\\\/\\\/www.yucatanencorto.com\\\/noticias\\\/el-ayuntamiento-de-merida-fortalece-el-bienestar-animal-en-el-municipio\\\/#breadcrumb\",\"itemListElement\":[{\"@type\":\"ListItem\",\"position\":1,\"name\":\"Portada\",\"item\":\"https:\\\/\\\/www.yucatanencorto.com\\\/noticias\\\/\"},{\"@type\":\"ListItem\",\"position\":2,\"name\":\"El Ayuntamiento de M\u00e9rida fortalece el bienestar animal en el Municipio\"}]},{\"@type\":\"WebSite\",\"@id\":\"https:\\\/\\\/www.yucatanencorto.com\\\/noticias\\\/#website\",\"url\":\"https:\\\/\\\/www.yucatanencorto.com\\\/noticias\\\/\",\"name\":\"Yucat\u00e1n en corto\",\"description\":\"Noticias\",\"potentialAction\":[{\"@type\":\"SearchAction\",\"target\":{\"@type\":\"EntryPoint\",\"urlTemplate\":\"https:\\\/\\\/www.yucatanencorto.com\\\/noticias\\\/?s={search_term_string}\"},\"query-input\":{\"@type\":\"PropertyValueSpecification\",\"valueRequired\":true,\"valueName\":\"search_term_string\"}}],\"inLanguage\":\"es\"},{\"@type\":\"Person\",\"@id\":\"https:\\\/\\\/www.yucatanencorto.com\\\/noticias\\\/#\\\/schema\\\/person\\\/e2fbdfaf30a07014a43940ce989f3119\",\"name\":\"Redes\",\"image\":{\"@type\":\"ImageObject\",\"inLanguage\":\"es\",\"@id\":\"https:\\\/\\\/secure.gravatar.com\\\/avatar\\\/5931a2d21dd7cc834f44c8c34fe56d90ed6d536ef452cbf870c7485b524dddd7?s=96&d=mm&r=g\",\"url\":\"https:\\\/\\\/secure.gravatar.com\\\/avatar\\\/5931a2d21dd7cc834f44c8c34fe56d90ed6d536ef452cbf870c7485b524dddd7?s=96&d=mm&r=g\",\"contentUrl\":\"https:\\\/\\\/secure.gravatar.com\\\/avatar\\\/5931a2d21dd7cc834f44c8c34fe56d90ed6d536ef452cbf870c7485b524dddd7?s=96&d=mm&r=g\",\"caption\":\"Redes\"},\"url\":\"https:\\\/\\\/www.yucatanencorto.com\\\/noticias\\\/author\\\/redes\\\/\"}]}<\/script>\n<!-- \/ Yoast SEO plugin. -->","yoast_head_json":{"title":"El Ayuntamiento de M\u00e9rida fortalece el bienestar animal en el Municipio - Yucat\u00e1n en corto","robots":{"index":"index","follow":"follow","max-snippet":"max-snippet:-1","max-image-preview":"max-image-preview:large","max-video-preview":"max-video-preview:-1"},"canonical":"https:\/\/www.yucatanencorto.com\/noticias\/el-ayuntamiento-de-merida-fortalece-el-bienestar-animal-en-el-municipio\/","og_locale":"es_ES","og_type":"article","og_title":"El Ayuntamiento de M\u00e9rida fortalece el bienestar animal en el Municipio - Yucat\u00e1n en corto","og_description":"M\u00e9rida, Yucat\u00e1n, 4 de junio de 2024.- La protecci\u00f3n de nuestra fauna dom\u00e9stica es un claro ejemplo de la colaboraci\u00f3n entre el gobierno y la sociedad civil que se manifiesta en la promoci\u00f3n del bienestar animal en nuestro municipio, asegur\u00f3 el Alcalde Alejandro Ruz Castro. &nbsp; Al encabezar la entrega de apoyos alimentarios a 7 [&hellip;]","og_url":"https:\/\/www.yucatanencorto.com\/noticias\/el-ayuntamiento-de-merida-fortalece-el-bienestar-animal-en-el-municipio\/","og_site_name":"Yucat\u00e1n en corto","article_publisher":"http:\/\/www.facebook.com\/yucatanencorto","article_published_time":"2024-06-05T00:33:25+00:00","og_image":[{"width":768,"height":512,"url":"https:\/\/www.yucatanencorto.com\/noticias\/wp-content\/uploads\/2024\/06\/IMG-20240604-WA0035-scaled.jpg","type":"image\/jpeg"}],"author":"Redes","twitter_card":"summary_large_image","twitter_creator":"@yucatanencorto","twitter_site":"@yucatanencorto","twitter_misc":{"Escrito por":"Redes","Tiempo de lectura":"4 minutos"},"schema":{"@context":"https:\/\/schema.org","@graph":[{"@type":"Article","@id":"https:\/\/www.yucatanencorto.com\/noticias\/el-ayuntamiento-de-merida-fortalece-el-bienestar-animal-en-el-municipio\/#article","isPartOf":{"@id":"https:\/\/www.yucatanencorto.com\/noticias\/el-ayuntamiento-de-merida-fortalece-el-bienestar-animal-en-el-municipio\/"},"author":{"name":"Redes","@id":"https:\/\/www.yucatanencorto.com\/noticias\/#\/schema\/person\/e2fbdfaf30a07014a43940ce989f3119"},"headline":"El Ayuntamiento de M\u00e9rida fortalece el bienestar animal en el Municipio","datePublished":"2024-06-05T00:33:25+00:00","mainEntityOfPage":{"@id":"https:\/\/www.yucatanencorto.com\/noticias\/el-ayuntamiento-de-merida-fortalece-el-bienestar-animal-en-el-municipio\/"},"wordCount":743,"image":{"@id":"https:\/\/www.yucatanencorto.com\/noticias\/el-ayuntamiento-de-merida-fortalece-el-bienestar-animal-en-el-municipio\/#primaryimage"},"thumbnailUrl":"https:\/\/www.yucatanencorto.com\/noticias\/wp-content\/uploads\/2024\/06\/IMG-20240604-WA0035-scaled.jpg","articleSection":["Yucat\u00e1n"],"inLanguage":"es"},{"@type":"WebPage","@id":"https:\/\/www.yucatanencorto.com\/noticias\/el-ayuntamiento-de-merida-fortalece-el-bienestar-animal-en-el-municipio\/","url":"https:\/\/www.yucatanencorto.com\/noticias\/el-ayuntamiento-de-merida-fortalece-el-bienestar-animal-en-el-municipio\/","name":"El Ayuntamiento de M\u00e9rida fortalece el bienestar animal en el Municipio - Yucat\u00e1n en corto","isPartOf":{"@id":"https:\/\/www.yucatanencorto.com\/noticias\/#website"},"primaryImageOfPage":{"@id":"https:\/\/www.yucatanencorto.com\/noticias\/el-ayuntamiento-de-merida-fortalece-el-bienestar-animal-en-el-municipio\/#primaryimage"},"image":{"@id":"https:\/\/www.yucatanencorto.com\/noticias\/el-ayuntamiento-de-merida-fortalece-el-bienestar-animal-en-el-municipio\/#primaryimage"},"thumbnailUrl":"https:\/\/www.yucatanencorto.com\/noticias\/wp-content\/uploads\/2024\/06\/IMG-20240604-WA0035-scaled.jpg","datePublished":"2024-06-05T00:33:25+00:00","author":{"@id":"https:\/\/www.yucatanencorto.com\/noticias\/#\/schema\/person\/e2fbdfaf30a07014a43940ce989f3119"},"breadcrumb":{"@id":"https:\/\/www.yucatanencorto.com\/noticias\/el-ayuntamiento-de-merida-fortalece-el-bienestar-animal-en-el-municipio\/#breadcrumb"},"inLanguage":"es","potentialAction":[{"@type":"ReadAction","target":["https:\/\/www.yucatanencorto.com\/noticias\/el-ayuntamiento-de-merida-fortalece-el-bienestar-animal-en-el-municipio\/"]}]},{"@type":"ImageObject","inLanguage":"es","@id":"https:\/\/www.yucatanencorto.com\/noticias\/el-ayuntamiento-de-merida-fortalece-el-bienestar-animal-en-el-municipio\/#primaryimage","url":"https:\/\/www.yucatanencorto.com\/noticias\/wp-content\/uploads\/2024\/06\/IMG-20240604-WA0035-scaled.jpg","contentUrl":"https:\/\/www.yucatanencorto.com\/noticias\/wp-content\/uploads\/2024\/06\/IMG-20240604-WA0035-scaled.jpg","width":768,"height":512},{"@type":"BreadcrumbList","@id":"https:\/\/www.yucatanencorto.com\/noticias\/el-ayuntamiento-de-merida-fortalece-el-bienestar-animal-en-el-municipio\/#breadcrumb","itemListElement":[{"@type":"ListItem","position":1,"name":"Portada","item":"https:\/\/www.yucatanencorto.com\/noticias\/"},{"@type":"ListItem","position":2,"name":"El Ayuntamiento de M\u00e9rida fortalece el bienestar animal en el Municipio"}]},{"@type":"WebSite","@id":"https:\/\/www.yucatanencorto.com\/noticias\/#website","url":"https:\/\/www.yucatanencorto.com\/noticias\/","name":"Yucat\u00e1n en corto","description":"Noticias","potentialAction":[{"@type":"SearchAction","target":{"@type":"EntryPoint","urlTemplate":"https:\/\/www.yucatanencorto.com\/noticias\/?s={search_term_string}"},"query-input":{"@type":"PropertyValueSpecification","valueRequired":true,"valueName":"search_term_string"}}],"inLanguage":"es"},{"@type":"Person","@id":"https:\/\/www.yucatanencorto.com\/noticias\/#\/schema\/person\/e2fbdfaf30a07014a43940ce989f3119","name":"Redes","image":{"@type":"ImageObject","inLanguage":"es","@id":"https:\/\/secure.gravatar.com\/avatar\/5931a2d21dd7cc834f44c8c34fe56d90ed6d536ef452cbf870c7485b524dddd7?s=96&d=mm&r=g","url":"https:\/\/secure.gravatar.com\/avatar\/5931a2d21dd7cc834f44c8c34fe56d90ed6d536ef452cbf870c7485b524dddd7?s=96&d=mm&r=g","contentUrl":"https:\/\/secure.gravatar.com\/avatar\/5931a2d21dd7cc834f44c8c34fe56d90ed6d536ef452cbf870c7485b524dddd7?s=96&d=mm&r=g","caption":"Redes"},"url":"https:\/\/www.yucatanencorto.com\/noticias\/author\/redes\/"}]}},"_links":{"self":[{"href":"https:\/\/www.yucatanencorto.com\/noticias\/wp-json\/wp\/v2\/posts\/110269","targetHints":{"allow":["GET"]}}],"collection":[{"href":"https:\/\/www.yucatanencorto.com\/noticias\/wp-json\/wp\/v2\/posts"}],"about":[{"href":"https:\/\/www.yucatanencorto.com\/noticias\/wp-json\/wp\/v2\/types\/post"}],"author":[{"embeddable":true,"href":"https:\/\/www.yucatanencorto.com\/noticias\/wp-json\/wp\/v2\/users\/3"}],"replies":[{"embeddable":true,"href":"https:\/\/www.yucatanencorto.com\/noticias\/wp-json\/wp\/v2\/comments?post=110269"}],"version-history":[{"count":0,"href":"https:\/\/www.yucatanencorto.com\/noticias\/wp-json\/wp\/v2\/posts\/110269\/revisions"}],"wp:featuredmedia":[{"embeddable":true,"href":"https:\/\/www.yucatanencorto.com\/noticias\/wp-json\/wp\/v2\/media\/110270"}],"wp:attachment":[{"href":"https:\/\/www.yucatanencorto.com\/noticias\/wp-json\/wp\/v2\/media?parent=110269"}],"wp:term":[{"taxonomy":"category","embeddable":true,"href":"https:\/\/www.yucatanencorto.com\/noticias\/wp-json\/wp\/v2\/categories?post=110269"},{"taxonomy":"post_tag","embeddable":true,"href":"https:\/\/www.yucatanencorto.com\/noticias\/wp-json\/wp\/v2\/tags?post=110269"}],"curies":[{"name":"wp","href":"https:\/\/api.w.org\/{rel}","templated":true}]}}