{"id":110274,"date":"2024-06-05T16:24:20","date_gmt":"2024-06-05T22:24:20","guid":{"rendered":"https:\/\/www.yucatanencorto.com\/noticias\/?p=110274"},"modified":"2024-06-05T16:24:20","modified_gmt":"2024-06-05T22:24:20","slug":"musica-y-teatro-en-junio-en-la-oferta-de-la-temporada-olimpo","status":"publish","type":"post","link":"https:\/\/www.yucatanencorto.com\/noticias\/musica-y-teatro-en-junio-en-la-oferta-de-la-temporada-olimpo\/","title":{"rendered":"M\u00fasica y teatro en junio en la oferta de la Temporada Olimpo\u00a0"},"content":{"rendered":"<p><img loading=\"lazy\" decoding=\"async\" class=\"alignnone size-full wp-image-110275\" src=\"https:\/\/www.yucatanencorto.com\/noticias\/wp-content\/uploads\/2024\/06\/IMG-20240605-WA0019-scaled.jpg\" alt=\"\" width=\"768\" height=\"512\" srcset=\"https:\/\/www.yucatanencorto.com\/noticias\/wp-content\/uploads\/2024\/06\/IMG-20240605-WA0019-scaled.jpg 768w, https:\/\/www.yucatanencorto.com\/noticias\/wp-content\/uploads\/2024\/06\/IMG-20240605-WA0019-1536x1023.jpg 1536w, https:\/\/www.yucatanencorto.com\/noticias\/wp-content\/uploads\/2024\/06\/IMG-20240605-WA0019-150x100.jpg 150w, https:\/\/www.yucatanencorto.com\/noticias\/wp-content\/uploads\/2024\/06\/IMG-20240605-WA0019-300x200.jpg 300w, https:\/\/www.yucatanencorto.com\/noticias\/wp-content\/uploads\/2024\/06\/IMG-20240605-WA0019-696x464.jpg 696w, https:\/\/www.yucatanencorto.com\/noticias\/wp-content\/uploads\/2024\/06\/IMG-20240605-WA0019-1068x712.jpg 1068w\" sizes=\"auto, (max-width: 768px) 100vw, 768px\" \/><\/p>\n<p>M\u00e9rida, Yucat\u00e1n, 5 de junio de 2024.- Al comenzar el segundo mes de actividades de la Temporada Olimpo, creadores con trayectoria y j\u00f3venes creadores comparten espect\u00e1culos y talleres que permiten consolidar la oferta cultural en M\u00e9rida.<\/p>\n<p>La arpista Ver\u00f3nica Valerio prepara el taller \u201cImprovisando con rimas\u201d en el que a trav\u00e9s de juegos de ritmo y mnemotecnia compartir\u00e1 herramientas b\u00e1sicas para la composici\u00f3n de canciones y se analizar\u00e1 la estrofa de ritmo y la octosibilizaci\u00f3n de las palabras.<\/p>\n<p>El curso es el s\u00e1bado 8 de junio, a partir de las 10 de la ma\u00f1ana en el Centro Municipal de M\u00fasica. Est\u00e1 dirigido a ni\u00f1os mayores de seis a\u00f1os, es gratuito y es necesario inscribirse al correo cultura@merida.gob.mx ya que el cupo es limitado para 20 participantes.<\/p>\n<p>Ese mismo d\u00eda est\u00e1n previstos espect\u00e1culos musicales y de teatro.<\/p>\n<p>El creador Omar Celis presenta \u201cCr\u00f3nicas del percusionista que da cuerda al mundo: Ciclo de conciertos did\u00e1cticos\u201d, una obra de teatro infantil musical que busca sensibilizar a chicos y grandes sobre el mundo de las percusiones de manera divertida, a trav\u00e9s de tres personajes. La funci\u00f3n inicia a las 7 p.m. en el Centro Cultural Fernando Castro Pacheco, donde se pueden adquirir los boletos una hora antes de la funci\u00f3n.<\/p>\n<p>A la misma hora, la compa\u00f1\u00eda Tercera Llamada presenta una obra de teatro, con tintes de comedia y regionalizada, que busca concientizar a las infancias sobre el cuidado del entorno y evitar la contaminaci\u00f3n con ayuda del \u201cEscuadr\u00f3n Planeta\u201d. Esta presentaci\u00f3n es con entrada libre en el auditorio del Olimpo.<\/p>\n<p>A las 8 p.m. el grupo Fais\u00e1n brindar\u00e1 \u201cCircuitos\u201d, un espect\u00e1culo de rock alternativo, armon\u00edas y ritmos alegres en el Parque de Santa Luc\u00eda.<\/p>\n<p>El domingo 9, al mediod\u00eda, se presenta en el Olimpo \u00a1Ni\u00f1os a la \u00f3pera! Las Revueltas de Mozart, espect\u00e1culo que busca acercar a los ni\u00f1os a la m\u00fasica acad\u00e9mica.<\/p>\n<p>La soprano Rossana Chin comparte que la \u00f3pera puede ser divertida y este espect\u00e1culo abarca un recorrido desde la m\u00fasica de Mozart hasta el compositor Silvestre Revueltas, incluyendo tambi\u00e9n la m\u00fasica de Francisco Gabilondo Soler \u201cCri Cr\u00ed\u201d, con un clown, danza, piano y voz.<\/p>\n<p>La obra tendr\u00e1 una segunda funci\u00f3n el domingo 16 en la misma sede y horario. Los boletos se adquieren una hora antes de cada funci\u00f3n.<\/p>\n<p>A esta oferta cultural se suman las nuevas exposiciones de arte que se pueden visitar en los centros culturales Olimpo, Fernando Castro Pacheco y el Museo de la Ciudad de M\u00e9rida.<\/p>\n<p>Las salas 1 y 2 del Olimpo cobijan la colecci\u00f3n \u201cA Dos Manos. Ka\u00b4ap\u2019\u00e9el k\u2019ab\u201d, del caricaturista Efr\u00e9n Maldonado y el pintor David Mex. Sin una tem\u00e1tica espec\u00edfica, la colecci\u00f3n muestra el arte de dos creadores.<\/p>\n<p>La sala tres ofrece \u201cEnsayo visual sobre el encuentro\u201d, una colectiva de 15 artistas curada por Alberto Arceo, que muestran el encuentro de los artistas con la ciudad en diferentes perspectivas art\u00edsticas.<\/p>\n<p>En el patio central del Olimpo, se puede apreciar la exposici\u00f3n \u201cCultura del Pedal. Homenaje al arraigo de la bicicleta y el triciclo en Yucat\u00e1n\u201d, exhibici\u00f3n que busca generar conciencia, difundir historias reales con la bicicleta, a la movilidad activa y rendir homenaje a quienes pedalean de un lugar a otro. La iniciativa es impulsada por varias empresas, instituciones y asociaciones civiles. Estar\u00e1 a disposici\u00f3n del p\u00fablico hasta el pr\u00f3ximo 30 de junio<\/p>\n<p>El Centro Cultural Fernando Castro Pacheco ofrece en 39 obras el legado gr\u00e1fico del artista yucateco, mientras que en el Museo de la Ciudad de M\u00e9rida est\u00e1 montada la colecci\u00f3n \u201cSeries y Tonos\u201d que encierra 25 a\u00f1os de expresionismo abstracto de trayectoria de Hericko Delf\u00edn. La entrada es libre a todas las exposiciones.<\/p>\n<p>En el sitio www.merida.gob.mx\/eventos se pueden consultar horarios, precios de boletos y m\u00e1s actividades de la Temporada Olimpo, las cuales iniciaron en mayo y finalizar\u00e1n en diciembre.<\/p>\n<p>DIRECCI\u00d3N DE CULTURA<\/p>\n","protected":false},"excerpt":{"rendered":"<p>M\u00e9rida, Yucat\u00e1n, 5 de junio de 2024.- Al comenzar el segundo mes de actividades de la Temporada Olimpo, creadores con trayectoria y j\u00f3venes creadores comparten espect\u00e1culos y talleres que permiten consolidar la oferta cultural en M\u00e9rida. La arpista Ver\u00f3nica Valerio prepara el taller \u201cImprovisando con rimas\u201d en el que a trav\u00e9s de juegos de ritmo [&hellip;]<\/p>\n","protected":false},"author":3,"featured_media":110275,"comment_status":"closed","ping_status":"closed","sticky":false,"template":"","format":"standard","meta":{"footnotes":""},"categories":[3],"tags":[],"class_list":{"0":"post-110274","1":"post","2":"type-post","3":"status-publish","4":"format-standard","5":"has-post-thumbnail","7":"category-yucatan"},"yoast_head":"<!-- This site is optimized with the Yoast SEO plugin v27.5 - https:\/\/yoast.com\/product\/yoast-seo-wordpress\/ -->\n<title>M\u00fasica y teatro en junio en la oferta de la Temporada Olimpo\u00a0 - Yucat\u00e1n en corto<\/title>\n<meta name=\"robots\" content=\"index, follow, max-snippet:-1, max-image-preview:large, max-video-preview:-1\" \/>\n<link rel=\"canonical\" href=\"https:\/\/www.yucatanencorto.com\/noticias\/musica-y-teatro-en-junio-en-la-oferta-de-la-temporada-olimpo\/\" \/>\n<meta property=\"og:locale\" content=\"es_ES\" \/>\n<meta property=\"og:type\" content=\"article\" \/>\n<meta property=\"og:title\" content=\"M\u00fasica y teatro en junio en la oferta de la Temporada Olimpo\u00a0 - Yucat\u00e1n en corto\" \/>\n<meta property=\"og:description\" content=\"M\u00e9rida, Yucat\u00e1n, 5 de junio de 2024.- Al comenzar el segundo mes de actividades de la Temporada Olimpo, creadores con trayectoria y j\u00f3venes creadores comparten espect\u00e1culos y talleres que permiten consolidar la oferta cultural en M\u00e9rida. La arpista Ver\u00f3nica Valerio prepara el taller \u201cImprovisando con rimas\u201d en el que a trav\u00e9s de juegos de ritmo [&hellip;]\" \/>\n<meta property=\"og:url\" content=\"https:\/\/www.yucatanencorto.com\/noticias\/musica-y-teatro-en-junio-en-la-oferta-de-la-temporada-olimpo\/\" \/>\n<meta property=\"og:site_name\" content=\"Yucat\u00e1n en corto\" \/>\n<meta property=\"article:publisher\" content=\"http:\/\/www.facebook.com\/yucatanencorto\" \/>\n<meta property=\"article:published_time\" content=\"2024-06-05T22:24:20+00:00\" \/>\n<meta property=\"og:image\" content=\"https:\/\/www.yucatanencorto.com\/noticias\/wp-content\/uploads\/2024\/06\/IMG-20240605-WA0019-scaled.jpg\" \/>\n\t<meta property=\"og:image:width\" content=\"768\" \/>\n\t<meta property=\"og:image:height\" content=\"512\" \/>\n\t<meta property=\"og:image:type\" content=\"image\/jpeg\" \/>\n<meta name=\"author\" content=\"Redes\" \/>\n<meta name=\"twitter:card\" content=\"summary_large_image\" \/>\n<meta name=\"twitter:creator\" content=\"@yucatanencorto\" \/>\n<meta name=\"twitter:site\" content=\"@yucatanencorto\" \/>\n<meta name=\"twitter:label1\" content=\"Escrito por\" \/>\n\t<meta name=\"twitter:data1\" content=\"Redes\" \/>\n\t<meta name=\"twitter:label2\" content=\"Tiempo de lectura\" \/>\n\t<meta name=\"twitter:data2\" content=\"4 minutos\" \/>\n<script type=\"application\/ld+json\" class=\"yoast-schema-graph\">{\"@context\":\"https:\\\/\\\/schema.org\",\"@graph\":[{\"@type\":\"Article\",\"@id\":\"https:\\\/\\\/www.yucatanencorto.com\\\/noticias\\\/musica-y-teatro-en-junio-en-la-oferta-de-la-temporada-olimpo\\\/#article\",\"isPartOf\":{\"@id\":\"https:\\\/\\\/www.yucatanencorto.com\\\/noticias\\\/musica-y-teatro-en-junio-en-la-oferta-de-la-temporada-olimpo\\\/\"},\"author\":{\"name\":\"Redes\",\"@id\":\"https:\\\/\\\/www.yucatanencorto.com\\\/noticias\\\/#\\\/schema\\\/person\\\/e2fbdfaf30a07014a43940ce989f3119\"},\"headline\":\"M\u00fasica y teatro en junio en la oferta de la Temporada Olimpo\u00a0\",\"datePublished\":\"2024-06-05T22:24:20+00:00\",\"mainEntityOfPage\":{\"@id\":\"https:\\\/\\\/www.yucatanencorto.com\\\/noticias\\\/musica-y-teatro-en-junio-en-la-oferta-de-la-temporada-olimpo\\\/\"},\"wordCount\":708,\"image\":{\"@id\":\"https:\\\/\\\/www.yucatanencorto.com\\\/noticias\\\/musica-y-teatro-en-junio-en-la-oferta-de-la-temporada-olimpo\\\/#primaryimage\"},\"thumbnailUrl\":\"https:\\\/\\\/www.yucatanencorto.com\\\/noticias\\\/wp-content\\\/uploads\\\/2024\\\/06\\\/IMG-20240605-WA0019-scaled.jpg\",\"articleSection\":[\"Yucat\u00e1n\"],\"inLanguage\":\"es\"},{\"@type\":\"WebPage\",\"@id\":\"https:\\\/\\\/www.yucatanencorto.com\\\/noticias\\\/musica-y-teatro-en-junio-en-la-oferta-de-la-temporada-olimpo\\\/\",\"url\":\"https:\\\/\\\/www.yucatanencorto.com\\\/noticias\\\/musica-y-teatro-en-junio-en-la-oferta-de-la-temporada-olimpo\\\/\",\"name\":\"M\u00fasica y teatro en junio en la oferta de la Temporada Olimpo\u00a0 - Yucat\u00e1n en corto\",\"isPartOf\":{\"@id\":\"https:\\\/\\\/www.yucatanencorto.com\\\/noticias\\\/#website\"},\"primaryImageOfPage\":{\"@id\":\"https:\\\/\\\/www.yucatanencorto.com\\\/noticias\\\/musica-y-teatro-en-junio-en-la-oferta-de-la-temporada-olimpo\\\/#primaryimage\"},\"image\":{\"@id\":\"https:\\\/\\\/www.yucatanencorto.com\\\/noticias\\\/musica-y-teatro-en-junio-en-la-oferta-de-la-temporada-olimpo\\\/#primaryimage\"},\"thumbnailUrl\":\"https:\\\/\\\/www.yucatanencorto.com\\\/noticias\\\/wp-content\\\/uploads\\\/2024\\\/06\\\/IMG-20240605-WA0019-scaled.jpg\",\"datePublished\":\"2024-06-05T22:24:20+00:00\",\"author\":{\"@id\":\"https:\\\/\\\/www.yucatanencorto.com\\\/noticias\\\/#\\\/schema\\\/person\\\/e2fbdfaf30a07014a43940ce989f3119\"},\"breadcrumb\":{\"@id\":\"https:\\\/\\\/www.yucatanencorto.com\\\/noticias\\\/musica-y-teatro-en-junio-en-la-oferta-de-la-temporada-olimpo\\\/#breadcrumb\"},\"inLanguage\":\"es\",\"potentialAction\":[{\"@type\":\"ReadAction\",\"target\":[\"https:\\\/\\\/www.yucatanencorto.com\\\/noticias\\\/musica-y-teatro-en-junio-en-la-oferta-de-la-temporada-olimpo\\\/\"]}]},{\"@type\":\"ImageObject\",\"inLanguage\":\"es\",\"@id\":\"https:\\\/\\\/www.yucatanencorto.com\\\/noticias\\\/musica-y-teatro-en-junio-en-la-oferta-de-la-temporada-olimpo\\\/#primaryimage\",\"url\":\"https:\\\/\\\/www.yucatanencorto.com\\\/noticias\\\/wp-content\\\/uploads\\\/2024\\\/06\\\/IMG-20240605-WA0019-scaled.jpg\",\"contentUrl\":\"https:\\\/\\\/www.yucatanencorto.com\\\/noticias\\\/wp-content\\\/uploads\\\/2024\\\/06\\\/IMG-20240605-WA0019-scaled.jpg\",\"width\":768,\"height\":512},{\"@type\":\"BreadcrumbList\",\"@id\":\"https:\\\/\\\/www.yucatanencorto.com\\\/noticias\\\/musica-y-teatro-en-junio-en-la-oferta-de-la-temporada-olimpo\\\/#breadcrumb\",\"itemListElement\":[{\"@type\":\"ListItem\",\"position\":1,\"name\":\"Portada\",\"item\":\"https:\\\/\\\/www.yucatanencorto.com\\\/noticias\\\/\"},{\"@type\":\"ListItem\",\"position\":2,\"name\":\"M\u00fasica y teatro en junio en la oferta de la Temporada Olimpo\u00a0\"}]},{\"@type\":\"WebSite\",\"@id\":\"https:\\\/\\\/www.yucatanencorto.com\\\/noticias\\\/#website\",\"url\":\"https:\\\/\\\/www.yucatanencorto.com\\\/noticias\\\/\",\"name\":\"Yucat\u00e1n en corto\",\"description\":\"Noticias\",\"potentialAction\":[{\"@type\":\"SearchAction\",\"target\":{\"@type\":\"EntryPoint\",\"urlTemplate\":\"https:\\\/\\\/www.yucatanencorto.com\\\/noticias\\\/?s={search_term_string}\"},\"query-input\":{\"@type\":\"PropertyValueSpecification\",\"valueRequired\":true,\"valueName\":\"search_term_string\"}}],\"inLanguage\":\"es\"},{\"@type\":\"Person\",\"@id\":\"https:\\\/\\\/www.yucatanencorto.com\\\/noticias\\\/#\\\/schema\\\/person\\\/e2fbdfaf30a07014a43940ce989f3119\",\"name\":\"Redes\",\"image\":{\"@type\":\"ImageObject\",\"inLanguage\":\"es\",\"@id\":\"https:\\\/\\\/secure.gravatar.com\\\/avatar\\\/5931a2d21dd7cc834f44c8c34fe56d90ed6d536ef452cbf870c7485b524dddd7?s=96&d=mm&r=g\",\"url\":\"https:\\\/\\\/secure.gravatar.com\\\/avatar\\\/5931a2d21dd7cc834f44c8c34fe56d90ed6d536ef452cbf870c7485b524dddd7?s=96&d=mm&r=g\",\"contentUrl\":\"https:\\\/\\\/secure.gravatar.com\\\/avatar\\\/5931a2d21dd7cc834f44c8c34fe56d90ed6d536ef452cbf870c7485b524dddd7?s=96&d=mm&r=g\",\"caption\":\"Redes\"},\"url\":\"https:\\\/\\\/www.yucatanencorto.com\\\/noticias\\\/author\\\/redes\\\/\"}]}<\/script>\n<!-- \/ Yoast SEO plugin. -->","yoast_head_json":{"title":"M\u00fasica y teatro en junio en la oferta de la Temporada Olimpo\u00a0 - Yucat\u00e1n en corto","robots":{"index":"index","follow":"follow","max-snippet":"max-snippet:-1","max-image-preview":"max-image-preview:large","max-video-preview":"max-video-preview:-1"},"canonical":"https:\/\/www.yucatanencorto.com\/noticias\/musica-y-teatro-en-junio-en-la-oferta-de-la-temporada-olimpo\/","og_locale":"es_ES","og_type":"article","og_title":"M\u00fasica y teatro en junio en la oferta de la Temporada Olimpo\u00a0 - Yucat\u00e1n en corto","og_description":"M\u00e9rida, Yucat\u00e1n, 5 de junio de 2024.- Al comenzar el segundo mes de actividades de la Temporada Olimpo, creadores con trayectoria y j\u00f3venes creadores comparten espect\u00e1culos y talleres que permiten consolidar la oferta cultural en M\u00e9rida. La arpista Ver\u00f3nica Valerio prepara el taller \u201cImprovisando con rimas\u201d en el que a trav\u00e9s de juegos de ritmo [&hellip;]","og_url":"https:\/\/www.yucatanencorto.com\/noticias\/musica-y-teatro-en-junio-en-la-oferta-de-la-temporada-olimpo\/","og_site_name":"Yucat\u00e1n en corto","article_publisher":"http:\/\/www.facebook.com\/yucatanencorto","article_published_time":"2024-06-05T22:24:20+00:00","og_image":[{"width":768,"height":512,"url":"https:\/\/www.yucatanencorto.com\/noticias\/wp-content\/uploads\/2024\/06\/IMG-20240605-WA0019-scaled.jpg","type":"image\/jpeg"}],"author":"Redes","twitter_card":"summary_large_image","twitter_creator":"@yucatanencorto","twitter_site":"@yucatanencorto","twitter_misc":{"Escrito por":"Redes","Tiempo de lectura":"4 minutos"},"schema":{"@context":"https:\/\/schema.org","@graph":[{"@type":"Article","@id":"https:\/\/www.yucatanencorto.com\/noticias\/musica-y-teatro-en-junio-en-la-oferta-de-la-temporada-olimpo\/#article","isPartOf":{"@id":"https:\/\/www.yucatanencorto.com\/noticias\/musica-y-teatro-en-junio-en-la-oferta-de-la-temporada-olimpo\/"},"author":{"name":"Redes","@id":"https:\/\/www.yucatanencorto.com\/noticias\/#\/schema\/person\/e2fbdfaf30a07014a43940ce989f3119"},"headline":"M\u00fasica y teatro en junio en la oferta de la Temporada Olimpo\u00a0","datePublished":"2024-06-05T22:24:20+00:00","mainEntityOfPage":{"@id":"https:\/\/www.yucatanencorto.com\/noticias\/musica-y-teatro-en-junio-en-la-oferta-de-la-temporada-olimpo\/"},"wordCount":708,"image":{"@id":"https:\/\/www.yucatanencorto.com\/noticias\/musica-y-teatro-en-junio-en-la-oferta-de-la-temporada-olimpo\/#primaryimage"},"thumbnailUrl":"https:\/\/www.yucatanencorto.com\/noticias\/wp-content\/uploads\/2024\/06\/IMG-20240605-WA0019-scaled.jpg","articleSection":["Yucat\u00e1n"],"inLanguage":"es"},{"@type":"WebPage","@id":"https:\/\/www.yucatanencorto.com\/noticias\/musica-y-teatro-en-junio-en-la-oferta-de-la-temporada-olimpo\/","url":"https:\/\/www.yucatanencorto.com\/noticias\/musica-y-teatro-en-junio-en-la-oferta-de-la-temporada-olimpo\/","name":"M\u00fasica y teatro en junio en la oferta de la Temporada Olimpo\u00a0 - Yucat\u00e1n en corto","isPartOf":{"@id":"https:\/\/www.yucatanencorto.com\/noticias\/#website"},"primaryImageOfPage":{"@id":"https:\/\/www.yucatanencorto.com\/noticias\/musica-y-teatro-en-junio-en-la-oferta-de-la-temporada-olimpo\/#primaryimage"},"image":{"@id":"https:\/\/www.yucatanencorto.com\/noticias\/musica-y-teatro-en-junio-en-la-oferta-de-la-temporada-olimpo\/#primaryimage"},"thumbnailUrl":"https:\/\/www.yucatanencorto.com\/noticias\/wp-content\/uploads\/2024\/06\/IMG-20240605-WA0019-scaled.jpg","datePublished":"2024-06-05T22:24:20+00:00","author":{"@id":"https:\/\/www.yucatanencorto.com\/noticias\/#\/schema\/person\/e2fbdfaf30a07014a43940ce989f3119"},"breadcrumb":{"@id":"https:\/\/www.yucatanencorto.com\/noticias\/musica-y-teatro-en-junio-en-la-oferta-de-la-temporada-olimpo\/#breadcrumb"},"inLanguage":"es","potentialAction":[{"@type":"ReadAction","target":["https:\/\/www.yucatanencorto.com\/noticias\/musica-y-teatro-en-junio-en-la-oferta-de-la-temporada-olimpo\/"]}]},{"@type":"ImageObject","inLanguage":"es","@id":"https:\/\/www.yucatanencorto.com\/noticias\/musica-y-teatro-en-junio-en-la-oferta-de-la-temporada-olimpo\/#primaryimage","url":"https:\/\/www.yucatanencorto.com\/noticias\/wp-content\/uploads\/2024\/06\/IMG-20240605-WA0019-scaled.jpg","contentUrl":"https:\/\/www.yucatanencorto.com\/noticias\/wp-content\/uploads\/2024\/06\/IMG-20240605-WA0019-scaled.jpg","width":768,"height":512},{"@type":"BreadcrumbList","@id":"https:\/\/www.yucatanencorto.com\/noticias\/musica-y-teatro-en-junio-en-la-oferta-de-la-temporada-olimpo\/#breadcrumb","itemListElement":[{"@type":"ListItem","position":1,"name":"Portada","item":"https:\/\/www.yucatanencorto.com\/noticias\/"},{"@type":"ListItem","position":2,"name":"M\u00fasica y teatro en junio en la oferta de la Temporada Olimpo\u00a0"}]},{"@type":"WebSite","@id":"https:\/\/www.yucatanencorto.com\/noticias\/#website","url":"https:\/\/www.yucatanencorto.com\/noticias\/","name":"Yucat\u00e1n en corto","description":"Noticias","potentialAction":[{"@type":"SearchAction","target":{"@type":"EntryPoint","urlTemplate":"https:\/\/www.yucatanencorto.com\/noticias\/?s={search_term_string}"},"query-input":{"@type":"PropertyValueSpecification","valueRequired":true,"valueName":"search_term_string"}}],"inLanguage":"es"},{"@type":"Person","@id":"https:\/\/www.yucatanencorto.com\/noticias\/#\/schema\/person\/e2fbdfaf30a07014a43940ce989f3119","name":"Redes","image":{"@type":"ImageObject","inLanguage":"es","@id":"https:\/\/secure.gravatar.com\/avatar\/5931a2d21dd7cc834f44c8c34fe56d90ed6d536ef452cbf870c7485b524dddd7?s=96&d=mm&r=g","url":"https:\/\/secure.gravatar.com\/avatar\/5931a2d21dd7cc834f44c8c34fe56d90ed6d536ef452cbf870c7485b524dddd7?s=96&d=mm&r=g","contentUrl":"https:\/\/secure.gravatar.com\/avatar\/5931a2d21dd7cc834f44c8c34fe56d90ed6d536ef452cbf870c7485b524dddd7?s=96&d=mm&r=g","caption":"Redes"},"url":"https:\/\/www.yucatanencorto.com\/noticias\/author\/redes\/"}]}},"_links":{"self":[{"href":"https:\/\/www.yucatanencorto.com\/noticias\/wp-json\/wp\/v2\/posts\/110274","targetHints":{"allow":["GET"]}}],"collection":[{"href":"https:\/\/www.yucatanencorto.com\/noticias\/wp-json\/wp\/v2\/posts"}],"about":[{"href":"https:\/\/www.yucatanencorto.com\/noticias\/wp-json\/wp\/v2\/types\/post"}],"author":[{"embeddable":true,"href":"https:\/\/www.yucatanencorto.com\/noticias\/wp-json\/wp\/v2\/users\/3"}],"replies":[{"embeddable":true,"href":"https:\/\/www.yucatanencorto.com\/noticias\/wp-json\/wp\/v2\/comments?post=110274"}],"version-history":[{"count":0,"href":"https:\/\/www.yucatanencorto.com\/noticias\/wp-json\/wp\/v2\/posts\/110274\/revisions"}],"wp:featuredmedia":[{"embeddable":true,"href":"https:\/\/www.yucatanencorto.com\/noticias\/wp-json\/wp\/v2\/media\/110275"}],"wp:attachment":[{"href":"https:\/\/www.yucatanencorto.com\/noticias\/wp-json\/wp\/v2\/media?parent=110274"}],"wp:term":[{"taxonomy":"category","embeddable":true,"href":"https:\/\/www.yucatanencorto.com\/noticias\/wp-json\/wp\/v2\/categories?post=110274"},{"taxonomy":"post_tag","embeddable":true,"href":"https:\/\/www.yucatanencorto.com\/noticias\/wp-json\/wp\/v2\/tags?post=110274"}],"curies":[{"name":"wp","href":"https:\/\/api.w.org\/{rel}","templated":true}]}}