{"id":110277,"date":"2024-06-05T16:26:23","date_gmt":"2024-06-05T22:26:23","guid":{"rendered":"https:\/\/www.yucatanencorto.com\/noticias\/?p=110277"},"modified":"2024-06-05T16:26:23","modified_gmt":"2024-06-05T22:26:23","slug":"mas-y-nuevas-unidades-de-va-y-ven-llegaran-a-la-ciudad","status":"publish","type":"post","link":"https:\/\/www.yucatanencorto.com\/noticias\/mas-y-nuevas-unidades-de-va-y-ven-llegaran-a-la-ciudad\/","title":{"rendered":"M\u00e1s y nuevas unidades de Va y Ven llegar\u00e1n a la ciudad"},"content":{"rendered":"<p><img loading=\"lazy\" decoding=\"async\" class=\"alignnone size-full wp-image-110278\" src=\"https:\/\/www.yucatanencorto.com\/noticias\/wp-content\/uploads\/2024\/06\/IMG-20240605-WA0018-1-scaled.jpg\" alt=\"\" width=\"768\" height=\"441\" srcset=\"https:\/\/www.yucatanencorto.com\/noticias\/wp-content\/uploads\/2024\/06\/IMG-20240605-WA0018-1-scaled.jpg 768w, https:\/\/www.yucatanencorto.com\/noticias\/wp-content\/uploads\/2024\/06\/IMG-20240605-WA0018-1-150x86.jpg 150w, https:\/\/www.yucatanencorto.com\/noticias\/wp-content\/uploads\/2024\/06\/IMG-20240605-WA0018-1-300x172.jpg 300w, https:\/\/www.yucatanencorto.com\/noticias\/wp-content\/uploads\/2024\/06\/IMG-20240605-WA0018-1-696x400.jpg 696w, https:\/\/www.yucatanencorto.com\/noticias\/wp-content\/uploads\/2024\/06\/IMG-20240605-WA0018-1-1068x613.jpg 1068w\" sizes=\"auto, (max-width: 768px) 100vw, 768px\" \/><\/p>\n<p>M\u00e9rida, Yucat\u00e1n, 5 de junio de 2024.- Entrar\u00e1n en operaci\u00f3n este s\u00e1bado 8 de junio, la ruta Kanas\u00edn-Naranjos y la de Dzibilchalt\u00fan-Chablekal-Sac Nict\u00e9-La Isla-Perif\u00e9rico del Circuito Comisar\u00edas como parte del Sistema de Transporte P\u00fablico \u201cVa y Ven\u00bb, para seguir acercando a m\u00e1s poblaci\u00f3n un servicio a la altura de lo que merecen como parte de la transformaci\u00f3n de la movilidad en Yucat\u00e1n.<\/p>\n<p>&nbsp;<\/p>\n<p>La Agencia de Transporte de Yucat\u00e1n (ATY) inform\u00f3 que, este fin de semana tocar\u00e1 arrancar operaciones a las rutas de Kanas\u00edn y comisar\u00edas al norte de M\u00e9rida, las cuales brindar\u00e1n servicio a trav\u00e9s de un total de 22 nuevas unidades h\u00edbridas, que son amigables con el medio ambiente.<\/p>\n<p>&nbsp;<\/p>\n<p>Se pondr\u00e1 en marcha la ruta Kanas\u00edn-Naranjos con 20 unidades h\u00edbridas, la \u00faltima que faltaba en este municipio y una de las que m\u00e1s gente transporta de Kanas\u00edn al centro de M\u00e9rida. En respaldo a la econom\u00eda de las familias yucatecas, esta ruta ser\u00e1 gratuita una semana, del s\u00e1bado 8 al domingo 16.<\/p>\n<p>&nbsp;<\/p>\n<p>En tanto, la ruta Dzibilchalt\u00fan \u2013 Chablekal &#8211; Sac Nict\u00e9 &#8211; La Isla \u2013 Perif\u00e9rico, que es la \u00faltima que faltaba para completar las 5 que conforman el Circuito Comisar\u00edas, funcionar\u00e1 a trav\u00e9s de 2 unidades h\u00edbridas. El servicio de esta ruta no tendr\u00e1 costo durante las primeras dos semanas, por lo que ser\u00e1 gratuito hasta el 23 de junio.<\/p>\n<p>&nbsp;<\/p>\n<p>Para ambas rutas se utilizar\u00e1n unidades Yutong h\u00edbridas las cuales combinan un sistema de propulsi\u00f3n di\u00e9sel-el\u00e9ctrico, con capacidad para 70 personas, 30 asientos, adem\u00e1s son amigables con el medio ambiente, ya que producen 400% menos de emisiones de CO2 al a\u00f1o, lo que significa la siembra de 2,845 \u00e1rboles.<\/p>\n<p>&nbsp;<\/p>\n<p>Tras los periodos gratuitos, el pago ser\u00e1 cien por ciento electr\u00f3nico con la tarjeta inteligente \u201cVa y Ven\u201d, lo que permitir\u00e1 que estudiantes, personas adultas mayores y con discapacidad accedan al beneficio de la tarifa social todos los d\u00edas del a\u00f1o, as\u00ed como a los transbordos gratis y a mitad de precio con otras rutas integradas al Sistema \u201cVa y Ven\u201d.<\/p>\n<p>&nbsp;<\/p>\n<p>La Agencia de Transporte de Yucat\u00e1n (ATY) cuenta con la l\u00ednea 072 y el ChatBus, v\u00eda mensaje de WhatsApp al n\u00famero 999 165 24 74, para reportar cualquier incidencia en el transporte p\u00fablico, solicitar informaci\u00f3n de rutas, paraderos y tr\u00e1mites, as\u00ed como para emitir sugerencias.<\/p>\n","protected":false},"excerpt":{"rendered":"<p>M\u00e9rida, Yucat\u00e1n, 5 de junio de 2024.- Entrar\u00e1n en operaci\u00f3n este s\u00e1bado 8 de junio, la ruta Kanas\u00edn-Naranjos y la de Dzibilchalt\u00fan-Chablekal-Sac Nict\u00e9-La Isla-Perif\u00e9rico del Circuito Comisar\u00edas como parte del Sistema de Transporte P\u00fablico \u201cVa y Ven\u00bb, para seguir acercando a m\u00e1s poblaci\u00f3n un servicio a la altura de lo que merecen como parte de [&hellip;]<\/p>\n","protected":false},"author":3,"featured_media":110278,"comment_status":"closed","ping_status":"closed","sticky":false,"template":"","format":"standard","meta":{"footnotes":""},"categories":[3],"tags":[],"class_list":{"0":"post-110277","1":"post","2":"type-post","3":"status-publish","4":"format-standard","5":"has-post-thumbnail","7":"category-yucatan"},"yoast_head":"<!-- This site is optimized with the Yoast SEO plugin v27.5 - https:\/\/yoast.com\/product\/yoast-seo-wordpress\/ -->\n<title>M\u00e1s y nuevas unidades de Va y Ven llegar\u00e1n a la ciudad - Yucat\u00e1n en corto<\/title>\n<meta name=\"robots\" content=\"index, follow, max-snippet:-1, max-image-preview:large, max-video-preview:-1\" \/>\n<link rel=\"canonical\" href=\"https:\/\/www.yucatanencorto.com\/noticias\/mas-y-nuevas-unidades-de-va-y-ven-llegaran-a-la-ciudad\/\" \/>\n<meta property=\"og:locale\" content=\"es_ES\" \/>\n<meta property=\"og:type\" content=\"article\" \/>\n<meta property=\"og:title\" content=\"M\u00e1s y nuevas unidades de Va y Ven llegar\u00e1n a la ciudad - Yucat\u00e1n en corto\" \/>\n<meta property=\"og:description\" content=\"M\u00e9rida, Yucat\u00e1n, 5 de junio de 2024.- Entrar\u00e1n en operaci\u00f3n este s\u00e1bado 8 de junio, la ruta Kanas\u00edn-Naranjos y la de Dzibilchalt\u00fan-Chablekal-Sac Nict\u00e9-La Isla-Perif\u00e9rico del Circuito Comisar\u00edas como parte del Sistema de Transporte P\u00fablico \u201cVa y Ven\u00bb, para seguir acercando a m\u00e1s poblaci\u00f3n un servicio a la altura de lo que merecen como parte de [&hellip;]\" \/>\n<meta property=\"og:url\" content=\"https:\/\/www.yucatanencorto.com\/noticias\/mas-y-nuevas-unidades-de-va-y-ven-llegaran-a-la-ciudad\/\" \/>\n<meta property=\"og:site_name\" content=\"Yucat\u00e1n en corto\" \/>\n<meta property=\"article:publisher\" content=\"http:\/\/www.facebook.com\/yucatanencorto\" \/>\n<meta property=\"article:published_time\" content=\"2024-06-05T22:26:23+00:00\" \/>\n<meta property=\"og:image\" content=\"https:\/\/www.yucatanencorto.com\/noticias\/wp-content\/uploads\/2024\/06\/IMG-20240605-WA0018-1-scaled.jpg\" \/>\n\t<meta property=\"og:image:width\" content=\"768\" \/>\n\t<meta property=\"og:image:height\" content=\"441\" \/>\n\t<meta property=\"og:image:type\" content=\"image\/jpeg\" \/>\n<meta name=\"author\" content=\"Redes\" \/>\n<meta name=\"twitter:card\" content=\"summary_large_image\" \/>\n<meta name=\"twitter:creator\" content=\"@yucatanencorto\" \/>\n<meta name=\"twitter:site\" content=\"@yucatanencorto\" \/>\n<meta name=\"twitter:label1\" content=\"Escrito por\" \/>\n\t<meta name=\"twitter:data1\" content=\"Redes\" \/>\n\t<meta name=\"twitter:label2\" content=\"Tiempo de lectura\" \/>\n\t<meta name=\"twitter:data2\" content=\"2 minutos\" \/>\n<script type=\"application\/ld+json\" class=\"yoast-schema-graph\">{\"@context\":\"https:\\\/\\\/schema.org\",\"@graph\":[{\"@type\":\"Article\",\"@id\":\"https:\\\/\\\/www.yucatanencorto.com\\\/noticias\\\/mas-y-nuevas-unidades-de-va-y-ven-llegaran-a-la-ciudad\\\/#article\",\"isPartOf\":{\"@id\":\"https:\\\/\\\/www.yucatanencorto.com\\\/noticias\\\/mas-y-nuevas-unidades-de-va-y-ven-llegaran-a-la-ciudad\\\/\"},\"author\":{\"name\":\"Redes\",\"@id\":\"https:\\\/\\\/www.yucatanencorto.com\\\/noticias\\\/#\\\/schema\\\/person\\\/e2fbdfaf30a07014a43940ce989f3119\"},\"headline\":\"M\u00e1s y nuevas unidades de Va y Ven llegar\u00e1n a la ciudad\",\"datePublished\":\"2024-06-05T22:26:23+00:00\",\"mainEntityOfPage\":{\"@id\":\"https:\\\/\\\/www.yucatanencorto.com\\\/noticias\\\/mas-y-nuevas-unidades-de-va-y-ven-llegaran-a-la-ciudad\\\/\"},\"wordCount\":429,\"image\":{\"@id\":\"https:\\\/\\\/www.yucatanencorto.com\\\/noticias\\\/mas-y-nuevas-unidades-de-va-y-ven-llegaran-a-la-ciudad\\\/#primaryimage\"},\"thumbnailUrl\":\"https:\\\/\\\/www.yucatanencorto.com\\\/noticias\\\/wp-content\\\/uploads\\\/2024\\\/06\\\/IMG-20240605-WA0018-1-scaled.jpg\",\"articleSection\":[\"Yucat\u00e1n\"],\"inLanguage\":\"es\"},{\"@type\":\"WebPage\",\"@id\":\"https:\\\/\\\/www.yucatanencorto.com\\\/noticias\\\/mas-y-nuevas-unidades-de-va-y-ven-llegaran-a-la-ciudad\\\/\",\"url\":\"https:\\\/\\\/www.yucatanencorto.com\\\/noticias\\\/mas-y-nuevas-unidades-de-va-y-ven-llegaran-a-la-ciudad\\\/\",\"name\":\"M\u00e1s y nuevas unidades de Va y Ven llegar\u00e1n a la ciudad - Yucat\u00e1n en corto\",\"isPartOf\":{\"@id\":\"https:\\\/\\\/www.yucatanencorto.com\\\/noticias\\\/#website\"},\"primaryImageOfPage\":{\"@id\":\"https:\\\/\\\/www.yucatanencorto.com\\\/noticias\\\/mas-y-nuevas-unidades-de-va-y-ven-llegaran-a-la-ciudad\\\/#primaryimage\"},\"image\":{\"@id\":\"https:\\\/\\\/www.yucatanencorto.com\\\/noticias\\\/mas-y-nuevas-unidades-de-va-y-ven-llegaran-a-la-ciudad\\\/#primaryimage\"},\"thumbnailUrl\":\"https:\\\/\\\/www.yucatanencorto.com\\\/noticias\\\/wp-content\\\/uploads\\\/2024\\\/06\\\/IMG-20240605-WA0018-1-scaled.jpg\",\"datePublished\":\"2024-06-05T22:26:23+00:00\",\"author\":{\"@id\":\"https:\\\/\\\/www.yucatanencorto.com\\\/noticias\\\/#\\\/schema\\\/person\\\/e2fbdfaf30a07014a43940ce989f3119\"},\"breadcrumb\":{\"@id\":\"https:\\\/\\\/www.yucatanencorto.com\\\/noticias\\\/mas-y-nuevas-unidades-de-va-y-ven-llegaran-a-la-ciudad\\\/#breadcrumb\"},\"inLanguage\":\"es\",\"potentialAction\":[{\"@type\":\"ReadAction\",\"target\":[\"https:\\\/\\\/www.yucatanencorto.com\\\/noticias\\\/mas-y-nuevas-unidades-de-va-y-ven-llegaran-a-la-ciudad\\\/\"]}]},{\"@type\":\"ImageObject\",\"inLanguage\":\"es\",\"@id\":\"https:\\\/\\\/www.yucatanencorto.com\\\/noticias\\\/mas-y-nuevas-unidades-de-va-y-ven-llegaran-a-la-ciudad\\\/#primaryimage\",\"url\":\"https:\\\/\\\/www.yucatanencorto.com\\\/noticias\\\/wp-content\\\/uploads\\\/2024\\\/06\\\/IMG-20240605-WA0018-1-scaled.jpg\",\"contentUrl\":\"https:\\\/\\\/www.yucatanencorto.com\\\/noticias\\\/wp-content\\\/uploads\\\/2024\\\/06\\\/IMG-20240605-WA0018-1-scaled.jpg\",\"width\":768,\"height\":441},{\"@type\":\"BreadcrumbList\",\"@id\":\"https:\\\/\\\/www.yucatanencorto.com\\\/noticias\\\/mas-y-nuevas-unidades-de-va-y-ven-llegaran-a-la-ciudad\\\/#breadcrumb\",\"itemListElement\":[{\"@type\":\"ListItem\",\"position\":1,\"name\":\"Portada\",\"item\":\"https:\\\/\\\/www.yucatanencorto.com\\\/noticias\\\/\"},{\"@type\":\"ListItem\",\"position\":2,\"name\":\"M\u00e1s y nuevas unidades de Va y Ven llegar\u00e1n a la ciudad\"}]},{\"@type\":\"WebSite\",\"@id\":\"https:\\\/\\\/www.yucatanencorto.com\\\/noticias\\\/#website\",\"url\":\"https:\\\/\\\/www.yucatanencorto.com\\\/noticias\\\/\",\"name\":\"Yucat\u00e1n en corto\",\"description\":\"Noticias\",\"potentialAction\":[{\"@type\":\"SearchAction\",\"target\":{\"@type\":\"EntryPoint\",\"urlTemplate\":\"https:\\\/\\\/www.yucatanencorto.com\\\/noticias\\\/?s={search_term_string}\"},\"query-input\":{\"@type\":\"PropertyValueSpecification\",\"valueRequired\":true,\"valueName\":\"search_term_string\"}}],\"inLanguage\":\"es\"},{\"@type\":\"Person\",\"@id\":\"https:\\\/\\\/www.yucatanencorto.com\\\/noticias\\\/#\\\/schema\\\/person\\\/e2fbdfaf30a07014a43940ce989f3119\",\"name\":\"Redes\",\"image\":{\"@type\":\"ImageObject\",\"inLanguage\":\"es\",\"@id\":\"https:\\\/\\\/secure.gravatar.com\\\/avatar\\\/5931a2d21dd7cc834f44c8c34fe56d90ed6d536ef452cbf870c7485b524dddd7?s=96&d=mm&r=g\",\"url\":\"https:\\\/\\\/secure.gravatar.com\\\/avatar\\\/5931a2d21dd7cc834f44c8c34fe56d90ed6d536ef452cbf870c7485b524dddd7?s=96&d=mm&r=g\",\"contentUrl\":\"https:\\\/\\\/secure.gravatar.com\\\/avatar\\\/5931a2d21dd7cc834f44c8c34fe56d90ed6d536ef452cbf870c7485b524dddd7?s=96&d=mm&r=g\",\"caption\":\"Redes\"},\"url\":\"https:\\\/\\\/www.yucatanencorto.com\\\/noticias\\\/author\\\/redes\\\/\"}]}<\/script>\n<!-- \/ Yoast SEO plugin. -->","yoast_head_json":{"title":"M\u00e1s y nuevas unidades de Va y Ven llegar\u00e1n a la ciudad - Yucat\u00e1n en corto","robots":{"index":"index","follow":"follow","max-snippet":"max-snippet:-1","max-image-preview":"max-image-preview:large","max-video-preview":"max-video-preview:-1"},"canonical":"https:\/\/www.yucatanencorto.com\/noticias\/mas-y-nuevas-unidades-de-va-y-ven-llegaran-a-la-ciudad\/","og_locale":"es_ES","og_type":"article","og_title":"M\u00e1s y nuevas unidades de Va y Ven llegar\u00e1n a la ciudad - Yucat\u00e1n en corto","og_description":"M\u00e9rida, Yucat\u00e1n, 5 de junio de 2024.- Entrar\u00e1n en operaci\u00f3n este s\u00e1bado 8 de junio, la ruta Kanas\u00edn-Naranjos y la de Dzibilchalt\u00fan-Chablekal-Sac Nict\u00e9-La Isla-Perif\u00e9rico del Circuito Comisar\u00edas como parte del Sistema de Transporte P\u00fablico \u201cVa y Ven\u00bb, para seguir acercando a m\u00e1s poblaci\u00f3n un servicio a la altura de lo que merecen como parte de [&hellip;]","og_url":"https:\/\/www.yucatanencorto.com\/noticias\/mas-y-nuevas-unidades-de-va-y-ven-llegaran-a-la-ciudad\/","og_site_name":"Yucat\u00e1n en corto","article_publisher":"http:\/\/www.facebook.com\/yucatanencorto","article_published_time":"2024-06-05T22:26:23+00:00","og_image":[{"width":768,"height":441,"url":"https:\/\/www.yucatanencorto.com\/noticias\/wp-content\/uploads\/2024\/06\/IMG-20240605-WA0018-1-scaled.jpg","type":"image\/jpeg"}],"author":"Redes","twitter_card":"summary_large_image","twitter_creator":"@yucatanencorto","twitter_site":"@yucatanencorto","twitter_misc":{"Escrito por":"Redes","Tiempo de lectura":"2 minutos"},"schema":{"@context":"https:\/\/schema.org","@graph":[{"@type":"Article","@id":"https:\/\/www.yucatanencorto.com\/noticias\/mas-y-nuevas-unidades-de-va-y-ven-llegaran-a-la-ciudad\/#article","isPartOf":{"@id":"https:\/\/www.yucatanencorto.com\/noticias\/mas-y-nuevas-unidades-de-va-y-ven-llegaran-a-la-ciudad\/"},"author":{"name":"Redes","@id":"https:\/\/www.yucatanencorto.com\/noticias\/#\/schema\/person\/e2fbdfaf30a07014a43940ce989f3119"},"headline":"M\u00e1s y nuevas unidades de Va y Ven llegar\u00e1n a la ciudad","datePublished":"2024-06-05T22:26:23+00:00","mainEntityOfPage":{"@id":"https:\/\/www.yucatanencorto.com\/noticias\/mas-y-nuevas-unidades-de-va-y-ven-llegaran-a-la-ciudad\/"},"wordCount":429,"image":{"@id":"https:\/\/www.yucatanencorto.com\/noticias\/mas-y-nuevas-unidades-de-va-y-ven-llegaran-a-la-ciudad\/#primaryimage"},"thumbnailUrl":"https:\/\/www.yucatanencorto.com\/noticias\/wp-content\/uploads\/2024\/06\/IMG-20240605-WA0018-1-scaled.jpg","articleSection":["Yucat\u00e1n"],"inLanguage":"es"},{"@type":"WebPage","@id":"https:\/\/www.yucatanencorto.com\/noticias\/mas-y-nuevas-unidades-de-va-y-ven-llegaran-a-la-ciudad\/","url":"https:\/\/www.yucatanencorto.com\/noticias\/mas-y-nuevas-unidades-de-va-y-ven-llegaran-a-la-ciudad\/","name":"M\u00e1s y nuevas unidades de Va y Ven llegar\u00e1n a la ciudad - Yucat\u00e1n en corto","isPartOf":{"@id":"https:\/\/www.yucatanencorto.com\/noticias\/#website"},"primaryImageOfPage":{"@id":"https:\/\/www.yucatanencorto.com\/noticias\/mas-y-nuevas-unidades-de-va-y-ven-llegaran-a-la-ciudad\/#primaryimage"},"image":{"@id":"https:\/\/www.yucatanencorto.com\/noticias\/mas-y-nuevas-unidades-de-va-y-ven-llegaran-a-la-ciudad\/#primaryimage"},"thumbnailUrl":"https:\/\/www.yucatanencorto.com\/noticias\/wp-content\/uploads\/2024\/06\/IMG-20240605-WA0018-1-scaled.jpg","datePublished":"2024-06-05T22:26:23+00:00","author":{"@id":"https:\/\/www.yucatanencorto.com\/noticias\/#\/schema\/person\/e2fbdfaf30a07014a43940ce989f3119"},"breadcrumb":{"@id":"https:\/\/www.yucatanencorto.com\/noticias\/mas-y-nuevas-unidades-de-va-y-ven-llegaran-a-la-ciudad\/#breadcrumb"},"inLanguage":"es","potentialAction":[{"@type":"ReadAction","target":["https:\/\/www.yucatanencorto.com\/noticias\/mas-y-nuevas-unidades-de-va-y-ven-llegaran-a-la-ciudad\/"]}]},{"@type":"ImageObject","inLanguage":"es","@id":"https:\/\/www.yucatanencorto.com\/noticias\/mas-y-nuevas-unidades-de-va-y-ven-llegaran-a-la-ciudad\/#primaryimage","url":"https:\/\/www.yucatanencorto.com\/noticias\/wp-content\/uploads\/2024\/06\/IMG-20240605-WA0018-1-scaled.jpg","contentUrl":"https:\/\/www.yucatanencorto.com\/noticias\/wp-content\/uploads\/2024\/06\/IMG-20240605-WA0018-1-scaled.jpg","width":768,"height":441},{"@type":"BreadcrumbList","@id":"https:\/\/www.yucatanencorto.com\/noticias\/mas-y-nuevas-unidades-de-va-y-ven-llegaran-a-la-ciudad\/#breadcrumb","itemListElement":[{"@type":"ListItem","position":1,"name":"Portada","item":"https:\/\/www.yucatanencorto.com\/noticias\/"},{"@type":"ListItem","position":2,"name":"M\u00e1s y nuevas unidades de Va y Ven llegar\u00e1n a la ciudad"}]},{"@type":"WebSite","@id":"https:\/\/www.yucatanencorto.com\/noticias\/#website","url":"https:\/\/www.yucatanencorto.com\/noticias\/","name":"Yucat\u00e1n en corto","description":"Noticias","potentialAction":[{"@type":"SearchAction","target":{"@type":"EntryPoint","urlTemplate":"https:\/\/www.yucatanencorto.com\/noticias\/?s={search_term_string}"},"query-input":{"@type":"PropertyValueSpecification","valueRequired":true,"valueName":"search_term_string"}}],"inLanguage":"es"},{"@type":"Person","@id":"https:\/\/www.yucatanencorto.com\/noticias\/#\/schema\/person\/e2fbdfaf30a07014a43940ce989f3119","name":"Redes","image":{"@type":"ImageObject","inLanguage":"es","@id":"https:\/\/secure.gravatar.com\/avatar\/5931a2d21dd7cc834f44c8c34fe56d90ed6d536ef452cbf870c7485b524dddd7?s=96&d=mm&r=g","url":"https:\/\/secure.gravatar.com\/avatar\/5931a2d21dd7cc834f44c8c34fe56d90ed6d536ef452cbf870c7485b524dddd7?s=96&d=mm&r=g","contentUrl":"https:\/\/secure.gravatar.com\/avatar\/5931a2d21dd7cc834f44c8c34fe56d90ed6d536ef452cbf870c7485b524dddd7?s=96&d=mm&r=g","caption":"Redes"},"url":"https:\/\/www.yucatanencorto.com\/noticias\/author\/redes\/"}]}},"_links":{"self":[{"href":"https:\/\/www.yucatanencorto.com\/noticias\/wp-json\/wp\/v2\/posts\/110277","targetHints":{"allow":["GET"]}}],"collection":[{"href":"https:\/\/www.yucatanencorto.com\/noticias\/wp-json\/wp\/v2\/posts"}],"about":[{"href":"https:\/\/www.yucatanencorto.com\/noticias\/wp-json\/wp\/v2\/types\/post"}],"author":[{"embeddable":true,"href":"https:\/\/www.yucatanencorto.com\/noticias\/wp-json\/wp\/v2\/users\/3"}],"replies":[{"embeddable":true,"href":"https:\/\/www.yucatanencorto.com\/noticias\/wp-json\/wp\/v2\/comments?post=110277"}],"version-history":[{"count":0,"href":"https:\/\/www.yucatanencorto.com\/noticias\/wp-json\/wp\/v2\/posts\/110277\/revisions"}],"wp:featuredmedia":[{"embeddable":true,"href":"https:\/\/www.yucatanencorto.com\/noticias\/wp-json\/wp\/v2\/media\/110278"}],"wp:attachment":[{"href":"https:\/\/www.yucatanencorto.com\/noticias\/wp-json\/wp\/v2\/media?parent=110277"}],"wp:term":[{"taxonomy":"category","embeddable":true,"href":"https:\/\/www.yucatanencorto.com\/noticias\/wp-json\/wp\/v2\/categories?post=110277"},{"taxonomy":"post_tag","embeddable":true,"href":"https:\/\/www.yucatanencorto.com\/noticias\/wp-json\/wp\/v2\/tags?post=110277"}],"curies":[{"name":"wp","href":"https:\/\/api.w.org\/{rel}","templated":true}]}}