{"id":110280,"date":"2024-06-05T21:19:38","date_gmt":"2024-06-06T03:19:38","guid":{"rendered":"https:\/\/www.yucatanencorto.com\/noticias\/?p=110280"},"modified":"2024-06-05T21:19:38","modified_gmt":"2024-06-06T03:19:38","slug":"el-alcalde-alejandro-ruz-castro-encabeza-la-quinta-sesion-ordinaria-del-consejo-municipal-de-proteccion-civil","status":"publish","type":"post","link":"https:\/\/www.yucatanencorto.com\/noticias\/el-alcalde-alejandro-ruz-castro-encabeza-la-quinta-sesion-ordinaria-del-consejo-municipal-de-proteccion-civil\/","title":{"rendered":"El Alcalde Alejandro Ruz Castro encabeza la quinta sesi\u00f3n ordinaria del Consejo Municipal de Protecci\u00f3n Civil."},"content":{"rendered":"<p><img loading=\"lazy\" decoding=\"async\" class=\"alignnone size-full wp-image-110281\" src=\"https:\/\/www.yucatanencorto.com\/noticias\/wp-content\/uploads\/2024\/06\/IMG-20240605-WA0033-scaled.jpg\" alt=\"\" width=\"768\" height=\"512\" srcset=\"https:\/\/www.yucatanencorto.com\/noticias\/wp-content\/uploads\/2024\/06\/IMG-20240605-WA0033-scaled.jpg 768w, https:\/\/www.yucatanencorto.com\/noticias\/wp-content\/uploads\/2024\/06\/IMG-20240605-WA0033-150x100.jpg 150w, https:\/\/www.yucatanencorto.com\/noticias\/wp-content\/uploads\/2024\/06\/IMG-20240605-WA0033-300x200.jpg 300w, https:\/\/www.yucatanencorto.com\/noticias\/wp-content\/uploads\/2024\/06\/IMG-20240605-WA0033-696x464.jpg 696w, https:\/\/www.yucatanencorto.com\/noticias\/wp-content\/uploads\/2024\/06\/IMG-20240605-WA0033-1068x712.jpg 1068w\" sizes=\"auto, (max-width: 768px) 100vw, 768px\" \/><\/p>\n<p>M\u00e9rida, Yucat\u00e1n, 5 de junio de 2024-. Con el prop\u00f3sito de mantener y fortalecer la cultura de protecci\u00f3n en el Municipio, el Alcalde Alejandro Ruz Castro encabez\u00f3 la quinta sesi\u00f3n ordinaria del Consejo Municipal de Protecci\u00f3n Civil, en la cual M\u00e9rida se declar\u00f3 lista para responder ante los fen\u00f3menos meteorol\u00f3gicos que pudieran presentarse en la actual temporada de huracanes.<\/p>\n<p>\u201cEn esta temporada de huracanes, que concluir\u00e1 en noviembre pr\u00f3ximo, las y los ciudadanos pueden estar tranquilos, con la certeza de que, a trav\u00e9s de este Comit\u00e9, dispondremos de las medidas necesarias para salvaguardar su integridad ante posibles amenazas que la pongan en riesgo\u201d, afirm\u00f3.<\/p>\n<p>Asimismo, Ruz Castro destac\u00f3 que todo el esfuerzo municipal estar\u00e1 enfocado en responder de manera inmediata y oportuna ante cualquier emergencia derivada de estos fen\u00f3menos naturales.<\/p>\n<p>En la sesi\u00f3n ordinaria, el Alcalde se\u00f1al\u00f3 que autoridades y ciudadanos siempre saldr\u00e1n adelante trabajando en equipo, especialmente ante la posible llegada de un hurac\u00e1n en esta temporada.<\/p>\n<p>Ante el pron\u00f3stico de fen\u00f3menos meteorol\u00f3gicos pronosticados para esta temporada de huracanes que concluye el 30 de noviembre pr\u00f3ximo, Ruz Castro manifest\u00f3 que, al tratarse de una cifra mayor a la prevista para a\u00f1os anteriores, se mantendr\u00e1 la coordinaci\u00f3n entre instituciones y organismos participantes, a fin de proteger y salvaguardar primordialmente la vida humana, pero tambi\u00e9n el patrimonio de las y los meridanos.<\/p>\n<p>Al respecto, el director de Gobernaci\u00f3n, Ignacio Guti\u00e9rrez Sol\u00eds, mencion\u00f3 que para esta temporada se espera la formaci\u00f3n en el Atl\u00e1ntico de 23 ciclones que podr\u00edan afectar al municipio, incluidos seis huracanes de categor\u00eda 1 \u00f3 2 y cinco m\u00e1s de categor\u00edas 3, 4 \u00f3 5.<\/p>\n<p>En ese sentido, Guti\u00e9rrez Sol\u00eds destac\u00f3 que el Ayuntamiento cuenta con 64 refugios en el municipio, de los cuales 17 est\u00e1n en colonias y fraccionamientos y 47 en comisar\u00edas. Su capacidad total es de 6 mil 302 personas.<\/p>\n<p>\u201cCon las tormentas tropicales que tuvimos en 2020, tuvimos la oportunidad de identificar que hay comisar\u00edas del Municipio, especialmente del norte, con mayor riesgo de inundaci\u00f3n, por lo que en algunas de ellas contamos con m\u00e1s de un refugio para poder brindar protecci\u00f3n a las familias en caso de que se presente un hurac\u00e1n\u201d, indic\u00f3.<\/p>\n<p>De igual manera, inform\u00f3 que Protecci\u00f3n Civil Municipal tambi\u00e9n ha impartido 106 cursos con la participaci\u00f3n total de 3,675 personas. Adem\u00e1s, se imparti\u00f3 el curso Brigada Multifuncional, con el fin de que las brigadas de Protecci\u00f3n Civil est\u00e9n preparadas para salvaguardar la integridad f\u00edsica ante cualquier situaci\u00f3n de emergencia.<\/p>\n<p>Agreg\u00f3 que 218 empleados de 19 dependencias entre direcciones y unidades del Ayuntamiento de M\u00e9rida tomaron este curso de 6 jornadas de capacitaci\u00f3n durante febrero.<\/p>\n<p>Guti\u00e9rrez Sol\u00eds mencion\u00f3 que, para mantener informada a la poblaci\u00f3n, Protecci\u00f3n Civil contar\u00e1 con informaci\u00f3n sobre refugios y otras acciones relativas a la temporada de huracanes en maya, espa\u00f1ol, ingl\u00e9s y franc\u00e9s.<\/p>\n<p>Durante el evento en el cual acompa\u00f1aron al Alcalde, Enrique Alcocer Basto, Secretario T\u00e9cnico del Consejo y Coordinador Estatal de Protecci\u00f3n Civil (PROCIVY); Jos\u00e9 Luis Acosta Rodr\u00edguez, director general del Organismo de Cuenca Pen\u00ednsula de Yucat\u00e1n de la CONAGUA; Mario Ancona Teigell, C\u00f3nsul de Francia y Coordinador del Cuerpo Consular de M\u00e9rida; y Michel Byrne de Rodriguez, delegada estatal de la Cruz Roja Mexicana en Yucat\u00e1n; el Centro Mario Molina present\u00f3 v\u00eda zoom present\u00f3 la actualizaci\u00f3n del Atlas de Riesgo del Municipio.<\/p>\n<p>Tambi\u00e9n estuvieron directores y directoras municipales, as\u00ed como tambi\u00e9n, regidoras y regidores.<\/p>\n","protected":false},"excerpt":{"rendered":"<p>M\u00e9rida, Yucat\u00e1n, 5 de junio de 2024-. Con el prop\u00f3sito de mantener y fortalecer la cultura de protecci\u00f3n en el Municipio, el Alcalde Alejandro Ruz Castro encabez\u00f3 la quinta sesi\u00f3n ordinaria del Consejo Municipal de Protecci\u00f3n Civil, en la cual M\u00e9rida se declar\u00f3 lista para responder ante los fen\u00f3menos meteorol\u00f3gicos que pudieran presentarse en la [&hellip;]<\/p>\n","protected":false},"author":3,"featured_media":110281,"comment_status":"closed","ping_status":"closed","sticky":false,"template":"","format":"standard","meta":{"footnotes":""},"categories":[3],"tags":[],"class_list":{"0":"post-110280","1":"post","2":"type-post","3":"status-publish","4":"format-standard","5":"has-post-thumbnail","7":"category-yucatan"},"yoast_head":"<!-- This site is optimized with the Yoast SEO plugin v27.5 - https:\/\/yoast.com\/product\/yoast-seo-wordpress\/ -->\n<title>El Alcalde Alejandro Ruz Castro encabeza la quinta sesi\u00f3n ordinaria del Consejo Municipal de Protecci\u00f3n Civil. - Yucat\u00e1n en corto<\/title>\n<meta name=\"robots\" content=\"index, follow, max-snippet:-1, max-image-preview:large, max-video-preview:-1\" \/>\n<link rel=\"canonical\" href=\"https:\/\/www.yucatanencorto.com\/noticias\/el-alcalde-alejandro-ruz-castro-encabeza-la-quinta-sesion-ordinaria-del-consejo-municipal-de-proteccion-civil\/\" \/>\n<meta property=\"og:locale\" content=\"es_ES\" \/>\n<meta property=\"og:type\" content=\"article\" \/>\n<meta property=\"og:title\" content=\"El Alcalde Alejandro Ruz Castro encabeza la quinta sesi\u00f3n ordinaria del Consejo Municipal de Protecci\u00f3n Civil. - Yucat\u00e1n en corto\" \/>\n<meta property=\"og:description\" content=\"M\u00e9rida, Yucat\u00e1n, 5 de junio de 2024-. Con el prop\u00f3sito de mantener y fortalecer la cultura de protecci\u00f3n en el Municipio, el Alcalde Alejandro Ruz Castro encabez\u00f3 la quinta sesi\u00f3n ordinaria del Consejo Municipal de Protecci\u00f3n Civil, en la cual M\u00e9rida se declar\u00f3 lista para responder ante los fen\u00f3menos meteorol\u00f3gicos que pudieran presentarse en la [&hellip;]\" \/>\n<meta property=\"og:url\" content=\"https:\/\/www.yucatanencorto.com\/noticias\/el-alcalde-alejandro-ruz-castro-encabeza-la-quinta-sesion-ordinaria-del-consejo-municipal-de-proteccion-civil\/\" \/>\n<meta property=\"og:site_name\" content=\"Yucat\u00e1n en corto\" \/>\n<meta property=\"article:publisher\" content=\"http:\/\/www.facebook.com\/yucatanencorto\" \/>\n<meta property=\"article:published_time\" content=\"2024-06-06T03:19:38+00:00\" \/>\n<meta property=\"og:image\" content=\"https:\/\/www.yucatanencorto.com\/noticias\/wp-content\/uploads\/2024\/06\/IMG-20240605-WA0033-scaled.jpg\" \/>\n\t<meta property=\"og:image:width\" content=\"768\" \/>\n\t<meta property=\"og:image:height\" content=\"512\" \/>\n\t<meta property=\"og:image:type\" content=\"image\/jpeg\" \/>\n<meta name=\"author\" content=\"Redes\" \/>\n<meta name=\"twitter:card\" content=\"summary_large_image\" \/>\n<meta name=\"twitter:creator\" content=\"@yucatanencorto\" \/>\n<meta name=\"twitter:site\" content=\"@yucatanencorto\" \/>\n<meta name=\"twitter:label1\" content=\"Escrito por\" \/>\n\t<meta name=\"twitter:data1\" content=\"Redes\" \/>\n\t<meta name=\"twitter:label2\" content=\"Tiempo de lectura\" \/>\n\t<meta name=\"twitter:data2\" content=\"3 minutos\" \/>\n<script type=\"application\/ld+json\" class=\"yoast-schema-graph\">{\"@context\":\"https:\\\/\\\/schema.org\",\"@graph\":[{\"@type\":\"Article\",\"@id\":\"https:\\\/\\\/www.yucatanencorto.com\\\/noticias\\\/el-alcalde-alejandro-ruz-castro-encabeza-la-quinta-sesion-ordinaria-del-consejo-municipal-de-proteccion-civil\\\/#article\",\"isPartOf\":{\"@id\":\"https:\\\/\\\/www.yucatanencorto.com\\\/noticias\\\/el-alcalde-alejandro-ruz-castro-encabeza-la-quinta-sesion-ordinaria-del-consejo-municipal-de-proteccion-civil\\\/\"},\"author\":{\"name\":\"Redes\",\"@id\":\"https:\\\/\\\/www.yucatanencorto.com\\\/noticias\\\/#\\\/schema\\\/person\\\/e2fbdfaf30a07014a43940ce989f3119\"},\"headline\":\"El Alcalde Alejandro Ruz Castro encabeza la quinta sesi\u00f3n ordinaria del Consejo Municipal de Protecci\u00f3n Civil.\",\"datePublished\":\"2024-06-06T03:19:38+00:00\",\"mainEntityOfPage\":{\"@id\":\"https:\\\/\\\/www.yucatanencorto.com\\\/noticias\\\/el-alcalde-alejandro-ruz-castro-encabeza-la-quinta-sesion-ordinaria-del-consejo-municipal-de-proteccion-civil\\\/\"},\"wordCount\":629,\"image\":{\"@id\":\"https:\\\/\\\/www.yucatanencorto.com\\\/noticias\\\/el-alcalde-alejandro-ruz-castro-encabeza-la-quinta-sesion-ordinaria-del-consejo-municipal-de-proteccion-civil\\\/#primaryimage\"},\"thumbnailUrl\":\"https:\\\/\\\/www.yucatanencorto.com\\\/noticias\\\/wp-content\\\/uploads\\\/2024\\\/06\\\/IMG-20240605-WA0033-scaled.jpg\",\"articleSection\":[\"Yucat\u00e1n\"],\"inLanguage\":\"es\"},{\"@type\":\"WebPage\",\"@id\":\"https:\\\/\\\/www.yucatanencorto.com\\\/noticias\\\/el-alcalde-alejandro-ruz-castro-encabeza-la-quinta-sesion-ordinaria-del-consejo-municipal-de-proteccion-civil\\\/\",\"url\":\"https:\\\/\\\/www.yucatanencorto.com\\\/noticias\\\/el-alcalde-alejandro-ruz-castro-encabeza-la-quinta-sesion-ordinaria-del-consejo-municipal-de-proteccion-civil\\\/\",\"name\":\"El Alcalde Alejandro Ruz Castro encabeza la quinta sesi\u00f3n ordinaria del Consejo Municipal de Protecci\u00f3n Civil. - Yucat\u00e1n en corto\",\"isPartOf\":{\"@id\":\"https:\\\/\\\/www.yucatanencorto.com\\\/noticias\\\/#website\"},\"primaryImageOfPage\":{\"@id\":\"https:\\\/\\\/www.yucatanencorto.com\\\/noticias\\\/el-alcalde-alejandro-ruz-castro-encabeza-la-quinta-sesion-ordinaria-del-consejo-municipal-de-proteccion-civil\\\/#primaryimage\"},\"image\":{\"@id\":\"https:\\\/\\\/www.yucatanencorto.com\\\/noticias\\\/el-alcalde-alejandro-ruz-castro-encabeza-la-quinta-sesion-ordinaria-del-consejo-municipal-de-proteccion-civil\\\/#primaryimage\"},\"thumbnailUrl\":\"https:\\\/\\\/www.yucatanencorto.com\\\/noticias\\\/wp-content\\\/uploads\\\/2024\\\/06\\\/IMG-20240605-WA0033-scaled.jpg\",\"datePublished\":\"2024-06-06T03:19:38+00:00\",\"author\":{\"@id\":\"https:\\\/\\\/www.yucatanencorto.com\\\/noticias\\\/#\\\/schema\\\/person\\\/e2fbdfaf30a07014a43940ce989f3119\"},\"breadcrumb\":{\"@id\":\"https:\\\/\\\/www.yucatanencorto.com\\\/noticias\\\/el-alcalde-alejandro-ruz-castro-encabeza-la-quinta-sesion-ordinaria-del-consejo-municipal-de-proteccion-civil\\\/#breadcrumb\"},\"inLanguage\":\"es\",\"potentialAction\":[{\"@type\":\"ReadAction\",\"target\":[\"https:\\\/\\\/www.yucatanencorto.com\\\/noticias\\\/el-alcalde-alejandro-ruz-castro-encabeza-la-quinta-sesion-ordinaria-del-consejo-municipal-de-proteccion-civil\\\/\"]}]},{\"@type\":\"ImageObject\",\"inLanguage\":\"es\",\"@id\":\"https:\\\/\\\/www.yucatanencorto.com\\\/noticias\\\/el-alcalde-alejandro-ruz-castro-encabeza-la-quinta-sesion-ordinaria-del-consejo-municipal-de-proteccion-civil\\\/#primaryimage\",\"url\":\"https:\\\/\\\/www.yucatanencorto.com\\\/noticias\\\/wp-content\\\/uploads\\\/2024\\\/06\\\/IMG-20240605-WA0033-scaled.jpg\",\"contentUrl\":\"https:\\\/\\\/www.yucatanencorto.com\\\/noticias\\\/wp-content\\\/uploads\\\/2024\\\/06\\\/IMG-20240605-WA0033-scaled.jpg\",\"width\":768,\"height\":512},{\"@type\":\"BreadcrumbList\",\"@id\":\"https:\\\/\\\/www.yucatanencorto.com\\\/noticias\\\/el-alcalde-alejandro-ruz-castro-encabeza-la-quinta-sesion-ordinaria-del-consejo-municipal-de-proteccion-civil\\\/#breadcrumb\",\"itemListElement\":[{\"@type\":\"ListItem\",\"position\":1,\"name\":\"Portada\",\"item\":\"https:\\\/\\\/www.yucatanencorto.com\\\/noticias\\\/\"},{\"@type\":\"ListItem\",\"position\":2,\"name\":\"El Alcalde Alejandro Ruz Castro encabeza la quinta sesi\u00f3n ordinaria del Consejo Municipal de Protecci\u00f3n Civil.\"}]},{\"@type\":\"WebSite\",\"@id\":\"https:\\\/\\\/www.yucatanencorto.com\\\/noticias\\\/#website\",\"url\":\"https:\\\/\\\/www.yucatanencorto.com\\\/noticias\\\/\",\"name\":\"Yucat\u00e1n en corto\",\"description\":\"Noticias\",\"potentialAction\":[{\"@type\":\"SearchAction\",\"target\":{\"@type\":\"EntryPoint\",\"urlTemplate\":\"https:\\\/\\\/www.yucatanencorto.com\\\/noticias\\\/?s={search_term_string}\"},\"query-input\":{\"@type\":\"PropertyValueSpecification\",\"valueRequired\":true,\"valueName\":\"search_term_string\"}}],\"inLanguage\":\"es\"},{\"@type\":\"Person\",\"@id\":\"https:\\\/\\\/www.yucatanencorto.com\\\/noticias\\\/#\\\/schema\\\/person\\\/e2fbdfaf30a07014a43940ce989f3119\",\"name\":\"Redes\",\"image\":{\"@type\":\"ImageObject\",\"inLanguage\":\"es\",\"@id\":\"https:\\\/\\\/secure.gravatar.com\\\/avatar\\\/5931a2d21dd7cc834f44c8c34fe56d90ed6d536ef452cbf870c7485b524dddd7?s=96&d=mm&r=g\",\"url\":\"https:\\\/\\\/secure.gravatar.com\\\/avatar\\\/5931a2d21dd7cc834f44c8c34fe56d90ed6d536ef452cbf870c7485b524dddd7?s=96&d=mm&r=g\",\"contentUrl\":\"https:\\\/\\\/secure.gravatar.com\\\/avatar\\\/5931a2d21dd7cc834f44c8c34fe56d90ed6d536ef452cbf870c7485b524dddd7?s=96&d=mm&r=g\",\"caption\":\"Redes\"},\"url\":\"https:\\\/\\\/www.yucatanencorto.com\\\/noticias\\\/author\\\/redes\\\/\"}]}<\/script>\n<!-- \/ Yoast SEO plugin. -->","yoast_head_json":{"title":"El Alcalde Alejandro Ruz Castro encabeza la quinta sesi\u00f3n ordinaria del Consejo Municipal de Protecci\u00f3n Civil. - Yucat\u00e1n en corto","robots":{"index":"index","follow":"follow","max-snippet":"max-snippet:-1","max-image-preview":"max-image-preview:large","max-video-preview":"max-video-preview:-1"},"canonical":"https:\/\/www.yucatanencorto.com\/noticias\/el-alcalde-alejandro-ruz-castro-encabeza-la-quinta-sesion-ordinaria-del-consejo-municipal-de-proteccion-civil\/","og_locale":"es_ES","og_type":"article","og_title":"El Alcalde Alejandro Ruz Castro encabeza la quinta sesi\u00f3n ordinaria del Consejo Municipal de Protecci\u00f3n Civil. - Yucat\u00e1n en corto","og_description":"M\u00e9rida, Yucat\u00e1n, 5 de junio de 2024-. Con el prop\u00f3sito de mantener y fortalecer la cultura de protecci\u00f3n en el Municipio, el Alcalde Alejandro Ruz Castro encabez\u00f3 la quinta sesi\u00f3n ordinaria del Consejo Municipal de Protecci\u00f3n Civil, en la cual M\u00e9rida se declar\u00f3 lista para responder ante los fen\u00f3menos meteorol\u00f3gicos que pudieran presentarse en la [&hellip;]","og_url":"https:\/\/www.yucatanencorto.com\/noticias\/el-alcalde-alejandro-ruz-castro-encabeza-la-quinta-sesion-ordinaria-del-consejo-municipal-de-proteccion-civil\/","og_site_name":"Yucat\u00e1n en corto","article_publisher":"http:\/\/www.facebook.com\/yucatanencorto","article_published_time":"2024-06-06T03:19:38+00:00","og_image":[{"width":768,"height":512,"url":"https:\/\/www.yucatanencorto.com\/noticias\/wp-content\/uploads\/2024\/06\/IMG-20240605-WA0033-scaled.jpg","type":"image\/jpeg"}],"author":"Redes","twitter_card":"summary_large_image","twitter_creator":"@yucatanencorto","twitter_site":"@yucatanencorto","twitter_misc":{"Escrito por":"Redes","Tiempo de lectura":"3 minutos"},"schema":{"@context":"https:\/\/schema.org","@graph":[{"@type":"Article","@id":"https:\/\/www.yucatanencorto.com\/noticias\/el-alcalde-alejandro-ruz-castro-encabeza-la-quinta-sesion-ordinaria-del-consejo-municipal-de-proteccion-civil\/#article","isPartOf":{"@id":"https:\/\/www.yucatanencorto.com\/noticias\/el-alcalde-alejandro-ruz-castro-encabeza-la-quinta-sesion-ordinaria-del-consejo-municipal-de-proteccion-civil\/"},"author":{"name":"Redes","@id":"https:\/\/www.yucatanencorto.com\/noticias\/#\/schema\/person\/e2fbdfaf30a07014a43940ce989f3119"},"headline":"El Alcalde Alejandro Ruz Castro encabeza la quinta sesi\u00f3n ordinaria del Consejo Municipal de Protecci\u00f3n Civil.","datePublished":"2024-06-06T03:19:38+00:00","mainEntityOfPage":{"@id":"https:\/\/www.yucatanencorto.com\/noticias\/el-alcalde-alejandro-ruz-castro-encabeza-la-quinta-sesion-ordinaria-del-consejo-municipal-de-proteccion-civil\/"},"wordCount":629,"image":{"@id":"https:\/\/www.yucatanencorto.com\/noticias\/el-alcalde-alejandro-ruz-castro-encabeza-la-quinta-sesion-ordinaria-del-consejo-municipal-de-proteccion-civil\/#primaryimage"},"thumbnailUrl":"https:\/\/www.yucatanencorto.com\/noticias\/wp-content\/uploads\/2024\/06\/IMG-20240605-WA0033-scaled.jpg","articleSection":["Yucat\u00e1n"],"inLanguage":"es"},{"@type":"WebPage","@id":"https:\/\/www.yucatanencorto.com\/noticias\/el-alcalde-alejandro-ruz-castro-encabeza-la-quinta-sesion-ordinaria-del-consejo-municipal-de-proteccion-civil\/","url":"https:\/\/www.yucatanencorto.com\/noticias\/el-alcalde-alejandro-ruz-castro-encabeza-la-quinta-sesion-ordinaria-del-consejo-municipal-de-proteccion-civil\/","name":"El Alcalde Alejandro Ruz Castro encabeza la quinta sesi\u00f3n ordinaria del Consejo Municipal de Protecci\u00f3n Civil. - Yucat\u00e1n en corto","isPartOf":{"@id":"https:\/\/www.yucatanencorto.com\/noticias\/#website"},"primaryImageOfPage":{"@id":"https:\/\/www.yucatanencorto.com\/noticias\/el-alcalde-alejandro-ruz-castro-encabeza-la-quinta-sesion-ordinaria-del-consejo-municipal-de-proteccion-civil\/#primaryimage"},"image":{"@id":"https:\/\/www.yucatanencorto.com\/noticias\/el-alcalde-alejandro-ruz-castro-encabeza-la-quinta-sesion-ordinaria-del-consejo-municipal-de-proteccion-civil\/#primaryimage"},"thumbnailUrl":"https:\/\/www.yucatanencorto.com\/noticias\/wp-content\/uploads\/2024\/06\/IMG-20240605-WA0033-scaled.jpg","datePublished":"2024-06-06T03:19:38+00:00","author":{"@id":"https:\/\/www.yucatanencorto.com\/noticias\/#\/schema\/person\/e2fbdfaf30a07014a43940ce989f3119"},"breadcrumb":{"@id":"https:\/\/www.yucatanencorto.com\/noticias\/el-alcalde-alejandro-ruz-castro-encabeza-la-quinta-sesion-ordinaria-del-consejo-municipal-de-proteccion-civil\/#breadcrumb"},"inLanguage":"es","potentialAction":[{"@type":"ReadAction","target":["https:\/\/www.yucatanencorto.com\/noticias\/el-alcalde-alejandro-ruz-castro-encabeza-la-quinta-sesion-ordinaria-del-consejo-municipal-de-proteccion-civil\/"]}]},{"@type":"ImageObject","inLanguage":"es","@id":"https:\/\/www.yucatanencorto.com\/noticias\/el-alcalde-alejandro-ruz-castro-encabeza-la-quinta-sesion-ordinaria-del-consejo-municipal-de-proteccion-civil\/#primaryimage","url":"https:\/\/www.yucatanencorto.com\/noticias\/wp-content\/uploads\/2024\/06\/IMG-20240605-WA0033-scaled.jpg","contentUrl":"https:\/\/www.yucatanencorto.com\/noticias\/wp-content\/uploads\/2024\/06\/IMG-20240605-WA0033-scaled.jpg","width":768,"height":512},{"@type":"BreadcrumbList","@id":"https:\/\/www.yucatanencorto.com\/noticias\/el-alcalde-alejandro-ruz-castro-encabeza-la-quinta-sesion-ordinaria-del-consejo-municipal-de-proteccion-civil\/#breadcrumb","itemListElement":[{"@type":"ListItem","position":1,"name":"Portada","item":"https:\/\/www.yucatanencorto.com\/noticias\/"},{"@type":"ListItem","position":2,"name":"El Alcalde Alejandro Ruz Castro encabeza la quinta sesi\u00f3n ordinaria del Consejo Municipal de Protecci\u00f3n Civil."}]},{"@type":"WebSite","@id":"https:\/\/www.yucatanencorto.com\/noticias\/#website","url":"https:\/\/www.yucatanencorto.com\/noticias\/","name":"Yucat\u00e1n en corto","description":"Noticias","potentialAction":[{"@type":"SearchAction","target":{"@type":"EntryPoint","urlTemplate":"https:\/\/www.yucatanencorto.com\/noticias\/?s={search_term_string}"},"query-input":{"@type":"PropertyValueSpecification","valueRequired":true,"valueName":"search_term_string"}}],"inLanguage":"es"},{"@type":"Person","@id":"https:\/\/www.yucatanencorto.com\/noticias\/#\/schema\/person\/e2fbdfaf30a07014a43940ce989f3119","name":"Redes","image":{"@type":"ImageObject","inLanguage":"es","@id":"https:\/\/secure.gravatar.com\/avatar\/5931a2d21dd7cc834f44c8c34fe56d90ed6d536ef452cbf870c7485b524dddd7?s=96&d=mm&r=g","url":"https:\/\/secure.gravatar.com\/avatar\/5931a2d21dd7cc834f44c8c34fe56d90ed6d536ef452cbf870c7485b524dddd7?s=96&d=mm&r=g","contentUrl":"https:\/\/secure.gravatar.com\/avatar\/5931a2d21dd7cc834f44c8c34fe56d90ed6d536ef452cbf870c7485b524dddd7?s=96&d=mm&r=g","caption":"Redes"},"url":"https:\/\/www.yucatanencorto.com\/noticias\/author\/redes\/"}]}},"_links":{"self":[{"href":"https:\/\/www.yucatanencorto.com\/noticias\/wp-json\/wp\/v2\/posts\/110280","targetHints":{"allow":["GET"]}}],"collection":[{"href":"https:\/\/www.yucatanencorto.com\/noticias\/wp-json\/wp\/v2\/posts"}],"about":[{"href":"https:\/\/www.yucatanencorto.com\/noticias\/wp-json\/wp\/v2\/types\/post"}],"author":[{"embeddable":true,"href":"https:\/\/www.yucatanencorto.com\/noticias\/wp-json\/wp\/v2\/users\/3"}],"replies":[{"embeddable":true,"href":"https:\/\/www.yucatanencorto.com\/noticias\/wp-json\/wp\/v2\/comments?post=110280"}],"version-history":[{"count":0,"href":"https:\/\/www.yucatanencorto.com\/noticias\/wp-json\/wp\/v2\/posts\/110280\/revisions"}],"wp:featuredmedia":[{"embeddable":true,"href":"https:\/\/www.yucatanencorto.com\/noticias\/wp-json\/wp\/v2\/media\/110281"}],"wp:attachment":[{"href":"https:\/\/www.yucatanencorto.com\/noticias\/wp-json\/wp\/v2\/media?parent=110280"}],"wp:term":[{"taxonomy":"category","embeddable":true,"href":"https:\/\/www.yucatanencorto.com\/noticias\/wp-json\/wp\/v2\/categories?post=110280"},{"taxonomy":"post_tag","embeddable":true,"href":"https:\/\/www.yucatanencorto.com\/noticias\/wp-json\/wp\/v2\/tags?post=110280"}],"curies":[{"name":"wp","href":"https:\/\/api.w.org\/{rel}","templated":true}]}}