{"id":110290,"date":"2024-06-07T21:25:34","date_gmt":"2024-06-08T03:25:34","guid":{"rendered":"https:\/\/www.yucatanencorto.com\/noticias\/?p=110290"},"modified":"2024-06-07T21:25:34","modified_gmt":"2024-06-08T03:25:34","slug":"dialogo-cercano-y-directo-con-la-comunidad-educativa","status":"publish","type":"post","link":"https:\/\/www.yucatanencorto.com\/noticias\/dialogo-cercano-y-directo-con-la-comunidad-educativa\/","title":{"rendered":"Di\u00e1logo cercano y directo con la comunidad educativa"},"content":{"rendered":"<p><img loading=\"lazy\" decoding=\"async\" class=\"alignnone size-full wp-image-110291\" src=\"https:\/\/www.yucatanencorto.com\/noticias\/wp-content\/uploads\/2024\/06\/IMG-20240607-WA0028-scaled.jpg\" alt=\"\" width=\"768\" height=\"512\" srcset=\"https:\/\/www.yucatanencorto.com\/noticias\/wp-content\/uploads\/2024\/06\/IMG-20240607-WA0028-scaled.jpg 768w, https:\/\/www.yucatanencorto.com\/noticias\/wp-content\/uploads\/2024\/06\/IMG-20240607-WA0028-150x100.jpg 150w, https:\/\/www.yucatanencorto.com\/noticias\/wp-content\/uploads\/2024\/06\/IMG-20240607-WA0028-300x200.jpg 300w, https:\/\/www.yucatanencorto.com\/noticias\/wp-content\/uploads\/2024\/06\/IMG-20240607-WA0028-696x464.jpg 696w, https:\/\/www.yucatanencorto.com\/noticias\/wp-content\/uploads\/2024\/06\/IMG-20240607-WA0028-1068x712.jpg 1068w\" sizes=\"auto, (max-width: 768px) 100vw, 768px\" \/><\/p>\n<p>M\u00e9rida, Yucat\u00e1n, 7 de junio de 2024.- En un ejercicio de cercan\u00eda y di\u00e1logo constructivo con la comunidad educativa de todo el estado, el titular de la Secretar\u00eda de Educaci\u00f3n del Gobierno del Estado de Yucat\u00e1n, Liborio Vidal Aguilar, encabez\u00f3 una reuni\u00f3n con los jefes de sector y supervisores del nivel Primaria y de Educaci\u00f3n Especial, en la que reiter\u00f3 que las puertas de la dependencia siempre est\u00e1n abiertas para todos los que, desde el respeto a la instituci\u00f3n, busquen un acercamiento.<\/p>\n<p>&nbsp;<\/p>\n<p>En ese marco y acompa\u00f1ado del director Jur\u00eddico, Ricardo Cruz; la subdirectora de Recursos Humanos, Liliana Canul Pantoja y las directoras de Educaci\u00f3n B\u00e1sica, Primaria y Educaci\u00f3n Especial, Linda Basto \u00c1vila, Adlemy Arjona Crespo y Lida Espejo Peniche, el funcionario explic\u00f3 que para dar atenci\u00f3n a las dudas e inquietudes en torno al aumento al salario, anunciado en mayo pasado, apenas se reciban los tabuladores de la Federaci\u00f3n se estar\u00eda explicando de manera detallada la forma de aplicaci\u00f3n a los diferentes conceptos del ingreso.<\/p>\n<p>&nbsp;<\/p>\n<p>En la reuni\u00f3n se reiter\u00f3 que el aumento salarial es definido de manera conjunta entre la SEP federal y el Sindicato Nacional de Trabajadores de la Educaci\u00f3n, quienes a su vez lo notifican de manera oficial a los estados para su aplicaci\u00f3n en beneficio de los trabajadores transferidos o federalizados. En el caso del personal estatal, el Gobierno del Estado, en un esfuerzo presupuestal de recursos propios, aplica el mismo beneficio a\u00f1o con a\u00f1o.<\/p>\n<p>&nbsp;<\/p>\n<p>\u201cLa Segey es una instituci\u00f3n de puertas abiertas, al servicio de las comunidades educativas, y siempre hemos reconocido la labor y el liderazgo de cada maestra y maestro, porque ustedes son quienes han formado este pa\u00eds, este estado y a esta sociedad que se siente orgullosa de su magisterio, de sus valores, su vocaci\u00f3n y de sus luchas justas, leg\u00edtimas y con base en la ley\u201d, expres\u00f3 Vidal Aguilar.<\/p>\n<p>&nbsp;<\/p>\n<p>Por su parte, los jefes de sector y supervisores agradecieron el espacio y expusieron que tienen conocimiento que la minuta \u00fanica se acuerda a nivel nacional y que impacta de manera retroactiva desde el mes de enero, mismo que han informado y continuar\u00e1n con ese ejercicio de orientaci\u00f3n hacia sus directores y docentes para que las manifestaciones no repercutan en perjuicio de la ni\u00f1ez y de la sociedad.<\/p>\n<p>&nbsp;<\/p>\n<p>Por \u00faltimo, las autoridades educativas, informaron que este ejercicio informativo se replicar\u00e1 en las diferentes escuelas, para entablar el di\u00e1logo directamente con el personal docente y de apoyo y asistencia a la educaci\u00f3n.<\/p>\n","protected":false},"excerpt":{"rendered":"<p>M\u00e9rida, Yucat\u00e1n, 7 de junio de 2024.- En un ejercicio de cercan\u00eda y di\u00e1logo constructivo con la comunidad educativa de todo el estado, el titular de la Secretar\u00eda de Educaci\u00f3n del Gobierno del Estado de Yucat\u00e1n, Liborio Vidal Aguilar, encabez\u00f3 una reuni\u00f3n con los jefes de sector y supervisores del nivel Primaria y de Educaci\u00f3n [&hellip;]<\/p>\n","protected":false},"author":3,"featured_media":110291,"comment_status":"closed","ping_status":"closed","sticky":false,"template":"","format":"standard","meta":{"footnotes":""},"categories":[3],"tags":[],"class_list":{"0":"post-110290","1":"post","2":"type-post","3":"status-publish","4":"format-standard","5":"has-post-thumbnail","7":"category-yucatan"},"yoast_head":"<!-- This site is optimized with the Yoast SEO plugin v27.5 - https:\/\/yoast.com\/product\/yoast-seo-wordpress\/ -->\n<title>Di\u00e1logo cercano y directo con la comunidad educativa - Yucat\u00e1n en corto<\/title>\n<meta name=\"robots\" content=\"index, follow, max-snippet:-1, max-image-preview:large, max-video-preview:-1\" \/>\n<link rel=\"canonical\" href=\"https:\/\/www.yucatanencorto.com\/noticias\/dialogo-cercano-y-directo-con-la-comunidad-educativa\/\" \/>\n<meta property=\"og:locale\" content=\"es_ES\" \/>\n<meta property=\"og:type\" content=\"article\" \/>\n<meta property=\"og:title\" content=\"Di\u00e1logo cercano y directo con la comunidad educativa - Yucat\u00e1n en corto\" \/>\n<meta property=\"og:description\" content=\"M\u00e9rida, Yucat\u00e1n, 7 de junio de 2024.- En un ejercicio de cercan\u00eda y di\u00e1logo constructivo con la comunidad educativa de todo el estado, el titular de la Secretar\u00eda de Educaci\u00f3n del Gobierno del Estado de Yucat\u00e1n, Liborio Vidal Aguilar, encabez\u00f3 una reuni\u00f3n con los jefes de sector y supervisores del nivel Primaria y de Educaci\u00f3n [&hellip;]\" \/>\n<meta property=\"og:url\" content=\"https:\/\/www.yucatanencorto.com\/noticias\/dialogo-cercano-y-directo-con-la-comunidad-educativa\/\" \/>\n<meta property=\"og:site_name\" content=\"Yucat\u00e1n en corto\" \/>\n<meta property=\"article:publisher\" content=\"http:\/\/www.facebook.com\/yucatanencorto\" \/>\n<meta property=\"article:published_time\" content=\"2024-06-08T03:25:34+00:00\" \/>\n<meta property=\"og:image\" content=\"https:\/\/www.yucatanencorto.com\/noticias\/wp-content\/uploads\/2024\/06\/IMG-20240607-WA0028-scaled.jpg\" \/>\n\t<meta property=\"og:image:width\" content=\"768\" \/>\n\t<meta property=\"og:image:height\" content=\"512\" \/>\n\t<meta property=\"og:image:type\" content=\"image\/jpeg\" \/>\n<meta name=\"author\" content=\"Redes\" \/>\n<meta name=\"twitter:card\" content=\"summary_large_image\" \/>\n<meta name=\"twitter:creator\" content=\"@yucatanencorto\" \/>\n<meta name=\"twitter:site\" content=\"@yucatanencorto\" \/>\n<meta name=\"twitter:label1\" content=\"Escrito por\" \/>\n\t<meta name=\"twitter:data1\" content=\"Redes\" \/>\n\t<meta name=\"twitter:label2\" content=\"Tiempo de lectura\" \/>\n\t<meta name=\"twitter:data2\" content=\"3 minutos\" \/>\n<script type=\"application\/ld+json\" class=\"yoast-schema-graph\">{\"@context\":\"https:\\\/\\\/schema.org\",\"@graph\":[{\"@type\":\"Article\",\"@id\":\"https:\\\/\\\/www.yucatanencorto.com\\\/noticias\\\/dialogo-cercano-y-directo-con-la-comunidad-educativa\\\/#article\",\"isPartOf\":{\"@id\":\"https:\\\/\\\/www.yucatanencorto.com\\\/noticias\\\/dialogo-cercano-y-directo-con-la-comunidad-educativa\\\/\"},\"author\":{\"name\":\"Redes\",\"@id\":\"https:\\\/\\\/www.yucatanencorto.com\\\/noticias\\\/#\\\/schema\\\/person\\\/e2fbdfaf30a07014a43940ce989f3119\"},\"headline\":\"Di\u00e1logo cercano y directo con la comunidad educativa\",\"datePublished\":\"2024-06-08T03:25:34+00:00\",\"mainEntityOfPage\":{\"@id\":\"https:\\\/\\\/www.yucatanencorto.com\\\/noticias\\\/dialogo-cercano-y-directo-con-la-comunidad-educativa\\\/\"},\"wordCount\":457,\"image\":{\"@id\":\"https:\\\/\\\/www.yucatanencorto.com\\\/noticias\\\/dialogo-cercano-y-directo-con-la-comunidad-educativa\\\/#primaryimage\"},\"thumbnailUrl\":\"https:\\\/\\\/www.yucatanencorto.com\\\/noticias\\\/wp-content\\\/uploads\\\/2024\\\/06\\\/IMG-20240607-WA0028-scaled.jpg\",\"articleSection\":[\"Yucat\u00e1n\"],\"inLanguage\":\"es\"},{\"@type\":\"WebPage\",\"@id\":\"https:\\\/\\\/www.yucatanencorto.com\\\/noticias\\\/dialogo-cercano-y-directo-con-la-comunidad-educativa\\\/\",\"url\":\"https:\\\/\\\/www.yucatanencorto.com\\\/noticias\\\/dialogo-cercano-y-directo-con-la-comunidad-educativa\\\/\",\"name\":\"Di\u00e1logo cercano y directo con la comunidad educativa - Yucat\u00e1n en corto\",\"isPartOf\":{\"@id\":\"https:\\\/\\\/www.yucatanencorto.com\\\/noticias\\\/#website\"},\"primaryImageOfPage\":{\"@id\":\"https:\\\/\\\/www.yucatanencorto.com\\\/noticias\\\/dialogo-cercano-y-directo-con-la-comunidad-educativa\\\/#primaryimage\"},\"image\":{\"@id\":\"https:\\\/\\\/www.yucatanencorto.com\\\/noticias\\\/dialogo-cercano-y-directo-con-la-comunidad-educativa\\\/#primaryimage\"},\"thumbnailUrl\":\"https:\\\/\\\/www.yucatanencorto.com\\\/noticias\\\/wp-content\\\/uploads\\\/2024\\\/06\\\/IMG-20240607-WA0028-scaled.jpg\",\"datePublished\":\"2024-06-08T03:25:34+00:00\",\"author\":{\"@id\":\"https:\\\/\\\/www.yucatanencorto.com\\\/noticias\\\/#\\\/schema\\\/person\\\/e2fbdfaf30a07014a43940ce989f3119\"},\"breadcrumb\":{\"@id\":\"https:\\\/\\\/www.yucatanencorto.com\\\/noticias\\\/dialogo-cercano-y-directo-con-la-comunidad-educativa\\\/#breadcrumb\"},\"inLanguage\":\"es\",\"potentialAction\":[{\"@type\":\"ReadAction\",\"target\":[\"https:\\\/\\\/www.yucatanencorto.com\\\/noticias\\\/dialogo-cercano-y-directo-con-la-comunidad-educativa\\\/\"]}]},{\"@type\":\"ImageObject\",\"inLanguage\":\"es\",\"@id\":\"https:\\\/\\\/www.yucatanencorto.com\\\/noticias\\\/dialogo-cercano-y-directo-con-la-comunidad-educativa\\\/#primaryimage\",\"url\":\"https:\\\/\\\/www.yucatanencorto.com\\\/noticias\\\/wp-content\\\/uploads\\\/2024\\\/06\\\/IMG-20240607-WA0028-scaled.jpg\",\"contentUrl\":\"https:\\\/\\\/www.yucatanencorto.com\\\/noticias\\\/wp-content\\\/uploads\\\/2024\\\/06\\\/IMG-20240607-WA0028-scaled.jpg\",\"width\":768,\"height\":512},{\"@type\":\"BreadcrumbList\",\"@id\":\"https:\\\/\\\/www.yucatanencorto.com\\\/noticias\\\/dialogo-cercano-y-directo-con-la-comunidad-educativa\\\/#breadcrumb\",\"itemListElement\":[{\"@type\":\"ListItem\",\"position\":1,\"name\":\"Portada\",\"item\":\"https:\\\/\\\/www.yucatanencorto.com\\\/noticias\\\/\"},{\"@type\":\"ListItem\",\"position\":2,\"name\":\"Di\u00e1logo cercano y directo con la comunidad educativa\"}]},{\"@type\":\"WebSite\",\"@id\":\"https:\\\/\\\/www.yucatanencorto.com\\\/noticias\\\/#website\",\"url\":\"https:\\\/\\\/www.yucatanencorto.com\\\/noticias\\\/\",\"name\":\"Yucat\u00e1n en corto\",\"description\":\"Noticias\",\"potentialAction\":[{\"@type\":\"SearchAction\",\"target\":{\"@type\":\"EntryPoint\",\"urlTemplate\":\"https:\\\/\\\/www.yucatanencorto.com\\\/noticias\\\/?s={search_term_string}\"},\"query-input\":{\"@type\":\"PropertyValueSpecification\",\"valueRequired\":true,\"valueName\":\"search_term_string\"}}],\"inLanguage\":\"es\"},{\"@type\":\"Person\",\"@id\":\"https:\\\/\\\/www.yucatanencorto.com\\\/noticias\\\/#\\\/schema\\\/person\\\/e2fbdfaf30a07014a43940ce989f3119\",\"name\":\"Redes\",\"image\":{\"@type\":\"ImageObject\",\"inLanguage\":\"es\",\"@id\":\"https:\\\/\\\/secure.gravatar.com\\\/avatar\\\/5931a2d21dd7cc834f44c8c34fe56d90ed6d536ef452cbf870c7485b524dddd7?s=96&d=mm&r=g\",\"url\":\"https:\\\/\\\/secure.gravatar.com\\\/avatar\\\/5931a2d21dd7cc834f44c8c34fe56d90ed6d536ef452cbf870c7485b524dddd7?s=96&d=mm&r=g\",\"contentUrl\":\"https:\\\/\\\/secure.gravatar.com\\\/avatar\\\/5931a2d21dd7cc834f44c8c34fe56d90ed6d536ef452cbf870c7485b524dddd7?s=96&d=mm&r=g\",\"caption\":\"Redes\"},\"url\":\"https:\\\/\\\/www.yucatanencorto.com\\\/noticias\\\/author\\\/redes\\\/\"}]}<\/script>\n<!-- \/ Yoast SEO plugin. -->","yoast_head_json":{"title":"Di\u00e1logo cercano y directo con la comunidad educativa - Yucat\u00e1n en corto","robots":{"index":"index","follow":"follow","max-snippet":"max-snippet:-1","max-image-preview":"max-image-preview:large","max-video-preview":"max-video-preview:-1"},"canonical":"https:\/\/www.yucatanencorto.com\/noticias\/dialogo-cercano-y-directo-con-la-comunidad-educativa\/","og_locale":"es_ES","og_type":"article","og_title":"Di\u00e1logo cercano y directo con la comunidad educativa - Yucat\u00e1n en corto","og_description":"M\u00e9rida, Yucat\u00e1n, 7 de junio de 2024.- En un ejercicio de cercan\u00eda y di\u00e1logo constructivo con la comunidad educativa de todo el estado, el titular de la Secretar\u00eda de Educaci\u00f3n del Gobierno del Estado de Yucat\u00e1n, Liborio Vidal Aguilar, encabez\u00f3 una reuni\u00f3n con los jefes de sector y supervisores del nivel Primaria y de Educaci\u00f3n [&hellip;]","og_url":"https:\/\/www.yucatanencorto.com\/noticias\/dialogo-cercano-y-directo-con-la-comunidad-educativa\/","og_site_name":"Yucat\u00e1n en corto","article_publisher":"http:\/\/www.facebook.com\/yucatanencorto","article_published_time":"2024-06-08T03:25:34+00:00","og_image":[{"width":768,"height":512,"url":"https:\/\/www.yucatanencorto.com\/noticias\/wp-content\/uploads\/2024\/06\/IMG-20240607-WA0028-scaled.jpg","type":"image\/jpeg"}],"author":"Redes","twitter_card":"summary_large_image","twitter_creator":"@yucatanencorto","twitter_site":"@yucatanencorto","twitter_misc":{"Escrito por":"Redes","Tiempo de lectura":"3 minutos"},"schema":{"@context":"https:\/\/schema.org","@graph":[{"@type":"Article","@id":"https:\/\/www.yucatanencorto.com\/noticias\/dialogo-cercano-y-directo-con-la-comunidad-educativa\/#article","isPartOf":{"@id":"https:\/\/www.yucatanencorto.com\/noticias\/dialogo-cercano-y-directo-con-la-comunidad-educativa\/"},"author":{"name":"Redes","@id":"https:\/\/www.yucatanencorto.com\/noticias\/#\/schema\/person\/e2fbdfaf30a07014a43940ce989f3119"},"headline":"Di\u00e1logo cercano y directo con la comunidad educativa","datePublished":"2024-06-08T03:25:34+00:00","mainEntityOfPage":{"@id":"https:\/\/www.yucatanencorto.com\/noticias\/dialogo-cercano-y-directo-con-la-comunidad-educativa\/"},"wordCount":457,"image":{"@id":"https:\/\/www.yucatanencorto.com\/noticias\/dialogo-cercano-y-directo-con-la-comunidad-educativa\/#primaryimage"},"thumbnailUrl":"https:\/\/www.yucatanencorto.com\/noticias\/wp-content\/uploads\/2024\/06\/IMG-20240607-WA0028-scaled.jpg","articleSection":["Yucat\u00e1n"],"inLanguage":"es"},{"@type":"WebPage","@id":"https:\/\/www.yucatanencorto.com\/noticias\/dialogo-cercano-y-directo-con-la-comunidad-educativa\/","url":"https:\/\/www.yucatanencorto.com\/noticias\/dialogo-cercano-y-directo-con-la-comunidad-educativa\/","name":"Di\u00e1logo cercano y directo con la comunidad educativa - Yucat\u00e1n en corto","isPartOf":{"@id":"https:\/\/www.yucatanencorto.com\/noticias\/#website"},"primaryImageOfPage":{"@id":"https:\/\/www.yucatanencorto.com\/noticias\/dialogo-cercano-y-directo-con-la-comunidad-educativa\/#primaryimage"},"image":{"@id":"https:\/\/www.yucatanencorto.com\/noticias\/dialogo-cercano-y-directo-con-la-comunidad-educativa\/#primaryimage"},"thumbnailUrl":"https:\/\/www.yucatanencorto.com\/noticias\/wp-content\/uploads\/2024\/06\/IMG-20240607-WA0028-scaled.jpg","datePublished":"2024-06-08T03:25:34+00:00","author":{"@id":"https:\/\/www.yucatanencorto.com\/noticias\/#\/schema\/person\/e2fbdfaf30a07014a43940ce989f3119"},"breadcrumb":{"@id":"https:\/\/www.yucatanencorto.com\/noticias\/dialogo-cercano-y-directo-con-la-comunidad-educativa\/#breadcrumb"},"inLanguage":"es","potentialAction":[{"@type":"ReadAction","target":["https:\/\/www.yucatanencorto.com\/noticias\/dialogo-cercano-y-directo-con-la-comunidad-educativa\/"]}]},{"@type":"ImageObject","inLanguage":"es","@id":"https:\/\/www.yucatanencorto.com\/noticias\/dialogo-cercano-y-directo-con-la-comunidad-educativa\/#primaryimage","url":"https:\/\/www.yucatanencorto.com\/noticias\/wp-content\/uploads\/2024\/06\/IMG-20240607-WA0028-scaled.jpg","contentUrl":"https:\/\/www.yucatanencorto.com\/noticias\/wp-content\/uploads\/2024\/06\/IMG-20240607-WA0028-scaled.jpg","width":768,"height":512},{"@type":"BreadcrumbList","@id":"https:\/\/www.yucatanencorto.com\/noticias\/dialogo-cercano-y-directo-con-la-comunidad-educativa\/#breadcrumb","itemListElement":[{"@type":"ListItem","position":1,"name":"Portada","item":"https:\/\/www.yucatanencorto.com\/noticias\/"},{"@type":"ListItem","position":2,"name":"Di\u00e1logo cercano y directo con la comunidad educativa"}]},{"@type":"WebSite","@id":"https:\/\/www.yucatanencorto.com\/noticias\/#website","url":"https:\/\/www.yucatanencorto.com\/noticias\/","name":"Yucat\u00e1n en corto","description":"Noticias","potentialAction":[{"@type":"SearchAction","target":{"@type":"EntryPoint","urlTemplate":"https:\/\/www.yucatanencorto.com\/noticias\/?s={search_term_string}"},"query-input":{"@type":"PropertyValueSpecification","valueRequired":true,"valueName":"search_term_string"}}],"inLanguage":"es"},{"@type":"Person","@id":"https:\/\/www.yucatanencorto.com\/noticias\/#\/schema\/person\/e2fbdfaf30a07014a43940ce989f3119","name":"Redes","image":{"@type":"ImageObject","inLanguage":"es","@id":"https:\/\/secure.gravatar.com\/avatar\/5931a2d21dd7cc834f44c8c34fe56d90ed6d536ef452cbf870c7485b524dddd7?s=96&d=mm&r=g","url":"https:\/\/secure.gravatar.com\/avatar\/5931a2d21dd7cc834f44c8c34fe56d90ed6d536ef452cbf870c7485b524dddd7?s=96&d=mm&r=g","contentUrl":"https:\/\/secure.gravatar.com\/avatar\/5931a2d21dd7cc834f44c8c34fe56d90ed6d536ef452cbf870c7485b524dddd7?s=96&d=mm&r=g","caption":"Redes"},"url":"https:\/\/www.yucatanencorto.com\/noticias\/author\/redes\/"}]}},"_links":{"self":[{"href":"https:\/\/www.yucatanencorto.com\/noticias\/wp-json\/wp\/v2\/posts\/110290","targetHints":{"allow":["GET"]}}],"collection":[{"href":"https:\/\/www.yucatanencorto.com\/noticias\/wp-json\/wp\/v2\/posts"}],"about":[{"href":"https:\/\/www.yucatanencorto.com\/noticias\/wp-json\/wp\/v2\/types\/post"}],"author":[{"embeddable":true,"href":"https:\/\/www.yucatanencorto.com\/noticias\/wp-json\/wp\/v2\/users\/3"}],"replies":[{"embeddable":true,"href":"https:\/\/www.yucatanencorto.com\/noticias\/wp-json\/wp\/v2\/comments?post=110290"}],"version-history":[{"count":0,"href":"https:\/\/www.yucatanencorto.com\/noticias\/wp-json\/wp\/v2\/posts\/110290\/revisions"}],"wp:featuredmedia":[{"embeddable":true,"href":"https:\/\/www.yucatanencorto.com\/noticias\/wp-json\/wp\/v2\/media\/110291"}],"wp:attachment":[{"href":"https:\/\/www.yucatanencorto.com\/noticias\/wp-json\/wp\/v2\/media?parent=110290"}],"wp:term":[{"taxonomy":"category","embeddable":true,"href":"https:\/\/www.yucatanencorto.com\/noticias\/wp-json\/wp\/v2\/categories?post=110290"},{"taxonomy":"post_tag","embeddable":true,"href":"https:\/\/www.yucatanencorto.com\/noticias\/wp-json\/wp\/v2\/tags?post=110290"}],"curies":[{"name":"wp","href":"https:\/\/api.w.org\/{rel}","templated":true}]}}