{"id":110293,"date":"2024-06-09T17:45:47","date_gmt":"2024-06-09T23:45:47","guid":{"rendered":"https:\/\/www.yucatanencorto.com\/noticias\/?p=110293"},"modified":"2024-06-09T17:45:47","modified_gmt":"2024-06-09T23:45:47","slug":"el-ayuntamiento-fortalece-el-mantenimiento-integral-de-los-espacios-publicos-del-municipio","status":"publish","type":"post","link":"https:\/\/www.yucatanencorto.com\/noticias\/el-ayuntamiento-fortalece-el-mantenimiento-integral-de-los-espacios-publicos-del-municipio\/","title":{"rendered":"El Ayuntamiento fortalece el mantenimiento integral de los espacios p\u00fablicos del Municipio"},"content":{"rendered":"<p><img loading=\"lazy\" decoding=\"async\" class=\"alignnone size-full wp-image-110294\" src=\"https:\/\/www.yucatanencorto.com\/noticias\/wp-content\/uploads\/2024\/06\/55c405c0-4bde-4729-809e-2db10445950e-scaled.jpeg\" alt=\"\" width=\"768\" height=\"481\" srcset=\"https:\/\/www.yucatanencorto.com\/noticias\/wp-content\/uploads\/2024\/06\/55c405c0-4bde-4729-809e-2db10445950e-scaled.jpeg 768w, https:\/\/www.yucatanencorto.com\/noticias\/wp-content\/uploads\/2024\/06\/55c405c0-4bde-4729-809e-2db10445950e-150x94.jpeg 150w, https:\/\/www.yucatanencorto.com\/noticias\/wp-content\/uploads\/2024\/06\/55c405c0-4bde-4729-809e-2db10445950e-300x188.jpeg 300w, https:\/\/www.yucatanencorto.com\/noticias\/wp-content\/uploads\/2024\/06\/55c405c0-4bde-4729-809e-2db10445950e-696x436.jpeg 696w, https:\/\/www.yucatanencorto.com\/noticias\/wp-content\/uploads\/2024\/06\/55c405c0-4bde-4729-809e-2db10445950e-1068x668.jpeg 1068w\" sizes=\"auto, (max-width: 768px) 100vw, 768px\" \/><\/p>\n<p>M\u00e9rida, Yucat\u00e1n, 9 de junio de 2024-. Con el prop\u00f3sito de brindar espacios p\u00fablicos que faciliten la convivencia familiar y fortalezcan el tejido social, el Alcalde Alejandro Ruz Castro supervis\u00f3 los trabajos de mantenimiento integral en el Parque San Antonio Kaua II.<\/p>\n<p>&nbsp;<\/p>\n<p>Acompa\u00f1ado por el director de Servicios P\u00fablicos Municipales (SPM), Jos\u00e9 Collado Soberanis; y el director de Obras P\u00fablicas, David Lor\u00eda Madgud, el Presidente Municipal constat\u00f3 el trabajo que alrededor de 50 empleados de cuadrillas de drenaje, Parques y Jardines, Servicios Generales y Alumbrado P\u00fablico, llevaron a cabo para mejorar este espacio p\u00fablico.<\/p>\n<p>&nbsp;<\/p>\n<p>Entre los trabajos de mantenimiento supervisados por el Alcalde estuvieron el desazolve de zanjas pluviales con rejilla en calles aleda\u00f1as al parque, la limpieza y recoja de basura en el parque y en los alrededores, pintura general, poda y siembra de \u00e1rboles; y reparaci\u00f3n menor de juegos infantiles.<\/p>\n<p>&nbsp;<\/p>\n<p>Asimismo, para garantizar la seguridad de los usuarios del parque, el personal de Servicios P\u00fablicos Municipales realiz\u00f3 cambio de registros y ductos el\u00e9ctricos para sustituir los da\u00f1ados por las ra\u00edces de los \u00e1rboles.<\/p>\n<p>&nbsp;<\/p>\n<p>El Alcalde tambi\u00e9n constat\u00f3 el mantenimiento y cambio de luminarias, con l\u00e1mparas de mayor durabilidad, menor consumo de energ\u00eda y mejor iluminaci\u00f3n. Tambi\u00e9n salud\u00f3 a los trabajadores de las cuadrillas y a los pintores de las gradas del campo deportivo.<\/p>\n<p>&nbsp;<\/p>\n<p>En este sentido, Ruz Castro inform\u00f3 que adem\u00e1s del mantenimiento que brinda a m\u00e1s de 600 parques en colonias, fraccionamientos y comisar\u00edas de M\u00e9rida, el Ayuntamiento est\u00e1 realizando actualmente la rehabilitaci\u00f3n de 23 espacios p\u00fablicos en el sur.<\/p>\n<p>&nbsp;<\/p>\n<p>Durante la supervisi\u00f3n, Ruz Castro, en compa\u00f1\u00eda de su esposa y Presidenta del DIF M\u00e9rida, Ver\u00f3nica Cetina Arjona, tambi\u00e9n visit\u00f3 las instalaciones del Centro de Desarrollo Integral (CDI) de San Antonio Kaua II, donde salud\u00f3 a las usuarias que en esos momentos se encontraban urdiendo hamacas.<\/p>\n<p>&nbsp;<\/p>\n<p>Las beneficiarias del CDI agradecieron al Presidente Municipal por los cursos de capacitaci\u00f3n que ofrece el CDI, ya que gracias a la venta de las hamacas que urden, pueden apoyar la econom\u00eda de sus hogares.<\/p>\n<p>&nbsp;<\/p>\n<p>Cabe mencionar que, en el CDI de San Antonio Kaua II se ofrecen cursos y talleres de cocina y reposter\u00eda, corte y confecci\u00f3n, estilista, jazz, manualidades, urdido de hamacas y yoga.<\/p>\n","protected":false},"excerpt":{"rendered":"<p>M\u00e9rida, Yucat\u00e1n, 9 de junio de 2024-. Con el prop\u00f3sito de brindar espacios p\u00fablicos que faciliten la convivencia familiar y fortalezcan el tejido social, el Alcalde Alejandro Ruz Castro supervis\u00f3 los trabajos de mantenimiento integral en el Parque San Antonio Kaua II. &nbsp; Acompa\u00f1ado por el director de Servicios P\u00fablicos Municipales (SPM), Jos\u00e9 Collado Soberanis; [&hellip;]<\/p>\n","protected":false},"author":3,"featured_media":110294,"comment_status":"closed","ping_status":"closed","sticky":false,"template":"","format":"standard","meta":{"footnotes":""},"categories":[3],"tags":[],"class_list":{"0":"post-110293","1":"post","2":"type-post","3":"status-publish","4":"format-standard","5":"has-post-thumbnail","7":"category-yucatan"},"yoast_head":"<!-- This site is optimized with the Yoast SEO plugin v27.5 - https:\/\/yoast.com\/product\/yoast-seo-wordpress\/ -->\n<title>El Ayuntamiento fortalece el mantenimiento integral de los espacios p\u00fablicos del Municipio - Yucat\u00e1n en corto<\/title>\n<meta name=\"robots\" content=\"index, follow, max-snippet:-1, max-image-preview:large, max-video-preview:-1\" \/>\n<link rel=\"canonical\" href=\"https:\/\/www.yucatanencorto.com\/noticias\/el-ayuntamiento-fortalece-el-mantenimiento-integral-de-los-espacios-publicos-del-municipio\/\" \/>\n<meta property=\"og:locale\" content=\"es_ES\" \/>\n<meta property=\"og:type\" content=\"article\" \/>\n<meta property=\"og:title\" content=\"El Ayuntamiento fortalece el mantenimiento integral de los espacios p\u00fablicos del Municipio - Yucat\u00e1n en corto\" \/>\n<meta property=\"og:description\" content=\"M\u00e9rida, Yucat\u00e1n, 9 de junio de 2024-. Con el prop\u00f3sito de brindar espacios p\u00fablicos que faciliten la convivencia familiar y fortalezcan el tejido social, el Alcalde Alejandro Ruz Castro supervis\u00f3 los trabajos de mantenimiento integral en el Parque San Antonio Kaua II. &nbsp; Acompa\u00f1ado por el director de Servicios P\u00fablicos Municipales (SPM), Jos\u00e9 Collado Soberanis; [&hellip;]\" \/>\n<meta property=\"og:url\" content=\"https:\/\/www.yucatanencorto.com\/noticias\/el-ayuntamiento-fortalece-el-mantenimiento-integral-de-los-espacios-publicos-del-municipio\/\" \/>\n<meta property=\"og:site_name\" content=\"Yucat\u00e1n en corto\" \/>\n<meta property=\"article:publisher\" content=\"http:\/\/www.facebook.com\/yucatanencorto\" \/>\n<meta property=\"article:published_time\" content=\"2024-06-09T23:45:47+00:00\" \/>\n<meta property=\"og:image\" content=\"https:\/\/www.yucatanencorto.com\/noticias\/wp-content\/uploads\/2024\/06\/55c405c0-4bde-4729-809e-2db10445950e-scaled.jpeg\" \/>\n\t<meta property=\"og:image:width\" content=\"768\" \/>\n\t<meta property=\"og:image:height\" content=\"481\" \/>\n\t<meta property=\"og:image:type\" content=\"image\/jpeg\" \/>\n<meta name=\"author\" content=\"Redes\" \/>\n<meta name=\"twitter:card\" content=\"summary_large_image\" \/>\n<meta name=\"twitter:creator\" content=\"@yucatanencorto\" \/>\n<meta name=\"twitter:site\" content=\"@yucatanencorto\" \/>\n<meta name=\"twitter:label1\" content=\"Escrito por\" \/>\n\t<meta name=\"twitter:data1\" content=\"Redes\" \/>\n\t<meta name=\"twitter:label2\" content=\"Tiempo de lectura\" \/>\n\t<meta name=\"twitter:data2\" content=\"2 minutos\" \/>\n<script type=\"application\/ld+json\" class=\"yoast-schema-graph\">{\"@context\":\"https:\\\/\\\/schema.org\",\"@graph\":[{\"@type\":\"Article\",\"@id\":\"https:\\\/\\\/www.yucatanencorto.com\\\/noticias\\\/el-ayuntamiento-fortalece-el-mantenimiento-integral-de-los-espacios-publicos-del-municipio\\\/#article\",\"isPartOf\":{\"@id\":\"https:\\\/\\\/www.yucatanencorto.com\\\/noticias\\\/el-ayuntamiento-fortalece-el-mantenimiento-integral-de-los-espacios-publicos-del-municipio\\\/\"},\"author\":{\"name\":\"Redes\",\"@id\":\"https:\\\/\\\/www.yucatanencorto.com\\\/noticias\\\/#\\\/schema\\\/person\\\/e2fbdfaf30a07014a43940ce989f3119\"},\"headline\":\"El Ayuntamiento fortalece el mantenimiento integral de los espacios p\u00fablicos del Municipio\",\"datePublished\":\"2024-06-09T23:45:47+00:00\",\"mainEntityOfPage\":{\"@id\":\"https:\\\/\\\/www.yucatanencorto.com\\\/noticias\\\/el-ayuntamiento-fortalece-el-mantenimiento-integral-de-los-espacios-publicos-del-municipio\\\/\"},\"wordCount\":418,\"image\":{\"@id\":\"https:\\\/\\\/www.yucatanencorto.com\\\/noticias\\\/el-ayuntamiento-fortalece-el-mantenimiento-integral-de-los-espacios-publicos-del-municipio\\\/#primaryimage\"},\"thumbnailUrl\":\"https:\\\/\\\/www.yucatanencorto.com\\\/noticias\\\/wp-content\\\/uploads\\\/2024\\\/06\\\/55c405c0-4bde-4729-809e-2db10445950e-scaled.jpeg\",\"articleSection\":[\"Yucat\u00e1n\"],\"inLanguage\":\"es\"},{\"@type\":\"WebPage\",\"@id\":\"https:\\\/\\\/www.yucatanencorto.com\\\/noticias\\\/el-ayuntamiento-fortalece-el-mantenimiento-integral-de-los-espacios-publicos-del-municipio\\\/\",\"url\":\"https:\\\/\\\/www.yucatanencorto.com\\\/noticias\\\/el-ayuntamiento-fortalece-el-mantenimiento-integral-de-los-espacios-publicos-del-municipio\\\/\",\"name\":\"El Ayuntamiento fortalece el mantenimiento integral de los espacios p\u00fablicos del Municipio - Yucat\u00e1n en corto\",\"isPartOf\":{\"@id\":\"https:\\\/\\\/www.yucatanencorto.com\\\/noticias\\\/#website\"},\"primaryImageOfPage\":{\"@id\":\"https:\\\/\\\/www.yucatanencorto.com\\\/noticias\\\/el-ayuntamiento-fortalece-el-mantenimiento-integral-de-los-espacios-publicos-del-municipio\\\/#primaryimage\"},\"image\":{\"@id\":\"https:\\\/\\\/www.yucatanencorto.com\\\/noticias\\\/el-ayuntamiento-fortalece-el-mantenimiento-integral-de-los-espacios-publicos-del-municipio\\\/#primaryimage\"},\"thumbnailUrl\":\"https:\\\/\\\/www.yucatanencorto.com\\\/noticias\\\/wp-content\\\/uploads\\\/2024\\\/06\\\/55c405c0-4bde-4729-809e-2db10445950e-scaled.jpeg\",\"datePublished\":\"2024-06-09T23:45:47+00:00\",\"author\":{\"@id\":\"https:\\\/\\\/www.yucatanencorto.com\\\/noticias\\\/#\\\/schema\\\/person\\\/e2fbdfaf30a07014a43940ce989f3119\"},\"breadcrumb\":{\"@id\":\"https:\\\/\\\/www.yucatanencorto.com\\\/noticias\\\/el-ayuntamiento-fortalece-el-mantenimiento-integral-de-los-espacios-publicos-del-municipio\\\/#breadcrumb\"},\"inLanguage\":\"es\",\"potentialAction\":[{\"@type\":\"ReadAction\",\"target\":[\"https:\\\/\\\/www.yucatanencorto.com\\\/noticias\\\/el-ayuntamiento-fortalece-el-mantenimiento-integral-de-los-espacios-publicos-del-municipio\\\/\"]}]},{\"@type\":\"ImageObject\",\"inLanguage\":\"es\",\"@id\":\"https:\\\/\\\/www.yucatanencorto.com\\\/noticias\\\/el-ayuntamiento-fortalece-el-mantenimiento-integral-de-los-espacios-publicos-del-municipio\\\/#primaryimage\",\"url\":\"https:\\\/\\\/www.yucatanencorto.com\\\/noticias\\\/wp-content\\\/uploads\\\/2024\\\/06\\\/55c405c0-4bde-4729-809e-2db10445950e-scaled.jpeg\",\"contentUrl\":\"https:\\\/\\\/www.yucatanencorto.com\\\/noticias\\\/wp-content\\\/uploads\\\/2024\\\/06\\\/55c405c0-4bde-4729-809e-2db10445950e-scaled.jpeg\",\"width\":768,\"height\":481},{\"@type\":\"BreadcrumbList\",\"@id\":\"https:\\\/\\\/www.yucatanencorto.com\\\/noticias\\\/el-ayuntamiento-fortalece-el-mantenimiento-integral-de-los-espacios-publicos-del-municipio\\\/#breadcrumb\",\"itemListElement\":[{\"@type\":\"ListItem\",\"position\":1,\"name\":\"Portada\",\"item\":\"https:\\\/\\\/www.yucatanencorto.com\\\/noticias\\\/\"},{\"@type\":\"ListItem\",\"position\":2,\"name\":\"El Ayuntamiento fortalece el mantenimiento integral de los espacios p\u00fablicos del Municipio\"}]},{\"@type\":\"WebSite\",\"@id\":\"https:\\\/\\\/www.yucatanencorto.com\\\/noticias\\\/#website\",\"url\":\"https:\\\/\\\/www.yucatanencorto.com\\\/noticias\\\/\",\"name\":\"Yucat\u00e1n en corto\",\"description\":\"Noticias\",\"potentialAction\":[{\"@type\":\"SearchAction\",\"target\":{\"@type\":\"EntryPoint\",\"urlTemplate\":\"https:\\\/\\\/www.yucatanencorto.com\\\/noticias\\\/?s={search_term_string}\"},\"query-input\":{\"@type\":\"PropertyValueSpecification\",\"valueRequired\":true,\"valueName\":\"search_term_string\"}}],\"inLanguage\":\"es\"},{\"@type\":\"Person\",\"@id\":\"https:\\\/\\\/www.yucatanencorto.com\\\/noticias\\\/#\\\/schema\\\/person\\\/e2fbdfaf30a07014a43940ce989f3119\",\"name\":\"Redes\",\"image\":{\"@type\":\"ImageObject\",\"inLanguage\":\"es\",\"@id\":\"https:\\\/\\\/secure.gravatar.com\\\/avatar\\\/5931a2d21dd7cc834f44c8c34fe56d90ed6d536ef452cbf870c7485b524dddd7?s=96&d=mm&r=g\",\"url\":\"https:\\\/\\\/secure.gravatar.com\\\/avatar\\\/5931a2d21dd7cc834f44c8c34fe56d90ed6d536ef452cbf870c7485b524dddd7?s=96&d=mm&r=g\",\"contentUrl\":\"https:\\\/\\\/secure.gravatar.com\\\/avatar\\\/5931a2d21dd7cc834f44c8c34fe56d90ed6d536ef452cbf870c7485b524dddd7?s=96&d=mm&r=g\",\"caption\":\"Redes\"},\"url\":\"https:\\\/\\\/www.yucatanencorto.com\\\/noticias\\\/author\\\/redes\\\/\"}]}<\/script>\n<!-- \/ Yoast SEO plugin. -->","yoast_head_json":{"title":"El Ayuntamiento fortalece el mantenimiento integral de los espacios p\u00fablicos del Municipio - Yucat\u00e1n en corto","robots":{"index":"index","follow":"follow","max-snippet":"max-snippet:-1","max-image-preview":"max-image-preview:large","max-video-preview":"max-video-preview:-1"},"canonical":"https:\/\/www.yucatanencorto.com\/noticias\/el-ayuntamiento-fortalece-el-mantenimiento-integral-de-los-espacios-publicos-del-municipio\/","og_locale":"es_ES","og_type":"article","og_title":"El Ayuntamiento fortalece el mantenimiento integral de los espacios p\u00fablicos del Municipio - Yucat\u00e1n en corto","og_description":"M\u00e9rida, Yucat\u00e1n, 9 de junio de 2024-. Con el prop\u00f3sito de brindar espacios p\u00fablicos que faciliten la convivencia familiar y fortalezcan el tejido social, el Alcalde Alejandro Ruz Castro supervis\u00f3 los trabajos de mantenimiento integral en el Parque San Antonio Kaua II. &nbsp; Acompa\u00f1ado por el director de Servicios P\u00fablicos Municipales (SPM), Jos\u00e9 Collado Soberanis; [&hellip;]","og_url":"https:\/\/www.yucatanencorto.com\/noticias\/el-ayuntamiento-fortalece-el-mantenimiento-integral-de-los-espacios-publicos-del-municipio\/","og_site_name":"Yucat\u00e1n en corto","article_publisher":"http:\/\/www.facebook.com\/yucatanencorto","article_published_time":"2024-06-09T23:45:47+00:00","og_image":[{"width":768,"height":481,"url":"https:\/\/www.yucatanencorto.com\/noticias\/wp-content\/uploads\/2024\/06\/55c405c0-4bde-4729-809e-2db10445950e-scaled.jpeg","type":"image\/jpeg"}],"author":"Redes","twitter_card":"summary_large_image","twitter_creator":"@yucatanencorto","twitter_site":"@yucatanencorto","twitter_misc":{"Escrito por":"Redes","Tiempo de lectura":"2 minutos"},"schema":{"@context":"https:\/\/schema.org","@graph":[{"@type":"Article","@id":"https:\/\/www.yucatanencorto.com\/noticias\/el-ayuntamiento-fortalece-el-mantenimiento-integral-de-los-espacios-publicos-del-municipio\/#article","isPartOf":{"@id":"https:\/\/www.yucatanencorto.com\/noticias\/el-ayuntamiento-fortalece-el-mantenimiento-integral-de-los-espacios-publicos-del-municipio\/"},"author":{"name":"Redes","@id":"https:\/\/www.yucatanencorto.com\/noticias\/#\/schema\/person\/e2fbdfaf30a07014a43940ce989f3119"},"headline":"El Ayuntamiento fortalece el mantenimiento integral de los espacios p\u00fablicos del Municipio","datePublished":"2024-06-09T23:45:47+00:00","mainEntityOfPage":{"@id":"https:\/\/www.yucatanencorto.com\/noticias\/el-ayuntamiento-fortalece-el-mantenimiento-integral-de-los-espacios-publicos-del-municipio\/"},"wordCount":418,"image":{"@id":"https:\/\/www.yucatanencorto.com\/noticias\/el-ayuntamiento-fortalece-el-mantenimiento-integral-de-los-espacios-publicos-del-municipio\/#primaryimage"},"thumbnailUrl":"https:\/\/www.yucatanencorto.com\/noticias\/wp-content\/uploads\/2024\/06\/55c405c0-4bde-4729-809e-2db10445950e-scaled.jpeg","articleSection":["Yucat\u00e1n"],"inLanguage":"es"},{"@type":"WebPage","@id":"https:\/\/www.yucatanencorto.com\/noticias\/el-ayuntamiento-fortalece-el-mantenimiento-integral-de-los-espacios-publicos-del-municipio\/","url":"https:\/\/www.yucatanencorto.com\/noticias\/el-ayuntamiento-fortalece-el-mantenimiento-integral-de-los-espacios-publicos-del-municipio\/","name":"El Ayuntamiento fortalece el mantenimiento integral de los espacios p\u00fablicos del Municipio - Yucat\u00e1n en corto","isPartOf":{"@id":"https:\/\/www.yucatanencorto.com\/noticias\/#website"},"primaryImageOfPage":{"@id":"https:\/\/www.yucatanencorto.com\/noticias\/el-ayuntamiento-fortalece-el-mantenimiento-integral-de-los-espacios-publicos-del-municipio\/#primaryimage"},"image":{"@id":"https:\/\/www.yucatanencorto.com\/noticias\/el-ayuntamiento-fortalece-el-mantenimiento-integral-de-los-espacios-publicos-del-municipio\/#primaryimage"},"thumbnailUrl":"https:\/\/www.yucatanencorto.com\/noticias\/wp-content\/uploads\/2024\/06\/55c405c0-4bde-4729-809e-2db10445950e-scaled.jpeg","datePublished":"2024-06-09T23:45:47+00:00","author":{"@id":"https:\/\/www.yucatanencorto.com\/noticias\/#\/schema\/person\/e2fbdfaf30a07014a43940ce989f3119"},"breadcrumb":{"@id":"https:\/\/www.yucatanencorto.com\/noticias\/el-ayuntamiento-fortalece-el-mantenimiento-integral-de-los-espacios-publicos-del-municipio\/#breadcrumb"},"inLanguage":"es","potentialAction":[{"@type":"ReadAction","target":["https:\/\/www.yucatanencorto.com\/noticias\/el-ayuntamiento-fortalece-el-mantenimiento-integral-de-los-espacios-publicos-del-municipio\/"]}]},{"@type":"ImageObject","inLanguage":"es","@id":"https:\/\/www.yucatanencorto.com\/noticias\/el-ayuntamiento-fortalece-el-mantenimiento-integral-de-los-espacios-publicos-del-municipio\/#primaryimage","url":"https:\/\/www.yucatanencorto.com\/noticias\/wp-content\/uploads\/2024\/06\/55c405c0-4bde-4729-809e-2db10445950e-scaled.jpeg","contentUrl":"https:\/\/www.yucatanencorto.com\/noticias\/wp-content\/uploads\/2024\/06\/55c405c0-4bde-4729-809e-2db10445950e-scaled.jpeg","width":768,"height":481},{"@type":"BreadcrumbList","@id":"https:\/\/www.yucatanencorto.com\/noticias\/el-ayuntamiento-fortalece-el-mantenimiento-integral-de-los-espacios-publicos-del-municipio\/#breadcrumb","itemListElement":[{"@type":"ListItem","position":1,"name":"Portada","item":"https:\/\/www.yucatanencorto.com\/noticias\/"},{"@type":"ListItem","position":2,"name":"El Ayuntamiento fortalece el mantenimiento integral de los espacios p\u00fablicos del Municipio"}]},{"@type":"WebSite","@id":"https:\/\/www.yucatanencorto.com\/noticias\/#website","url":"https:\/\/www.yucatanencorto.com\/noticias\/","name":"Yucat\u00e1n en corto","description":"Noticias","potentialAction":[{"@type":"SearchAction","target":{"@type":"EntryPoint","urlTemplate":"https:\/\/www.yucatanencorto.com\/noticias\/?s={search_term_string}"},"query-input":{"@type":"PropertyValueSpecification","valueRequired":true,"valueName":"search_term_string"}}],"inLanguage":"es"},{"@type":"Person","@id":"https:\/\/www.yucatanencorto.com\/noticias\/#\/schema\/person\/e2fbdfaf30a07014a43940ce989f3119","name":"Redes","image":{"@type":"ImageObject","inLanguage":"es","@id":"https:\/\/secure.gravatar.com\/avatar\/5931a2d21dd7cc834f44c8c34fe56d90ed6d536ef452cbf870c7485b524dddd7?s=96&d=mm&r=g","url":"https:\/\/secure.gravatar.com\/avatar\/5931a2d21dd7cc834f44c8c34fe56d90ed6d536ef452cbf870c7485b524dddd7?s=96&d=mm&r=g","contentUrl":"https:\/\/secure.gravatar.com\/avatar\/5931a2d21dd7cc834f44c8c34fe56d90ed6d536ef452cbf870c7485b524dddd7?s=96&d=mm&r=g","caption":"Redes"},"url":"https:\/\/www.yucatanencorto.com\/noticias\/author\/redes\/"}]}},"_links":{"self":[{"href":"https:\/\/www.yucatanencorto.com\/noticias\/wp-json\/wp\/v2\/posts\/110293","targetHints":{"allow":["GET"]}}],"collection":[{"href":"https:\/\/www.yucatanencorto.com\/noticias\/wp-json\/wp\/v2\/posts"}],"about":[{"href":"https:\/\/www.yucatanencorto.com\/noticias\/wp-json\/wp\/v2\/types\/post"}],"author":[{"embeddable":true,"href":"https:\/\/www.yucatanencorto.com\/noticias\/wp-json\/wp\/v2\/users\/3"}],"replies":[{"embeddable":true,"href":"https:\/\/www.yucatanencorto.com\/noticias\/wp-json\/wp\/v2\/comments?post=110293"}],"version-history":[{"count":0,"href":"https:\/\/www.yucatanencorto.com\/noticias\/wp-json\/wp\/v2\/posts\/110293\/revisions"}],"wp:featuredmedia":[{"embeddable":true,"href":"https:\/\/www.yucatanencorto.com\/noticias\/wp-json\/wp\/v2\/media\/110294"}],"wp:attachment":[{"href":"https:\/\/www.yucatanencorto.com\/noticias\/wp-json\/wp\/v2\/media?parent=110293"}],"wp:term":[{"taxonomy":"category","embeddable":true,"href":"https:\/\/www.yucatanencorto.com\/noticias\/wp-json\/wp\/v2\/categories?post=110293"},{"taxonomy":"post_tag","embeddable":true,"href":"https:\/\/www.yucatanencorto.com\/noticias\/wp-json\/wp\/v2\/tags?post=110293"}],"curies":[{"name":"wp","href":"https:\/\/api.w.org\/{rel}","templated":true}]}}