{"id":110359,"date":"2024-06-20T15:37:22","date_gmt":"2024-06-20T21:37:22","guid":{"rendered":"https:\/\/www.yucatanencorto.com\/noticias\/?p=110359"},"modified":"2024-06-20T15:37:22","modified_gmt":"2024-06-20T21:37:22","slug":"aprueban-en-el-congreso-del-estado-acciones-para-prevenir-la-violencia-en-el-deporte-a-ninas-ninos-y-adolescentes","status":"publish","type":"post","link":"https:\/\/www.yucatanencorto.com\/noticias\/aprueban-en-el-congreso-del-estado-acciones-para-prevenir-la-violencia-en-el-deporte-a-ninas-ninos-y-adolescentes\/","title":{"rendered":"Aprueban en el Congreso del Estado, acciones para prevenir la violencia en el deporte a ni\u00f1as, ni\u00f1os y adolescentes."},"content":{"rendered":"<p><img loading=\"lazy\" decoding=\"async\" class=\"alignnone size-full wp-image-110360\" src=\"https:\/\/www.yucatanencorto.com\/noticias\/wp-content\/uploads\/2024\/06\/WhatsApp-Image-2024-06-20-at-3.02.47-PM-1-scaled.jpeg\" alt=\"\" width=\"768\" height=\"512\" srcset=\"https:\/\/www.yucatanencorto.com\/noticias\/wp-content\/uploads\/2024\/06\/WhatsApp-Image-2024-06-20-at-3.02.47-PM-1-scaled.jpeg 768w, https:\/\/www.yucatanencorto.com\/noticias\/wp-content\/uploads\/2024\/06\/WhatsApp-Image-2024-06-20-at-3.02.47-PM-1-150x100.jpeg 150w, https:\/\/www.yucatanencorto.com\/noticias\/wp-content\/uploads\/2024\/06\/WhatsApp-Image-2024-06-20-at-3.02.47-PM-1-300x200.jpeg 300w, https:\/\/www.yucatanencorto.com\/noticias\/wp-content\/uploads\/2024\/06\/WhatsApp-Image-2024-06-20-at-3.02.47-PM-1-696x464.jpeg 696w, https:\/\/www.yucatanencorto.com\/noticias\/wp-content\/uploads\/2024\/06\/WhatsApp-Image-2024-06-20-at-3.02.47-PM-1-1068x712.jpeg 1068w\" sizes=\"auto, (max-width: 768px) 100vw, 768px\" \/> <img loading=\"lazy\" decoding=\"async\" class=\"alignnone size-full wp-image-110361\" src=\"https:\/\/www.yucatanencorto.com\/noticias\/wp-content\/uploads\/2024\/06\/WhatsApp-Image-2024-06-20-at-3.02.47-PM-2-scaled.jpeg\" alt=\"\" width=\"768\" height=\"512\" srcset=\"https:\/\/www.yucatanencorto.com\/noticias\/wp-content\/uploads\/2024\/06\/WhatsApp-Image-2024-06-20-at-3.02.47-PM-2-scaled.jpeg 768w, https:\/\/www.yucatanencorto.com\/noticias\/wp-content\/uploads\/2024\/06\/WhatsApp-Image-2024-06-20-at-3.02.47-PM-2-150x100.jpeg 150w, https:\/\/www.yucatanencorto.com\/noticias\/wp-content\/uploads\/2024\/06\/WhatsApp-Image-2024-06-20-at-3.02.47-PM-2-300x200.jpeg 300w, https:\/\/www.yucatanencorto.com\/noticias\/wp-content\/uploads\/2024\/06\/WhatsApp-Image-2024-06-20-at-3.02.47-PM-2-696x464.jpeg 696w, https:\/\/www.yucatanencorto.com\/noticias\/wp-content\/uploads\/2024\/06\/WhatsApp-Image-2024-06-20-at-3.02.47-PM-2-1068x712.jpeg 1068w\" sizes=\"auto, (max-width: 768px) 100vw, 768px\" \/> <img loading=\"lazy\" decoding=\"async\" class=\"alignnone size-full wp-image-110362\" src=\"https:\/\/www.yucatanencorto.com\/noticias\/wp-content\/uploads\/2024\/06\/WhatsApp-Image-2024-06-20-at-3.02.47-PM-3-scaled.jpeg\" alt=\"\" width=\"768\" height=\"512\" srcset=\"https:\/\/www.yucatanencorto.com\/noticias\/wp-content\/uploads\/2024\/06\/WhatsApp-Image-2024-06-20-at-3.02.47-PM-3-scaled.jpeg 768w, https:\/\/www.yucatanencorto.com\/noticias\/wp-content\/uploads\/2024\/06\/WhatsApp-Image-2024-06-20-at-3.02.47-PM-3-150x100.jpeg 150w, https:\/\/www.yucatanencorto.com\/noticias\/wp-content\/uploads\/2024\/06\/WhatsApp-Image-2024-06-20-at-3.02.47-PM-3-300x200.jpeg 300w, https:\/\/www.yucatanencorto.com\/noticias\/wp-content\/uploads\/2024\/06\/WhatsApp-Image-2024-06-20-at-3.02.47-PM-3-696x464.jpeg 696w, https:\/\/www.yucatanencorto.com\/noticias\/wp-content\/uploads\/2024\/06\/WhatsApp-Image-2024-06-20-at-3.02.47-PM-3-1068x712.jpeg 1068w\" sizes=\"auto, (max-width: 768px) 100vw, 768px\" \/> <img loading=\"lazy\" decoding=\"async\" class=\"alignnone size-full wp-image-110363\" src=\"https:\/\/www.yucatanencorto.com\/noticias\/wp-content\/uploads\/2024\/06\/WhatsApp-Image-2024-06-20-at-3.02.47-PM-scaled.jpeg\" alt=\"\" width=\"768\" height=\"512\" srcset=\"https:\/\/www.yucatanencorto.com\/noticias\/wp-content\/uploads\/2024\/06\/WhatsApp-Image-2024-06-20-at-3.02.47-PM-scaled.jpeg 768w, https:\/\/www.yucatanencorto.com\/noticias\/wp-content\/uploads\/2024\/06\/WhatsApp-Image-2024-06-20-at-3.02.47-PM-150x100.jpeg 150w, https:\/\/www.yucatanencorto.com\/noticias\/wp-content\/uploads\/2024\/06\/WhatsApp-Image-2024-06-20-at-3.02.47-PM-300x200.jpeg 300w, https:\/\/www.yucatanencorto.com\/noticias\/wp-content\/uploads\/2024\/06\/WhatsApp-Image-2024-06-20-at-3.02.47-PM-696x464.jpeg 696w, https:\/\/www.yucatanencorto.com\/noticias\/wp-content\/uploads\/2024\/06\/WhatsApp-Image-2024-06-20-at-3.02.47-PM-1068x712.jpeg 1068w\" sizes=\"auto, (max-width: 768px) 100vw, 768px\" \/><\/p>\n<p>M\u00e9rida, Yucat\u00e1n a 20 de junio de 2024. Las y los diputados de la LXIII Legislatura aprobaron por unanimidad la reforma a la Ley de Cultura F\u00edsica y Deporte del Estado para promover acciones que prevengan, atiendan y erradiquen la violencia contra ni\u00f1as, ni\u00f1os y adolescentes.<\/p>\n<p>La diputada Karem Achach Ram\u00edrez explico que el dictamen contempla mecanismos para que las infancias cuenten con un entorno seguro y protegido en donde su \u00fanica preocupaci\u00f3n sea alcanzar sus metas y que tengan un crecimiento pleno en el deporte.<\/p>\n<p>\u201cCon esto no solo estar\u00edamos actualizando nuestro marco normativo en materia deportiva, sino tambi\u00e9n estar\u00edamos trabajando en el desarrollo de programas y acciones que permitan prevenir, combatir y erradicar cualquier tipo de violencia ejercida contra ni\u00f1as, ni\u00f1os y adolescentes en el deporte\u201d, dijo.<\/p>\n<p>A favor, la diputada sin partido, Fabiola Loeza Novelo celebr\u00f3 que la prevenci\u00f3n a la violencia se est\u00e9 reforzando desde temprana edad.<\/p>\n<p>En la apertura del Segundo Per\u00edodo Extraordinario de Sesiones Correspondiente al Tercer A\u00f1o de Ejercicio Constitucional, se aprob\u00f3 por mayor\u00eda el dictamen por el que se expide la Ley del Escudo, la Bandera y el Himno del Estado de Yucat\u00e1n, con el fin de regular el uso oficial y particular, difusi\u00f3n, reproducci\u00f3n y caracter\u00edsticas del Escudo, la Bandera y el Himno como s\u00edmbolos estatales.<\/p>\n<p>Como parte del orden del orden del d\u00eda, aprobaron por mayor\u00eda los dict\u00e1menes para expedir la Ley Org\u00e1nica de la Fiscal\u00eda Especializada en Combate a la Corrupci\u00f3n y para modificar diversas leyes estatales; reformar la Ley de Educaci\u00f3n, as\u00ed como el C\u00f3digo Penal, en materia de prevenci\u00f3n de la violencia y la Ley del Sistema Estatal de Seguridad P\u00fablica en materia de servicio de escolta.<\/p>\n<p>Por \u00faltimo, la modificaci\u00f3n de la Ley de la Fiscal\u00eda General del Estado en materia de organizaci\u00f3n y funcionamiento de la misma.<\/p>\n<p>Cabe mencionar, que la diputada sin partido Fabiola Loeza Novelo vot\u00f3 en contra de todos los dict\u00e1menes de la comisi\u00f3n de Justicia y Seguridad P\u00fablica, as\u00ed como el referente a la expedici\u00f3n de la Ley del Escudo, la Bandera y el Himno del Estado de Yucat\u00e1n.<\/p>\n<p>Al t\u00e9rmino, se clausuro el Segundo Per\u00edodo Extraordinario de Sesiones.<\/p>\n","protected":false},"excerpt":{"rendered":"<p>Las y los diputados de la LXIII Legislatura aprobaron por unanimidad la reforma a la Ley de Cultura F\u00edsica y Deporte del Estado para promover acciones que prevengan, atiendan y erradiquen la violencia contra ni\u00f1as, ni\u00f1os y adolescentes.<\/p>\n","protected":false},"author":2,"featured_media":110363,"comment_status":"closed","ping_status":"closed","sticky":false,"template":"","format":"standard","meta":{"footnotes":""},"categories":[2,3],"tags":[],"class_list":{"0":"post-110359","1":"post","2":"type-post","3":"status-publish","4":"format-standard","5":"has-post-thumbnail","7":"category-merida","8":"category-yucatan"},"yoast_head":"<!-- This site is optimized with the Yoast SEO plugin v27.5 - https:\/\/yoast.com\/product\/yoast-seo-wordpress\/ -->\n<title>Aprueban en el Congreso del Estado, acciones para prevenir la violencia en el deporte a ni\u00f1as, ni\u00f1os y adolescentes. - Yucat\u00e1n en corto<\/title>\n<meta name=\"robots\" content=\"index, follow, max-snippet:-1, max-image-preview:large, max-video-preview:-1\" \/>\n<link rel=\"canonical\" href=\"https:\/\/www.yucatanencorto.com\/noticias\/aprueban-en-el-congreso-del-estado-acciones-para-prevenir-la-violencia-en-el-deporte-a-ninas-ninos-y-adolescentes\/\" \/>\n<meta property=\"og:locale\" content=\"es_ES\" \/>\n<meta property=\"og:type\" content=\"article\" \/>\n<meta property=\"og:title\" content=\"Aprueban en el Congreso del Estado, acciones para prevenir la violencia en el deporte a ni\u00f1as, ni\u00f1os y adolescentes. - Yucat\u00e1n en corto\" \/>\n<meta property=\"og:description\" content=\"Las y los diputados de la LXIII Legislatura aprobaron por unanimidad la reforma a la Ley de Cultura F\u00edsica y Deporte del Estado para promover acciones que prevengan, atiendan y erradiquen la violencia contra ni\u00f1as, ni\u00f1os y adolescentes.\" \/>\n<meta property=\"og:url\" content=\"https:\/\/www.yucatanencorto.com\/noticias\/aprueban-en-el-congreso-del-estado-acciones-para-prevenir-la-violencia-en-el-deporte-a-ninas-ninos-y-adolescentes\/\" \/>\n<meta property=\"og:site_name\" content=\"Yucat\u00e1n en corto\" \/>\n<meta property=\"article:publisher\" content=\"http:\/\/www.facebook.com\/yucatanencorto\" \/>\n<meta property=\"article:published_time\" content=\"2024-06-20T21:37:22+00:00\" \/>\n<meta property=\"og:image\" content=\"https:\/\/www.yucatanencorto.com\/noticias\/wp-content\/uploads\/2024\/06\/WhatsApp-Image-2024-06-20-at-3.02.47-PM-scaled.jpeg\" \/>\n\t<meta property=\"og:image:width\" content=\"768\" \/>\n\t<meta property=\"og:image:height\" content=\"512\" \/>\n\t<meta property=\"og:image:type\" content=\"image\/jpeg\" \/>\n<meta name=\"author\" content=\"Yucat\u00e1n en Corto FC\" \/>\n<meta name=\"twitter:card\" content=\"summary_large_image\" \/>\n<meta name=\"twitter:creator\" content=\"@yucatanencorto\" \/>\n<meta name=\"twitter:site\" content=\"@yucatanencorto\" \/>\n<meta name=\"twitter:label1\" content=\"Escrito por\" \/>\n\t<meta name=\"twitter:data1\" content=\"Yucat\u00e1n en Corto FC\" \/>\n\t<meta name=\"twitter:label2\" content=\"Tiempo de lectura\" \/>\n\t<meta name=\"twitter:data2\" content=\"3 minutos\" \/>\n<script type=\"application\/ld+json\" class=\"yoast-schema-graph\">{\"@context\":\"https:\\\/\\\/schema.org\",\"@graph\":[{\"@type\":\"Article\",\"@id\":\"https:\\\/\\\/www.yucatanencorto.com\\\/noticias\\\/aprueban-en-el-congreso-del-estado-acciones-para-prevenir-la-violencia-en-el-deporte-a-ninas-ninos-y-adolescentes\\\/#article\",\"isPartOf\":{\"@id\":\"https:\\\/\\\/www.yucatanencorto.com\\\/noticias\\\/aprueban-en-el-congreso-del-estado-acciones-para-prevenir-la-violencia-en-el-deporte-a-ninas-ninos-y-adolescentes\\\/\"},\"author\":{\"name\":\"Yucat\u00e1n en Corto FC\",\"@id\":\"https:\\\/\\\/www.yucatanencorto.com\\\/noticias\\\/#\\\/schema\\\/person\\\/14f82d355225a1f4075dd84a31f45a72\"},\"headline\":\"Aprueban en el Congreso del Estado, acciones para prevenir la violencia en el deporte a ni\u00f1as, ni\u00f1os y adolescentes.\",\"datePublished\":\"2024-06-20T21:37:22+00:00\",\"mainEntityOfPage\":{\"@id\":\"https:\\\/\\\/www.yucatanencorto.com\\\/noticias\\\/aprueban-en-el-congreso-del-estado-acciones-para-prevenir-la-violencia-en-el-deporte-a-ninas-ninos-y-adolescentes\\\/\"},\"wordCount\":418,\"image\":{\"@id\":\"https:\\\/\\\/www.yucatanencorto.com\\\/noticias\\\/aprueban-en-el-congreso-del-estado-acciones-para-prevenir-la-violencia-en-el-deporte-a-ninas-ninos-y-adolescentes\\\/#primaryimage\"},\"thumbnailUrl\":\"https:\\\/\\\/www.yucatanencorto.com\\\/noticias\\\/wp-content\\\/uploads\\\/2024\\\/06\\\/WhatsApp-Image-2024-06-20-at-3.02.47-PM-scaled.jpeg\",\"articleSection\":[\"M\u00e9rida\",\"Yucat\u00e1n\"],\"inLanguage\":\"es\"},{\"@type\":\"WebPage\",\"@id\":\"https:\\\/\\\/www.yucatanencorto.com\\\/noticias\\\/aprueban-en-el-congreso-del-estado-acciones-para-prevenir-la-violencia-en-el-deporte-a-ninas-ninos-y-adolescentes\\\/\",\"url\":\"https:\\\/\\\/www.yucatanencorto.com\\\/noticias\\\/aprueban-en-el-congreso-del-estado-acciones-para-prevenir-la-violencia-en-el-deporte-a-ninas-ninos-y-adolescentes\\\/\",\"name\":\"Aprueban en el Congreso del Estado, acciones para prevenir la violencia en el deporte a ni\u00f1as, ni\u00f1os y adolescentes. - Yucat\u00e1n en corto\",\"isPartOf\":{\"@id\":\"https:\\\/\\\/www.yucatanencorto.com\\\/noticias\\\/#website\"},\"primaryImageOfPage\":{\"@id\":\"https:\\\/\\\/www.yucatanencorto.com\\\/noticias\\\/aprueban-en-el-congreso-del-estado-acciones-para-prevenir-la-violencia-en-el-deporte-a-ninas-ninos-y-adolescentes\\\/#primaryimage\"},\"image\":{\"@id\":\"https:\\\/\\\/www.yucatanencorto.com\\\/noticias\\\/aprueban-en-el-congreso-del-estado-acciones-para-prevenir-la-violencia-en-el-deporte-a-ninas-ninos-y-adolescentes\\\/#primaryimage\"},\"thumbnailUrl\":\"https:\\\/\\\/www.yucatanencorto.com\\\/noticias\\\/wp-content\\\/uploads\\\/2024\\\/06\\\/WhatsApp-Image-2024-06-20-at-3.02.47-PM-scaled.jpeg\",\"datePublished\":\"2024-06-20T21:37:22+00:00\",\"author\":{\"@id\":\"https:\\\/\\\/www.yucatanencorto.com\\\/noticias\\\/#\\\/schema\\\/person\\\/14f82d355225a1f4075dd84a31f45a72\"},\"breadcrumb\":{\"@id\":\"https:\\\/\\\/www.yucatanencorto.com\\\/noticias\\\/aprueban-en-el-congreso-del-estado-acciones-para-prevenir-la-violencia-en-el-deporte-a-ninas-ninos-y-adolescentes\\\/#breadcrumb\"},\"inLanguage\":\"es\",\"potentialAction\":[{\"@type\":\"ReadAction\",\"target\":[\"https:\\\/\\\/www.yucatanencorto.com\\\/noticias\\\/aprueban-en-el-congreso-del-estado-acciones-para-prevenir-la-violencia-en-el-deporte-a-ninas-ninos-y-adolescentes\\\/\"]}]},{\"@type\":\"ImageObject\",\"inLanguage\":\"es\",\"@id\":\"https:\\\/\\\/www.yucatanencorto.com\\\/noticias\\\/aprueban-en-el-congreso-del-estado-acciones-para-prevenir-la-violencia-en-el-deporte-a-ninas-ninos-y-adolescentes\\\/#primaryimage\",\"url\":\"https:\\\/\\\/www.yucatanencorto.com\\\/noticias\\\/wp-content\\\/uploads\\\/2024\\\/06\\\/WhatsApp-Image-2024-06-20-at-3.02.47-PM-scaled.jpeg\",\"contentUrl\":\"https:\\\/\\\/www.yucatanencorto.com\\\/noticias\\\/wp-content\\\/uploads\\\/2024\\\/06\\\/WhatsApp-Image-2024-06-20-at-3.02.47-PM-scaled.jpeg\",\"width\":768,\"height\":512},{\"@type\":\"BreadcrumbList\",\"@id\":\"https:\\\/\\\/www.yucatanencorto.com\\\/noticias\\\/aprueban-en-el-congreso-del-estado-acciones-para-prevenir-la-violencia-en-el-deporte-a-ninas-ninos-y-adolescentes\\\/#breadcrumb\",\"itemListElement\":[{\"@type\":\"ListItem\",\"position\":1,\"name\":\"Portada\",\"item\":\"https:\\\/\\\/www.yucatanencorto.com\\\/noticias\\\/\"},{\"@type\":\"ListItem\",\"position\":2,\"name\":\"Aprueban en el Congreso del Estado, acciones para prevenir la violencia en el deporte a ni\u00f1as, ni\u00f1os y adolescentes.\"}]},{\"@type\":\"WebSite\",\"@id\":\"https:\\\/\\\/www.yucatanencorto.com\\\/noticias\\\/#website\",\"url\":\"https:\\\/\\\/www.yucatanencorto.com\\\/noticias\\\/\",\"name\":\"Yucat\u00e1n en corto\",\"description\":\"Noticias\",\"potentialAction\":[{\"@type\":\"SearchAction\",\"target\":{\"@type\":\"EntryPoint\",\"urlTemplate\":\"https:\\\/\\\/www.yucatanencorto.com\\\/noticias\\\/?s={search_term_string}\"},\"query-input\":{\"@type\":\"PropertyValueSpecification\",\"valueRequired\":true,\"valueName\":\"search_term_string\"}}],\"inLanguage\":\"es\"},{\"@type\":\"Person\",\"@id\":\"https:\\\/\\\/www.yucatanencorto.com\\\/noticias\\\/#\\\/schema\\\/person\\\/14f82d355225a1f4075dd84a31f45a72\",\"name\":\"Yucat\u00e1n en Corto FC\",\"image\":{\"@type\":\"ImageObject\",\"inLanguage\":\"es\",\"@id\":\"https:\\\/\\\/secure.gravatar.com\\\/avatar\\\/147d4b30cd728c53c29c49a3f7834dedca33707f4cd259761355846009a88250?s=96&d=mm&r=g\",\"url\":\"https:\\\/\\\/secure.gravatar.com\\\/avatar\\\/147d4b30cd728c53c29c49a3f7834dedca33707f4cd259761355846009a88250?s=96&d=mm&r=g\",\"contentUrl\":\"https:\\\/\\\/secure.gravatar.com\\\/avatar\\\/147d4b30cd728c53c29c49a3f7834dedca33707f4cd259761355846009a88250?s=96&d=mm&r=g\",\"caption\":\"Yucat\u00e1n en Corto FC\"},\"url\":\"https:\\\/\\\/www.yucatanencorto.com\\\/noticias\\\/author\\\/flor\\\/\"}]}<\/script>\n<!-- \/ Yoast SEO plugin. -->","yoast_head_json":{"title":"Aprueban en el Congreso del Estado, acciones para prevenir la violencia en el deporte a ni\u00f1as, ni\u00f1os y adolescentes. - Yucat\u00e1n en corto","robots":{"index":"index","follow":"follow","max-snippet":"max-snippet:-1","max-image-preview":"max-image-preview:large","max-video-preview":"max-video-preview:-1"},"canonical":"https:\/\/www.yucatanencorto.com\/noticias\/aprueban-en-el-congreso-del-estado-acciones-para-prevenir-la-violencia-en-el-deporte-a-ninas-ninos-y-adolescentes\/","og_locale":"es_ES","og_type":"article","og_title":"Aprueban en el Congreso del Estado, acciones para prevenir la violencia en el deporte a ni\u00f1as, ni\u00f1os y adolescentes. - Yucat\u00e1n en corto","og_description":"Las y los diputados de la LXIII Legislatura aprobaron por unanimidad la reforma a la Ley de Cultura F\u00edsica y Deporte del Estado para promover acciones que prevengan, atiendan y erradiquen la violencia contra ni\u00f1as, ni\u00f1os y adolescentes.","og_url":"https:\/\/www.yucatanencorto.com\/noticias\/aprueban-en-el-congreso-del-estado-acciones-para-prevenir-la-violencia-en-el-deporte-a-ninas-ninos-y-adolescentes\/","og_site_name":"Yucat\u00e1n en corto","article_publisher":"http:\/\/www.facebook.com\/yucatanencorto","article_published_time":"2024-06-20T21:37:22+00:00","og_image":[{"width":768,"height":512,"url":"https:\/\/www.yucatanencorto.com\/noticias\/wp-content\/uploads\/2024\/06\/WhatsApp-Image-2024-06-20-at-3.02.47-PM-scaled.jpeg","type":"image\/jpeg"}],"author":"Yucat\u00e1n en Corto FC","twitter_card":"summary_large_image","twitter_creator":"@yucatanencorto","twitter_site":"@yucatanencorto","twitter_misc":{"Escrito por":"Yucat\u00e1n en Corto FC","Tiempo de lectura":"3 minutos"},"schema":{"@context":"https:\/\/schema.org","@graph":[{"@type":"Article","@id":"https:\/\/www.yucatanencorto.com\/noticias\/aprueban-en-el-congreso-del-estado-acciones-para-prevenir-la-violencia-en-el-deporte-a-ninas-ninos-y-adolescentes\/#article","isPartOf":{"@id":"https:\/\/www.yucatanencorto.com\/noticias\/aprueban-en-el-congreso-del-estado-acciones-para-prevenir-la-violencia-en-el-deporte-a-ninas-ninos-y-adolescentes\/"},"author":{"name":"Yucat\u00e1n en Corto FC","@id":"https:\/\/www.yucatanencorto.com\/noticias\/#\/schema\/person\/14f82d355225a1f4075dd84a31f45a72"},"headline":"Aprueban en el Congreso del Estado, acciones para prevenir la violencia en el deporte a ni\u00f1as, ni\u00f1os y adolescentes.","datePublished":"2024-06-20T21:37:22+00:00","mainEntityOfPage":{"@id":"https:\/\/www.yucatanencorto.com\/noticias\/aprueban-en-el-congreso-del-estado-acciones-para-prevenir-la-violencia-en-el-deporte-a-ninas-ninos-y-adolescentes\/"},"wordCount":418,"image":{"@id":"https:\/\/www.yucatanencorto.com\/noticias\/aprueban-en-el-congreso-del-estado-acciones-para-prevenir-la-violencia-en-el-deporte-a-ninas-ninos-y-adolescentes\/#primaryimage"},"thumbnailUrl":"https:\/\/www.yucatanencorto.com\/noticias\/wp-content\/uploads\/2024\/06\/WhatsApp-Image-2024-06-20-at-3.02.47-PM-scaled.jpeg","articleSection":["M\u00e9rida","Yucat\u00e1n"],"inLanguage":"es"},{"@type":"WebPage","@id":"https:\/\/www.yucatanencorto.com\/noticias\/aprueban-en-el-congreso-del-estado-acciones-para-prevenir-la-violencia-en-el-deporte-a-ninas-ninos-y-adolescentes\/","url":"https:\/\/www.yucatanencorto.com\/noticias\/aprueban-en-el-congreso-del-estado-acciones-para-prevenir-la-violencia-en-el-deporte-a-ninas-ninos-y-adolescentes\/","name":"Aprueban en el Congreso del Estado, acciones para prevenir la violencia en el deporte a ni\u00f1as, ni\u00f1os y adolescentes. - Yucat\u00e1n en corto","isPartOf":{"@id":"https:\/\/www.yucatanencorto.com\/noticias\/#website"},"primaryImageOfPage":{"@id":"https:\/\/www.yucatanencorto.com\/noticias\/aprueban-en-el-congreso-del-estado-acciones-para-prevenir-la-violencia-en-el-deporte-a-ninas-ninos-y-adolescentes\/#primaryimage"},"image":{"@id":"https:\/\/www.yucatanencorto.com\/noticias\/aprueban-en-el-congreso-del-estado-acciones-para-prevenir-la-violencia-en-el-deporte-a-ninas-ninos-y-adolescentes\/#primaryimage"},"thumbnailUrl":"https:\/\/www.yucatanencorto.com\/noticias\/wp-content\/uploads\/2024\/06\/WhatsApp-Image-2024-06-20-at-3.02.47-PM-scaled.jpeg","datePublished":"2024-06-20T21:37:22+00:00","author":{"@id":"https:\/\/www.yucatanencorto.com\/noticias\/#\/schema\/person\/14f82d355225a1f4075dd84a31f45a72"},"breadcrumb":{"@id":"https:\/\/www.yucatanencorto.com\/noticias\/aprueban-en-el-congreso-del-estado-acciones-para-prevenir-la-violencia-en-el-deporte-a-ninas-ninos-y-adolescentes\/#breadcrumb"},"inLanguage":"es","potentialAction":[{"@type":"ReadAction","target":["https:\/\/www.yucatanencorto.com\/noticias\/aprueban-en-el-congreso-del-estado-acciones-para-prevenir-la-violencia-en-el-deporte-a-ninas-ninos-y-adolescentes\/"]}]},{"@type":"ImageObject","inLanguage":"es","@id":"https:\/\/www.yucatanencorto.com\/noticias\/aprueban-en-el-congreso-del-estado-acciones-para-prevenir-la-violencia-en-el-deporte-a-ninas-ninos-y-adolescentes\/#primaryimage","url":"https:\/\/www.yucatanencorto.com\/noticias\/wp-content\/uploads\/2024\/06\/WhatsApp-Image-2024-06-20-at-3.02.47-PM-scaled.jpeg","contentUrl":"https:\/\/www.yucatanencorto.com\/noticias\/wp-content\/uploads\/2024\/06\/WhatsApp-Image-2024-06-20-at-3.02.47-PM-scaled.jpeg","width":768,"height":512},{"@type":"BreadcrumbList","@id":"https:\/\/www.yucatanencorto.com\/noticias\/aprueban-en-el-congreso-del-estado-acciones-para-prevenir-la-violencia-en-el-deporte-a-ninas-ninos-y-adolescentes\/#breadcrumb","itemListElement":[{"@type":"ListItem","position":1,"name":"Portada","item":"https:\/\/www.yucatanencorto.com\/noticias\/"},{"@type":"ListItem","position":2,"name":"Aprueban en el Congreso del Estado, acciones para prevenir la violencia en el deporte a ni\u00f1as, ni\u00f1os y adolescentes."}]},{"@type":"WebSite","@id":"https:\/\/www.yucatanencorto.com\/noticias\/#website","url":"https:\/\/www.yucatanencorto.com\/noticias\/","name":"Yucat\u00e1n en corto","description":"Noticias","potentialAction":[{"@type":"SearchAction","target":{"@type":"EntryPoint","urlTemplate":"https:\/\/www.yucatanencorto.com\/noticias\/?s={search_term_string}"},"query-input":{"@type":"PropertyValueSpecification","valueRequired":true,"valueName":"search_term_string"}}],"inLanguage":"es"},{"@type":"Person","@id":"https:\/\/www.yucatanencorto.com\/noticias\/#\/schema\/person\/14f82d355225a1f4075dd84a31f45a72","name":"Yucat\u00e1n en Corto FC","image":{"@type":"ImageObject","inLanguage":"es","@id":"https:\/\/secure.gravatar.com\/avatar\/147d4b30cd728c53c29c49a3f7834dedca33707f4cd259761355846009a88250?s=96&d=mm&r=g","url":"https:\/\/secure.gravatar.com\/avatar\/147d4b30cd728c53c29c49a3f7834dedca33707f4cd259761355846009a88250?s=96&d=mm&r=g","contentUrl":"https:\/\/secure.gravatar.com\/avatar\/147d4b30cd728c53c29c49a3f7834dedca33707f4cd259761355846009a88250?s=96&d=mm&r=g","caption":"Yucat\u00e1n en Corto FC"},"url":"https:\/\/www.yucatanencorto.com\/noticias\/author\/flor\/"}]}},"_links":{"self":[{"href":"https:\/\/www.yucatanencorto.com\/noticias\/wp-json\/wp\/v2\/posts\/110359","targetHints":{"allow":["GET"]}}],"collection":[{"href":"https:\/\/www.yucatanencorto.com\/noticias\/wp-json\/wp\/v2\/posts"}],"about":[{"href":"https:\/\/www.yucatanencorto.com\/noticias\/wp-json\/wp\/v2\/types\/post"}],"author":[{"embeddable":true,"href":"https:\/\/www.yucatanencorto.com\/noticias\/wp-json\/wp\/v2\/users\/2"}],"replies":[{"embeddable":true,"href":"https:\/\/www.yucatanencorto.com\/noticias\/wp-json\/wp\/v2\/comments?post=110359"}],"version-history":[{"count":0,"href":"https:\/\/www.yucatanencorto.com\/noticias\/wp-json\/wp\/v2\/posts\/110359\/revisions"}],"wp:featuredmedia":[{"embeddable":true,"href":"https:\/\/www.yucatanencorto.com\/noticias\/wp-json\/wp\/v2\/media\/110363"}],"wp:attachment":[{"href":"https:\/\/www.yucatanencorto.com\/noticias\/wp-json\/wp\/v2\/media?parent=110359"}],"wp:term":[{"taxonomy":"category","embeddable":true,"href":"https:\/\/www.yucatanencorto.com\/noticias\/wp-json\/wp\/v2\/categories?post=110359"},{"taxonomy":"post_tag","embeddable":true,"href":"https:\/\/www.yucatanencorto.com\/noticias\/wp-json\/wp\/v2\/tags?post=110359"}],"curies":[{"name":"wp","href":"https:\/\/api.w.org\/{rel}","templated":true}]}}