{"id":110530,"date":"2024-07-01T13:33:03","date_gmt":"2024-07-01T19:33:03","guid":{"rendered":"https:\/\/www.yucatanencorto.com\/noticias\/?p=110530"},"modified":"2024-07-01T13:33:15","modified_gmt":"2024-07-01T19:33:15","slug":"gobierno-del-estado-emprende-mas-acciones-para-que-los-derechos-de-las-ninas-ninos-y-adolescentes-se-respeten-y-protejan","status":"publish","type":"post","link":"https:\/\/www.yucatanencorto.com\/noticias\/gobierno-del-estado-emprende-mas-acciones-para-que-los-derechos-de-las-ninas-ninos-y-adolescentes-se-respeten-y-protejan\/","title":{"rendered":"Gobierno del Estado emprende m\u00e1s acciones para que los derechos de las ni\u00f1as, ni\u00f1os y adolescentes se respeten y protejan."},"content":{"rendered":"<p><img loading=\"lazy\" decoding=\"async\" class=\"alignnone size-full wp-image-110531\" src=\"https:\/\/www.yucatanencorto.com\/noticias\/wp-content\/uploads\/2024\/07\/WhatsApp-Image-2024-06-27-at-12.52.58-PM-scaled.jpeg\" alt=\"\" width=\"768\" height=\"512\" srcset=\"https:\/\/www.yucatanencorto.com\/noticias\/wp-content\/uploads\/2024\/07\/WhatsApp-Image-2024-06-27-at-12.52.58-PM-scaled.jpeg 768w, https:\/\/www.yucatanencorto.com\/noticias\/wp-content\/uploads\/2024\/07\/WhatsApp-Image-2024-06-27-at-12.52.58-PM-1536x1023.jpeg 1536w, https:\/\/www.yucatanencorto.com\/noticias\/wp-content\/uploads\/2024\/07\/WhatsApp-Image-2024-06-27-at-12.52.58-PM-150x100.jpeg 150w, https:\/\/www.yucatanencorto.com\/noticias\/wp-content\/uploads\/2024\/07\/WhatsApp-Image-2024-06-27-at-12.52.58-PM-300x200.jpeg 300w, https:\/\/www.yucatanencorto.com\/noticias\/wp-content\/uploads\/2024\/07\/WhatsApp-Image-2024-06-27-at-12.52.58-PM-696x464.jpeg 696w, https:\/\/www.yucatanencorto.com\/noticias\/wp-content\/uploads\/2024\/07\/WhatsApp-Image-2024-06-27-at-12.52.58-PM-1068x712.jpeg 1068w\" sizes=\"auto, (max-width: 768px) 100vw, 768px\" \/> <img loading=\"lazy\" decoding=\"async\" class=\"alignnone size-full wp-image-110532\" src=\"https:\/\/www.yucatanencorto.com\/noticias\/wp-content\/uploads\/2024\/07\/WhatsApp-Image-2024-06-27-at-12.52.57-PM-1-scaled.jpeg\" alt=\"\" width=\"768\" height=\"512\" srcset=\"https:\/\/www.yucatanencorto.com\/noticias\/wp-content\/uploads\/2024\/07\/WhatsApp-Image-2024-06-27-at-12.52.57-PM-1-scaled.jpeg 768w, https:\/\/www.yucatanencorto.com\/noticias\/wp-content\/uploads\/2024\/07\/WhatsApp-Image-2024-06-27-at-12.52.57-PM-1-1536x1023.jpeg 1536w, https:\/\/www.yucatanencorto.com\/noticias\/wp-content\/uploads\/2024\/07\/WhatsApp-Image-2024-06-27-at-12.52.57-PM-1-150x100.jpeg 150w, https:\/\/www.yucatanencorto.com\/noticias\/wp-content\/uploads\/2024\/07\/WhatsApp-Image-2024-06-27-at-12.52.57-PM-1-300x200.jpeg 300w, https:\/\/www.yucatanencorto.com\/noticias\/wp-content\/uploads\/2024\/07\/WhatsApp-Image-2024-06-27-at-12.52.57-PM-1-696x464.jpeg 696w, https:\/\/www.yucatanencorto.com\/noticias\/wp-content\/uploads\/2024\/07\/WhatsApp-Image-2024-06-27-at-12.52.57-PM-1-1068x712.jpeg 1068w\" sizes=\"auto, (max-width: 768px) 100vw, 768px\" \/> <img loading=\"lazy\" decoding=\"async\" class=\"alignnone size-full wp-image-110533\" src=\"https:\/\/www.yucatanencorto.com\/noticias\/wp-content\/uploads\/2024\/07\/WhatsApp-Image-2024-06-27-at-12.52.57-PM-scaled.jpeg\" alt=\"\" width=\"768\" height=\"512\" srcset=\"https:\/\/www.yucatanencorto.com\/noticias\/wp-content\/uploads\/2024\/07\/WhatsApp-Image-2024-06-27-at-12.52.57-PM-scaled.jpeg 768w, https:\/\/www.yucatanencorto.com\/noticias\/wp-content\/uploads\/2024\/07\/WhatsApp-Image-2024-06-27-at-12.52.57-PM-1536x1023.jpeg 1536w, https:\/\/www.yucatanencorto.com\/noticias\/wp-content\/uploads\/2024\/07\/WhatsApp-Image-2024-06-27-at-12.52.57-PM-150x100.jpeg 150w, https:\/\/www.yucatanencorto.com\/noticias\/wp-content\/uploads\/2024\/07\/WhatsApp-Image-2024-06-27-at-12.52.57-PM-300x200.jpeg 300w, https:\/\/www.yucatanencorto.com\/noticias\/wp-content\/uploads\/2024\/07\/WhatsApp-Image-2024-06-27-at-12.52.57-PM-696x464.jpeg 696w, https:\/\/www.yucatanencorto.com\/noticias\/wp-content\/uploads\/2024\/07\/WhatsApp-Image-2024-06-27-at-12.52.57-PM-1068x712.jpeg 1068w\" sizes=\"auto, (max-width: 768px) 100vw, 768px\" \/> <img loading=\"lazy\" decoding=\"async\" class=\"alignnone size-medium wp-image-110534\" src=\"https:\/\/www.yucatanencorto.com\/noticias\/wp-content\/uploads\/2024\/07\/WhatsApp-Image-2024-06-27-at-12.52.56-PM-scaled.jpeg\" alt=\"\" width=\"768\" height=\"512\" srcset=\"https:\/\/www.yucatanencorto.com\/noticias\/wp-content\/uploads\/2024\/07\/WhatsApp-Image-2024-06-27-at-12.52.56-PM-scaled.jpeg 768w, https:\/\/www.yucatanencorto.com\/noticias\/wp-content\/uploads\/2024\/07\/WhatsApp-Image-2024-06-27-at-12.52.56-PM-1536x1023.jpeg 1536w, https:\/\/www.yucatanencorto.com\/noticias\/wp-content\/uploads\/2024\/07\/WhatsApp-Image-2024-06-27-at-12.52.56-PM-150x100.jpeg 150w, https:\/\/www.yucatanencorto.com\/noticias\/wp-content\/uploads\/2024\/07\/WhatsApp-Image-2024-06-27-at-12.52.56-PM-300x200.jpeg 300w, https:\/\/www.yucatanencorto.com\/noticias\/wp-content\/uploads\/2024\/07\/WhatsApp-Image-2024-06-27-at-12.52.56-PM-696x464.jpeg 696w, https:\/\/www.yucatanencorto.com\/noticias\/wp-content\/uploads\/2024\/07\/WhatsApp-Image-2024-06-27-at-12.52.56-PM-1068x712.jpeg 1068w\" sizes=\"auto, (max-width: 768px) 100vw, 768px\" \/> <img loading=\"lazy\" decoding=\"async\" class=\"alignnone size-full wp-image-110535\" src=\"https:\/\/www.yucatanencorto.com\/noticias\/wp-content\/uploads\/2024\/07\/WhatsApp-Image-2024-06-27-at-12.52.56-PM-1-scaled.jpeg\" alt=\"\" width=\"768\" height=\"512\" srcset=\"https:\/\/www.yucatanencorto.com\/noticias\/wp-content\/uploads\/2024\/07\/WhatsApp-Image-2024-06-27-at-12.52.56-PM-1-scaled.jpeg 768w, https:\/\/www.yucatanencorto.com\/noticias\/wp-content\/uploads\/2024\/07\/WhatsApp-Image-2024-06-27-at-12.52.56-PM-1-1536x1023.jpeg 1536w, https:\/\/www.yucatanencorto.com\/noticias\/wp-content\/uploads\/2024\/07\/WhatsApp-Image-2024-06-27-at-12.52.56-PM-1-150x100.jpeg 150w, https:\/\/www.yucatanencorto.com\/noticias\/wp-content\/uploads\/2024\/07\/WhatsApp-Image-2024-06-27-at-12.52.56-PM-1-300x200.jpeg 300w, https:\/\/www.yucatanencorto.com\/noticias\/wp-content\/uploads\/2024\/07\/WhatsApp-Image-2024-06-27-at-12.52.56-PM-1-696x464.jpeg 696w, https:\/\/www.yucatanencorto.com\/noticias\/wp-content\/uploads\/2024\/07\/WhatsApp-Image-2024-06-27-at-12.52.56-PM-1-1068x712.jpeg 1068w\" sizes=\"auto, (max-width: 768px) 100vw, 768px\" \/> <img loading=\"lazy\" decoding=\"async\" class=\"alignnone size-full wp-image-110536\" src=\"https:\/\/www.yucatanencorto.com\/noticias\/wp-content\/uploads\/2024\/07\/WhatsApp-Image-2024-06-27-at-12.52.47-PM-2-scaled.jpeg\" alt=\"\" width=\"768\" height=\"512\" srcset=\"https:\/\/www.yucatanencorto.com\/noticias\/wp-content\/uploads\/2024\/07\/WhatsApp-Image-2024-06-27-at-12.52.47-PM-2-scaled.jpeg 768w, https:\/\/www.yucatanencorto.com\/noticias\/wp-content\/uploads\/2024\/07\/WhatsApp-Image-2024-06-27-at-12.52.47-PM-2-1536x1023.jpeg 1536w, https:\/\/www.yucatanencorto.com\/noticias\/wp-content\/uploads\/2024\/07\/WhatsApp-Image-2024-06-27-at-12.52.47-PM-2-150x100.jpeg 150w, https:\/\/www.yucatanencorto.com\/noticias\/wp-content\/uploads\/2024\/07\/WhatsApp-Image-2024-06-27-at-12.52.47-PM-2-300x200.jpeg 300w, https:\/\/www.yucatanencorto.com\/noticias\/wp-content\/uploads\/2024\/07\/WhatsApp-Image-2024-06-27-at-12.52.47-PM-2-696x464.jpeg 696w, https:\/\/www.yucatanencorto.com\/noticias\/wp-content\/uploads\/2024\/07\/WhatsApp-Image-2024-06-27-at-12.52.47-PM-2-1068x712.jpeg 1068w\" sizes=\"auto, (max-width: 768px) 100vw, 768px\" \/> <img loading=\"lazy\" decoding=\"async\" class=\"alignnone size-full wp-image-110537\" src=\"https:\/\/www.yucatanencorto.com\/noticias\/wp-content\/uploads\/2024\/07\/WhatsApp-Image-2024-06-27-at-12.52.47-PM-1-scaled.jpeg\" alt=\"\" width=\"768\" height=\"512\" srcset=\"https:\/\/www.yucatanencorto.com\/noticias\/wp-content\/uploads\/2024\/07\/WhatsApp-Image-2024-06-27-at-12.52.47-PM-1-scaled.jpeg 768w, https:\/\/www.yucatanencorto.com\/noticias\/wp-content\/uploads\/2024\/07\/WhatsApp-Image-2024-06-27-at-12.52.47-PM-1-1536x1023.jpeg 1536w, https:\/\/www.yucatanencorto.com\/noticias\/wp-content\/uploads\/2024\/07\/WhatsApp-Image-2024-06-27-at-12.52.47-PM-1-150x100.jpeg 150w, https:\/\/www.yucatanencorto.com\/noticias\/wp-content\/uploads\/2024\/07\/WhatsApp-Image-2024-06-27-at-12.52.47-PM-1-300x200.jpeg 300w, https:\/\/www.yucatanencorto.com\/noticias\/wp-content\/uploads\/2024\/07\/WhatsApp-Image-2024-06-27-at-12.52.47-PM-1-696x464.jpeg 696w, https:\/\/www.yucatanencorto.com\/noticias\/wp-content\/uploads\/2024\/07\/WhatsApp-Image-2024-06-27-at-12.52.47-PM-1-1068x712.jpeg 1068w\" sizes=\"auto, (max-width: 768px) 100vw, 768px\" \/><\/p>\n<div dir=\"ltr\">\n<div dir=\"ltr\">\n<p class=\"x_x_MsoNormal\"><span lang=\"EN-US\">M\u00e9rida, Yucat\u00e1n, 1 de julio de 2024.-\u00a0Como parte de la\u00a0Agenda\u00a0de\u00a0Ni\u00f1ez\u00a0y\u00a0Adolescencia\u00a0impulsada por el Gobernador Mauricio Vila Dosal, la Secretar\u00eda Ejecutiva del Sistema de Protecci\u00f3n Integral de Ni\u00f1as, Ni\u00f1os y Adolescentes del Estado de Yucat\u00e1n (Sipinnay) elabora un Est\u00e1ndar Estatal de Escucha Especializada para mejorar la atenci\u00f3n de este sector de la poblaci\u00f3n en su proceso de acceso a la justicia ante alg\u00fan tipo de violencia y as\u00ed evitar la revictimizaci\u00f3n.<\/span><\/p>\n<p class=\"x_x_MsoNormal\"><span lang=\"EN-US\">De esta manera, la Agenda de Ni\u00f1ez y Adolescencia que se trabaja de manera interinstitucional en coordinaci\u00f3n con la Universidad Aut\u00f3noma de Yucat\u00e1n (UADY) y en suma de esfuerzos con la Fiscal\u00eda General del Estado (FGE), el Poder Judicial y distintas dependencias, contin\u00faa avanzando en su compromiso firme y sostenido para asegurar que los derechos de las ni\u00f1as, ni\u00f1os y adolescentes se respeten y se protejan de manera efectiva.<\/span><\/p>\n<p class=\"x_x_MsoNormal\"><span lang=\"EN-US\">Lo anterior se inform\u00f3 en la Primera Sesi\u00f3n Ordinaria 2024 del Sipinnay que encabez\u00f3 la titular de la Secretar\u00eda General de Gobierno (SGG), Mar\u00eda Fritz Sierra, como parte del seguimiento a las acciones de la\u00a0Agenda\u00a0transversal que coloca a Yucat\u00e1n como ejemplo a nivel nacional por sus importantes resultados en materia de protecci\u00f3n, defensa y restituci\u00f3n de los derechos de la ni\u00f1ez y adolescencia en situaci\u00f3n de vulnerabilidad ante alg\u00fan tipo de violencia.<\/span><\/p>\n<p class=\"x_x_MsoNormal\"><span lang=\"EN-US\">La reuni\u00f3n cont\u00f3 con la presencia y participaci\u00f3n de integrantes de la Red Estatal de Ni\u00f1as, Ni\u00f1os y Adolescentes DIFusores de los Derechos: Brendy Belem, originaria del municipio de Cacalch\u00e9n; Diego Benjam\u00edn, de Tekax; e Isabella y Pedro, ambos de M\u00e9rida, quienes con sus observaciones, propuestas y planteamientos han enriquecido a las pol\u00edticas p\u00fablicas dise\u00f1adas para su beneficio.<\/span><\/p>\n<p class=\"x_x_MsoNormal\"><span lang=\"EN-US\">Brendy Belem y Diego Benjam\u00edn, a nombre de la ni\u00f1ez y adolescencia de Yucat\u00e1n, agradecieron a las autoridades estatales y a los responsables de la Agenda por la oportunidad de ser escuchados y, sobre todo, que sus ideas, opiniones y sugerencias sean tomados en cuenta por ser temas que les ata\u00f1en al ser parte de este importante sector de la poblaci\u00f3n.<\/span><\/p>\n<p class=\"x_x_MsoNormal\"><span lang=\"EN-US\">\u201cMe llevo una nueva experiencia en mi vida con mucho aprendizaje que han ampliado mis conocimientos\u201d, manifest\u00f3 la adolescente Brendy Belem, al coincidir con Diego Benjam\u00edn en que no solamente ha sido una gran oportunidad que disfrutaron al m\u00e1ximo, sino que se sintieron realmente valorados y con la capacidad de incidir en el respeto y protecci\u00f3n de sus derechos.<\/span><\/p>\n<p class=\"x_x_MsoNormal\"><span lang=\"EN-US\">En este contexto y acompa\u00f1ada de la secretaria Ejecutiva del\u00a0Sipinnay, Mar\u00eda Elena Rivas Acevedo, la titular de la SGG record\u00f3 que para el Gobernador Mauricio Vila Dosal es una prioridad la seguridad y procurar el bienestar de las ni\u00f1as, ni\u00f1os y adolescentes, por lo cual se trabaja con un compromiso firme para brindarles una atenci\u00f3n integral como lo que son, \u201cel presente, para un mejor futuro como sociedad\u201d.<\/span><\/p>\n<p class=\"x_x_MsoNormal\"><span lang=\"EN-US\">Por ello, subray\u00f3 que el promover y asegurar que la ni\u00f1ez y adolescencia de Yucat\u00e1n tengan representaci\u00f3n real y una participaci\u00f3n activa en la Agenda es sumamente importante y valioso, porque en la actual administraci\u00f3n estatal siempre se busca mejorar el trabajo realizado para dejar un verdadero legado, que de soluciones a tantas necesidades e injusticias que vienen de una deuda hist\u00f3rica que, como gobierno y sociedad, se ha tenido con nuestras ni\u00f1as, ni\u00f1os y adolescentes.<\/span><\/p>\n<p class=\"x_x_MsoNormal\"><span lang=\"EN-US\">Al dirigirse a Brendy Belem, Diego Benjam\u00edn, Isabella y Pedro, los conmin\u00f3 a continuar participando con entusiasmo en la promoci\u00f3n de sus derechos y puedan exigir que se les respete ya que, como representantes de la ni\u00f1ez y adolescencia de Yucat\u00e1n pero sobre todo, \u201ccomo representantes de su generaci\u00f3n, est\u00e1n abriendo una brecha para que las voces de las ni\u00f1as, ni\u00f1os y adolescentes sean escuchadas y tratados con perspectiva de ni\u00f1ez cuando necesiten que el sistema les haga justicia\u201d.<\/span><\/p>\n<p class=\"x_x_MsoNormal\"><span lang=\"EN-US\">\u201cEse es el mensaje que me gustar\u00eda se lleven\u201d, expres\u00f3 la funcionaria estatal, ante la Magistrada Graciela Alejandra Torres Garma, integrante de la Primera Sala Colegiada Penal y Civil del Tribunal Superior de Justicia; el\u00a0vicefiscal\u00a0de Investigaci\u00f3n y Procesos de la FGE, Arturo Ambrosio Herrera, y el representante del Poder Legislativo, Mario Maldonado Espinosa.\u00a0<\/span><\/p>\n<p class=\"x_x_MsoNormal\"><span lang=\"EN-US\">En su intervenci\u00f3n, tambi\u00e9n destac\u00f3 el esfuerzo y trabajo en equipo, serio y comprometido, que constituye la Agenda de Ni\u00f1ez y Adolescencia para mejorar la atenci\u00f3n y protecci\u00f3n de quienes han sufrido alg\u00fan tipo de violencia, por lo que apel\u00f3 a que estas estrategias y programas en favor de este sector de la poblaci\u00f3n contin\u00faen m\u00e1s all\u00e1 de la actual\u00a0administraci\u00f3n\u00a0estatal.<\/span><\/p>\n<p class=\"x_x_MsoNormal\"><span lang=\"EN-US\">\u201cQue todo lo que se ha adelantado sirva y no se deseche tras el t\u00e9rmino de una administraci\u00f3n, m\u00e1s a\u00fan cuando es importante reconocer que una administraci\u00f3n no puede sola pagar una deuda de anta\u00f1o con la protecci\u00f3n de la ni\u00f1ez, por lo que habr\u00e1 que avanzar hacia adelante y no retroceder ning\u00fan paso para seguir abonando a lo que se les debe en materia de justicia\u201d, subray\u00f3.<\/span><\/p>\n<p class=\"x_x_MsoNormal\"><span lang=\"EN-US\">En presencia de responsables de las dependencias, instituciones y organismos que directa o indirectamente trabajan en Yucat\u00e1n para proteger el Inter\u00e9s Superior de la Ni\u00f1ez y Adolescencia, la secretaria Ejecutiva del Sipinnay, Mar\u00eda Elena Rivas dio a conocer a detalle los avances y resultados obtenidos en la implementaci\u00f3n de cada una de las 4 grandes l\u00edneas estrat\u00e9gicas que conforman la Agenda.<\/span><\/p>\n<p class=\"x_x_MsoNormal\"><span lang=\"EN-US\">Asimismo, inform\u00f3 de las acciones que actualmente se est\u00e1n llevando a cabo, como las jornadas de capacitaci\u00f3n del \u201cPrograma de entrenamiento en entrevista especializada centrada en ni\u00f1ez y adolescencia; entrevista investigativa y judicial\u201d, con el fin de formar y acreditar como \u201cPersonas Entrevistadoras\u201d al personal del Sistema de Justicia que interviene en la toma de testimoniales y diligencias judiciales en las que participan ni\u00f1as, ni\u00f1os y adolescentes.<\/span><\/p>\n<p class=\"x_x_MsoNormal\"><span lang=\"EN-US\">\u201cSe capacitan a m\u00e1s de 300 servidoras y servidores p\u00fablicos de distintas dependencias, como la FGE, el Poder Judicial, la Procuradur\u00eda de Protecci\u00f3n de\u00a0Ni\u00f1as,\u00a0Ni\u00f1os\u00a0y\u00a0Adolescentes de Yucat\u00e1n (Prodennay), la Comisi\u00f3n Ejecutiva\u00a0Estatal\u00a0de Atenci\u00f3n a V\u00edctimas (CEEAV), entre otras\u201d, indic\u00f3 ante el subsecretario de Gobierno y Desarrollo Pol\u00edtico de la SGG, Jos\u00e9\u00a0Carlos\u00a0Puerto\u00a0Patr\u00f3n, y el\u00a0director\u00a0del DIF en Yucat\u00e1n,\u00a0Juan\u00a0Barea\u00a0Canul.<\/span><\/p>\n<p class=\"x_x_MsoNormal\"><span lang=\"EN-US\">Sobre el Est\u00e1ndar Estatal de Escucha Especializada, record\u00f3 que forma parte de \u201cBuenas pr\u00e1cticas en Procuraci\u00f3n e Impartici\u00f3n de Justicia\u201d, una de las l\u00edneas estrat\u00e9gicas de la Agenda de Ni\u00f1ez y Adolescecia con la que se ha generado una pol\u00edtica p\u00fablica transversal que permite avanzar hacia una verdadera garant\u00eda del pleno ejercicio y respeto de los derechos de las ni\u00f1as, ni\u00f1os y adolescentes.<\/span><\/p>\n<p class=\"x_x_MsoNormal\"><span lang=\"EN-US\">Detall\u00f3 que el contenido del Est\u00e1ndar Estatal de Escucha abarca la propuesta de ruta de implementaci\u00f3n en el Sistema de Justicia cuando participan en \u00e9ste ni\u00f1as, ni\u00f1os y adolescentes, as\u00ed como las herramientas a utilizar en dichos procesos, como el Instrumento de Garant\u00eda de Derechos en Justicia Adaptada, la Gu\u00eda de Preparaci\u00f3n M\u00e9dica para Valoraci\u00f3n en Ni\u00f1as, Ni\u00f1os y Adolescentes, as\u00ed como el Protocolo de Entrevista Especializada centrada en Ni\u00f1ez y Adolescencia.<\/span><\/p>\n<p class=\"x_x_MsoNormal\"><span lang=\"EN-US\">En su oportunidad, la Responsable Institucional y Enlace de la\u00a0Agenda\u00a0de\u00a0Ni\u00f1ez\u00a0y\u00a0Adolescencia\u00a0por parte de la UADY,\u00a0Reyna\u00a0Faride\u00a0Pe\u00f1a\u00a0Castillo, asegur\u00f3 que nunca antes como ahora se ha avanzado verdaderamente en la atenci\u00f3n y protecci\u00f3n de\u00a0ni\u00f1as,\u00a0ni\u00f1os\u00a0y\u00a0adolescentes en su proceso de acceso a la justicia ante alg\u00fan tipo de violencia.<\/span><\/p>\n<p class=\"x_x_MsoNormal\"><span lang=\"EN-US\">A nombre del rector, Carlos Alberto Estrada Pinto agradeci\u00f3 al Gobierno del Estado por la confianza otorgada mediante la Secretar\u00eda Ejecutiva del Sipinnay al elegirlos para ser colaboradores de esta Agenda, en la coordinaci\u00f3n.<\/span><\/p>\n<p class=\"x_x_MsoNormal\"><span lang=\"EN-US\">\u201cEs una Agenda con la que he tenido la dicha de sentir que verdaderamente avanzamos, que estrat\u00e9gicamente hubo una visi\u00f3n y se vio el rostro de la ni\u00f1ez de una manera distinta por lo que, con mucha esperanza, pero tambi\u00e9n conciencia tenemos que hacer que este trabajo contin\u00fae, \u00a0que no se detenga\u201d, manifest\u00f3.<\/span><\/p>\n<p class=\"x_x_MsoNormal\"><span lang=\"EN-US\">\u201cCon estas acciones y resultados, Yucat\u00e1n ha entrado a un nuevo paradigma en el sistema de justicia para la ni\u00f1ez y adolescencia, con una pol\u00edtica p\u00fablica real y sensible que brinda atenci\u00f3n y protecci\u00f3n especial a toda ni\u00f1a, ni\u00f1o o adolescente que ha sido v\u00edctima de delitos, lo que ha permitido avanzar en el cumplimiento del objetivo de garantizar un enfoque de Justicia Terap\u00e9utica en las etapas cr\u00edticas de participaci\u00f3n en su proceso de acceso a la justicia\u201d, concluy\u00f3.<\/span><\/p>\n<\/div>\n<\/div>\n","protected":false},"excerpt":{"rendered":"<p>Como parte de la Agenda de Ni\u00f1ez y Adolescencia, la Secretar\u00eda Ejecutiva del Sipinnay elabora un Est\u00e1ndar Estatal de Escucha Especializada para este sector de la poblaci\u00f3n en su proceso de acceso a la justicia ante alg\u00fan tipo de violencia.<\/p>\n","protected":false},"author":2,"featured_media":110538,"comment_status":"closed","ping_status":"closed","sticky":false,"template":"","format":"standard","meta":{"footnotes":""},"categories":[2,3],"tags":[],"class_list":{"0":"post-110530","1":"post","2":"type-post","3":"status-publish","4":"format-standard","5":"has-post-thumbnail","7":"category-merida","8":"category-yucatan"},"yoast_head":"<!-- This site is optimized with the Yoast SEO plugin v27.5 - https:\/\/yoast.com\/product\/yoast-seo-wordpress\/ -->\n<title>Gobierno del Estado emprende m\u00e1s acciones para que los derechos de las ni\u00f1as, ni\u00f1os y adolescentes se respeten y protejan. - Yucat\u00e1n en corto<\/title>\n<meta name=\"robots\" content=\"index, follow, max-snippet:-1, max-image-preview:large, max-video-preview:-1\" \/>\n<link rel=\"canonical\" href=\"https:\/\/www.yucatanencorto.com\/noticias\/gobierno-del-estado-emprende-mas-acciones-para-que-los-derechos-de-las-ninas-ninos-y-adolescentes-se-respeten-y-protejan\/\" \/>\n<meta property=\"og:locale\" content=\"es_ES\" \/>\n<meta property=\"og:type\" content=\"article\" \/>\n<meta property=\"og:title\" content=\"Gobierno del Estado emprende m\u00e1s acciones para que los derechos de las ni\u00f1as, ni\u00f1os y adolescentes se respeten y protejan. - Yucat\u00e1n en corto\" \/>\n<meta property=\"og:description\" content=\"Como parte de la Agenda de Ni\u00f1ez y Adolescencia, la Secretar\u00eda Ejecutiva del Sipinnay elabora un Est\u00e1ndar Estatal de Escucha Especializada para este sector de la poblaci\u00f3n en su proceso de acceso a la justicia ante alg\u00fan tipo de violencia.\" \/>\n<meta property=\"og:url\" content=\"https:\/\/www.yucatanencorto.com\/noticias\/gobierno-del-estado-emprende-mas-acciones-para-que-los-derechos-de-las-ninas-ninos-y-adolescentes-se-respeten-y-protejan\/\" \/>\n<meta property=\"og:site_name\" content=\"Yucat\u00e1n en corto\" \/>\n<meta property=\"article:publisher\" content=\"http:\/\/www.facebook.com\/yucatanencorto\" \/>\n<meta property=\"article:published_time\" content=\"2024-07-01T19:33:03+00:00\" \/>\n<meta property=\"article:modified_time\" content=\"2024-07-01T19:33:15+00:00\" \/>\n<meta property=\"og:image\" content=\"https:\/\/www.yucatanencorto.com\/noticias\/wp-content\/uploads\/2024\/07\/WhatsApp-Image-2024-06-27-at-12.52.54-PM-scaled.jpeg\" \/>\n\t<meta property=\"og:image:width\" content=\"768\" \/>\n\t<meta property=\"og:image:height\" content=\"512\" \/>\n\t<meta property=\"og:image:type\" content=\"image\/jpeg\" \/>\n<meta name=\"author\" content=\"Yucat\u00e1n en Corto FC\" \/>\n<meta name=\"twitter:card\" content=\"summary_large_image\" \/>\n<meta name=\"twitter:creator\" content=\"@yucatanencorto\" \/>\n<meta name=\"twitter:site\" content=\"@yucatanencorto\" \/>\n<meta name=\"twitter:label1\" content=\"Escrito por\" \/>\n\t<meta name=\"twitter:data1\" content=\"Yucat\u00e1n en Corto FC\" \/>\n\t<meta name=\"twitter:label2\" content=\"Tiempo de lectura\" \/>\n\t<meta name=\"twitter:data2\" content=\"8 minutos\" \/>\n<script type=\"application\/ld+json\" class=\"yoast-schema-graph\">{\"@context\":\"https:\\\/\\\/schema.org\",\"@graph\":[{\"@type\":\"Article\",\"@id\":\"https:\\\/\\\/www.yucatanencorto.com\\\/noticias\\\/gobierno-del-estado-emprende-mas-acciones-para-que-los-derechos-de-las-ninas-ninos-y-adolescentes-se-respeten-y-protejan\\\/#article\",\"isPartOf\":{\"@id\":\"https:\\\/\\\/www.yucatanencorto.com\\\/noticias\\\/gobierno-del-estado-emprende-mas-acciones-para-que-los-derechos-de-las-ninas-ninos-y-adolescentes-se-respeten-y-protejan\\\/\"},\"author\":{\"name\":\"Yucat\u00e1n en Corto FC\",\"@id\":\"https:\\\/\\\/www.yucatanencorto.com\\\/noticias\\\/#\\\/schema\\\/person\\\/14f82d355225a1f4075dd84a31f45a72\"},\"headline\":\"Gobierno del Estado emprende m\u00e1s acciones para que los derechos de las ni\u00f1as, ni\u00f1os y adolescentes se respeten y protejan.\",\"datePublished\":\"2024-07-01T19:33:03+00:00\",\"dateModified\":\"2024-07-01T19:33:15+00:00\",\"mainEntityOfPage\":{\"@id\":\"https:\\\/\\\/www.yucatanencorto.com\\\/noticias\\\/gobierno-del-estado-emprende-mas-acciones-para-que-los-derechos-de-las-ninas-ninos-y-adolescentes-se-respeten-y-protejan\\\/\"},\"wordCount\":1545,\"image\":{\"@id\":\"https:\\\/\\\/www.yucatanencorto.com\\\/noticias\\\/gobierno-del-estado-emprende-mas-acciones-para-que-los-derechos-de-las-ninas-ninos-y-adolescentes-se-respeten-y-protejan\\\/#primaryimage\"},\"thumbnailUrl\":\"https:\\\/\\\/www.yucatanencorto.com\\\/noticias\\\/wp-content\\\/uploads\\\/2024\\\/07\\\/WhatsApp-Image-2024-06-27-at-12.52.54-PM-scaled.jpeg\",\"articleSection\":[\"M\u00e9rida\",\"Yucat\u00e1n\"],\"inLanguage\":\"es\"},{\"@type\":\"WebPage\",\"@id\":\"https:\\\/\\\/www.yucatanencorto.com\\\/noticias\\\/gobierno-del-estado-emprende-mas-acciones-para-que-los-derechos-de-las-ninas-ninos-y-adolescentes-se-respeten-y-protejan\\\/\",\"url\":\"https:\\\/\\\/www.yucatanencorto.com\\\/noticias\\\/gobierno-del-estado-emprende-mas-acciones-para-que-los-derechos-de-las-ninas-ninos-y-adolescentes-se-respeten-y-protejan\\\/\",\"name\":\"Gobierno del Estado emprende m\u00e1s acciones para que los derechos de las ni\u00f1as, ni\u00f1os y adolescentes se respeten y protejan. - Yucat\u00e1n en corto\",\"isPartOf\":{\"@id\":\"https:\\\/\\\/www.yucatanencorto.com\\\/noticias\\\/#website\"},\"primaryImageOfPage\":{\"@id\":\"https:\\\/\\\/www.yucatanencorto.com\\\/noticias\\\/gobierno-del-estado-emprende-mas-acciones-para-que-los-derechos-de-las-ninas-ninos-y-adolescentes-se-respeten-y-protejan\\\/#primaryimage\"},\"image\":{\"@id\":\"https:\\\/\\\/www.yucatanencorto.com\\\/noticias\\\/gobierno-del-estado-emprende-mas-acciones-para-que-los-derechos-de-las-ninas-ninos-y-adolescentes-se-respeten-y-protejan\\\/#primaryimage\"},\"thumbnailUrl\":\"https:\\\/\\\/www.yucatanencorto.com\\\/noticias\\\/wp-content\\\/uploads\\\/2024\\\/07\\\/WhatsApp-Image-2024-06-27-at-12.52.54-PM-scaled.jpeg\",\"datePublished\":\"2024-07-01T19:33:03+00:00\",\"dateModified\":\"2024-07-01T19:33:15+00:00\",\"author\":{\"@id\":\"https:\\\/\\\/www.yucatanencorto.com\\\/noticias\\\/#\\\/schema\\\/person\\\/14f82d355225a1f4075dd84a31f45a72\"},\"breadcrumb\":{\"@id\":\"https:\\\/\\\/www.yucatanencorto.com\\\/noticias\\\/gobierno-del-estado-emprende-mas-acciones-para-que-los-derechos-de-las-ninas-ninos-y-adolescentes-se-respeten-y-protejan\\\/#breadcrumb\"},\"inLanguage\":\"es\",\"potentialAction\":[{\"@type\":\"ReadAction\",\"target\":[\"https:\\\/\\\/www.yucatanencorto.com\\\/noticias\\\/gobierno-del-estado-emprende-mas-acciones-para-que-los-derechos-de-las-ninas-ninos-y-adolescentes-se-respeten-y-protejan\\\/\"]}]},{\"@type\":\"ImageObject\",\"inLanguage\":\"es\",\"@id\":\"https:\\\/\\\/www.yucatanencorto.com\\\/noticias\\\/gobierno-del-estado-emprende-mas-acciones-para-que-los-derechos-de-las-ninas-ninos-y-adolescentes-se-respeten-y-protejan\\\/#primaryimage\",\"url\":\"https:\\\/\\\/www.yucatanencorto.com\\\/noticias\\\/wp-content\\\/uploads\\\/2024\\\/07\\\/WhatsApp-Image-2024-06-27-at-12.52.54-PM-scaled.jpeg\",\"contentUrl\":\"https:\\\/\\\/www.yucatanencorto.com\\\/noticias\\\/wp-content\\\/uploads\\\/2024\\\/07\\\/WhatsApp-Image-2024-06-27-at-12.52.54-PM-scaled.jpeg\",\"width\":768,\"height\":512},{\"@type\":\"BreadcrumbList\",\"@id\":\"https:\\\/\\\/www.yucatanencorto.com\\\/noticias\\\/gobierno-del-estado-emprende-mas-acciones-para-que-los-derechos-de-las-ninas-ninos-y-adolescentes-se-respeten-y-protejan\\\/#breadcrumb\",\"itemListElement\":[{\"@type\":\"ListItem\",\"position\":1,\"name\":\"Portada\",\"item\":\"https:\\\/\\\/www.yucatanencorto.com\\\/noticias\\\/\"},{\"@type\":\"ListItem\",\"position\":2,\"name\":\"Gobierno del Estado emprende m\u00e1s acciones para que los derechos de las ni\u00f1as, ni\u00f1os y adolescentes se respeten y protejan.\"}]},{\"@type\":\"WebSite\",\"@id\":\"https:\\\/\\\/www.yucatanencorto.com\\\/noticias\\\/#website\",\"url\":\"https:\\\/\\\/www.yucatanencorto.com\\\/noticias\\\/\",\"name\":\"Yucat\u00e1n en corto\",\"description\":\"Noticias\",\"potentialAction\":[{\"@type\":\"SearchAction\",\"target\":{\"@type\":\"EntryPoint\",\"urlTemplate\":\"https:\\\/\\\/www.yucatanencorto.com\\\/noticias\\\/?s={search_term_string}\"},\"query-input\":{\"@type\":\"PropertyValueSpecification\",\"valueRequired\":true,\"valueName\":\"search_term_string\"}}],\"inLanguage\":\"es\"},{\"@type\":\"Person\",\"@id\":\"https:\\\/\\\/www.yucatanencorto.com\\\/noticias\\\/#\\\/schema\\\/person\\\/14f82d355225a1f4075dd84a31f45a72\",\"name\":\"Yucat\u00e1n en Corto FC\",\"image\":{\"@type\":\"ImageObject\",\"inLanguage\":\"es\",\"@id\":\"https:\\\/\\\/secure.gravatar.com\\\/avatar\\\/147d4b30cd728c53c29c49a3f7834dedca33707f4cd259761355846009a88250?s=96&d=mm&r=g\",\"url\":\"https:\\\/\\\/secure.gravatar.com\\\/avatar\\\/147d4b30cd728c53c29c49a3f7834dedca33707f4cd259761355846009a88250?s=96&d=mm&r=g\",\"contentUrl\":\"https:\\\/\\\/secure.gravatar.com\\\/avatar\\\/147d4b30cd728c53c29c49a3f7834dedca33707f4cd259761355846009a88250?s=96&d=mm&r=g\",\"caption\":\"Yucat\u00e1n en Corto FC\"},\"url\":\"https:\\\/\\\/www.yucatanencorto.com\\\/noticias\\\/author\\\/flor\\\/\"}]}<\/script>\n<!-- \/ Yoast SEO plugin. -->","yoast_head_json":{"title":"Gobierno del Estado emprende m\u00e1s acciones para que los derechos de las ni\u00f1as, ni\u00f1os y adolescentes se respeten y protejan. - Yucat\u00e1n en corto","robots":{"index":"index","follow":"follow","max-snippet":"max-snippet:-1","max-image-preview":"max-image-preview:large","max-video-preview":"max-video-preview:-1"},"canonical":"https:\/\/www.yucatanencorto.com\/noticias\/gobierno-del-estado-emprende-mas-acciones-para-que-los-derechos-de-las-ninas-ninos-y-adolescentes-se-respeten-y-protejan\/","og_locale":"es_ES","og_type":"article","og_title":"Gobierno del Estado emprende m\u00e1s acciones para que los derechos de las ni\u00f1as, ni\u00f1os y adolescentes se respeten y protejan. - Yucat\u00e1n en corto","og_description":"Como parte de la Agenda de Ni\u00f1ez y Adolescencia, la Secretar\u00eda Ejecutiva del Sipinnay elabora un Est\u00e1ndar Estatal de Escucha Especializada para este sector de la poblaci\u00f3n en su proceso de acceso a la justicia ante alg\u00fan tipo de violencia.","og_url":"https:\/\/www.yucatanencorto.com\/noticias\/gobierno-del-estado-emprende-mas-acciones-para-que-los-derechos-de-las-ninas-ninos-y-adolescentes-se-respeten-y-protejan\/","og_site_name":"Yucat\u00e1n en corto","article_publisher":"http:\/\/www.facebook.com\/yucatanencorto","article_published_time":"2024-07-01T19:33:03+00:00","article_modified_time":"2024-07-01T19:33:15+00:00","og_image":[{"width":768,"height":512,"url":"https:\/\/www.yucatanencorto.com\/noticias\/wp-content\/uploads\/2024\/07\/WhatsApp-Image-2024-06-27-at-12.52.54-PM-scaled.jpeg","type":"image\/jpeg"}],"author":"Yucat\u00e1n en Corto FC","twitter_card":"summary_large_image","twitter_creator":"@yucatanencorto","twitter_site":"@yucatanencorto","twitter_misc":{"Escrito por":"Yucat\u00e1n en Corto FC","Tiempo de lectura":"8 minutos"},"schema":{"@context":"https:\/\/schema.org","@graph":[{"@type":"Article","@id":"https:\/\/www.yucatanencorto.com\/noticias\/gobierno-del-estado-emprende-mas-acciones-para-que-los-derechos-de-las-ninas-ninos-y-adolescentes-se-respeten-y-protejan\/#article","isPartOf":{"@id":"https:\/\/www.yucatanencorto.com\/noticias\/gobierno-del-estado-emprende-mas-acciones-para-que-los-derechos-de-las-ninas-ninos-y-adolescentes-se-respeten-y-protejan\/"},"author":{"name":"Yucat\u00e1n en Corto FC","@id":"https:\/\/www.yucatanencorto.com\/noticias\/#\/schema\/person\/14f82d355225a1f4075dd84a31f45a72"},"headline":"Gobierno del Estado emprende m\u00e1s acciones para que los derechos de las ni\u00f1as, ni\u00f1os y adolescentes se respeten y protejan.","datePublished":"2024-07-01T19:33:03+00:00","dateModified":"2024-07-01T19:33:15+00:00","mainEntityOfPage":{"@id":"https:\/\/www.yucatanencorto.com\/noticias\/gobierno-del-estado-emprende-mas-acciones-para-que-los-derechos-de-las-ninas-ninos-y-adolescentes-se-respeten-y-protejan\/"},"wordCount":1545,"image":{"@id":"https:\/\/www.yucatanencorto.com\/noticias\/gobierno-del-estado-emprende-mas-acciones-para-que-los-derechos-de-las-ninas-ninos-y-adolescentes-se-respeten-y-protejan\/#primaryimage"},"thumbnailUrl":"https:\/\/www.yucatanencorto.com\/noticias\/wp-content\/uploads\/2024\/07\/WhatsApp-Image-2024-06-27-at-12.52.54-PM-scaled.jpeg","articleSection":["M\u00e9rida","Yucat\u00e1n"],"inLanguage":"es"},{"@type":"WebPage","@id":"https:\/\/www.yucatanencorto.com\/noticias\/gobierno-del-estado-emprende-mas-acciones-para-que-los-derechos-de-las-ninas-ninos-y-adolescentes-se-respeten-y-protejan\/","url":"https:\/\/www.yucatanencorto.com\/noticias\/gobierno-del-estado-emprende-mas-acciones-para-que-los-derechos-de-las-ninas-ninos-y-adolescentes-se-respeten-y-protejan\/","name":"Gobierno del Estado emprende m\u00e1s acciones para que los derechos de las ni\u00f1as, ni\u00f1os y adolescentes se respeten y protejan. - Yucat\u00e1n en corto","isPartOf":{"@id":"https:\/\/www.yucatanencorto.com\/noticias\/#website"},"primaryImageOfPage":{"@id":"https:\/\/www.yucatanencorto.com\/noticias\/gobierno-del-estado-emprende-mas-acciones-para-que-los-derechos-de-las-ninas-ninos-y-adolescentes-se-respeten-y-protejan\/#primaryimage"},"image":{"@id":"https:\/\/www.yucatanencorto.com\/noticias\/gobierno-del-estado-emprende-mas-acciones-para-que-los-derechos-de-las-ninas-ninos-y-adolescentes-se-respeten-y-protejan\/#primaryimage"},"thumbnailUrl":"https:\/\/www.yucatanencorto.com\/noticias\/wp-content\/uploads\/2024\/07\/WhatsApp-Image-2024-06-27-at-12.52.54-PM-scaled.jpeg","datePublished":"2024-07-01T19:33:03+00:00","dateModified":"2024-07-01T19:33:15+00:00","author":{"@id":"https:\/\/www.yucatanencorto.com\/noticias\/#\/schema\/person\/14f82d355225a1f4075dd84a31f45a72"},"breadcrumb":{"@id":"https:\/\/www.yucatanencorto.com\/noticias\/gobierno-del-estado-emprende-mas-acciones-para-que-los-derechos-de-las-ninas-ninos-y-adolescentes-se-respeten-y-protejan\/#breadcrumb"},"inLanguage":"es","potentialAction":[{"@type":"ReadAction","target":["https:\/\/www.yucatanencorto.com\/noticias\/gobierno-del-estado-emprende-mas-acciones-para-que-los-derechos-de-las-ninas-ninos-y-adolescentes-se-respeten-y-protejan\/"]}]},{"@type":"ImageObject","inLanguage":"es","@id":"https:\/\/www.yucatanencorto.com\/noticias\/gobierno-del-estado-emprende-mas-acciones-para-que-los-derechos-de-las-ninas-ninos-y-adolescentes-se-respeten-y-protejan\/#primaryimage","url":"https:\/\/www.yucatanencorto.com\/noticias\/wp-content\/uploads\/2024\/07\/WhatsApp-Image-2024-06-27-at-12.52.54-PM-scaled.jpeg","contentUrl":"https:\/\/www.yucatanencorto.com\/noticias\/wp-content\/uploads\/2024\/07\/WhatsApp-Image-2024-06-27-at-12.52.54-PM-scaled.jpeg","width":768,"height":512},{"@type":"BreadcrumbList","@id":"https:\/\/www.yucatanencorto.com\/noticias\/gobierno-del-estado-emprende-mas-acciones-para-que-los-derechos-de-las-ninas-ninos-y-adolescentes-se-respeten-y-protejan\/#breadcrumb","itemListElement":[{"@type":"ListItem","position":1,"name":"Portada","item":"https:\/\/www.yucatanencorto.com\/noticias\/"},{"@type":"ListItem","position":2,"name":"Gobierno del Estado emprende m\u00e1s acciones para que los derechos de las ni\u00f1as, ni\u00f1os y adolescentes se respeten y protejan."}]},{"@type":"WebSite","@id":"https:\/\/www.yucatanencorto.com\/noticias\/#website","url":"https:\/\/www.yucatanencorto.com\/noticias\/","name":"Yucat\u00e1n en corto","description":"Noticias","potentialAction":[{"@type":"SearchAction","target":{"@type":"EntryPoint","urlTemplate":"https:\/\/www.yucatanencorto.com\/noticias\/?s={search_term_string}"},"query-input":{"@type":"PropertyValueSpecification","valueRequired":true,"valueName":"search_term_string"}}],"inLanguage":"es"},{"@type":"Person","@id":"https:\/\/www.yucatanencorto.com\/noticias\/#\/schema\/person\/14f82d355225a1f4075dd84a31f45a72","name":"Yucat\u00e1n en Corto FC","image":{"@type":"ImageObject","inLanguage":"es","@id":"https:\/\/secure.gravatar.com\/avatar\/147d4b30cd728c53c29c49a3f7834dedca33707f4cd259761355846009a88250?s=96&d=mm&r=g","url":"https:\/\/secure.gravatar.com\/avatar\/147d4b30cd728c53c29c49a3f7834dedca33707f4cd259761355846009a88250?s=96&d=mm&r=g","contentUrl":"https:\/\/secure.gravatar.com\/avatar\/147d4b30cd728c53c29c49a3f7834dedca33707f4cd259761355846009a88250?s=96&d=mm&r=g","caption":"Yucat\u00e1n en Corto FC"},"url":"https:\/\/www.yucatanencorto.com\/noticias\/author\/flor\/"}]}},"_links":{"self":[{"href":"https:\/\/www.yucatanencorto.com\/noticias\/wp-json\/wp\/v2\/posts\/110530","targetHints":{"allow":["GET"]}}],"collection":[{"href":"https:\/\/www.yucatanencorto.com\/noticias\/wp-json\/wp\/v2\/posts"}],"about":[{"href":"https:\/\/www.yucatanencorto.com\/noticias\/wp-json\/wp\/v2\/types\/post"}],"author":[{"embeddable":true,"href":"https:\/\/www.yucatanencorto.com\/noticias\/wp-json\/wp\/v2\/users\/2"}],"replies":[{"embeddable":true,"href":"https:\/\/www.yucatanencorto.com\/noticias\/wp-json\/wp\/v2\/comments?post=110530"}],"version-history":[{"count":0,"href":"https:\/\/www.yucatanencorto.com\/noticias\/wp-json\/wp\/v2\/posts\/110530\/revisions"}],"wp:featuredmedia":[{"embeddable":true,"href":"https:\/\/www.yucatanencorto.com\/noticias\/wp-json\/wp\/v2\/media\/110538"}],"wp:attachment":[{"href":"https:\/\/www.yucatanencorto.com\/noticias\/wp-json\/wp\/v2\/media?parent=110530"}],"wp:term":[{"taxonomy":"category","embeddable":true,"href":"https:\/\/www.yucatanencorto.com\/noticias\/wp-json\/wp\/v2\/categories?post=110530"},{"taxonomy":"post_tag","embeddable":true,"href":"https:\/\/www.yucatanencorto.com\/noticias\/wp-json\/wp\/v2\/tags?post=110530"}],"curies":[{"name":"wp","href":"https:\/\/api.w.org\/{rel}","templated":true}]}}