{"id":112077,"date":"2024-09-11T22:00:28","date_gmt":"2024-09-12T04:00:28","guid":{"rendered":"https:\/\/www.yucatanencorto.com\/noticias\/?p=112077"},"modified":"2024-09-11T22:00:28","modified_gmt":"2024-09-12T04:00:28","slug":"continuan-los-trabajos-de-repavimentacion-en-el-sur-de-merida","status":"publish","type":"post","link":"https:\/\/www.yucatanencorto.com\/noticias\/continuan-los-trabajos-de-repavimentacion-en-el-sur-de-merida\/","title":{"rendered":"Contin\u00faan los trabajos de repavimentaci\u00f3n en el sur de M\u00e9rida"},"content":{"rendered":"<p style=\"text-align: justify;\"><img loading=\"lazy\" decoding=\"async\" class=\"alignnone size-full wp-image-112082\" src=\"https:\/\/www.yucatanencorto.com\/noticias\/wp-content\/uploads\/2024\/09\/WhatsApp-Image-2024-09-11-at-3.33.25-PM-scaled.jpeg\" alt=\"\" width=\"768\" height=\"502\" srcset=\"https:\/\/www.yucatanencorto.com\/noticias\/wp-content\/uploads\/2024\/09\/WhatsApp-Image-2024-09-11-at-3.33.25-PM-scaled.jpeg 768w, https:\/\/www.yucatanencorto.com\/noticias\/wp-content\/uploads\/2024\/09\/WhatsApp-Image-2024-09-11-at-3.33.25-PM-150x98.jpeg 150w, https:\/\/www.yucatanencorto.com\/noticias\/wp-content\/uploads\/2024\/09\/WhatsApp-Image-2024-09-11-at-3.33.25-PM-300x196.jpeg 300w, https:\/\/www.yucatanencorto.com\/noticias\/wp-content\/uploads\/2024\/09\/WhatsApp-Image-2024-09-11-at-3.33.25-PM-696x455.jpeg 696w, https:\/\/www.yucatanencorto.com\/noticias\/wp-content\/uploads\/2024\/09\/WhatsApp-Image-2024-09-11-at-3.33.25-PM-1068x698.jpeg 1068w\" sizes=\"auto, (max-width: 768px) 100vw, 768px\" \/> <img loading=\"lazy\" decoding=\"async\" class=\"alignnone size-medium wp-image-112081\" src=\"https:\/\/www.yucatanencorto.com\/noticias\/wp-content\/uploads\/2024\/09\/WhatsApp-Image-2024-09-11-at-3.33.25-PM-1-scaled.jpeg\" alt=\"\" width=\"768\" height=\"432\" srcset=\"https:\/\/www.yucatanencorto.com\/noticias\/wp-content\/uploads\/2024\/09\/WhatsApp-Image-2024-09-11-at-3.33.25-PM-1-scaled.jpeg 768w, https:\/\/www.yucatanencorto.com\/noticias\/wp-content\/uploads\/2024\/09\/WhatsApp-Image-2024-09-11-at-3.33.25-PM-1-150x84.jpeg 150w, https:\/\/www.yucatanencorto.com\/noticias\/wp-content\/uploads\/2024\/09\/WhatsApp-Image-2024-09-11-at-3.33.25-PM-1-300x169.jpeg 300w, https:\/\/www.yucatanencorto.com\/noticias\/wp-content\/uploads\/2024\/09\/WhatsApp-Image-2024-09-11-at-3.33.25-PM-1-696x392.jpeg 696w, https:\/\/www.yucatanencorto.com\/noticias\/wp-content\/uploads\/2024\/09\/WhatsApp-Image-2024-09-11-at-3.33.25-PM-1-1068x601.jpeg 1068w\" sizes=\"auto, (max-width: 768px) 100vw, 768px\" \/> <img loading=\"lazy\" decoding=\"async\" class=\"alignnone size-full wp-image-112080\" src=\"https:\/\/www.yucatanencorto.com\/noticias\/wp-content\/uploads\/2024\/09\/WhatsApp-Image-2024-09-11-at-3.33.25-PM-2-scaled.jpeg\" alt=\"\" width=\"768\" height=\"512\" srcset=\"https:\/\/www.yucatanencorto.com\/noticias\/wp-content\/uploads\/2024\/09\/WhatsApp-Image-2024-09-11-at-3.33.25-PM-2-scaled.jpeg 768w, https:\/\/www.yucatanencorto.com\/noticias\/wp-content\/uploads\/2024\/09\/WhatsApp-Image-2024-09-11-at-3.33.25-PM-2-150x100.jpeg 150w, https:\/\/www.yucatanencorto.com\/noticias\/wp-content\/uploads\/2024\/09\/WhatsApp-Image-2024-09-11-at-3.33.25-PM-2-300x200.jpeg 300w, https:\/\/www.yucatanencorto.com\/noticias\/wp-content\/uploads\/2024\/09\/WhatsApp-Image-2024-09-11-at-3.33.25-PM-2-696x464.jpeg 696w, https:\/\/www.yucatanencorto.com\/noticias\/wp-content\/uploads\/2024\/09\/WhatsApp-Image-2024-09-11-at-3.33.25-PM-2-1068x712.jpeg 1068w\" sizes=\"auto, (max-width: 768px) 100vw, 768px\" \/> <img loading=\"lazy\" decoding=\"async\" class=\"alignnone size-full wp-image-112079\" src=\"https:\/\/www.yucatanencorto.com\/noticias\/wp-content\/uploads\/2024\/09\/WhatsApp-Image-2024-09-11-at-3.33.26-PM-scaled.jpeg\" alt=\"\" width=\"768\" height=\"547\" srcset=\"https:\/\/www.yucatanencorto.com\/noticias\/wp-content\/uploads\/2024\/09\/WhatsApp-Image-2024-09-11-at-3.33.26-PM-scaled.jpeg 768w, https:\/\/www.yucatanencorto.com\/noticias\/wp-content\/uploads\/2024\/09\/WhatsApp-Image-2024-09-11-at-3.33.26-PM-150x107.jpeg 150w, https:\/\/www.yucatanencorto.com\/noticias\/wp-content\/uploads\/2024\/09\/WhatsApp-Image-2024-09-11-at-3.33.26-PM-300x214.jpeg 300w, https:\/\/www.yucatanencorto.com\/noticias\/wp-content\/uploads\/2024\/09\/WhatsApp-Image-2024-09-11-at-3.33.26-PM-696x495.jpeg 696w, https:\/\/www.yucatanencorto.com\/noticias\/wp-content\/uploads\/2024\/09\/WhatsApp-Image-2024-09-11-at-3.33.26-PM-1068x760.jpeg 1068w\" sizes=\"auto, (max-width: 768px) 100vw, 768px\" \/> <img loading=\"lazy\" decoding=\"async\" class=\"alignnone size-full wp-image-112078\" src=\"https:\/\/www.yucatanencorto.com\/noticias\/wp-content\/uploads\/2024\/09\/WhatsApp-Image-2024-09-11-at-3.33.26-PM-1-scaled.jpeg\" alt=\"\" width=\"768\" height=\"493\" srcset=\"https:\/\/www.yucatanencorto.com\/noticias\/wp-content\/uploads\/2024\/09\/WhatsApp-Image-2024-09-11-at-3.33.26-PM-1-scaled.jpeg 768w, https:\/\/www.yucatanencorto.com\/noticias\/wp-content\/uploads\/2024\/09\/WhatsApp-Image-2024-09-11-at-3.33.26-PM-1-150x96.jpeg 150w, https:\/\/www.yucatanencorto.com\/noticias\/wp-content\/uploads\/2024\/09\/WhatsApp-Image-2024-09-11-at-3.33.26-PM-1-300x192.jpeg 300w, https:\/\/www.yucatanencorto.com\/noticias\/wp-content\/uploads\/2024\/09\/WhatsApp-Image-2024-09-11-at-3.33.26-PM-1-696x446.jpeg 696w, https:\/\/www.yucatanencorto.com\/noticias\/wp-content\/uploads\/2024\/09\/WhatsApp-Image-2024-09-11-at-3.33.26-PM-1-1068x685.jpeg 1068w\" sizes=\"auto, (max-width: 768px) 100vw, 768px\" \/><\/p>\n<p style=\"text-align: justify;\">M\u00e9rida, Yucat\u00e1n a mi\u00e9rcoles 11 de septiembre de 2024.- Con la repavimentaci\u00f3n de m\u00e1s\u00a0 calles en el sur de M\u00e9rida construimos la justicia social al mejorar la calidad de vida de las familias de la zona, afirm\u00f3 la Presidenta Municipal Cecilia Patr\u00f3n Laviada.<\/p>\n<p style=\"text-align: justify;\">\u201cAs\u00ed cumplimos desde el Ayuntamiento con el compromiso de brindar servicios que permitan seguir mejorando nuestra ciudad y sus comisar\u00edas de manera justa y equitativa\u201d, afirm\u00f3.<\/p>\n<p style=\"text-align: justify;\">\nComo parte de la nueva forma de gobernar, en el sur de M\u00e9rida arranc\u00f3 la rehabilitaci\u00f3n de la calle 50 de la colonia Plan de Ayala Sur, v\u00eda principal que conecta a la ciudad desde perif\u00e9rico hasta la comisar\u00eda de Xmatkuil.<\/p>\n<p style=\"text-align: justify;\">Esta obra de repavimentaci\u00f3n consiste en 1.4 kil\u00f3metros que equivalen a 10,977.33 metros cuadrados, con una inversi\u00f3n de 5,344,900.44 de pesos, atendiendo un tramo del carril poniente de la calle 50 que abarca desde la calle 175 a la 199.<\/p>\n<p style=\"text-align: justify;\">Esta rehabilitaci\u00f3n forma parte del \u201cOperativo de temporada de lluvias\u201d que incluye acciones integrales para el mantenimiento de vialidades, bacheo, limpieza de calles, mejora de alumbrado p\u00fablico, entre otros.<\/p>\n<p style=\"text-align: justify;\">La Alcaldesa agreg\u00f3 que estas acciones, junto con el cambio de iluminaci\u00f3n de l\u00e1mparas de vapor de sodio a luminarias LED realizado el s\u00e1bado pasado sobre toda la calle 50 sur entre Xmatkuil y Perif\u00e9rico, dar\u00e1n mayor seguridad y una mejor movilidad a los habitantes de la comisar\u00eda.<\/p>\n<p style=\"text-align: justify;\">\u201cSomos un gobierno innovador y cercano, por eso atendemos e invertimos de manera integral y prioritaria en las necesidades de las y los meridanos que m\u00e1s lo requieren. El sur y las comisar\u00edas merecen justicia social, igualdad y servicios de calidad\u201d, se\u00f1al\u00f3.<\/p>\n<p style=\"text-align: justify;\">Cecilia Patr\u00f3n anunci\u00f3 que en sus pr\u00f3ximos tres a\u00f1os de trabajo se repavimentar\u00e1n 300 kil\u00f3metros de calles, por lo que actualmente se trabaja en un censo para priorizar colonias, fraccionamientos y comisar\u00edas que por antig\u00fcedad o por da\u00f1o requieren intervenci\u00f3n m\u00e1s all\u00e1 que de un trabajo de bacheo. \u201cActualmente se est\u00e1 repavimentando en Xocl\u00e1n y Mulsay, y pr\u00f3ximamente se trabajar\u00e1 en la 50 en un tramo del centro con gran movimiento vehicular\u201d inform\u00f3.<\/p>\n<p style=\"text-align: justify;\">Al concluir el banderazo de inicio de la repavimentaci\u00f3n, Cecilia Patr\u00f3n, realiz\u00f3 una visita a la colonia Emiliano Zapata Sur III para supervisar el cambio de luminarias de vapor de sodio a LED, en la que destac\u00f3 que la renovaci\u00f3n de la iluminaci\u00f3n es un paso importante en esta colonia y el impacto positivo que tendr\u00e1 en la comunidad.<\/p>\n<p style=\"text-align: justify;\">La Alcaldesa agradeci\u00f3 a los trabajadores del departamento de Alumbrado P\u00fablico del sector oriente de la Direcci\u00f3n de Servicios P\u00fablicos Municipales, destacando su dedicaci\u00f3n y esfuerzo para mejorar la calidad de vida de las y los ciudadanos, en equipo de esta nueva forma de trabajar para mejorar nuestra M\u00e9rida.<\/p>\n<p style=\"text-align: justify;\">#MeridaContigoEsMejor<\/p>\n","protected":false},"excerpt":{"rendered":"<p>-Arrancan obras de rehabilitaci\u00f3n de 1.4 kil\u00f3metros de vialidades en la colonia Plan de Ayala Sur para mejorar la calidad vida de los habitantes de la zona.<\/p>\n<p>-Supervisa el cambio de luminarias de vapor de sodio a LED en la colonia Emiliano Zapata Sur III.<\/p>\n","protected":false},"author":2,"featured_media":112082,"comment_status":"closed","ping_status":"closed","sticky":false,"template":"","format":"standard","meta":{"footnotes":""},"categories":[2,3],"tags":[],"class_list":{"0":"post-112077","1":"post","2":"type-post","3":"status-publish","4":"format-standard","5":"has-post-thumbnail","7":"category-merida","8":"category-yucatan"},"yoast_head":"<!-- This site is optimized with the Yoast SEO plugin v27.5 - https:\/\/yoast.com\/product\/yoast-seo-wordpress\/ -->\n<title>Contin\u00faan los trabajos de repavimentaci\u00f3n en el sur de M\u00e9rida - Yucat\u00e1n en corto<\/title>\n<meta name=\"robots\" content=\"index, follow, max-snippet:-1, max-image-preview:large, max-video-preview:-1\" \/>\n<link rel=\"canonical\" href=\"https:\/\/www.yucatanencorto.com\/noticias\/continuan-los-trabajos-de-repavimentacion-en-el-sur-de-merida\/\" \/>\n<meta property=\"og:locale\" content=\"es_ES\" \/>\n<meta property=\"og:type\" content=\"article\" \/>\n<meta property=\"og:title\" content=\"Contin\u00faan los trabajos de repavimentaci\u00f3n en el sur de M\u00e9rida - Yucat\u00e1n en corto\" \/>\n<meta property=\"og:description\" content=\"-Arrancan obras de rehabilitaci\u00f3n de 1.4 kil\u00f3metros de vialidades en la colonia Plan de Ayala Sur para mejorar la calidad vida de los habitantes de la zona.  -Supervisa el cambio de luminarias de vapor de sodio a LED en la colonia Emiliano Zapata Sur III.\" \/>\n<meta property=\"og:url\" content=\"https:\/\/www.yucatanencorto.com\/noticias\/continuan-los-trabajos-de-repavimentacion-en-el-sur-de-merida\/\" \/>\n<meta property=\"og:site_name\" content=\"Yucat\u00e1n en corto\" \/>\n<meta property=\"article:publisher\" content=\"http:\/\/www.facebook.com\/yucatanencorto\" \/>\n<meta property=\"article:published_time\" content=\"2024-09-12T04:00:28+00:00\" \/>\n<meta property=\"og:image\" content=\"https:\/\/www.yucatanencorto.com\/noticias\/wp-content\/uploads\/2024\/09\/WhatsApp-Image-2024-09-11-at-3.33.25-PM-scaled.jpeg\" \/>\n\t<meta property=\"og:image:width\" content=\"768\" \/>\n\t<meta property=\"og:image:height\" content=\"502\" \/>\n\t<meta property=\"og:image:type\" content=\"image\/jpeg\" \/>\n<meta name=\"author\" content=\"Yucat\u00e1n en Corto FC\" \/>\n<meta name=\"twitter:card\" content=\"summary_large_image\" \/>\n<meta name=\"twitter:creator\" content=\"@yucatanencorto\" \/>\n<meta name=\"twitter:site\" content=\"@yucatanencorto\" \/>\n<meta name=\"twitter:label1\" content=\"Escrito por\" \/>\n\t<meta name=\"twitter:data1\" content=\"Yucat\u00e1n en Corto FC\" \/>\n\t<meta name=\"twitter:label2\" content=\"Tiempo de lectura\" \/>\n\t<meta name=\"twitter:data2\" content=\"4 minutos\" \/>\n<script type=\"application\/ld+json\" class=\"yoast-schema-graph\">{\"@context\":\"https:\\\/\\\/schema.org\",\"@graph\":[{\"@type\":\"Article\",\"@id\":\"https:\\\/\\\/www.yucatanencorto.com\\\/noticias\\\/continuan-los-trabajos-de-repavimentacion-en-el-sur-de-merida\\\/#article\",\"isPartOf\":{\"@id\":\"https:\\\/\\\/www.yucatanencorto.com\\\/noticias\\\/continuan-los-trabajos-de-repavimentacion-en-el-sur-de-merida\\\/\"},\"author\":{\"name\":\"Yucat\u00e1n en Corto FC\",\"@id\":\"https:\\\/\\\/www.yucatanencorto.com\\\/noticias\\\/#\\\/schema\\\/person\\\/14f82d355225a1f4075dd84a31f45a72\"},\"headline\":\"Contin\u00faan los trabajos de repavimentaci\u00f3n en el sur de M\u00e9rida\",\"datePublished\":\"2024-09-12T04:00:28+00:00\",\"mainEntityOfPage\":{\"@id\":\"https:\\\/\\\/www.yucatanencorto.com\\\/noticias\\\/continuan-los-trabajos-de-repavimentacion-en-el-sur-de-merida\\\/\"},\"wordCount\":501,\"image\":{\"@id\":\"https:\\\/\\\/www.yucatanencorto.com\\\/noticias\\\/continuan-los-trabajos-de-repavimentacion-en-el-sur-de-merida\\\/#primaryimage\"},\"thumbnailUrl\":\"https:\\\/\\\/www.yucatanencorto.com\\\/noticias\\\/wp-content\\\/uploads\\\/2024\\\/09\\\/WhatsApp-Image-2024-09-11-at-3.33.25-PM-scaled.jpeg\",\"articleSection\":[\"M\u00e9rida\",\"Yucat\u00e1n\"],\"inLanguage\":\"es\"},{\"@type\":\"WebPage\",\"@id\":\"https:\\\/\\\/www.yucatanencorto.com\\\/noticias\\\/continuan-los-trabajos-de-repavimentacion-en-el-sur-de-merida\\\/\",\"url\":\"https:\\\/\\\/www.yucatanencorto.com\\\/noticias\\\/continuan-los-trabajos-de-repavimentacion-en-el-sur-de-merida\\\/\",\"name\":\"Contin\u00faan los trabajos de repavimentaci\u00f3n en el sur de M\u00e9rida - Yucat\u00e1n en corto\",\"isPartOf\":{\"@id\":\"https:\\\/\\\/www.yucatanencorto.com\\\/noticias\\\/#website\"},\"primaryImageOfPage\":{\"@id\":\"https:\\\/\\\/www.yucatanencorto.com\\\/noticias\\\/continuan-los-trabajos-de-repavimentacion-en-el-sur-de-merida\\\/#primaryimage\"},\"image\":{\"@id\":\"https:\\\/\\\/www.yucatanencorto.com\\\/noticias\\\/continuan-los-trabajos-de-repavimentacion-en-el-sur-de-merida\\\/#primaryimage\"},\"thumbnailUrl\":\"https:\\\/\\\/www.yucatanencorto.com\\\/noticias\\\/wp-content\\\/uploads\\\/2024\\\/09\\\/WhatsApp-Image-2024-09-11-at-3.33.25-PM-scaled.jpeg\",\"datePublished\":\"2024-09-12T04:00:28+00:00\",\"author\":{\"@id\":\"https:\\\/\\\/www.yucatanencorto.com\\\/noticias\\\/#\\\/schema\\\/person\\\/14f82d355225a1f4075dd84a31f45a72\"},\"breadcrumb\":{\"@id\":\"https:\\\/\\\/www.yucatanencorto.com\\\/noticias\\\/continuan-los-trabajos-de-repavimentacion-en-el-sur-de-merida\\\/#breadcrumb\"},\"inLanguage\":\"es\",\"potentialAction\":[{\"@type\":\"ReadAction\",\"target\":[\"https:\\\/\\\/www.yucatanencorto.com\\\/noticias\\\/continuan-los-trabajos-de-repavimentacion-en-el-sur-de-merida\\\/\"]}]},{\"@type\":\"ImageObject\",\"inLanguage\":\"es\",\"@id\":\"https:\\\/\\\/www.yucatanencorto.com\\\/noticias\\\/continuan-los-trabajos-de-repavimentacion-en-el-sur-de-merida\\\/#primaryimage\",\"url\":\"https:\\\/\\\/www.yucatanencorto.com\\\/noticias\\\/wp-content\\\/uploads\\\/2024\\\/09\\\/WhatsApp-Image-2024-09-11-at-3.33.25-PM-scaled.jpeg\",\"contentUrl\":\"https:\\\/\\\/www.yucatanencorto.com\\\/noticias\\\/wp-content\\\/uploads\\\/2024\\\/09\\\/WhatsApp-Image-2024-09-11-at-3.33.25-PM-scaled.jpeg\",\"width\":768,\"height\":502},{\"@type\":\"BreadcrumbList\",\"@id\":\"https:\\\/\\\/www.yucatanencorto.com\\\/noticias\\\/continuan-los-trabajos-de-repavimentacion-en-el-sur-de-merida\\\/#breadcrumb\",\"itemListElement\":[{\"@type\":\"ListItem\",\"position\":1,\"name\":\"Portada\",\"item\":\"https:\\\/\\\/www.yucatanencorto.com\\\/noticias\\\/\"},{\"@type\":\"ListItem\",\"position\":2,\"name\":\"Contin\u00faan los trabajos de repavimentaci\u00f3n en el sur de M\u00e9rida\"}]},{\"@type\":\"WebSite\",\"@id\":\"https:\\\/\\\/www.yucatanencorto.com\\\/noticias\\\/#website\",\"url\":\"https:\\\/\\\/www.yucatanencorto.com\\\/noticias\\\/\",\"name\":\"Yucat\u00e1n en corto\",\"description\":\"Noticias\",\"potentialAction\":[{\"@type\":\"SearchAction\",\"target\":{\"@type\":\"EntryPoint\",\"urlTemplate\":\"https:\\\/\\\/www.yucatanencorto.com\\\/noticias\\\/?s={search_term_string}\"},\"query-input\":{\"@type\":\"PropertyValueSpecification\",\"valueRequired\":true,\"valueName\":\"search_term_string\"}}],\"inLanguage\":\"es\"},{\"@type\":\"Person\",\"@id\":\"https:\\\/\\\/www.yucatanencorto.com\\\/noticias\\\/#\\\/schema\\\/person\\\/14f82d355225a1f4075dd84a31f45a72\",\"name\":\"Yucat\u00e1n en Corto FC\",\"image\":{\"@type\":\"ImageObject\",\"inLanguage\":\"es\",\"@id\":\"https:\\\/\\\/secure.gravatar.com\\\/avatar\\\/147d4b30cd728c53c29c49a3f7834dedca33707f4cd259761355846009a88250?s=96&d=mm&r=g\",\"url\":\"https:\\\/\\\/secure.gravatar.com\\\/avatar\\\/147d4b30cd728c53c29c49a3f7834dedca33707f4cd259761355846009a88250?s=96&d=mm&r=g\",\"contentUrl\":\"https:\\\/\\\/secure.gravatar.com\\\/avatar\\\/147d4b30cd728c53c29c49a3f7834dedca33707f4cd259761355846009a88250?s=96&d=mm&r=g\",\"caption\":\"Yucat\u00e1n en Corto FC\"},\"url\":\"https:\\\/\\\/www.yucatanencorto.com\\\/noticias\\\/author\\\/flor\\\/\"}]}<\/script>\n<!-- \/ Yoast SEO plugin. -->","yoast_head_json":{"title":"Contin\u00faan los trabajos de repavimentaci\u00f3n en el sur de M\u00e9rida - Yucat\u00e1n en corto","robots":{"index":"index","follow":"follow","max-snippet":"max-snippet:-1","max-image-preview":"max-image-preview:large","max-video-preview":"max-video-preview:-1"},"canonical":"https:\/\/www.yucatanencorto.com\/noticias\/continuan-los-trabajos-de-repavimentacion-en-el-sur-de-merida\/","og_locale":"es_ES","og_type":"article","og_title":"Contin\u00faan los trabajos de repavimentaci\u00f3n en el sur de M\u00e9rida - Yucat\u00e1n en corto","og_description":"-Arrancan obras de rehabilitaci\u00f3n de 1.4 kil\u00f3metros de vialidades en la colonia Plan de Ayala Sur para mejorar la calidad vida de los habitantes de la zona.  -Supervisa el cambio de luminarias de vapor de sodio a LED en la colonia Emiliano Zapata Sur III.","og_url":"https:\/\/www.yucatanencorto.com\/noticias\/continuan-los-trabajos-de-repavimentacion-en-el-sur-de-merida\/","og_site_name":"Yucat\u00e1n en corto","article_publisher":"http:\/\/www.facebook.com\/yucatanencorto","article_published_time":"2024-09-12T04:00:28+00:00","og_image":[{"width":768,"height":502,"url":"https:\/\/www.yucatanencorto.com\/noticias\/wp-content\/uploads\/2024\/09\/WhatsApp-Image-2024-09-11-at-3.33.25-PM-scaled.jpeg","type":"image\/jpeg"}],"author":"Yucat\u00e1n en Corto FC","twitter_card":"summary_large_image","twitter_creator":"@yucatanencorto","twitter_site":"@yucatanencorto","twitter_misc":{"Escrito por":"Yucat\u00e1n en Corto FC","Tiempo de lectura":"4 minutos"},"schema":{"@context":"https:\/\/schema.org","@graph":[{"@type":"Article","@id":"https:\/\/www.yucatanencorto.com\/noticias\/continuan-los-trabajos-de-repavimentacion-en-el-sur-de-merida\/#article","isPartOf":{"@id":"https:\/\/www.yucatanencorto.com\/noticias\/continuan-los-trabajos-de-repavimentacion-en-el-sur-de-merida\/"},"author":{"name":"Yucat\u00e1n en Corto FC","@id":"https:\/\/www.yucatanencorto.com\/noticias\/#\/schema\/person\/14f82d355225a1f4075dd84a31f45a72"},"headline":"Contin\u00faan los trabajos de repavimentaci\u00f3n en el sur de M\u00e9rida","datePublished":"2024-09-12T04:00:28+00:00","mainEntityOfPage":{"@id":"https:\/\/www.yucatanencorto.com\/noticias\/continuan-los-trabajos-de-repavimentacion-en-el-sur-de-merida\/"},"wordCount":501,"image":{"@id":"https:\/\/www.yucatanencorto.com\/noticias\/continuan-los-trabajos-de-repavimentacion-en-el-sur-de-merida\/#primaryimage"},"thumbnailUrl":"https:\/\/www.yucatanencorto.com\/noticias\/wp-content\/uploads\/2024\/09\/WhatsApp-Image-2024-09-11-at-3.33.25-PM-scaled.jpeg","articleSection":["M\u00e9rida","Yucat\u00e1n"],"inLanguage":"es"},{"@type":"WebPage","@id":"https:\/\/www.yucatanencorto.com\/noticias\/continuan-los-trabajos-de-repavimentacion-en-el-sur-de-merida\/","url":"https:\/\/www.yucatanencorto.com\/noticias\/continuan-los-trabajos-de-repavimentacion-en-el-sur-de-merida\/","name":"Contin\u00faan los trabajos de repavimentaci\u00f3n en el sur de M\u00e9rida - Yucat\u00e1n en corto","isPartOf":{"@id":"https:\/\/www.yucatanencorto.com\/noticias\/#website"},"primaryImageOfPage":{"@id":"https:\/\/www.yucatanencorto.com\/noticias\/continuan-los-trabajos-de-repavimentacion-en-el-sur-de-merida\/#primaryimage"},"image":{"@id":"https:\/\/www.yucatanencorto.com\/noticias\/continuan-los-trabajos-de-repavimentacion-en-el-sur-de-merida\/#primaryimage"},"thumbnailUrl":"https:\/\/www.yucatanencorto.com\/noticias\/wp-content\/uploads\/2024\/09\/WhatsApp-Image-2024-09-11-at-3.33.25-PM-scaled.jpeg","datePublished":"2024-09-12T04:00:28+00:00","author":{"@id":"https:\/\/www.yucatanencorto.com\/noticias\/#\/schema\/person\/14f82d355225a1f4075dd84a31f45a72"},"breadcrumb":{"@id":"https:\/\/www.yucatanencorto.com\/noticias\/continuan-los-trabajos-de-repavimentacion-en-el-sur-de-merida\/#breadcrumb"},"inLanguage":"es","potentialAction":[{"@type":"ReadAction","target":["https:\/\/www.yucatanencorto.com\/noticias\/continuan-los-trabajos-de-repavimentacion-en-el-sur-de-merida\/"]}]},{"@type":"ImageObject","inLanguage":"es","@id":"https:\/\/www.yucatanencorto.com\/noticias\/continuan-los-trabajos-de-repavimentacion-en-el-sur-de-merida\/#primaryimage","url":"https:\/\/www.yucatanencorto.com\/noticias\/wp-content\/uploads\/2024\/09\/WhatsApp-Image-2024-09-11-at-3.33.25-PM-scaled.jpeg","contentUrl":"https:\/\/www.yucatanencorto.com\/noticias\/wp-content\/uploads\/2024\/09\/WhatsApp-Image-2024-09-11-at-3.33.25-PM-scaled.jpeg","width":768,"height":502},{"@type":"BreadcrumbList","@id":"https:\/\/www.yucatanencorto.com\/noticias\/continuan-los-trabajos-de-repavimentacion-en-el-sur-de-merida\/#breadcrumb","itemListElement":[{"@type":"ListItem","position":1,"name":"Portada","item":"https:\/\/www.yucatanencorto.com\/noticias\/"},{"@type":"ListItem","position":2,"name":"Contin\u00faan los trabajos de repavimentaci\u00f3n en el sur de M\u00e9rida"}]},{"@type":"WebSite","@id":"https:\/\/www.yucatanencorto.com\/noticias\/#website","url":"https:\/\/www.yucatanencorto.com\/noticias\/","name":"Yucat\u00e1n en corto","description":"Noticias","potentialAction":[{"@type":"SearchAction","target":{"@type":"EntryPoint","urlTemplate":"https:\/\/www.yucatanencorto.com\/noticias\/?s={search_term_string}"},"query-input":{"@type":"PropertyValueSpecification","valueRequired":true,"valueName":"search_term_string"}}],"inLanguage":"es"},{"@type":"Person","@id":"https:\/\/www.yucatanencorto.com\/noticias\/#\/schema\/person\/14f82d355225a1f4075dd84a31f45a72","name":"Yucat\u00e1n en Corto FC","image":{"@type":"ImageObject","inLanguage":"es","@id":"https:\/\/secure.gravatar.com\/avatar\/147d4b30cd728c53c29c49a3f7834dedca33707f4cd259761355846009a88250?s=96&d=mm&r=g","url":"https:\/\/secure.gravatar.com\/avatar\/147d4b30cd728c53c29c49a3f7834dedca33707f4cd259761355846009a88250?s=96&d=mm&r=g","contentUrl":"https:\/\/secure.gravatar.com\/avatar\/147d4b30cd728c53c29c49a3f7834dedca33707f4cd259761355846009a88250?s=96&d=mm&r=g","caption":"Yucat\u00e1n en Corto FC"},"url":"https:\/\/www.yucatanencorto.com\/noticias\/author\/flor\/"}]}},"_links":{"self":[{"href":"https:\/\/www.yucatanencorto.com\/noticias\/wp-json\/wp\/v2\/posts\/112077","targetHints":{"allow":["GET"]}}],"collection":[{"href":"https:\/\/www.yucatanencorto.com\/noticias\/wp-json\/wp\/v2\/posts"}],"about":[{"href":"https:\/\/www.yucatanencorto.com\/noticias\/wp-json\/wp\/v2\/types\/post"}],"author":[{"embeddable":true,"href":"https:\/\/www.yucatanencorto.com\/noticias\/wp-json\/wp\/v2\/users\/2"}],"replies":[{"embeddable":true,"href":"https:\/\/www.yucatanencorto.com\/noticias\/wp-json\/wp\/v2\/comments?post=112077"}],"version-history":[{"count":0,"href":"https:\/\/www.yucatanencorto.com\/noticias\/wp-json\/wp\/v2\/posts\/112077\/revisions"}],"wp:featuredmedia":[{"embeddable":true,"href":"https:\/\/www.yucatanencorto.com\/noticias\/wp-json\/wp\/v2\/media\/112082"}],"wp:attachment":[{"href":"https:\/\/www.yucatanencorto.com\/noticias\/wp-json\/wp\/v2\/media?parent=112077"}],"wp:term":[{"taxonomy":"category","embeddable":true,"href":"https:\/\/www.yucatanencorto.com\/noticias\/wp-json\/wp\/v2\/categories?post=112077"},{"taxonomy":"post_tag","embeddable":true,"href":"https:\/\/www.yucatanencorto.com\/noticias\/wp-json\/wp\/v2\/tags?post=112077"}],"curies":[{"name":"wp","href":"https:\/\/api.w.org\/{rel}","templated":true}]}}