{"id":112084,"date":"2024-09-12T10:30:14","date_gmt":"2024-09-12T16:30:14","guid":{"rendered":"https:\/\/www.yucatanencorto.com\/noticias\/?p=112084"},"modified":"2024-09-12T10:30:14","modified_gmt":"2024-09-12T16:30:14","slug":"bandera-de-mexico-ya-ondea-en-la-remodelada-plaza-grande","status":"publish","type":"post","link":"https:\/\/www.yucatanencorto.com\/noticias\/bandera-de-mexico-ya-ondea-en-la-remodelada-plaza-grande\/","title":{"rendered":"Bandera de M\u00e9xico ya ondea en la remodelada Plaza Grande"},"content":{"rendered":"<p><img loading=\"lazy\" decoding=\"async\" class=\"alignnone size-full wp-image-112085\" src=\"https:\/\/www.yucatanencorto.com\/noticias\/wp-content\/uploads\/2024\/09\/WhatsApp-Image-2024-09-12-at-10.24.41-AM-2-scaled.jpeg\" alt=\"\" width=\"768\" height=\"432\" srcset=\"https:\/\/www.yucatanencorto.com\/noticias\/wp-content\/uploads\/2024\/09\/WhatsApp-Image-2024-09-12-at-10.24.41-AM-2-scaled.jpeg 768w, https:\/\/www.yucatanencorto.com\/noticias\/wp-content\/uploads\/2024\/09\/WhatsApp-Image-2024-09-12-at-10.24.41-AM-2-150x84.jpeg 150w, https:\/\/www.yucatanencorto.com\/noticias\/wp-content\/uploads\/2024\/09\/WhatsApp-Image-2024-09-12-at-10.24.41-AM-2-300x169.jpeg 300w, https:\/\/www.yucatanencorto.com\/noticias\/wp-content\/uploads\/2024\/09\/WhatsApp-Image-2024-09-12-at-10.24.41-AM-2-696x392.jpeg 696w, https:\/\/www.yucatanencorto.com\/noticias\/wp-content\/uploads\/2024\/09\/WhatsApp-Image-2024-09-12-at-10.24.41-AM-2-1068x601.jpeg 1068w\" sizes=\"auto, (max-width: 768px) 100vw, 768px\" \/> <img loading=\"lazy\" decoding=\"async\" class=\"alignnone size-full wp-image-112086\" src=\"https:\/\/www.yucatanencorto.com\/noticias\/wp-content\/uploads\/2024\/09\/WhatsApp-Image-2024-09-12-at-10.24.41-AM-1-scaled.jpeg\" alt=\"\" width=\"768\" height=\"571\" srcset=\"https:\/\/www.yucatanencorto.com\/noticias\/wp-content\/uploads\/2024\/09\/WhatsApp-Image-2024-09-12-at-10.24.41-AM-1-scaled.jpeg 768w, https:\/\/www.yucatanencorto.com\/noticias\/wp-content\/uploads\/2024\/09\/WhatsApp-Image-2024-09-12-at-10.24.41-AM-1-150x112.jpeg 150w, https:\/\/www.yucatanencorto.com\/noticias\/wp-content\/uploads\/2024\/09\/WhatsApp-Image-2024-09-12-at-10.24.41-AM-1-300x223.jpeg 300w, https:\/\/www.yucatanencorto.com\/noticias\/wp-content\/uploads\/2024\/09\/WhatsApp-Image-2024-09-12-at-10.24.41-AM-1-485x360.jpeg 485w, https:\/\/www.yucatanencorto.com\/noticias\/wp-content\/uploads\/2024\/09\/WhatsApp-Image-2024-09-12-at-10.24.41-AM-1-696x517.jpeg 696w, https:\/\/www.yucatanencorto.com\/noticias\/wp-content\/uploads\/2024\/09\/WhatsApp-Image-2024-09-12-at-10.24.41-AM-1-1068x794.jpeg 1068w\" sizes=\"auto, (max-width: 768px) 100vw, 768px\" \/> <img loading=\"lazy\" decoding=\"async\" class=\"alignnone size-full wp-image-112087\" src=\"https:\/\/www.yucatanencorto.com\/noticias\/wp-content\/uploads\/2024\/09\/WhatsApp-Image-2024-09-12-at-10.24.41-AM-scaled.jpeg\" alt=\"\" width=\"768\" height=\"510\" srcset=\"https:\/\/www.yucatanencorto.com\/noticias\/wp-content\/uploads\/2024\/09\/WhatsApp-Image-2024-09-12-at-10.24.41-AM-scaled.jpeg 768w, https:\/\/www.yucatanencorto.com\/noticias\/wp-content\/uploads\/2024\/09\/WhatsApp-Image-2024-09-12-at-10.24.41-AM-150x100.jpeg 150w, https:\/\/www.yucatanencorto.com\/noticias\/wp-content\/uploads\/2024\/09\/WhatsApp-Image-2024-09-12-at-10.24.41-AM-300x199.jpeg 300w, https:\/\/www.yucatanencorto.com\/noticias\/wp-content\/uploads\/2024\/09\/WhatsApp-Image-2024-09-12-at-10.24.41-AM-696x462.jpeg 696w, https:\/\/www.yucatanencorto.com\/noticias\/wp-content\/uploads\/2024\/09\/WhatsApp-Image-2024-09-12-at-10.24.41-AM-1068x709.jpeg 1068w\" sizes=\"auto, (max-width: 768px) 100vw, 768px\" \/> <img loading=\"lazy\" decoding=\"async\" class=\"alignnone size-full wp-image-112088\" src=\"https:\/\/www.yucatanencorto.com\/noticias\/wp-content\/uploads\/2024\/09\/WhatsApp-Image-2024-09-12-at-10.24.40-AM-2-scaled.jpeg\" alt=\"\" width=\"768\" height=\"512\" srcset=\"https:\/\/www.yucatanencorto.com\/noticias\/wp-content\/uploads\/2024\/09\/WhatsApp-Image-2024-09-12-at-10.24.40-AM-2-scaled.jpeg 768w, https:\/\/www.yucatanencorto.com\/noticias\/wp-content\/uploads\/2024\/09\/WhatsApp-Image-2024-09-12-at-10.24.40-AM-2-150x100.jpeg 150w, https:\/\/www.yucatanencorto.com\/noticias\/wp-content\/uploads\/2024\/09\/WhatsApp-Image-2024-09-12-at-10.24.40-AM-2-300x200.jpeg 300w, https:\/\/www.yucatanencorto.com\/noticias\/wp-content\/uploads\/2024\/09\/WhatsApp-Image-2024-09-12-at-10.24.40-AM-2-696x464.jpeg 696w, https:\/\/www.yucatanencorto.com\/noticias\/wp-content\/uploads\/2024\/09\/WhatsApp-Image-2024-09-12-at-10.24.40-AM-2-1068x712.jpeg 1068w\" sizes=\"auto, (max-width: 768px) 100vw, 768px\" \/> <img loading=\"lazy\" decoding=\"async\" class=\"alignnone size-full wp-image-112089\" src=\"https:\/\/www.yucatanencorto.com\/noticias\/wp-content\/uploads\/2024\/09\/WhatsApp-Image-2024-09-12-at-10.24.40-AM-1-scaled.jpeg\" alt=\"\" width=\"768\" height=\"510\" srcset=\"https:\/\/www.yucatanencorto.com\/noticias\/wp-content\/uploads\/2024\/09\/WhatsApp-Image-2024-09-12-at-10.24.40-AM-1-scaled.jpeg 768w, https:\/\/www.yucatanencorto.com\/noticias\/wp-content\/uploads\/2024\/09\/WhatsApp-Image-2024-09-12-at-10.24.40-AM-1-150x100.jpeg 150w, https:\/\/www.yucatanencorto.com\/noticias\/wp-content\/uploads\/2024\/09\/WhatsApp-Image-2024-09-12-at-10.24.40-AM-1-300x199.jpeg 300w, https:\/\/www.yucatanencorto.com\/noticias\/wp-content\/uploads\/2024\/09\/WhatsApp-Image-2024-09-12-at-10.24.40-AM-1-696x462.jpeg 696w, https:\/\/www.yucatanencorto.com\/noticias\/wp-content\/uploads\/2024\/09\/WhatsApp-Image-2024-09-12-at-10.24.40-AM-1-1068x709.jpeg 1068w\" sizes=\"auto, (max-width: 768px) 100vw, 768px\" \/><\/p>\n<p style=\"text-align: justify;\">M\u00e9rida, Yucat\u00e1n, 12 de septiembre de 2024.- La bandera de M\u00e9xico ondea de nuevo desde este jueves en el asta de la reci\u00e9n remodelada Plaza Grande de M\u00e9rida, tras una ceremonia que encabez\u00f3 la encargada del Despacho del Gobernador, Mar\u00eda Fritz Sierra, en funciones del titular del Poder Ejecutivo, junto con autoridades civiles y militares.<\/p>\n<p style=\"text-align: justify;\">Como parte de las actividades con motivo de las fiestas patrias y acompa\u00f1ada de la alcaldesa de M\u00e9rida, Cecilia Patr\u00f3n Laviada y los comandantes de la 13 Zona Naval, Jos\u00e9 Ram\u00f3n L\u00f3pez Luna y de la 32 Zona Militar, Jorge Enrique Mart\u00ednez Medina, Fritz Sierra atestigu\u00f3 el izamiento del l\u00e1baro patrio monumental de 17.5 metros de largo por 10 de ancho en el asta de 35 metros de altura instalada en el centro de la Plaza Grande.<\/p>\n<p style=\"text-align: justify;\">Este espacio reci\u00e9n remodelado, fue testigo del izamiento de la ense\u00f1a tricolor, que este d\u00eda estuvo a asta, como parte de un acto para rememorar al batall\u00f3n de irlandeses que se pasaron al Ej\u00e9rcito mexicano durante la guerra entre M\u00e9xico y Estados Unidos entre1846 y 1847.<\/p>\n<p style=\"text-align: justify;\">En ese marco, la encargada del despacho del Gobernador del Estado, junto al titular de la Secretar\u00eda de Seguridad P\u00fablica (SSP), Luis Felipe Said\u00e9n Ojeda; del fiscal General del estado, Juan Manuel Le\u00f3n y el encargado de la Secretar\u00eda General de Gobierno, Jos\u00e9 Carlos Puerto Patr\u00f3n enton\u00f3 el Himno Nacional Mexicano, seguido del yucateco, s\u00edmbolo de identidad y patrimonio cultural de nuestro estado.<\/p>\n","protected":false},"excerpt":{"rendered":"<p>-La ense\u00f1a tricolor de tama\u00f1o monumental se iz\u00f3 esta ma\u00f1ana en una ceremonia encabezada por la encargada del Despacho del Gobernador, Mar\u00eda Fritz Sierra, en funciones del titular del Poder Ejecutivo junto con autoridades civiles y militares, como parte de las actividades con motivo de las fiestas patrias.<\/p>\n","protected":false},"author":2,"featured_media":112089,"comment_status":"closed","ping_status":"closed","sticky":false,"template":"","format":"standard","meta":{"footnotes":""},"categories":[2,3],"tags":[],"class_list":{"0":"post-112084","1":"post","2":"type-post","3":"status-publish","4":"format-standard","5":"has-post-thumbnail","7":"category-merida","8":"category-yucatan"},"yoast_head":"<!-- This site is optimized with the Yoast SEO plugin v27.5 - https:\/\/yoast.com\/product\/yoast-seo-wordpress\/ -->\n<title>Bandera de M\u00e9xico ya ondea en la remodelada Plaza Grande - Yucat\u00e1n en corto<\/title>\n<meta name=\"robots\" content=\"index, follow, max-snippet:-1, max-image-preview:large, max-video-preview:-1\" \/>\n<link rel=\"canonical\" href=\"https:\/\/www.yucatanencorto.com\/noticias\/bandera-de-mexico-ya-ondea-en-la-remodelada-plaza-grande\/\" \/>\n<meta property=\"og:locale\" content=\"es_ES\" \/>\n<meta property=\"og:type\" content=\"article\" \/>\n<meta property=\"og:title\" content=\"Bandera de M\u00e9xico ya ondea en la remodelada Plaza Grande - Yucat\u00e1n en corto\" \/>\n<meta property=\"og:description\" content=\"-La ense\u00f1a tricolor de tama\u00f1o monumental se iz\u00f3 esta ma\u00f1ana en una ceremonia encabezada por la encargada del Despacho del Gobernador, Mar\u00eda Fritz Sierra, en funciones del titular del Poder Ejecutivo junto con autoridades civiles y militares, como parte de las actividades con motivo de las fiestas patrias.\" \/>\n<meta property=\"og:url\" content=\"https:\/\/www.yucatanencorto.com\/noticias\/bandera-de-mexico-ya-ondea-en-la-remodelada-plaza-grande\/\" \/>\n<meta property=\"og:site_name\" content=\"Yucat\u00e1n en corto\" \/>\n<meta property=\"article:publisher\" content=\"http:\/\/www.facebook.com\/yucatanencorto\" \/>\n<meta property=\"article:published_time\" content=\"2024-09-12T16:30:14+00:00\" \/>\n<meta property=\"og:image\" content=\"https:\/\/www.yucatanencorto.com\/noticias\/wp-content\/uploads\/2024\/09\/WhatsApp-Image-2024-09-12-at-10.24.40-AM-1-scaled.jpeg\" \/>\n\t<meta property=\"og:image:width\" content=\"768\" \/>\n\t<meta property=\"og:image:height\" content=\"510\" \/>\n\t<meta property=\"og:image:type\" content=\"image\/jpeg\" \/>\n<meta name=\"author\" content=\"Yucat\u00e1n en Corto FC\" \/>\n<meta name=\"twitter:card\" content=\"summary_large_image\" \/>\n<meta name=\"twitter:creator\" content=\"@yucatanencorto\" \/>\n<meta name=\"twitter:site\" content=\"@yucatanencorto\" \/>\n<meta name=\"twitter:label1\" content=\"Escrito por\" \/>\n\t<meta name=\"twitter:data1\" content=\"Yucat\u00e1n en Corto FC\" \/>\n\t<meta name=\"twitter:label2\" content=\"Tiempo de lectura\" \/>\n\t<meta name=\"twitter:data2\" content=\"3 minutos\" \/>\n<script type=\"application\/ld+json\" class=\"yoast-schema-graph\">{\"@context\":\"https:\\\/\\\/schema.org\",\"@graph\":[{\"@type\":\"Article\",\"@id\":\"https:\\\/\\\/www.yucatanencorto.com\\\/noticias\\\/bandera-de-mexico-ya-ondea-en-la-remodelada-plaza-grande\\\/#article\",\"isPartOf\":{\"@id\":\"https:\\\/\\\/www.yucatanencorto.com\\\/noticias\\\/bandera-de-mexico-ya-ondea-en-la-remodelada-plaza-grande\\\/\"},\"author\":{\"name\":\"Yucat\u00e1n en Corto FC\",\"@id\":\"https:\\\/\\\/www.yucatanencorto.com\\\/noticias\\\/#\\\/schema\\\/person\\\/14f82d355225a1f4075dd84a31f45a72\"},\"headline\":\"Bandera de M\u00e9xico ya ondea en la remodelada Plaza Grande\",\"datePublished\":\"2024-09-12T16:30:14+00:00\",\"mainEntityOfPage\":{\"@id\":\"https:\\\/\\\/www.yucatanencorto.com\\\/noticias\\\/bandera-de-mexico-ya-ondea-en-la-remodelada-plaza-grande\\\/\"},\"wordCount\":271,\"image\":{\"@id\":\"https:\\\/\\\/www.yucatanencorto.com\\\/noticias\\\/bandera-de-mexico-ya-ondea-en-la-remodelada-plaza-grande\\\/#primaryimage\"},\"thumbnailUrl\":\"https:\\\/\\\/www.yucatanencorto.com\\\/noticias\\\/wp-content\\\/uploads\\\/2024\\\/09\\\/WhatsApp-Image-2024-09-12-at-10.24.40-AM-1-scaled.jpeg\",\"articleSection\":[\"M\u00e9rida\",\"Yucat\u00e1n\"],\"inLanguage\":\"es\"},{\"@type\":\"WebPage\",\"@id\":\"https:\\\/\\\/www.yucatanencorto.com\\\/noticias\\\/bandera-de-mexico-ya-ondea-en-la-remodelada-plaza-grande\\\/\",\"url\":\"https:\\\/\\\/www.yucatanencorto.com\\\/noticias\\\/bandera-de-mexico-ya-ondea-en-la-remodelada-plaza-grande\\\/\",\"name\":\"Bandera de M\u00e9xico ya ondea en la remodelada Plaza Grande - Yucat\u00e1n en corto\",\"isPartOf\":{\"@id\":\"https:\\\/\\\/www.yucatanencorto.com\\\/noticias\\\/#website\"},\"primaryImageOfPage\":{\"@id\":\"https:\\\/\\\/www.yucatanencorto.com\\\/noticias\\\/bandera-de-mexico-ya-ondea-en-la-remodelada-plaza-grande\\\/#primaryimage\"},\"image\":{\"@id\":\"https:\\\/\\\/www.yucatanencorto.com\\\/noticias\\\/bandera-de-mexico-ya-ondea-en-la-remodelada-plaza-grande\\\/#primaryimage\"},\"thumbnailUrl\":\"https:\\\/\\\/www.yucatanencorto.com\\\/noticias\\\/wp-content\\\/uploads\\\/2024\\\/09\\\/WhatsApp-Image-2024-09-12-at-10.24.40-AM-1-scaled.jpeg\",\"datePublished\":\"2024-09-12T16:30:14+00:00\",\"author\":{\"@id\":\"https:\\\/\\\/www.yucatanencorto.com\\\/noticias\\\/#\\\/schema\\\/person\\\/14f82d355225a1f4075dd84a31f45a72\"},\"breadcrumb\":{\"@id\":\"https:\\\/\\\/www.yucatanencorto.com\\\/noticias\\\/bandera-de-mexico-ya-ondea-en-la-remodelada-plaza-grande\\\/#breadcrumb\"},\"inLanguage\":\"es\",\"potentialAction\":[{\"@type\":\"ReadAction\",\"target\":[\"https:\\\/\\\/www.yucatanencorto.com\\\/noticias\\\/bandera-de-mexico-ya-ondea-en-la-remodelada-plaza-grande\\\/\"]}]},{\"@type\":\"ImageObject\",\"inLanguage\":\"es\",\"@id\":\"https:\\\/\\\/www.yucatanencorto.com\\\/noticias\\\/bandera-de-mexico-ya-ondea-en-la-remodelada-plaza-grande\\\/#primaryimage\",\"url\":\"https:\\\/\\\/www.yucatanencorto.com\\\/noticias\\\/wp-content\\\/uploads\\\/2024\\\/09\\\/WhatsApp-Image-2024-09-12-at-10.24.40-AM-1-scaled.jpeg\",\"contentUrl\":\"https:\\\/\\\/www.yucatanencorto.com\\\/noticias\\\/wp-content\\\/uploads\\\/2024\\\/09\\\/WhatsApp-Image-2024-09-12-at-10.24.40-AM-1-scaled.jpeg\",\"width\":768,\"height\":510},{\"@type\":\"BreadcrumbList\",\"@id\":\"https:\\\/\\\/www.yucatanencorto.com\\\/noticias\\\/bandera-de-mexico-ya-ondea-en-la-remodelada-plaza-grande\\\/#breadcrumb\",\"itemListElement\":[{\"@type\":\"ListItem\",\"position\":1,\"name\":\"Portada\",\"item\":\"https:\\\/\\\/www.yucatanencorto.com\\\/noticias\\\/\"},{\"@type\":\"ListItem\",\"position\":2,\"name\":\"Bandera de M\u00e9xico ya ondea en la remodelada Plaza Grande\"}]},{\"@type\":\"WebSite\",\"@id\":\"https:\\\/\\\/www.yucatanencorto.com\\\/noticias\\\/#website\",\"url\":\"https:\\\/\\\/www.yucatanencorto.com\\\/noticias\\\/\",\"name\":\"Yucat\u00e1n en corto\",\"description\":\"Noticias\",\"potentialAction\":[{\"@type\":\"SearchAction\",\"target\":{\"@type\":\"EntryPoint\",\"urlTemplate\":\"https:\\\/\\\/www.yucatanencorto.com\\\/noticias\\\/?s={search_term_string}\"},\"query-input\":{\"@type\":\"PropertyValueSpecification\",\"valueRequired\":true,\"valueName\":\"search_term_string\"}}],\"inLanguage\":\"es\"},{\"@type\":\"Person\",\"@id\":\"https:\\\/\\\/www.yucatanencorto.com\\\/noticias\\\/#\\\/schema\\\/person\\\/14f82d355225a1f4075dd84a31f45a72\",\"name\":\"Yucat\u00e1n en Corto FC\",\"image\":{\"@type\":\"ImageObject\",\"inLanguage\":\"es\",\"@id\":\"https:\\\/\\\/secure.gravatar.com\\\/avatar\\\/147d4b30cd728c53c29c49a3f7834dedca33707f4cd259761355846009a88250?s=96&d=mm&r=g\",\"url\":\"https:\\\/\\\/secure.gravatar.com\\\/avatar\\\/147d4b30cd728c53c29c49a3f7834dedca33707f4cd259761355846009a88250?s=96&d=mm&r=g\",\"contentUrl\":\"https:\\\/\\\/secure.gravatar.com\\\/avatar\\\/147d4b30cd728c53c29c49a3f7834dedca33707f4cd259761355846009a88250?s=96&d=mm&r=g\",\"caption\":\"Yucat\u00e1n en Corto FC\"},\"url\":\"https:\\\/\\\/www.yucatanencorto.com\\\/noticias\\\/author\\\/flor\\\/\"}]}<\/script>\n<!-- \/ Yoast SEO plugin. -->","yoast_head_json":{"title":"Bandera de M\u00e9xico ya ondea en la remodelada Plaza Grande - Yucat\u00e1n en corto","robots":{"index":"index","follow":"follow","max-snippet":"max-snippet:-1","max-image-preview":"max-image-preview:large","max-video-preview":"max-video-preview:-1"},"canonical":"https:\/\/www.yucatanencorto.com\/noticias\/bandera-de-mexico-ya-ondea-en-la-remodelada-plaza-grande\/","og_locale":"es_ES","og_type":"article","og_title":"Bandera de M\u00e9xico ya ondea en la remodelada Plaza Grande - Yucat\u00e1n en corto","og_description":"-La ense\u00f1a tricolor de tama\u00f1o monumental se iz\u00f3 esta ma\u00f1ana en una ceremonia encabezada por la encargada del Despacho del Gobernador, Mar\u00eda Fritz Sierra, en funciones del titular del Poder Ejecutivo junto con autoridades civiles y militares, como parte de las actividades con motivo de las fiestas patrias.","og_url":"https:\/\/www.yucatanencorto.com\/noticias\/bandera-de-mexico-ya-ondea-en-la-remodelada-plaza-grande\/","og_site_name":"Yucat\u00e1n en corto","article_publisher":"http:\/\/www.facebook.com\/yucatanencorto","article_published_time":"2024-09-12T16:30:14+00:00","og_image":[{"width":768,"height":510,"url":"https:\/\/www.yucatanencorto.com\/noticias\/wp-content\/uploads\/2024\/09\/WhatsApp-Image-2024-09-12-at-10.24.40-AM-1-scaled.jpeg","type":"image\/jpeg"}],"author":"Yucat\u00e1n en Corto FC","twitter_card":"summary_large_image","twitter_creator":"@yucatanencorto","twitter_site":"@yucatanencorto","twitter_misc":{"Escrito por":"Yucat\u00e1n en Corto FC","Tiempo de lectura":"3 minutos"},"schema":{"@context":"https:\/\/schema.org","@graph":[{"@type":"Article","@id":"https:\/\/www.yucatanencorto.com\/noticias\/bandera-de-mexico-ya-ondea-en-la-remodelada-plaza-grande\/#article","isPartOf":{"@id":"https:\/\/www.yucatanencorto.com\/noticias\/bandera-de-mexico-ya-ondea-en-la-remodelada-plaza-grande\/"},"author":{"name":"Yucat\u00e1n en Corto FC","@id":"https:\/\/www.yucatanencorto.com\/noticias\/#\/schema\/person\/14f82d355225a1f4075dd84a31f45a72"},"headline":"Bandera de M\u00e9xico ya ondea en la remodelada Plaza Grande","datePublished":"2024-09-12T16:30:14+00:00","mainEntityOfPage":{"@id":"https:\/\/www.yucatanencorto.com\/noticias\/bandera-de-mexico-ya-ondea-en-la-remodelada-plaza-grande\/"},"wordCount":271,"image":{"@id":"https:\/\/www.yucatanencorto.com\/noticias\/bandera-de-mexico-ya-ondea-en-la-remodelada-plaza-grande\/#primaryimage"},"thumbnailUrl":"https:\/\/www.yucatanencorto.com\/noticias\/wp-content\/uploads\/2024\/09\/WhatsApp-Image-2024-09-12-at-10.24.40-AM-1-scaled.jpeg","articleSection":["M\u00e9rida","Yucat\u00e1n"],"inLanguage":"es"},{"@type":"WebPage","@id":"https:\/\/www.yucatanencorto.com\/noticias\/bandera-de-mexico-ya-ondea-en-la-remodelada-plaza-grande\/","url":"https:\/\/www.yucatanencorto.com\/noticias\/bandera-de-mexico-ya-ondea-en-la-remodelada-plaza-grande\/","name":"Bandera de M\u00e9xico ya ondea en la remodelada Plaza Grande - Yucat\u00e1n en corto","isPartOf":{"@id":"https:\/\/www.yucatanencorto.com\/noticias\/#website"},"primaryImageOfPage":{"@id":"https:\/\/www.yucatanencorto.com\/noticias\/bandera-de-mexico-ya-ondea-en-la-remodelada-plaza-grande\/#primaryimage"},"image":{"@id":"https:\/\/www.yucatanencorto.com\/noticias\/bandera-de-mexico-ya-ondea-en-la-remodelada-plaza-grande\/#primaryimage"},"thumbnailUrl":"https:\/\/www.yucatanencorto.com\/noticias\/wp-content\/uploads\/2024\/09\/WhatsApp-Image-2024-09-12-at-10.24.40-AM-1-scaled.jpeg","datePublished":"2024-09-12T16:30:14+00:00","author":{"@id":"https:\/\/www.yucatanencorto.com\/noticias\/#\/schema\/person\/14f82d355225a1f4075dd84a31f45a72"},"breadcrumb":{"@id":"https:\/\/www.yucatanencorto.com\/noticias\/bandera-de-mexico-ya-ondea-en-la-remodelada-plaza-grande\/#breadcrumb"},"inLanguage":"es","potentialAction":[{"@type":"ReadAction","target":["https:\/\/www.yucatanencorto.com\/noticias\/bandera-de-mexico-ya-ondea-en-la-remodelada-plaza-grande\/"]}]},{"@type":"ImageObject","inLanguage":"es","@id":"https:\/\/www.yucatanencorto.com\/noticias\/bandera-de-mexico-ya-ondea-en-la-remodelada-plaza-grande\/#primaryimage","url":"https:\/\/www.yucatanencorto.com\/noticias\/wp-content\/uploads\/2024\/09\/WhatsApp-Image-2024-09-12-at-10.24.40-AM-1-scaled.jpeg","contentUrl":"https:\/\/www.yucatanencorto.com\/noticias\/wp-content\/uploads\/2024\/09\/WhatsApp-Image-2024-09-12-at-10.24.40-AM-1-scaled.jpeg","width":768,"height":510},{"@type":"BreadcrumbList","@id":"https:\/\/www.yucatanencorto.com\/noticias\/bandera-de-mexico-ya-ondea-en-la-remodelada-plaza-grande\/#breadcrumb","itemListElement":[{"@type":"ListItem","position":1,"name":"Portada","item":"https:\/\/www.yucatanencorto.com\/noticias\/"},{"@type":"ListItem","position":2,"name":"Bandera de M\u00e9xico ya ondea en la remodelada Plaza Grande"}]},{"@type":"WebSite","@id":"https:\/\/www.yucatanencorto.com\/noticias\/#website","url":"https:\/\/www.yucatanencorto.com\/noticias\/","name":"Yucat\u00e1n en corto","description":"Noticias","potentialAction":[{"@type":"SearchAction","target":{"@type":"EntryPoint","urlTemplate":"https:\/\/www.yucatanencorto.com\/noticias\/?s={search_term_string}"},"query-input":{"@type":"PropertyValueSpecification","valueRequired":true,"valueName":"search_term_string"}}],"inLanguage":"es"},{"@type":"Person","@id":"https:\/\/www.yucatanencorto.com\/noticias\/#\/schema\/person\/14f82d355225a1f4075dd84a31f45a72","name":"Yucat\u00e1n en Corto FC","image":{"@type":"ImageObject","inLanguage":"es","@id":"https:\/\/secure.gravatar.com\/avatar\/147d4b30cd728c53c29c49a3f7834dedca33707f4cd259761355846009a88250?s=96&d=mm&r=g","url":"https:\/\/secure.gravatar.com\/avatar\/147d4b30cd728c53c29c49a3f7834dedca33707f4cd259761355846009a88250?s=96&d=mm&r=g","contentUrl":"https:\/\/secure.gravatar.com\/avatar\/147d4b30cd728c53c29c49a3f7834dedca33707f4cd259761355846009a88250?s=96&d=mm&r=g","caption":"Yucat\u00e1n en Corto FC"},"url":"https:\/\/www.yucatanencorto.com\/noticias\/author\/flor\/"}]}},"_links":{"self":[{"href":"https:\/\/www.yucatanencorto.com\/noticias\/wp-json\/wp\/v2\/posts\/112084","targetHints":{"allow":["GET"]}}],"collection":[{"href":"https:\/\/www.yucatanencorto.com\/noticias\/wp-json\/wp\/v2\/posts"}],"about":[{"href":"https:\/\/www.yucatanencorto.com\/noticias\/wp-json\/wp\/v2\/types\/post"}],"author":[{"embeddable":true,"href":"https:\/\/www.yucatanencorto.com\/noticias\/wp-json\/wp\/v2\/users\/2"}],"replies":[{"embeddable":true,"href":"https:\/\/www.yucatanencorto.com\/noticias\/wp-json\/wp\/v2\/comments?post=112084"}],"version-history":[{"count":0,"href":"https:\/\/www.yucatanencorto.com\/noticias\/wp-json\/wp\/v2\/posts\/112084\/revisions"}],"wp:featuredmedia":[{"embeddable":true,"href":"https:\/\/www.yucatanencorto.com\/noticias\/wp-json\/wp\/v2\/media\/112089"}],"wp:attachment":[{"href":"https:\/\/www.yucatanencorto.com\/noticias\/wp-json\/wp\/v2\/media?parent=112084"}],"wp:term":[{"taxonomy":"category","embeddable":true,"href":"https:\/\/www.yucatanencorto.com\/noticias\/wp-json\/wp\/v2\/categories?post=112084"},{"taxonomy":"post_tag","embeddable":true,"href":"https:\/\/www.yucatanencorto.com\/noticias\/wp-json\/wp\/v2\/tags?post=112084"}],"curies":[{"name":"wp","href":"https:\/\/api.w.org\/{rel}","templated":true}]}}