{"id":112091,"date":"2024-09-12T21:15:37","date_gmt":"2024-09-13T03:15:37","guid":{"rendered":"https:\/\/www.yucatanencorto.com\/noticias\/?p=112091"},"modified":"2024-09-12T21:15:37","modified_gmt":"2024-09-13T03:15:37","slug":"gobierno-del-estado-trabaja-por-un-merida-mas-inclusivo","status":"publish","type":"post","link":"https:\/\/www.yucatanencorto.com\/noticias\/gobierno-del-estado-trabaja-por-un-merida-mas-inclusivo\/","title":{"rendered":"Gobierno del estado trabaja por un M\u00e9rida m\u00e1s inclusivo"},"content":{"rendered":"<p>&nbsp;<\/p>\n<p><img loading=\"lazy\" decoding=\"async\" class=\"alignnone size-full wp-image-112092\" src=\"https:\/\/www.yucatanencorto.com\/noticias\/wp-content\/uploads\/2024\/09\/WhatsApp-Image-2024-09-12-at-7.24.55-PM-4-scaled.jpeg\" alt=\"\" width=\"768\" height=\"512\" srcset=\"https:\/\/www.yucatanencorto.com\/noticias\/wp-content\/uploads\/2024\/09\/WhatsApp-Image-2024-09-12-at-7.24.55-PM-4-scaled.jpeg 768w, https:\/\/www.yucatanencorto.com\/noticias\/wp-content\/uploads\/2024\/09\/WhatsApp-Image-2024-09-12-at-7.24.55-PM-4-150x100.jpeg 150w, https:\/\/www.yucatanencorto.com\/noticias\/wp-content\/uploads\/2024\/09\/WhatsApp-Image-2024-09-12-at-7.24.55-PM-4-300x200.jpeg 300w, https:\/\/www.yucatanencorto.com\/noticias\/wp-content\/uploads\/2024\/09\/WhatsApp-Image-2024-09-12-at-7.24.55-PM-4-696x464.jpeg 696w, https:\/\/www.yucatanencorto.com\/noticias\/wp-content\/uploads\/2024\/09\/WhatsApp-Image-2024-09-12-at-7.24.55-PM-4-1068x712.jpeg 1068w\" sizes=\"auto, (max-width: 768px) 100vw, 768px\" \/> <img loading=\"lazy\" decoding=\"async\" class=\"alignnone size-full wp-image-112093\" src=\"https:\/\/www.yucatanencorto.com\/noticias\/wp-content\/uploads\/2024\/09\/WhatsApp-Image-2024-09-12-at-7.24.55-PM-3-scaled.jpeg\" alt=\"\" width=\"768\" height=\"512\" srcset=\"https:\/\/www.yucatanencorto.com\/noticias\/wp-content\/uploads\/2024\/09\/WhatsApp-Image-2024-09-12-at-7.24.55-PM-3-scaled.jpeg 768w, https:\/\/www.yucatanencorto.com\/noticias\/wp-content\/uploads\/2024\/09\/WhatsApp-Image-2024-09-12-at-7.24.55-PM-3-150x100.jpeg 150w, https:\/\/www.yucatanencorto.com\/noticias\/wp-content\/uploads\/2024\/09\/WhatsApp-Image-2024-09-12-at-7.24.55-PM-3-300x200.jpeg 300w, https:\/\/www.yucatanencorto.com\/noticias\/wp-content\/uploads\/2024\/09\/WhatsApp-Image-2024-09-12-at-7.24.55-PM-3-696x464.jpeg 696w, https:\/\/www.yucatanencorto.com\/noticias\/wp-content\/uploads\/2024\/09\/WhatsApp-Image-2024-09-12-at-7.24.55-PM-3-1068x712.jpeg 1068w\" sizes=\"auto, (max-width: 768px) 100vw, 768px\" \/> <img loading=\"lazy\" decoding=\"async\" class=\"alignnone size-full wp-image-112094\" src=\"https:\/\/www.yucatanencorto.com\/noticias\/wp-content\/uploads\/2024\/09\/WhatsApp-Image-2024-09-12-at-7.24.55-PM-2-scaled.jpeg\" alt=\"\" width=\"768\" height=\"512\" srcset=\"https:\/\/www.yucatanencorto.com\/noticias\/wp-content\/uploads\/2024\/09\/WhatsApp-Image-2024-09-12-at-7.24.55-PM-2-scaled.jpeg 768w, https:\/\/www.yucatanencorto.com\/noticias\/wp-content\/uploads\/2024\/09\/WhatsApp-Image-2024-09-12-at-7.24.55-PM-2-150x100.jpeg 150w, https:\/\/www.yucatanencorto.com\/noticias\/wp-content\/uploads\/2024\/09\/WhatsApp-Image-2024-09-12-at-7.24.55-PM-2-300x200.jpeg 300w, https:\/\/www.yucatanencorto.com\/noticias\/wp-content\/uploads\/2024\/09\/WhatsApp-Image-2024-09-12-at-7.24.55-PM-2-696x464.jpeg 696w, https:\/\/www.yucatanencorto.com\/noticias\/wp-content\/uploads\/2024\/09\/WhatsApp-Image-2024-09-12-at-7.24.55-PM-2-1068x712.jpeg 1068w\" sizes=\"auto, (max-width: 768px) 100vw, 768px\" \/> <img loading=\"lazy\" decoding=\"async\" class=\"alignnone size-full wp-image-112096\" src=\"https:\/\/www.yucatanencorto.com\/noticias\/wp-content\/uploads\/2024\/09\/WhatsApp-Image-2024-09-12-at-7.24.55-PM-1-scaled.jpeg\" alt=\"\" width=\"768\" height=\"676\" srcset=\"https:\/\/www.yucatanencorto.com\/noticias\/wp-content\/uploads\/2024\/09\/WhatsApp-Image-2024-09-12-at-7.24.55-PM-1-scaled.jpeg 768w, https:\/\/www.yucatanencorto.com\/noticias\/wp-content\/uploads\/2024\/09\/WhatsApp-Image-2024-09-12-at-7.24.55-PM-1-150x132.jpeg 150w, https:\/\/www.yucatanencorto.com\/noticias\/wp-content\/uploads\/2024\/09\/WhatsApp-Image-2024-09-12-at-7.24.55-PM-1-300x264.jpeg 300w, https:\/\/www.yucatanencorto.com\/noticias\/wp-content\/uploads\/2024\/09\/WhatsApp-Image-2024-09-12-at-7.24.55-PM-1-696x613.jpeg 696w, https:\/\/www.yucatanencorto.com\/noticias\/wp-content\/uploads\/2024\/09\/WhatsApp-Image-2024-09-12-at-7.24.55-PM-1-1068x940.jpeg 1068w\" sizes=\"auto, (max-width: 768px) 100vw, 768px\" \/><\/p>\n<p style=\"text-align: justify;\">M\u00e9rida, Yucat\u00e1n a jueves 12 de septiembre de 2024.- En M\u00e9rida trabajaremos juntos para lograr la inclusi\u00f3n de las personas con discapacidad buscando la justicia social que merecen las familias, afirm\u00f3 la Presidenta Municipal, Cecilia Patr\u00f3n Laviada, durante la entrega de aparatos ortop\u00e9dicos y auditivos que realiz\u00f3 la Administraci\u00f3n del Patrimonio de la Beneficencia P\u00fablica del Estado de Yucat\u00e1n de la mano del DIF Municipal.<\/p>\n<p style=\"text-align: justify;\">\u00abMe siento feliz de estar con ustedes, porque cuando nos unimos logramos cosas hermosas como las de hoy, acciones que cambian la vida, no solo de los beneficiarios sino tambi\u00e9n de sus familias, un nuevo sentido a su calidad de vida\u00bb, afirm\u00f3.<\/p>\n<p style=\"text-align: justify;\">\u00abHoy, muchas y muchos de ustedes salen con sus aud\u00edfonos, sillas de ruedas, burritos o muletas, y es el resultado del trabajo en equipo de las autoridades y la sociedad\u00bb, dijo.<\/p>\n<p style=\"text-align: justify;\">Esta actividad forma parte de las Jornadas de Entrega de Auxiliares Auditivos y Aparatos de Movilidad de la Beneficencia P\u00fablica del Estado, que sumando esfuerzos con el DIF Municipal potencializan los programas con los que cuenta el Ayuntamiento de M\u00e9rida.<\/p>\n<p style=\"text-align: justify;\">Tiene por objetivo apoyar a las personas m\u00e1s vulnerables de la ciudad y sus comisar\u00edas, adem\u00e1s que refleja el compromiso de esta nueva forma de gobernar, cercana, que escucha y que brinda atenci\u00f3n a las y los m\u00e1s necesitados.<\/p>\n<p style=\"text-align: justify;\">Se entregaron 120 auxiliares auditivos, 30 sillas de ruedas, un bast\u00f3n, dos pares de muletas y cinco andaderas.<\/p>\n<p style=\"text-align: justify;\">\u00abLes pido a todas y todos que demos nuestro coraz\u00f3n, que demos un paso m\u00e1s, que trabajemos juntos para lograr la inclusi\u00f3n de las personas con discapacidad\u00bb, mencion\u00f3.<\/p>\n<p style=\"text-align: justify;\">\u00abQueremos que todas y todos tengan oportunidades de crecimiento en M\u00e9rida, no vamos a dejar a nadie atr\u00e1s. Vamos a seguir adelante, unidos y con amor por M\u00e9rida. De eso me encargo yo\u00bb, expres\u00f3.<\/p>\n<p style=\"text-align: justify;\">En su mensaje ante beneficiarias y beneficiarios, la alcaldesa meridana enfatiz\u00f3 que su administraci\u00f3n est\u00e1 comprometida con la inclusi\u00f3n y equidad y que se trabajar\u00e1 sin descanso para lograrlo.<\/p>\n<p style=\"text-align: justify;\">#MeridaContigoEsMejor<\/p>\n","protected":false},"excerpt":{"rendered":"<p>-En equipo con la Administraci\u00f3n del Patrimonio de la Beneficencia P\u00fablica del Estado de Yucat\u00e1n, el DIF M\u00e9rida entrega aparatos ortop\u00e9dicos y auditivos a personas en situaci\u00f3n vulnerable para mejorar la calidad de vida de las familias meridanas.<\/p>\n<p>-Se entregaron 120 auxiliares auditivos, 30 sillas de ruedas, un bast\u00f3n, dos pares de muletas y cinco andaderas.<\/p>\n","protected":false},"author":2,"featured_media":112096,"comment_status":"closed","ping_status":"closed","sticky":false,"template":"","format":"standard","meta":{"footnotes":""},"categories":[2,3],"tags":[],"class_list":{"0":"post-112091","1":"post","2":"type-post","3":"status-publish","4":"format-standard","5":"has-post-thumbnail","7":"category-merida","8":"category-yucatan"},"yoast_head":"<!-- This site is optimized with the Yoast SEO plugin v27.5 - https:\/\/yoast.com\/product\/yoast-seo-wordpress\/ -->\n<title>Gobierno del estado trabaja por un M\u00e9rida m\u00e1s inclusivo - Yucat\u00e1n en corto<\/title>\n<meta name=\"robots\" content=\"index, follow, max-snippet:-1, max-image-preview:large, max-video-preview:-1\" \/>\n<link rel=\"canonical\" href=\"https:\/\/www.yucatanencorto.com\/noticias\/gobierno-del-estado-trabaja-por-un-merida-mas-inclusivo\/\" \/>\n<meta property=\"og:locale\" content=\"es_ES\" \/>\n<meta property=\"og:type\" content=\"article\" \/>\n<meta property=\"og:title\" content=\"Gobierno del estado trabaja por un M\u00e9rida m\u00e1s inclusivo - Yucat\u00e1n en corto\" \/>\n<meta property=\"og:description\" content=\"-En equipo con la Administraci\u00f3n del Patrimonio de la Beneficencia P\u00fablica del Estado de Yucat\u00e1n, el DIF M\u00e9rida entrega aparatos ortop\u00e9dicos y auditivos a personas en situaci\u00f3n vulnerable para mejorar la calidad de vida de las familias meridanas.  -Se entregaron 120 auxiliares auditivos, 30 sillas de ruedas, un bast\u00f3n, dos pares de muletas y cinco andaderas.\" \/>\n<meta property=\"og:url\" content=\"https:\/\/www.yucatanencorto.com\/noticias\/gobierno-del-estado-trabaja-por-un-merida-mas-inclusivo\/\" \/>\n<meta property=\"og:site_name\" content=\"Yucat\u00e1n en corto\" \/>\n<meta property=\"article:publisher\" content=\"http:\/\/www.facebook.com\/yucatanencorto\" \/>\n<meta property=\"article:published_time\" content=\"2024-09-13T03:15:37+00:00\" \/>\n<meta property=\"og:image\" content=\"https:\/\/www.yucatanencorto.com\/noticias\/wp-content\/uploads\/2024\/09\/WhatsApp-Image-2024-09-12-at-7.24.55-PM-1-scaled.jpeg\" \/>\n\t<meta property=\"og:image:width\" content=\"768\" \/>\n\t<meta property=\"og:image:height\" content=\"676\" \/>\n\t<meta property=\"og:image:type\" content=\"image\/jpeg\" \/>\n<meta name=\"author\" content=\"Yucat\u00e1n en Corto FC\" \/>\n<meta name=\"twitter:card\" content=\"summary_large_image\" \/>\n<meta name=\"twitter:creator\" content=\"@yucatanencorto\" \/>\n<meta name=\"twitter:site\" content=\"@yucatanencorto\" \/>\n<meta name=\"twitter:label1\" content=\"Escrito por\" \/>\n\t<meta name=\"twitter:data1\" content=\"Yucat\u00e1n en Corto FC\" \/>\n\t<meta name=\"twitter:label2\" content=\"Tiempo de lectura\" \/>\n\t<meta name=\"twitter:data2\" content=\"3 minutos\" \/>\n<script type=\"application\/ld+json\" class=\"yoast-schema-graph\">{\"@context\":\"https:\\\/\\\/schema.org\",\"@graph\":[{\"@type\":\"Article\",\"@id\":\"https:\\\/\\\/www.yucatanencorto.com\\\/noticias\\\/gobierno-del-estado-trabaja-por-un-merida-mas-inclusivo\\\/#article\",\"isPartOf\":{\"@id\":\"https:\\\/\\\/www.yucatanencorto.com\\\/noticias\\\/gobierno-del-estado-trabaja-por-un-merida-mas-inclusivo\\\/\"},\"author\":{\"name\":\"Yucat\u00e1n en Corto FC\",\"@id\":\"https:\\\/\\\/www.yucatanencorto.com\\\/noticias\\\/#\\\/schema\\\/person\\\/14f82d355225a1f4075dd84a31f45a72\"},\"headline\":\"Gobierno del estado trabaja por un M\u00e9rida m\u00e1s inclusivo\",\"datePublished\":\"2024-09-13T03:15:37+00:00\",\"mainEntityOfPage\":{\"@id\":\"https:\\\/\\\/www.yucatanencorto.com\\\/noticias\\\/gobierno-del-estado-trabaja-por-un-merida-mas-inclusivo\\\/\"},\"wordCount\":363,\"image\":{\"@id\":\"https:\\\/\\\/www.yucatanencorto.com\\\/noticias\\\/gobierno-del-estado-trabaja-por-un-merida-mas-inclusivo\\\/#primaryimage\"},\"thumbnailUrl\":\"https:\\\/\\\/www.yucatanencorto.com\\\/noticias\\\/wp-content\\\/uploads\\\/2024\\\/09\\\/WhatsApp-Image-2024-09-12-at-7.24.55-PM-1-scaled.jpeg\",\"articleSection\":[\"M\u00e9rida\",\"Yucat\u00e1n\"],\"inLanguage\":\"es\"},{\"@type\":\"WebPage\",\"@id\":\"https:\\\/\\\/www.yucatanencorto.com\\\/noticias\\\/gobierno-del-estado-trabaja-por-un-merida-mas-inclusivo\\\/\",\"url\":\"https:\\\/\\\/www.yucatanencorto.com\\\/noticias\\\/gobierno-del-estado-trabaja-por-un-merida-mas-inclusivo\\\/\",\"name\":\"Gobierno del estado trabaja por un M\u00e9rida m\u00e1s inclusivo - Yucat\u00e1n en corto\",\"isPartOf\":{\"@id\":\"https:\\\/\\\/www.yucatanencorto.com\\\/noticias\\\/#website\"},\"primaryImageOfPage\":{\"@id\":\"https:\\\/\\\/www.yucatanencorto.com\\\/noticias\\\/gobierno-del-estado-trabaja-por-un-merida-mas-inclusivo\\\/#primaryimage\"},\"image\":{\"@id\":\"https:\\\/\\\/www.yucatanencorto.com\\\/noticias\\\/gobierno-del-estado-trabaja-por-un-merida-mas-inclusivo\\\/#primaryimage\"},\"thumbnailUrl\":\"https:\\\/\\\/www.yucatanencorto.com\\\/noticias\\\/wp-content\\\/uploads\\\/2024\\\/09\\\/WhatsApp-Image-2024-09-12-at-7.24.55-PM-1-scaled.jpeg\",\"datePublished\":\"2024-09-13T03:15:37+00:00\",\"author\":{\"@id\":\"https:\\\/\\\/www.yucatanencorto.com\\\/noticias\\\/#\\\/schema\\\/person\\\/14f82d355225a1f4075dd84a31f45a72\"},\"breadcrumb\":{\"@id\":\"https:\\\/\\\/www.yucatanencorto.com\\\/noticias\\\/gobierno-del-estado-trabaja-por-un-merida-mas-inclusivo\\\/#breadcrumb\"},\"inLanguage\":\"es\",\"potentialAction\":[{\"@type\":\"ReadAction\",\"target\":[\"https:\\\/\\\/www.yucatanencorto.com\\\/noticias\\\/gobierno-del-estado-trabaja-por-un-merida-mas-inclusivo\\\/\"]}]},{\"@type\":\"ImageObject\",\"inLanguage\":\"es\",\"@id\":\"https:\\\/\\\/www.yucatanencorto.com\\\/noticias\\\/gobierno-del-estado-trabaja-por-un-merida-mas-inclusivo\\\/#primaryimage\",\"url\":\"https:\\\/\\\/www.yucatanencorto.com\\\/noticias\\\/wp-content\\\/uploads\\\/2024\\\/09\\\/WhatsApp-Image-2024-09-12-at-7.24.55-PM-1-scaled.jpeg\",\"contentUrl\":\"https:\\\/\\\/www.yucatanencorto.com\\\/noticias\\\/wp-content\\\/uploads\\\/2024\\\/09\\\/WhatsApp-Image-2024-09-12-at-7.24.55-PM-1-scaled.jpeg\",\"width\":768,\"height\":676},{\"@type\":\"BreadcrumbList\",\"@id\":\"https:\\\/\\\/www.yucatanencorto.com\\\/noticias\\\/gobierno-del-estado-trabaja-por-un-merida-mas-inclusivo\\\/#breadcrumb\",\"itemListElement\":[{\"@type\":\"ListItem\",\"position\":1,\"name\":\"Portada\",\"item\":\"https:\\\/\\\/www.yucatanencorto.com\\\/noticias\\\/\"},{\"@type\":\"ListItem\",\"position\":2,\"name\":\"Gobierno del estado trabaja por un M\u00e9rida m\u00e1s inclusivo\"}]},{\"@type\":\"WebSite\",\"@id\":\"https:\\\/\\\/www.yucatanencorto.com\\\/noticias\\\/#website\",\"url\":\"https:\\\/\\\/www.yucatanencorto.com\\\/noticias\\\/\",\"name\":\"Yucat\u00e1n en corto\",\"description\":\"Noticias\",\"potentialAction\":[{\"@type\":\"SearchAction\",\"target\":{\"@type\":\"EntryPoint\",\"urlTemplate\":\"https:\\\/\\\/www.yucatanencorto.com\\\/noticias\\\/?s={search_term_string}\"},\"query-input\":{\"@type\":\"PropertyValueSpecification\",\"valueRequired\":true,\"valueName\":\"search_term_string\"}}],\"inLanguage\":\"es\"},{\"@type\":\"Person\",\"@id\":\"https:\\\/\\\/www.yucatanencorto.com\\\/noticias\\\/#\\\/schema\\\/person\\\/14f82d355225a1f4075dd84a31f45a72\",\"name\":\"Yucat\u00e1n en Corto FC\",\"image\":{\"@type\":\"ImageObject\",\"inLanguage\":\"es\",\"@id\":\"https:\\\/\\\/secure.gravatar.com\\\/avatar\\\/147d4b30cd728c53c29c49a3f7834dedca33707f4cd259761355846009a88250?s=96&d=mm&r=g\",\"url\":\"https:\\\/\\\/secure.gravatar.com\\\/avatar\\\/147d4b30cd728c53c29c49a3f7834dedca33707f4cd259761355846009a88250?s=96&d=mm&r=g\",\"contentUrl\":\"https:\\\/\\\/secure.gravatar.com\\\/avatar\\\/147d4b30cd728c53c29c49a3f7834dedca33707f4cd259761355846009a88250?s=96&d=mm&r=g\",\"caption\":\"Yucat\u00e1n en Corto FC\"},\"url\":\"https:\\\/\\\/www.yucatanencorto.com\\\/noticias\\\/author\\\/flor\\\/\"}]}<\/script>\n<!-- \/ Yoast SEO plugin. -->","yoast_head_json":{"title":"Gobierno del estado trabaja por un M\u00e9rida m\u00e1s inclusivo - Yucat\u00e1n en corto","robots":{"index":"index","follow":"follow","max-snippet":"max-snippet:-1","max-image-preview":"max-image-preview:large","max-video-preview":"max-video-preview:-1"},"canonical":"https:\/\/www.yucatanencorto.com\/noticias\/gobierno-del-estado-trabaja-por-un-merida-mas-inclusivo\/","og_locale":"es_ES","og_type":"article","og_title":"Gobierno del estado trabaja por un M\u00e9rida m\u00e1s inclusivo - Yucat\u00e1n en corto","og_description":"-En equipo con la Administraci\u00f3n del Patrimonio de la Beneficencia P\u00fablica del Estado de Yucat\u00e1n, el DIF M\u00e9rida entrega aparatos ortop\u00e9dicos y auditivos a personas en situaci\u00f3n vulnerable para mejorar la calidad de vida de las familias meridanas.  -Se entregaron 120 auxiliares auditivos, 30 sillas de ruedas, un bast\u00f3n, dos pares de muletas y cinco andaderas.","og_url":"https:\/\/www.yucatanencorto.com\/noticias\/gobierno-del-estado-trabaja-por-un-merida-mas-inclusivo\/","og_site_name":"Yucat\u00e1n en corto","article_publisher":"http:\/\/www.facebook.com\/yucatanencorto","article_published_time":"2024-09-13T03:15:37+00:00","og_image":[{"width":768,"height":676,"url":"https:\/\/www.yucatanencorto.com\/noticias\/wp-content\/uploads\/2024\/09\/WhatsApp-Image-2024-09-12-at-7.24.55-PM-1-scaled.jpeg","type":"image\/jpeg"}],"author":"Yucat\u00e1n en Corto FC","twitter_card":"summary_large_image","twitter_creator":"@yucatanencorto","twitter_site":"@yucatanencorto","twitter_misc":{"Escrito por":"Yucat\u00e1n en Corto FC","Tiempo de lectura":"3 minutos"},"schema":{"@context":"https:\/\/schema.org","@graph":[{"@type":"Article","@id":"https:\/\/www.yucatanencorto.com\/noticias\/gobierno-del-estado-trabaja-por-un-merida-mas-inclusivo\/#article","isPartOf":{"@id":"https:\/\/www.yucatanencorto.com\/noticias\/gobierno-del-estado-trabaja-por-un-merida-mas-inclusivo\/"},"author":{"name":"Yucat\u00e1n en Corto FC","@id":"https:\/\/www.yucatanencorto.com\/noticias\/#\/schema\/person\/14f82d355225a1f4075dd84a31f45a72"},"headline":"Gobierno del estado trabaja por un M\u00e9rida m\u00e1s inclusivo","datePublished":"2024-09-13T03:15:37+00:00","mainEntityOfPage":{"@id":"https:\/\/www.yucatanencorto.com\/noticias\/gobierno-del-estado-trabaja-por-un-merida-mas-inclusivo\/"},"wordCount":363,"image":{"@id":"https:\/\/www.yucatanencorto.com\/noticias\/gobierno-del-estado-trabaja-por-un-merida-mas-inclusivo\/#primaryimage"},"thumbnailUrl":"https:\/\/www.yucatanencorto.com\/noticias\/wp-content\/uploads\/2024\/09\/WhatsApp-Image-2024-09-12-at-7.24.55-PM-1-scaled.jpeg","articleSection":["M\u00e9rida","Yucat\u00e1n"],"inLanguage":"es"},{"@type":"WebPage","@id":"https:\/\/www.yucatanencorto.com\/noticias\/gobierno-del-estado-trabaja-por-un-merida-mas-inclusivo\/","url":"https:\/\/www.yucatanencorto.com\/noticias\/gobierno-del-estado-trabaja-por-un-merida-mas-inclusivo\/","name":"Gobierno del estado trabaja por un M\u00e9rida m\u00e1s inclusivo - Yucat\u00e1n en corto","isPartOf":{"@id":"https:\/\/www.yucatanencorto.com\/noticias\/#website"},"primaryImageOfPage":{"@id":"https:\/\/www.yucatanencorto.com\/noticias\/gobierno-del-estado-trabaja-por-un-merida-mas-inclusivo\/#primaryimage"},"image":{"@id":"https:\/\/www.yucatanencorto.com\/noticias\/gobierno-del-estado-trabaja-por-un-merida-mas-inclusivo\/#primaryimage"},"thumbnailUrl":"https:\/\/www.yucatanencorto.com\/noticias\/wp-content\/uploads\/2024\/09\/WhatsApp-Image-2024-09-12-at-7.24.55-PM-1-scaled.jpeg","datePublished":"2024-09-13T03:15:37+00:00","author":{"@id":"https:\/\/www.yucatanencorto.com\/noticias\/#\/schema\/person\/14f82d355225a1f4075dd84a31f45a72"},"breadcrumb":{"@id":"https:\/\/www.yucatanencorto.com\/noticias\/gobierno-del-estado-trabaja-por-un-merida-mas-inclusivo\/#breadcrumb"},"inLanguage":"es","potentialAction":[{"@type":"ReadAction","target":["https:\/\/www.yucatanencorto.com\/noticias\/gobierno-del-estado-trabaja-por-un-merida-mas-inclusivo\/"]}]},{"@type":"ImageObject","inLanguage":"es","@id":"https:\/\/www.yucatanencorto.com\/noticias\/gobierno-del-estado-trabaja-por-un-merida-mas-inclusivo\/#primaryimage","url":"https:\/\/www.yucatanencorto.com\/noticias\/wp-content\/uploads\/2024\/09\/WhatsApp-Image-2024-09-12-at-7.24.55-PM-1-scaled.jpeg","contentUrl":"https:\/\/www.yucatanencorto.com\/noticias\/wp-content\/uploads\/2024\/09\/WhatsApp-Image-2024-09-12-at-7.24.55-PM-1-scaled.jpeg","width":768,"height":676},{"@type":"BreadcrumbList","@id":"https:\/\/www.yucatanencorto.com\/noticias\/gobierno-del-estado-trabaja-por-un-merida-mas-inclusivo\/#breadcrumb","itemListElement":[{"@type":"ListItem","position":1,"name":"Portada","item":"https:\/\/www.yucatanencorto.com\/noticias\/"},{"@type":"ListItem","position":2,"name":"Gobierno del estado trabaja por un M\u00e9rida m\u00e1s inclusivo"}]},{"@type":"WebSite","@id":"https:\/\/www.yucatanencorto.com\/noticias\/#website","url":"https:\/\/www.yucatanencorto.com\/noticias\/","name":"Yucat\u00e1n en corto","description":"Noticias","potentialAction":[{"@type":"SearchAction","target":{"@type":"EntryPoint","urlTemplate":"https:\/\/www.yucatanencorto.com\/noticias\/?s={search_term_string}"},"query-input":{"@type":"PropertyValueSpecification","valueRequired":true,"valueName":"search_term_string"}}],"inLanguage":"es"},{"@type":"Person","@id":"https:\/\/www.yucatanencorto.com\/noticias\/#\/schema\/person\/14f82d355225a1f4075dd84a31f45a72","name":"Yucat\u00e1n en Corto FC","image":{"@type":"ImageObject","inLanguage":"es","@id":"https:\/\/secure.gravatar.com\/avatar\/147d4b30cd728c53c29c49a3f7834dedca33707f4cd259761355846009a88250?s=96&d=mm&r=g","url":"https:\/\/secure.gravatar.com\/avatar\/147d4b30cd728c53c29c49a3f7834dedca33707f4cd259761355846009a88250?s=96&d=mm&r=g","contentUrl":"https:\/\/secure.gravatar.com\/avatar\/147d4b30cd728c53c29c49a3f7834dedca33707f4cd259761355846009a88250?s=96&d=mm&r=g","caption":"Yucat\u00e1n en Corto FC"},"url":"https:\/\/www.yucatanencorto.com\/noticias\/author\/flor\/"}]}},"_links":{"self":[{"href":"https:\/\/www.yucatanencorto.com\/noticias\/wp-json\/wp\/v2\/posts\/112091","targetHints":{"allow":["GET"]}}],"collection":[{"href":"https:\/\/www.yucatanencorto.com\/noticias\/wp-json\/wp\/v2\/posts"}],"about":[{"href":"https:\/\/www.yucatanencorto.com\/noticias\/wp-json\/wp\/v2\/types\/post"}],"author":[{"embeddable":true,"href":"https:\/\/www.yucatanencorto.com\/noticias\/wp-json\/wp\/v2\/users\/2"}],"replies":[{"embeddable":true,"href":"https:\/\/www.yucatanencorto.com\/noticias\/wp-json\/wp\/v2\/comments?post=112091"}],"version-history":[{"count":0,"href":"https:\/\/www.yucatanencorto.com\/noticias\/wp-json\/wp\/v2\/posts\/112091\/revisions"}],"wp:featuredmedia":[{"embeddable":true,"href":"https:\/\/www.yucatanencorto.com\/noticias\/wp-json\/wp\/v2\/media\/112096"}],"wp:attachment":[{"href":"https:\/\/www.yucatanencorto.com\/noticias\/wp-json\/wp\/v2\/media?parent=112091"}],"wp:term":[{"taxonomy":"category","embeddable":true,"href":"https:\/\/www.yucatanencorto.com\/noticias\/wp-json\/wp\/v2\/categories?post=112091"},{"taxonomy":"post_tag","embeddable":true,"href":"https:\/\/www.yucatanencorto.com\/noticias\/wp-json\/wp\/v2\/tags?post=112091"}],"curies":[{"name":"wp","href":"https:\/\/api.w.org\/{rel}","templated":true}]}}