{"id":112108,"date":"2024-09-13T13:16:20","date_gmt":"2024-09-13T19:16:20","guid":{"rendered":"https:\/\/www.yucatanencorto.com\/noticias\/?p=112108"},"modified":"2024-09-13T13:16:20","modified_gmt":"2024-09-13T19:16:20","slug":"honran-en-yucatan-el-legado-de-los-ninos-heroes","status":"publish","type":"post","link":"https:\/\/www.yucatanencorto.com\/noticias\/honran-en-yucatan-el-legado-de-los-ninos-heroes\/","title":{"rendered":"Honran en Yucat\u00e1n el legado de los Ni\u00f1os H\u00e9roes"},"content":{"rendered":"<p><img loading=\"lazy\" decoding=\"async\" class=\"alignnone size-full wp-image-112109\" src=\"https:\/\/www.yucatanencorto.com\/noticias\/wp-content\/uploads\/2024\/09\/WhatsApp-Image-2024-09-13-at-12.22.50-PM-4-scaled.jpeg\" alt=\"\" width=\"768\" height=\"511\" srcset=\"https:\/\/www.yucatanencorto.com\/noticias\/wp-content\/uploads\/2024\/09\/WhatsApp-Image-2024-09-13-at-12.22.50-PM-4-scaled.jpeg 768w, https:\/\/www.yucatanencorto.com\/noticias\/wp-content\/uploads\/2024\/09\/WhatsApp-Image-2024-09-13-at-12.22.50-PM-4-150x100.jpeg 150w, https:\/\/www.yucatanencorto.com\/noticias\/wp-content\/uploads\/2024\/09\/WhatsApp-Image-2024-09-13-at-12.22.50-PM-4-300x199.jpeg 300w, https:\/\/www.yucatanencorto.com\/noticias\/wp-content\/uploads\/2024\/09\/WhatsApp-Image-2024-09-13-at-12.22.50-PM-4-696x463.jpeg 696w, https:\/\/www.yucatanencorto.com\/noticias\/wp-content\/uploads\/2024\/09\/WhatsApp-Image-2024-09-13-at-12.22.50-PM-4-1068x710.jpeg 1068w\" sizes=\"auto, (max-width: 768px) 100vw, 768px\" \/> <img loading=\"lazy\" decoding=\"async\" class=\"alignnone size-medium wp-image-112110\" src=\"https:\/\/www.yucatanencorto.com\/noticias\/wp-content\/uploads\/2024\/09\/WhatsApp-Image-2024-09-13-at-12.22.50-PM-3-scaled.jpeg\" alt=\"\" width=\"768\" height=\"511\" srcset=\"https:\/\/www.yucatanencorto.com\/noticias\/wp-content\/uploads\/2024\/09\/WhatsApp-Image-2024-09-13-at-12.22.50-PM-3-scaled.jpeg 768w, https:\/\/www.yucatanencorto.com\/noticias\/wp-content\/uploads\/2024\/09\/WhatsApp-Image-2024-09-13-at-12.22.50-PM-3-150x100.jpeg 150w, https:\/\/www.yucatanencorto.com\/noticias\/wp-content\/uploads\/2024\/09\/WhatsApp-Image-2024-09-13-at-12.22.50-PM-3-300x200.jpeg 300w, https:\/\/www.yucatanencorto.com\/noticias\/wp-content\/uploads\/2024\/09\/WhatsApp-Image-2024-09-13-at-12.22.50-PM-3-696x463.jpeg 696w, https:\/\/www.yucatanencorto.com\/noticias\/wp-content\/uploads\/2024\/09\/WhatsApp-Image-2024-09-13-at-12.22.50-PM-3-1068x711.jpeg 1068w\" sizes=\"auto, (max-width: 768px) 100vw, 768px\" \/> <img loading=\"lazy\" decoding=\"async\" class=\"alignnone size-medium wp-image-112111\" src=\"https:\/\/www.yucatanencorto.com\/noticias\/wp-content\/uploads\/2024\/09\/WhatsApp-Image-2024-09-13-at-12.22.50-PM-2-scaled.jpeg\" alt=\"\" width=\"768\" height=\"512\" srcset=\"https:\/\/www.yucatanencorto.com\/noticias\/wp-content\/uploads\/2024\/09\/WhatsApp-Image-2024-09-13-at-12.22.50-PM-2-scaled.jpeg 768w, https:\/\/www.yucatanencorto.com\/noticias\/wp-content\/uploads\/2024\/09\/WhatsApp-Image-2024-09-13-at-12.22.50-PM-2-150x100.jpeg 150w, https:\/\/www.yucatanencorto.com\/noticias\/wp-content\/uploads\/2024\/09\/WhatsApp-Image-2024-09-13-at-12.22.50-PM-2-300x200.jpeg 300w, https:\/\/www.yucatanencorto.com\/noticias\/wp-content\/uploads\/2024\/09\/WhatsApp-Image-2024-09-13-at-12.22.50-PM-2-696x464.jpeg 696w, https:\/\/www.yucatanencorto.com\/noticias\/wp-content\/uploads\/2024\/09\/WhatsApp-Image-2024-09-13-at-12.22.50-PM-2-1068x712.jpeg 1068w\" sizes=\"auto, (max-width: 768px) 100vw, 768px\" \/> <img loading=\"lazy\" decoding=\"async\" class=\"alignnone size-medium wp-image-112112\" src=\"https:\/\/www.yucatanencorto.com\/noticias\/wp-content\/uploads\/2024\/09\/WhatsApp-Image-2024-09-13-at-12.22.50-PM-1-scaled.jpeg\" alt=\"\" width=\"768\" height=\"512\" srcset=\"https:\/\/www.yucatanencorto.com\/noticias\/wp-content\/uploads\/2024\/09\/WhatsApp-Image-2024-09-13-at-12.22.50-PM-1-scaled.jpeg 768w, https:\/\/www.yucatanencorto.com\/noticias\/wp-content\/uploads\/2024\/09\/WhatsApp-Image-2024-09-13-at-12.22.50-PM-1-150x100.jpeg 150w, https:\/\/www.yucatanencorto.com\/noticias\/wp-content\/uploads\/2024\/09\/WhatsApp-Image-2024-09-13-at-12.22.50-PM-1-300x200.jpeg 300w, https:\/\/www.yucatanencorto.com\/noticias\/wp-content\/uploads\/2024\/09\/WhatsApp-Image-2024-09-13-at-12.22.50-PM-1-696x464.jpeg 696w, https:\/\/www.yucatanencorto.com\/noticias\/wp-content\/uploads\/2024\/09\/WhatsApp-Image-2024-09-13-at-12.22.50-PM-1-1068x712.jpeg 1068w\" sizes=\"auto, (max-width: 768px) 100vw, 768px\" \/> <img loading=\"lazy\" decoding=\"async\" class=\"alignnone size-medium wp-image-112113\" src=\"https:\/\/www.yucatanencorto.com\/noticias\/wp-content\/uploads\/2024\/09\/WhatsApp-Image-2024-09-13-at-12.22.50-PM-scaled.jpeg\" alt=\"\" width=\"768\" height=\"512\" srcset=\"https:\/\/www.yucatanencorto.com\/noticias\/wp-content\/uploads\/2024\/09\/WhatsApp-Image-2024-09-13-at-12.22.50-PM-scaled.jpeg 768w, https:\/\/www.yucatanencorto.com\/noticias\/wp-content\/uploads\/2024\/09\/WhatsApp-Image-2024-09-13-at-12.22.50-PM-150x100.jpeg 150w, https:\/\/www.yucatanencorto.com\/noticias\/wp-content\/uploads\/2024\/09\/WhatsApp-Image-2024-09-13-at-12.22.50-PM-300x200.jpeg 300w, https:\/\/www.yucatanencorto.com\/noticias\/wp-content\/uploads\/2024\/09\/WhatsApp-Image-2024-09-13-at-12.22.50-PM-696x464.jpeg 696w, https:\/\/www.yucatanencorto.com\/noticias\/wp-content\/uploads\/2024\/09\/WhatsApp-Image-2024-09-13-at-12.22.50-PM-1068x712.jpeg 1068w\" sizes=\"auto, (max-width: 768px) 100vw, 768px\" \/><\/p>\n<p>M\u00e9rida, Yucat\u00e1n, 13 de septiembre de 2024.- Con un llamado a preservar los valores de libertad y soberan\u00eda, Yucat\u00e1n conmemor\u00f3 el 177 aniversario de la gesta heroica de los Ni\u00f1os H\u00e9roes de Chapultepec, encabezada por Mar\u00eda Fritz Sierra, encargada del Despacho del Gobernador en funciones del titular del Poder Ejecutivo. Durante la ceremonia, se record\u00f3 la valent\u00eda de los cadetes que combatieron al ej\u00e9rcito estadounidense en 1847, destacando la importancia de su legado en la historia de M\u00e9xico.<\/p>\n<p>El evento, realizado en el Parque La Mejorada de M\u00e9rida, cont\u00f3 con la participaci\u00f3n de oficiales del Ej\u00e9rcito Mexicano, la Armada de M\u00e9xico y la Guardia Nacional, as\u00ed como estudiantes de la secundaria \u00abRep\u00fablica de M\u00e9xico\u00bb. En su discurso, Fritz Sierra hizo un llamado a trabajar en unidad para lograr un mejor pa\u00eds, inspirados por el ejemplo de los Ni\u00f1os H\u00e9roes, quienes entregaron su vida por la patria.<\/p>\n<p>Por su parte, el comandante de la 32 Zona Militar, Jorge Enrique Mart\u00ednez Medina, resalt\u00f3 el compromiso de las Fuerzas Armadas de proteger la soberan\u00eda nacional. \u00abLa sociedad demanda l\u00edderes comprometidos, y nosotros actuaremos con apego a la legalidad para garantizar la seguridad y bienestar de los yucatecos\u00bb, expres\u00f3 Mart\u00ednez Medina antes de pasar lista de los h\u00e9roes ca\u00eddos, cuya memoria fue honrada con la frase \u00ab\u00a1Muri\u00f3 por la Patria!\u00bb, pronunciada al un\u00edsono por militares y civiles presentes.<\/p>\n<p>En el emotivo acto, un pelot\u00f3n de fusileros dispar\u00f3 una salva en honor a los h\u00e9roes, seguido por el \u00abToque del Silencio\u00bb y la entonaci\u00f3n del Himno Nacional. Asimismo, se rindi\u00f3 homenaje al teniente Coronel de Ingenier\u00eda Juan Cris\u00f3stomo Cano y Cano, con una ofrenda floral y guardia de honor en el parque de la colonia Alem\u00e1n, lugar que lleva su nombre.<\/p>\n<p>Durante la ceremonia, tambi\u00e9n se reconoci\u00f3 a Magnolia Alejandra Castro Rodr\u00edguez, estudiante de la secundaria \u00abRep\u00fablica de M\u00e9xico\u00bb, por su destacada declamaci\u00f3n en honor a los Ni\u00f1os H\u00e9roes.<\/p>\n<p>Entre los asistentes al evento estuvieron autoridades estatales y militares, incluyendo la presidenta del Tribunal Superior de Justicia, Carolina Silvestre Canto Vald\u00e9s; el fiscal del Estado, Juan Manuel Le\u00f3n; el secretario de Seguridad P\u00fablica, Luis Felipe Said\u00e9n Ojeda; y altos mandos de la Base A\u00e9rea Militar, la XIII Zona Naval y la Guardia Nacional en Yucat\u00e1n.<\/p>\n<p>Con estos actos, Yucat\u00e1n reafirma su compromiso de recordar a quienes lucharon por la patria, manteniendo vivos los valores de libertad y soberan\u00eda en el coraz\u00f3n de todos los mexicanos.<\/p>\n","protected":false},"excerpt":{"rendered":"<p>La encargada del Despacho del Gobernador, Mar\u00eda Fritz Sierra, en funciones del titular del Poder Ejecutivo, encabez\u00f3 la ceremonia conmemorativa al 177 aniversario de la gesta de los Ni\u00f1os H\u00e9roes de Chapultepec.<\/p>\n","protected":false},"author":2,"featured_media":112113,"comment_status":"closed","ping_status":"closed","sticky":false,"template":"","format":"standard","meta":{"footnotes":""},"categories":[1],"tags":[],"class_list":{"0":"post-112108","1":"post","2":"type-post","3":"status-publish","4":"format-standard","5":"has-post-thumbnail","7":"category-sin-categoria"},"yoast_head":"<!-- This site is optimized with the Yoast SEO plugin v27.5 - https:\/\/yoast.com\/product\/yoast-seo-wordpress\/ -->\n<title>Honran en Yucat\u00e1n el legado de los Ni\u00f1os H\u00e9roes - Yucat\u00e1n en corto<\/title>\n<meta name=\"robots\" content=\"index, follow, max-snippet:-1, max-image-preview:large, max-video-preview:-1\" \/>\n<link rel=\"canonical\" href=\"https:\/\/www.yucatanencorto.com\/noticias\/honran-en-yucatan-el-legado-de-los-ninos-heroes\/\" \/>\n<meta property=\"og:locale\" content=\"es_ES\" \/>\n<meta property=\"og:type\" content=\"article\" \/>\n<meta property=\"og:title\" content=\"Honran en Yucat\u00e1n el legado de los Ni\u00f1os H\u00e9roes - Yucat\u00e1n en corto\" \/>\n<meta property=\"og:description\" content=\"La encargada del Despacho del Gobernador, Mar\u00eda Fritz Sierra, en funciones del titular del Poder Ejecutivo, encabez\u00f3 la ceremonia conmemorativa al 177 aniversario de la gesta de los Ni\u00f1os H\u00e9roes de Chapultepec.\" \/>\n<meta property=\"og:url\" content=\"https:\/\/www.yucatanencorto.com\/noticias\/honran-en-yucatan-el-legado-de-los-ninos-heroes\/\" \/>\n<meta property=\"og:site_name\" content=\"Yucat\u00e1n en corto\" \/>\n<meta property=\"article:publisher\" content=\"http:\/\/www.facebook.com\/yucatanencorto\" \/>\n<meta property=\"article:published_time\" content=\"2024-09-13T19:16:20+00:00\" \/>\n<meta property=\"og:image\" content=\"https:\/\/www.yucatanencorto.com\/noticias\/wp-content\/uploads\/2024\/09\/WhatsApp-Image-2024-09-13-at-12.22.50-PM-scaled.jpeg\" \/>\n\t<meta property=\"og:image:width\" content=\"768\" \/>\n\t<meta property=\"og:image:height\" content=\"512\" \/>\n\t<meta property=\"og:image:type\" content=\"image\/jpeg\" \/>\n<meta name=\"author\" content=\"Yucat\u00e1n en Corto FC\" \/>\n<meta name=\"twitter:card\" content=\"summary_large_image\" \/>\n<meta name=\"twitter:creator\" content=\"@yucatanencorto\" \/>\n<meta name=\"twitter:site\" content=\"@yucatanencorto\" \/>\n<meta name=\"twitter:label1\" content=\"Escrito por\" \/>\n\t<meta name=\"twitter:data1\" content=\"Yucat\u00e1n en Corto FC\" \/>\n\t<meta name=\"twitter:label2\" content=\"Tiempo de lectura\" \/>\n\t<meta name=\"twitter:data2\" content=\"3 minutos\" \/>\n<script type=\"application\/ld+json\" class=\"yoast-schema-graph\">{\"@context\":\"https:\\\/\\\/schema.org\",\"@graph\":[{\"@type\":\"Article\",\"@id\":\"https:\\\/\\\/www.yucatanencorto.com\\\/noticias\\\/honran-en-yucatan-el-legado-de-los-ninos-heroes\\\/#article\",\"isPartOf\":{\"@id\":\"https:\\\/\\\/www.yucatanencorto.com\\\/noticias\\\/honran-en-yucatan-el-legado-de-los-ninos-heroes\\\/\"},\"author\":{\"name\":\"Yucat\u00e1n en Corto FC\",\"@id\":\"https:\\\/\\\/www.yucatanencorto.com\\\/noticias\\\/#\\\/schema\\\/person\\\/14f82d355225a1f4075dd84a31f45a72\"},\"headline\":\"Honran en Yucat\u00e1n el legado de los Ni\u00f1os H\u00e9roes\",\"datePublished\":\"2024-09-13T19:16:20+00:00\",\"mainEntityOfPage\":{\"@id\":\"https:\\\/\\\/www.yucatanencorto.com\\\/noticias\\\/honran-en-yucatan-el-legado-de-los-ninos-heroes\\\/\"},\"wordCount\":456,\"image\":{\"@id\":\"https:\\\/\\\/www.yucatanencorto.com\\\/noticias\\\/honran-en-yucatan-el-legado-de-los-ninos-heroes\\\/#primaryimage\"},\"thumbnailUrl\":\"https:\\\/\\\/www.yucatanencorto.com\\\/noticias\\\/wp-content\\\/uploads\\\/2024\\\/09\\\/WhatsApp-Image-2024-09-13-at-12.22.50-PM-scaled.jpeg\",\"inLanguage\":\"es\"},{\"@type\":\"WebPage\",\"@id\":\"https:\\\/\\\/www.yucatanencorto.com\\\/noticias\\\/honran-en-yucatan-el-legado-de-los-ninos-heroes\\\/\",\"url\":\"https:\\\/\\\/www.yucatanencorto.com\\\/noticias\\\/honran-en-yucatan-el-legado-de-los-ninos-heroes\\\/\",\"name\":\"Honran en Yucat\u00e1n el legado de los Ni\u00f1os H\u00e9roes - Yucat\u00e1n en corto\",\"isPartOf\":{\"@id\":\"https:\\\/\\\/www.yucatanencorto.com\\\/noticias\\\/#website\"},\"primaryImageOfPage\":{\"@id\":\"https:\\\/\\\/www.yucatanencorto.com\\\/noticias\\\/honran-en-yucatan-el-legado-de-los-ninos-heroes\\\/#primaryimage\"},\"image\":{\"@id\":\"https:\\\/\\\/www.yucatanencorto.com\\\/noticias\\\/honran-en-yucatan-el-legado-de-los-ninos-heroes\\\/#primaryimage\"},\"thumbnailUrl\":\"https:\\\/\\\/www.yucatanencorto.com\\\/noticias\\\/wp-content\\\/uploads\\\/2024\\\/09\\\/WhatsApp-Image-2024-09-13-at-12.22.50-PM-scaled.jpeg\",\"datePublished\":\"2024-09-13T19:16:20+00:00\",\"author\":{\"@id\":\"https:\\\/\\\/www.yucatanencorto.com\\\/noticias\\\/#\\\/schema\\\/person\\\/14f82d355225a1f4075dd84a31f45a72\"},\"breadcrumb\":{\"@id\":\"https:\\\/\\\/www.yucatanencorto.com\\\/noticias\\\/honran-en-yucatan-el-legado-de-los-ninos-heroes\\\/#breadcrumb\"},\"inLanguage\":\"es\",\"potentialAction\":[{\"@type\":\"ReadAction\",\"target\":[\"https:\\\/\\\/www.yucatanencorto.com\\\/noticias\\\/honran-en-yucatan-el-legado-de-los-ninos-heroes\\\/\"]}]},{\"@type\":\"ImageObject\",\"inLanguage\":\"es\",\"@id\":\"https:\\\/\\\/www.yucatanencorto.com\\\/noticias\\\/honran-en-yucatan-el-legado-de-los-ninos-heroes\\\/#primaryimage\",\"url\":\"https:\\\/\\\/www.yucatanencorto.com\\\/noticias\\\/wp-content\\\/uploads\\\/2024\\\/09\\\/WhatsApp-Image-2024-09-13-at-12.22.50-PM-scaled.jpeg\",\"contentUrl\":\"https:\\\/\\\/www.yucatanencorto.com\\\/noticias\\\/wp-content\\\/uploads\\\/2024\\\/09\\\/WhatsApp-Image-2024-09-13-at-12.22.50-PM-scaled.jpeg\",\"width\":768,\"height\":512},{\"@type\":\"BreadcrumbList\",\"@id\":\"https:\\\/\\\/www.yucatanencorto.com\\\/noticias\\\/honran-en-yucatan-el-legado-de-los-ninos-heroes\\\/#breadcrumb\",\"itemListElement\":[{\"@type\":\"ListItem\",\"position\":1,\"name\":\"Portada\",\"item\":\"https:\\\/\\\/www.yucatanencorto.com\\\/noticias\\\/\"},{\"@type\":\"ListItem\",\"position\":2,\"name\":\"Honran en Yucat\u00e1n el legado de los Ni\u00f1os H\u00e9roes\"}]},{\"@type\":\"WebSite\",\"@id\":\"https:\\\/\\\/www.yucatanencorto.com\\\/noticias\\\/#website\",\"url\":\"https:\\\/\\\/www.yucatanencorto.com\\\/noticias\\\/\",\"name\":\"Yucat\u00e1n en corto\",\"description\":\"Noticias\",\"potentialAction\":[{\"@type\":\"SearchAction\",\"target\":{\"@type\":\"EntryPoint\",\"urlTemplate\":\"https:\\\/\\\/www.yucatanencorto.com\\\/noticias\\\/?s={search_term_string}\"},\"query-input\":{\"@type\":\"PropertyValueSpecification\",\"valueRequired\":true,\"valueName\":\"search_term_string\"}}],\"inLanguage\":\"es\"},{\"@type\":\"Person\",\"@id\":\"https:\\\/\\\/www.yucatanencorto.com\\\/noticias\\\/#\\\/schema\\\/person\\\/14f82d355225a1f4075dd84a31f45a72\",\"name\":\"Yucat\u00e1n en Corto FC\",\"image\":{\"@type\":\"ImageObject\",\"inLanguage\":\"es\",\"@id\":\"https:\\\/\\\/secure.gravatar.com\\\/avatar\\\/147d4b30cd728c53c29c49a3f7834dedca33707f4cd259761355846009a88250?s=96&d=mm&r=g\",\"url\":\"https:\\\/\\\/secure.gravatar.com\\\/avatar\\\/147d4b30cd728c53c29c49a3f7834dedca33707f4cd259761355846009a88250?s=96&d=mm&r=g\",\"contentUrl\":\"https:\\\/\\\/secure.gravatar.com\\\/avatar\\\/147d4b30cd728c53c29c49a3f7834dedca33707f4cd259761355846009a88250?s=96&d=mm&r=g\",\"caption\":\"Yucat\u00e1n en Corto FC\"},\"url\":\"https:\\\/\\\/www.yucatanencorto.com\\\/noticias\\\/author\\\/flor\\\/\"}]}<\/script>\n<!-- \/ Yoast SEO plugin. -->","yoast_head_json":{"title":"Honran en Yucat\u00e1n el legado de los Ni\u00f1os H\u00e9roes - Yucat\u00e1n en corto","robots":{"index":"index","follow":"follow","max-snippet":"max-snippet:-1","max-image-preview":"max-image-preview:large","max-video-preview":"max-video-preview:-1"},"canonical":"https:\/\/www.yucatanencorto.com\/noticias\/honran-en-yucatan-el-legado-de-los-ninos-heroes\/","og_locale":"es_ES","og_type":"article","og_title":"Honran en Yucat\u00e1n el legado de los Ni\u00f1os H\u00e9roes - Yucat\u00e1n en corto","og_description":"La encargada del Despacho del Gobernador, Mar\u00eda Fritz Sierra, en funciones del titular del Poder Ejecutivo, encabez\u00f3 la ceremonia conmemorativa al 177 aniversario de la gesta de los Ni\u00f1os H\u00e9roes de Chapultepec.","og_url":"https:\/\/www.yucatanencorto.com\/noticias\/honran-en-yucatan-el-legado-de-los-ninos-heroes\/","og_site_name":"Yucat\u00e1n en corto","article_publisher":"http:\/\/www.facebook.com\/yucatanencorto","article_published_time":"2024-09-13T19:16:20+00:00","og_image":[{"width":768,"height":512,"url":"https:\/\/www.yucatanencorto.com\/noticias\/wp-content\/uploads\/2024\/09\/WhatsApp-Image-2024-09-13-at-12.22.50-PM-scaled.jpeg","type":"image\/jpeg"}],"author":"Yucat\u00e1n en Corto FC","twitter_card":"summary_large_image","twitter_creator":"@yucatanencorto","twitter_site":"@yucatanencorto","twitter_misc":{"Escrito por":"Yucat\u00e1n en Corto FC","Tiempo de lectura":"3 minutos"},"schema":{"@context":"https:\/\/schema.org","@graph":[{"@type":"Article","@id":"https:\/\/www.yucatanencorto.com\/noticias\/honran-en-yucatan-el-legado-de-los-ninos-heroes\/#article","isPartOf":{"@id":"https:\/\/www.yucatanencorto.com\/noticias\/honran-en-yucatan-el-legado-de-los-ninos-heroes\/"},"author":{"name":"Yucat\u00e1n en Corto FC","@id":"https:\/\/www.yucatanencorto.com\/noticias\/#\/schema\/person\/14f82d355225a1f4075dd84a31f45a72"},"headline":"Honran en Yucat\u00e1n el legado de los Ni\u00f1os H\u00e9roes","datePublished":"2024-09-13T19:16:20+00:00","mainEntityOfPage":{"@id":"https:\/\/www.yucatanencorto.com\/noticias\/honran-en-yucatan-el-legado-de-los-ninos-heroes\/"},"wordCount":456,"image":{"@id":"https:\/\/www.yucatanencorto.com\/noticias\/honran-en-yucatan-el-legado-de-los-ninos-heroes\/#primaryimage"},"thumbnailUrl":"https:\/\/www.yucatanencorto.com\/noticias\/wp-content\/uploads\/2024\/09\/WhatsApp-Image-2024-09-13-at-12.22.50-PM-scaled.jpeg","inLanguage":"es"},{"@type":"WebPage","@id":"https:\/\/www.yucatanencorto.com\/noticias\/honran-en-yucatan-el-legado-de-los-ninos-heroes\/","url":"https:\/\/www.yucatanencorto.com\/noticias\/honran-en-yucatan-el-legado-de-los-ninos-heroes\/","name":"Honran en Yucat\u00e1n el legado de los Ni\u00f1os H\u00e9roes - Yucat\u00e1n en corto","isPartOf":{"@id":"https:\/\/www.yucatanencorto.com\/noticias\/#website"},"primaryImageOfPage":{"@id":"https:\/\/www.yucatanencorto.com\/noticias\/honran-en-yucatan-el-legado-de-los-ninos-heroes\/#primaryimage"},"image":{"@id":"https:\/\/www.yucatanencorto.com\/noticias\/honran-en-yucatan-el-legado-de-los-ninos-heroes\/#primaryimage"},"thumbnailUrl":"https:\/\/www.yucatanencorto.com\/noticias\/wp-content\/uploads\/2024\/09\/WhatsApp-Image-2024-09-13-at-12.22.50-PM-scaled.jpeg","datePublished":"2024-09-13T19:16:20+00:00","author":{"@id":"https:\/\/www.yucatanencorto.com\/noticias\/#\/schema\/person\/14f82d355225a1f4075dd84a31f45a72"},"breadcrumb":{"@id":"https:\/\/www.yucatanencorto.com\/noticias\/honran-en-yucatan-el-legado-de-los-ninos-heroes\/#breadcrumb"},"inLanguage":"es","potentialAction":[{"@type":"ReadAction","target":["https:\/\/www.yucatanencorto.com\/noticias\/honran-en-yucatan-el-legado-de-los-ninos-heroes\/"]}]},{"@type":"ImageObject","inLanguage":"es","@id":"https:\/\/www.yucatanencorto.com\/noticias\/honran-en-yucatan-el-legado-de-los-ninos-heroes\/#primaryimage","url":"https:\/\/www.yucatanencorto.com\/noticias\/wp-content\/uploads\/2024\/09\/WhatsApp-Image-2024-09-13-at-12.22.50-PM-scaled.jpeg","contentUrl":"https:\/\/www.yucatanencorto.com\/noticias\/wp-content\/uploads\/2024\/09\/WhatsApp-Image-2024-09-13-at-12.22.50-PM-scaled.jpeg","width":768,"height":512},{"@type":"BreadcrumbList","@id":"https:\/\/www.yucatanencorto.com\/noticias\/honran-en-yucatan-el-legado-de-los-ninos-heroes\/#breadcrumb","itemListElement":[{"@type":"ListItem","position":1,"name":"Portada","item":"https:\/\/www.yucatanencorto.com\/noticias\/"},{"@type":"ListItem","position":2,"name":"Honran en Yucat\u00e1n el legado de los Ni\u00f1os H\u00e9roes"}]},{"@type":"WebSite","@id":"https:\/\/www.yucatanencorto.com\/noticias\/#website","url":"https:\/\/www.yucatanencorto.com\/noticias\/","name":"Yucat\u00e1n en corto","description":"Noticias","potentialAction":[{"@type":"SearchAction","target":{"@type":"EntryPoint","urlTemplate":"https:\/\/www.yucatanencorto.com\/noticias\/?s={search_term_string}"},"query-input":{"@type":"PropertyValueSpecification","valueRequired":true,"valueName":"search_term_string"}}],"inLanguage":"es"},{"@type":"Person","@id":"https:\/\/www.yucatanencorto.com\/noticias\/#\/schema\/person\/14f82d355225a1f4075dd84a31f45a72","name":"Yucat\u00e1n en Corto FC","image":{"@type":"ImageObject","inLanguage":"es","@id":"https:\/\/secure.gravatar.com\/avatar\/147d4b30cd728c53c29c49a3f7834dedca33707f4cd259761355846009a88250?s=96&d=mm&r=g","url":"https:\/\/secure.gravatar.com\/avatar\/147d4b30cd728c53c29c49a3f7834dedca33707f4cd259761355846009a88250?s=96&d=mm&r=g","contentUrl":"https:\/\/secure.gravatar.com\/avatar\/147d4b30cd728c53c29c49a3f7834dedca33707f4cd259761355846009a88250?s=96&d=mm&r=g","caption":"Yucat\u00e1n en Corto FC"},"url":"https:\/\/www.yucatanencorto.com\/noticias\/author\/flor\/"}]}},"_links":{"self":[{"href":"https:\/\/www.yucatanencorto.com\/noticias\/wp-json\/wp\/v2\/posts\/112108","targetHints":{"allow":["GET"]}}],"collection":[{"href":"https:\/\/www.yucatanencorto.com\/noticias\/wp-json\/wp\/v2\/posts"}],"about":[{"href":"https:\/\/www.yucatanencorto.com\/noticias\/wp-json\/wp\/v2\/types\/post"}],"author":[{"embeddable":true,"href":"https:\/\/www.yucatanencorto.com\/noticias\/wp-json\/wp\/v2\/users\/2"}],"replies":[{"embeddable":true,"href":"https:\/\/www.yucatanencorto.com\/noticias\/wp-json\/wp\/v2\/comments?post=112108"}],"version-history":[{"count":0,"href":"https:\/\/www.yucatanencorto.com\/noticias\/wp-json\/wp\/v2\/posts\/112108\/revisions"}],"wp:featuredmedia":[{"embeddable":true,"href":"https:\/\/www.yucatanencorto.com\/noticias\/wp-json\/wp\/v2\/media\/112113"}],"wp:attachment":[{"href":"https:\/\/www.yucatanencorto.com\/noticias\/wp-json\/wp\/v2\/media?parent=112108"}],"wp:term":[{"taxonomy":"category","embeddable":true,"href":"https:\/\/www.yucatanencorto.com\/noticias\/wp-json\/wp\/v2\/categories?post=112108"},{"taxonomy":"post_tag","embeddable":true,"href":"https:\/\/www.yucatanencorto.com\/noticias\/wp-json\/wp\/v2\/tags?post=112108"}],"curies":[{"name":"wp","href":"https:\/\/api.w.org\/{rel}","templated":true}]}}