{"id":112121,"date":"2024-09-13T18:23:14","date_gmt":"2024-09-14T00:23:14","guid":{"rendered":"https:\/\/www.yucatanencorto.com\/noticias\/?p=112121"},"modified":"2024-09-13T18:23:14","modified_gmt":"2024-09-14T00:23:14","slug":"implementaran-operativo-de-seguridad-para-las-fiestas-patrias-en-el-centro-historico-de-merida","status":"publish","type":"post","link":"https:\/\/www.yucatanencorto.com\/noticias\/implementaran-operativo-de-seguridad-para-las-fiestas-patrias-en-el-centro-historico-de-merida\/","title":{"rendered":"Implementar\u00e1n operativo de seguridad para las fiestas patrias en el Centro Hist\u00f3rico de M\u00e9rida"},"content":{"rendered":"<p><img loading=\"lazy\" decoding=\"async\" class=\"alignnone size-full wp-image-112122\" src=\"https:\/\/www.yucatanencorto.com\/noticias\/wp-content\/uploads\/2024\/09\/WhatsApp-Image-2024-09-13-at-5.01.38-PM-scaled.jpeg\" alt=\"\" width=\"478\" height=\"768\" srcset=\"https:\/\/www.yucatanencorto.com\/noticias\/wp-content\/uploads\/2024\/09\/WhatsApp-Image-2024-09-13-at-5.01.38-PM-scaled.jpeg 478w, https:\/\/www.yucatanencorto.com\/noticias\/wp-content\/uploads\/2024\/09\/WhatsApp-Image-2024-09-13-at-5.01.38-PM-768x1235.jpeg 768w, https:\/\/www.yucatanencorto.com\/noticias\/wp-content\/uploads\/2024\/09\/WhatsApp-Image-2024-09-13-at-5.01.38-PM-150x241.jpeg 150w, https:\/\/www.yucatanencorto.com\/noticias\/wp-content\/uploads\/2024\/09\/WhatsApp-Image-2024-09-13-at-5.01.38-PM-300x482.jpeg 300w, https:\/\/www.yucatanencorto.com\/noticias\/wp-content\/uploads\/2024\/09\/WhatsApp-Image-2024-09-13-at-5.01.38-PM-696x1119.jpeg 696w\" sizes=\"auto, (max-width: 478px) 100vw, 478px\" \/><\/p>\n<div class=\"flex max-w-full flex-col flex-grow\">\n<div class=\"min-h-[20px] text-message flex w-full flex-col items-end gap-2 whitespace-normal break-words [.text-message+&amp;]:mt-5\" dir=\"auto\" data-message-author-role=\"assistant\" data-message-id=\"9dddedc1-b762-489f-a58e-1a8bdb241153\">\n<div class=\"flex w-full flex-col gap-1 empty:hidden first:pt-[3px]\">\n<div class=\"markdown prose w-full break-words dark:prose-invert light\">\n<p><strong>M\u00e9rida, Yucat\u00e1n, a 13 de septiembre de 2024<\/strong><br \/>\nEl Gobierno del Estado, en coordinaci\u00f3n con las Fuerzas Armadas y la Polic\u00eda Municipal de M\u00e9rida, implementar\u00e1 un operativo de seguridad y vialidad este fin de semana en el Centro Hist\u00f3rico de la ciudad para garantizar la seguridad de quienes asistan a los eventos patrios. El operativo cubrir\u00e1 tanto la celebraci\u00f3n de la <strong>Noche del Grito<\/strong> el domingo 15 de septiembre, como el <strong>Desfile C\u00edvico<\/strong> del lunes 16, en conmemoraci\u00f3n del 214 aniversario del inicio de la Independencia de M\u00e9xico.<\/p>\n<p>La <strong>Secretar\u00eda de Seguridad P\u00fablica (SSP)<\/strong> inform\u00f3 que el operativo comenzar\u00e1 ma\u00f1ana, s\u00e1bado 14 de septiembre, a partir de las <strong>9:00 horas<\/strong>, cuando se suspender\u00e1 la circulaci\u00f3n vehicular en las calles 60 entre 63 y 59, y la 61 entre 58 y 62. El flujo peatonal en esas \u00e1reas se mantendr\u00e1 sobre las banquetas.<\/p>\n<p>El domingo 15, desde las <strong>14:00 horas<\/strong>, se restringir\u00e1 el tr\u00e1nsito en varias calles clave del centro, incluyendo las intersecciones de las calles 62 con 59, 60 con 59, 63 con 58, entre otras. Adem\u00e1s, a partir de las <strong>18:00 horas<\/strong> se suspender\u00e1 tambi\u00e9n el acceso peatonal en estas arterias. A las <strong>19:00 horas<\/strong>, se permitir\u00e1 el ingreso del p\u00fablico hacia la Plaza Grande y el Palacio de Gobierno, donde se llevar\u00e1 a cabo el tradicional <strong>Grito de Independencia<\/strong>.<\/p>\n<p>La SSP recomend\u00f3 a los asistentes no llevar objetos punzocortantes, mochilas grandes, cinturones con hebillas, envases de vidrio o bebidas alcoh\u00f3licas. Habr\u00e1 filtros de seguridad en todos los accesos a la Plaza Grande para asegurar la protecci\u00f3n de los asistentes.<\/p>\n<p>Las actividades del domingo comenzar\u00e1n a las <strong>21:00 horas<\/strong> con la presentaci\u00f3n de animadores, y a las <strong>22:45 horas<\/strong> la <strong>encargada del Despacho del Gobernador, Mar\u00eda Fritz Sierra<\/strong>, encabezar\u00e1 el Grito de Independencia. Posteriormente, el grupo musical <strong>Calibre 50<\/strong> amenizar\u00e1 la noche con su m\u00fasica norte\u00f1a-banda.<\/p>\n<p>El lunes 16, el operativo continuar\u00e1 con la suspensi\u00f3n de la circulaci\u00f3n vehicular desde las <strong>6:00 horas<\/strong> a lo largo del recorrido del <strong>Desfile C\u00edvico<\/strong>, que comenzar\u00e1 en el Paseo de Montejo y finalizar\u00e1 en el parque de San Juan. El desfile iniciar\u00e1 a las <strong>8:00 horas<\/strong> y ser\u00e1 presidido por Fritz Sierra, acompa\u00f1ada de autoridades civiles y militares, quienes minutos antes izar\u00e1n la bandera en la Plaza Grande.<\/p>\n<\/div>\n<\/div>\n<\/div>\n<\/div>\n","protected":false},"excerpt":{"rendered":"<p>Gobierno del Estado en coordinaci\u00f3n con las Fuerzas Armadas y la Polic\u00eda Municipal de M\u00e9rida aplicar\u00e1n el dispositivo para garantizar la seguridad de quienes asistan a la Noche del Grito y al Desfile C\u00edvico.<\/p>\n","protected":false},"author":2,"featured_media":112122,"comment_status":"closed","ping_status":"closed","sticky":false,"template":"","format":"standard","meta":{"footnotes":""},"categories":[2,3],"tags":[],"class_list":{"0":"post-112121","1":"post","2":"type-post","3":"status-publish","4":"format-standard","5":"has-post-thumbnail","7":"category-merida","8":"category-yucatan"},"yoast_head":"<!-- This site is optimized with the Yoast SEO plugin v27.5 - https:\/\/yoast.com\/product\/yoast-seo-wordpress\/ -->\n<title>Implementar\u00e1n operativo de seguridad para las fiestas patrias en el Centro Hist\u00f3rico de M\u00e9rida - Yucat\u00e1n en corto<\/title>\n<meta name=\"robots\" content=\"index, follow, max-snippet:-1, max-image-preview:large, max-video-preview:-1\" \/>\n<link rel=\"canonical\" href=\"https:\/\/www.yucatanencorto.com\/noticias\/implementaran-operativo-de-seguridad-para-las-fiestas-patrias-en-el-centro-historico-de-merida\/\" \/>\n<meta property=\"og:locale\" content=\"es_ES\" \/>\n<meta property=\"og:type\" content=\"article\" \/>\n<meta property=\"og:title\" content=\"Implementar\u00e1n operativo de seguridad para las fiestas patrias en el Centro Hist\u00f3rico de M\u00e9rida - Yucat\u00e1n en corto\" \/>\n<meta property=\"og:description\" content=\"Gobierno del Estado en coordinaci\u00f3n con las Fuerzas Armadas y la Polic\u00eda Municipal de M\u00e9rida aplicar\u00e1n el dispositivo para garantizar la seguridad de quienes asistan a la Noche del Grito y al Desfile C\u00edvico.\" \/>\n<meta property=\"og:url\" content=\"https:\/\/www.yucatanencorto.com\/noticias\/implementaran-operativo-de-seguridad-para-las-fiestas-patrias-en-el-centro-historico-de-merida\/\" \/>\n<meta property=\"og:site_name\" content=\"Yucat\u00e1n en corto\" \/>\n<meta property=\"article:publisher\" content=\"http:\/\/www.facebook.com\/yucatanencorto\" \/>\n<meta property=\"article:published_time\" content=\"2024-09-14T00:23:14+00:00\" \/>\n<meta property=\"og:image\" content=\"https:\/\/www.yucatanencorto.com\/noticias\/wp-content\/uploads\/2024\/09\/WhatsApp-Image-2024-09-13-at-5.01.38-PM-scaled.jpeg\" \/>\n\t<meta property=\"og:image:width\" content=\"478\" \/>\n\t<meta property=\"og:image:height\" content=\"768\" \/>\n\t<meta property=\"og:image:type\" content=\"image\/jpeg\" \/>\n<meta name=\"author\" content=\"Yucat\u00e1n en Corto FC\" \/>\n<meta name=\"twitter:card\" content=\"summary_large_image\" \/>\n<meta name=\"twitter:creator\" content=\"@yucatanencorto\" \/>\n<meta name=\"twitter:site\" content=\"@yucatanencorto\" \/>\n<meta name=\"twitter:label1\" content=\"Escrito por\" \/>\n\t<meta name=\"twitter:data1\" content=\"Yucat\u00e1n en Corto FC\" \/>\n\t<meta name=\"twitter:label2\" content=\"Tiempo de lectura\" \/>\n\t<meta name=\"twitter:data2\" content=\"2 minutos\" \/>\n<script type=\"application\/ld+json\" class=\"yoast-schema-graph\">{\"@context\":\"https:\\\/\\\/schema.org\",\"@graph\":[{\"@type\":\"Article\",\"@id\":\"https:\\\/\\\/www.yucatanencorto.com\\\/noticias\\\/implementaran-operativo-de-seguridad-para-las-fiestas-patrias-en-el-centro-historico-de-merida\\\/#article\",\"isPartOf\":{\"@id\":\"https:\\\/\\\/www.yucatanencorto.com\\\/noticias\\\/implementaran-operativo-de-seguridad-para-las-fiestas-patrias-en-el-centro-historico-de-merida\\\/\"},\"author\":{\"name\":\"Yucat\u00e1n en Corto FC\",\"@id\":\"https:\\\/\\\/www.yucatanencorto.com\\\/noticias\\\/#\\\/schema\\\/person\\\/14f82d355225a1f4075dd84a31f45a72\"},\"headline\":\"Implementar\u00e1n operativo de seguridad para las fiestas patrias en el Centro Hist\u00f3rico de M\u00e9rida\",\"datePublished\":\"2024-09-14T00:23:14+00:00\",\"mainEntityOfPage\":{\"@id\":\"https:\\\/\\\/www.yucatanencorto.com\\\/noticias\\\/implementaran-operativo-de-seguridad-para-las-fiestas-patrias-en-el-centro-historico-de-merida\\\/\"},\"wordCount\":395,\"image\":{\"@id\":\"https:\\\/\\\/www.yucatanencorto.com\\\/noticias\\\/implementaran-operativo-de-seguridad-para-las-fiestas-patrias-en-el-centro-historico-de-merida\\\/#primaryimage\"},\"thumbnailUrl\":\"https:\\\/\\\/www.yucatanencorto.com\\\/noticias\\\/wp-content\\\/uploads\\\/2024\\\/09\\\/WhatsApp-Image-2024-09-13-at-5.01.38-PM-scaled.jpeg\",\"articleSection\":[\"M\u00e9rida\",\"Yucat\u00e1n\"],\"inLanguage\":\"es\"},{\"@type\":\"WebPage\",\"@id\":\"https:\\\/\\\/www.yucatanencorto.com\\\/noticias\\\/implementaran-operativo-de-seguridad-para-las-fiestas-patrias-en-el-centro-historico-de-merida\\\/\",\"url\":\"https:\\\/\\\/www.yucatanencorto.com\\\/noticias\\\/implementaran-operativo-de-seguridad-para-las-fiestas-patrias-en-el-centro-historico-de-merida\\\/\",\"name\":\"Implementar\u00e1n operativo de seguridad para las fiestas patrias en el Centro Hist\u00f3rico de M\u00e9rida - Yucat\u00e1n en corto\",\"isPartOf\":{\"@id\":\"https:\\\/\\\/www.yucatanencorto.com\\\/noticias\\\/#website\"},\"primaryImageOfPage\":{\"@id\":\"https:\\\/\\\/www.yucatanencorto.com\\\/noticias\\\/implementaran-operativo-de-seguridad-para-las-fiestas-patrias-en-el-centro-historico-de-merida\\\/#primaryimage\"},\"image\":{\"@id\":\"https:\\\/\\\/www.yucatanencorto.com\\\/noticias\\\/implementaran-operativo-de-seguridad-para-las-fiestas-patrias-en-el-centro-historico-de-merida\\\/#primaryimage\"},\"thumbnailUrl\":\"https:\\\/\\\/www.yucatanencorto.com\\\/noticias\\\/wp-content\\\/uploads\\\/2024\\\/09\\\/WhatsApp-Image-2024-09-13-at-5.01.38-PM-scaled.jpeg\",\"datePublished\":\"2024-09-14T00:23:14+00:00\",\"author\":{\"@id\":\"https:\\\/\\\/www.yucatanencorto.com\\\/noticias\\\/#\\\/schema\\\/person\\\/14f82d355225a1f4075dd84a31f45a72\"},\"breadcrumb\":{\"@id\":\"https:\\\/\\\/www.yucatanencorto.com\\\/noticias\\\/implementaran-operativo-de-seguridad-para-las-fiestas-patrias-en-el-centro-historico-de-merida\\\/#breadcrumb\"},\"inLanguage\":\"es\",\"potentialAction\":[{\"@type\":\"ReadAction\",\"target\":[\"https:\\\/\\\/www.yucatanencorto.com\\\/noticias\\\/implementaran-operativo-de-seguridad-para-las-fiestas-patrias-en-el-centro-historico-de-merida\\\/\"]}]},{\"@type\":\"ImageObject\",\"inLanguage\":\"es\",\"@id\":\"https:\\\/\\\/www.yucatanencorto.com\\\/noticias\\\/implementaran-operativo-de-seguridad-para-las-fiestas-patrias-en-el-centro-historico-de-merida\\\/#primaryimage\",\"url\":\"https:\\\/\\\/www.yucatanencorto.com\\\/noticias\\\/wp-content\\\/uploads\\\/2024\\\/09\\\/WhatsApp-Image-2024-09-13-at-5.01.38-PM-scaled.jpeg\",\"contentUrl\":\"https:\\\/\\\/www.yucatanencorto.com\\\/noticias\\\/wp-content\\\/uploads\\\/2024\\\/09\\\/WhatsApp-Image-2024-09-13-at-5.01.38-PM-scaled.jpeg\",\"width\":478,\"height\":768},{\"@type\":\"BreadcrumbList\",\"@id\":\"https:\\\/\\\/www.yucatanencorto.com\\\/noticias\\\/implementaran-operativo-de-seguridad-para-las-fiestas-patrias-en-el-centro-historico-de-merida\\\/#breadcrumb\",\"itemListElement\":[{\"@type\":\"ListItem\",\"position\":1,\"name\":\"Portada\",\"item\":\"https:\\\/\\\/www.yucatanencorto.com\\\/noticias\\\/\"},{\"@type\":\"ListItem\",\"position\":2,\"name\":\"Implementar\u00e1n operativo de seguridad para las fiestas patrias en el Centro Hist\u00f3rico de M\u00e9rida\"}]},{\"@type\":\"WebSite\",\"@id\":\"https:\\\/\\\/www.yucatanencorto.com\\\/noticias\\\/#website\",\"url\":\"https:\\\/\\\/www.yucatanencorto.com\\\/noticias\\\/\",\"name\":\"Yucat\u00e1n en corto\",\"description\":\"Noticias\",\"potentialAction\":[{\"@type\":\"SearchAction\",\"target\":{\"@type\":\"EntryPoint\",\"urlTemplate\":\"https:\\\/\\\/www.yucatanencorto.com\\\/noticias\\\/?s={search_term_string}\"},\"query-input\":{\"@type\":\"PropertyValueSpecification\",\"valueRequired\":true,\"valueName\":\"search_term_string\"}}],\"inLanguage\":\"es\"},{\"@type\":\"Person\",\"@id\":\"https:\\\/\\\/www.yucatanencorto.com\\\/noticias\\\/#\\\/schema\\\/person\\\/14f82d355225a1f4075dd84a31f45a72\",\"name\":\"Yucat\u00e1n en Corto FC\",\"image\":{\"@type\":\"ImageObject\",\"inLanguage\":\"es\",\"@id\":\"https:\\\/\\\/secure.gravatar.com\\\/avatar\\\/147d4b30cd728c53c29c49a3f7834dedca33707f4cd259761355846009a88250?s=96&d=mm&r=g\",\"url\":\"https:\\\/\\\/secure.gravatar.com\\\/avatar\\\/147d4b30cd728c53c29c49a3f7834dedca33707f4cd259761355846009a88250?s=96&d=mm&r=g\",\"contentUrl\":\"https:\\\/\\\/secure.gravatar.com\\\/avatar\\\/147d4b30cd728c53c29c49a3f7834dedca33707f4cd259761355846009a88250?s=96&d=mm&r=g\",\"caption\":\"Yucat\u00e1n en Corto FC\"},\"url\":\"https:\\\/\\\/www.yucatanencorto.com\\\/noticias\\\/author\\\/flor\\\/\"}]}<\/script>\n<!-- \/ Yoast SEO plugin. -->","yoast_head_json":{"title":"Implementar\u00e1n operativo de seguridad para las fiestas patrias en el Centro Hist\u00f3rico de M\u00e9rida - Yucat\u00e1n en corto","robots":{"index":"index","follow":"follow","max-snippet":"max-snippet:-1","max-image-preview":"max-image-preview:large","max-video-preview":"max-video-preview:-1"},"canonical":"https:\/\/www.yucatanencorto.com\/noticias\/implementaran-operativo-de-seguridad-para-las-fiestas-patrias-en-el-centro-historico-de-merida\/","og_locale":"es_ES","og_type":"article","og_title":"Implementar\u00e1n operativo de seguridad para las fiestas patrias en el Centro Hist\u00f3rico de M\u00e9rida - Yucat\u00e1n en corto","og_description":"Gobierno del Estado en coordinaci\u00f3n con las Fuerzas Armadas y la Polic\u00eda Municipal de M\u00e9rida aplicar\u00e1n el dispositivo para garantizar la seguridad de quienes asistan a la Noche del Grito y al Desfile C\u00edvico.","og_url":"https:\/\/www.yucatanencorto.com\/noticias\/implementaran-operativo-de-seguridad-para-las-fiestas-patrias-en-el-centro-historico-de-merida\/","og_site_name":"Yucat\u00e1n en corto","article_publisher":"http:\/\/www.facebook.com\/yucatanencorto","article_published_time":"2024-09-14T00:23:14+00:00","og_image":[{"width":478,"height":768,"url":"https:\/\/www.yucatanencorto.com\/noticias\/wp-content\/uploads\/2024\/09\/WhatsApp-Image-2024-09-13-at-5.01.38-PM-scaled.jpeg","type":"image\/jpeg"}],"author":"Yucat\u00e1n en Corto FC","twitter_card":"summary_large_image","twitter_creator":"@yucatanencorto","twitter_site":"@yucatanencorto","twitter_misc":{"Escrito por":"Yucat\u00e1n en Corto FC","Tiempo de lectura":"2 minutos"},"schema":{"@context":"https:\/\/schema.org","@graph":[{"@type":"Article","@id":"https:\/\/www.yucatanencorto.com\/noticias\/implementaran-operativo-de-seguridad-para-las-fiestas-patrias-en-el-centro-historico-de-merida\/#article","isPartOf":{"@id":"https:\/\/www.yucatanencorto.com\/noticias\/implementaran-operativo-de-seguridad-para-las-fiestas-patrias-en-el-centro-historico-de-merida\/"},"author":{"name":"Yucat\u00e1n en Corto FC","@id":"https:\/\/www.yucatanencorto.com\/noticias\/#\/schema\/person\/14f82d355225a1f4075dd84a31f45a72"},"headline":"Implementar\u00e1n operativo de seguridad para las fiestas patrias en el Centro Hist\u00f3rico de M\u00e9rida","datePublished":"2024-09-14T00:23:14+00:00","mainEntityOfPage":{"@id":"https:\/\/www.yucatanencorto.com\/noticias\/implementaran-operativo-de-seguridad-para-las-fiestas-patrias-en-el-centro-historico-de-merida\/"},"wordCount":395,"image":{"@id":"https:\/\/www.yucatanencorto.com\/noticias\/implementaran-operativo-de-seguridad-para-las-fiestas-patrias-en-el-centro-historico-de-merida\/#primaryimage"},"thumbnailUrl":"https:\/\/www.yucatanencorto.com\/noticias\/wp-content\/uploads\/2024\/09\/WhatsApp-Image-2024-09-13-at-5.01.38-PM-scaled.jpeg","articleSection":["M\u00e9rida","Yucat\u00e1n"],"inLanguage":"es"},{"@type":"WebPage","@id":"https:\/\/www.yucatanencorto.com\/noticias\/implementaran-operativo-de-seguridad-para-las-fiestas-patrias-en-el-centro-historico-de-merida\/","url":"https:\/\/www.yucatanencorto.com\/noticias\/implementaran-operativo-de-seguridad-para-las-fiestas-patrias-en-el-centro-historico-de-merida\/","name":"Implementar\u00e1n operativo de seguridad para las fiestas patrias en el Centro Hist\u00f3rico de M\u00e9rida - Yucat\u00e1n en corto","isPartOf":{"@id":"https:\/\/www.yucatanencorto.com\/noticias\/#website"},"primaryImageOfPage":{"@id":"https:\/\/www.yucatanencorto.com\/noticias\/implementaran-operativo-de-seguridad-para-las-fiestas-patrias-en-el-centro-historico-de-merida\/#primaryimage"},"image":{"@id":"https:\/\/www.yucatanencorto.com\/noticias\/implementaran-operativo-de-seguridad-para-las-fiestas-patrias-en-el-centro-historico-de-merida\/#primaryimage"},"thumbnailUrl":"https:\/\/www.yucatanencorto.com\/noticias\/wp-content\/uploads\/2024\/09\/WhatsApp-Image-2024-09-13-at-5.01.38-PM-scaled.jpeg","datePublished":"2024-09-14T00:23:14+00:00","author":{"@id":"https:\/\/www.yucatanencorto.com\/noticias\/#\/schema\/person\/14f82d355225a1f4075dd84a31f45a72"},"breadcrumb":{"@id":"https:\/\/www.yucatanencorto.com\/noticias\/implementaran-operativo-de-seguridad-para-las-fiestas-patrias-en-el-centro-historico-de-merida\/#breadcrumb"},"inLanguage":"es","potentialAction":[{"@type":"ReadAction","target":["https:\/\/www.yucatanencorto.com\/noticias\/implementaran-operativo-de-seguridad-para-las-fiestas-patrias-en-el-centro-historico-de-merida\/"]}]},{"@type":"ImageObject","inLanguage":"es","@id":"https:\/\/www.yucatanencorto.com\/noticias\/implementaran-operativo-de-seguridad-para-las-fiestas-patrias-en-el-centro-historico-de-merida\/#primaryimage","url":"https:\/\/www.yucatanencorto.com\/noticias\/wp-content\/uploads\/2024\/09\/WhatsApp-Image-2024-09-13-at-5.01.38-PM-scaled.jpeg","contentUrl":"https:\/\/www.yucatanencorto.com\/noticias\/wp-content\/uploads\/2024\/09\/WhatsApp-Image-2024-09-13-at-5.01.38-PM-scaled.jpeg","width":478,"height":768},{"@type":"BreadcrumbList","@id":"https:\/\/www.yucatanencorto.com\/noticias\/implementaran-operativo-de-seguridad-para-las-fiestas-patrias-en-el-centro-historico-de-merida\/#breadcrumb","itemListElement":[{"@type":"ListItem","position":1,"name":"Portada","item":"https:\/\/www.yucatanencorto.com\/noticias\/"},{"@type":"ListItem","position":2,"name":"Implementar\u00e1n operativo de seguridad para las fiestas patrias en el Centro Hist\u00f3rico de M\u00e9rida"}]},{"@type":"WebSite","@id":"https:\/\/www.yucatanencorto.com\/noticias\/#website","url":"https:\/\/www.yucatanencorto.com\/noticias\/","name":"Yucat\u00e1n en corto","description":"Noticias","potentialAction":[{"@type":"SearchAction","target":{"@type":"EntryPoint","urlTemplate":"https:\/\/www.yucatanencorto.com\/noticias\/?s={search_term_string}"},"query-input":{"@type":"PropertyValueSpecification","valueRequired":true,"valueName":"search_term_string"}}],"inLanguage":"es"},{"@type":"Person","@id":"https:\/\/www.yucatanencorto.com\/noticias\/#\/schema\/person\/14f82d355225a1f4075dd84a31f45a72","name":"Yucat\u00e1n en Corto FC","image":{"@type":"ImageObject","inLanguage":"es","@id":"https:\/\/secure.gravatar.com\/avatar\/147d4b30cd728c53c29c49a3f7834dedca33707f4cd259761355846009a88250?s=96&d=mm&r=g","url":"https:\/\/secure.gravatar.com\/avatar\/147d4b30cd728c53c29c49a3f7834dedca33707f4cd259761355846009a88250?s=96&d=mm&r=g","contentUrl":"https:\/\/secure.gravatar.com\/avatar\/147d4b30cd728c53c29c49a3f7834dedca33707f4cd259761355846009a88250?s=96&d=mm&r=g","caption":"Yucat\u00e1n en Corto FC"},"url":"https:\/\/www.yucatanencorto.com\/noticias\/author\/flor\/"}]}},"_links":{"self":[{"href":"https:\/\/www.yucatanencorto.com\/noticias\/wp-json\/wp\/v2\/posts\/112121","targetHints":{"allow":["GET"]}}],"collection":[{"href":"https:\/\/www.yucatanencorto.com\/noticias\/wp-json\/wp\/v2\/posts"}],"about":[{"href":"https:\/\/www.yucatanencorto.com\/noticias\/wp-json\/wp\/v2\/types\/post"}],"author":[{"embeddable":true,"href":"https:\/\/www.yucatanencorto.com\/noticias\/wp-json\/wp\/v2\/users\/2"}],"replies":[{"embeddable":true,"href":"https:\/\/www.yucatanencorto.com\/noticias\/wp-json\/wp\/v2\/comments?post=112121"}],"version-history":[{"count":0,"href":"https:\/\/www.yucatanencorto.com\/noticias\/wp-json\/wp\/v2\/posts\/112121\/revisions"}],"wp:featuredmedia":[{"embeddable":true,"href":"https:\/\/www.yucatanencorto.com\/noticias\/wp-json\/wp\/v2\/media\/112122"}],"wp:attachment":[{"href":"https:\/\/www.yucatanencorto.com\/noticias\/wp-json\/wp\/v2\/media?parent=112121"}],"wp:term":[{"taxonomy":"category","embeddable":true,"href":"https:\/\/www.yucatanencorto.com\/noticias\/wp-json\/wp\/v2\/categories?post=112121"},{"taxonomy":"post_tag","embeddable":true,"href":"https:\/\/www.yucatanencorto.com\/noticias\/wp-json\/wp\/v2\/tags?post=112121"}],"curies":[{"name":"wp","href":"https:\/\/api.w.org\/{rel}","templated":true}]}}