{"id":112124,"date":"2024-09-13T18:27:36","date_gmt":"2024-09-14T00:27:36","guid":{"rendered":"https:\/\/www.yucatanencorto.com\/noticias\/?p=112124"},"modified":"2024-09-13T18:27:36","modified_gmt":"2024-09-14T00:27:36","slug":"cecilia-patron-reafirma-un-gobierno-transparente-con-la-presentacion-de-la-declaracion-4-de-4","status":"publish","type":"post","link":"https:\/\/www.yucatanencorto.com\/noticias\/cecilia-patron-reafirma-un-gobierno-transparente-con-la-presentacion-de-la-declaracion-4-de-4\/","title":{"rendered":"Cecilia Patr\u00f3n reafirma un gobierno transparente con la presentaci\u00f3n de la \u00abDeclaraci\u00f3n 4 de 4"},"content":{"rendered":"<p><img loading=\"lazy\" decoding=\"async\" class=\"alignnone size-full wp-image-112125\" src=\"https:\/\/www.yucatanencorto.com\/noticias\/wp-content\/uploads\/2024\/09\/WhatsApp-Image-2024-09-13-at-4.53.05-PM-scaled.jpeg\" alt=\"\" width=\"768\" height=\"512\" srcset=\"https:\/\/www.yucatanencorto.com\/noticias\/wp-content\/uploads\/2024\/09\/WhatsApp-Image-2024-09-13-at-4.53.05-PM-scaled.jpeg 768w, https:\/\/www.yucatanencorto.com\/noticias\/wp-content\/uploads\/2024\/09\/WhatsApp-Image-2024-09-13-at-4.53.05-PM-150x100.jpeg 150w, https:\/\/www.yucatanencorto.com\/noticias\/wp-content\/uploads\/2024\/09\/WhatsApp-Image-2024-09-13-at-4.53.05-PM-300x200.jpeg 300w, https:\/\/www.yucatanencorto.com\/noticias\/wp-content\/uploads\/2024\/09\/WhatsApp-Image-2024-09-13-at-4.53.05-PM-696x464.jpeg 696w, https:\/\/www.yucatanencorto.com\/noticias\/wp-content\/uploads\/2024\/09\/WhatsApp-Image-2024-09-13-at-4.53.05-PM-1068x712.jpeg 1068w\" sizes=\"auto, (max-width: 768px) 100vw, 768px\" \/><\/p>\n<div class=\"flex max-w-full flex-col flex-grow\">\n<div class=\"min-h-[20px] text-message flex w-full flex-col items-end gap-2 whitespace-normal break-words [.text-message+&amp;]:mt-5\" dir=\"auto\" data-message-author-role=\"assistant\" data-message-id=\"d778882e-bb0d-4314-81ba-f1b645d553cc\">\n<div class=\"flex w-full flex-col gap-1 empty:hidden first:pt-[3px]\">\n<div class=\"markdown prose w-full break-words dark:prose-invert light\">\n<p><strong>M\u00e9rida, Yucat\u00e1n, a 13 de septiembre de 2024<\/strong><br \/>\nLa Presidenta Municipal de M\u00e9rida, <strong>Cecilia Patr\u00f3n Laviada<\/strong>, dio un paso decisivo hacia la transparencia y rendici\u00f3n de cuentas al presentar su <strong>\u00abDeclaraci\u00f3n 4 de 4\u00bb<\/strong> ante la Unidad de Contralor\u00eda, acompa\u00f1ada por los titulares de todas las dependencias del Ayuntamiento. Esta acci\u00f3n, pionera en la administraci\u00f3n p\u00fablica municipal, busca garantizar un gobierno transparente, \u00edntegro y honesto para los meridanos.<\/p>\n<p>Patr\u00f3n Laviada subray\u00f3 que el objetivo principal de su administraci\u00f3n es <strong>actuar con honestidad y claridad<\/strong> en el manejo de los recursos p\u00fablicos y en el desempe\u00f1o de los funcionarios. \u00abSeremos claros y abiertos con cada meridano, demostrando transparencia en cada decisi\u00f3n y acci\u00f3n del gobierno municipal\u00bb, afirm\u00f3 la Alcaldesa.<\/p>\n<p>La <strong>\u00abDeclaraci\u00f3n 4 de 4\u00bb<\/strong> incluye cuatro aspectos clave: la <strong>Declaraci\u00f3n de Situaci\u00f3n Patrimonial y de Intereses<\/strong>, la <strong>Declaraci\u00f3n Fiscal<\/strong>, el <strong>Certificado de Deudores Alimentarios Morosos<\/strong> y el <strong>Manifiesto de no haber sido sancionado por violencia de g\u00e9nero o familiar<\/strong>. Esta medida garantiza a los ciudadanos que los servidores p\u00fablicos no solo cumplen con la ley, sino que tambi\u00e9n son responsables y \u00e9ticos en su gesti\u00f3n.<\/p>\n<p>Cecilia Patr\u00f3n destac\u00f3 que su gobierno ser\u00e1 de <strong>puertas abiertas<\/strong>, dispuesto a hacer valer el derecho a la informaci\u00f3n p\u00fablica. \u201cCon la 4 de 4, los ciudadanos sabr\u00e1n qui\u00e9nes son los servidores p\u00fablicos y qu\u00e9 patrimonio poseen, brindando certeza de que no contravienen la ley\u201d, explic\u00f3.<\/p>\n<p>Durante su intervenci\u00f3n, la Presidenta Municipal tambi\u00e9n se reuni\u00f3 con el Comit\u00e9 de Participaci\u00f3n Ciudadana y la Secretar\u00eda T\u00e9cnica del <strong>Sistema Estatal Anticorrupci\u00f3n<\/strong> de Yucat\u00e1n, reafirmando su compromiso con la transparencia. \u201cNo hay duda de que haremos todo lo p\u00fablico m\u00e1s accesible, para que los meridanos sepan que somos un Ayuntamiento honesto y transparente en el uso de los recursos\u201d, asegur\u00f3.<\/p>\n<p>Posteriormente, Cecilia Patr\u00f3n encabez\u00f3 la instalaci\u00f3n del <strong>Consejo Municipal de Protecci\u00f3n Civil de M\u00e9rida 2024-2027<\/strong>, enfatizando la importancia de crear una cultura de prevenci\u00f3n y resiliencia ante fen\u00f3menos meteorol\u00f3gicos catastr\u00f3ficos. \u201cEl cuidado de la gente es prioritario, y juntos trabajaremos para proteger a todas las familias meridanas\u201d, concluy\u00f3.<\/p>\n<\/div>\n<\/div>\n<\/div>\n<\/div>\n","protected":false},"excerpt":{"rendered":"<p>La Presidenta Municipal presenta su \u201cDeclaraci\u00f3n 4 de 4\u201d ante la Unidad de Contralor\u00eda, junto con los titulares de todas las dependencias. <\/p>\n","protected":false},"author":2,"featured_media":112125,"comment_status":"closed","ping_status":"closed","sticky":false,"template":"","format":"standard","meta":{"footnotes":""},"categories":[2,3],"tags":[],"class_list":{"0":"post-112124","1":"post","2":"type-post","3":"status-publish","4":"format-standard","5":"has-post-thumbnail","7":"category-merida","8":"category-yucatan"},"yoast_head":"<!-- This site is optimized with the Yoast SEO plugin v27.5 - https:\/\/yoast.com\/product\/yoast-seo-wordpress\/ -->\n<title>Cecilia Patr\u00f3n reafirma un gobierno transparente con la presentaci\u00f3n de la &quot;Declaraci\u00f3n 4 de 4 - Yucat\u00e1n en corto<\/title>\n<meta name=\"robots\" content=\"index, follow, max-snippet:-1, max-image-preview:large, max-video-preview:-1\" \/>\n<link rel=\"canonical\" href=\"https:\/\/www.yucatanencorto.com\/noticias\/cecilia-patron-reafirma-un-gobierno-transparente-con-la-presentacion-de-la-declaracion-4-de-4\/\" \/>\n<meta property=\"og:locale\" content=\"es_ES\" \/>\n<meta property=\"og:type\" content=\"article\" \/>\n<meta property=\"og:title\" content=\"Cecilia Patr\u00f3n reafirma un gobierno transparente con la presentaci\u00f3n de la &quot;Declaraci\u00f3n 4 de 4 - Yucat\u00e1n en corto\" \/>\n<meta property=\"og:description\" content=\"La Presidenta Municipal presenta su \u201cDeclaraci\u00f3n 4 de 4\u201d ante la Unidad de Contralor\u00eda, junto con los titulares de todas las dependencias.\" \/>\n<meta property=\"og:url\" content=\"https:\/\/www.yucatanencorto.com\/noticias\/cecilia-patron-reafirma-un-gobierno-transparente-con-la-presentacion-de-la-declaracion-4-de-4\/\" \/>\n<meta property=\"og:site_name\" content=\"Yucat\u00e1n en corto\" \/>\n<meta property=\"article:publisher\" content=\"http:\/\/www.facebook.com\/yucatanencorto\" \/>\n<meta property=\"article:published_time\" content=\"2024-09-14T00:27:36+00:00\" \/>\n<meta property=\"og:image\" content=\"https:\/\/www.yucatanencorto.com\/noticias\/wp-content\/uploads\/2024\/09\/WhatsApp-Image-2024-09-13-at-4.53.05-PM-scaled.jpeg\" \/>\n\t<meta property=\"og:image:width\" content=\"768\" \/>\n\t<meta property=\"og:image:height\" content=\"512\" \/>\n\t<meta property=\"og:image:type\" content=\"image\/jpeg\" \/>\n<meta name=\"author\" content=\"Yucat\u00e1n en Corto FC\" \/>\n<meta name=\"twitter:card\" content=\"summary_large_image\" \/>\n<meta name=\"twitter:creator\" content=\"@yucatanencorto\" \/>\n<meta name=\"twitter:site\" content=\"@yucatanencorto\" \/>\n<meta name=\"twitter:label1\" content=\"Escrito por\" \/>\n\t<meta name=\"twitter:data1\" content=\"Yucat\u00e1n en Corto FC\" \/>\n\t<meta name=\"twitter:label2\" content=\"Tiempo de lectura\" \/>\n\t<meta name=\"twitter:data2\" content=\"2 minutos\" \/>\n<script type=\"application\/ld+json\" class=\"yoast-schema-graph\">{\"@context\":\"https:\\\/\\\/schema.org\",\"@graph\":[{\"@type\":\"Article\",\"@id\":\"https:\\\/\\\/www.yucatanencorto.com\\\/noticias\\\/cecilia-patron-reafirma-un-gobierno-transparente-con-la-presentacion-de-la-declaracion-4-de-4\\\/#article\",\"isPartOf\":{\"@id\":\"https:\\\/\\\/www.yucatanencorto.com\\\/noticias\\\/cecilia-patron-reafirma-un-gobierno-transparente-con-la-presentacion-de-la-declaracion-4-de-4\\\/\"},\"author\":{\"name\":\"Yucat\u00e1n en Corto FC\",\"@id\":\"https:\\\/\\\/www.yucatanencorto.com\\\/noticias\\\/#\\\/schema\\\/person\\\/14f82d355225a1f4075dd84a31f45a72\"},\"headline\":\"Cecilia Patr\u00f3n reafirma un gobierno transparente con la presentaci\u00f3n de la \u00abDeclaraci\u00f3n 4 de 4\",\"datePublished\":\"2024-09-14T00:27:36+00:00\",\"mainEntityOfPage\":{\"@id\":\"https:\\\/\\\/www.yucatanencorto.com\\\/noticias\\\/cecilia-patron-reafirma-un-gobierno-transparente-con-la-presentacion-de-la-declaracion-4-de-4\\\/\"},\"wordCount\":395,\"image\":{\"@id\":\"https:\\\/\\\/www.yucatanencorto.com\\\/noticias\\\/cecilia-patron-reafirma-un-gobierno-transparente-con-la-presentacion-de-la-declaracion-4-de-4\\\/#primaryimage\"},\"thumbnailUrl\":\"https:\\\/\\\/www.yucatanencorto.com\\\/noticias\\\/wp-content\\\/uploads\\\/2024\\\/09\\\/WhatsApp-Image-2024-09-13-at-4.53.05-PM-scaled.jpeg\",\"articleSection\":[\"M\u00e9rida\",\"Yucat\u00e1n\"],\"inLanguage\":\"es\"},{\"@type\":\"WebPage\",\"@id\":\"https:\\\/\\\/www.yucatanencorto.com\\\/noticias\\\/cecilia-patron-reafirma-un-gobierno-transparente-con-la-presentacion-de-la-declaracion-4-de-4\\\/\",\"url\":\"https:\\\/\\\/www.yucatanencorto.com\\\/noticias\\\/cecilia-patron-reafirma-un-gobierno-transparente-con-la-presentacion-de-la-declaracion-4-de-4\\\/\",\"name\":\"Cecilia Patr\u00f3n reafirma un gobierno transparente con la presentaci\u00f3n de la \\\"Declaraci\u00f3n 4 de 4 - Yucat\u00e1n en corto\",\"isPartOf\":{\"@id\":\"https:\\\/\\\/www.yucatanencorto.com\\\/noticias\\\/#website\"},\"primaryImageOfPage\":{\"@id\":\"https:\\\/\\\/www.yucatanencorto.com\\\/noticias\\\/cecilia-patron-reafirma-un-gobierno-transparente-con-la-presentacion-de-la-declaracion-4-de-4\\\/#primaryimage\"},\"image\":{\"@id\":\"https:\\\/\\\/www.yucatanencorto.com\\\/noticias\\\/cecilia-patron-reafirma-un-gobierno-transparente-con-la-presentacion-de-la-declaracion-4-de-4\\\/#primaryimage\"},\"thumbnailUrl\":\"https:\\\/\\\/www.yucatanencorto.com\\\/noticias\\\/wp-content\\\/uploads\\\/2024\\\/09\\\/WhatsApp-Image-2024-09-13-at-4.53.05-PM-scaled.jpeg\",\"datePublished\":\"2024-09-14T00:27:36+00:00\",\"author\":{\"@id\":\"https:\\\/\\\/www.yucatanencorto.com\\\/noticias\\\/#\\\/schema\\\/person\\\/14f82d355225a1f4075dd84a31f45a72\"},\"breadcrumb\":{\"@id\":\"https:\\\/\\\/www.yucatanencorto.com\\\/noticias\\\/cecilia-patron-reafirma-un-gobierno-transparente-con-la-presentacion-de-la-declaracion-4-de-4\\\/#breadcrumb\"},\"inLanguage\":\"es\",\"potentialAction\":[{\"@type\":\"ReadAction\",\"target\":[\"https:\\\/\\\/www.yucatanencorto.com\\\/noticias\\\/cecilia-patron-reafirma-un-gobierno-transparente-con-la-presentacion-de-la-declaracion-4-de-4\\\/\"]}]},{\"@type\":\"ImageObject\",\"inLanguage\":\"es\",\"@id\":\"https:\\\/\\\/www.yucatanencorto.com\\\/noticias\\\/cecilia-patron-reafirma-un-gobierno-transparente-con-la-presentacion-de-la-declaracion-4-de-4\\\/#primaryimage\",\"url\":\"https:\\\/\\\/www.yucatanencorto.com\\\/noticias\\\/wp-content\\\/uploads\\\/2024\\\/09\\\/WhatsApp-Image-2024-09-13-at-4.53.05-PM-scaled.jpeg\",\"contentUrl\":\"https:\\\/\\\/www.yucatanencorto.com\\\/noticias\\\/wp-content\\\/uploads\\\/2024\\\/09\\\/WhatsApp-Image-2024-09-13-at-4.53.05-PM-scaled.jpeg\",\"width\":768,\"height\":512},{\"@type\":\"BreadcrumbList\",\"@id\":\"https:\\\/\\\/www.yucatanencorto.com\\\/noticias\\\/cecilia-patron-reafirma-un-gobierno-transparente-con-la-presentacion-de-la-declaracion-4-de-4\\\/#breadcrumb\",\"itemListElement\":[{\"@type\":\"ListItem\",\"position\":1,\"name\":\"Portada\",\"item\":\"https:\\\/\\\/www.yucatanencorto.com\\\/noticias\\\/\"},{\"@type\":\"ListItem\",\"position\":2,\"name\":\"Cecilia Patr\u00f3n reafirma un gobierno transparente con la presentaci\u00f3n de la \u00abDeclaraci\u00f3n 4 de 4\"}]},{\"@type\":\"WebSite\",\"@id\":\"https:\\\/\\\/www.yucatanencorto.com\\\/noticias\\\/#website\",\"url\":\"https:\\\/\\\/www.yucatanencorto.com\\\/noticias\\\/\",\"name\":\"Yucat\u00e1n en corto\",\"description\":\"Noticias\",\"potentialAction\":[{\"@type\":\"SearchAction\",\"target\":{\"@type\":\"EntryPoint\",\"urlTemplate\":\"https:\\\/\\\/www.yucatanencorto.com\\\/noticias\\\/?s={search_term_string}\"},\"query-input\":{\"@type\":\"PropertyValueSpecification\",\"valueRequired\":true,\"valueName\":\"search_term_string\"}}],\"inLanguage\":\"es\"},{\"@type\":\"Person\",\"@id\":\"https:\\\/\\\/www.yucatanencorto.com\\\/noticias\\\/#\\\/schema\\\/person\\\/14f82d355225a1f4075dd84a31f45a72\",\"name\":\"Yucat\u00e1n en Corto FC\",\"image\":{\"@type\":\"ImageObject\",\"inLanguage\":\"es\",\"@id\":\"https:\\\/\\\/secure.gravatar.com\\\/avatar\\\/147d4b30cd728c53c29c49a3f7834dedca33707f4cd259761355846009a88250?s=96&d=mm&r=g\",\"url\":\"https:\\\/\\\/secure.gravatar.com\\\/avatar\\\/147d4b30cd728c53c29c49a3f7834dedca33707f4cd259761355846009a88250?s=96&d=mm&r=g\",\"contentUrl\":\"https:\\\/\\\/secure.gravatar.com\\\/avatar\\\/147d4b30cd728c53c29c49a3f7834dedca33707f4cd259761355846009a88250?s=96&d=mm&r=g\",\"caption\":\"Yucat\u00e1n en Corto FC\"},\"url\":\"https:\\\/\\\/www.yucatanencorto.com\\\/noticias\\\/author\\\/flor\\\/\"}]}<\/script>\n<!-- \/ Yoast SEO plugin. -->","yoast_head_json":{"title":"Cecilia Patr\u00f3n reafirma un gobierno transparente con la presentaci\u00f3n de la \"Declaraci\u00f3n 4 de 4 - Yucat\u00e1n en corto","robots":{"index":"index","follow":"follow","max-snippet":"max-snippet:-1","max-image-preview":"max-image-preview:large","max-video-preview":"max-video-preview:-1"},"canonical":"https:\/\/www.yucatanencorto.com\/noticias\/cecilia-patron-reafirma-un-gobierno-transparente-con-la-presentacion-de-la-declaracion-4-de-4\/","og_locale":"es_ES","og_type":"article","og_title":"Cecilia Patr\u00f3n reafirma un gobierno transparente con la presentaci\u00f3n de la \"Declaraci\u00f3n 4 de 4 - Yucat\u00e1n en corto","og_description":"La Presidenta Municipal presenta su \u201cDeclaraci\u00f3n 4 de 4\u201d ante la Unidad de Contralor\u00eda, junto con los titulares de todas las dependencias.","og_url":"https:\/\/www.yucatanencorto.com\/noticias\/cecilia-patron-reafirma-un-gobierno-transparente-con-la-presentacion-de-la-declaracion-4-de-4\/","og_site_name":"Yucat\u00e1n en corto","article_publisher":"http:\/\/www.facebook.com\/yucatanencorto","article_published_time":"2024-09-14T00:27:36+00:00","og_image":[{"width":768,"height":512,"url":"https:\/\/www.yucatanencorto.com\/noticias\/wp-content\/uploads\/2024\/09\/WhatsApp-Image-2024-09-13-at-4.53.05-PM-scaled.jpeg","type":"image\/jpeg"}],"author":"Yucat\u00e1n en Corto FC","twitter_card":"summary_large_image","twitter_creator":"@yucatanencorto","twitter_site":"@yucatanencorto","twitter_misc":{"Escrito por":"Yucat\u00e1n en Corto FC","Tiempo de lectura":"2 minutos"},"schema":{"@context":"https:\/\/schema.org","@graph":[{"@type":"Article","@id":"https:\/\/www.yucatanencorto.com\/noticias\/cecilia-patron-reafirma-un-gobierno-transparente-con-la-presentacion-de-la-declaracion-4-de-4\/#article","isPartOf":{"@id":"https:\/\/www.yucatanencorto.com\/noticias\/cecilia-patron-reafirma-un-gobierno-transparente-con-la-presentacion-de-la-declaracion-4-de-4\/"},"author":{"name":"Yucat\u00e1n en Corto FC","@id":"https:\/\/www.yucatanencorto.com\/noticias\/#\/schema\/person\/14f82d355225a1f4075dd84a31f45a72"},"headline":"Cecilia Patr\u00f3n reafirma un gobierno transparente con la presentaci\u00f3n de la \u00abDeclaraci\u00f3n 4 de 4","datePublished":"2024-09-14T00:27:36+00:00","mainEntityOfPage":{"@id":"https:\/\/www.yucatanencorto.com\/noticias\/cecilia-patron-reafirma-un-gobierno-transparente-con-la-presentacion-de-la-declaracion-4-de-4\/"},"wordCount":395,"image":{"@id":"https:\/\/www.yucatanencorto.com\/noticias\/cecilia-patron-reafirma-un-gobierno-transparente-con-la-presentacion-de-la-declaracion-4-de-4\/#primaryimage"},"thumbnailUrl":"https:\/\/www.yucatanencorto.com\/noticias\/wp-content\/uploads\/2024\/09\/WhatsApp-Image-2024-09-13-at-4.53.05-PM-scaled.jpeg","articleSection":["M\u00e9rida","Yucat\u00e1n"],"inLanguage":"es"},{"@type":"WebPage","@id":"https:\/\/www.yucatanencorto.com\/noticias\/cecilia-patron-reafirma-un-gobierno-transparente-con-la-presentacion-de-la-declaracion-4-de-4\/","url":"https:\/\/www.yucatanencorto.com\/noticias\/cecilia-patron-reafirma-un-gobierno-transparente-con-la-presentacion-de-la-declaracion-4-de-4\/","name":"Cecilia Patr\u00f3n reafirma un gobierno transparente con la presentaci\u00f3n de la \"Declaraci\u00f3n 4 de 4 - Yucat\u00e1n en corto","isPartOf":{"@id":"https:\/\/www.yucatanencorto.com\/noticias\/#website"},"primaryImageOfPage":{"@id":"https:\/\/www.yucatanencorto.com\/noticias\/cecilia-patron-reafirma-un-gobierno-transparente-con-la-presentacion-de-la-declaracion-4-de-4\/#primaryimage"},"image":{"@id":"https:\/\/www.yucatanencorto.com\/noticias\/cecilia-patron-reafirma-un-gobierno-transparente-con-la-presentacion-de-la-declaracion-4-de-4\/#primaryimage"},"thumbnailUrl":"https:\/\/www.yucatanencorto.com\/noticias\/wp-content\/uploads\/2024\/09\/WhatsApp-Image-2024-09-13-at-4.53.05-PM-scaled.jpeg","datePublished":"2024-09-14T00:27:36+00:00","author":{"@id":"https:\/\/www.yucatanencorto.com\/noticias\/#\/schema\/person\/14f82d355225a1f4075dd84a31f45a72"},"breadcrumb":{"@id":"https:\/\/www.yucatanencorto.com\/noticias\/cecilia-patron-reafirma-un-gobierno-transparente-con-la-presentacion-de-la-declaracion-4-de-4\/#breadcrumb"},"inLanguage":"es","potentialAction":[{"@type":"ReadAction","target":["https:\/\/www.yucatanencorto.com\/noticias\/cecilia-patron-reafirma-un-gobierno-transparente-con-la-presentacion-de-la-declaracion-4-de-4\/"]}]},{"@type":"ImageObject","inLanguage":"es","@id":"https:\/\/www.yucatanencorto.com\/noticias\/cecilia-patron-reafirma-un-gobierno-transparente-con-la-presentacion-de-la-declaracion-4-de-4\/#primaryimage","url":"https:\/\/www.yucatanencorto.com\/noticias\/wp-content\/uploads\/2024\/09\/WhatsApp-Image-2024-09-13-at-4.53.05-PM-scaled.jpeg","contentUrl":"https:\/\/www.yucatanencorto.com\/noticias\/wp-content\/uploads\/2024\/09\/WhatsApp-Image-2024-09-13-at-4.53.05-PM-scaled.jpeg","width":768,"height":512},{"@type":"BreadcrumbList","@id":"https:\/\/www.yucatanencorto.com\/noticias\/cecilia-patron-reafirma-un-gobierno-transparente-con-la-presentacion-de-la-declaracion-4-de-4\/#breadcrumb","itemListElement":[{"@type":"ListItem","position":1,"name":"Portada","item":"https:\/\/www.yucatanencorto.com\/noticias\/"},{"@type":"ListItem","position":2,"name":"Cecilia Patr\u00f3n reafirma un gobierno transparente con la presentaci\u00f3n de la \u00abDeclaraci\u00f3n 4 de 4"}]},{"@type":"WebSite","@id":"https:\/\/www.yucatanencorto.com\/noticias\/#website","url":"https:\/\/www.yucatanencorto.com\/noticias\/","name":"Yucat\u00e1n en corto","description":"Noticias","potentialAction":[{"@type":"SearchAction","target":{"@type":"EntryPoint","urlTemplate":"https:\/\/www.yucatanencorto.com\/noticias\/?s={search_term_string}"},"query-input":{"@type":"PropertyValueSpecification","valueRequired":true,"valueName":"search_term_string"}}],"inLanguage":"es"},{"@type":"Person","@id":"https:\/\/www.yucatanencorto.com\/noticias\/#\/schema\/person\/14f82d355225a1f4075dd84a31f45a72","name":"Yucat\u00e1n en Corto FC","image":{"@type":"ImageObject","inLanguage":"es","@id":"https:\/\/secure.gravatar.com\/avatar\/147d4b30cd728c53c29c49a3f7834dedca33707f4cd259761355846009a88250?s=96&d=mm&r=g","url":"https:\/\/secure.gravatar.com\/avatar\/147d4b30cd728c53c29c49a3f7834dedca33707f4cd259761355846009a88250?s=96&d=mm&r=g","contentUrl":"https:\/\/secure.gravatar.com\/avatar\/147d4b30cd728c53c29c49a3f7834dedca33707f4cd259761355846009a88250?s=96&d=mm&r=g","caption":"Yucat\u00e1n en Corto FC"},"url":"https:\/\/www.yucatanencorto.com\/noticias\/author\/flor\/"}]}},"_links":{"self":[{"href":"https:\/\/www.yucatanencorto.com\/noticias\/wp-json\/wp\/v2\/posts\/112124","targetHints":{"allow":["GET"]}}],"collection":[{"href":"https:\/\/www.yucatanencorto.com\/noticias\/wp-json\/wp\/v2\/posts"}],"about":[{"href":"https:\/\/www.yucatanencorto.com\/noticias\/wp-json\/wp\/v2\/types\/post"}],"author":[{"embeddable":true,"href":"https:\/\/www.yucatanencorto.com\/noticias\/wp-json\/wp\/v2\/users\/2"}],"replies":[{"embeddable":true,"href":"https:\/\/www.yucatanencorto.com\/noticias\/wp-json\/wp\/v2\/comments?post=112124"}],"version-history":[{"count":0,"href":"https:\/\/www.yucatanencorto.com\/noticias\/wp-json\/wp\/v2\/posts\/112124\/revisions"}],"wp:featuredmedia":[{"embeddable":true,"href":"https:\/\/www.yucatanencorto.com\/noticias\/wp-json\/wp\/v2\/media\/112125"}],"wp:attachment":[{"href":"https:\/\/www.yucatanencorto.com\/noticias\/wp-json\/wp\/v2\/media?parent=112124"}],"wp:term":[{"taxonomy":"category","embeddable":true,"href":"https:\/\/www.yucatanencorto.com\/noticias\/wp-json\/wp\/v2\/categories?post=112124"},{"taxonomy":"post_tag","embeddable":true,"href":"https:\/\/www.yucatanencorto.com\/noticias\/wp-json\/wp\/v2\/tags?post=112124"}],"curies":[{"name":"wp","href":"https:\/\/api.w.org\/{rel}","templated":true}]}}