{"id":112128,"date":"2024-09-14T14:15:43","date_gmt":"2024-09-14T20:15:43","guid":{"rendered":"https:\/\/www.yucatanencorto.com\/noticias\/?p=112128"},"modified":"2024-09-14T14:15:43","modified_gmt":"2024-09-14T20:15:43","slug":"garantizan-transporte-publico-durante-los-festejos-patrios","status":"publish","type":"post","link":"https:\/\/www.yucatanencorto.com\/noticias\/garantizan-transporte-publico-durante-los-festejos-patrios\/","title":{"rendered":"Garantizan transporte p\u00fablico durante los festejos patrios"},"content":{"rendered":"<p><img loading=\"lazy\" decoding=\"async\" class=\"alignnone size-full wp-image-112129\" src=\"https:\/\/www.yucatanencorto.com\/noticias\/wp-content\/uploads\/2024\/09\/0cf0127c-9233-45a9-bf50-29a925733d31-scaled.jpeg\" alt=\"\" width=\"768\" height=\"512\" srcset=\"https:\/\/www.yucatanencorto.com\/noticias\/wp-content\/uploads\/2024\/09\/0cf0127c-9233-45a9-bf50-29a925733d31-scaled.jpeg 768w, https:\/\/www.yucatanencorto.com\/noticias\/wp-content\/uploads\/2024\/09\/0cf0127c-9233-45a9-bf50-29a925733d31-1536x1023.jpeg 1536w, https:\/\/www.yucatanencorto.com\/noticias\/wp-content\/uploads\/2024\/09\/0cf0127c-9233-45a9-bf50-29a925733d31-150x100.jpeg 150w, https:\/\/www.yucatanencorto.com\/noticias\/wp-content\/uploads\/2024\/09\/0cf0127c-9233-45a9-bf50-29a925733d31-300x200.jpeg 300w, https:\/\/www.yucatanencorto.com\/noticias\/wp-content\/uploads\/2024\/09\/0cf0127c-9233-45a9-bf50-29a925733d31-696x464.jpeg 696w, https:\/\/www.yucatanencorto.com\/noticias\/wp-content\/uploads\/2024\/09\/0cf0127c-9233-45a9-bf50-29a925733d31-1068x712.jpeg 1068w\" sizes=\"auto, (max-width: 768px) 100vw, 768px\" \/> <img loading=\"lazy\" decoding=\"async\" class=\"alignnone size-medium wp-image-112130\" src=\"https:\/\/www.yucatanencorto.com\/noticias\/wp-content\/uploads\/2024\/09\/b17c66a6-423a-41d8-a8be-e94e88607b37-scaled.jpeg\" alt=\"\" width=\"768\" height=\"512\" srcset=\"https:\/\/www.yucatanencorto.com\/noticias\/wp-content\/uploads\/2024\/09\/b17c66a6-423a-41d8-a8be-e94e88607b37-scaled.jpeg 768w, https:\/\/www.yucatanencorto.com\/noticias\/wp-content\/uploads\/2024\/09\/b17c66a6-423a-41d8-a8be-e94e88607b37-1536x1023.jpeg 1536w, https:\/\/www.yucatanencorto.com\/noticias\/wp-content\/uploads\/2024\/09\/b17c66a6-423a-41d8-a8be-e94e88607b37-150x100.jpeg 150w, https:\/\/www.yucatanencorto.com\/noticias\/wp-content\/uploads\/2024\/09\/b17c66a6-423a-41d8-a8be-e94e88607b37-300x200.jpeg 300w, https:\/\/www.yucatanencorto.com\/noticias\/wp-content\/uploads\/2024\/09\/b17c66a6-423a-41d8-a8be-e94e88607b37-696x464.jpeg 696w, https:\/\/www.yucatanencorto.com\/noticias\/wp-content\/uploads\/2024\/09\/b17c66a6-423a-41d8-a8be-e94e88607b37-1068x712.jpeg 1068w\" sizes=\"auto, (max-width: 768px) 100vw, 768px\" \/> <img loading=\"lazy\" decoding=\"async\" class=\"alignnone size-medium wp-image-112131\" src=\"https:\/\/www.yucatanencorto.com\/noticias\/wp-content\/uploads\/2024\/09\/041f486d-2436-4223-8404-0882da27ab0e-scaled.jpeg\" alt=\"\" width=\"768\" height=\"512\" srcset=\"https:\/\/www.yucatanencorto.com\/noticias\/wp-content\/uploads\/2024\/09\/041f486d-2436-4223-8404-0882da27ab0e-scaled.jpeg 768w, https:\/\/www.yucatanencorto.com\/noticias\/wp-content\/uploads\/2024\/09\/041f486d-2436-4223-8404-0882da27ab0e-1536x1023.jpeg 1536w, https:\/\/www.yucatanencorto.com\/noticias\/wp-content\/uploads\/2024\/09\/041f486d-2436-4223-8404-0882da27ab0e-150x100.jpeg 150w, https:\/\/www.yucatanencorto.com\/noticias\/wp-content\/uploads\/2024\/09\/041f486d-2436-4223-8404-0882da27ab0e-300x200.jpeg 300w, https:\/\/www.yucatanencorto.com\/noticias\/wp-content\/uploads\/2024\/09\/041f486d-2436-4223-8404-0882da27ab0e-696x464.jpeg 696w, https:\/\/www.yucatanencorto.com\/noticias\/wp-content\/uploads\/2024\/09\/041f486d-2436-4223-8404-0882da27ab0e-1068x712.jpeg 1068w\" sizes=\"auto, (max-width: 768px) 100vw, 768px\" \/> <img loading=\"lazy\" decoding=\"async\" class=\"alignnone size-medium wp-image-112132\" src=\"https:\/\/www.yucatanencorto.com\/noticias\/wp-content\/uploads\/2024\/09\/e4d429a3-50fe-4802-a13b-2b6eba6df498-scaled.jpeg\" alt=\"\" width=\"389\" height=\"768\" srcset=\"https:\/\/www.yucatanencorto.com\/noticias\/wp-content\/uploads\/2024\/09\/e4d429a3-50fe-4802-a13b-2b6eba6df498-scaled.jpeg 389w, https:\/\/www.yucatanencorto.com\/noticias\/wp-content\/uploads\/2024\/09\/e4d429a3-50fe-4802-a13b-2b6eba6df498-150x296.jpeg 150w, https:\/\/www.yucatanencorto.com\/noticias\/wp-content\/uploads\/2024\/09\/e4d429a3-50fe-4802-a13b-2b6eba6df498-300x592.jpeg 300w\" sizes=\"auto, (max-width: 389px) 100vw, 389px\" \/><\/p>\n<p>M\u00e9rida, Yucat\u00e1n, 14 de septiembre de 2024.- La Agencia de Transporte de Yucat\u00e1n (ATY) ha anunciado que el servicio de transporte p\u00fablico se ampliar\u00e1 hasta las 3:00 horas del lunes 16 de septiembre, en el marco de los festejos patrios por el 214 aniversario del inicio de la Independencia de M\u00e9xico. Esta medida busca facilitar el traslado seguro de los ciudadanos que acudan a las festividades, tanto en M\u00e9rida como en los municipios de Tizim\u00edn y Valladolid.<\/p>\n<p>Adem\u00e1s, las 15 rutas nocturnas del Sistema Va y Ven operar\u00e1n con normalidad desde la noche del 15 hasta las 5:00 horas del 16 de septiembre, permitiendo que los usuarios cuenten con servicio continuo durante las celebraciones.<\/p>\n<p>La ATY tambi\u00e9n inform\u00f3 que el lunes 16 de septiembre, debido al Desfile C\u00edvico Militar, algunos paraderos de autobuses y combis ser\u00e1n reubicados temporalmente a partir de las 5:00 horas. Estos paraderos regresar\u00e1n a su ubicaci\u00f3n habitual una vez concluido el desfile.<\/p>\n<p>Entre las rutas afectadas por la reubicaci\u00f3n se encuentran las de las zonas de Um\u00e1n, Ciudad Caucel, y las rutas de autobuses y combis del centro de M\u00e9rida, cuyos paraderos se desplazar\u00e1n temporalmente a calles cercanas para garantizar el flujo de transporte y la seguridad de los asistentes al desfile. Las modificaciones incluyen rutas como Um\u00e1n-Ciudad Industrial, 67 Mulsay, Cementerio-Sambul\u00e1, entre otras.<\/p>\n<p>Asimismo, la ATY record\u00f3 a los usuarios que disponen de la l\u00ednea 072 y el ChatBus v\u00eda WhatsApp al n\u00famero 999 2785 368, para reportar cualquier incidente o solicitar informaci\u00f3n sobre rutas y paraderos. Tambi\u00e9n pueden comunicarse al correo ayuda@transporteyucatan.org.mx.<\/p>\n<p>Con estas medidas, el gobierno estatal busca garantizar un servicio de transporte eficiente y seguro durante uno de los eventos m\u00e1s importantes del calendario c\u00edvico del pa\u00eds.<\/p>\n","protected":false},"excerpt":{"rendered":"<p>M\u00e9rida, Yucat\u00e1n, 14 de septiembre de 2024.- La Agencia de Transporte de Yucat\u00e1n (ATY) ha anunciado que el servicio de transporte p\u00fablico se ampliar\u00e1 hasta las 3:00 horas del lunes 16 de septiembre, en el marco de los festejos patrios por el 214 aniversario del inicio de la Independencia de M\u00e9xico. Esta medida busca facilitar [&hellip;]<\/p>\n","protected":false},"author":2,"featured_media":112132,"comment_status":"closed","ping_status":"closed","sticky":false,"template":"","format":"standard","meta":{"footnotes":""},"categories":[2,3],"tags":[],"class_list":{"0":"post-112128","1":"post","2":"type-post","3":"status-publish","4":"format-standard","5":"has-post-thumbnail","7":"category-merida","8":"category-yucatan"},"yoast_head":"<!-- This site is optimized with the Yoast SEO plugin v27.5 - https:\/\/yoast.com\/product\/yoast-seo-wordpress\/ -->\n<title>Garantizan transporte p\u00fablico durante los festejos patrios - Yucat\u00e1n en corto<\/title>\n<meta name=\"robots\" content=\"index, follow, max-snippet:-1, max-image-preview:large, max-video-preview:-1\" \/>\n<link rel=\"canonical\" href=\"https:\/\/www.yucatanencorto.com\/noticias\/garantizan-transporte-publico-durante-los-festejos-patrios\/\" \/>\n<meta property=\"og:locale\" content=\"es_ES\" \/>\n<meta property=\"og:type\" content=\"article\" \/>\n<meta property=\"og:title\" content=\"Garantizan transporte p\u00fablico durante los festejos patrios - Yucat\u00e1n en corto\" \/>\n<meta property=\"og:description\" content=\"M\u00e9rida, Yucat\u00e1n, 14 de septiembre de 2024.- La Agencia de Transporte de Yucat\u00e1n (ATY) ha anunciado que el servicio de transporte p\u00fablico se ampliar\u00e1 hasta las 3:00 horas del lunes 16 de septiembre, en el marco de los festejos patrios por el 214 aniversario del inicio de la Independencia de M\u00e9xico. Esta medida busca facilitar [&hellip;]\" \/>\n<meta property=\"og:url\" content=\"https:\/\/www.yucatanencorto.com\/noticias\/garantizan-transporte-publico-durante-los-festejos-patrios\/\" \/>\n<meta property=\"og:site_name\" content=\"Yucat\u00e1n en corto\" \/>\n<meta property=\"article:publisher\" content=\"http:\/\/www.facebook.com\/yucatanencorto\" \/>\n<meta property=\"article:published_time\" content=\"2024-09-14T20:15:43+00:00\" \/>\n<meta property=\"og:image\" content=\"https:\/\/www.yucatanencorto.com\/noticias\/wp-content\/uploads\/2024\/09\/e4d429a3-50fe-4802-a13b-2b6eba6df498-scaled.jpeg\" \/>\n\t<meta property=\"og:image:width\" content=\"389\" \/>\n\t<meta property=\"og:image:height\" content=\"768\" \/>\n\t<meta property=\"og:image:type\" content=\"image\/jpeg\" \/>\n<meta name=\"author\" content=\"Yucat\u00e1n en Corto FC\" \/>\n<meta name=\"twitter:card\" content=\"summary_large_image\" \/>\n<meta name=\"twitter:creator\" content=\"@yucatanencorto\" \/>\n<meta name=\"twitter:site\" content=\"@yucatanencorto\" \/>\n<meta name=\"twitter:label1\" content=\"Escrito por\" \/>\n\t<meta name=\"twitter:data1\" content=\"Yucat\u00e1n en Corto FC\" \/>\n\t<meta name=\"twitter:label2\" content=\"Tiempo de lectura\" \/>\n\t<meta name=\"twitter:data2\" content=\"3 minutos\" \/>\n<script type=\"application\/ld+json\" class=\"yoast-schema-graph\">{\"@context\":\"https:\\\/\\\/schema.org\",\"@graph\":[{\"@type\":\"Article\",\"@id\":\"https:\\\/\\\/www.yucatanencorto.com\\\/noticias\\\/garantizan-transporte-publico-durante-los-festejos-patrios\\\/#article\",\"isPartOf\":{\"@id\":\"https:\\\/\\\/www.yucatanencorto.com\\\/noticias\\\/garantizan-transporte-publico-durante-los-festejos-patrios\\\/\"},\"author\":{\"name\":\"Yucat\u00e1n en Corto FC\",\"@id\":\"https:\\\/\\\/www.yucatanencorto.com\\\/noticias\\\/#\\\/schema\\\/person\\\/14f82d355225a1f4075dd84a31f45a72\"},\"headline\":\"Garantizan transporte p\u00fablico durante los festejos patrios\",\"datePublished\":\"2024-09-14T20:15:43+00:00\",\"mainEntityOfPage\":{\"@id\":\"https:\\\/\\\/www.yucatanencorto.com\\\/noticias\\\/garantizan-transporte-publico-durante-los-festejos-patrios\\\/\"},\"wordCount\":308,\"image\":{\"@id\":\"https:\\\/\\\/www.yucatanencorto.com\\\/noticias\\\/garantizan-transporte-publico-durante-los-festejos-patrios\\\/#primaryimage\"},\"thumbnailUrl\":\"https:\\\/\\\/www.yucatanencorto.com\\\/noticias\\\/wp-content\\\/uploads\\\/2024\\\/09\\\/e4d429a3-50fe-4802-a13b-2b6eba6df498-scaled.jpeg\",\"articleSection\":[\"M\u00e9rida\",\"Yucat\u00e1n\"],\"inLanguage\":\"es\"},{\"@type\":\"WebPage\",\"@id\":\"https:\\\/\\\/www.yucatanencorto.com\\\/noticias\\\/garantizan-transporte-publico-durante-los-festejos-patrios\\\/\",\"url\":\"https:\\\/\\\/www.yucatanencorto.com\\\/noticias\\\/garantizan-transporte-publico-durante-los-festejos-patrios\\\/\",\"name\":\"Garantizan transporte p\u00fablico durante los festejos patrios - Yucat\u00e1n en corto\",\"isPartOf\":{\"@id\":\"https:\\\/\\\/www.yucatanencorto.com\\\/noticias\\\/#website\"},\"primaryImageOfPage\":{\"@id\":\"https:\\\/\\\/www.yucatanencorto.com\\\/noticias\\\/garantizan-transporte-publico-durante-los-festejos-patrios\\\/#primaryimage\"},\"image\":{\"@id\":\"https:\\\/\\\/www.yucatanencorto.com\\\/noticias\\\/garantizan-transporte-publico-durante-los-festejos-patrios\\\/#primaryimage\"},\"thumbnailUrl\":\"https:\\\/\\\/www.yucatanencorto.com\\\/noticias\\\/wp-content\\\/uploads\\\/2024\\\/09\\\/e4d429a3-50fe-4802-a13b-2b6eba6df498-scaled.jpeg\",\"datePublished\":\"2024-09-14T20:15:43+00:00\",\"author\":{\"@id\":\"https:\\\/\\\/www.yucatanencorto.com\\\/noticias\\\/#\\\/schema\\\/person\\\/14f82d355225a1f4075dd84a31f45a72\"},\"breadcrumb\":{\"@id\":\"https:\\\/\\\/www.yucatanencorto.com\\\/noticias\\\/garantizan-transporte-publico-durante-los-festejos-patrios\\\/#breadcrumb\"},\"inLanguage\":\"es\",\"potentialAction\":[{\"@type\":\"ReadAction\",\"target\":[\"https:\\\/\\\/www.yucatanencorto.com\\\/noticias\\\/garantizan-transporte-publico-durante-los-festejos-patrios\\\/\"]}]},{\"@type\":\"ImageObject\",\"inLanguage\":\"es\",\"@id\":\"https:\\\/\\\/www.yucatanencorto.com\\\/noticias\\\/garantizan-transporte-publico-durante-los-festejos-patrios\\\/#primaryimage\",\"url\":\"https:\\\/\\\/www.yucatanencorto.com\\\/noticias\\\/wp-content\\\/uploads\\\/2024\\\/09\\\/e4d429a3-50fe-4802-a13b-2b6eba6df498-scaled.jpeg\",\"contentUrl\":\"https:\\\/\\\/www.yucatanencorto.com\\\/noticias\\\/wp-content\\\/uploads\\\/2024\\\/09\\\/e4d429a3-50fe-4802-a13b-2b6eba6df498-scaled.jpeg\",\"width\":389,\"height\":768},{\"@type\":\"BreadcrumbList\",\"@id\":\"https:\\\/\\\/www.yucatanencorto.com\\\/noticias\\\/garantizan-transporte-publico-durante-los-festejos-patrios\\\/#breadcrumb\",\"itemListElement\":[{\"@type\":\"ListItem\",\"position\":1,\"name\":\"Portada\",\"item\":\"https:\\\/\\\/www.yucatanencorto.com\\\/noticias\\\/\"},{\"@type\":\"ListItem\",\"position\":2,\"name\":\"Garantizan transporte p\u00fablico durante los festejos patrios\"}]},{\"@type\":\"WebSite\",\"@id\":\"https:\\\/\\\/www.yucatanencorto.com\\\/noticias\\\/#website\",\"url\":\"https:\\\/\\\/www.yucatanencorto.com\\\/noticias\\\/\",\"name\":\"Yucat\u00e1n en corto\",\"description\":\"Noticias\",\"potentialAction\":[{\"@type\":\"SearchAction\",\"target\":{\"@type\":\"EntryPoint\",\"urlTemplate\":\"https:\\\/\\\/www.yucatanencorto.com\\\/noticias\\\/?s={search_term_string}\"},\"query-input\":{\"@type\":\"PropertyValueSpecification\",\"valueRequired\":true,\"valueName\":\"search_term_string\"}}],\"inLanguage\":\"es\"},{\"@type\":\"Person\",\"@id\":\"https:\\\/\\\/www.yucatanencorto.com\\\/noticias\\\/#\\\/schema\\\/person\\\/14f82d355225a1f4075dd84a31f45a72\",\"name\":\"Yucat\u00e1n en Corto FC\",\"image\":{\"@type\":\"ImageObject\",\"inLanguage\":\"es\",\"@id\":\"https:\\\/\\\/secure.gravatar.com\\\/avatar\\\/147d4b30cd728c53c29c49a3f7834dedca33707f4cd259761355846009a88250?s=96&d=mm&r=g\",\"url\":\"https:\\\/\\\/secure.gravatar.com\\\/avatar\\\/147d4b30cd728c53c29c49a3f7834dedca33707f4cd259761355846009a88250?s=96&d=mm&r=g\",\"contentUrl\":\"https:\\\/\\\/secure.gravatar.com\\\/avatar\\\/147d4b30cd728c53c29c49a3f7834dedca33707f4cd259761355846009a88250?s=96&d=mm&r=g\",\"caption\":\"Yucat\u00e1n en Corto FC\"},\"url\":\"https:\\\/\\\/www.yucatanencorto.com\\\/noticias\\\/author\\\/flor\\\/\"}]}<\/script>\n<!-- \/ Yoast SEO plugin. -->","yoast_head_json":{"title":"Garantizan transporte p\u00fablico durante los festejos patrios - Yucat\u00e1n en corto","robots":{"index":"index","follow":"follow","max-snippet":"max-snippet:-1","max-image-preview":"max-image-preview:large","max-video-preview":"max-video-preview:-1"},"canonical":"https:\/\/www.yucatanencorto.com\/noticias\/garantizan-transporte-publico-durante-los-festejos-patrios\/","og_locale":"es_ES","og_type":"article","og_title":"Garantizan transporte p\u00fablico durante los festejos patrios - Yucat\u00e1n en corto","og_description":"M\u00e9rida, Yucat\u00e1n, 14 de septiembre de 2024.- La Agencia de Transporte de Yucat\u00e1n (ATY) ha anunciado que el servicio de transporte p\u00fablico se ampliar\u00e1 hasta las 3:00 horas del lunes 16 de septiembre, en el marco de los festejos patrios por el 214 aniversario del inicio de la Independencia de M\u00e9xico. Esta medida busca facilitar [&hellip;]","og_url":"https:\/\/www.yucatanencorto.com\/noticias\/garantizan-transporte-publico-durante-los-festejos-patrios\/","og_site_name":"Yucat\u00e1n en corto","article_publisher":"http:\/\/www.facebook.com\/yucatanencorto","article_published_time":"2024-09-14T20:15:43+00:00","og_image":[{"width":389,"height":768,"url":"https:\/\/www.yucatanencorto.com\/noticias\/wp-content\/uploads\/2024\/09\/e4d429a3-50fe-4802-a13b-2b6eba6df498-scaled.jpeg","type":"image\/jpeg"}],"author":"Yucat\u00e1n en Corto FC","twitter_card":"summary_large_image","twitter_creator":"@yucatanencorto","twitter_site":"@yucatanencorto","twitter_misc":{"Escrito por":"Yucat\u00e1n en Corto FC","Tiempo de lectura":"3 minutos"},"schema":{"@context":"https:\/\/schema.org","@graph":[{"@type":"Article","@id":"https:\/\/www.yucatanencorto.com\/noticias\/garantizan-transporte-publico-durante-los-festejos-patrios\/#article","isPartOf":{"@id":"https:\/\/www.yucatanencorto.com\/noticias\/garantizan-transporte-publico-durante-los-festejos-patrios\/"},"author":{"name":"Yucat\u00e1n en Corto FC","@id":"https:\/\/www.yucatanencorto.com\/noticias\/#\/schema\/person\/14f82d355225a1f4075dd84a31f45a72"},"headline":"Garantizan transporte p\u00fablico durante los festejos patrios","datePublished":"2024-09-14T20:15:43+00:00","mainEntityOfPage":{"@id":"https:\/\/www.yucatanencorto.com\/noticias\/garantizan-transporte-publico-durante-los-festejos-patrios\/"},"wordCount":308,"image":{"@id":"https:\/\/www.yucatanencorto.com\/noticias\/garantizan-transporte-publico-durante-los-festejos-patrios\/#primaryimage"},"thumbnailUrl":"https:\/\/www.yucatanencorto.com\/noticias\/wp-content\/uploads\/2024\/09\/e4d429a3-50fe-4802-a13b-2b6eba6df498-scaled.jpeg","articleSection":["M\u00e9rida","Yucat\u00e1n"],"inLanguage":"es"},{"@type":"WebPage","@id":"https:\/\/www.yucatanencorto.com\/noticias\/garantizan-transporte-publico-durante-los-festejos-patrios\/","url":"https:\/\/www.yucatanencorto.com\/noticias\/garantizan-transporte-publico-durante-los-festejos-patrios\/","name":"Garantizan transporte p\u00fablico durante los festejos patrios - Yucat\u00e1n en corto","isPartOf":{"@id":"https:\/\/www.yucatanencorto.com\/noticias\/#website"},"primaryImageOfPage":{"@id":"https:\/\/www.yucatanencorto.com\/noticias\/garantizan-transporte-publico-durante-los-festejos-patrios\/#primaryimage"},"image":{"@id":"https:\/\/www.yucatanencorto.com\/noticias\/garantizan-transporte-publico-durante-los-festejos-patrios\/#primaryimage"},"thumbnailUrl":"https:\/\/www.yucatanencorto.com\/noticias\/wp-content\/uploads\/2024\/09\/e4d429a3-50fe-4802-a13b-2b6eba6df498-scaled.jpeg","datePublished":"2024-09-14T20:15:43+00:00","author":{"@id":"https:\/\/www.yucatanencorto.com\/noticias\/#\/schema\/person\/14f82d355225a1f4075dd84a31f45a72"},"breadcrumb":{"@id":"https:\/\/www.yucatanencorto.com\/noticias\/garantizan-transporte-publico-durante-los-festejos-patrios\/#breadcrumb"},"inLanguage":"es","potentialAction":[{"@type":"ReadAction","target":["https:\/\/www.yucatanencorto.com\/noticias\/garantizan-transporte-publico-durante-los-festejos-patrios\/"]}]},{"@type":"ImageObject","inLanguage":"es","@id":"https:\/\/www.yucatanencorto.com\/noticias\/garantizan-transporte-publico-durante-los-festejos-patrios\/#primaryimage","url":"https:\/\/www.yucatanencorto.com\/noticias\/wp-content\/uploads\/2024\/09\/e4d429a3-50fe-4802-a13b-2b6eba6df498-scaled.jpeg","contentUrl":"https:\/\/www.yucatanencorto.com\/noticias\/wp-content\/uploads\/2024\/09\/e4d429a3-50fe-4802-a13b-2b6eba6df498-scaled.jpeg","width":389,"height":768},{"@type":"BreadcrumbList","@id":"https:\/\/www.yucatanencorto.com\/noticias\/garantizan-transporte-publico-durante-los-festejos-patrios\/#breadcrumb","itemListElement":[{"@type":"ListItem","position":1,"name":"Portada","item":"https:\/\/www.yucatanencorto.com\/noticias\/"},{"@type":"ListItem","position":2,"name":"Garantizan transporte p\u00fablico durante los festejos patrios"}]},{"@type":"WebSite","@id":"https:\/\/www.yucatanencorto.com\/noticias\/#website","url":"https:\/\/www.yucatanencorto.com\/noticias\/","name":"Yucat\u00e1n en corto","description":"Noticias","potentialAction":[{"@type":"SearchAction","target":{"@type":"EntryPoint","urlTemplate":"https:\/\/www.yucatanencorto.com\/noticias\/?s={search_term_string}"},"query-input":{"@type":"PropertyValueSpecification","valueRequired":true,"valueName":"search_term_string"}}],"inLanguage":"es"},{"@type":"Person","@id":"https:\/\/www.yucatanencorto.com\/noticias\/#\/schema\/person\/14f82d355225a1f4075dd84a31f45a72","name":"Yucat\u00e1n en Corto FC","image":{"@type":"ImageObject","inLanguage":"es","@id":"https:\/\/secure.gravatar.com\/avatar\/147d4b30cd728c53c29c49a3f7834dedca33707f4cd259761355846009a88250?s=96&d=mm&r=g","url":"https:\/\/secure.gravatar.com\/avatar\/147d4b30cd728c53c29c49a3f7834dedca33707f4cd259761355846009a88250?s=96&d=mm&r=g","contentUrl":"https:\/\/secure.gravatar.com\/avatar\/147d4b30cd728c53c29c49a3f7834dedca33707f4cd259761355846009a88250?s=96&d=mm&r=g","caption":"Yucat\u00e1n en Corto FC"},"url":"https:\/\/www.yucatanencorto.com\/noticias\/author\/flor\/"}]}},"_links":{"self":[{"href":"https:\/\/www.yucatanencorto.com\/noticias\/wp-json\/wp\/v2\/posts\/112128","targetHints":{"allow":["GET"]}}],"collection":[{"href":"https:\/\/www.yucatanencorto.com\/noticias\/wp-json\/wp\/v2\/posts"}],"about":[{"href":"https:\/\/www.yucatanencorto.com\/noticias\/wp-json\/wp\/v2\/types\/post"}],"author":[{"embeddable":true,"href":"https:\/\/www.yucatanencorto.com\/noticias\/wp-json\/wp\/v2\/users\/2"}],"replies":[{"embeddable":true,"href":"https:\/\/www.yucatanencorto.com\/noticias\/wp-json\/wp\/v2\/comments?post=112128"}],"version-history":[{"count":0,"href":"https:\/\/www.yucatanencorto.com\/noticias\/wp-json\/wp\/v2\/posts\/112128\/revisions"}],"wp:featuredmedia":[{"embeddable":true,"href":"https:\/\/www.yucatanencorto.com\/noticias\/wp-json\/wp\/v2\/media\/112132"}],"wp:attachment":[{"href":"https:\/\/www.yucatanencorto.com\/noticias\/wp-json\/wp\/v2\/media?parent=112128"}],"wp:term":[{"taxonomy":"category","embeddable":true,"href":"https:\/\/www.yucatanencorto.com\/noticias\/wp-json\/wp\/v2\/categories?post=112128"},{"taxonomy":"post_tag","embeddable":true,"href":"https:\/\/www.yucatanencorto.com\/noticias\/wp-json\/wp\/v2\/tags?post=112128"}],"curies":[{"name":"wp","href":"https:\/\/api.w.org\/{rel}","templated":true}]}}