{"id":112141,"date":"2024-09-14T15:39:52","date_gmt":"2024-09-14T21:39:52","guid":{"rendered":"https:\/\/www.yucatanencorto.com\/noticias\/?p=112141"},"modified":"2024-09-14T15:39:52","modified_gmt":"2024-09-14T21:39:52","slug":"el-centenario-y-animaya-abriran-este-lunes-16-para-disfrute-de-las-familias-meridanas","status":"publish","type":"post","link":"https:\/\/www.yucatanencorto.com\/noticias\/el-centenario-y-animaya-abriran-este-lunes-16-para-disfrute-de-las-familias-meridanas\/","title":{"rendered":"El Centenario y Animaya abrir\u00e1n este lunes 16 para disfrute de las familias meridanas"},"content":{"rendered":"<p><img loading=\"lazy\" decoding=\"async\" class=\"alignnone size-full wp-image-112142\" src=\"https:\/\/www.yucatanencorto.com\/noticias\/wp-content\/uploads\/2024\/09\/IMG_5222-scaled.jpeg\" alt=\"\" width=\"768\" height=\"384\" srcset=\"https:\/\/www.yucatanencorto.com\/noticias\/wp-content\/uploads\/2024\/09\/IMG_5222-scaled.jpeg 768w, https:\/\/www.yucatanencorto.com\/noticias\/wp-content\/uploads\/2024\/09\/IMG_5222-150x75.jpeg 150w, https:\/\/www.yucatanencorto.com\/noticias\/wp-content\/uploads\/2024\/09\/IMG_5222-300x150.jpeg 300w, https:\/\/www.yucatanencorto.com\/noticias\/wp-content\/uploads\/2024\/09\/IMG_5222-696x348.jpeg 696w\" sizes=\"auto, (max-width: 768px) 100vw, 768px\" \/><\/p>\n<p>M\u00e9rida, Yucat\u00e1n, 14 de septiembre de 2024.- Este lunes 16 de septiembre, los parques zool\u00f3gicos de M\u00e9rida, El Centenario y Animaya, abrir\u00e1n sus puertas para que las familias disfruten de estos espacios emblem\u00e1ticos durante el d\u00eda de asueto.<\/p>\n<p>La Presidenta Municipal, Cecilia Patr\u00f3n Laviada, dispuso que ambos parques brinden sus servicios como una opci\u00f3n recreativa adicional en el marco de los festejos por la Independencia de M\u00e9xico.<\/p>\n<p>El acceso a ambos parques ser\u00e1 gratuito, y estar\u00e1n abiertos de 9:00 a 16:00 horas. Estos zool\u00f3gicos no solo ofrecen entretenimiento, sino tambi\u00e9n una experiencia educativa que fomenta la conservaci\u00f3n y el respeto por la naturaleza, haciendo de ellos una excelente opci\u00f3n para todas las edades.<\/p>\n<p>Durante los fines de semana, El Centenario y Animaya reciben hasta 25 mil visitantes, con un flujo mensual de aproximadamente 110 mil personas, y se estima que se acercan al mill\u00f3n y medio de visitantes al a\u00f1o.<\/p>\n<p>El Centenario cuenta con \u00e1reas para picnic y restaurantes, juegos mec\u00e1nicos, acuario, el popular trenecito y actividades en Educazoo. Por su parte, Animaya ofrece recorridos en Safari y Catamar\u00e1n, un Parque Acu\u00e1tico, Herpetario, Jard\u00edn de Epifitas, y la Estela, atrayendo a cientos de familias.<\/p>\n<p>Ambos parques son tambi\u00e9n importantes centros de conservaci\u00f3n de fauna silvestre.<\/p>\n<p>#MeridaContigoEsMejor<\/p>\n","protected":false},"excerpt":{"rendered":"<p>M\u00e9rida, Yucat\u00e1n, 14 de septiembre de 2024.- Este lunes 16 de septiembre, los parques zool\u00f3gicos de M\u00e9rida, El Centenario y Animaya, abrir\u00e1n sus puertas para que las familias disfruten de estos espacios emblem\u00e1ticos durante el d\u00eda de asueto. La Presidenta Municipal, Cecilia Patr\u00f3n Laviada, dispuso que ambos parques brinden sus servicios como una opci\u00f3n recreativa [&hellip;]<\/p>\n","protected":false},"author":2,"featured_media":112142,"comment_status":"closed","ping_status":"closed","sticky":false,"template":"","format":"standard","meta":{"footnotes":""},"categories":[2,3],"tags":[],"class_list":{"0":"post-112141","1":"post","2":"type-post","3":"status-publish","4":"format-standard","5":"has-post-thumbnail","7":"category-merida","8":"category-yucatan"},"yoast_head":"<!-- This site is optimized with the Yoast SEO plugin v27.5 - https:\/\/yoast.com\/product\/yoast-seo-wordpress\/ -->\n<title>El Centenario y Animaya abrir\u00e1n este lunes 16 para disfrute de las familias meridanas - Yucat\u00e1n en corto<\/title>\n<meta name=\"robots\" content=\"index, follow, max-snippet:-1, max-image-preview:large, max-video-preview:-1\" \/>\n<link rel=\"canonical\" href=\"https:\/\/www.yucatanencorto.com\/noticias\/el-centenario-y-animaya-abriran-este-lunes-16-para-disfrute-de-las-familias-meridanas\/\" \/>\n<meta property=\"og:locale\" content=\"es_ES\" \/>\n<meta property=\"og:type\" content=\"article\" \/>\n<meta property=\"og:title\" content=\"El Centenario y Animaya abrir\u00e1n este lunes 16 para disfrute de las familias meridanas - Yucat\u00e1n en corto\" \/>\n<meta property=\"og:description\" content=\"M\u00e9rida, Yucat\u00e1n, 14 de septiembre de 2024.- Este lunes 16 de septiembre, los parques zool\u00f3gicos de M\u00e9rida, El Centenario y Animaya, abrir\u00e1n sus puertas para que las familias disfruten de estos espacios emblem\u00e1ticos durante el d\u00eda de asueto. La Presidenta Municipal, Cecilia Patr\u00f3n Laviada, dispuso que ambos parques brinden sus servicios como una opci\u00f3n recreativa [&hellip;]\" \/>\n<meta property=\"og:url\" content=\"https:\/\/www.yucatanencorto.com\/noticias\/el-centenario-y-animaya-abriran-este-lunes-16-para-disfrute-de-las-familias-meridanas\/\" \/>\n<meta property=\"og:site_name\" content=\"Yucat\u00e1n en corto\" \/>\n<meta property=\"article:publisher\" content=\"http:\/\/www.facebook.com\/yucatanencorto\" \/>\n<meta property=\"article:published_time\" content=\"2024-09-14T21:39:52+00:00\" \/>\n<meta property=\"og:image\" content=\"https:\/\/www.yucatanencorto.com\/noticias\/wp-content\/uploads\/2024\/09\/IMG_5222-scaled.jpeg\" \/>\n\t<meta property=\"og:image:width\" content=\"768\" \/>\n\t<meta property=\"og:image:height\" content=\"384\" \/>\n\t<meta property=\"og:image:type\" content=\"image\/jpeg\" \/>\n<meta name=\"author\" content=\"Yucat\u00e1n en Corto FC\" \/>\n<meta name=\"twitter:card\" content=\"summary_large_image\" \/>\n<meta name=\"twitter:creator\" content=\"@yucatanencorto\" \/>\n<meta name=\"twitter:site\" content=\"@yucatanencorto\" \/>\n<meta name=\"twitter:label1\" content=\"Escrito por\" \/>\n\t<meta name=\"twitter:data1\" content=\"Yucat\u00e1n en Corto FC\" \/>\n\t<meta name=\"twitter:label2\" content=\"Tiempo de lectura\" \/>\n\t<meta name=\"twitter:data2\" content=\"2 minutos\" \/>\n<script type=\"application\/ld+json\" class=\"yoast-schema-graph\">{\"@context\":\"https:\\\/\\\/schema.org\",\"@graph\":[{\"@type\":\"Article\",\"@id\":\"https:\\\/\\\/www.yucatanencorto.com\\\/noticias\\\/el-centenario-y-animaya-abriran-este-lunes-16-para-disfrute-de-las-familias-meridanas\\\/#article\",\"isPartOf\":{\"@id\":\"https:\\\/\\\/www.yucatanencorto.com\\\/noticias\\\/el-centenario-y-animaya-abriran-este-lunes-16-para-disfrute-de-las-familias-meridanas\\\/\"},\"author\":{\"name\":\"Yucat\u00e1n en Corto FC\",\"@id\":\"https:\\\/\\\/www.yucatanencorto.com\\\/noticias\\\/#\\\/schema\\\/person\\\/14f82d355225a1f4075dd84a31f45a72\"},\"headline\":\"El Centenario y Animaya abrir\u00e1n este lunes 16 para disfrute de las familias meridanas\",\"datePublished\":\"2024-09-14T21:39:52+00:00\",\"mainEntityOfPage\":{\"@id\":\"https:\\\/\\\/www.yucatanencorto.com\\\/noticias\\\/el-centenario-y-animaya-abriran-este-lunes-16-para-disfrute-de-las-familias-meridanas\\\/\"},\"wordCount\":237,\"image\":{\"@id\":\"https:\\\/\\\/www.yucatanencorto.com\\\/noticias\\\/el-centenario-y-animaya-abriran-este-lunes-16-para-disfrute-de-las-familias-meridanas\\\/#primaryimage\"},\"thumbnailUrl\":\"https:\\\/\\\/www.yucatanencorto.com\\\/noticias\\\/wp-content\\\/uploads\\\/2024\\\/09\\\/IMG_5222-scaled.jpeg\",\"articleSection\":[\"M\u00e9rida\",\"Yucat\u00e1n\"],\"inLanguage\":\"es\"},{\"@type\":\"WebPage\",\"@id\":\"https:\\\/\\\/www.yucatanencorto.com\\\/noticias\\\/el-centenario-y-animaya-abriran-este-lunes-16-para-disfrute-de-las-familias-meridanas\\\/\",\"url\":\"https:\\\/\\\/www.yucatanencorto.com\\\/noticias\\\/el-centenario-y-animaya-abriran-este-lunes-16-para-disfrute-de-las-familias-meridanas\\\/\",\"name\":\"El Centenario y Animaya abrir\u00e1n este lunes 16 para disfrute de las familias meridanas - Yucat\u00e1n en corto\",\"isPartOf\":{\"@id\":\"https:\\\/\\\/www.yucatanencorto.com\\\/noticias\\\/#website\"},\"primaryImageOfPage\":{\"@id\":\"https:\\\/\\\/www.yucatanencorto.com\\\/noticias\\\/el-centenario-y-animaya-abriran-este-lunes-16-para-disfrute-de-las-familias-meridanas\\\/#primaryimage\"},\"image\":{\"@id\":\"https:\\\/\\\/www.yucatanencorto.com\\\/noticias\\\/el-centenario-y-animaya-abriran-este-lunes-16-para-disfrute-de-las-familias-meridanas\\\/#primaryimage\"},\"thumbnailUrl\":\"https:\\\/\\\/www.yucatanencorto.com\\\/noticias\\\/wp-content\\\/uploads\\\/2024\\\/09\\\/IMG_5222-scaled.jpeg\",\"datePublished\":\"2024-09-14T21:39:52+00:00\",\"author\":{\"@id\":\"https:\\\/\\\/www.yucatanencorto.com\\\/noticias\\\/#\\\/schema\\\/person\\\/14f82d355225a1f4075dd84a31f45a72\"},\"breadcrumb\":{\"@id\":\"https:\\\/\\\/www.yucatanencorto.com\\\/noticias\\\/el-centenario-y-animaya-abriran-este-lunes-16-para-disfrute-de-las-familias-meridanas\\\/#breadcrumb\"},\"inLanguage\":\"es\",\"potentialAction\":[{\"@type\":\"ReadAction\",\"target\":[\"https:\\\/\\\/www.yucatanencorto.com\\\/noticias\\\/el-centenario-y-animaya-abriran-este-lunes-16-para-disfrute-de-las-familias-meridanas\\\/\"]}]},{\"@type\":\"ImageObject\",\"inLanguage\":\"es\",\"@id\":\"https:\\\/\\\/www.yucatanencorto.com\\\/noticias\\\/el-centenario-y-animaya-abriran-este-lunes-16-para-disfrute-de-las-familias-meridanas\\\/#primaryimage\",\"url\":\"https:\\\/\\\/www.yucatanencorto.com\\\/noticias\\\/wp-content\\\/uploads\\\/2024\\\/09\\\/IMG_5222-scaled.jpeg\",\"contentUrl\":\"https:\\\/\\\/www.yucatanencorto.com\\\/noticias\\\/wp-content\\\/uploads\\\/2024\\\/09\\\/IMG_5222-scaled.jpeg\",\"width\":768,\"height\":384},{\"@type\":\"BreadcrumbList\",\"@id\":\"https:\\\/\\\/www.yucatanencorto.com\\\/noticias\\\/el-centenario-y-animaya-abriran-este-lunes-16-para-disfrute-de-las-familias-meridanas\\\/#breadcrumb\",\"itemListElement\":[{\"@type\":\"ListItem\",\"position\":1,\"name\":\"Portada\",\"item\":\"https:\\\/\\\/www.yucatanencorto.com\\\/noticias\\\/\"},{\"@type\":\"ListItem\",\"position\":2,\"name\":\"El Centenario y Animaya abrir\u00e1n este lunes 16 para disfrute de las familias meridanas\"}]},{\"@type\":\"WebSite\",\"@id\":\"https:\\\/\\\/www.yucatanencorto.com\\\/noticias\\\/#website\",\"url\":\"https:\\\/\\\/www.yucatanencorto.com\\\/noticias\\\/\",\"name\":\"Yucat\u00e1n en corto\",\"description\":\"Noticias\",\"potentialAction\":[{\"@type\":\"SearchAction\",\"target\":{\"@type\":\"EntryPoint\",\"urlTemplate\":\"https:\\\/\\\/www.yucatanencorto.com\\\/noticias\\\/?s={search_term_string}\"},\"query-input\":{\"@type\":\"PropertyValueSpecification\",\"valueRequired\":true,\"valueName\":\"search_term_string\"}}],\"inLanguage\":\"es\"},{\"@type\":\"Person\",\"@id\":\"https:\\\/\\\/www.yucatanencorto.com\\\/noticias\\\/#\\\/schema\\\/person\\\/14f82d355225a1f4075dd84a31f45a72\",\"name\":\"Yucat\u00e1n en Corto FC\",\"image\":{\"@type\":\"ImageObject\",\"inLanguage\":\"es\",\"@id\":\"https:\\\/\\\/secure.gravatar.com\\\/avatar\\\/147d4b30cd728c53c29c49a3f7834dedca33707f4cd259761355846009a88250?s=96&d=mm&r=g\",\"url\":\"https:\\\/\\\/secure.gravatar.com\\\/avatar\\\/147d4b30cd728c53c29c49a3f7834dedca33707f4cd259761355846009a88250?s=96&d=mm&r=g\",\"contentUrl\":\"https:\\\/\\\/secure.gravatar.com\\\/avatar\\\/147d4b30cd728c53c29c49a3f7834dedca33707f4cd259761355846009a88250?s=96&d=mm&r=g\",\"caption\":\"Yucat\u00e1n en Corto FC\"},\"url\":\"https:\\\/\\\/www.yucatanencorto.com\\\/noticias\\\/author\\\/flor\\\/\"}]}<\/script>\n<!-- \/ Yoast SEO plugin. -->","yoast_head_json":{"title":"El Centenario y Animaya abrir\u00e1n este lunes 16 para disfrute de las familias meridanas - Yucat\u00e1n en corto","robots":{"index":"index","follow":"follow","max-snippet":"max-snippet:-1","max-image-preview":"max-image-preview:large","max-video-preview":"max-video-preview:-1"},"canonical":"https:\/\/www.yucatanencorto.com\/noticias\/el-centenario-y-animaya-abriran-este-lunes-16-para-disfrute-de-las-familias-meridanas\/","og_locale":"es_ES","og_type":"article","og_title":"El Centenario y Animaya abrir\u00e1n este lunes 16 para disfrute de las familias meridanas - Yucat\u00e1n en corto","og_description":"M\u00e9rida, Yucat\u00e1n, 14 de septiembre de 2024.- Este lunes 16 de septiembre, los parques zool\u00f3gicos de M\u00e9rida, El Centenario y Animaya, abrir\u00e1n sus puertas para que las familias disfruten de estos espacios emblem\u00e1ticos durante el d\u00eda de asueto. La Presidenta Municipal, Cecilia Patr\u00f3n Laviada, dispuso que ambos parques brinden sus servicios como una opci\u00f3n recreativa [&hellip;]","og_url":"https:\/\/www.yucatanencorto.com\/noticias\/el-centenario-y-animaya-abriran-este-lunes-16-para-disfrute-de-las-familias-meridanas\/","og_site_name":"Yucat\u00e1n en corto","article_publisher":"http:\/\/www.facebook.com\/yucatanencorto","article_published_time":"2024-09-14T21:39:52+00:00","og_image":[{"width":768,"height":384,"url":"https:\/\/www.yucatanencorto.com\/noticias\/wp-content\/uploads\/2024\/09\/IMG_5222-scaled.jpeg","type":"image\/jpeg"}],"author":"Yucat\u00e1n en Corto FC","twitter_card":"summary_large_image","twitter_creator":"@yucatanencorto","twitter_site":"@yucatanencorto","twitter_misc":{"Escrito por":"Yucat\u00e1n en Corto FC","Tiempo de lectura":"2 minutos"},"schema":{"@context":"https:\/\/schema.org","@graph":[{"@type":"Article","@id":"https:\/\/www.yucatanencorto.com\/noticias\/el-centenario-y-animaya-abriran-este-lunes-16-para-disfrute-de-las-familias-meridanas\/#article","isPartOf":{"@id":"https:\/\/www.yucatanencorto.com\/noticias\/el-centenario-y-animaya-abriran-este-lunes-16-para-disfrute-de-las-familias-meridanas\/"},"author":{"name":"Yucat\u00e1n en Corto FC","@id":"https:\/\/www.yucatanencorto.com\/noticias\/#\/schema\/person\/14f82d355225a1f4075dd84a31f45a72"},"headline":"El Centenario y Animaya abrir\u00e1n este lunes 16 para disfrute de las familias meridanas","datePublished":"2024-09-14T21:39:52+00:00","mainEntityOfPage":{"@id":"https:\/\/www.yucatanencorto.com\/noticias\/el-centenario-y-animaya-abriran-este-lunes-16-para-disfrute-de-las-familias-meridanas\/"},"wordCount":237,"image":{"@id":"https:\/\/www.yucatanencorto.com\/noticias\/el-centenario-y-animaya-abriran-este-lunes-16-para-disfrute-de-las-familias-meridanas\/#primaryimage"},"thumbnailUrl":"https:\/\/www.yucatanencorto.com\/noticias\/wp-content\/uploads\/2024\/09\/IMG_5222-scaled.jpeg","articleSection":["M\u00e9rida","Yucat\u00e1n"],"inLanguage":"es"},{"@type":"WebPage","@id":"https:\/\/www.yucatanencorto.com\/noticias\/el-centenario-y-animaya-abriran-este-lunes-16-para-disfrute-de-las-familias-meridanas\/","url":"https:\/\/www.yucatanencorto.com\/noticias\/el-centenario-y-animaya-abriran-este-lunes-16-para-disfrute-de-las-familias-meridanas\/","name":"El Centenario y Animaya abrir\u00e1n este lunes 16 para disfrute de las familias meridanas - Yucat\u00e1n en corto","isPartOf":{"@id":"https:\/\/www.yucatanencorto.com\/noticias\/#website"},"primaryImageOfPage":{"@id":"https:\/\/www.yucatanencorto.com\/noticias\/el-centenario-y-animaya-abriran-este-lunes-16-para-disfrute-de-las-familias-meridanas\/#primaryimage"},"image":{"@id":"https:\/\/www.yucatanencorto.com\/noticias\/el-centenario-y-animaya-abriran-este-lunes-16-para-disfrute-de-las-familias-meridanas\/#primaryimage"},"thumbnailUrl":"https:\/\/www.yucatanencorto.com\/noticias\/wp-content\/uploads\/2024\/09\/IMG_5222-scaled.jpeg","datePublished":"2024-09-14T21:39:52+00:00","author":{"@id":"https:\/\/www.yucatanencorto.com\/noticias\/#\/schema\/person\/14f82d355225a1f4075dd84a31f45a72"},"breadcrumb":{"@id":"https:\/\/www.yucatanencorto.com\/noticias\/el-centenario-y-animaya-abriran-este-lunes-16-para-disfrute-de-las-familias-meridanas\/#breadcrumb"},"inLanguage":"es","potentialAction":[{"@type":"ReadAction","target":["https:\/\/www.yucatanencorto.com\/noticias\/el-centenario-y-animaya-abriran-este-lunes-16-para-disfrute-de-las-familias-meridanas\/"]}]},{"@type":"ImageObject","inLanguage":"es","@id":"https:\/\/www.yucatanencorto.com\/noticias\/el-centenario-y-animaya-abriran-este-lunes-16-para-disfrute-de-las-familias-meridanas\/#primaryimage","url":"https:\/\/www.yucatanencorto.com\/noticias\/wp-content\/uploads\/2024\/09\/IMG_5222-scaled.jpeg","contentUrl":"https:\/\/www.yucatanencorto.com\/noticias\/wp-content\/uploads\/2024\/09\/IMG_5222-scaled.jpeg","width":768,"height":384},{"@type":"BreadcrumbList","@id":"https:\/\/www.yucatanencorto.com\/noticias\/el-centenario-y-animaya-abriran-este-lunes-16-para-disfrute-de-las-familias-meridanas\/#breadcrumb","itemListElement":[{"@type":"ListItem","position":1,"name":"Portada","item":"https:\/\/www.yucatanencorto.com\/noticias\/"},{"@type":"ListItem","position":2,"name":"El Centenario y Animaya abrir\u00e1n este lunes 16 para disfrute de las familias meridanas"}]},{"@type":"WebSite","@id":"https:\/\/www.yucatanencorto.com\/noticias\/#website","url":"https:\/\/www.yucatanencorto.com\/noticias\/","name":"Yucat\u00e1n en corto","description":"Noticias","potentialAction":[{"@type":"SearchAction","target":{"@type":"EntryPoint","urlTemplate":"https:\/\/www.yucatanencorto.com\/noticias\/?s={search_term_string}"},"query-input":{"@type":"PropertyValueSpecification","valueRequired":true,"valueName":"search_term_string"}}],"inLanguage":"es"},{"@type":"Person","@id":"https:\/\/www.yucatanencorto.com\/noticias\/#\/schema\/person\/14f82d355225a1f4075dd84a31f45a72","name":"Yucat\u00e1n en Corto FC","image":{"@type":"ImageObject","inLanguage":"es","@id":"https:\/\/secure.gravatar.com\/avatar\/147d4b30cd728c53c29c49a3f7834dedca33707f4cd259761355846009a88250?s=96&d=mm&r=g","url":"https:\/\/secure.gravatar.com\/avatar\/147d4b30cd728c53c29c49a3f7834dedca33707f4cd259761355846009a88250?s=96&d=mm&r=g","contentUrl":"https:\/\/secure.gravatar.com\/avatar\/147d4b30cd728c53c29c49a3f7834dedca33707f4cd259761355846009a88250?s=96&d=mm&r=g","caption":"Yucat\u00e1n en Corto FC"},"url":"https:\/\/www.yucatanencorto.com\/noticias\/author\/flor\/"}]}},"_links":{"self":[{"href":"https:\/\/www.yucatanencorto.com\/noticias\/wp-json\/wp\/v2\/posts\/112141","targetHints":{"allow":["GET"]}}],"collection":[{"href":"https:\/\/www.yucatanencorto.com\/noticias\/wp-json\/wp\/v2\/posts"}],"about":[{"href":"https:\/\/www.yucatanencorto.com\/noticias\/wp-json\/wp\/v2\/types\/post"}],"author":[{"embeddable":true,"href":"https:\/\/www.yucatanencorto.com\/noticias\/wp-json\/wp\/v2\/users\/2"}],"replies":[{"embeddable":true,"href":"https:\/\/www.yucatanencorto.com\/noticias\/wp-json\/wp\/v2\/comments?post=112141"}],"version-history":[{"count":0,"href":"https:\/\/www.yucatanencorto.com\/noticias\/wp-json\/wp\/v2\/posts\/112141\/revisions"}],"wp:featuredmedia":[{"embeddable":true,"href":"https:\/\/www.yucatanencorto.com\/noticias\/wp-json\/wp\/v2\/media\/112142"}],"wp:attachment":[{"href":"https:\/\/www.yucatanencorto.com\/noticias\/wp-json\/wp\/v2\/media?parent=112141"}],"wp:term":[{"taxonomy":"category","embeddable":true,"href":"https:\/\/www.yucatanencorto.com\/noticias\/wp-json\/wp\/v2\/categories?post=112141"},{"taxonomy":"post_tag","embeddable":true,"href":"https:\/\/www.yucatanencorto.com\/noticias\/wp-json\/wp\/v2\/tags?post=112141"}],"curies":[{"name":"wp","href":"https:\/\/api.w.org\/{rel}","templated":true}]}}