{"id":112147,"date":"2024-09-15T16:16:51","date_gmt":"2024-09-15T22:16:51","guid":{"rendered":"https:\/\/www.yucatanencorto.com\/noticias\/?p=112147"},"modified":"2024-09-15T16:18:45","modified_gmt":"2024-09-15T22:18:45","slug":"la-celebracion-de-la-independencia-es-oportunidad-de-exaltar-el-papel-de-las-mujeres-en-la-construccion-de-mexico","status":"publish","type":"post","link":"https:\/\/www.yucatanencorto.com\/noticias\/la-celebracion-de-la-independencia-es-oportunidad-de-exaltar-el-papel-de-las-mujeres-en-la-construccion-de-mexico\/","title":{"rendered":"Se exalta el papel de la mujer en esta celebraci\u00f3n de la independencia"},"content":{"rendered":"<p><img loading=\"lazy\" decoding=\"async\" class=\"alignnone size-full wp-image-112148\" src=\"https:\/\/www.yucatanencorto.com\/noticias\/wp-content\/uploads\/2024\/09\/WhatsApp-Image-2024-09-15-at-3.38.21-PM-1-scaled.jpeg\" alt=\"\" width=\"768\" height=\"512\" srcset=\"https:\/\/www.yucatanencorto.com\/noticias\/wp-content\/uploads\/2024\/09\/WhatsApp-Image-2024-09-15-at-3.38.21-PM-1-scaled.jpeg 768w, https:\/\/www.yucatanencorto.com\/noticias\/wp-content\/uploads\/2024\/09\/WhatsApp-Image-2024-09-15-at-3.38.21-PM-1-150x100.jpeg 150w, https:\/\/www.yucatanencorto.com\/noticias\/wp-content\/uploads\/2024\/09\/WhatsApp-Image-2024-09-15-at-3.38.21-PM-1-300x200.jpeg 300w, https:\/\/www.yucatanencorto.com\/noticias\/wp-content\/uploads\/2024\/09\/WhatsApp-Image-2024-09-15-at-3.38.21-PM-1-696x464.jpeg 696w, https:\/\/www.yucatanencorto.com\/noticias\/wp-content\/uploads\/2024\/09\/WhatsApp-Image-2024-09-15-at-3.38.21-PM-1-1068x712.jpeg 1068w\" sizes=\"auto, (max-width: 768px) 100vw, 768px\" \/> <img loading=\"lazy\" decoding=\"async\" class=\"alignnone size-full wp-image-112149\" src=\"https:\/\/www.yucatanencorto.com\/noticias\/wp-content\/uploads\/2024\/09\/WhatsApp-Image-2024-09-15-at-3.38.21-PM-scaled.jpeg\" alt=\"\" width=\"768\" height=\"512\" srcset=\"https:\/\/www.yucatanencorto.com\/noticias\/wp-content\/uploads\/2024\/09\/WhatsApp-Image-2024-09-15-at-3.38.21-PM-scaled.jpeg 768w, https:\/\/www.yucatanencorto.com\/noticias\/wp-content\/uploads\/2024\/09\/WhatsApp-Image-2024-09-15-at-3.38.21-PM-150x100.jpeg 150w, https:\/\/www.yucatanencorto.com\/noticias\/wp-content\/uploads\/2024\/09\/WhatsApp-Image-2024-09-15-at-3.38.21-PM-300x200.jpeg 300w, https:\/\/www.yucatanencorto.com\/noticias\/wp-content\/uploads\/2024\/09\/WhatsApp-Image-2024-09-15-at-3.38.21-PM-696x464.jpeg 696w, https:\/\/www.yucatanencorto.com\/noticias\/wp-content\/uploads\/2024\/09\/WhatsApp-Image-2024-09-15-at-3.38.21-PM-1068x712.jpeg 1068w\" sizes=\"auto, (max-width: 768px) 100vw, 768px\" \/> <img loading=\"lazy\" decoding=\"async\" class=\"alignnone size-full wp-image-112150\" src=\"https:\/\/www.yucatanencorto.com\/noticias\/wp-content\/uploads\/2024\/09\/WhatsApp-Image-2024-09-15-at-3.38.20-PM-2-scaled.jpeg\" alt=\"\" width=\"768\" height=\"512\" srcset=\"https:\/\/www.yucatanencorto.com\/noticias\/wp-content\/uploads\/2024\/09\/WhatsApp-Image-2024-09-15-at-3.38.20-PM-2-scaled.jpeg 768w, https:\/\/www.yucatanencorto.com\/noticias\/wp-content\/uploads\/2024\/09\/WhatsApp-Image-2024-09-15-at-3.38.20-PM-2-150x100.jpeg 150w, https:\/\/www.yucatanencorto.com\/noticias\/wp-content\/uploads\/2024\/09\/WhatsApp-Image-2024-09-15-at-3.38.20-PM-2-300x200.jpeg 300w, https:\/\/www.yucatanencorto.com\/noticias\/wp-content\/uploads\/2024\/09\/WhatsApp-Image-2024-09-15-at-3.38.20-PM-2-696x464.jpeg 696w, https:\/\/www.yucatanencorto.com\/noticias\/wp-content\/uploads\/2024\/09\/WhatsApp-Image-2024-09-15-at-3.38.20-PM-2-1068x712.jpeg 1068w\" sizes=\"auto, (max-width: 768px) 100vw, 768px\" \/> <img loading=\"lazy\" decoding=\"async\" class=\"alignnone size-full wp-image-112151\" src=\"https:\/\/www.yucatanencorto.com\/noticias\/wp-content\/uploads\/2024\/09\/WhatsApp-Image-2024-09-15-at-3.38.20-PM-1-scaled.jpeg\" alt=\"\" width=\"768\" height=\"512\" srcset=\"https:\/\/www.yucatanencorto.com\/noticias\/wp-content\/uploads\/2024\/09\/WhatsApp-Image-2024-09-15-at-3.38.20-PM-1-scaled.jpeg 768w, https:\/\/www.yucatanencorto.com\/noticias\/wp-content\/uploads\/2024\/09\/WhatsApp-Image-2024-09-15-at-3.38.20-PM-1-150x100.jpeg 150w, https:\/\/www.yucatanencorto.com\/noticias\/wp-content\/uploads\/2024\/09\/WhatsApp-Image-2024-09-15-at-3.38.20-PM-1-300x200.jpeg 300w, https:\/\/www.yucatanencorto.com\/noticias\/wp-content\/uploads\/2024\/09\/WhatsApp-Image-2024-09-15-at-3.38.20-PM-1-696x464.jpeg 696w, https:\/\/www.yucatanencorto.com\/noticias\/wp-content\/uploads\/2024\/09\/WhatsApp-Image-2024-09-15-at-3.38.20-PM-1-1068x712.jpeg 1068w\" sizes=\"auto, (max-width: 768px) 100vw, 768px\" \/> <img loading=\"lazy\" decoding=\"async\" class=\"alignnone size-full wp-image-112152\" src=\"https:\/\/www.yucatanencorto.com\/noticias\/wp-content\/uploads\/2024\/09\/WhatsApp-Image-2024-09-15-at-3.38.20-PM-scaled.jpeg\" alt=\"\" width=\"768\" height=\"512\" srcset=\"https:\/\/www.yucatanencorto.com\/noticias\/wp-content\/uploads\/2024\/09\/WhatsApp-Image-2024-09-15-at-3.38.20-PM-scaled.jpeg 768w, https:\/\/www.yucatanencorto.com\/noticias\/wp-content\/uploads\/2024\/09\/WhatsApp-Image-2024-09-15-at-3.38.20-PM-150x100.jpeg 150w, https:\/\/www.yucatanencorto.com\/noticias\/wp-content\/uploads\/2024\/09\/WhatsApp-Image-2024-09-15-at-3.38.20-PM-300x200.jpeg 300w, https:\/\/www.yucatanencorto.com\/noticias\/wp-content\/uploads\/2024\/09\/WhatsApp-Image-2024-09-15-at-3.38.20-PM-696x464.jpeg 696w, https:\/\/www.yucatanencorto.com\/noticias\/wp-content\/uploads\/2024\/09\/WhatsApp-Image-2024-09-15-at-3.38.20-PM-1068x712.jpeg 1068w\" sizes=\"auto, (max-width: 768px) 100vw, 768px\" \/><\/p>\n<p style=\"text-align: justify;\">En el marco del 214 aniversario de la Independencia de M\u00e9xico, la Presidenta Municipal de M\u00e9rida, Cecilia Patr\u00f3n Laviada, destac\u00f3 el papel fundamental de las mujeres en el nacimiento de la naci\u00f3n y la construcci\u00f3n de una sociedad m\u00e1s justa y equitativa.<\/p>\n<p style=\"text-align: justify;\">\u201cHoy m\u00e1s que nunca se hace patente que la lucha por la libertad y la democracia debe ser un esfuerzo permanente ante la posibilidad de la concentraci\u00f3n de poder y la restricci\u00f3n de los espacios que la sociedad civil ha ganado en esta lucha de m\u00e1s de dos siglos\u201d, expres\u00f3.<\/p>\n<p style=\"text-align: justify;\">En la Sesi\u00f3n Solemne de Cabildo que se realiz\u00f3 en el auditorio \u201cSilvio Zavala Vallado\u201d del Centro Cultural Olimpo, la Alcaldesa se\u00f1al\u00f3 que figuras como Consuelo Zavala Castillo, Elvia Carrillo Puerto y Rosa Torre Gonz\u00e1lez, dejaron una importante huella en la lucha del M\u00e9xico independiente, libre y soberano.<\/p>\n<p style=\"text-align: justify;\">Acompa\u00f1ada de representantes de los tres poderes de gobierno, todas mujeres, integrantes del Cabildo meridano, de la sociedad civil, diputadas y diputados federales y locales y funcionarios municipales, Cecilia Patr\u00f3n convoc\u00f3 a la ciudadan\u00eda a reflexionar sobre el momento que vive nuestra Rep\u00fablica y a continuar trabajando con los mismos valores que inspiraron a quienes nos dieron patria para que la justicia y la prosperidad lleguen hasta el \u00faltimo rinc\u00f3n de nuestras comunidades.<\/p>\n<p style=\"text-align: justify;\">En su intervenci\u00f3n, la oradora hu\u00e9sped Celia Esperanza Rosado Avil\u00e9s, secretaria General de la Universidad Aut\u00f3noma de Yucat\u00e1n, destac\u00f3 que la determinaci\u00f3n, compromiso, fuerza y uni\u00f3n de las mujeres y hombres fueron clave para lograr la independencia de Yucat\u00e1n y M\u00e9xico.<\/p>\n<p style=\"text-align: justify;\">\u201cAs\u00ed, pues, en un d\u00eda como hoy la provincia de Yucat\u00e1n se proclamaba independiente y se sumaba al esfuerzo de conformaci\u00f3n de una nueva naci\u00f3n\u201d, expres\u00f3. \u201cNo hay duda que entre lo mucho que ha aportado Yucat\u00e1n a la Patria est\u00e1n hombres y mujeres de letras y de ciencias, de capacidad pol\u00edtica, valientes y capaces de lograr consensos en los escenarios m\u00e1s complejos que ha presentado la historia\u201d.<\/p>\n<p style=\"text-align: justify;\">Agreg\u00f3 que, en la actualidad, desde sus trincheras profesores y profesoras, personas dedicadas al periodismo, a la medicina, a la jurisprudencia, al campo, a la industria, al arte, al comercio pugnan por lograr ese M\u00e9xico de igualdades sea una realidad para todas y todos los mexicanos.<\/p>\n<p style=\"text-align: justify;\">\u201cQue cada alegre grito que demos esta memorable fecha nos recuerde que la compleja realidad de este pa\u00eds requiere el talento y la energ\u00eda de todos y cada uno de nosotros. Por un M\u00e9xico que haga del di\u00e1logo entre todos los sectores, la raz\u00f3n y la discusi\u00f3n de ideas su herramienta m\u00e1s efectiva; por un M\u00e9xico donde la educaci\u00f3n llegue a cada uno de sus habitantes y por las calles se escuchen con libertad todas las lenguas que se hablan en este territorio; por un M\u00e9xico seguro, sin desaparecidos y sin violencia de ning\u00fan tipo en donde se garantice el derecho de todos y m\u00e1s de sus mujeres, sus ni\u00f1as y sus ni\u00f1os\u201d, mencion\u00f3.<\/p>\n<p style=\"text-align: justify;\">A su vez, la Presidenta Municipal remarc\u00f3 que los cambios verdaderos y trascendentales de una ciudad y un pa\u00eds se logran con la participaci\u00f3n activa de la ciudadan\u00eda.<\/p>\n<p style=\"text-align: justify;\">\u201cLa unidad de nuestras voluntades es lo que hace que el pa\u00eds avance hacia adelante\u201d, abund\u00f3 la Presidenta Municipal. \u201cFestejamos pues, con alegr\u00eda nuestra mexicanidad desde el cari\u00f1o y el respeto por nuestra cultura e identidad que nos reafirman como lo que somos como pa\u00eds, \u00a1Somos meridanos, somos yucatecos y, sobre todo, somos orgullosamente mexicanos!\u201d, concluy\u00f3.<\/p>\n<p style=\"text-align: justify;\">Por la ma\u00f1ana, la Alcaldesa asisti\u00f3 a la Solemne Celebraci\u00f3n Eucar\u00edstica \u201cMisa con Intenci\u00f3n de la Paz y el Bienestar Social<br \/>\nde Nuestra Patria, de sus Gobernantes, Funcionarios P\u00fablicos y Ciudadanos\u201d que encabez\u00f3 en la Santa Iglesia Catedral el Arzobispo de la Arquidi\u00f3cesis de Yucat\u00e1n, Mons. Gustavo Rodr\u00edguez Vega.<\/p>\n","protected":false},"excerpt":{"rendered":"<p>-La Presidenta Municipal de M\u00e9rida encabeza la Sesi\u00f3n Solemne de Cabildo con motivo del 214 aniversario del nacimiento de la naci\u00f3n.<\/p>\n<p>&#8211; Destaca una mayor\u00eda de mujeres en el pres\u00eddium y el Cabildo, as\u00ed c\u00f3mo la intervenci\u00f3n de la oradora hu\u00e9sped Celia Esperanza Rosado Avil\u00e9s.<\/p>\n","protected":false},"author":2,"featured_media":112152,"comment_status":"closed","ping_status":"closed","sticky":false,"template":"","format":"standard","meta":{"footnotes":""},"categories":[2,3],"tags":[],"class_list":{"0":"post-112147","1":"post","2":"type-post","3":"status-publish","4":"format-standard","5":"has-post-thumbnail","7":"category-merida","8":"category-yucatan"},"yoast_head":"<!-- This site is optimized with the Yoast SEO plugin v27.5 - https:\/\/yoast.com\/product\/yoast-seo-wordpress\/ -->\n<title>Se exalta el papel de la mujer en esta celebraci\u00f3n de la independencia - Yucat\u00e1n en corto<\/title>\n<meta name=\"robots\" content=\"index, follow, max-snippet:-1, max-image-preview:large, max-video-preview:-1\" \/>\n<link rel=\"canonical\" href=\"https:\/\/www.yucatanencorto.com\/noticias\/la-celebracion-de-la-independencia-es-oportunidad-de-exaltar-el-papel-de-las-mujeres-en-la-construccion-de-mexico\/\" \/>\n<meta property=\"og:locale\" content=\"es_ES\" \/>\n<meta property=\"og:type\" content=\"article\" \/>\n<meta property=\"og:title\" content=\"Se exalta el papel de la mujer en esta celebraci\u00f3n de la independencia - Yucat\u00e1n en corto\" \/>\n<meta property=\"og:description\" content=\"-La Presidenta Municipal de M\u00e9rida encabeza la Sesi\u00f3n Solemne de Cabildo con motivo del 214 aniversario del nacimiento de la naci\u00f3n.  - Destaca una mayor\u00eda de mujeres en el pres\u00eddium y el Cabildo, as\u00ed c\u00f3mo la intervenci\u00f3n de la oradora hu\u00e9sped Celia Esperanza Rosado Avil\u00e9s.\" \/>\n<meta property=\"og:url\" content=\"https:\/\/www.yucatanencorto.com\/noticias\/la-celebracion-de-la-independencia-es-oportunidad-de-exaltar-el-papel-de-las-mujeres-en-la-construccion-de-mexico\/\" \/>\n<meta property=\"og:site_name\" content=\"Yucat\u00e1n en corto\" \/>\n<meta property=\"article:publisher\" content=\"http:\/\/www.facebook.com\/yucatanencorto\" \/>\n<meta property=\"article:published_time\" content=\"2024-09-15T22:16:51+00:00\" \/>\n<meta property=\"article:modified_time\" content=\"2024-09-15T22:18:45+00:00\" \/>\n<meta property=\"og:image\" content=\"https:\/\/www.yucatanencorto.com\/noticias\/wp-content\/uploads\/2024\/09\/WhatsApp-Image-2024-09-15-at-3.38.20-PM-scaled.jpeg\" \/>\n\t<meta property=\"og:image:width\" content=\"768\" \/>\n\t<meta property=\"og:image:height\" content=\"512\" \/>\n\t<meta property=\"og:image:type\" content=\"image\/jpeg\" \/>\n<meta name=\"author\" content=\"Yucat\u00e1n en Corto FC\" \/>\n<meta name=\"twitter:card\" content=\"summary_large_image\" \/>\n<meta name=\"twitter:creator\" content=\"@yucatanencorto\" \/>\n<meta name=\"twitter:site\" content=\"@yucatanencorto\" \/>\n<meta name=\"twitter:label1\" content=\"Escrito por\" \/>\n\t<meta name=\"twitter:data1\" content=\"Yucat\u00e1n en Corto FC\" \/>\n\t<meta name=\"twitter:label2\" content=\"Tiempo de lectura\" \/>\n\t<meta name=\"twitter:data2\" content=\"5 minutos\" \/>\n<script type=\"application\/ld+json\" class=\"yoast-schema-graph\">{\"@context\":\"https:\\\/\\\/schema.org\",\"@graph\":[{\"@type\":\"Article\",\"@id\":\"https:\\\/\\\/www.yucatanencorto.com\\\/noticias\\\/la-celebracion-de-la-independencia-es-oportunidad-de-exaltar-el-papel-de-las-mujeres-en-la-construccion-de-mexico\\\/#article\",\"isPartOf\":{\"@id\":\"https:\\\/\\\/www.yucatanencorto.com\\\/noticias\\\/la-celebracion-de-la-independencia-es-oportunidad-de-exaltar-el-papel-de-las-mujeres-en-la-construccion-de-mexico\\\/\"},\"author\":{\"name\":\"Yucat\u00e1n en Corto FC\",\"@id\":\"https:\\\/\\\/www.yucatanencorto.com\\\/noticias\\\/#\\\/schema\\\/person\\\/14f82d355225a1f4075dd84a31f45a72\"},\"headline\":\"Se exalta el papel de la mujer en esta celebraci\u00f3n de la independencia\",\"datePublished\":\"2024-09-15T22:16:51+00:00\",\"dateModified\":\"2024-09-15T22:18:45+00:00\",\"mainEntityOfPage\":{\"@id\":\"https:\\\/\\\/www.yucatanencorto.com\\\/noticias\\\/la-celebracion-de-la-independencia-es-oportunidad-de-exaltar-el-papel-de-las-mujeres-en-la-construccion-de-mexico\\\/\"},\"wordCount\":694,\"image\":{\"@id\":\"https:\\\/\\\/www.yucatanencorto.com\\\/noticias\\\/la-celebracion-de-la-independencia-es-oportunidad-de-exaltar-el-papel-de-las-mujeres-en-la-construccion-de-mexico\\\/#primaryimage\"},\"thumbnailUrl\":\"https:\\\/\\\/www.yucatanencorto.com\\\/noticias\\\/wp-content\\\/uploads\\\/2024\\\/09\\\/WhatsApp-Image-2024-09-15-at-3.38.20-PM-scaled.jpeg\",\"articleSection\":[\"M\u00e9rida\",\"Yucat\u00e1n\"],\"inLanguage\":\"es\"},{\"@type\":\"WebPage\",\"@id\":\"https:\\\/\\\/www.yucatanencorto.com\\\/noticias\\\/la-celebracion-de-la-independencia-es-oportunidad-de-exaltar-el-papel-de-las-mujeres-en-la-construccion-de-mexico\\\/\",\"url\":\"https:\\\/\\\/www.yucatanencorto.com\\\/noticias\\\/la-celebracion-de-la-independencia-es-oportunidad-de-exaltar-el-papel-de-las-mujeres-en-la-construccion-de-mexico\\\/\",\"name\":\"Se exalta el papel de la mujer en esta celebraci\u00f3n de la independencia - Yucat\u00e1n en corto\",\"isPartOf\":{\"@id\":\"https:\\\/\\\/www.yucatanencorto.com\\\/noticias\\\/#website\"},\"primaryImageOfPage\":{\"@id\":\"https:\\\/\\\/www.yucatanencorto.com\\\/noticias\\\/la-celebracion-de-la-independencia-es-oportunidad-de-exaltar-el-papel-de-las-mujeres-en-la-construccion-de-mexico\\\/#primaryimage\"},\"image\":{\"@id\":\"https:\\\/\\\/www.yucatanencorto.com\\\/noticias\\\/la-celebracion-de-la-independencia-es-oportunidad-de-exaltar-el-papel-de-las-mujeres-en-la-construccion-de-mexico\\\/#primaryimage\"},\"thumbnailUrl\":\"https:\\\/\\\/www.yucatanencorto.com\\\/noticias\\\/wp-content\\\/uploads\\\/2024\\\/09\\\/WhatsApp-Image-2024-09-15-at-3.38.20-PM-scaled.jpeg\",\"datePublished\":\"2024-09-15T22:16:51+00:00\",\"dateModified\":\"2024-09-15T22:18:45+00:00\",\"author\":{\"@id\":\"https:\\\/\\\/www.yucatanencorto.com\\\/noticias\\\/#\\\/schema\\\/person\\\/14f82d355225a1f4075dd84a31f45a72\"},\"breadcrumb\":{\"@id\":\"https:\\\/\\\/www.yucatanencorto.com\\\/noticias\\\/la-celebracion-de-la-independencia-es-oportunidad-de-exaltar-el-papel-de-las-mujeres-en-la-construccion-de-mexico\\\/#breadcrumb\"},\"inLanguage\":\"es\",\"potentialAction\":[{\"@type\":\"ReadAction\",\"target\":[\"https:\\\/\\\/www.yucatanencorto.com\\\/noticias\\\/la-celebracion-de-la-independencia-es-oportunidad-de-exaltar-el-papel-de-las-mujeres-en-la-construccion-de-mexico\\\/\"]}]},{\"@type\":\"ImageObject\",\"inLanguage\":\"es\",\"@id\":\"https:\\\/\\\/www.yucatanencorto.com\\\/noticias\\\/la-celebracion-de-la-independencia-es-oportunidad-de-exaltar-el-papel-de-las-mujeres-en-la-construccion-de-mexico\\\/#primaryimage\",\"url\":\"https:\\\/\\\/www.yucatanencorto.com\\\/noticias\\\/wp-content\\\/uploads\\\/2024\\\/09\\\/WhatsApp-Image-2024-09-15-at-3.38.20-PM-scaled.jpeg\",\"contentUrl\":\"https:\\\/\\\/www.yucatanencorto.com\\\/noticias\\\/wp-content\\\/uploads\\\/2024\\\/09\\\/WhatsApp-Image-2024-09-15-at-3.38.20-PM-scaled.jpeg\",\"width\":768,\"height\":512},{\"@type\":\"BreadcrumbList\",\"@id\":\"https:\\\/\\\/www.yucatanencorto.com\\\/noticias\\\/la-celebracion-de-la-independencia-es-oportunidad-de-exaltar-el-papel-de-las-mujeres-en-la-construccion-de-mexico\\\/#breadcrumb\",\"itemListElement\":[{\"@type\":\"ListItem\",\"position\":1,\"name\":\"Portada\",\"item\":\"https:\\\/\\\/www.yucatanencorto.com\\\/noticias\\\/\"},{\"@type\":\"ListItem\",\"position\":2,\"name\":\"Se exalta el papel de la mujer en esta celebraci\u00f3n de la independencia\"}]},{\"@type\":\"WebSite\",\"@id\":\"https:\\\/\\\/www.yucatanencorto.com\\\/noticias\\\/#website\",\"url\":\"https:\\\/\\\/www.yucatanencorto.com\\\/noticias\\\/\",\"name\":\"Yucat\u00e1n en corto\",\"description\":\"Noticias\",\"potentialAction\":[{\"@type\":\"SearchAction\",\"target\":{\"@type\":\"EntryPoint\",\"urlTemplate\":\"https:\\\/\\\/www.yucatanencorto.com\\\/noticias\\\/?s={search_term_string}\"},\"query-input\":{\"@type\":\"PropertyValueSpecification\",\"valueRequired\":true,\"valueName\":\"search_term_string\"}}],\"inLanguage\":\"es\"},{\"@type\":\"Person\",\"@id\":\"https:\\\/\\\/www.yucatanencorto.com\\\/noticias\\\/#\\\/schema\\\/person\\\/14f82d355225a1f4075dd84a31f45a72\",\"name\":\"Yucat\u00e1n en Corto FC\",\"image\":{\"@type\":\"ImageObject\",\"inLanguage\":\"es\",\"@id\":\"https:\\\/\\\/secure.gravatar.com\\\/avatar\\\/147d4b30cd728c53c29c49a3f7834dedca33707f4cd259761355846009a88250?s=96&d=mm&r=g\",\"url\":\"https:\\\/\\\/secure.gravatar.com\\\/avatar\\\/147d4b30cd728c53c29c49a3f7834dedca33707f4cd259761355846009a88250?s=96&d=mm&r=g\",\"contentUrl\":\"https:\\\/\\\/secure.gravatar.com\\\/avatar\\\/147d4b30cd728c53c29c49a3f7834dedca33707f4cd259761355846009a88250?s=96&d=mm&r=g\",\"caption\":\"Yucat\u00e1n en Corto FC\"},\"url\":\"https:\\\/\\\/www.yucatanencorto.com\\\/noticias\\\/author\\\/flor\\\/\"}]}<\/script>\n<!-- \/ Yoast SEO plugin. -->","yoast_head_json":{"title":"Se exalta el papel de la mujer en esta celebraci\u00f3n de la independencia - Yucat\u00e1n en corto","robots":{"index":"index","follow":"follow","max-snippet":"max-snippet:-1","max-image-preview":"max-image-preview:large","max-video-preview":"max-video-preview:-1"},"canonical":"https:\/\/www.yucatanencorto.com\/noticias\/la-celebracion-de-la-independencia-es-oportunidad-de-exaltar-el-papel-de-las-mujeres-en-la-construccion-de-mexico\/","og_locale":"es_ES","og_type":"article","og_title":"Se exalta el papel de la mujer en esta celebraci\u00f3n de la independencia - Yucat\u00e1n en corto","og_description":"-La Presidenta Municipal de M\u00e9rida encabeza la Sesi\u00f3n Solemne de Cabildo con motivo del 214 aniversario del nacimiento de la naci\u00f3n.  - Destaca una mayor\u00eda de mujeres en el pres\u00eddium y el Cabildo, as\u00ed c\u00f3mo la intervenci\u00f3n de la oradora hu\u00e9sped Celia Esperanza Rosado Avil\u00e9s.","og_url":"https:\/\/www.yucatanencorto.com\/noticias\/la-celebracion-de-la-independencia-es-oportunidad-de-exaltar-el-papel-de-las-mujeres-en-la-construccion-de-mexico\/","og_site_name":"Yucat\u00e1n en corto","article_publisher":"http:\/\/www.facebook.com\/yucatanencorto","article_published_time":"2024-09-15T22:16:51+00:00","article_modified_time":"2024-09-15T22:18:45+00:00","og_image":[{"width":768,"height":512,"url":"https:\/\/www.yucatanencorto.com\/noticias\/wp-content\/uploads\/2024\/09\/WhatsApp-Image-2024-09-15-at-3.38.20-PM-scaled.jpeg","type":"image\/jpeg"}],"author":"Yucat\u00e1n en Corto FC","twitter_card":"summary_large_image","twitter_creator":"@yucatanencorto","twitter_site":"@yucatanencorto","twitter_misc":{"Escrito por":"Yucat\u00e1n en Corto FC","Tiempo de lectura":"5 minutos"},"schema":{"@context":"https:\/\/schema.org","@graph":[{"@type":"Article","@id":"https:\/\/www.yucatanencorto.com\/noticias\/la-celebracion-de-la-independencia-es-oportunidad-de-exaltar-el-papel-de-las-mujeres-en-la-construccion-de-mexico\/#article","isPartOf":{"@id":"https:\/\/www.yucatanencorto.com\/noticias\/la-celebracion-de-la-independencia-es-oportunidad-de-exaltar-el-papel-de-las-mujeres-en-la-construccion-de-mexico\/"},"author":{"name":"Yucat\u00e1n en Corto FC","@id":"https:\/\/www.yucatanencorto.com\/noticias\/#\/schema\/person\/14f82d355225a1f4075dd84a31f45a72"},"headline":"Se exalta el papel de la mujer en esta celebraci\u00f3n de la independencia","datePublished":"2024-09-15T22:16:51+00:00","dateModified":"2024-09-15T22:18:45+00:00","mainEntityOfPage":{"@id":"https:\/\/www.yucatanencorto.com\/noticias\/la-celebracion-de-la-independencia-es-oportunidad-de-exaltar-el-papel-de-las-mujeres-en-la-construccion-de-mexico\/"},"wordCount":694,"image":{"@id":"https:\/\/www.yucatanencorto.com\/noticias\/la-celebracion-de-la-independencia-es-oportunidad-de-exaltar-el-papel-de-las-mujeres-en-la-construccion-de-mexico\/#primaryimage"},"thumbnailUrl":"https:\/\/www.yucatanencorto.com\/noticias\/wp-content\/uploads\/2024\/09\/WhatsApp-Image-2024-09-15-at-3.38.20-PM-scaled.jpeg","articleSection":["M\u00e9rida","Yucat\u00e1n"],"inLanguage":"es"},{"@type":"WebPage","@id":"https:\/\/www.yucatanencorto.com\/noticias\/la-celebracion-de-la-independencia-es-oportunidad-de-exaltar-el-papel-de-las-mujeres-en-la-construccion-de-mexico\/","url":"https:\/\/www.yucatanencorto.com\/noticias\/la-celebracion-de-la-independencia-es-oportunidad-de-exaltar-el-papel-de-las-mujeres-en-la-construccion-de-mexico\/","name":"Se exalta el papel de la mujer en esta celebraci\u00f3n de la independencia - Yucat\u00e1n en corto","isPartOf":{"@id":"https:\/\/www.yucatanencorto.com\/noticias\/#website"},"primaryImageOfPage":{"@id":"https:\/\/www.yucatanencorto.com\/noticias\/la-celebracion-de-la-independencia-es-oportunidad-de-exaltar-el-papel-de-las-mujeres-en-la-construccion-de-mexico\/#primaryimage"},"image":{"@id":"https:\/\/www.yucatanencorto.com\/noticias\/la-celebracion-de-la-independencia-es-oportunidad-de-exaltar-el-papel-de-las-mujeres-en-la-construccion-de-mexico\/#primaryimage"},"thumbnailUrl":"https:\/\/www.yucatanencorto.com\/noticias\/wp-content\/uploads\/2024\/09\/WhatsApp-Image-2024-09-15-at-3.38.20-PM-scaled.jpeg","datePublished":"2024-09-15T22:16:51+00:00","dateModified":"2024-09-15T22:18:45+00:00","author":{"@id":"https:\/\/www.yucatanencorto.com\/noticias\/#\/schema\/person\/14f82d355225a1f4075dd84a31f45a72"},"breadcrumb":{"@id":"https:\/\/www.yucatanencorto.com\/noticias\/la-celebracion-de-la-independencia-es-oportunidad-de-exaltar-el-papel-de-las-mujeres-en-la-construccion-de-mexico\/#breadcrumb"},"inLanguage":"es","potentialAction":[{"@type":"ReadAction","target":["https:\/\/www.yucatanencorto.com\/noticias\/la-celebracion-de-la-independencia-es-oportunidad-de-exaltar-el-papel-de-las-mujeres-en-la-construccion-de-mexico\/"]}]},{"@type":"ImageObject","inLanguage":"es","@id":"https:\/\/www.yucatanencorto.com\/noticias\/la-celebracion-de-la-independencia-es-oportunidad-de-exaltar-el-papel-de-las-mujeres-en-la-construccion-de-mexico\/#primaryimage","url":"https:\/\/www.yucatanencorto.com\/noticias\/wp-content\/uploads\/2024\/09\/WhatsApp-Image-2024-09-15-at-3.38.20-PM-scaled.jpeg","contentUrl":"https:\/\/www.yucatanencorto.com\/noticias\/wp-content\/uploads\/2024\/09\/WhatsApp-Image-2024-09-15-at-3.38.20-PM-scaled.jpeg","width":768,"height":512},{"@type":"BreadcrumbList","@id":"https:\/\/www.yucatanencorto.com\/noticias\/la-celebracion-de-la-independencia-es-oportunidad-de-exaltar-el-papel-de-las-mujeres-en-la-construccion-de-mexico\/#breadcrumb","itemListElement":[{"@type":"ListItem","position":1,"name":"Portada","item":"https:\/\/www.yucatanencorto.com\/noticias\/"},{"@type":"ListItem","position":2,"name":"Se exalta el papel de la mujer en esta celebraci\u00f3n de la independencia"}]},{"@type":"WebSite","@id":"https:\/\/www.yucatanencorto.com\/noticias\/#website","url":"https:\/\/www.yucatanencorto.com\/noticias\/","name":"Yucat\u00e1n en corto","description":"Noticias","potentialAction":[{"@type":"SearchAction","target":{"@type":"EntryPoint","urlTemplate":"https:\/\/www.yucatanencorto.com\/noticias\/?s={search_term_string}"},"query-input":{"@type":"PropertyValueSpecification","valueRequired":true,"valueName":"search_term_string"}}],"inLanguage":"es"},{"@type":"Person","@id":"https:\/\/www.yucatanencorto.com\/noticias\/#\/schema\/person\/14f82d355225a1f4075dd84a31f45a72","name":"Yucat\u00e1n en Corto FC","image":{"@type":"ImageObject","inLanguage":"es","@id":"https:\/\/secure.gravatar.com\/avatar\/147d4b30cd728c53c29c49a3f7834dedca33707f4cd259761355846009a88250?s=96&d=mm&r=g","url":"https:\/\/secure.gravatar.com\/avatar\/147d4b30cd728c53c29c49a3f7834dedca33707f4cd259761355846009a88250?s=96&d=mm&r=g","contentUrl":"https:\/\/secure.gravatar.com\/avatar\/147d4b30cd728c53c29c49a3f7834dedca33707f4cd259761355846009a88250?s=96&d=mm&r=g","caption":"Yucat\u00e1n en Corto FC"},"url":"https:\/\/www.yucatanencorto.com\/noticias\/author\/flor\/"}]}},"_links":{"self":[{"href":"https:\/\/www.yucatanencorto.com\/noticias\/wp-json\/wp\/v2\/posts\/112147","targetHints":{"allow":["GET"]}}],"collection":[{"href":"https:\/\/www.yucatanencorto.com\/noticias\/wp-json\/wp\/v2\/posts"}],"about":[{"href":"https:\/\/www.yucatanencorto.com\/noticias\/wp-json\/wp\/v2\/types\/post"}],"author":[{"embeddable":true,"href":"https:\/\/www.yucatanencorto.com\/noticias\/wp-json\/wp\/v2\/users\/2"}],"replies":[{"embeddable":true,"href":"https:\/\/www.yucatanencorto.com\/noticias\/wp-json\/wp\/v2\/comments?post=112147"}],"version-history":[{"count":0,"href":"https:\/\/www.yucatanencorto.com\/noticias\/wp-json\/wp\/v2\/posts\/112147\/revisions"}],"wp:featuredmedia":[{"embeddable":true,"href":"https:\/\/www.yucatanencorto.com\/noticias\/wp-json\/wp\/v2\/media\/112152"}],"wp:attachment":[{"href":"https:\/\/www.yucatanencorto.com\/noticias\/wp-json\/wp\/v2\/media?parent=112147"}],"wp:term":[{"taxonomy":"category","embeddable":true,"href":"https:\/\/www.yucatanencorto.com\/noticias\/wp-json\/wp\/v2\/categories?post=112147"},{"taxonomy":"post_tag","embeddable":true,"href":"https:\/\/www.yucatanencorto.com\/noticias\/wp-json\/wp\/v2\/tags?post=112147"}],"curies":[{"name":"wp","href":"https:\/\/api.w.org\/{rel}","templated":true}]}}