{"id":112157,"date":"2024-09-15T17:42:02","date_gmt":"2024-09-15T23:42:02","guid":{"rendered":"https:\/\/www.yucatanencorto.com\/noticias\/?p=112157"},"modified":"2024-09-15T17:42:02","modified_gmt":"2024-09-15T23:42:02","slug":"asiste-fritz-sierra-a-sesion-solemne-del-cabildo-por-el-214-aniversario-de-la-independencia","status":"publish","type":"post","link":"https:\/\/www.yucatanencorto.com\/noticias\/asiste-fritz-sierra-a-sesion-solemne-del-cabildo-por-el-214-aniversario-de-la-independencia\/","title":{"rendered":"Asiste Fritz Sierra  a sesi\u00f3n solemne del Cabildo por el 214 aniversario de la Independencia"},"content":{"rendered":"<p><img loading=\"lazy\" decoding=\"async\" class=\"alignnone size-full wp-image-112158\" src=\"https:\/\/www.yucatanencorto.com\/noticias\/wp-content\/uploads\/2024\/09\/WhatsApp-Image-2024-09-15-at-5.08.59-PM-scaled.jpeg\" alt=\"\" width=\"768\" height=\"512\" srcset=\"https:\/\/www.yucatanencorto.com\/noticias\/wp-content\/uploads\/2024\/09\/WhatsApp-Image-2024-09-15-at-5.08.59-PM-scaled.jpeg 768w, https:\/\/www.yucatanencorto.com\/noticias\/wp-content\/uploads\/2024\/09\/WhatsApp-Image-2024-09-15-at-5.08.59-PM-150x100.jpeg 150w, https:\/\/www.yucatanencorto.com\/noticias\/wp-content\/uploads\/2024\/09\/WhatsApp-Image-2024-09-15-at-5.08.59-PM-300x200.jpeg 300w, https:\/\/www.yucatanencorto.com\/noticias\/wp-content\/uploads\/2024\/09\/WhatsApp-Image-2024-09-15-at-5.08.59-PM-696x464.jpeg 696w, https:\/\/www.yucatanencorto.com\/noticias\/wp-content\/uploads\/2024\/09\/WhatsApp-Image-2024-09-15-at-5.08.59-PM-1068x712.jpeg 1068w\" sizes=\"auto, (max-width: 768px) 100vw, 768px\" \/> <img loading=\"lazy\" decoding=\"async\" class=\"alignnone size-full wp-image-112159\" src=\"https:\/\/www.yucatanencorto.com\/noticias\/wp-content\/uploads\/2024\/09\/WhatsApp-Image-2024-09-15-at-5.08.58-PM-2-scaled.jpeg\" alt=\"\" width=\"768\" height=\"512\" srcset=\"https:\/\/www.yucatanencorto.com\/noticias\/wp-content\/uploads\/2024\/09\/WhatsApp-Image-2024-09-15-at-5.08.58-PM-2-scaled.jpeg 768w, https:\/\/www.yucatanencorto.com\/noticias\/wp-content\/uploads\/2024\/09\/WhatsApp-Image-2024-09-15-at-5.08.58-PM-2-150x100.jpeg 150w, https:\/\/www.yucatanencorto.com\/noticias\/wp-content\/uploads\/2024\/09\/WhatsApp-Image-2024-09-15-at-5.08.58-PM-2-300x200.jpeg 300w, https:\/\/www.yucatanencorto.com\/noticias\/wp-content\/uploads\/2024\/09\/WhatsApp-Image-2024-09-15-at-5.08.58-PM-2-696x464.jpeg 696w, https:\/\/www.yucatanencorto.com\/noticias\/wp-content\/uploads\/2024\/09\/WhatsApp-Image-2024-09-15-at-5.08.58-PM-2-1068x712.jpeg 1068w\" sizes=\"auto, (max-width: 768px) 100vw, 768px\" \/> <img loading=\"lazy\" decoding=\"async\" class=\"alignnone size-full wp-image-112160\" src=\"https:\/\/www.yucatanencorto.com\/noticias\/wp-content\/uploads\/2024\/09\/WhatsApp-Image-2024-09-15-at-5.08.58-PM-1-scaled.jpeg\" alt=\"\" width=\"768\" height=\"514\" srcset=\"https:\/\/www.yucatanencorto.com\/noticias\/wp-content\/uploads\/2024\/09\/WhatsApp-Image-2024-09-15-at-5.08.58-PM-1-scaled.jpeg 768w, https:\/\/www.yucatanencorto.com\/noticias\/wp-content\/uploads\/2024\/09\/WhatsApp-Image-2024-09-15-at-5.08.58-PM-1-150x100.jpeg 150w, https:\/\/www.yucatanencorto.com\/noticias\/wp-content\/uploads\/2024\/09\/WhatsApp-Image-2024-09-15-at-5.08.58-PM-1-300x201.jpeg 300w, https:\/\/www.yucatanencorto.com\/noticias\/wp-content\/uploads\/2024\/09\/WhatsApp-Image-2024-09-15-at-5.08.58-PM-1-696x466.jpeg 696w, https:\/\/www.yucatanencorto.com\/noticias\/wp-content\/uploads\/2024\/09\/WhatsApp-Image-2024-09-15-at-5.08.58-PM-1-1068x715.jpeg 1068w\" sizes=\"auto, (max-width: 768px) 100vw, 768px\" \/> <img loading=\"lazy\" decoding=\"async\" class=\"alignnone size-full wp-image-112161\" src=\"https:\/\/www.yucatanencorto.com\/noticias\/wp-content\/uploads\/2024\/09\/WhatsApp-Image-2024-09-15-at-5.08.58-PM-scaled.jpeg\" alt=\"\" width=\"768\" height=\"512\" srcset=\"https:\/\/www.yucatanencorto.com\/noticias\/wp-content\/uploads\/2024\/09\/WhatsApp-Image-2024-09-15-at-5.08.58-PM-scaled.jpeg 768w, https:\/\/www.yucatanencorto.com\/noticias\/wp-content\/uploads\/2024\/09\/WhatsApp-Image-2024-09-15-at-5.08.58-PM-150x100.jpeg 150w, https:\/\/www.yucatanencorto.com\/noticias\/wp-content\/uploads\/2024\/09\/WhatsApp-Image-2024-09-15-at-5.08.58-PM-300x200.jpeg 300w, https:\/\/www.yucatanencorto.com\/noticias\/wp-content\/uploads\/2024\/09\/WhatsApp-Image-2024-09-15-at-5.08.58-PM-696x464.jpeg 696w, https:\/\/www.yucatanencorto.com\/noticias\/wp-content\/uploads\/2024\/09\/WhatsApp-Image-2024-09-15-at-5.08.58-PM-1068x712.jpeg 1068w\" sizes=\"auto, (max-width: 768px) 100vw, 768px\" \/><\/p>\n<p style=\"text-align: justify;\">M\u00e9rida, Yucat\u00e1n, 15 de septiembre de 2014.- La encargada del Despacho del Gobernador, Mar\u00eda Fritz Sierra, en funciones del titular del Poder Ejecutivo, acudi\u00f3 esta ma\u00f1ana a la sesi\u00f3n solemne de Cabildo del Ayuntamiento de M\u00e9rida, con motivo del 214 aniversario de la Independencia de M\u00e9xico.<\/p>\n<p style=\"text-align: justify;\">\nJunto a la alcaldesa de M\u00e9rida, Cecilia Patr\u00f3n Laviada, Fritz Sierra atestigu\u00f3 la ceremonia conmemorativa que tuvo como oradora hu\u00e9sped a la doctora en letras, Celia Esperanza del Socorro Rosado Avil\u00e9s.<\/p>\n<p style=\"text-align: justify;\">\nDesde el auditorio \u00abSilvio Zavala Vallado\u00bb, del Centro Cultural Olimpo, la encargada del Despacho del Gobernador presenci\u00f3 el discurso de la alcaldesa de M\u00e9rida, quien convoc\u00f3 m\u00e1s all\u00e1 de las festividades de estas fechas a renovar el compromiso de construir un M\u00e9xico mejor, un Yucat\u00e1n con futuro y una M\u00e9rida pr\u00f3spera donde todas y todos tengan las mismas oportunidades para crecer.<\/p>\n<p style=\"text-align: justify;\">\nAsistieron a la ceremonia Mar\u00eda Carolina Silvestre Canto Vald\u00e9s, presidenta del Tribunal Superior de Justicia del Estado; la diputada Naomi Raquel Peniche L\u00f3pez, en representaci\u00f3n del Congreso del Estado; Mar\u00eda Cristina Castillo Espinosa, S\u00edndico Municipal y Edgar Ram\u00edrez Pech, Secretario Municipal.<\/p>\n<p style=\"text-align: justify;\">Previamente, Fritz Sierra asisti\u00f3 a la celebraci\u00f3n eucar\u00edstica en la Catedral de M\u00e9rida por el 214 aniversario del inicio de la Independencia, que presidi\u00f3 el arzobispo de Yucat\u00e1n, Gustavo Rodr\u00edguez Vega.<\/p>\n","protected":false},"excerpt":{"rendered":"<p>-Previamente, la encargada del Despacho del Gobernador asisti\u00f3 a la celebraci\u00f3n eucar\u00edstica en la Catedral de M\u00e9rida por esta efem\u00e9ride.<\/p>\n","protected":false},"author":2,"featured_media":112161,"comment_status":"closed","ping_status":"closed","sticky":false,"template":"","format":"standard","meta":{"footnotes":""},"categories":[2,3],"tags":[],"class_list":{"0":"post-112157","1":"post","2":"type-post","3":"status-publish","4":"format-standard","5":"has-post-thumbnail","7":"category-merida","8":"category-yucatan"},"yoast_head":"<!-- This site is optimized with the Yoast SEO plugin v27.5 - https:\/\/yoast.com\/product\/yoast-seo-wordpress\/ -->\n<title>Asiste Fritz Sierra a sesi\u00f3n solemne del Cabildo por el 214 aniversario de la Independencia - Yucat\u00e1n en corto<\/title>\n<meta name=\"robots\" content=\"index, follow, max-snippet:-1, max-image-preview:large, max-video-preview:-1\" \/>\n<link rel=\"canonical\" href=\"https:\/\/www.yucatanencorto.com\/noticias\/asiste-fritz-sierra-a-sesion-solemne-del-cabildo-por-el-214-aniversario-de-la-independencia\/\" \/>\n<meta property=\"og:locale\" content=\"es_ES\" \/>\n<meta property=\"og:type\" content=\"article\" \/>\n<meta property=\"og:title\" content=\"Asiste Fritz Sierra a sesi\u00f3n solemne del Cabildo por el 214 aniversario de la Independencia - Yucat\u00e1n en corto\" \/>\n<meta property=\"og:description\" content=\"-Previamente, la encargada del Despacho del Gobernador asisti\u00f3 a la celebraci\u00f3n eucar\u00edstica en la Catedral de M\u00e9rida por esta efem\u00e9ride.\" \/>\n<meta property=\"og:url\" content=\"https:\/\/www.yucatanencorto.com\/noticias\/asiste-fritz-sierra-a-sesion-solemne-del-cabildo-por-el-214-aniversario-de-la-independencia\/\" \/>\n<meta property=\"og:site_name\" content=\"Yucat\u00e1n en corto\" \/>\n<meta property=\"article:publisher\" content=\"http:\/\/www.facebook.com\/yucatanencorto\" \/>\n<meta property=\"article:published_time\" content=\"2024-09-15T23:42:02+00:00\" \/>\n<meta property=\"og:image\" content=\"https:\/\/www.yucatanencorto.com\/noticias\/wp-content\/uploads\/2024\/09\/WhatsApp-Image-2024-09-15-at-5.08.58-PM-scaled.jpeg\" \/>\n\t<meta property=\"og:image:width\" content=\"768\" \/>\n\t<meta property=\"og:image:height\" content=\"512\" \/>\n\t<meta property=\"og:image:type\" content=\"image\/jpeg\" \/>\n<meta name=\"author\" content=\"Yucat\u00e1n en Corto FC\" \/>\n<meta name=\"twitter:card\" content=\"summary_large_image\" \/>\n<meta name=\"twitter:creator\" content=\"@yucatanencorto\" \/>\n<meta name=\"twitter:site\" content=\"@yucatanencorto\" \/>\n<meta name=\"twitter:label1\" content=\"Escrito por\" \/>\n\t<meta name=\"twitter:data1\" content=\"Yucat\u00e1n en Corto FC\" \/>\n\t<meta name=\"twitter:label2\" content=\"Tiempo de lectura\" \/>\n\t<meta name=\"twitter:data2\" content=\"2 minutos\" \/>\n<script type=\"application\/ld+json\" class=\"yoast-schema-graph\">{\"@context\":\"https:\\\/\\\/schema.org\",\"@graph\":[{\"@type\":\"Article\",\"@id\":\"https:\\\/\\\/www.yucatanencorto.com\\\/noticias\\\/asiste-fritz-sierra-a-sesion-solemne-del-cabildo-por-el-214-aniversario-de-la-independencia\\\/#article\",\"isPartOf\":{\"@id\":\"https:\\\/\\\/www.yucatanencorto.com\\\/noticias\\\/asiste-fritz-sierra-a-sesion-solemne-del-cabildo-por-el-214-aniversario-de-la-independencia\\\/\"},\"author\":{\"name\":\"Yucat\u00e1n en Corto FC\",\"@id\":\"https:\\\/\\\/www.yucatanencorto.com\\\/noticias\\\/#\\\/schema\\\/person\\\/14f82d355225a1f4075dd84a31f45a72\"},\"headline\":\"Asiste Fritz Sierra a sesi\u00f3n solemne del Cabildo por el 214 aniversario de la Independencia\",\"datePublished\":\"2024-09-15T23:42:02+00:00\",\"mainEntityOfPage\":{\"@id\":\"https:\\\/\\\/www.yucatanencorto.com\\\/noticias\\\/asiste-fritz-sierra-a-sesion-solemne-del-cabildo-por-el-214-aniversario-de-la-independencia\\\/\"},\"wordCount\":251,\"image\":{\"@id\":\"https:\\\/\\\/www.yucatanencorto.com\\\/noticias\\\/asiste-fritz-sierra-a-sesion-solemne-del-cabildo-por-el-214-aniversario-de-la-independencia\\\/#primaryimage\"},\"thumbnailUrl\":\"https:\\\/\\\/www.yucatanencorto.com\\\/noticias\\\/wp-content\\\/uploads\\\/2024\\\/09\\\/WhatsApp-Image-2024-09-15-at-5.08.58-PM-scaled.jpeg\",\"articleSection\":[\"M\u00e9rida\",\"Yucat\u00e1n\"],\"inLanguage\":\"es\"},{\"@type\":\"WebPage\",\"@id\":\"https:\\\/\\\/www.yucatanencorto.com\\\/noticias\\\/asiste-fritz-sierra-a-sesion-solemne-del-cabildo-por-el-214-aniversario-de-la-independencia\\\/\",\"url\":\"https:\\\/\\\/www.yucatanencorto.com\\\/noticias\\\/asiste-fritz-sierra-a-sesion-solemne-del-cabildo-por-el-214-aniversario-de-la-independencia\\\/\",\"name\":\"Asiste Fritz Sierra a sesi\u00f3n solemne del Cabildo por el 214 aniversario de la Independencia - Yucat\u00e1n en corto\",\"isPartOf\":{\"@id\":\"https:\\\/\\\/www.yucatanencorto.com\\\/noticias\\\/#website\"},\"primaryImageOfPage\":{\"@id\":\"https:\\\/\\\/www.yucatanencorto.com\\\/noticias\\\/asiste-fritz-sierra-a-sesion-solemne-del-cabildo-por-el-214-aniversario-de-la-independencia\\\/#primaryimage\"},\"image\":{\"@id\":\"https:\\\/\\\/www.yucatanencorto.com\\\/noticias\\\/asiste-fritz-sierra-a-sesion-solemne-del-cabildo-por-el-214-aniversario-de-la-independencia\\\/#primaryimage\"},\"thumbnailUrl\":\"https:\\\/\\\/www.yucatanencorto.com\\\/noticias\\\/wp-content\\\/uploads\\\/2024\\\/09\\\/WhatsApp-Image-2024-09-15-at-5.08.58-PM-scaled.jpeg\",\"datePublished\":\"2024-09-15T23:42:02+00:00\",\"author\":{\"@id\":\"https:\\\/\\\/www.yucatanencorto.com\\\/noticias\\\/#\\\/schema\\\/person\\\/14f82d355225a1f4075dd84a31f45a72\"},\"breadcrumb\":{\"@id\":\"https:\\\/\\\/www.yucatanencorto.com\\\/noticias\\\/asiste-fritz-sierra-a-sesion-solemne-del-cabildo-por-el-214-aniversario-de-la-independencia\\\/#breadcrumb\"},\"inLanguage\":\"es\",\"potentialAction\":[{\"@type\":\"ReadAction\",\"target\":[\"https:\\\/\\\/www.yucatanencorto.com\\\/noticias\\\/asiste-fritz-sierra-a-sesion-solemne-del-cabildo-por-el-214-aniversario-de-la-independencia\\\/\"]}]},{\"@type\":\"ImageObject\",\"inLanguage\":\"es\",\"@id\":\"https:\\\/\\\/www.yucatanencorto.com\\\/noticias\\\/asiste-fritz-sierra-a-sesion-solemne-del-cabildo-por-el-214-aniversario-de-la-independencia\\\/#primaryimage\",\"url\":\"https:\\\/\\\/www.yucatanencorto.com\\\/noticias\\\/wp-content\\\/uploads\\\/2024\\\/09\\\/WhatsApp-Image-2024-09-15-at-5.08.58-PM-scaled.jpeg\",\"contentUrl\":\"https:\\\/\\\/www.yucatanencorto.com\\\/noticias\\\/wp-content\\\/uploads\\\/2024\\\/09\\\/WhatsApp-Image-2024-09-15-at-5.08.58-PM-scaled.jpeg\",\"width\":768,\"height\":512},{\"@type\":\"BreadcrumbList\",\"@id\":\"https:\\\/\\\/www.yucatanencorto.com\\\/noticias\\\/asiste-fritz-sierra-a-sesion-solemne-del-cabildo-por-el-214-aniversario-de-la-independencia\\\/#breadcrumb\",\"itemListElement\":[{\"@type\":\"ListItem\",\"position\":1,\"name\":\"Portada\",\"item\":\"https:\\\/\\\/www.yucatanencorto.com\\\/noticias\\\/\"},{\"@type\":\"ListItem\",\"position\":2,\"name\":\"Asiste Fritz Sierra a sesi\u00f3n solemne del Cabildo por el 214 aniversario de la Independencia\"}]},{\"@type\":\"WebSite\",\"@id\":\"https:\\\/\\\/www.yucatanencorto.com\\\/noticias\\\/#website\",\"url\":\"https:\\\/\\\/www.yucatanencorto.com\\\/noticias\\\/\",\"name\":\"Yucat\u00e1n en corto\",\"description\":\"Noticias\",\"potentialAction\":[{\"@type\":\"SearchAction\",\"target\":{\"@type\":\"EntryPoint\",\"urlTemplate\":\"https:\\\/\\\/www.yucatanencorto.com\\\/noticias\\\/?s={search_term_string}\"},\"query-input\":{\"@type\":\"PropertyValueSpecification\",\"valueRequired\":true,\"valueName\":\"search_term_string\"}}],\"inLanguage\":\"es\"},{\"@type\":\"Person\",\"@id\":\"https:\\\/\\\/www.yucatanencorto.com\\\/noticias\\\/#\\\/schema\\\/person\\\/14f82d355225a1f4075dd84a31f45a72\",\"name\":\"Yucat\u00e1n en Corto FC\",\"image\":{\"@type\":\"ImageObject\",\"inLanguage\":\"es\",\"@id\":\"https:\\\/\\\/secure.gravatar.com\\\/avatar\\\/147d4b30cd728c53c29c49a3f7834dedca33707f4cd259761355846009a88250?s=96&d=mm&r=g\",\"url\":\"https:\\\/\\\/secure.gravatar.com\\\/avatar\\\/147d4b30cd728c53c29c49a3f7834dedca33707f4cd259761355846009a88250?s=96&d=mm&r=g\",\"contentUrl\":\"https:\\\/\\\/secure.gravatar.com\\\/avatar\\\/147d4b30cd728c53c29c49a3f7834dedca33707f4cd259761355846009a88250?s=96&d=mm&r=g\",\"caption\":\"Yucat\u00e1n en Corto FC\"},\"url\":\"https:\\\/\\\/www.yucatanencorto.com\\\/noticias\\\/author\\\/flor\\\/\"}]}<\/script>\n<!-- \/ Yoast SEO plugin. -->","yoast_head_json":{"title":"Asiste Fritz Sierra a sesi\u00f3n solemne del Cabildo por el 214 aniversario de la Independencia - Yucat\u00e1n en corto","robots":{"index":"index","follow":"follow","max-snippet":"max-snippet:-1","max-image-preview":"max-image-preview:large","max-video-preview":"max-video-preview:-1"},"canonical":"https:\/\/www.yucatanencorto.com\/noticias\/asiste-fritz-sierra-a-sesion-solemne-del-cabildo-por-el-214-aniversario-de-la-independencia\/","og_locale":"es_ES","og_type":"article","og_title":"Asiste Fritz Sierra a sesi\u00f3n solemne del Cabildo por el 214 aniversario de la Independencia - Yucat\u00e1n en corto","og_description":"-Previamente, la encargada del Despacho del Gobernador asisti\u00f3 a la celebraci\u00f3n eucar\u00edstica en la Catedral de M\u00e9rida por esta efem\u00e9ride.","og_url":"https:\/\/www.yucatanencorto.com\/noticias\/asiste-fritz-sierra-a-sesion-solemne-del-cabildo-por-el-214-aniversario-de-la-independencia\/","og_site_name":"Yucat\u00e1n en corto","article_publisher":"http:\/\/www.facebook.com\/yucatanencorto","article_published_time":"2024-09-15T23:42:02+00:00","og_image":[{"width":768,"height":512,"url":"https:\/\/www.yucatanencorto.com\/noticias\/wp-content\/uploads\/2024\/09\/WhatsApp-Image-2024-09-15-at-5.08.58-PM-scaled.jpeg","type":"image\/jpeg"}],"author":"Yucat\u00e1n en Corto FC","twitter_card":"summary_large_image","twitter_creator":"@yucatanencorto","twitter_site":"@yucatanencorto","twitter_misc":{"Escrito por":"Yucat\u00e1n en Corto FC","Tiempo de lectura":"2 minutos"},"schema":{"@context":"https:\/\/schema.org","@graph":[{"@type":"Article","@id":"https:\/\/www.yucatanencorto.com\/noticias\/asiste-fritz-sierra-a-sesion-solemne-del-cabildo-por-el-214-aniversario-de-la-independencia\/#article","isPartOf":{"@id":"https:\/\/www.yucatanencorto.com\/noticias\/asiste-fritz-sierra-a-sesion-solemne-del-cabildo-por-el-214-aniversario-de-la-independencia\/"},"author":{"name":"Yucat\u00e1n en Corto FC","@id":"https:\/\/www.yucatanencorto.com\/noticias\/#\/schema\/person\/14f82d355225a1f4075dd84a31f45a72"},"headline":"Asiste Fritz Sierra a sesi\u00f3n solemne del Cabildo por el 214 aniversario de la Independencia","datePublished":"2024-09-15T23:42:02+00:00","mainEntityOfPage":{"@id":"https:\/\/www.yucatanencorto.com\/noticias\/asiste-fritz-sierra-a-sesion-solemne-del-cabildo-por-el-214-aniversario-de-la-independencia\/"},"wordCount":251,"image":{"@id":"https:\/\/www.yucatanencorto.com\/noticias\/asiste-fritz-sierra-a-sesion-solemne-del-cabildo-por-el-214-aniversario-de-la-independencia\/#primaryimage"},"thumbnailUrl":"https:\/\/www.yucatanencorto.com\/noticias\/wp-content\/uploads\/2024\/09\/WhatsApp-Image-2024-09-15-at-5.08.58-PM-scaled.jpeg","articleSection":["M\u00e9rida","Yucat\u00e1n"],"inLanguage":"es"},{"@type":"WebPage","@id":"https:\/\/www.yucatanencorto.com\/noticias\/asiste-fritz-sierra-a-sesion-solemne-del-cabildo-por-el-214-aniversario-de-la-independencia\/","url":"https:\/\/www.yucatanencorto.com\/noticias\/asiste-fritz-sierra-a-sesion-solemne-del-cabildo-por-el-214-aniversario-de-la-independencia\/","name":"Asiste Fritz Sierra a sesi\u00f3n solemne del Cabildo por el 214 aniversario de la Independencia - Yucat\u00e1n en corto","isPartOf":{"@id":"https:\/\/www.yucatanencorto.com\/noticias\/#website"},"primaryImageOfPage":{"@id":"https:\/\/www.yucatanencorto.com\/noticias\/asiste-fritz-sierra-a-sesion-solemne-del-cabildo-por-el-214-aniversario-de-la-independencia\/#primaryimage"},"image":{"@id":"https:\/\/www.yucatanencorto.com\/noticias\/asiste-fritz-sierra-a-sesion-solemne-del-cabildo-por-el-214-aniversario-de-la-independencia\/#primaryimage"},"thumbnailUrl":"https:\/\/www.yucatanencorto.com\/noticias\/wp-content\/uploads\/2024\/09\/WhatsApp-Image-2024-09-15-at-5.08.58-PM-scaled.jpeg","datePublished":"2024-09-15T23:42:02+00:00","author":{"@id":"https:\/\/www.yucatanencorto.com\/noticias\/#\/schema\/person\/14f82d355225a1f4075dd84a31f45a72"},"breadcrumb":{"@id":"https:\/\/www.yucatanencorto.com\/noticias\/asiste-fritz-sierra-a-sesion-solemne-del-cabildo-por-el-214-aniversario-de-la-independencia\/#breadcrumb"},"inLanguage":"es","potentialAction":[{"@type":"ReadAction","target":["https:\/\/www.yucatanencorto.com\/noticias\/asiste-fritz-sierra-a-sesion-solemne-del-cabildo-por-el-214-aniversario-de-la-independencia\/"]}]},{"@type":"ImageObject","inLanguage":"es","@id":"https:\/\/www.yucatanencorto.com\/noticias\/asiste-fritz-sierra-a-sesion-solemne-del-cabildo-por-el-214-aniversario-de-la-independencia\/#primaryimage","url":"https:\/\/www.yucatanencorto.com\/noticias\/wp-content\/uploads\/2024\/09\/WhatsApp-Image-2024-09-15-at-5.08.58-PM-scaled.jpeg","contentUrl":"https:\/\/www.yucatanencorto.com\/noticias\/wp-content\/uploads\/2024\/09\/WhatsApp-Image-2024-09-15-at-5.08.58-PM-scaled.jpeg","width":768,"height":512},{"@type":"BreadcrumbList","@id":"https:\/\/www.yucatanencorto.com\/noticias\/asiste-fritz-sierra-a-sesion-solemne-del-cabildo-por-el-214-aniversario-de-la-independencia\/#breadcrumb","itemListElement":[{"@type":"ListItem","position":1,"name":"Portada","item":"https:\/\/www.yucatanencorto.com\/noticias\/"},{"@type":"ListItem","position":2,"name":"Asiste Fritz Sierra a sesi\u00f3n solemne del Cabildo por el 214 aniversario de la Independencia"}]},{"@type":"WebSite","@id":"https:\/\/www.yucatanencorto.com\/noticias\/#website","url":"https:\/\/www.yucatanencorto.com\/noticias\/","name":"Yucat\u00e1n en corto","description":"Noticias","potentialAction":[{"@type":"SearchAction","target":{"@type":"EntryPoint","urlTemplate":"https:\/\/www.yucatanencorto.com\/noticias\/?s={search_term_string}"},"query-input":{"@type":"PropertyValueSpecification","valueRequired":true,"valueName":"search_term_string"}}],"inLanguage":"es"},{"@type":"Person","@id":"https:\/\/www.yucatanencorto.com\/noticias\/#\/schema\/person\/14f82d355225a1f4075dd84a31f45a72","name":"Yucat\u00e1n en Corto FC","image":{"@type":"ImageObject","inLanguage":"es","@id":"https:\/\/secure.gravatar.com\/avatar\/147d4b30cd728c53c29c49a3f7834dedca33707f4cd259761355846009a88250?s=96&d=mm&r=g","url":"https:\/\/secure.gravatar.com\/avatar\/147d4b30cd728c53c29c49a3f7834dedca33707f4cd259761355846009a88250?s=96&d=mm&r=g","contentUrl":"https:\/\/secure.gravatar.com\/avatar\/147d4b30cd728c53c29c49a3f7834dedca33707f4cd259761355846009a88250?s=96&d=mm&r=g","caption":"Yucat\u00e1n en Corto FC"},"url":"https:\/\/www.yucatanencorto.com\/noticias\/author\/flor\/"}]}},"_links":{"self":[{"href":"https:\/\/www.yucatanencorto.com\/noticias\/wp-json\/wp\/v2\/posts\/112157","targetHints":{"allow":["GET"]}}],"collection":[{"href":"https:\/\/www.yucatanencorto.com\/noticias\/wp-json\/wp\/v2\/posts"}],"about":[{"href":"https:\/\/www.yucatanencorto.com\/noticias\/wp-json\/wp\/v2\/types\/post"}],"author":[{"embeddable":true,"href":"https:\/\/www.yucatanencorto.com\/noticias\/wp-json\/wp\/v2\/users\/2"}],"replies":[{"embeddable":true,"href":"https:\/\/www.yucatanencorto.com\/noticias\/wp-json\/wp\/v2\/comments?post=112157"}],"version-history":[{"count":0,"href":"https:\/\/www.yucatanencorto.com\/noticias\/wp-json\/wp\/v2\/posts\/112157\/revisions"}],"wp:featuredmedia":[{"embeddable":true,"href":"https:\/\/www.yucatanencorto.com\/noticias\/wp-json\/wp\/v2\/media\/112161"}],"wp:attachment":[{"href":"https:\/\/www.yucatanencorto.com\/noticias\/wp-json\/wp\/v2\/media?parent=112157"}],"wp:term":[{"taxonomy":"category","embeddable":true,"href":"https:\/\/www.yucatanencorto.com\/noticias\/wp-json\/wp\/v2\/categories?post=112157"},{"taxonomy":"post_tag","embeddable":true,"href":"https:\/\/www.yucatanencorto.com\/noticias\/wp-json\/wp\/v2\/tags?post=112157"}],"curies":[{"name":"wp","href":"https:\/\/api.w.org\/{rel}","templated":true}]}}