{"id":113516,"date":"2024-11-29T12:02:12","date_gmt":"2024-11-29T18:02:12","guid":{"rendered":"https:\/\/www.yucatanencorto.com\/noticias\/?p=113516"},"modified":"2024-11-29T12:02:12","modified_gmt":"2024-11-29T18:02:12","slug":"poder-judicial-de-yucatan-y-jalisco-modernizan-sus-servicios-para-ser-mas-eficaces","status":"publish","type":"post","link":"https:\/\/www.yucatanencorto.com\/noticias\/poder-judicial-de-yucatan-y-jalisco-modernizan-sus-servicios-para-ser-mas-eficaces\/","title":{"rendered":"Poder Judicial de Yucat\u00e1n y Jalisco modernizan sus servicios para ser m\u00e1s eficaces"},"content":{"rendered":"<p><img loading=\"lazy\" decoding=\"async\" class=\"alignnone size-full wp-image-113517\" src=\"https:\/\/www.yucatanencorto.com\/noticias\/wp-content\/uploads\/2024\/11\/WhatsApp-Image-2024-11-29-at-9.08.29-AM-scaled.jpeg\" alt=\"\" width=\"768\" height=\"656\" srcset=\"https:\/\/www.yucatanencorto.com\/noticias\/wp-content\/uploads\/2024\/11\/WhatsApp-Image-2024-11-29-at-9.08.29-AM-scaled.jpeg 768w, https:\/\/www.yucatanencorto.com\/noticias\/wp-content\/uploads\/2024\/11\/WhatsApp-Image-2024-11-29-at-9.08.29-AM-150x128.jpeg 150w, https:\/\/www.yucatanencorto.com\/noticias\/wp-content\/uploads\/2024\/11\/WhatsApp-Image-2024-11-29-at-9.08.29-AM-300x256.jpeg 300w, https:\/\/www.yucatanencorto.com\/noticias\/wp-content\/uploads\/2024\/11\/WhatsApp-Image-2024-11-29-at-9.08.29-AM-696x595.jpeg 696w\" sizes=\"auto, (max-width: 768px) 100vw, 768px\" \/> <img loading=\"lazy\" decoding=\"async\" class=\"alignnone size-medium wp-image-113518\" src=\"https:\/\/www.yucatanencorto.com\/noticias\/wp-content\/uploads\/2024\/11\/WhatsApp-Image-2024-11-29-at-9.08.28-AM-scaled.jpeg\" alt=\"\" width=\"768\" height=\"665\" srcset=\"https:\/\/www.yucatanencorto.com\/noticias\/wp-content\/uploads\/2024\/11\/WhatsApp-Image-2024-11-29-at-9.08.28-AM-scaled.jpeg 768w, https:\/\/www.yucatanencorto.com\/noticias\/wp-content\/uploads\/2024\/11\/WhatsApp-Image-2024-11-29-at-9.08.28-AM-150x130.jpeg 150w, https:\/\/www.yucatanencorto.com\/noticias\/wp-content\/uploads\/2024\/11\/WhatsApp-Image-2024-11-29-at-9.08.28-AM-300x260.jpeg 300w, https:\/\/www.yucatanencorto.com\/noticias\/wp-content\/uploads\/2024\/11\/WhatsApp-Image-2024-11-29-at-9.08.28-AM-696x602.jpeg 696w\" sizes=\"auto, (max-width: 768px) 100vw, 768px\" \/><\/p>\n<p style=\"text-align: justify;\">Guadalajara, Jalisco, 29 de noviembre de 2024.- Fomentar el intercambio de buenas pr\u00e1cticas, la implementaci\u00f3n de estrategias conjuntas y el aprovechamiento de bienes tecnol\u00f3gicos, son algunos de los compromisos establecidos entre los Poderes Judiciales de Yucat\u00e1n y Jalisco a trav\u00e9s de un convenio de cooperaci\u00f3n, cuyo prop\u00f3sito es fortalecer la impartici\u00f3n de justicia con servicios modernos y eficaces que respondan a las necesidades de la poblaci\u00f3n.<\/p>\n<p style=\"text-align: justify;\">La presidenta del Tribunal Superior de Justicia del Estado y del Consejo de la Judicatura, Mar\u00eda Carolina Canto Vald\u00e9s y el presidente del Supremo Tribunal de Justicia y del Consejo de la Judicatura de Jalisco, Daniel Espinosa Lic\u00f3n, firmaron dicho acuerdo, que representa la oportunidad para consolidar un modelo de justicia m\u00e1s \u00e1gil, moderno y eficaz.<\/p>\n<p style=\"text-align: justify;\">Al referirse a esta colaboraci\u00f3n institucional, Canto Vald\u00e9s destac\u00f3 que el intercambio de experiencias y recursos contribuir\u00e1 a posicionar al Poder Judicial del Estado como un referente en innovaci\u00f3n y atenci\u00f3n a las necesidades sociales actuales.<\/p>\n<p style=\"text-align: justify;\">En el convenio de cooperaci\u00f3n, signado en el Sal\u00f3n de Expresidentes y Magistrados del Supremo Tribunal jalisciense, se establece que ambas partes compartir\u00e1n normativas y disposiciones actualizadas, promoviendo la mejora constante de los servicios, tanto jurisdiccionales como administrativos, lo que permitir\u00e1 optimizar los procedimientos.<\/p>\n<p style=\"text-align: justify;\">Asimismo, se pondr\u00e1 a disposici\u00f3n mutua el conocimiento en instalaci\u00f3n, adecuaci\u00f3n y uso de herramientas electr\u00f3nicas, plataformas digitales y software especializados, con el objetivo de aprovechar al m\u00e1ximo los recursos materiales y humanos del Poder Judicial, modernizando la infraestructura y los servicios.<\/p>\n<p style=\"text-align: justify;\">Finalmente, tambi\u00e9n compromete a las partes a fomentar la colaboraci\u00f3n en programas de capacitaci\u00f3n para el personal, garantizando la aplicaci\u00f3n de buenas pr\u00e1cticas y fortaleciendo las competencias del personal para mejorar su desempe\u00f1o institucional.<\/p>\n<p style=\"text-align: justify;\">Como se inform\u00f3 en su momento, hace poco m\u00e1s de un mes el Poder Judicial de Yucat\u00e1n anunci\u00f3 la implementaci\u00f3n de la herramienta tecnol\u00f3gica \u201cElida Judicial\u201d, sistema inform\u00e1tico \u00fanico en su tipo en el pa\u00eds que contribuir\u00e1 a facilitar los procesos administrativos y la funci\u00f3n de jueces y tribunales para ofrecer un mejor servicio a los ciudadanos, tras un convenio de colaboraci\u00f3n con el Poder Judicial de Jalisco.<\/p>\n<p style=\"text-align: justify;\">Con el uso de esta innovadora herramienta, cuyo desarrollo tecnol\u00f3gico y propiedad intelectual pertenecen al Poder Judicial jalisciense, se puede reducir los tiempos en la elaboraci\u00f3n de la versi\u00f3n p\u00fablica de las sentencias que se difunden en las plataformas digitales y mantener la protecci\u00f3n de los datos personales<\/p>\n<p style=\"text-align: justify;\">Hasta antes del uso de esta tecnolog\u00eda, el proceso de elaboraci\u00f3n de las versiones p\u00fablicas de las sentencias que se cargan a la plataforma digital Public@ y a las p\u00e1ginas electr\u00f3nicas del Consejo de la Judicatura y la Plataforma Nacional de Transparencia tomaba m\u00e1s de una hora, pero ahora con este software se pretende reducir ese tiempo a 5 minutos por sentencia.<\/p>\n","protected":false},"excerpt":{"rendered":"<p>-La presidenta del Tribunal Superior de Justicia del Estado y del Consejo de la Judicatura, Mar\u00eda Carolina Canto Vald\u00e9s y el presidente del Supremo Tribunal de Justicia y del Consejo de la Judicatura de Jalisco, Daniel Espinosa Lic\u00f3n, firmaron un convenio de cooperaci\u00f3n para intercambiar buenas pr\u00e1cticas, implementar estrategias conjuntas y aprovechar bienes tecnol\u00f3gicos.<\/p>\n","protected":false},"author":2,"featured_media":113518,"comment_status":"closed","ping_status":"closed","sticky":false,"template":"","format":"standard","meta":{"footnotes":""},"categories":[2,3],"tags":[],"class_list":{"0":"post-113516","1":"post","2":"type-post","3":"status-publish","4":"format-standard","5":"has-post-thumbnail","7":"category-merida","8":"category-yucatan"},"yoast_head":"<!-- This site is optimized with the Yoast SEO plugin v27.4 - https:\/\/yoast.com\/product\/yoast-seo-wordpress\/ -->\n<title>Poder Judicial de Yucat\u00e1n y Jalisco modernizan sus servicios para ser m\u00e1s eficaces - Yucat\u00e1n en corto<\/title>\n<meta name=\"robots\" content=\"index, follow, max-snippet:-1, max-image-preview:large, max-video-preview:-1\" \/>\n<link rel=\"canonical\" href=\"https:\/\/www.yucatanencorto.com\/noticias\/poder-judicial-de-yucatan-y-jalisco-modernizan-sus-servicios-para-ser-mas-eficaces\/\" \/>\n<meta property=\"og:locale\" content=\"es_ES\" \/>\n<meta property=\"og:type\" content=\"article\" \/>\n<meta property=\"og:title\" content=\"Poder Judicial de Yucat\u00e1n y Jalisco modernizan sus servicios para ser m\u00e1s eficaces - Yucat\u00e1n en corto\" \/>\n<meta property=\"og:description\" content=\"-La presidenta del Tribunal Superior de Justicia del Estado y del Consejo de la Judicatura, Mar\u00eda Carolina Canto Vald\u00e9s y el presidente del Supremo Tribunal de Justicia y del Consejo de la Judicatura de Jalisco, Daniel Espinosa Lic\u00f3n, firmaron un convenio de cooperaci\u00f3n para intercambiar buenas pr\u00e1cticas, implementar estrategias conjuntas y aprovechar bienes tecnol\u00f3gicos.\" \/>\n<meta property=\"og:url\" content=\"https:\/\/www.yucatanencorto.com\/noticias\/poder-judicial-de-yucatan-y-jalisco-modernizan-sus-servicios-para-ser-mas-eficaces\/\" \/>\n<meta property=\"og:site_name\" content=\"Yucat\u00e1n en corto\" \/>\n<meta property=\"article:publisher\" content=\"http:\/\/www.facebook.com\/yucatanencorto\" \/>\n<meta property=\"article:published_time\" content=\"2024-11-29T18:02:12+00:00\" \/>\n<meta property=\"og:image\" content=\"https:\/\/www.yucatanencorto.com\/noticias\/wp-content\/uploads\/2024\/11\/WhatsApp-Image-2024-11-29-at-9.08.28-AM-scaled.jpeg\" \/>\n\t<meta property=\"og:image:width\" content=\"768\" \/>\n\t<meta property=\"og:image:height\" content=\"665\" \/>\n\t<meta property=\"og:image:type\" content=\"image\/jpeg\" \/>\n<meta name=\"author\" content=\"Yucat\u00e1n en Corto FC\" \/>\n<meta name=\"twitter:card\" content=\"summary_large_image\" \/>\n<meta name=\"twitter:creator\" content=\"@yucatanencorto\" \/>\n<meta name=\"twitter:site\" content=\"@yucatanencorto\" \/>\n<meta name=\"twitter:label1\" content=\"Escrito por\" \/>\n\t<meta name=\"twitter:data1\" content=\"Yucat\u00e1n en Corto FC\" \/>\n\t<meta name=\"twitter:label2\" content=\"Tiempo de lectura\" \/>\n\t<meta name=\"twitter:data2\" content=\"3 minutos\" \/>\n<script type=\"application\/ld+json\" class=\"yoast-schema-graph\">{\"@context\":\"https:\\\/\\\/schema.org\",\"@graph\":[{\"@type\":\"Article\",\"@id\":\"https:\\\/\\\/www.yucatanencorto.com\\\/noticias\\\/poder-judicial-de-yucatan-y-jalisco-modernizan-sus-servicios-para-ser-mas-eficaces\\\/#article\",\"isPartOf\":{\"@id\":\"https:\\\/\\\/www.yucatanencorto.com\\\/noticias\\\/poder-judicial-de-yucatan-y-jalisco-modernizan-sus-servicios-para-ser-mas-eficaces\\\/\"},\"author\":{\"name\":\"Yucat\u00e1n en Corto FC\",\"@id\":\"https:\\\/\\\/www.yucatanencorto.com\\\/noticias\\\/#\\\/schema\\\/person\\\/14f82d355225a1f4075dd84a31f45a72\"},\"headline\":\"Poder Judicial de Yucat\u00e1n y Jalisco modernizan sus servicios para ser m\u00e1s eficaces\",\"datePublished\":\"2024-11-29T18:02:12+00:00\",\"mainEntityOfPage\":{\"@id\":\"https:\\\/\\\/www.yucatanencorto.com\\\/noticias\\\/poder-judicial-de-yucatan-y-jalisco-modernizan-sus-servicios-para-ser-mas-eficaces\\\/\"},\"wordCount\":519,\"image\":{\"@id\":\"https:\\\/\\\/www.yucatanencorto.com\\\/noticias\\\/poder-judicial-de-yucatan-y-jalisco-modernizan-sus-servicios-para-ser-mas-eficaces\\\/#primaryimage\"},\"thumbnailUrl\":\"https:\\\/\\\/www.yucatanencorto.com\\\/noticias\\\/wp-content\\\/uploads\\\/2024\\\/11\\\/WhatsApp-Image-2024-11-29-at-9.08.28-AM-scaled.jpeg\",\"articleSection\":[\"M\u00e9rida\",\"Yucat\u00e1n\"],\"inLanguage\":\"es\"},{\"@type\":\"WebPage\",\"@id\":\"https:\\\/\\\/www.yucatanencorto.com\\\/noticias\\\/poder-judicial-de-yucatan-y-jalisco-modernizan-sus-servicios-para-ser-mas-eficaces\\\/\",\"url\":\"https:\\\/\\\/www.yucatanencorto.com\\\/noticias\\\/poder-judicial-de-yucatan-y-jalisco-modernizan-sus-servicios-para-ser-mas-eficaces\\\/\",\"name\":\"Poder Judicial de Yucat\u00e1n y Jalisco modernizan sus servicios para ser m\u00e1s eficaces - Yucat\u00e1n en corto\",\"isPartOf\":{\"@id\":\"https:\\\/\\\/www.yucatanencorto.com\\\/noticias\\\/#website\"},\"primaryImageOfPage\":{\"@id\":\"https:\\\/\\\/www.yucatanencorto.com\\\/noticias\\\/poder-judicial-de-yucatan-y-jalisco-modernizan-sus-servicios-para-ser-mas-eficaces\\\/#primaryimage\"},\"image\":{\"@id\":\"https:\\\/\\\/www.yucatanencorto.com\\\/noticias\\\/poder-judicial-de-yucatan-y-jalisco-modernizan-sus-servicios-para-ser-mas-eficaces\\\/#primaryimage\"},\"thumbnailUrl\":\"https:\\\/\\\/www.yucatanencorto.com\\\/noticias\\\/wp-content\\\/uploads\\\/2024\\\/11\\\/WhatsApp-Image-2024-11-29-at-9.08.28-AM-scaled.jpeg\",\"datePublished\":\"2024-11-29T18:02:12+00:00\",\"author\":{\"@id\":\"https:\\\/\\\/www.yucatanencorto.com\\\/noticias\\\/#\\\/schema\\\/person\\\/14f82d355225a1f4075dd84a31f45a72\"},\"breadcrumb\":{\"@id\":\"https:\\\/\\\/www.yucatanencorto.com\\\/noticias\\\/poder-judicial-de-yucatan-y-jalisco-modernizan-sus-servicios-para-ser-mas-eficaces\\\/#breadcrumb\"},\"inLanguage\":\"es\",\"potentialAction\":[{\"@type\":\"ReadAction\",\"target\":[\"https:\\\/\\\/www.yucatanencorto.com\\\/noticias\\\/poder-judicial-de-yucatan-y-jalisco-modernizan-sus-servicios-para-ser-mas-eficaces\\\/\"]}]},{\"@type\":\"ImageObject\",\"inLanguage\":\"es\",\"@id\":\"https:\\\/\\\/www.yucatanencorto.com\\\/noticias\\\/poder-judicial-de-yucatan-y-jalisco-modernizan-sus-servicios-para-ser-mas-eficaces\\\/#primaryimage\",\"url\":\"https:\\\/\\\/www.yucatanencorto.com\\\/noticias\\\/wp-content\\\/uploads\\\/2024\\\/11\\\/WhatsApp-Image-2024-11-29-at-9.08.28-AM-scaled.jpeg\",\"contentUrl\":\"https:\\\/\\\/www.yucatanencorto.com\\\/noticias\\\/wp-content\\\/uploads\\\/2024\\\/11\\\/WhatsApp-Image-2024-11-29-at-9.08.28-AM-scaled.jpeg\",\"width\":768,\"height\":665},{\"@type\":\"BreadcrumbList\",\"@id\":\"https:\\\/\\\/www.yucatanencorto.com\\\/noticias\\\/poder-judicial-de-yucatan-y-jalisco-modernizan-sus-servicios-para-ser-mas-eficaces\\\/#breadcrumb\",\"itemListElement\":[{\"@type\":\"ListItem\",\"position\":1,\"name\":\"Portada\",\"item\":\"https:\\\/\\\/www.yucatanencorto.com\\\/noticias\\\/\"},{\"@type\":\"ListItem\",\"position\":2,\"name\":\"Poder Judicial de Yucat\u00e1n y Jalisco modernizan sus servicios para ser m\u00e1s eficaces\"}]},{\"@type\":\"WebSite\",\"@id\":\"https:\\\/\\\/www.yucatanencorto.com\\\/noticias\\\/#website\",\"url\":\"https:\\\/\\\/www.yucatanencorto.com\\\/noticias\\\/\",\"name\":\"Yucat\u00e1n en corto\",\"description\":\"Noticias\",\"potentialAction\":[{\"@type\":\"SearchAction\",\"target\":{\"@type\":\"EntryPoint\",\"urlTemplate\":\"https:\\\/\\\/www.yucatanencorto.com\\\/noticias\\\/?s={search_term_string}\"},\"query-input\":{\"@type\":\"PropertyValueSpecification\",\"valueRequired\":true,\"valueName\":\"search_term_string\"}}],\"inLanguage\":\"es\"},{\"@type\":\"Person\",\"@id\":\"https:\\\/\\\/www.yucatanencorto.com\\\/noticias\\\/#\\\/schema\\\/person\\\/14f82d355225a1f4075dd84a31f45a72\",\"name\":\"Yucat\u00e1n en Corto FC\",\"image\":{\"@type\":\"ImageObject\",\"inLanguage\":\"es\",\"@id\":\"https:\\\/\\\/secure.gravatar.com\\\/avatar\\\/147d4b30cd728c53c29c49a3f7834dedca33707f4cd259761355846009a88250?s=96&d=mm&r=g\",\"url\":\"https:\\\/\\\/secure.gravatar.com\\\/avatar\\\/147d4b30cd728c53c29c49a3f7834dedca33707f4cd259761355846009a88250?s=96&d=mm&r=g\",\"contentUrl\":\"https:\\\/\\\/secure.gravatar.com\\\/avatar\\\/147d4b30cd728c53c29c49a3f7834dedca33707f4cd259761355846009a88250?s=96&d=mm&r=g\",\"caption\":\"Yucat\u00e1n en Corto FC\"},\"url\":\"https:\\\/\\\/www.yucatanencorto.com\\\/noticias\\\/author\\\/flor\\\/\"}]}<\/script>\n<!-- \/ Yoast SEO plugin. -->","yoast_head_json":{"title":"Poder Judicial de Yucat\u00e1n y Jalisco modernizan sus servicios para ser m\u00e1s eficaces - Yucat\u00e1n en corto","robots":{"index":"index","follow":"follow","max-snippet":"max-snippet:-1","max-image-preview":"max-image-preview:large","max-video-preview":"max-video-preview:-1"},"canonical":"https:\/\/www.yucatanencorto.com\/noticias\/poder-judicial-de-yucatan-y-jalisco-modernizan-sus-servicios-para-ser-mas-eficaces\/","og_locale":"es_ES","og_type":"article","og_title":"Poder Judicial de Yucat\u00e1n y Jalisco modernizan sus servicios para ser m\u00e1s eficaces - Yucat\u00e1n en corto","og_description":"-La presidenta del Tribunal Superior de Justicia del Estado y del Consejo de la Judicatura, Mar\u00eda Carolina Canto Vald\u00e9s y el presidente del Supremo Tribunal de Justicia y del Consejo de la Judicatura de Jalisco, Daniel Espinosa Lic\u00f3n, firmaron un convenio de cooperaci\u00f3n para intercambiar buenas pr\u00e1cticas, implementar estrategias conjuntas y aprovechar bienes tecnol\u00f3gicos.","og_url":"https:\/\/www.yucatanencorto.com\/noticias\/poder-judicial-de-yucatan-y-jalisco-modernizan-sus-servicios-para-ser-mas-eficaces\/","og_site_name":"Yucat\u00e1n en corto","article_publisher":"http:\/\/www.facebook.com\/yucatanencorto","article_published_time":"2024-11-29T18:02:12+00:00","og_image":[{"width":768,"height":665,"url":"https:\/\/www.yucatanencorto.com\/noticias\/wp-content\/uploads\/2024\/11\/WhatsApp-Image-2024-11-29-at-9.08.28-AM-scaled.jpeg","type":"image\/jpeg"}],"author":"Yucat\u00e1n en Corto FC","twitter_card":"summary_large_image","twitter_creator":"@yucatanencorto","twitter_site":"@yucatanencorto","twitter_misc":{"Escrito por":"Yucat\u00e1n en Corto FC","Tiempo de lectura":"3 minutos"},"schema":{"@context":"https:\/\/schema.org","@graph":[{"@type":"Article","@id":"https:\/\/www.yucatanencorto.com\/noticias\/poder-judicial-de-yucatan-y-jalisco-modernizan-sus-servicios-para-ser-mas-eficaces\/#article","isPartOf":{"@id":"https:\/\/www.yucatanencorto.com\/noticias\/poder-judicial-de-yucatan-y-jalisco-modernizan-sus-servicios-para-ser-mas-eficaces\/"},"author":{"name":"Yucat\u00e1n en Corto FC","@id":"https:\/\/www.yucatanencorto.com\/noticias\/#\/schema\/person\/14f82d355225a1f4075dd84a31f45a72"},"headline":"Poder Judicial de Yucat\u00e1n y Jalisco modernizan sus servicios para ser m\u00e1s eficaces","datePublished":"2024-11-29T18:02:12+00:00","mainEntityOfPage":{"@id":"https:\/\/www.yucatanencorto.com\/noticias\/poder-judicial-de-yucatan-y-jalisco-modernizan-sus-servicios-para-ser-mas-eficaces\/"},"wordCount":519,"image":{"@id":"https:\/\/www.yucatanencorto.com\/noticias\/poder-judicial-de-yucatan-y-jalisco-modernizan-sus-servicios-para-ser-mas-eficaces\/#primaryimage"},"thumbnailUrl":"https:\/\/www.yucatanencorto.com\/noticias\/wp-content\/uploads\/2024\/11\/WhatsApp-Image-2024-11-29-at-9.08.28-AM-scaled.jpeg","articleSection":["M\u00e9rida","Yucat\u00e1n"],"inLanguage":"es"},{"@type":"WebPage","@id":"https:\/\/www.yucatanencorto.com\/noticias\/poder-judicial-de-yucatan-y-jalisco-modernizan-sus-servicios-para-ser-mas-eficaces\/","url":"https:\/\/www.yucatanencorto.com\/noticias\/poder-judicial-de-yucatan-y-jalisco-modernizan-sus-servicios-para-ser-mas-eficaces\/","name":"Poder Judicial de Yucat\u00e1n y Jalisco modernizan sus servicios para ser m\u00e1s eficaces - Yucat\u00e1n en corto","isPartOf":{"@id":"https:\/\/www.yucatanencorto.com\/noticias\/#website"},"primaryImageOfPage":{"@id":"https:\/\/www.yucatanencorto.com\/noticias\/poder-judicial-de-yucatan-y-jalisco-modernizan-sus-servicios-para-ser-mas-eficaces\/#primaryimage"},"image":{"@id":"https:\/\/www.yucatanencorto.com\/noticias\/poder-judicial-de-yucatan-y-jalisco-modernizan-sus-servicios-para-ser-mas-eficaces\/#primaryimage"},"thumbnailUrl":"https:\/\/www.yucatanencorto.com\/noticias\/wp-content\/uploads\/2024\/11\/WhatsApp-Image-2024-11-29-at-9.08.28-AM-scaled.jpeg","datePublished":"2024-11-29T18:02:12+00:00","author":{"@id":"https:\/\/www.yucatanencorto.com\/noticias\/#\/schema\/person\/14f82d355225a1f4075dd84a31f45a72"},"breadcrumb":{"@id":"https:\/\/www.yucatanencorto.com\/noticias\/poder-judicial-de-yucatan-y-jalisco-modernizan-sus-servicios-para-ser-mas-eficaces\/#breadcrumb"},"inLanguage":"es","potentialAction":[{"@type":"ReadAction","target":["https:\/\/www.yucatanencorto.com\/noticias\/poder-judicial-de-yucatan-y-jalisco-modernizan-sus-servicios-para-ser-mas-eficaces\/"]}]},{"@type":"ImageObject","inLanguage":"es","@id":"https:\/\/www.yucatanencorto.com\/noticias\/poder-judicial-de-yucatan-y-jalisco-modernizan-sus-servicios-para-ser-mas-eficaces\/#primaryimage","url":"https:\/\/www.yucatanencorto.com\/noticias\/wp-content\/uploads\/2024\/11\/WhatsApp-Image-2024-11-29-at-9.08.28-AM-scaled.jpeg","contentUrl":"https:\/\/www.yucatanencorto.com\/noticias\/wp-content\/uploads\/2024\/11\/WhatsApp-Image-2024-11-29-at-9.08.28-AM-scaled.jpeg","width":768,"height":665},{"@type":"BreadcrumbList","@id":"https:\/\/www.yucatanencorto.com\/noticias\/poder-judicial-de-yucatan-y-jalisco-modernizan-sus-servicios-para-ser-mas-eficaces\/#breadcrumb","itemListElement":[{"@type":"ListItem","position":1,"name":"Portada","item":"https:\/\/www.yucatanencorto.com\/noticias\/"},{"@type":"ListItem","position":2,"name":"Poder Judicial de Yucat\u00e1n y Jalisco modernizan sus servicios para ser m\u00e1s eficaces"}]},{"@type":"WebSite","@id":"https:\/\/www.yucatanencorto.com\/noticias\/#website","url":"https:\/\/www.yucatanencorto.com\/noticias\/","name":"Yucat\u00e1n en corto","description":"Noticias","potentialAction":[{"@type":"SearchAction","target":{"@type":"EntryPoint","urlTemplate":"https:\/\/www.yucatanencorto.com\/noticias\/?s={search_term_string}"},"query-input":{"@type":"PropertyValueSpecification","valueRequired":true,"valueName":"search_term_string"}}],"inLanguage":"es"},{"@type":"Person","@id":"https:\/\/www.yucatanencorto.com\/noticias\/#\/schema\/person\/14f82d355225a1f4075dd84a31f45a72","name":"Yucat\u00e1n en Corto FC","image":{"@type":"ImageObject","inLanguage":"es","@id":"https:\/\/secure.gravatar.com\/avatar\/147d4b30cd728c53c29c49a3f7834dedca33707f4cd259761355846009a88250?s=96&d=mm&r=g","url":"https:\/\/secure.gravatar.com\/avatar\/147d4b30cd728c53c29c49a3f7834dedca33707f4cd259761355846009a88250?s=96&d=mm&r=g","contentUrl":"https:\/\/secure.gravatar.com\/avatar\/147d4b30cd728c53c29c49a3f7834dedca33707f4cd259761355846009a88250?s=96&d=mm&r=g","caption":"Yucat\u00e1n en Corto FC"},"url":"https:\/\/www.yucatanencorto.com\/noticias\/author\/flor\/"}]}},"_links":{"self":[{"href":"https:\/\/www.yucatanencorto.com\/noticias\/wp-json\/wp\/v2\/posts\/113516","targetHints":{"allow":["GET"]}}],"collection":[{"href":"https:\/\/www.yucatanencorto.com\/noticias\/wp-json\/wp\/v2\/posts"}],"about":[{"href":"https:\/\/www.yucatanencorto.com\/noticias\/wp-json\/wp\/v2\/types\/post"}],"author":[{"embeddable":true,"href":"https:\/\/www.yucatanencorto.com\/noticias\/wp-json\/wp\/v2\/users\/2"}],"replies":[{"embeddable":true,"href":"https:\/\/www.yucatanencorto.com\/noticias\/wp-json\/wp\/v2\/comments?post=113516"}],"version-history":[{"count":0,"href":"https:\/\/www.yucatanencorto.com\/noticias\/wp-json\/wp\/v2\/posts\/113516\/revisions"}],"wp:featuredmedia":[{"embeddable":true,"href":"https:\/\/www.yucatanencorto.com\/noticias\/wp-json\/wp\/v2\/media\/113518"}],"wp:attachment":[{"href":"https:\/\/www.yucatanencorto.com\/noticias\/wp-json\/wp\/v2\/media?parent=113516"}],"wp:term":[{"taxonomy":"category","embeddable":true,"href":"https:\/\/www.yucatanencorto.com\/noticias\/wp-json\/wp\/v2\/categories?post=113516"},{"taxonomy":"post_tag","embeddable":true,"href":"https:\/\/www.yucatanencorto.com\/noticias\/wp-json\/wp\/v2\/tags?post=113516"}],"curies":[{"name":"wp","href":"https:\/\/api.w.org\/{rel}","templated":true}]}}