{"id":113520,"date":"2024-11-29T12:32:14","date_gmt":"2024-11-29T18:32:14","guid":{"rendered":"https:\/\/www.yucatanencorto.com\/noticias\/?p=113520"},"modified":"2024-11-29T12:32:14","modified_gmt":"2024-11-29T18:32:14","slug":"se-emite-convocatoria-para-elegir-a-los-reyes-del-carnaval-de-kanasin-2025","status":"publish","type":"post","link":"https:\/\/www.yucatanencorto.com\/noticias\/se-emite-convocatoria-para-elegir-a-los-reyes-del-carnaval-de-kanasin-2025\/","title":{"rendered":"Se emite convocatoria para elegir a los reyes del Carnaval de Kanas\u00edn 2025"},"content":{"rendered":"<p><img loading=\"lazy\" decoding=\"async\" class=\"alignnone size-full wp-image-113521\" src=\"https:\/\/www.yucatanencorto.com\/noticias\/wp-content\/uploads\/2024\/11\/WhatsApp-Image-2024-11-29-at-12.28.38-PM-2-scaled.jpeg\" alt=\"\" width=\"768\" height=\"512\" srcset=\"https:\/\/www.yucatanencorto.com\/noticias\/wp-content\/uploads\/2024\/11\/WhatsApp-Image-2024-11-29-at-12.28.38-PM-2-scaled.jpeg 768w, https:\/\/www.yucatanencorto.com\/noticias\/wp-content\/uploads\/2024\/11\/WhatsApp-Image-2024-11-29-at-12.28.38-PM-2-150x100.jpeg 150w, https:\/\/www.yucatanencorto.com\/noticias\/wp-content\/uploads\/2024\/11\/WhatsApp-Image-2024-11-29-at-12.28.38-PM-2-300x200.jpeg 300w, https:\/\/www.yucatanencorto.com\/noticias\/wp-content\/uploads\/2024\/11\/WhatsApp-Image-2024-11-29-at-12.28.38-PM-2-696x464.jpeg 696w, https:\/\/www.yucatanencorto.com\/noticias\/wp-content\/uploads\/2024\/11\/WhatsApp-Image-2024-11-29-at-12.28.38-PM-2-1068x712.jpeg 1068w\" sizes=\"auto, (max-width: 768px) 100vw, 768px\" \/> <img loading=\"lazy\" decoding=\"async\" class=\"alignnone size-medium wp-image-113522\" src=\"https:\/\/www.yucatanencorto.com\/noticias\/wp-content\/uploads\/2024\/11\/WhatsApp-Image-2024-11-29-at-12.28.38-PM-1-scaled.jpeg\" alt=\"\" width=\"768\" height=\"512\" srcset=\"https:\/\/www.yucatanencorto.com\/noticias\/wp-content\/uploads\/2024\/11\/WhatsApp-Image-2024-11-29-at-12.28.38-PM-1-scaled.jpeg 768w, https:\/\/www.yucatanencorto.com\/noticias\/wp-content\/uploads\/2024\/11\/WhatsApp-Image-2024-11-29-at-12.28.38-PM-1-150x100.jpeg 150w, https:\/\/www.yucatanencorto.com\/noticias\/wp-content\/uploads\/2024\/11\/WhatsApp-Image-2024-11-29-at-12.28.38-PM-1-300x200.jpeg 300w, https:\/\/www.yucatanencorto.com\/noticias\/wp-content\/uploads\/2024\/11\/WhatsApp-Image-2024-11-29-at-12.28.38-PM-1-696x464.jpeg 696w, https:\/\/www.yucatanencorto.com\/noticias\/wp-content\/uploads\/2024\/11\/WhatsApp-Image-2024-11-29-at-12.28.38-PM-1-1068x712.jpeg 1068w\" sizes=\"auto, (max-width: 768px) 100vw, 768px\" \/> <img loading=\"lazy\" decoding=\"async\" class=\"alignnone size-medium wp-image-113523\" src=\"https:\/\/www.yucatanencorto.com\/noticias\/wp-content\/uploads\/2024\/11\/WhatsApp-Image-2024-11-29-at-12.28.38-PM-scaled.jpeg\" alt=\"\" width=\"768\" height=\"512\" srcset=\"https:\/\/www.yucatanencorto.com\/noticias\/wp-content\/uploads\/2024\/11\/WhatsApp-Image-2024-11-29-at-12.28.38-PM-scaled.jpeg 768w, https:\/\/www.yucatanencorto.com\/noticias\/wp-content\/uploads\/2024\/11\/WhatsApp-Image-2024-11-29-at-12.28.38-PM-150x100.jpeg 150w, https:\/\/www.yucatanencorto.com\/noticias\/wp-content\/uploads\/2024\/11\/WhatsApp-Image-2024-11-29-at-12.28.38-PM-300x200.jpeg 300w, https:\/\/www.yucatanencorto.com\/noticias\/wp-content\/uploads\/2024\/11\/WhatsApp-Image-2024-11-29-at-12.28.38-PM-696x464.jpeg 696w, https:\/\/www.yucatanencorto.com\/noticias\/wp-content\/uploads\/2024\/11\/WhatsApp-Image-2024-11-29-at-12.28.38-PM-1068x712.jpeg 1068w\" sizes=\"auto, (max-width: 768px) 100vw, 768px\" \/> <img loading=\"lazy\" decoding=\"async\" class=\"alignnone size-medium wp-image-113524\" src=\"https:\/\/www.yucatanencorto.com\/noticias\/wp-content\/uploads\/2024\/11\/WhatsApp-Image-2024-11-29-at-12.28.37-PM-1-scaled.jpeg\" alt=\"\" width=\"768\" height=\"512\" srcset=\"https:\/\/www.yucatanencorto.com\/noticias\/wp-content\/uploads\/2024\/11\/WhatsApp-Image-2024-11-29-at-12.28.37-PM-1-scaled.jpeg 768w, https:\/\/www.yucatanencorto.com\/noticias\/wp-content\/uploads\/2024\/11\/WhatsApp-Image-2024-11-29-at-12.28.37-PM-1-150x100.jpeg 150w, https:\/\/www.yucatanencorto.com\/noticias\/wp-content\/uploads\/2024\/11\/WhatsApp-Image-2024-11-29-at-12.28.37-PM-1-300x200.jpeg 300w, https:\/\/www.yucatanencorto.com\/noticias\/wp-content\/uploads\/2024\/11\/WhatsApp-Image-2024-11-29-at-12.28.37-PM-1-696x464.jpeg 696w, https:\/\/www.yucatanencorto.com\/noticias\/wp-content\/uploads\/2024\/11\/WhatsApp-Image-2024-11-29-at-12.28.37-PM-1-1068x712.jpeg 1068w\" sizes=\"auto, (max-width: 768px) 100vw, 768px\" \/> <img loading=\"lazy\" decoding=\"async\" class=\"alignnone size-medium wp-image-113525\" src=\"https:\/\/www.yucatanencorto.com\/noticias\/wp-content\/uploads\/2024\/11\/WhatsApp-Image-2024-11-29-at-12.28.37-PM-scaled.jpeg\" alt=\"\" width=\"768\" height=\"512\" srcset=\"https:\/\/www.yucatanencorto.com\/noticias\/wp-content\/uploads\/2024\/11\/WhatsApp-Image-2024-11-29-at-12.28.37-PM-scaled.jpeg 768w, https:\/\/www.yucatanencorto.com\/noticias\/wp-content\/uploads\/2024\/11\/WhatsApp-Image-2024-11-29-at-12.28.37-PM-150x100.jpeg 150w, https:\/\/www.yucatanencorto.com\/noticias\/wp-content\/uploads\/2024\/11\/WhatsApp-Image-2024-11-29-at-12.28.37-PM-300x200.jpeg 300w, https:\/\/www.yucatanencorto.com\/noticias\/wp-content\/uploads\/2024\/11\/WhatsApp-Image-2024-11-29-at-12.28.37-PM-696x464.jpeg 696w, https:\/\/www.yucatanencorto.com\/noticias\/wp-content\/uploads\/2024\/11\/WhatsApp-Image-2024-11-29-at-12.28.37-PM-1068x712.jpeg 1068w\" sizes=\"auto, (max-width: 768px) 100vw, 768px\" \/><\/p>\n<p style=\"text-align: justify;\">\nKanas\u00edn, Yucat\u00e1n a 29 de noviembre 2024.- El Comit\u00e9 Organizador del Carnaval de Kanas\u00edn emiti\u00f3 en d\u00edas pasados la convocatoria para elegir a quienes ser\u00e1n el Rey y la Reina del Carnaval de Kanas\u00edn 2025 e inform\u00f3 que la recepci\u00f3n de documentos de las y los interesados ser\u00e1 hasta este pr\u00f3ximo lunes 2 de diciembre.<\/p>\n<p style=\"text-align: justify;\">La biblioteca municipal ser\u00e1 el lugar de recepci\u00f3n de los documentos en horario de 9 a 1 de la tarde este s\u00e1bado y domingo y de 9 a 1 de la tarde y de 4 a 8 de la noche el lunes; las y los aspirantes deber\u00e1n tener entre 18 y 26 a\u00f1os de edad, ser residente del municipio de Kanasin o de alguna de sus comisar\u00edas y no haber sido rey o reina en a\u00f1os anteriores.<\/p>\n<p style=\"text-align: justify;\">Entre los requisitos tambi\u00e9n se pide que el aspirante a rey deber\u00e1 ser del sexo masculino y del sexo femenino si desea ser reyna.<\/p>\n<p style=\"text-align: justify;\">Tener car\u00e1cter extrovertido con habilidades y condici\u00f3n f\u00edsica para bailes (t\u00e9cnicas como jazz, ritmos latinos, y ritmos urbanos), as\u00ed como tambi\u00e9n tener facilidad de palabra.<\/p>\n<p style=\"text-align: justify;\">La documentaci\u00f3n a entregarse ser\u00e1 la siguiente: acta de nacimiento, CURP, documento INE o pasaporte, comprobante de domicilio, una foto de su rostro y otra de cuerpo entero.<\/p>\n<p style=\"text-align: justify;\">La selecci\u00f3n se realizar\u00e1 el pr\u00f3ximo 16 de diciembre a las 6 de la tarde y la prueba ser\u00e1 a puerta cerrada.<\/p>\n<p>A las y los aspirantes se les har\u00e1 una prueba de baile donde se calificar\u00e1 su desenvolvimiento t\u00e9cnico, talento y carisma.<\/p>\n","protected":false},"excerpt":{"rendered":"<p>El Comit\u00e9 Organizador del Carnaval de Kanas\u00edn emiti\u00f3 en d\u00edas pasados la convocatoria para elegir a quienes ser\u00e1n el Rey y la Reina del Carnaval de Kanas\u00edn 2025 e inform\u00f3 que la recepci\u00f3n de documentos de las y los interesados ser\u00e1 hasta este pr\u00f3ximo lunes 2 de diciembre.<\/p>\n","protected":false},"author":2,"featured_media":113525,"comment_status":"closed","ping_status":"closed","sticky":false,"template":"","format":"standard","meta":{"footnotes":""},"categories":[2,3],"tags":[],"class_list":{"0":"post-113520","1":"post","2":"type-post","3":"status-publish","4":"format-standard","5":"has-post-thumbnail","7":"category-merida","8":"category-yucatan"},"yoast_head":"<!-- This site is optimized with the Yoast SEO plugin v27.4 - https:\/\/yoast.com\/product\/yoast-seo-wordpress\/ -->\n<title>Se emite convocatoria para elegir a los reyes del Carnaval de Kanas\u00edn 2025 - Yucat\u00e1n en corto<\/title>\n<meta name=\"robots\" content=\"index, follow, max-snippet:-1, max-image-preview:large, max-video-preview:-1\" \/>\n<link rel=\"canonical\" href=\"https:\/\/www.yucatanencorto.com\/noticias\/se-emite-convocatoria-para-elegir-a-los-reyes-del-carnaval-de-kanasin-2025\/\" \/>\n<meta property=\"og:locale\" content=\"es_ES\" \/>\n<meta property=\"og:type\" content=\"article\" \/>\n<meta property=\"og:title\" content=\"Se emite convocatoria para elegir a los reyes del Carnaval de Kanas\u00edn 2025 - Yucat\u00e1n en corto\" \/>\n<meta property=\"og:description\" content=\"El Comit\u00e9 Organizador del Carnaval de Kanas\u00edn emiti\u00f3 en d\u00edas pasados la convocatoria para elegir a quienes ser\u00e1n el Rey y la Reina del Carnaval de Kanas\u00edn 2025 e inform\u00f3 que la recepci\u00f3n de documentos de las y los interesados ser\u00e1 hasta este pr\u00f3ximo lunes 2 de diciembre.\" \/>\n<meta property=\"og:url\" content=\"https:\/\/www.yucatanencorto.com\/noticias\/se-emite-convocatoria-para-elegir-a-los-reyes-del-carnaval-de-kanasin-2025\/\" \/>\n<meta property=\"og:site_name\" content=\"Yucat\u00e1n en corto\" \/>\n<meta property=\"article:publisher\" content=\"http:\/\/www.facebook.com\/yucatanencorto\" \/>\n<meta property=\"article:published_time\" content=\"2024-11-29T18:32:14+00:00\" \/>\n<meta property=\"og:image\" content=\"https:\/\/www.yucatanencorto.com\/noticias\/wp-content\/uploads\/2024\/11\/WhatsApp-Image-2024-11-29-at-12.28.37-PM-scaled.jpeg\" \/>\n\t<meta property=\"og:image:width\" content=\"768\" \/>\n\t<meta property=\"og:image:height\" content=\"512\" \/>\n\t<meta property=\"og:image:type\" content=\"image\/jpeg\" \/>\n<meta name=\"author\" content=\"Yucat\u00e1n en Corto FC\" \/>\n<meta name=\"twitter:card\" content=\"summary_large_image\" \/>\n<meta name=\"twitter:creator\" content=\"@yucatanencorto\" \/>\n<meta name=\"twitter:site\" content=\"@yucatanencorto\" \/>\n<meta name=\"twitter:label1\" content=\"Escrito por\" \/>\n\t<meta name=\"twitter:data1\" content=\"Yucat\u00e1n en Corto FC\" \/>\n\t<meta name=\"twitter:label2\" content=\"Tiempo de lectura\" \/>\n\t<meta name=\"twitter:data2\" content=\"3 minutos\" \/>\n<script type=\"application\/ld+json\" class=\"yoast-schema-graph\">{\"@context\":\"https:\\\/\\\/schema.org\",\"@graph\":[{\"@type\":\"Article\",\"@id\":\"https:\\\/\\\/www.yucatanencorto.com\\\/noticias\\\/se-emite-convocatoria-para-elegir-a-los-reyes-del-carnaval-de-kanasin-2025\\\/#article\",\"isPartOf\":{\"@id\":\"https:\\\/\\\/www.yucatanencorto.com\\\/noticias\\\/se-emite-convocatoria-para-elegir-a-los-reyes-del-carnaval-de-kanasin-2025\\\/\"},\"author\":{\"name\":\"Yucat\u00e1n en Corto FC\",\"@id\":\"https:\\\/\\\/www.yucatanencorto.com\\\/noticias\\\/#\\\/schema\\\/person\\\/14f82d355225a1f4075dd84a31f45a72\"},\"headline\":\"Se emite convocatoria para elegir a los reyes del Carnaval de Kanas\u00edn 2025\",\"datePublished\":\"2024-11-29T18:32:14+00:00\",\"mainEntityOfPage\":{\"@id\":\"https:\\\/\\\/www.yucatanencorto.com\\\/noticias\\\/se-emite-convocatoria-para-elegir-a-los-reyes-del-carnaval-de-kanasin-2025\\\/\"},\"wordCount\":276,\"image\":{\"@id\":\"https:\\\/\\\/www.yucatanencorto.com\\\/noticias\\\/se-emite-convocatoria-para-elegir-a-los-reyes-del-carnaval-de-kanasin-2025\\\/#primaryimage\"},\"thumbnailUrl\":\"https:\\\/\\\/www.yucatanencorto.com\\\/noticias\\\/wp-content\\\/uploads\\\/2024\\\/11\\\/WhatsApp-Image-2024-11-29-at-12.28.37-PM-scaled.jpeg\",\"articleSection\":[\"M\u00e9rida\",\"Yucat\u00e1n\"],\"inLanguage\":\"es\"},{\"@type\":\"WebPage\",\"@id\":\"https:\\\/\\\/www.yucatanencorto.com\\\/noticias\\\/se-emite-convocatoria-para-elegir-a-los-reyes-del-carnaval-de-kanasin-2025\\\/\",\"url\":\"https:\\\/\\\/www.yucatanencorto.com\\\/noticias\\\/se-emite-convocatoria-para-elegir-a-los-reyes-del-carnaval-de-kanasin-2025\\\/\",\"name\":\"Se emite convocatoria para elegir a los reyes del Carnaval de Kanas\u00edn 2025 - Yucat\u00e1n en corto\",\"isPartOf\":{\"@id\":\"https:\\\/\\\/www.yucatanencorto.com\\\/noticias\\\/#website\"},\"primaryImageOfPage\":{\"@id\":\"https:\\\/\\\/www.yucatanencorto.com\\\/noticias\\\/se-emite-convocatoria-para-elegir-a-los-reyes-del-carnaval-de-kanasin-2025\\\/#primaryimage\"},\"image\":{\"@id\":\"https:\\\/\\\/www.yucatanencorto.com\\\/noticias\\\/se-emite-convocatoria-para-elegir-a-los-reyes-del-carnaval-de-kanasin-2025\\\/#primaryimage\"},\"thumbnailUrl\":\"https:\\\/\\\/www.yucatanencorto.com\\\/noticias\\\/wp-content\\\/uploads\\\/2024\\\/11\\\/WhatsApp-Image-2024-11-29-at-12.28.37-PM-scaled.jpeg\",\"datePublished\":\"2024-11-29T18:32:14+00:00\",\"author\":{\"@id\":\"https:\\\/\\\/www.yucatanencorto.com\\\/noticias\\\/#\\\/schema\\\/person\\\/14f82d355225a1f4075dd84a31f45a72\"},\"breadcrumb\":{\"@id\":\"https:\\\/\\\/www.yucatanencorto.com\\\/noticias\\\/se-emite-convocatoria-para-elegir-a-los-reyes-del-carnaval-de-kanasin-2025\\\/#breadcrumb\"},\"inLanguage\":\"es\",\"potentialAction\":[{\"@type\":\"ReadAction\",\"target\":[\"https:\\\/\\\/www.yucatanencorto.com\\\/noticias\\\/se-emite-convocatoria-para-elegir-a-los-reyes-del-carnaval-de-kanasin-2025\\\/\"]}]},{\"@type\":\"ImageObject\",\"inLanguage\":\"es\",\"@id\":\"https:\\\/\\\/www.yucatanencorto.com\\\/noticias\\\/se-emite-convocatoria-para-elegir-a-los-reyes-del-carnaval-de-kanasin-2025\\\/#primaryimage\",\"url\":\"https:\\\/\\\/www.yucatanencorto.com\\\/noticias\\\/wp-content\\\/uploads\\\/2024\\\/11\\\/WhatsApp-Image-2024-11-29-at-12.28.37-PM-scaled.jpeg\",\"contentUrl\":\"https:\\\/\\\/www.yucatanencorto.com\\\/noticias\\\/wp-content\\\/uploads\\\/2024\\\/11\\\/WhatsApp-Image-2024-11-29-at-12.28.37-PM-scaled.jpeg\",\"width\":768,\"height\":512},{\"@type\":\"BreadcrumbList\",\"@id\":\"https:\\\/\\\/www.yucatanencorto.com\\\/noticias\\\/se-emite-convocatoria-para-elegir-a-los-reyes-del-carnaval-de-kanasin-2025\\\/#breadcrumb\",\"itemListElement\":[{\"@type\":\"ListItem\",\"position\":1,\"name\":\"Portada\",\"item\":\"https:\\\/\\\/www.yucatanencorto.com\\\/noticias\\\/\"},{\"@type\":\"ListItem\",\"position\":2,\"name\":\"Se emite convocatoria para elegir a los reyes del Carnaval de Kanas\u00edn 2025\"}]},{\"@type\":\"WebSite\",\"@id\":\"https:\\\/\\\/www.yucatanencorto.com\\\/noticias\\\/#website\",\"url\":\"https:\\\/\\\/www.yucatanencorto.com\\\/noticias\\\/\",\"name\":\"Yucat\u00e1n en corto\",\"description\":\"Noticias\",\"potentialAction\":[{\"@type\":\"SearchAction\",\"target\":{\"@type\":\"EntryPoint\",\"urlTemplate\":\"https:\\\/\\\/www.yucatanencorto.com\\\/noticias\\\/?s={search_term_string}\"},\"query-input\":{\"@type\":\"PropertyValueSpecification\",\"valueRequired\":true,\"valueName\":\"search_term_string\"}}],\"inLanguage\":\"es\"},{\"@type\":\"Person\",\"@id\":\"https:\\\/\\\/www.yucatanencorto.com\\\/noticias\\\/#\\\/schema\\\/person\\\/14f82d355225a1f4075dd84a31f45a72\",\"name\":\"Yucat\u00e1n en Corto FC\",\"image\":{\"@type\":\"ImageObject\",\"inLanguage\":\"es\",\"@id\":\"https:\\\/\\\/secure.gravatar.com\\\/avatar\\\/147d4b30cd728c53c29c49a3f7834dedca33707f4cd259761355846009a88250?s=96&d=mm&r=g\",\"url\":\"https:\\\/\\\/secure.gravatar.com\\\/avatar\\\/147d4b30cd728c53c29c49a3f7834dedca33707f4cd259761355846009a88250?s=96&d=mm&r=g\",\"contentUrl\":\"https:\\\/\\\/secure.gravatar.com\\\/avatar\\\/147d4b30cd728c53c29c49a3f7834dedca33707f4cd259761355846009a88250?s=96&d=mm&r=g\",\"caption\":\"Yucat\u00e1n en Corto FC\"},\"url\":\"https:\\\/\\\/www.yucatanencorto.com\\\/noticias\\\/author\\\/flor\\\/\"}]}<\/script>\n<!-- \/ Yoast SEO plugin. -->","yoast_head_json":{"title":"Se emite convocatoria para elegir a los reyes del Carnaval de Kanas\u00edn 2025 - Yucat\u00e1n en corto","robots":{"index":"index","follow":"follow","max-snippet":"max-snippet:-1","max-image-preview":"max-image-preview:large","max-video-preview":"max-video-preview:-1"},"canonical":"https:\/\/www.yucatanencorto.com\/noticias\/se-emite-convocatoria-para-elegir-a-los-reyes-del-carnaval-de-kanasin-2025\/","og_locale":"es_ES","og_type":"article","og_title":"Se emite convocatoria para elegir a los reyes del Carnaval de Kanas\u00edn 2025 - Yucat\u00e1n en corto","og_description":"El Comit\u00e9 Organizador del Carnaval de Kanas\u00edn emiti\u00f3 en d\u00edas pasados la convocatoria para elegir a quienes ser\u00e1n el Rey y la Reina del Carnaval de Kanas\u00edn 2025 e inform\u00f3 que la recepci\u00f3n de documentos de las y los interesados ser\u00e1 hasta este pr\u00f3ximo lunes 2 de diciembre.","og_url":"https:\/\/www.yucatanencorto.com\/noticias\/se-emite-convocatoria-para-elegir-a-los-reyes-del-carnaval-de-kanasin-2025\/","og_site_name":"Yucat\u00e1n en corto","article_publisher":"http:\/\/www.facebook.com\/yucatanencorto","article_published_time":"2024-11-29T18:32:14+00:00","og_image":[{"width":768,"height":512,"url":"https:\/\/www.yucatanencorto.com\/noticias\/wp-content\/uploads\/2024\/11\/WhatsApp-Image-2024-11-29-at-12.28.37-PM-scaled.jpeg","type":"image\/jpeg"}],"author":"Yucat\u00e1n en Corto FC","twitter_card":"summary_large_image","twitter_creator":"@yucatanencorto","twitter_site":"@yucatanencorto","twitter_misc":{"Escrito por":"Yucat\u00e1n en Corto FC","Tiempo de lectura":"3 minutos"},"schema":{"@context":"https:\/\/schema.org","@graph":[{"@type":"Article","@id":"https:\/\/www.yucatanencorto.com\/noticias\/se-emite-convocatoria-para-elegir-a-los-reyes-del-carnaval-de-kanasin-2025\/#article","isPartOf":{"@id":"https:\/\/www.yucatanencorto.com\/noticias\/se-emite-convocatoria-para-elegir-a-los-reyes-del-carnaval-de-kanasin-2025\/"},"author":{"name":"Yucat\u00e1n en Corto FC","@id":"https:\/\/www.yucatanencorto.com\/noticias\/#\/schema\/person\/14f82d355225a1f4075dd84a31f45a72"},"headline":"Se emite convocatoria para elegir a los reyes del Carnaval de Kanas\u00edn 2025","datePublished":"2024-11-29T18:32:14+00:00","mainEntityOfPage":{"@id":"https:\/\/www.yucatanencorto.com\/noticias\/se-emite-convocatoria-para-elegir-a-los-reyes-del-carnaval-de-kanasin-2025\/"},"wordCount":276,"image":{"@id":"https:\/\/www.yucatanencorto.com\/noticias\/se-emite-convocatoria-para-elegir-a-los-reyes-del-carnaval-de-kanasin-2025\/#primaryimage"},"thumbnailUrl":"https:\/\/www.yucatanencorto.com\/noticias\/wp-content\/uploads\/2024\/11\/WhatsApp-Image-2024-11-29-at-12.28.37-PM-scaled.jpeg","articleSection":["M\u00e9rida","Yucat\u00e1n"],"inLanguage":"es"},{"@type":"WebPage","@id":"https:\/\/www.yucatanencorto.com\/noticias\/se-emite-convocatoria-para-elegir-a-los-reyes-del-carnaval-de-kanasin-2025\/","url":"https:\/\/www.yucatanencorto.com\/noticias\/se-emite-convocatoria-para-elegir-a-los-reyes-del-carnaval-de-kanasin-2025\/","name":"Se emite convocatoria para elegir a los reyes del Carnaval de Kanas\u00edn 2025 - Yucat\u00e1n en corto","isPartOf":{"@id":"https:\/\/www.yucatanencorto.com\/noticias\/#website"},"primaryImageOfPage":{"@id":"https:\/\/www.yucatanencorto.com\/noticias\/se-emite-convocatoria-para-elegir-a-los-reyes-del-carnaval-de-kanasin-2025\/#primaryimage"},"image":{"@id":"https:\/\/www.yucatanencorto.com\/noticias\/se-emite-convocatoria-para-elegir-a-los-reyes-del-carnaval-de-kanasin-2025\/#primaryimage"},"thumbnailUrl":"https:\/\/www.yucatanencorto.com\/noticias\/wp-content\/uploads\/2024\/11\/WhatsApp-Image-2024-11-29-at-12.28.37-PM-scaled.jpeg","datePublished":"2024-11-29T18:32:14+00:00","author":{"@id":"https:\/\/www.yucatanencorto.com\/noticias\/#\/schema\/person\/14f82d355225a1f4075dd84a31f45a72"},"breadcrumb":{"@id":"https:\/\/www.yucatanencorto.com\/noticias\/se-emite-convocatoria-para-elegir-a-los-reyes-del-carnaval-de-kanasin-2025\/#breadcrumb"},"inLanguage":"es","potentialAction":[{"@type":"ReadAction","target":["https:\/\/www.yucatanencorto.com\/noticias\/se-emite-convocatoria-para-elegir-a-los-reyes-del-carnaval-de-kanasin-2025\/"]}]},{"@type":"ImageObject","inLanguage":"es","@id":"https:\/\/www.yucatanencorto.com\/noticias\/se-emite-convocatoria-para-elegir-a-los-reyes-del-carnaval-de-kanasin-2025\/#primaryimage","url":"https:\/\/www.yucatanencorto.com\/noticias\/wp-content\/uploads\/2024\/11\/WhatsApp-Image-2024-11-29-at-12.28.37-PM-scaled.jpeg","contentUrl":"https:\/\/www.yucatanencorto.com\/noticias\/wp-content\/uploads\/2024\/11\/WhatsApp-Image-2024-11-29-at-12.28.37-PM-scaled.jpeg","width":768,"height":512},{"@type":"BreadcrumbList","@id":"https:\/\/www.yucatanencorto.com\/noticias\/se-emite-convocatoria-para-elegir-a-los-reyes-del-carnaval-de-kanasin-2025\/#breadcrumb","itemListElement":[{"@type":"ListItem","position":1,"name":"Portada","item":"https:\/\/www.yucatanencorto.com\/noticias\/"},{"@type":"ListItem","position":2,"name":"Se emite convocatoria para elegir a los reyes del Carnaval de Kanas\u00edn 2025"}]},{"@type":"WebSite","@id":"https:\/\/www.yucatanencorto.com\/noticias\/#website","url":"https:\/\/www.yucatanencorto.com\/noticias\/","name":"Yucat\u00e1n en corto","description":"Noticias","potentialAction":[{"@type":"SearchAction","target":{"@type":"EntryPoint","urlTemplate":"https:\/\/www.yucatanencorto.com\/noticias\/?s={search_term_string}"},"query-input":{"@type":"PropertyValueSpecification","valueRequired":true,"valueName":"search_term_string"}}],"inLanguage":"es"},{"@type":"Person","@id":"https:\/\/www.yucatanencorto.com\/noticias\/#\/schema\/person\/14f82d355225a1f4075dd84a31f45a72","name":"Yucat\u00e1n en Corto FC","image":{"@type":"ImageObject","inLanguage":"es","@id":"https:\/\/secure.gravatar.com\/avatar\/147d4b30cd728c53c29c49a3f7834dedca33707f4cd259761355846009a88250?s=96&d=mm&r=g","url":"https:\/\/secure.gravatar.com\/avatar\/147d4b30cd728c53c29c49a3f7834dedca33707f4cd259761355846009a88250?s=96&d=mm&r=g","contentUrl":"https:\/\/secure.gravatar.com\/avatar\/147d4b30cd728c53c29c49a3f7834dedca33707f4cd259761355846009a88250?s=96&d=mm&r=g","caption":"Yucat\u00e1n en Corto FC"},"url":"https:\/\/www.yucatanencorto.com\/noticias\/author\/flor\/"}]}},"_links":{"self":[{"href":"https:\/\/www.yucatanencorto.com\/noticias\/wp-json\/wp\/v2\/posts\/113520","targetHints":{"allow":["GET"]}}],"collection":[{"href":"https:\/\/www.yucatanencorto.com\/noticias\/wp-json\/wp\/v2\/posts"}],"about":[{"href":"https:\/\/www.yucatanencorto.com\/noticias\/wp-json\/wp\/v2\/types\/post"}],"author":[{"embeddable":true,"href":"https:\/\/www.yucatanencorto.com\/noticias\/wp-json\/wp\/v2\/users\/2"}],"replies":[{"embeddable":true,"href":"https:\/\/www.yucatanencorto.com\/noticias\/wp-json\/wp\/v2\/comments?post=113520"}],"version-history":[{"count":0,"href":"https:\/\/www.yucatanencorto.com\/noticias\/wp-json\/wp\/v2\/posts\/113520\/revisions"}],"wp:featuredmedia":[{"embeddable":true,"href":"https:\/\/www.yucatanencorto.com\/noticias\/wp-json\/wp\/v2\/media\/113525"}],"wp:attachment":[{"href":"https:\/\/www.yucatanencorto.com\/noticias\/wp-json\/wp\/v2\/media?parent=113520"}],"wp:term":[{"taxonomy":"category","embeddable":true,"href":"https:\/\/www.yucatanencorto.com\/noticias\/wp-json\/wp\/v2\/categories?post=113520"},{"taxonomy":"post_tag","embeddable":true,"href":"https:\/\/www.yucatanencorto.com\/noticias\/wp-json\/wp\/v2\/tags?post=113520"}],"curies":[{"name":"wp","href":"https:\/\/api.w.org\/{rel}","templated":true}]}}