{"id":113527,"date":"2024-11-29T15:38:40","date_gmt":"2024-11-29T21:38:40","guid":{"rendered":"https:\/\/www.yucatanencorto.com\/noticias\/?p=113527"},"modified":"2024-11-29T15:38:40","modified_gmt":"2024-11-29T21:38:40","slug":"la-ruta-copo-la-isla-es-la-mas-utilizadas-del-sistema-va-y-ven","status":"publish","type":"post","link":"https:\/\/www.yucatanencorto.com\/noticias\/la-ruta-copo-la-isla-es-la-mas-utilizadas-del-sistema-va-y-ven\/","title":{"rendered":"La ruta Cop\u00f3-La Isla es la m\u00e1s utilizadas del Sistema Va y Ven"},"content":{"rendered":"<p><img loading=\"lazy\" decoding=\"async\" class=\"alignnone size-full wp-image-113528\" src=\"https:\/\/www.yucatanencorto.com\/noticias\/wp-content\/uploads\/2024\/11\/WhatsApp-Image-2024-11-29-at-3.30.07-PM-4-scaled.jpeg\" alt=\"\" width=\"768\" height=\"512\" srcset=\"https:\/\/www.yucatanencorto.com\/noticias\/wp-content\/uploads\/2024\/11\/WhatsApp-Image-2024-11-29-at-3.30.07-PM-4-scaled.jpeg 768w, https:\/\/www.yucatanencorto.com\/noticias\/wp-content\/uploads\/2024\/11\/WhatsApp-Image-2024-11-29-at-3.30.07-PM-4-150x100.jpeg 150w, https:\/\/www.yucatanencorto.com\/noticias\/wp-content\/uploads\/2024\/11\/WhatsApp-Image-2024-11-29-at-3.30.07-PM-4-300x200.jpeg 300w, https:\/\/www.yucatanencorto.com\/noticias\/wp-content\/uploads\/2024\/11\/WhatsApp-Image-2024-11-29-at-3.30.07-PM-4-696x464.jpeg 696w, https:\/\/www.yucatanencorto.com\/noticias\/wp-content\/uploads\/2024\/11\/WhatsApp-Image-2024-11-29-at-3.30.07-PM-4-1068x712.jpeg 1068w\" sizes=\"auto, (max-width: 768px) 100vw, 768px\" \/> <img loading=\"lazy\" decoding=\"async\" class=\"alignnone size-medium wp-image-113529\" src=\"https:\/\/www.yucatanencorto.com\/noticias\/wp-content\/uploads\/2024\/11\/WhatsApp-Image-2024-11-29-at-3.30.07-PM-3-scaled.jpeg\" alt=\"\" width=\"768\" height=\"512\" srcset=\"https:\/\/www.yucatanencorto.com\/noticias\/wp-content\/uploads\/2024\/11\/WhatsApp-Image-2024-11-29-at-3.30.07-PM-3-scaled.jpeg 768w, https:\/\/www.yucatanencorto.com\/noticias\/wp-content\/uploads\/2024\/11\/WhatsApp-Image-2024-11-29-at-3.30.07-PM-3-150x100.jpeg 150w, https:\/\/www.yucatanencorto.com\/noticias\/wp-content\/uploads\/2024\/11\/WhatsApp-Image-2024-11-29-at-3.30.07-PM-3-300x200.jpeg 300w, https:\/\/www.yucatanencorto.com\/noticias\/wp-content\/uploads\/2024\/11\/WhatsApp-Image-2024-11-29-at-3.30.07-PM-3-696x464.jpeg 696w, https:\/\/www.yucatanencorto.com\/noticias\/wp-content\/uploads\/2024\/11\/WhatsApp-Image-2024-11-29-at-3.30.07-PM-3-1068x712.jpeg 1068w\" sizes=\"auto, (max-width: 768px) 100vw, 768px\" \/> <img loading=\"lazy\" decoding=\"async\" class=\"alignnone size-medium wp-image-113530\" src=\"https:\/\/www.yucatanencorto.com\/noticias\/wp-content\/uploads\/2024\/11\/WhatsApp-Image-2024-11-29-at-3.30.07-PM-2-scaled.jpeg\" alt=\"\" width=\"768\" height=\"512\" srcset=\"https:\/\/www.yucatanencorto.com\/noticias\/wp-content\/uploads\/2024\/11\/WhatsApp-Image-2024-11-29-at-3.30.07-PM-2-scaled.jpeg 768w, https:\/\/www.yucatanencorto.com\/noticias\/wp-content\/uploads\/2024\/11\/WhatsApp-Image-2024-11-29-at-3.30.07-PM-2-1536x1024.jpeg 1536w, https:\/\/www.yucatanencorto.com\/noticias\/wp-content\/uploads\/2024\/11\/WhatsApp-Image-2024-11-29-at-3.30.07-PM-2-150x100.jpeg 150w, https:\/\/www.yucatanencorto.com\/noticias\/wp-content\/uploads\/2024\/11\/WhatsApp-Image-2024-11-29-at-3.30.07-PM-2-300x200.jpeg 300w, https:\/\/www.yucatanencorto.com\/noticias\/wp-content\/uploads\/2024\/11\/WhatsApp-Image-2024-11-29-at-3.30.07-PM-2-696x464.jpeg 696w, https:\/\/www.yucatanencorto.com\/noticias\/wp-content\/uploads\/2024\/11\/WhatsApp-Image-2024-11-29-at-3.30.07-PM-2-1068x712.jpeg 1068w\" sizes=\"auto, (max-width: 768px) 100vw, 768px\" \/> <img loading=\"lazy\" decoding=\"async\" class=\"alignnone size-medium wp-image-113531\" src=\"https:\/\/www.yucatanencorto.com\/noticias\/wp-content\/uploads\/2024\/11\/WhatsApp-Image-2024-11-29-at-3.30.07-PM-1-scaled.jpeg\" alt=\"\" width=\"768\" height=\"512\" srcset=\"https:\/\/www.yucatanencorto.com\/noticias\/wp-content\/uploads\/2024\/11\/WhatsApp-Image-2024-11-29-at-3.30.07-PM-1-scaled.jpeg 768w, https:\/\/www.yucatanencorto.com\/noticias\/wp-content\/uploads\/2024\/11\/WhatsApp-Image-2024-11-29-at-3.30.07-PM-1-150x100.jpeg 150w, https:\/\/www.yucatanencorto.com\/noticias\/wp-content\/uploads\/2024\/11\/WhatsApp-Image-2024-11-29-at-3.30.07-PM-1-300x200.jpeg 300w, https:\/\/www.yucatanencorto.com\/noticias\/wp-content\/uploads\/2024\/11\/WhatsApp-Image-2024-11-29-at-3.30.07-PM-1-696x464.jpeg 696w, https:\/\/www.yucatanencorto.com\/noticias\/wp-content\/uploads\/2024\/11\/WhatsApp-Image-2024-11-29-at-3.30.07-PM-1-1068x712.jpeg 1068w\" sizes=\"auto, (max-width: 768px) 100vw, 768px\" \/> <img loading=\"lazy\" decoding=\"async\" class=\"alignnone size-medium wp-image-113532\" src=\"https:\/\/www.yucatanencorto.com\/noticias\/wp-content\/uploads\/2024\/11\/WhatsApp-Image-2024-11-29-at-3.30.07-PM-scaled.jpeg\" alt=\"\" width=\"768\" height=\"503\" srcset=\"https:\/\/www.yucatanencorto.com\/noticias\/wp-content\/uploads\/2024\/11\/WhatsApp-Image-2024-11-29-at-3.30.07-PM-scaled.jpeg 768w, https:\/\/www.yucatanencorto.com\/noticias\/wp-content\/uploads\/2024\/11\/WhatsApp-Image-2024-11-29-at-3.30.07-PM-1536x1006.jpeg 1536w, https:\/\/www.yucatanencorto.com\/noticias\/wp-content\/uploads\/2024\/11\/WhatsApp-Image-2024-11-29-at-3.30.07-PM-150x98.jpeg 150w, https:\/\/www.yucatanencorto.com\/noticias\/wp-content\/uploads\/2024\/11\/WhatsApp-Image-2024-11-29-at-3.30.07-PM-300x197.jpeg 300w, https:\/\/www.yucatanencorto.com\/noticias\/wp-content\/uploads\/2024\/11\/WhatsApp-Image-2024-11-29-at-3.30.07-PM-696x456.jpeg 696w, https:\/\/www.yucatanencorto.com\/noticias\/wp-content\/uploads\/2024\/11\/WhatsApp-Image-2024-11-29-at-3.30.07-PM-1068x700.jpeg 1068w\" sizes=\"auto, (max-width: 768px) 100vw, 768px\" \/> <img loading=\"lazy\" decoding=\"async\" class=\"alignnone size-medium wp-image-113533\" src=\"https:\/\/www.yucatanencorto.com\/noticias\/wp-content\/uploads\/2024\/11\/WhatsApp-Image-2024-11-29-at-3.30.06-PM-scaled.jpeg\" alt=\"\" width=\"768\" height=\"512\" srcset=\"https:\/\/www.yucatanencorto.com\/noticias\/wp-content\/uploads\/2024\/11\/WhatsApp-Image-2024-11-29-at-3.30.06-PM-scaled.jpeg 768w, https:\/\/www.yucatanencorto.com\/noticias\/wp-content\/uploads\/2024\/11\/WhatsApp-Image-2024-11-29-at-3.30.06-PM-150x100.jpeg 150w, https:\/\/www.yucatanencorto.com\/noticias\/wp-content\/uploads\/2024\/11\/WhatsApp-Image-2024-11-29-at-3.30.06-PM-300x200.jpeg 300w, https:\/\/www.yucatanencorto.com\/noticias\/wp-content\/uploads\/2024\/11\/WhatsApp-Image-2024-11-29-at-3.30.06-PM-696x464.jpeg 696w, https:\/\/www.yucatanencorto.com\/noticias\/wp-content\/uploads\/2024\/11\/WhatsApp-Image-2024-11-29-at-3.30.06-PM-1068x712.jpeg 1068w\" sizes=\"auto, (max-width: 768px) 100vw, 768px\" \/><\/p>\n<p style=\"text-align: justify;\">M\u00e9rida, Yucat\u00e1n 29 de noviembre de 2024.- Una evoluci\u00f3n en el servicio, el trato de las y los operadores y modernas unidades son los beneficios que destacan los usuarios que diariamente utilizan la ruta Cop\u00f3-La Isla del Sistema Va y Ven, como Seydi Mis, quien toma todos los d\u00edas estas unidades para llegar al trabajo de forma \u00e1gil, segura y c\u00f3moda.<\/p>\n<p style=\"text-align: justify;\">\u201cLlevo 6 a\u00f1os trabajando en la plaza comercial y he visto un cambio en el servicio a comparaci\u00f3n de lo que ten\u00edamos antes, inclusive en los horarios que maneja el transporte nos ha beneficiado bastante\u201c, indic\u00f3 la usuaria.<\/p>\n<p style=\"text-align: justify;\">De acuerdo con la trabajadora, esta es una de las rutas que m\u00e1s demanda tiene el Va y Ven de ido a que es utilizada por miles de colaboradores que a diario acuden a esa zona de la ciudad, por lo que consider\u00f3 positivo que el flujo de unidades sea m\u00e1s frecuente.<\/p>\n<p style=\"text-align: justify;\">Adem\u00e1s, indic\u00f3 que es com\u00fan ver a trabajadores de las diferentes plazas comerciales utilizando esta ruta, a\u00f1adiendo que es una opci\u00f3n que implica un ahorro en su econom\u00eda ya que tambi\u00e9n conecta con otras rutas y sistemas de transporte, aprovechando los descuentos de transbordo que ofrece el Va y Ven.<\/p>\n<p style=\"text-align: justify;\">\u201cEn ocasiones salimos m\u00e1s de las 9 de la noche y antes si no sal\u00edas a esa hora ya no hab\u00eda transporte; ahora en la temporada alta nos ayuda tambi\u00e9n las rutas nocturnas que pasan por aqu\u00ed ya que la uso y luego transbordo con Perif\u00e9rico y me sale a mitad de precio, es muy bueno el servicio\u201d, a\u00f1adi\u00f3.<\/p>\n<p style=\"text-align: justify;\">En todo su trayecto, la ruta Cop\u00f3-La Isla permite transbordar con otras rutas del Sistema Va y Ven como las de Comisar\u00edas, Rutas Nocturnas, Circuito Metropolitano, Circuito Poniente y Plazas, inclusive con rutas del Ie-tram.<\/p>\n<p style=\"text-align: justify;\">La usuaria agradeci\u00f3 que esta interconexi\u00f3n permita descuentos y transbordos inclusive gratuitos, lo cual facilita la movilidad de las personas: \u201cPues yo tomo hasta 3 camiones para llegar al trabajo, entonces para m\u00ed es significativo no solo en eso, sino tambi\u00e9n en el tiempo porque me evito llegar al centro\u201d.<\/p>\n<p style=\"text-align: justify;\">Por \u00faltimo invit\u00f3 a las y los usuarios a utilizar estas opciones de transporte p\u00fablico durante la temporada decembrina ya que adem\u00e1s de ahorrar tiempo y dinero, pueden aprovechar el transporte p\u00fablico que llega a las plazas comerciales de M\u00e9rida.<\/p>\n<p style=\"text-align: justify;\">La ruta Cop\u00f3-La Isla recorre puntos de inter\u00e9s como el Parque de la Mejorada, La Plancha, Parque de Itizimn\u00e1, Gran Chapur Norte, Golden Casino Island, La Glorieta del Pocito, el Ateneo de M\u00e9rida, City Center, City 32, Plaza de la Construcci\u00f3n, Iglesia de Santa Gertrudis Cop\u00f3, Hospital Faro del Mayab y Plaza la Isla.<\/p>\n<p style=\"text-align: justify;\">Las y los usuarios pueden utilizar la l\u00ednea 072 para realizar sus reportes o dudas sobre esta ruta, que opera de lunes a domingo de 5 de la ma\u00f1ana a 11 de la noche, as\u00ed como el Chatbus v\u00eda mensaje de WhatsApp al n\u00famero 9992 78 53 68<\/p>\n","protected":false},"excerpt":{"rendered":"<p>-Miles de usuarios utilizan esta ruta del Va y Ven para acudir a sus trabajos, escuelas e inclusive para realizar sus compras en esta temporada.<\/p>\n","protected":false},"author":2,"featured_media":113533,"comment_status":"closed","ping_status":"closed","sticky":false,"template":"","format":"standard","meta":{"footnotes":""},"categories":[2,3],"tags":[],"class_list":{"0":"post-113527","1":"post","2":"type-post","3":"status-publish","4":"format-standard","5":"has-post-thumbnail","7":"category-merida","8":"category-yucatan"},"yoast_head":"<!-- This site is optimized with the Yoast SEO plugin v27.4 - https:\/\/yoast.com\/product\/yoast-seo-wordpress\/ -->\n<title>La ruta Cop\u00f3-La Isla es la m\u00e1s utilizadas del Sistema Va y Ven - Yucat\u00e1n en corto<\/title>\n<meta name=\"robots\" content=\"index, follow, max-snippet:-1, max-image-preview:large, max-video-preview:-1\" \/>\n<link rel=\"canonical\" href=\"https:\/\/www.yucatanencorto.com\/noticias\/la-ruta-copo-la-isla-es-la-mas-utilizadas-del-sistema-va-y-ven\/\" \/>\n<meta property=\"og:locale\" content=\"es_ES\" \/>\n<meta property=\"og:type\" content=\"article\" \/>\n<meta property=\"og:title\" content=\"La ruta Cop\u00f3-La Isla es la m\u00e1s utilizadas del Sistema Va y Ven - Yucat\u00e1n en corto\" \/>\n<meta property=\"og:description\" content=\"-Miles de usuarios utilizan esta ruta del Va y Ven para acudir a sus trabajos, escuelas e inclusive para realizar sus compras en esta temporada.\" \/>\n<meta property=\"og:url\" content=\"https:\/\/www.yucatanencorto.com\/noticias\/la-ruta-copo-la-isla-es-la-mas-utilizadas-del-sistema-va-y-ven\/\" \/>\n<meta property=\"og:site_name\" content=\"Yucat\u00e1n en corto\" \/>\n<meta property=\"article:publisher\" content=\"http:\/\/www.facebook.com\/yucatanencorto\" \/>\n<meta property=\"article:published_time\" content=\"2024-11-29T21:38:40+00:00\" \/>\n<meta property=\"og:image\" content=\"https:\/\/www.yucatanencorto.com\/noticias\/wp-content\/uploads\/2024\/11\/WhatsApp-Image-2024-11-29-at-3.30.06-PM-scaled.jpeg\" \/>\n\t<meta property=\"og:image:width\" content=\"768\" \/>\n\t<meta property=\"og:image:height\" content=\"512\" \/>\n\t<meta property=\"og:image:type\" content=\"image\/jpeg\" \/>\n<meta name=\"author\" content=\"Yucat\u00e1n en Corto FC\" \/>\n<meta name=\"twitter:card\" content=\"summary_large_image\" \/>\n<meta name=\"twitter:creator\" content=\"@yucatanencorto\" \/>\n<meta name=\"twitter:site\" content=\"@yucatanencorto\" \/>\n<meta name=\"twitter:label1\" content=\"Escrito por\" \/>\n\t<meta name=\"twitter:data1\" content=\"Yucat\u00e1n en Corto FC\" \/>\n\t<meta name=\"twitter:label2\" content=\"Tiempo de lectura\" \/>\n\t<meta name=\"twitter:data2\" content=\"4 minutos\" \/>\n<script type=\"application\/ld+json\" class=\"yoast-schema-graph\">{\"@context\":\"https:\\\/\\\/schema.org\",\"@graph\":[{\"@type\":\"Article\",\"@id\":\"https:\\\/\\\/www.yucatanencorto.com\\\/noticias\\\/la-ruta-copo-la-isla-es-la-mas-utilizadas-del-sistema-va-y-ven\\\/#article\",\"isPartOf\":{\"@id\":\"https:\\\/\\\/www.yucatanencorto.com\\\/noticias\\\/la-ruta-copo-la-isla-es-la-mas-utilizadas-del-sistema-va-y-ven\\\/\"},\"author\":{\"name\":\"Yucat\u00e1n en Corto FC\",\"@id\":\"https:\\\/\\\/www.yucatanencorto.com\\\/noticias\\\/#\\\/schema\\\/person\\\/14f82d355225a1f4075dd84a31f45a72\"},\"headline\":\"La ruta Cop\u00f3-La Isla es la m\u00e1s utilizadas del Sistema Va y Ven\",\"datePublished\":\"2024-11-29T21:38:40+00:00\",\"mainEntityOfPage\":{\"@id\":\"https:\\\/\\\/www.yucatanencorto.com\\\/noticias\\\/la-ruta-copo-la-isla-es-la-mas-utilizadas-del-sistema-va-y-ven\\\/\"},\"wordCount\":529,\"image\":{\"@id\":\"https:\\\/\\\/www.yucatanencorto.com\\\/noticias\\\/la-ruta-copo-la-isla-es-la-mas-utilizadas-del-sistema-va-y-ven\\\/#primaryimage\"},\"thumbnailUrl\":\"https:\\\/\\\/www.yucatanencorto.com\\\/noticias\\\/wp-content\\\/uploads\\\/2024\\\/11\\\/WhatsApp-Image-2024-11-29-at-3.30.06-PM-scaled.jpeg\",\"articleSection\":[\"M\u00e9rida\",\"Yucat\u00e1n\"],\"inLanguage\":\"es\"},{\"@type\":\"WebPage\",\"@id\":\"https:\\\/\\\/www.yucatanencorto.com\\\/noticias\\\/la-ruta-copo-la-isla-es-la-mas-utilizadas-del-sistema-va-y-ven\\\/\",\"url\":\"https:\\\/\\\/www.yucatanencorto.com\\\/noticias\\\/la-ruta-copo-la-isla-es-la-mas-utilizadas-del-sistema-va-y-ven\\\/\",\"name\":\"La ruta Cop\u00f3-La Isla es la m\u00e1s utilizadas del Sistema Va y Ven - Yucat\u00e1n en corto\",\"isPartOf\":{\"@id\":\"https:\\\/\\\/www.yucatanencorto.com\\\/noticias\\\/#website\"},\"primaryImageOfPage\":{\"@id\":\"https:\\\/\\\/www.yucatanencorto.com\\\/noticias\\\/la-ruta-copo-la-isla-es-la-mas-utilizadas-del-sistema-va-y-ven\\\/#primaryimage\"},\"image\":{\"@id\":\"https:\\\/\\\/www.yucatanencorto.com\\\/noticias\\\/la-ruta-copo-la-isla-es-la-mas-utilizadas-del-sistema-va-y-ven\\\/#primaryimage\"},\"thumbnailUrl\":\"https:\\\/\\\/www.yucatanencorto.com\\\/noticias\\\/wp-content\\\/uploads\\\/2024\\\/11\\\/WhatsApp-Image-2024-11-29-at-3.30.06-PM-scaled.jpeg\",\"datePublished\":\"2024-11-29T21:38:40+00:00\",\"author\":{\"@id\":\"https:\\\/\\\/www.yucatanencorto.com\\\/noticias\\\/#\\\/schema\\\/person\\\/14f82d355225a1f4075dd84a31f45a72\"},\"breadcrumb\":{\"@id\":\"https:\\\/\\\/www.yucatanencorto.com\\\/noticias\\\/la-ruta-copo-la-isla-es-la-mas-utilizadas-del-sistema-va-y-ven\\\/#breadcrumb\"},\"inLanguage\":\"es\",\"potentialAction\":[{\"@type\":\"ReadAction\",\"target\":[\"https:\\\/\\\/www.yucatanencorto.com\\\/noticias\\\/la-ruta-copo-la-isla-es-la-mas-utilizadas-del-sistema-va-y-ven\\\/\"]}]},{\"@type\":\"ImageObject\",\"inLanguage\":\"es\",\"@id\":\"https:\\\/\\\/www.yucatanencorto.com\\\/noticias\\\/la-ruta-copo-la-isla-es-la-mas-utilizadas-del-sistema-va-y-ven\\\/#primaryimage\",\"url\":\"https:\\\/\\\/www.yucatanencorto.com\\\/noticias\\\/wp-content\\\/uploads\\\/2024\\\/11\\\/WhatsApp-Image-2024-11-29-at-3.30.06-PM-scaled.jpeg\",\"contentUrl\":\"https:\\\/\\\/www.yucatanencorto.com\\\/noticias\\\/wp-content\\\/uploads\\\/2024\\\/11\\\/WhatsApp-Image-2024-11-29-at-3.30.06-PM-scaled.jpeg\",\"width\":768,\"height\":512},{\"@type\":\"BreadcrumbList\",\"@id\":\"https:\\\/\\\/www.yucatanencorto.com\\\/noticias\\\/la-ruta-copo-la-isla-es-la-mas-utilizadas-del-sistema-va-y-ven\\\/#breadcrumb\",\"itemListElement\":[{\"@type\":\"ListItem\",\"position\":1,\"name\":\"Portada\",\"item\":\"https:\\\/\\\/www.yucatanencorto.com\\\/noticias\\\/\"},{\"@type\":\"ListItem\",\"position\":2,\"name\":\"La ruta Cop\u00f3-La Isla es la m\u00e1s utilizadas del Sistema Va y Ven\"}]},{\"@type\":\"WebSite\",\"@id\":\"https:\\\/\\\/www.yucatanencorto.com\\\/noticias\\\/#website\",\"url\":\"https:\\\/\\\/www.yucatanencorto.com\\\/noticias\\\/\",\"name\":\"Yucat\u00e1n en corto\",\"description\":\"Noticias\",\"potentialAction\":[{\"@type\":\"SearchAction\",\"target\":{\"@type\":\"EntryPoint\",\"urlTemplate\":\"https:\\\/\\\/www.yucatanencorto.com\\\/noticias\\\/?s={search_term_string}\"},\"query-input\":{\"@type\":\"PropertyValueSpecification\",\"valueRequired\":true,\"valueName\":\"search_term_string\"}}],\"inLanguage\":\"es\"},{\"@type\":\"Person\",\"@id\":\"https:\\\/\\\/www.yucatanencorto.com\\\/noticias\\\/#\\\/schema\\\/person\\\/14f82d355225a1f4075dd84a31f45a72\",\"name\":\"Yucat\u00e1n en Corto FC\",\"image\":{\"@type\":\"ImageObject\",\"inLanguage\":\"es\",\"@id\":\"https:\\\/\\\/secure.gravatar.com\\\/avatar\\\/147d4b30cd728c53c29c49a3f7834dedca33707f4cd259761355846009a88250?s=96&d=mm&r=g\",\"url\":\"https:\\\/\\\/secure.gravatar.com\\\/avatar\\\/147d4b30cd728c53c29c49a3f7834dedca33707f4cd259761355846009a88250?s=96&d=mm&r=g\",\"contentUrl\":\"https:\\\/\\\/secure.gravatar.com\\\/avatar\\\/147d4b30cd728c53c29c49a3f7834dedca33707f4cd259761355846009a88250?s=96&d=mm&r=g\",\"caption\":\"Yucat\u00e1n en Corto FC\"},\"url\":\"https:\\\/\\\/www.yucatanencorto.com\\\/noticias\\\/author\\\/flor\\\/\"}]}<\/script>\n<!-- \/ Yoast SEO plugin. -->","yoast_head_json":{"title":"La ruta Cop\u00f3-La Isla es la m\u00e1s utilizadas del Sistema Va y Ven - Yucat\u00e1n en corto","robots":{"index":"index","follow":"follow","max-snippet":"max-snippet:-1","max-image-preview":"max-image-preview:large","max-video-preview":"max-video-preview:-1"},"canonical":"https:\/\/www.yucatanencorto.com\/noticias\/la-ruta-copo-la-isla-es-la-mas-utilizadas-del-sistema-va-y-ven\/","og_locale":"es_ES","og_type":"article","og_title":"La ruta Cop\u00f3-La Isla es la m\u00e1s utilizadas del Sistema Va y Ven - Yucat\u00e1n en corto","og_description":"-Miles de usuarios utilizan esta ruta del Va y Ven para acudir a sus trabajos, escuelas e inclusive para realizar sus compras en esta temporada.","og_url":"https:\/\/www.yucatanencorto.com\/noticias\/la-ruta-copo-la-isla-es-la-mas-utilizadas-del-sistema-va-y-ven\/","og_site_name":"Yucat\u00e1n en corto","article_publisher":"http:\/\/www.facebook.com\/yucatanencorto","article_published_time":"2024-11-29T21:38:40+00:00","og_image":[{"width":768,"height":512,"url":"https:\/\/www.yucatanencorto.com\/noticias\/wp-content\/uploads\/2024\/11\/WhatsApp-Image-2024-11-29-at-3.30.06-PM-scaled.jpeg","type":"image\/jpeg"}],"author":"Yucat\u00e1n en Corto FC","twitter_card":"summary_large_image","twitter_creator":"@yucatanencorto","twitter_site":"@yucatanencorto","twitter_misc":{"Escrito por":"Yucat\u00e1n en Corto FC","Tiempo de lectura":"4 minutos"},"schema":{"@context":"https:\/\/schema.org","@graph":[{"@type":"Article","@id":"https:\/\/www.yucatanencorto.com\/noticias\/la-ruta-copo-la-isla-es-la-mas-utilizadas-del-sistema-va-y-ven\/#article","isPartOf":{"@id":"https:\/\/www.yucatanencorto.com\/noticias\/la-ruta-copo-la-isla-es-la-mas-utilizadas-del-sistema-va-y-ven\/"},"author":{"name":"Yucat\u00e1n en Corto FC","@id":"https:\/\/www.yucatanencorto.com\/noticias\/#\/schema\/person\/14f82d355225a1f4075dd84a31f45a72"},"headline":"La ruta Cop\u00f3-La Isla es la m\u00e1s utilizadas del Sistema Va y Ven","datePublished":"2024-11-29T21:38:40+00:00","mainEntityOfPage":{"@id":"https:\/\/www.yucatanencorto.com\/noticias\/la-ruta-copo-la-isla-es-la-mas-utilizadas-del-sistema-va-y-ven\/"},"wordCount":529,"image":{"@id":"https:\/\/www.yucatanencorto.com\/noticias\/la-ruta-copo-la-isla-es-la-mas-utilizadas-del-sistema-va-y-ven\/#primaryimage"},"thumbnailUrl":"https:\/\/www.yucatanencorto.com\/noticias\/wp-content\/uploads\/2024\/11\/WhatsApp-Image-2024-11-29-at-3.30.06-PM-scaled.jpeg","articleSection":["M\u00e9rida","Yucat\u00e1n"],"inLanguage":"es"},{"@type":"WebPage","@id":"https:\/\/www.yucatanencorto.com\/noticias\/la-ruta-copo-la-isla-es-la-mas-utilizadas-del-sistema-va-y-ven\/","url":"https:\/\/www.yucatanencorto.com\/noticias\/la-ruta-copo-la-isla-es-la-mas-utilizadas-del-sistema-va-y-ven\/","name":"La ruta Cop\u00f3-La Isla es la m\u00e1s utilizadas del Sistema Va y Ven - Yucat\u00e1n en corto","isPartOf":{"@id":"https:\/\/www.yucatanencorto.com\/noticias\/#website"},"primaryImageOfPage":{"@id":"https:\/\/www.yucatanencorto.com\/noticias\/la-ruta-copo-la-isla-es-la-mas-utilizadas-del-sistema-va-y-ven\/#primaryimage"},"image":{"@id":"https:\/\/www.yucatanencorto.com\/noticias\/la-ruta-copo-la-isla-es-la-mas-utilizadas-del-sistema-va-y-ven\/#primaryimage"},"thumbnailUrl":"https:\/\/www.yucatanencorto.com\/noticias\/wp-content\/uploads\/2024\/11\/WhatsApp-Image-2024-11-29-at-3.30.06-PM-scaled.jpeg","datePublished":"2024-11-29T21:38:40+00:00","author":{"@id":"https:\/\/www.yucatanencorto.com\/noticias\/#\/schema\/person\/14f82d355225a1f4075dd84a31f45a72"},"breadcrumb":{"@id":"https:\/\/www.yucatanencorto.com\/noticias\/la-ruta-copo-la-isla-es-la-mas-utilizadas-del-sistema-va-y-ven\/#breadcrumb"},"inLanguage":"es","potentialAction":[{"@type":"ReadAction","target":["https:\/\/www.yucatanencorto.com\/noticias\/la-ruta-copo-la-isla-es-la-mas-utilizadas-del-sistema-va-y-ven\/"]}]},{"@type":"ImageObject","inLanguage":"es","@id":"https:\/\/www.yucatanencorto.com\/noticias\/la-ruta-copo-la-isla-es-la-mas-utilizadas-del-sistema-va-y-ven\/#primaryimage","url":"https:\/\/www.yucatanencorto.com\/noticias\/wp-content\/uploads\/2024\/11\/WhatsApp-Image-2024-11-29-at-3.30.06-PM-scaled.jpeg","contentUrl":"https:\/\/www.yucatanencorto.com\/noticias\/wp-content\/uploads\/2024\/11\/WhatsApp-Image-2024-11-29-at-3.30.06-PM-scaled.jpeg","width":768,"height":512},{"@type":"BreadcrumbList","@id":"https:\/\/www.yucatanencorto.com\/noticias\/la-ruta-copo-la-isla-es-la-mas-utilizadas-del-sistema-va-y-ven\/#breadcrumb","itemListElement":[{"@type":"ListItem","position":1,"name":"Portada","item":"https:\/\/www.yucatanencorto.com\/noticias\/"},{"@type":"ListItem","position":2,"name":"La ruta Cop\u00f3-La Isla es la m\u00e1s utilizadas del Sistema Va y Ven"}]},{"@type":"WebSite","@id":"https:\/\/www.yucatanencorto.com\/noticias\/#website","url":"https:\/\/www.yucatanencorto.com\/noticias\/","name":"Yucat\u00e1n en corto","description":"Noticias","potentialAction":[{"@type":"SearchAction","target":{"@type":"EntryPoint","urlTemplate":"https:\/\/www.yucatanencorto.com\/noticias\/?s={search_term_string}"},"query-input":{"@type":"PropertyValueSpecification","valueRequired":true,"valueName":"search_term_string"}}],"inLanguage":"es"},{"@type":"Person","@id":"https:\/\/www.yucatanencorto.com\/noticias\/#\/schema\/person\/14f82d355225a1f4075dd84a31f45a72","name":"Yucat\u00e1n en Corto FC","image":{"@type":"ImageObject","inLanguage":"es","@id":"https:\/\/secure.gravatar.com\/avatar\/147d4b30cd728c53c29c49a3f7834dedca33707f4cd259761355846009a88250?s=96&d=mm&r=g","url":"https:\/\/secure.gravatar.com\/avatar\/147d4b30cd728c53c29c49a3f7834dedca33707f4cd259761355846009a88250?s=96&d=mm&r=g","contentUrl":"https:\/\/secure.gravatar.com\/avatar\/147d4b30cd728c53c29c49a3f7834dedca33707f4cd259761355846009a88250?s=96&d=mm&r=g","caption":"Yucat\u00e1n en Corto FC"},"url":"https:\/\/www.yucatanencorto.com\/noticias\/author\/flor\/"}]}},"_links":{"self":[{"href":"https:\/\/www.yucatanencorto.com\/noticias\/wp-json\/wp\/v2\/posts\/113527","targetHints":{"allow":["GET"]}}],"collection":[{"href":"https:\/\/www.yucatanencorto.com\/noticias\/wp-json\/wp\/v2\/posts"}],"about":[{"href":"https:\/\/www.yucatanencorto.com\/noticias\/wp-json\/wp\/v2\/types\/post"}],"author":[{"embeddable":true,"href":"https:\/\/www.yucatanencorto.com\/noticias\/wp-json\/wp\/v2\/users\/2"}],"replies":[{"embeddable":true,"href":"https:\/\/www.yucatanencorto.com\/noticias\/wp-json\/wp\/v2\/comments?post=113527"}],"version-history":[{"count":0,"href":"https:\/\/www.yucatanencorto.com\/noticias\/wp-json\/wp\/v2\/posts\/113527\/revisions"}],"wp:featuredmedia":[{"embeddable":true,"href":"https:\/\/www.yucatanencorto.com\/noticias\/wp-json\/wp\/v2\/media\/113533"}],"wp:attachment":[{"href":"https:\/\/www.yucatanencorto.com\/noticias\/wp-json\/wp\/v2\/media?parent=113527"}],"wp:term":[{"taxonomy":"category","embeddable":true,"href":"https:\/\/www.yucatanencorto.com\/noticias\/wp-json\/wp\/v2\/categories?post=113527"},{"taxonomy":"post_tag","embeddable":true,"href":"https:\/\/www.yucatanencorto.com\/noticias\/wp-json\/wp\/v2\/tags?post=113527"}],"curies":[{"name":"wp","href":"https:\/\/api.w.org\/{rel}","templated":true}]}}