{"id":114908,"date":"2025-03-24T14:23:10","date_gmt":"2025-03-24T20:23:10","guid":{"rendered":"https:\/\/www.yucatanencorto.com\/noticias\/?p=114908"},"modified":"2025-03-24T14:23:10","modified_gmt":"2025-03-24T20:23:10","slug":"tour-mundial-de-voleibol-todo-un-exito-en-yucatan","status":"publish","type":"post","link":"https:\/\/www.yucatanencorto.com\/noticias\/tour-mundial-de-voleibol-todo-un-exito-en-yucatan\/","title":{"rendered":"Tour mundial de voleibol todo un \u00e9xito en Yucat\u00e1n"},"content":{"rendered":"<p><img loading=\"lazy\" decoding=\"async\" class=\"alignnone size-full wp-image-114909\" src=\"https:\/\/www.yucatanencorto.com\/noticias\/wp-content\/uploads\/2025\/03\/WhatsApp-Image-2025-03-24-at-2.02.03-PM-1-scaled.jpeg\" alt=\"\" width=\"768\" height=\"614\" srcset=\"https:\/\/www.yucatanencorto.com\/noticias\/wp-content\/uploads\/2025\/03\/WhatsApp-Image-2025-03-24-at-2.02.03-PM-1-scaled.jpeg 768w, https:\/\/www.yucatanencorto.com\/noticias\/wp-content\/uploads\/2025\/03\/WhatsApp-Image-2025-03-24-at-2.02.03-PM-1-1536x1229.jpeg 1536w, https:\/\/www.yucatanencorto.com\/noticias\/wp-content\/uploads\/2025\/03\/WhatsApp-Image-2025-03-24-at-2.02.03-PM-1-2048x1638.jpeg 2048w, https:\/\/www.yucatanencorto.com\/noticias\/wp-content\/uploads\/2025\/03\/WhatsApp-Image-2025-03-24-at-2.02.03-PM-1-150x120.jpeg 150w, https:\/\/www.yucatanencorto.com\/noticias\/wp-content\/uploads\/2025\/03\/WhatsApp-Image-2025-03-24-at-2.02.03-PM-1-300x240.jpeg 300w, https:\/\/www.yucatanencorto.com\/noticias\/wp-content\/uploads\/2025\/03\/WhatsApp-Image-2025-03-24-at-2.02.03-PM-1-696x557.jpeg 696w, https:\/\/www.yucatanencorto.com\/noticias\/wp-content\/uploads\/2025\/03\/WhatsApp-Image-2025-03-24-at-2.02.03-PM-1-1068x854.jpeg 1068w, https:\/\/www.yucatanencorto.com\/noticias\/wp-content\/uploads\/2025\/03\/WhatsApp-Image-2025-03-24-at-2.02.03-PM-1-1920x1536.jpeg 1920w\" sizes=\"auto, (max-width: 768px) 100vw, 768px\" \/><\/p>\n<p>\u201cContinuaremos trayendo eventos deportivos de talla nacional e internacional a Yucat\u00e1n, es mi compromiso con el desarrollo del deporte en nuestro estado\u201d, Rommel Pacheco<\/p>\n<p>M\u00e9rida, Yucat\u00e1n, a 24 de Marzo de 2025.- M\u00e1s de 50 mil asistentes y 150 millones de impactos gener\u00f3 el Tour Mundial de Voleibol de Playa en Progreso que finaliz\u00f3 ayer ras cinco jornadas exitosas de este evento internacional que por primera vez se realiz\u00f3 en Yucat\u00e1n.<\/p>\n<p>En rueda de prensa realizada esta ma\u00f1ana en M\u00e9rida, el director general de la CONADE, Rommel Pacheco Marrufo, dio a conocer que adem\u00e1s del impacto y proyecci\u00f3n internacional para el Estado, el Tour Mundial de Voleibol de Playa dej\u00f3 una gran derrama econ\u00f3mica durante cinco d\u00edas que aun se est\u00e1 cuantificando, pero que, sin duda, este evento logr\u00f3 posicionar al Estado como destino de turismo deportivo para eventos de talla internacional, pues la imagen de Yucat\u00e1n lleg\u00f3 a 150 pa\u00edses.<\/p>\n<p>\u201cContinuaremos trayendo eventos deportivos de talla nacional e internacional a Yucat\u00e1n, es mi compromiso con el desarrollo del deporte en nuestro estado y es tambi\u00e9n parte del convenio firmado el pasado mes de noviembre entre CONADE y el Instituto del Deporte del Estado\u201d se\u00f1al\u00f3 Rommel durante la rueda de prensa.<\/p>\n<p>Adelant\u00f3 que este pr\u00f3ximo mi\u00e9rcoles 26 de marzo habr\u00e1 un anuncio importante para Yucat\u00e1n durante la Presentaci\u00f3n Oficial de los Juegos Nacionales CONADE 2025. Acompa\u00f1ado por el Secretario de Educaci\u00f3n del Estado, Juan Balam V\u00e1rguez; y el director general del Instituto del Deporte del Gobierno del Estado, Prof. Arm\u00edn Lizama C\u00f3rdova; el Director General de la CONADE aprovech\u00f3 para presentar la Carrera por la Paz y Contra las Adicciones que se llevar\u00e1 a cabo el pr\u00f3ximo domingo 30 de Marzo en las 32 entidades federativas.<\/p>\n<p>Como parte de las actividades de la semana nacional de la cultura f\u00edsica y el deporte, que se celebrar\u00e1 del 29 de marzo al 7 de abril, y en el marco de la campa\u00f1a \u201cal\u00e9jate de las drogas, el fentanilo mata\u201d, se realizar\u00e1 la Carrera por la Paz y Contra las Adicciones dirigida a todas y todos los estudiantes de nivel media superior, con el objetivo de promover la activaci\u00f3n f\u00edsica, el bienestar, la prevenci\u00f3n contra las adicciones, fomentando h\u00e1bitos saludables y estilos de vida activos que alejen a las personas de las conductas adictivas.<\/p>\n<p>En Yucat\u00e1n, la salida y meta estar\u00e1n ubicadas en el Parque de las Am\u00e9ricas, a partir de las 6:30 am, en las ramas femenil y varonil en modalidades de carrera de 5 km y caminata recreativa de 2 km.<\/p>\n<p>convocatoria para alumnos, docentes, personal administrativo, familias y personal interesado en la cultura f\u00edsica y el deporte con sus mascotas y pertenecientes a escuelas de media superior.<\/p>\n<p>Pacheco Marrufo ofreci\u00f3 un balance de su gesti\u00f3n al frente de la CONADE, desde octubre de 2024 a la fecha destacando algunas de las acciones m\u00e1s relevantes como la apertura y cercan\u00eda con los atletas con el fin de mantener comunicaci\u00f3n y apoyarlos en sus inquietudes, principalmente la modificaci\u00f3n a las reglas de operaci\u00f3n para para la entrega de becas con un nuevo tabulador escalonados para evitar descensos abruptos en los montos, el aumento al doble en las becas vitalicias para los medallistas ol\u00edmpicos y paral\u00edmpicos, as\u00ed como y la creaci\u00f3n de un equipo especializado de atenci\u00f3n y apoyo a los atletas en temas administrativos y legales.<\/p>\n<p>Igualmente record\u00f3 que se realizan las gestiones pertinentes para la creaci\u00f3n de una nueva Federaci\u00f3n Mexicana de Nataci\u00f3n, ya que la anterior est\u00e1 desconocida por la Federaci\u00f3n Internacional y por lo tanto tambi\u00e9n por la CONADE.<\/p>\n<p>Record\u00f3 tambi\u00e9n que se obtuvo la sede de mundiales de Tiro con Arco para M\u00e9xico durante los pr\u00f3ximos tres a\u00f1os, as\u00ed como el Grand Prix de Para Atletismo y la Copa del Mundo de Clavados que regresar\u00e1 a M\u00e9xico luego de diez a\u00f1os que no realizaba en nuestro Pa\u00eds.<\/p>\n<p>El Tour Mundial de Voleibol de Playa en su etapa Elite 16 continuar\u00e1 del 26 al 30 de Marzo en Playa del Carmen, Quintana Roo.<\/p>\n","protected":false},"excerpt":{"rendered":"<p>\u201cContinuaremos trayendo eventos deportivos de talla nacional e internacional a Yucat\u00e1n, es mi compromiso con el desarrollo del deporte en nuestro estado\u201d, Rommel Pacheco M\u00e9rida, Yucat\u00e1n, a 24 de Marzo de 2025.- M\u00e1s de 50 mil asistentes y 150 millones de impactos gener\u00f3 el Tour Mundial de Voleibol de Playa en Progreso que finaliz\u00f3 ayer [&hellip;]<\/p>\n","protected":false},"author":4,"featured_media":114909,"comment_status":"closed","ping_status":"closed","sticky":false,"template":"","format":"standard","meta":{"footnotes":""},"categories":[3],"tags":[],"class_list":{"0":"post-114908","1":"post","2":"type-post","3":"status-publish","4":"format-standard","5":"has-post-thumbnail","7":"category-yucatan"},"yoast_head":"<!-- This site is optimized with the Yoast SEO plugin v27.4 - https:\/\/yoast.com\/product\/yoast-seo-wordpress\/ -->\n<title>Tour mundial de voleibol todo un \u00e9xito en Yucat\u00e1n - Yucat\u00e1n en corto<\/title>\n<meta name=\"robots\" content=\"index, follow, max-snippet:-1, max-image-preview:large, max-video-preview:-1\" \/>\n<link rel=\"canonical\" href=\"https:\/\/www.yucatanencorto.com\/noticias\/tour-mundial-de-voleibol-todo-un-exito-en-yucatan\/\" \/>\n<meta property=\"og:locale\" content=\"es_ES\" \/>\n<meta property=\"og:type\" content=\"article\" \/>\n<meta property=\"og:title\" content=\"Tour mundial de voleibol todo un \u00e9xito en Yucat\u00e1n - Yucat\u00e1n en corto\" \/>\n<meta property=\"og:description\" content=\"\u201cContinuaremos trayendo eventos deportivos de talla nacional e internacional a Yucat\u00e1n, es mi compromiso con el desarrollo del deporte en nuestro estado\u201d, Rommel Pacheco M\u00e9rida, Yucat\u00e1n, a 24 de Marzo de 2025.- M\u00e1s de 50 mil asistentes y 150 millones de impactos gener\u00f3 el Tour Mundial de Voleibol de Playa en Progreso que finaliz\u00f3 ayer [&hellip;]\" \/>\n<meta property=\"og:url\" content=\"https:\/\/www.yucatanencorto.com\/noticias\/tour-mundial-de-voleibol-todo-un-exito-en-yucatan\/\" \/>\n<meta property=\"og:site_name\" content=\"Yucat\u00e1n en corto\" \/>\n<meta property=\"article:publisher\" content=\"http:\/\/www.facebook.com\/yucatanencorto\" \/>\n<meta property=\"article:published_time\" content=\"2025-03-24T20:23:10+00:00\" \/>\n<meta property=\"og:image\" content=\"https:\/\/www.yucatanencorto.com\/noticias\/wp-content\/uploads\/2025\/03\/WhatsApp-Image-2025-03-24-at-2.02.03-PM-1-scaled.jpeg\" \/>\n\t<meta property=\"og:image:width\" content=\"768\" \/>\n\t<meta property=\"og:image:height\" content=\"614\" \/>\n\t<meta property=\"og:image:type\" content=\"image\/jpeg\" \/>\n<meta name=\"author\" content=\"Yucat\u00e1n en Corto\" \/>\n<meta name=\"twitter:card\" content=\"summary_large_image\" \/>\n<meta name=\"twitter:creator\" content=\"@yucatanencorto\" \/>\n<meta name=\"twitter:site\" content=\"@yucatanencorto\" \/>\n<meta name=\"twitter:label1\" content=\"Escrito por\" \/>\n\t<meta name=\"twitter:data1\" content=\"Yucat\u00e1n en Corto\" \/>\n\t<meta name=\"twitter:label2\" content=\"Tiempo de lectura\" \/>\n\t<meta name=\"twitter:data2\" content=\"4 minutos\" \/>\n<script type=\"application\/ld+json\" class=\"yoast-schema-graph\">{\"@context\":\"https:\\\/\\\/schema.org\",\"@graph\":[{\"@type\":\"Article\",\"@id\":\"https:\\\/\\\/www.yucatanencorto.com\\\/noticias\\\/tour-mundial-de-voleibol-todo-un-exito-en-yucatan\\\/#article\",\"isPartOf\":{\"@id\":\"https:\\\/\\\/www.yucatanencorto.com\\\/noticias\\\/tour-mundial-de-voleibol-todo-un-exito-en-yucatan\\\/\"},\"author\":{\"name\":\"Yucat\u00e1n en Corto\",\"@id\":\"https:\\\/\\\/www.yucatanencorto.com\\\/noticias\\\/#\\\/schema\\\/person\\\/f0ec40c33447bbc0dc2d01d3006de771\"},\"headline\":\"Tour mundial de voleibol todo un \u00e9xito en Yucat\u00e1n\",\"datePublished\":\"2025-03-24T20:23:10+00:00\",\"mainEntityOfPage\":{\"@id\":\"https:\\\/\\\/www.yucatanencorto.com\\\/noticias\\\/tour-mundial-de-voleibol-todo-un-exito-en-yucatan\\\/\"},\"wordCount\":716,\"image\":{\"@id\":\"https:\\\/\\\/www.yucatanencorto.com\\\/noticias\\\/tour-mundial-de-voleibol-todo-un-exito-en-yucatan\\\/#primaryimage\"},\"thumbnailUrl\":\"https:\\\/\\\/www.yucatanencorto.com\\\/noticias\\\/wp-content\\\/uploads\\\/2025\\\/03\\\/WhatsApp-Image-2025-03-24-at-2.02.03-PM-1-scaled.jpeg\",\"articleSection\":[\"Yucat\u00e1n\"],\"inLanguage\":\"es\"},{\"@type\":\"WebPage\",\"@id\":\"https:\\\/\\\/www.yucatanencorto.com\\\/noticias\\\/tour-mundial-de-voleibol-todo-un-exito-en-yucatan\\\/\",\"url\":\"https:\\\/\\\/www.yucatanencorto.com\\\/noticias\\\/tour-mundial-de-voleibol-todo-un-exito-en-yucatan\\\/\",\"name\":\"Tour mundial de voleibol todo un \u00e9xito en Yucat\u00e1n - Yucat\u00e1n en corto\",\"isPartOf\":{\"@id\":\"https:\\\/\\\/www.yucatanencorto.com\\\/noticias\\\/#website\"},\"primaryImageOfPage\":{\"@id\":\"https:\\\/\\\/www.yucatanencorto.com\\\/noticias\\\/tour-mundial-de-voleibol-todo-un-exito-en-yucatan\\\/#primaryimage\"},\"image\":{\"@id\":\"https:\\\/\\\/www.yucatanencorto.com\\\/noticias\\\/tour-mundial-de-voleibol-todo-un-exito-en-yucatan\\\/#primaryimage\"},\"thumbnailUrl\":\"https:\\\/\\\/www.yucatanencorto.com\\\/noticias\\\/wp-content\\\/uploads\\\/2025\\\/03\\\/WhatsApp-Image-2025-03-24-at-2.02.03-PM-1-scaled.jpeg\",\"datePublished\":\"2025-03-24T20:23:10+00:00\",\"author\":{\"@id\":\"https:\\\/\\\/www.yucatanencorto.com\\\/noticias\\\/#\\\/schema\\\/person\\\/f0ec40c33447bbc0dc2d01d3006de771\"},\"breadcrumb\":{\"@id\":\"https:\\\/\\\/www.yucatanencorto.com\\\/noticias\\\/tour-mundial-de-voleibol-todo-un-exito-en-yucatan\\\/#breadcrumb\"},\"inLanguage\":\"es\",\"potentialAction\":[{\"@type\":\"ReadAction\",\"target\":[\"https:\\\/\\\/www.yucatanencorto.com\\\/noticias\\\/tour-mundial-de-voleibol-todo-un-exito-en-yucatan\\\/\"]}]},{\"@type\":\"ImageObject\",\"inLanguage\":\"es\",\"@id\":\"https:\\\/\\\/www.yucatanencorto.com\\\/noticias\\\/tour-mundial-de-voleibol-todo-un-exito-en-yucatan\\\/#primaryimage\",\"url\":\"https:\\\/\\\/www.yucatanencorto.com\\\/noticias\\\/wp-content\\\/uploads\\\/2025\\\/03\\\/WhatsApp-Image-2025-03-24-at-2.02.03-PM-1-scaled.jpeg\",\"contentUrl\":\"https:\\\/\\\/www.yucatanencorto.com\\\/noticias\\\/wp-content\\\/uploads\\\/2025\\\/03\\\/WhatsApp-Image-2025-03-24-at-2.02.03-PM-1-scaled.jpeg\",\"width\":768,\"height\":614},{\"@type\":\"BreadcrumbList\",\"@id\":\"https:\\\/\\\/www.yucatanencorto.com\\\/noticias\\\/tour-mundial-de-voleibol-todo-un-exito-en-yucatan\\\/#breadcrumb\",\"itemListElement\":[{\"@type\":\"ListItem\",\"position\":1,\"name\":\"Portada\",\"item\":\"https:\\\/\\\/www.yucatanencorto.com\\\/noticias\\\/\"},{\"@type\":\"ListItem\",\"position\":2,\"name\":\"Tour mundial de voleibol todo un \u00e9xito en Yucat\u00e1n\"}]},{\"@type\":\"WebSite\",\"@id\":\"https:\\\/\\\/www.yucatanencorto.com\\\/noticias\\\/#website\",\"url\":\"https:\\\/\\\/www.yucatanencorto.com\\\/noticias\\\/\",\"name\":\"Yucat\u00e1n en corto\",\"description\":\"Noticias\",\"potentialAction\":[{\"@type\":\"SearchAction\",\"target\":{\"@type\":\"EntryPoint\",\"urlTemplate\":\"https:\\\/\\\/www.yucatanencorto.com\\\/noticias\\\/?s={search_term_string}\"},\"query-input\":{\"@type\":\"PropertyValueSpecification\",\"valueRequired\":true,\"valueName\":\"search_term_string\"}}],\"inLanguage\":\"es\"},{\"@type\":\"Person\",\"@id\":\"https:\\\/\\\/www.yucatanencorto.com\\\/noticias\\\/#\\\/schema\\\/person\\\/f0ec40c33447bbc0dc2d01d3006de771\",\"name\":\"Yucat\u00e1n en Corto\",\"image\":{\"@type\":\"ImageObject\",\"inLanguage\":\"es\",\"@id\":\"https:\\\/\\\/secure.gravatar.com\\\/avatar\\\/20e0a6b626f38fa8e545fb3f80ce566efd790bf8877e65c3a482460cc3e0b5d1?s=96&d=mm&r=g\",\"url\":\"https:\\\/\\\/secure.gravatar.com\\\/avatar\\\/20e0a6b626f38fa8e545fb3f80ce566efd790bf8877e65c3a482460cc3e0b5d1?s=96&d=mm&r=g\",\"contentUrl\":\"https:\\\/\\\/secure.gravatar.com\\\/avatar\\\/20e0a6b626f38fa8e545fb3f80ce566efd790bf8877e65c3a482460cc3e0b5d1?s=96&d=mm&r=g\",\"caption\":\"Yucat\u00e1n en Corto\"},\"url\":\"https:\\\/\\\/www.yucatanencorto.com\\\/noticias\\\/author\\\/editor25\\\/\"}]}<\/script>\n<!-- \/ Yoast SEO plugin. -->","yoast_head_json":{"title":"Tour mundial de voleibol todo un \u00e9xito en Yucat\u00e1n - Yucat\u00e1n en corto","robots":{"index":"index","follow":"follow","max-snippet":"max-snippet:-1","max-image-preview":"max-image-preview:large","max-video-preview":"max-video-preview:-1"},"canonical":"https:\/\/www.yucatanencorto.com\/noticias\/tour-mundial-de-voleibol-todo-un-exito-en-yucatan\/","og_locale":"es_ES","og_type":"article","og_title":"Tour mundial de voleibol todo un \u00e9xito en Yucat\u00e1n - Yucat\u00e1n en corto","og_description":"\u201cContinuaremos trayendo eventos deportivos de talla nacional e internacional a Yucat\u00e1n, es mi compromiso con el desarrollo del deporte en nuestro estado\u201d, Rommel Pacheco M\u00e9rida, Yucat\u00e1n, a 24 de Marzo de 2025.- M\u00e1s de 50 mil asistentes y 150 millones de impactos gener\u00f3 el Tour Mundial de Voleibol de Playa en Progreso que finaliz\u00f3 ayer [&hellip;]","og_url":"https:\/\/www.yucatanencorto.com\/noticias\/tour-mundial-de-voleibol-todo-un-exito-en-yucatan\/","og_site_name":"Yucat\u00e1n en corto","article_publisher":"http:\/\/www.facebook.com\/yucatanencorto","article_published_time":"2025-03-24T20:23:10+00:00","og_image":[{"width":768,"height":614,"url":"https:\/\/www.yucatanencorto.com\/noticias\/wp-content\/uploads\/2025\/03\/WhatsApp-Image-2025-03-24-at-2.02.03-PM-1-scaled.jpeg","type":"image\/jpeg"}],"author":"Yucat\u00e1n en Corto","twitter_card":"summary_large_image","twitter_creator":"@yucatanencorto","twitter_site":"@yucatanencorto","twitter_misc":{"Escrito por":"Yucat\u00e1n en Corto","Tiempo de lectura":"4 minutos"},"schema":{"@context":"https:\/\/schema.org","@graph":[{"@type":"Article","@id":"https:\/\/www.yucatanencorto.com\/noticias\/tour-mundial-de-voleibol-todo-un-exito-en-yucatan\/#article","isPartOf":{"@id":"https:\/\/www.yucatanencorto.com\/noticias\/tour-mundial-de-voleibol-todo-un-exito-en-yucatan\/"},"author":{"name":"Yucat\u00e1n en Corto","@id":"https:\/\/www.yucatanencorto.com\/noticias\/#\/schema\/person\/f0ec40c33447bbc0dc2d01d3006de771"},"headline":"Tour mundial de voleibol todo un \u00e9xito en Yucat\u00e1n","datePublished":"2025-03-24T20:23:10+00:00","mainEntityOfPage":{"@id":"https:\/\/www.yucatanencorto.com\/noticias\/tour-mundial-de-voleibol-todo-un-exito-en-yucatan\/"},"wordCount":716,"image":{"@id":"https:\/\/www.yucatanencorto.com\/noticias\/tour-mundial-de-voleibol-todo-un-exito-en-yucatan\/#primaryimage"},"thumbnailUrl":"https:\/\/www.yucatanencorto.com\/noticias\/wp-content\/uploads\/2025\/03\/WhatsApp-Image-2025-03-24-at-2.02.03-PM-1-scaled.jpeg","articleSection":["Yucat\u00e1n"],"inLanguage":"es"},{"@type":"WebPage","@id":"https:\/\/www.yucatanencorto.com\/noticias\/tour-mundial-de-voleibol-todo-un-exito-en-yucatan\/","url":"https:\/\/www.yucatanencorto.com\/noticias\/tour-mundial-de-voleibol-todo-un-exito-en-yucatan\/","name":"Tour mundial de voleibol todo un \u00e9xito en Yucat\u00e1n - Yucat\u00e1n en corto","isPartOf":{"@id":"https:\/\/www.yucatanencorto.com\/noticias\/#website"},"primaryImageOfPage":{"@id":"https:\/\/www.yucatanencorto.com\/noticias\/tour-mundial-de-voleibol-todo-un-exito-en-yucatan\/#primaryimage"},"image":{"@id":"https:\/\/www.yucatanencorto.com\/noticias\/tour-mundial-de-voleibol-todo-un-exito-en-yucatan\/#primaryimage"},"thumbnailUrl":"https:\/\/www.yucatanencorto.com\/noticias\/wp-content\/uploads\/2025\/03\/WhatsApp-Image-2025-03-24-at-2.02.03-PM-1-scaled.jpeg","datePublished":"2025-03-24T20:23:10+00:00","author":{"@id":"https:\/\/www.yucatanencorto.com\/noticias\/#\/schema\/person\/f0ec40c33447bbc0dc2d01d3006de771"},"breadcrumb":{"@id":"https:\/\/www.yucatanencorto.com\/noticias\/tour-mundial-de-voleibol-todo-un-exito-en-yucatan\/#breadcrumb"},"inLanguage":"es","potentialAction":[{"@type":"ReadAction","target":["https:\/\/www.yucatanencorto.com\/noticias\/tour-mundial-de-voleibol-todo-un-exito-en-yucatan\/"]}]},{"@type":"ImageObject","inLanguage":"es","@id":"https:\/\/www.yucatanencorto.com\/noticias\/tour-mundial-de-voleibol-todo-un-exito-en-yucatan\/#primaryimage","url":"https:\/\/www.yucatanencorto.com\/noticias\/wp-content\/uploads\/2025\/03\/WhatsApp-Image-2025-03-24-at-2.02.03-PM-1-scaled.jpeg","contentUrl":"https:\/\/www.yucatanencorto.com\/noticias\/wp-content\/uploads\/2025\/03\/WhatsApp-Image-2025-03-24-at-2.02.03-PM-1-scaled.jpeg","width":768,"height":614},{"@type":"BreadcrumbList","@id":"https:\/\/www.yucatanencorto.com\/noticias\/tour-mundial-de-voleibol-todo-un-exito-en-yucatan\/#breadcrumb","itemListElement":[{"@type":"ListItem","position":1,"name":"Portada","item":"https:\/\/www.yucatanencorto.com\/noticias\/"},{"@type":"ListItem","position":2,"name":"Tour mundial de voleibol todo un \u00e9xito en Yucat\u00e1n"}]},{"@type":"WebSite","@id":"https:\/\/www.yucatanencorto.com\/noticias\/#website","url":"https:\/\/www.yucatanencorto.com\/noticias\/","name":"Yucat\u00e1n en corto","description":"Noticias","potentialAction":[{"@type":"SearchAction","target":{"@type":"EntryPoint","urlTemplate":"https:\/\/www.yucatanencorto.com\/noticias\/?s={search_term_string}"},"query-input":{"@type":"PropertyValueSpecification","valueRequired":true,"valueName":"search_term_string"}}],"inLanguage":"es"},{"@type":"Person","@id":"https:\/\/www.yucatanencorto.com\/noticias\/#\/schema\/person\/f0ec40c33447bbc0dc2d01d3006de771","name":"Yucat\u00e1n en Corto","image":{"@type":"ImageObject","inLanguage":"es","@id":"https:\/\/secure.gravatar.com\/avatar\/20e0a6b626f38fa8e545fb3f80ce566efd790bf8877e65c3a482460cc3e0b5d1?s=96&d=mm&r=g","url":"https:\/\/secure.gravatar.com\/avatar\/20e0a6b626f38fa8e545fb3f80ce566efd790bf8877e65c3a482460cc3e0b5d1?s=96&d=mm&r=g","contentUrl":"https:\/\/secure.gravatar.com\/avatar\/20e0a6b626f38fa8e545fb3f80ce566efd790bf8877e65c3a482460cc3e0b5d1?s=96&d=mm&r=g","caption":"Yucat\u00e1n en Corto"},"url":"https:\/\/www.yucatanencorto.com\/noticias\/author\/editor25\/"}]}},"_links":{"self":[{"href":"https:\/\/www.yucatanencorto.com\/noticias\/wp-json\/wp\/v2\/posts\/114908","targetHints":{"allow":["GET"]}}],"collection":[{"href":"https:\/\/www.yucatanencorto.com\/noticias\/wp-json\/wp\/v2\/posts"}],"about":[{"href":"https:\/\/www.yucatanencorto.com\/noticias\/wp-json\/wp\/v2\/types\/post"}],"author":[{"embeddable":true,"href":"https:\/\/www.yucatanencorto.com\/noticias\/wp-json\/wp\/v2\/users\/4"}],"replies":[{"embeddable":true,"href":"https:\/\/www.yucatanencorto.com\/noticias\/wp-json\/wp\/v2\/comments?post=114908"}],"version-history":[{"count":0,"href":"https:\/\/www.yucatanencorto.com\/noticias\/wp-json\/wp\/v2\/posts\/114908\/revisions"}],"wp:featuredmedia":[{"embeddable":true,"href":"https:\/\/www.yucatanencorto.com\/noticias\/wp-json\/wp\/v2\/media\/114909"}],"wp:attachment":[{"href":"https:\/\/www.yucatanencorto.com\/noticias\/wp-json\/wp\/v2\/media?parent=114908"}],"wp:term":[{"taxonomy":"category","embeddable":true,"href":"https:\/\/www.yucatanencorto.com\/noticias\/wp-json\/wp\/v2\/categories?post=114908"},{"taxonomy":"post_tag","embeddable":true,"href":"https:\/\/www.yucatanencorto.com\/noticias\/wp-json\/wp\/v2\/tags?post=114908"}],"curies":[{"name":"wp","href":"https:\/\/api.w.org\/{rel}","templated":true}]}}