{"id":114911,"date":"2025-03-24T14:29:57","date_gmt":"2025-03-24T20:29:57","guid":{"rendered":"https:\/\/www.yucatanencorto.com\/noticias\/?p=114911"},"modified":"2025-03-24T14:29:57","modified_gmt":"2025-03-24T20:29:57","slug":"yucatan-contara-con-refugio-para-ninos-migrantes","status":"publish","type":"post","link":"https:\/\/www.yucatanencorto.com\/noticias\/yucatan-contara-con-refugio-para-ninos-migrantes\/","title":{"rendered":"Yucat\u00e1n contar\u00e1 con refugio para ni\u00f1os migrantes"},"content":{"rendered":"<p>&nbsp;<\/p>\n<p><img loading=\"lazy\" decoding=\"async\" class=\"alignnone size-full wp-image-114912\" src=\"https:\/\/www.yucatanencorto.com\/noticias\/wp-content\/uploads\/2025\/03\/WhatsApp-Image-2025-03-24-at-2.08.08-PM-scaled.jpeg\" alt=\"\" width=\"768\" height=\"512\" srcset=\"https:\/\/www.yucatanencorto.com\/noticias\/wp-content\/uploads\/2025\/03\/WhatsApp-Image-2025-03-24-at-2.08.08-PM-scaled.jpeg 768w, https:\/\/www.yucatanencorto.com\/noticias\/wp-content\/uploads\/2025\/03\/WhatsApp-Image-2025-03-24-at-2.08.08-PM-1536x1023.jpeg 1536w, https:\/\/www.yucatanencorto.com\/noticias\/wp-content\/uploads\/2025\/03\/WhatsApp-Image-2025-03-24-at-2.08.08-PM-150x100.jpeg 150w, https:\/\/www.yucatanencorto.com\/noticias\/wp-content\/uploads\/2025\/03\/WhatsApp-Image-2025-03-24-at-2.08.08-PM-300x200.jpeg 300w, https:\/\/www.yucatanencorto.com\/noticias\/wp-content\/uploads\/2025\/03\/WhatsApp-Image-2025-03-24-at-2.08.08-PM-696x464.jpeg 696w, https:\/\/www.yucatanencorto.com\/noticias\/wp-content\/uploads\/2025\/03\/WhatsApp-Image-2025-03-24-at-2.08.08-PM-1068x712.jpeg 1068w\" sizes=\"auto, (max-width: 768px) 100vw, 768px\" \/><\/p>\n<p>M\u00e9rida, Yucat\u00e1n, a 24 de marzo de 2025<\/p>\n<p>El Gobierno de Yucat\u00e1n y el Sistema Nacional para el Desarrollo Integral de la Familia (DIF) firmaron un convenio de colaboraci\u00f3n para la habilitaci\u00f3n de un centro de asistencia social para ni\u00f1os migrantes que se llamar\u00e1 \u201cCasa U\u2019ulab\u201d.<\/p>\n<p>Con esto, el Gobierno del Renacimiento Maya ofrece un nuevo espacio de dignidad, protecci\u00f3n y esperanza para las ni\u00f1as, ni\u00f1os y adolescentes migrantes, con el fin de responder a la creciente migraci\u00f3n en tr\u00e1nsito de dicho sector poblacional, bas\u00e1ndose en la justicia social, los derechos humanos y el profundo respeto a la infancia.<\/p>\n<p>El Gobernador Joaqu\u00edn D\u00edaz Mena, la presidenta honoraria del DIF Yucat\u00e1n, la maestra Wendy M\u00e9ndez Naal, y la titular del DIF Nacional, Mar\u00eda del Roc\u00edo Garc\u00eda P\u00e9rez, firmaron este convenio de trabajo a favor de m\u00e1s de 50 menores, que ser\u00e1 la capacidad de este centro de atenci\u00f3n. Por lo que Yucat\u00e1n ser\u00e1 la entidad n\u00famero 30 del pa\u00eds en contra con este tipo de instalaciones.<\/p>\n<p>D\u00edaz Mena explic\u00f3 que este centro es una respuesta estructurada ante el aumento exponencial de la migraci\u00f3n infantil en tr\u00e1nsito a trav\u00e9s del territorio yucateco, un modelo en el que la ni\u00f1ez migrante deja de ser una cifra para convertirse en una prioridad.<\/p>\n<p>En la \u201cCasa U\u2019ulab\u201d no solo se les dar\u00e1 techo y comida, sino que tambi\u00e9n recibir\u00e1n atenci\u00f3n m\u00e9dica, psicol\u00f3gica, educativa, acompa\u00f1amiento legal y, sobre todo, trato digno.<\/p>\n<p>Por ello, el Gobernador agradeci\u00f3 el respaldo del Gobierno de M\u00e9xico, que encabeza la Presidenta Claudia Sheinbaum Pardo, as\u00ed como el esfuerzo conjunto entre el DIF Yucat\u00e1n, la Procuradur\u00eda de Protecci\u00f3n de Ni\u00f1as, Ni\u00f1os y Adolescentes, y el esfuerzo decidido del Sistema Nacional DIF, para que esta casa cuente con personal capacitado, infraestructura adecuada y un modelo operativo que pueda ser referente para el resto del pa\u00eds.<\/p>\n<p>En su discurso, la presidenta honoraria del DIF Yucat\u00e1n, la maestra Wendy M\u00e9ndez Naal, agradeci\u00f3 al DIF Nacional por su respaldo para hacer realidad proyectos en beneficio de personas migrantes. \u201cAprovecho esta inmejorable oportunidad para agradecer infinitamente al DIF Nacional, el haber seleccionado a Yucat\u00e1n como sede del pr\u00f3ximo \u201cEncuentro Nacional de Alimentaci\u00f3n y Desarrollo 2025\u201d<\/p>\n<p>Acompa\u00f1ada de la directora del DIF Yucat\u00e1n, Shirley Castillo S\u00e1nchez, subray\u00f3 el compromiso de los gobiernos estatales y la sociedad para fortalecer acciones que protejan los derechos humanos, especialmente de ni\u00f1as, ni\u00f1os y adolescentes, ante las complejas situaciones derivadas de las deportaciones.<\/p>\n<p>\u201cNuestro reconocimiento al DIF Nacional por su invaluable apoyo\u201d, reiter\u00f3 M\u00e9ndez Naal, destacando la importancia de la colaboraci\u00f3n interinstitucional.<\/p>\n<p>El acuerdo entre el Gobierno de Yucat\u00e1n y el DIF Nacional permitir\u00e1 la remodelaci\u00f3n de este centro de atenci\u00f3n, as\u00ed como su equipamiento, la adquisici\u00f3n de productos de primera necesidad y los gastos de operaci\u00f3n.<\/p>\n","protected":false},"excerpt":{"rendered":"<p>&nbsp; M\u00e9rida, Yucat\u00e1n, a 24 de marzo de 2025 El Gobierno de Yucat\u00e1n y el Sistema Nacional para el Desarrollo Integral de la Familia (DIF) firmaron un convenio de colaboraci\u00f3n para la habilitaci\u00f3n de un centro de asistencia social para ni\u00f1os migrantes que se llamar\u00e1 \u201cCasa U\u2019ulab\u201d. Con esto, el Gobierno del Renacimiento Maya ofrece [&hellip;]<\/p>\n","protected":false},"author":4,"featured_media":114912,"comment_status":"closed","ping_status":"closed","sticky":false,"template":"","format":"standard","meta":{"footnotes":""},"categories":[3],"tags":[],"class_list":{"0":"post-114911","1":"post","2":"type-post","3":"status-publish","4":"format-standard","5":"has-post-thumbnail","7":"category-yucatan"},"yoast_head":"<!-- This site is optimized with the Yoast SEO plugin v27.4 - https:\/\/yoast.com\/product\/yoast-seo-wordpress\/ -->\n<title>Yucat\u00e1n contar\u00e1 con refugio para ni\u00f1os migrantes - Yucat\u00e1n en corto<\/title>\n<meta name=\"robots\" content=\"index, follow, max-snippet:-1, max-image-preview:large, max-video-preview:-1\" \/>\n<link rel=\"canonical\" href=\"https:\/\/www.yucatanencorto.com\/noticias\/yucatan-contara-con-refugio-para-ninos-migrantes\/\" \/>\n<meta property=\"og:locale\" content=\"es_ES\" \/>\n<meta property=\"og:type\" content=\"article\" \/>\n<meta property=\"og:title\" content=\"Yucat\u00e1n contar\u00e1 con refugio para ni\u00f1os migrantes - Yucat\u00e1n en corto\" \/>\n<meta property=\"og:description\" content=\"&nbsp; M\u00e9rida, Yucat\u00e1n, a 24 de marzo de 2025 El Gobierno de Yucat\u00e1n y el Sistema Nacional para el Desarrollo Integral de la Familia (DIF) firmaron un convenio de colaboraci\u00f3n para la habilitaci\u00f3n de un centro de asistencia social para ni\u00f1os migrantes que se llamar\u00e1 \u201cCasa U\u2019ulab\u201d. Con esto, el Gobierno del Renacimiento Maya ofrece [&hellip;]\" \/>\n<meta property=\"og:url\" content=\"https:\/\/www.yucatanencorto.com\/noticias\/yucatan-contara-con-refugio-para-ninos-migrantes\/\" \/>\n<meta property=\"og:site_name\" content=\"Yucat\u00e1n en corto\" \/>\n<meta property=\"article:publisher\" content=\"http:\/\/www.facebook.com\/yucatanencorto\" \/>\n<meta property=\"article:published_time\" content=\"2025-03-24T20:29:57+00:00\" \/>\n<meta property=\"og:image\" content=\"https:\/\/www.yucatanencorto.com\/noticias\/wp-content\/uploads\/2025\/03\/WhatsApp-Image-2025-03-24-at-2.08.08-PM-scaled.jpeg\" \/>\n\t<meta property=\"og:image:width\" content=\"768\" \/>\n\t<meta property=\"og:image:height\" content=\"512\" \/>\n\t<meta property=\"og:image:type\" content=\"image\/jpeg\" \/>\n<meta name=\"author\" content=\"Yucat\u00e1n en Corto\" \/>\n<meta name=\"twitter:card\" content=\"summary_large_image\" \/>\n<meta name=\"twitter:creator\" content=\"@yucatanencorto\" \/>\n<meta name=\"twitter:site\" content=\"@yucatanencorto\" \/>\n<meta name=\"twitter:label1\" content=\"Escrito por\" \/>\n\t<meta name=\"twitter:data1\" content=\"Yucat\u00e1n en Corto\" \/>\n\t<meta name=\"twitter:label2\" content=\"Tiempo de lectura\" \/>\n\t<meta name=\"twitter:data2\" content=\"3 minutos\" \/>\n<script type=\"application\/ld+json\" class=\"yoast-schema-graph\">{\"@context\":\"https:\\\/\\\/schema.org\",\"@graph\":[{\"@type\":\"Article\",\"@id\":\"https:\\\/\\\/www.yucatanencorto.com\\\/noticias\\\/yucatan-contara-con-refugio-para-ninos-migrantes\\\/#article\",\"isPartOf\":{\"@id\":\"https:\\\/\\\/www.yucatanencorto.com\\\/noticias\\\/yucatan-contara-con-refugio-para-ninos-migrantes\\\/\"},\"author\":{\"name\":\"Yucat\u00e1n en Corto\",\"@id\":\"https:\\\/\\\/www.yucatanencorto.com\\\/noticias\\\/#\\\/schema\\\/person\\\/f0ec40c33447bbc0dc2d01d3006de771\"},\"headline\":\"Yucat\u00e1n contar\u00e1 con refugio para ni\u00f1os migrantes\",\"datePublished\":\"2025-03-24T20:29:57+00:00\",\"mainEntityOfPage\":{\"@id\":\"https:\\\/\\\/www.yucatanencorto.com\\\/noticias\\\/yucatan-contara-con-refugio-para-ninos-migrantes\\\/\"},\"wordCount\":521,\"image\":{\"@id\":\"https:\\\/\\\/www.yucatanencorto.com\\\/noticias\\\/yucatan-contara-con-refugio-para-ninos-migrantes\\\/#primaryimage\"},\"thumbnailUrl\":\"https:\\\/\\\/www.yucatanencorto.com\\\/noticias\\\/wp-content\\\/uploads\\\/2025\\\/03\\\/WhatsApp-Image-2025-03-24-at-2.08.08-PM-scaled.jpeg\",\"articleSection\":[\"Yucat\u00e1n\"],\"inLanguage\":\"es\"},{\"@type\":\"WebPage\",\"@id\":\"https:\\\/\\\/www.yucatanencorto.com\\\/noticias\\\/yucatan-contara-con-refugio-para-ninos-migrantes\\\/\",\"url\":\"https:\\\/\\\/www.yucatanencorto.com\\\/noticias\\\/yucatan-contara-con-refugio-para-ninos-migrantes\\\/\",\"name\":\"Yucat\u00e1n contar\u00e1 con refugio para ni\u00f1os migrantes - Yucat\u00e1n en corto\",\"isPartOf\":{\"@id\":\"https:\\\/\\\/www.yucatanencorto.com\\\/noticias\\\/#website\"},\"primaryImageOfPage\":{\"@id\":\"https:\\\/\\\/www.yucatanencorto.com\\\/noticias\\\/yucatan-contara-con-refugio-para-ninos-migrantes\\\/#primaryimage\"},\"image\":{\"@id\":\"https:\\\/\\\/www.yucatanencorto.com\\\/noticias\\\/yucatan-contara-con-refugio-para-ninos-migrantes\\\/#primaryimage\"},\"thumbnailUrl\":\"https:\\\/\\\/www.yucatanencorto.com\\\/noticias\\\/wp-content\\\/uploads\\\/2025\\\/03\\\/WhatsApp-Image-2025-03-24-at-2.08.08-PM-scaled.jpeg\",\"datePublished\":\"2025-03-24T20:29:57+00:00\",\"author\":{\"@id\":\"https:\\\/\\\/www.yucatanencorto.com\\\/noticias\\\/#\\\/schema\\\/person\\\/f0ec40c33447bbc0dc2d01d3006de771\"},\"breadcrumb\":{\"@id\":\"https:\\\/\\\/www.yucatanencorto.com\\\/noticias\\\/yucatan-contara-con-refugio-para-ninos-migrantes\\\/#breadcrumb\"},\"inLanguage\":\"es\",\"potentialAction\":[{\"@type\":\"ReadAction\",\"target\":[\"https:\\\/\\\/www.yucatanencorto.com\\\/noticias\\\/yucatan-contara-con-refugio-para-ninos-migrantes\\\/\"]}]},{\"@type\":\"ImageObject\",\"inLanguage\":\"es\",\"@id\":\"https:\\\/\\\/www.yucatanencorto.com\\\/noticias\\\/yucatan-contara-con-refugio-para-ninos-migrantes\\\/#primaryimage\",\"url\":\"https:\\\/\\\/www.yucatanencorto.com\\\/noticias\\\/wp-content\\\/uploads\\\/2025\\\/03\\\/WhatsApp-Image-2025-03-24-at-2.08.08-PM-scaled.jpeg\",\"contentUrl\":\"https:\\\/\\\/www.yucatanencorto.com\\\/noticias\\\/wp-content\\\/uploads\\\/2025\\\/03\\\/WhatsApp-Image-2025-03-24-at-2.08.08-PM-scaled.jpeg\",\"width\":768,\"height\":512},{\"@type\":\"BreadcrumbList\",\"@id\":\"https:\\\/\\\/www.yucatanencorto.com\\\/noticias\\\/yucatan-contara-con-refugio-para-ninos-migrantes\\\/#breadcrumb\",\"itemListElement\":[{\"@type\":\"ListItem\",\"position\":1,\"name\":\"Portada\",\"item\":\"https:\\\/\\\/www.yucatanencorto.com\\\/noticias\\\/\"},{\"@type\":\"ListItem\",\"position\":2,\"name\":\"Yucat\u00e1n contar\u00e1 con refugio para ni\u00f1os migrantes\"}]},{\"@type\":\"WebSite\",\"@id\":\"https:\\\/\\\/www.yucatanencorto.com\\\/noticias\\\/#website\",\"url\":\"https:\\\/\\\/www.yucatanencorto.com\\\/noticias\\\/\",\"name\":\"Yucat\u00e1n en corto\",\"description\":\"Noticias\",\"potentialAction\":[{\"@type\":\"SearchAction\",\"target\":{\"@type\":\"EntryPoint\",\"urlTemplate\":\"https:\\\/\\\/www.yucatanencorto.com\\\/noticias\\\/?s={search_term_string}\"},\"query-input\":{\"@type\":\"PropertyValueSpecification\",\"valueRequired\":true,\"valueName\":\"search_term_string\"}}],\"inLanguage\":\"es\"},{\"@type\":\"Person\",\"@id\":\"https:\\\/\\\/www.yucatanencorto.com\\\/noticias\\\/#\\\/schema\\\/person\\\/f0ec40c33447bbc0dc2d01d3006de771\",\"name\":\"Yucat\u00e1n en Corto\",\"image\":{\"@type\":\"ImageObject\",\"inLanguage\":\"es\",\"@id\":\"https:\\\/\\\/secure.gravatar.com\\\/avatar\\\/20e0a6b626f38fa8e545fb3f80ce566efd790bf8877e65c3a482460cc3e0b5d1?s=96&d=mm&r=g\",\"url\":\"https:\\\/\\\/secure.gravatar.com\\\/avatar\\\/20e0a6b626f38fa8e545fb3f80ce566efd790bf8877e65c3a482460cc3e0b5d1?s=96&d=mm&r=g\",\"contentUrl\":\"https:\\\/\\\/secure.gravatar.com\\\/avatar\\\/20e0a6b626f38fa8e545fb3f80ce566efd790bf8877e65c3a482460cc3e0b5d1?s=96&d=mm&r=g\",\"caption\":\"Yucat\u00e1n en Corto\"},\"url\":\"https:\\\/\\\/www.yucatanencorto.com\\\/noticias\\\/author\\\/editor25\\\/\"}]}<\/script>\n<!-- \/ Yoast SEO plugin. -->","yoast_head_json":{"title":"Yucat\u00e1n contar\u00e1 con refugio para ni\u00f1os migrantes - Yucat\u00e1n en corto","robots":{"index":"index","follow":"follow","max-snippet":"max-snippet:-1","max-image-preview":"max-image-preview:large","max-video-preview":"max-video-preview:-1"},"canonical":"https:\/\/www.yucatanencorto.com\/noticias\/yucatan-contara-con-refugio-para-ninos-migrantes\/","og_locale":"es_ES","og_type":"article","og_title":"Yucat\u00e1n contar\u00e1 con refugio para ni\u00f1os migrantes - Yucat\u00e1n en corto","og_description":"&nbsp; M\u00e9rida, Yucat\u00e1n, a 24 de marzo de 2025 El Gobierno de Yucat\u00e1n y el Sistema Nacional para el Desarrollo Integral de la Familia (DIF) firmaron un convenio de colaboraci\u00f3n para la habilitaci\u00f3n de un centro de asistencia social para ni\u00f1os migrantes que se llamar\u00e1 \u201cCasa U\u2019ulab\u201d. Con esto, el Gobierno del Renacimiento Maya ofrece [&hellip;]","og_url":"https:\/\/www.yucatanencorto.com\/noticias\/yucatan-contara-con-refugio-para-ninos-migrantes\/","og_site_name":"Yucat\u00e1n en corto","article_publisher":"http:\/\/www.facebook.com\/yucatanencorto","article_published_time":"2025-03-24T20:29:57+00:00","og_image":[{"width":768,"height":512,"url":"https:\/\/www.yucatanencorto.com\/noticias\/wp-content\/uploads\/2025\/03\/WhatsApp-Image-2025-03-24-at-2.08.08-PM-scaled.jpeg","type":"image\/jpeg"}],"author":"Yucat\u00e1n en Corto","twitter_card":"summary_large_image","twitter_creator":"@yucatanencorto","twitter_site":"@yucatanencorto","twitter_misc":{"Escrito por":"Yucat\u00e1n en Corto","Tiempo de lectura":"3 minutos"},"schema":{"@context":"https:\/\/schema.org","@graph":[{"@type":"Article","@id":"https:\/\/www.yucatanencorto.com\/noticias\/yucatan-contara-con-refugio-para-ninos-migrantes\/#article","isPartOf":{"@id":"https:\/\/www.yucatanencorto.com\/noticias\/yucatan-contara-con-refugio-para-ninos-migrantes\/"},"author":{"name":"Yucat\u00e1n en Corto","@id":"https:\/\/www.yucatanencorto.com\/noticias\/#\/schema\/person\/f0ec40c33447bbc0dc2d01d3006de771"},"headline":"Yucat\u00e1n contar\u00e1 con refugio para ni\u00f1os migrantes","datePublished":"2025-03-24T20:29:57+00:00","mainEntityOfPage":{"@id":"https:\/\/www.yucatanencorto.com\/noticias\/yucatan-contara-con-refugio-para-ninos-migrantes\/"},"wordCount":521,"image":{"@id":"https:\/\/www.yucatanencorto.com\/noticias\/yucatan-contara-con-refugio-para-ninos-migrantes\/#primaryimage"},"thumbnailUrl":"https:\/\/www.yucatanencorto.com\/noticias\/wp-content\/uploads\/2025\/03\/WhatsApp-Image-2025-03-24-at-2.08.08-PM-scaled.jpeg","articleSection":["Yucat\u00e1n"],"inLanguage":"es"},{"@type":"WebPage","@id":"https:\/\/www.yucatanencorto.com\/noticias\/yucatan-contara-con-refugio-para-ninos-migrantes\/","url":"https:\/\/www.yucatanencorto.com\/noticias\/yucatan-contara-con-refugio-para-ninos-migrantes\/","name":"Yucat\u00e1n contar\u00e1 con refugio para ni\u00f1os migrantes - Yucat\u00e1n en corto","isPartOf":{"@id":"https:\/\/www.yucatanencorto.com\/noticias\/#website"},"primaryImageOfPage":{"@id":"https:\/\/www.yucatanencorto.com\/noticias\/yucatan-contara-con-refugio-para-ninos-migrantes\/#primaryimage"},"image":{"@id":"https:\/\/www.yucatanencorto.com\/noticias\/yucatan-contara-con-refugio-para-ninos-migrantes\/#primaryimage"},"thumbnailUrl":"https:\/\/www.yucatanencorto.com\/noticias\/wp-content\/uploads\/2025\/03\/WhatsApp-Image-2025-03-24-at-2.08.08-PM-scaled.jpeg","datePublished":"2025-03-24T20:29:57+00:00","author":{"@id":"https:\/\/www.yucatanencorto.com\/noticias\/#\/schema\/person\/f0ec40c33447bbc0dc2d01d3006de771"},"breadcrumb":{"@id":"https:\/\/www.yucatanencorto.com\/noticias\/yucatan-contara-con-refugio-para-ninos-migrantes\/#breadcrumb"},"inLanguage":"es","potentialAction":[{"@type":"ReadAction","target":["https:\/\/www.yucatanencorto.com\/noticias\/yucatan-contara-con-refugio-para-ninos-migrantes\/"]}]},{"@type":"ImageObject","inLanguage":"es","@id":"https:\/\/www.yucatanencorto.com\/noticias\/yucatan-contara-con-refugio-para-ninos-migrantes\/#primaryimage","url":"https:\/\/www.yucatanencorto.com\/noticias\/wp-content\/uploads\/2025\/03\/WhatsApp-Image-2025-03-24-at-2.08.08-PM-scaled.jpeg","contentUrl":"https:\/\/www.yucatanencorto.com\/noticias\/wp-content\/uploads\/2025\/03\/WhatsApp-Image-2025-03-24-at-2.08.08-PM-scaled.jpeg","width":768,"height":512},{"@type":"BreadcrumbList","@id":"https:\/\/www.yucatanencorto.com\/noticias\/yucatan-contara-con-refugio-para-ninos-migrantes\/#breadcrumb","itemListElement":[{"@type":"ListItem","position":1,"name":"Portada","item":"https:\/\/www.yucatanencorto.com\/noticias\/"},{"@type":"ListItem","position":2,"name":"Yucat\u00e1n contar\u00e1 con refugio para ni\u00f1os migrantes"}]},{"@type":"WebSite","@id":"https:\/\/www.yucatanencorto.com\/noticias\/#website","url":"https:\/\/www.yucatanencorto.com\/noticias\/","name":"Yucat\u00e1n en corto","description":"Noticias","potentialAction":[{"@type":"SearchAction","target":{"@type":"EntryPoint","urlTemplate":"https:\/\/www.yucatanencorto.com\/noticias\/?s={search_term_string}"},"query-input":{"@type":"PropertyValueSpecification","valueRequired":true,"valueName":"search_term_string"}}],"inLanguage":"es"},{"@type":"Person","@id":"https:\/\/www.yucatanencorto.com\/noticias\/#\/schema\/person\/f0ec40c33447bbc0dc2d01d3006de771","name":"Yucat\u00e1n en Corto","image":{"@type":"ImageObject","inLanguage":"es","@id":"https:\/\/secure.gravatar.com\/avatar\/20e0a6b626f38fa8e545fb3f80ce566efd790bf8877e65c3a482460cc3e0b5d1?s=96&d=mm&r=g","url":"https:\/\/secure.gravatar.com\/avatar\/20e0a6b626f38fa8e545fb3f80ce566efd790bf8877e65c3a482460cc3e0b5d1?s=96&d=mm&r=g","contentUrl":"https:\/\/secure.gravatar.com\/avatar\/20e0a6b626f38fa8e545fb3f80ce566efd790bf8877e65c3a482460cc3e0b5d1?s=96&d=mm&r=g","caption":"Yucat\u00e1n en Corto"},"url":"https:\/\/www.yucatanencorto.com\/noticias\/author\/editor25\/"}]}},"_links":{"self":[{"href":"https:\/\/www.yucatanencorto.com\/noticias\/wp-json\/wp\/v2\/posts\/114911","targetHints":{"allow":["GET"]}}],"collection":[{"href":"https:\/\/www.yucatanencorto.com\/noticias\/wp-json\/wp\/v2\/posts"}],"about":[{"href":"https:\/\/www.yucatanencorto.com\/noticias\/wp-json\/wp\/v2\/types\/post"}],"author":[{"embeddable":true,"href":"https:\/\/www.yucatanencorto.com\/noticias\/wp-json\/wp\/v2\/users\/4"}],"replies":[{"embeddable":true,"href":"https:\/\/www.yucatanencorto.com\/noticias\/wp-json\/wp\/v2\/comments?post=114911"}],"version-history":[{"count":0,"href":"https:\/\/www.yucatanencorto.com\/noticias\/wp-json\/wp\/v2\/posts\/114911\/revisions"}],"wp:featuredmedia":[{"embeddable":true,"href":"https:\/\/www.yucatanencorto.com\/noticias\/wp-json\/wp\/v2\/media\/114912"}],"wp:attachment":[{"href":"https:\/\/www.yucatanencorto.com\/noticias\/wp-json\/wp\/v2\/media?parent=114911"}],"wp:term":[{"taxonomy":"category","embeddable":true,"href":"https:\/\/www.yucatanencorto.com\/noticias\/wp-json\/wp\/v2\/categories?post=114911"},{"taxonomy":"post_tag","embeddable":true,"href":"https:\/\/www.yucatanencorto.com\/noticias\/wp-json\/wp\/v2\/tags?post=114911"}],"curies":[{"name":"wp","href":"https:\/\/api.w.org\/{rel}","templated":true}]}}