{"id":114914,"date":"2025-03-25T14:29:01","date_gmt":"2025-03-25T20:29:01","guid":{"rendered":"https:\/\/www.yucatanencorto.com\/noticias\/?p=114914"},"modified":"2025-03-25T14:29:01","modified_gmt":"2025-03-25T20:29:01","slug":"inicia-la-segunda-entrega-de-apoyos-del-programa-respeto-la-veda-2025","status":"publish","type":"post","link":"https:\/\/www.yucatanencorto.com\/noticias\/inicia-la-segunda-entrega-de-apoyos-del-programa-respeto-la-veda-2025\/","title":{"rendered":"Inicia la segunda entrega de apoyos del programa \u00abRespeto la Veda 2025\u00bb"},"content":{"rendered":"<p><img loading=\"lazy\" decoding=\"async\" class=\"alignnone size-full wp-image-114915\" src=\"https:\/\/www.yucatanencorto.com\/noticias\/wp-content\/uploads\/2025\/03\/WhatsApp-Image-2025-03-25-at-11.34.44-AM-scaled.jpeg\" alt=\"\" width=\"768\" height=\"512\" srcset=\"https:\/\/www.yucatanencorto.com\/noticias\/wp-content\/uploads\/2025\/03\/WhatsApp-Image-2025-03-25-at-11.34.44-AM-scaled.jpeg 768w, https:\/\/www.yucatanencorto.com\/noticias\/wp-content\/uploads\/2025\/03\/WhatsApp-Image-2025-03-25-at-11.34.44-AM-1536x1024.jpeg 1536w, https:\/\/www.yucatanencorto.com\/noticias\/wp-content\/uploads\/2025\/03\/WhatsApp-Image-2025-03-25-at-11.34.44-AM-2048x1365.jpeg 2048w, https:\/\/www.yucatanencorto.com\/noticias\/wp-content\/uploads\/2025\/03\/WhatsApp-Image-2025-03-25-at-11.34.44-AM-150x100.jpeg 150w, https:\/\/www.yucatanencorto.com\/noticias\/wp-content\/uploads\/2025\/03\/WhatsApp-Image-2025-03-25-at-11.34.44-AM-300x200.jpeg 300w, https:\/\/www.yucatanencorto.com\/noticias\/wp-content\/uploads\/2025\/03\/WhatsApp-Image-2025-03-25-at-11.34.44-AM-696x464.jpeg 696w, https:\/\/www.yucatanencorto.com\/noticias\/wp-content\/uploads\/2025\/03\/WhatsApp-Image-2025-03-25-at-11.34.44-AM-1068x712.jpeg 1068w, https:\/\/www.yucatanencorto.com\/noticias\/wp-content\/uploads\/2025\/03\/WhatsApp-Image-2025-03-25-at-11.34.44-AM-1920x1280.jpeg 1920w\" sizes=\"auto, (max-width: 768px) 100vw, 768px\" \/><\/p>\n<p>N\u00famero de comunicado: 25-262<\/p>\n<p>Para continuar apoyando la econom\u00eda familiar de los hombres de mar, el Gobernador Joaqu\u00edn D\u00edaz Mena realiz\u00f3 el segundo y tercer pago del programa \u00abRespeto la Veda 2025\u00bb a 479 pescadores de Telchac Puerto, quienes recibir\u00e1n vales por 4 mil pesos, lo que significa una inversi\u00f3n de 1.9 millones de pesos en este municipio.<\/p>\n<p>Acompa\u00f1ado del alcalde anfitri\u00f3n, Alfonso N\u00fa\u00f1ez, el Gobernador reiter\u00f3 que este programa es un reconocimiento al esfuerzo de quienes, aun cuando la actividad pesquera se detiene por la veda, tienen que llevar el sustento a casa.<\/p>\n<p>Record\u00f3 que este a\u00f1o se increment\u00f3 el apoyo de 4 mil 800 pesos que daba el gobierno anterior a 6 mil pesos en 2025, y que cada a\u00f1o se decretar\u00e1 un aumento de al menos el 10%.<\/p>\n<p>\u00abEl compromiso de nuestro gobierno es muy claro: que todos los pescadores sean apoyados y que en estos meses de veda sus familias puedan tener sustento. Uno de los sectores que ha recibido m\u00e1s recursos en el presupuesto estatal, con un incremento del 70% en el presupuesto a la pesca respecto al a\u00f1o anterior\u00bb, subray\u00f3.<\/p>\n<p>Al reiterar que su Gobierno apoyar\u00e1 a todos los puertos de la costa para mejorarlos en todo lo que sea posible, el Ejecutivo estatal anunci\u00f3 que, en conjunto con el Ayuntamiento, dar\u00e1n mantenimiento a las calles de Telchac Puerto. El alcalde aportar\u00e1 el material, mientras que el Gobierno del Estado pondr\u00e1 gratuitamente toda la maquinaria y el personal necesario.<\/p>\n<p>En su turno, la titular de la Secretar\u00eda de Pesca y Acuacultura Sustentable (Sepasy), Lila Fr\u00edas Castillo, explic\u00f3 que en este segundo pago se reforzar\u00e1 el programa con 3 brigadas conformadas por las Secretar\u00edas de Pesca, del Bienestar, de Desarrollo Rural y de la Delegaci\u00f3n de Bienestar Federal, con la finalidad de agilizar el pago. As\u00ed, para el 29 de marzo, toda la comunidad pesquera de Yucat\u00e1n ya contar\u00e1 con este recurso y estar\u00e1 lista para salir a la pesca el pr\u00f3ximo 1 de abril, d\u00eda en el que se levanta la veda.<\/p>\n<p>\u00abNo vamos a dar marcha atr\u00e1s para proteger a especies como el mero, el pulpo y la langosta, pero aquellos que se dedican a estas pesquer\u00edas tendr\u00e1n siempre el respaldo del Gobierno del Estado para afrontar estos per\u00edodos de veda\u00bb, reiter\u00f3.<\/p>\n<p>Cabe recordar que, en esta edici\u00f3n, este esquema brindar\u00e1 apoyo a 12,692 beneficiarios, asegurando un respaldo econ\u00f3mico durante el periodo de veda. Durante la primera entrega, los hombres de mar recibieron 2,000 pesos y la siguiente ser\u00e1 de 4,000 pesos.<\/p>\n<p>Previo al acto, el Gobernador pidi\u00f3 un minuto de silencio en memoria de Emilio Daniel (N), pescador de Chicxulub Puerto, quien falleci\u00f3 al caer de su embarcaci\u00f3n.<\/p>\n<p>Acompa\u00f1aron al Gobernador el titular de la Secretar\u00eda de Desarrollo Rural (Seder), Edgardo Medina Rodr\u00edguez; y los diputados Mar\u00eda Esther Magad\u00e1n Alonzo, Maribel Chuc Ayala y Wilmer Monforte Marfil, presidente de la Junta de Gobierno y Coordinaci\u00f3n Pol\u00edtica del Congreso local.<\/p>\n","protected":false},"excerpt":{"rendered":"<p>N\u00famero de comunicado: 25-262 Para continuar apoyando la econom\u00eda familiar de los hombres de mar, el Gobernador Joaqu\u00edn D\u00edaz Mena realiz\u00f3 el segundo y tercer pago del programa \u00abRespeto la Veda 2025\u00bb a 479 pescadores de Telchac Puerto, quienes recibir\u00e1n vales por 4 mil pesos, lo que significa una inversi\u00f3n de 1.9 millones de pesos [&hellip;]<\/p>\n","protected":false},"author":4,"featured_media":114915,"comment_status":"closed","ping_status":"closed","sticky":false,"template":"","format":"standard","meta":{"footnotes":""},"categories":[3],"tags":[],"class_list":{"0":"post-114914","1":"post","2":"type-post","3":"status-publish","4":"format-standard","5":"has-post-thumbnail","7":"category-yucatan"},"yoast_head":"<!-- This site is optimized with the Yoast SEO plugin v27.4 - https:\/\/yoast.com\/product\/yoast-seo-wordpress\/ -->\n<title>Inicia la segunda entrega de apoyos del programa &quot;Respeto la Veda 2025&quot; - Yucat\u00e1n en corto<\/title>\n<meta name=\"robots\" content=\"index, follow, max-snippet:-1, max-image-preview:large, max-video-preview:-1\" \/>\n<link rel=\"canonical\" href=\"https:\/\/www.yucatanencorto.com\/noticias\/inicia-la-segunda-entrega-de-apoyos-del-programa-respeto-la-veda-2025\/\" \/>\n<meta property=\"og:locale\" content=\"es_ES\" \/>\n<meta property=\"og:type\" content=\"article\" \/>\n<meta property=\"og:title\" content=\"Inicia la segunda entrega de apoyos del programa &quot;Respeto la Veda 2025&quot; - Yucat\u00e1n en corto\" \/>\n<meta property=\"og:description\" content=\"N\u00famero de comunicado: 25-262 Para continuar apoyando la econom\u00eda familiar de los hombres de mar, el Gobernador Joaqu\u00edn D\u00edaz Mena realiz\u00f3 el segundo y tercer pago del programa \u00abRespeto la Veda 2025\u00bb a 479 pescadores de Telchac Puerto, quienes recibir\u00e1n vales por 4 mil pesos, lo que significa una inversi\u00f3n de 1.9 millones de pesos [&hellip;]\" \/>\n<meta property=\"og:url\" content=\"https:\/\/www.yucatanencorto.com\/noticias\/inicia-la-segunda-entrega-de-apoyos-del-programa-respeto-la-veda-2025\/\" \/>\n<meta property=\"og:site_name\" content=\"Yucat\u00e1n en corto\" \/>\n<meta property=\"article:publisher\" content=\"http:\/\/www.facebook.com\/yucatanencorto\" \/>\n<meta property=\"article:published_time\" content=\"2025-03-25T20:29:01+00:00\" \/>\n<meta property=\"og:image\" content=\"https:\/\/www.yucatanencorto.com\/noticias\/wp-content\/uploads\/2025\/03\/WhatsApp-Image-2025-03-25-at-11.34.44-AM-scaled.jpeg\" \/>\n\t<meta property=\"og:image:width\" content=\"768\" \/>\n\t<meta property=\"og:image:height\" content=\"512\" \/>\n\t<meta property=\"og:image:type\" content=\"image\/jpeg\" \/>\n<meta name=\"author\" content=\"Yucat\u00e1n en Corto\" \/>\n<meta name=\"twitter:card\" content=\"summary_large_image\" \/>\n<meta name=\"twitter:creator\" content=\"@yucatanencorto\" \/>\n<meta name=\"twitter:site\" content=\"@yucatanencorto\" \/>\n<meta name=\"twitter:label1\" content=\"Escrito por\" \/>\n\t<meta name=\"twitter:data1\" content=\"Yucat\u00e1n en Corto\" \/>\n\t<meta name=\"twitter:label2\" content=\"Tiempo de lectura\" \/>\n\t<meta name=\"twitter:data2\" content=\"3 minutos\" \/>\n<script type=\"application\/ld+json\" class=\"yoast-schema-graph\">{\"@context\":\"https:\\\/\\\/schema.org\",\"@graph\":[{\"@type\":\"Article\",\"@id\":\"https:\\\/\\\/www.yucatanencorto.com\\\/noticias\\\/inicia-la-segunda-entrega-de-apoyos-del-programa-respeto-la-veda-2025\\\/#article\",\"isPartOf\":{\"@id\":\"https:\\\/\\\/www.yucatanencorto.com\\\/noticias\\\/inicia-la-segunda-entrega-de-apoyos-del-programa-respeto-la-veda-2025\\\/\"},\"author\":{\"name\":\"Yucat\u00e1n en Corto\",\"@id\":\"https:\\\/\\\/www.yucatanencorto.com\\\/noticias\\\/#\\\/schema\\\/person\\\/f0ec40c33447bbc0dc2d01d3006de771\"},\"headline\":\"Inicia la segunda entrega de apoyos del programa \u00abRespeto la Veda 2025\u00bb\",\"datePublished\":\"2025-03-25T20:29:01+00:00\",\"mainEntityOfPage\":{\"@id\":\"https:\\\/\\\/www.yucatanencorto.com\\\/noticias\\\/inicia-la-segunda-entrega-de-apoyos-del-programa-respeto-la-veda-2025\\\/\"},\"wordCount\":517,\"image\":{\"@id\":\"https:\\\/\\\/www.yucatanencorto.com\\\/noticias\\\/inicia-la-segunda-entrega-de-apoyos-del-programa-respeto-la-veda-2025\\\/#primaryimage\"},\"thumbnailUrl\":\"https:\\\/\\\/www.yucatanencorto.com\\\/noticias\\\/wp-content\\\/uploads\\\/2025\\\/03\\\/WhatsApp-Image-2025-03-25-at-11.34.44-AM-scaled.jpeg\",\"articleSection\":[\"Yucat\u00e1n\"],\"inLanguage\":\"es\"},{\"@type\":\"WebPage\",\"@id\":\"https:\\\/\\\/www.yucatanencorto.com\\\/noticias\\\/inicia-la-segunda-entrega-de-apoyos-del-programa-respeto-la-veda-2025\\\/\",\"url\":\"https:\\\/\\\/www.yucatanencorto.com\\\/noticias\\\/inicia-la-segunda-entrega-de-apoyos-del-programa-respeto-la-veda-2025\\\/\",\"name\":\"Inicia la segunda entrega de apoyos del programa \\\"Respeto la Veda 2025\\\" - Yucat\u00e1n en corto\",\"isPartOf\":{\"@id\":\"https:\\\/\\\/www.yucatanencorto.com\\\/noticias\\\/#website\"},\"primaryImageOfPage\":{\"@id\":\"https:\\\/\\\/www.yucatanencorto.com\\\/noticias\\\/inicia-la-segunda-entrega-de-apoyos-del-programa-respeto-la-veda-2025\\\/#primaryimage\"},\"image\":{\"@id\":\"https:\\\/\\\/www.yucatanencorto.com\\\/noticias\\\/inicia-la-segunda-entrega-de-apoyos-del-programa-respeto-la-veda-2025\\\/#primaryimage\"},\"thumbnailUrl\":\"https:\\\/\\\/www.yucatanencorto.com\\\/noticias\\\/wp-content\\\/uploads\\\/2025\\\/03\\\/WhatsApp-Image-2025-03-25-at-11.34.44-AM-scaled.jpeg\",\"datePublished\":\"2025-03-25T20:29:01+00:00\",\"author\":{\"@id\":\"https:\\\/\\\/www.yucatanencorto.com\\\/noticias\\\/#\\\/schema\\\/person\\\/f0ec40c33447bbc0dc2d01d3006de771\"},\"breadcrumb\":{\"@id\":\"https:\\\/\\\/www.yucatanencorto.com\\\/noticias\\\/inicia-la-segunda-entrega-de-apoyos-del-programa-respeto-la-veda-2025\\\/#breadcrumb\"},\"inLanguage\":\"es\",\"potentialAction\":[{\"@type\":\"ReadAction\",\"target\":[\"https:\\\/\\\/www.yucatanencorto.com\\\/noticias\\\/inicia-la-segunda-entrega-de-apoyos-del-programa-respeto-la-veda-2025\\\/\"]}]},{\"@type\":\"ImageObject\",\"inLanguage\":\"es\",\"@id\":\"https:\\\/\\\/www.yucatanencorto.com\\\/noticias\\\/inicia-la-segunda-entrega-de-apoyos-del-programa-respeto-la-veda-2025\\\/#primaryimage\",\"url\":\"https:\\\/\\\/www.yucatanencorto.com\\\/noticias\\\/wp-content\\\/uploads\\\/2025\\\/03\\\/WhatsApp-Image-2025-03-25-at-11.34.44-AM-scaled.jpeg\",\"contentUrl\":\"https:\\\/\\\/www.yucatanencorto.com\\\/noticias\\\/wp-content\\\/uploads\\\/2025\\\/03\\\/WhatsApp-Image-2025-03-25-at-11.34.44-AM-scaled.jpeg\",\"width\":768,\"height\":512},{\"@type\":\"BreadcrumbList\",\"@id\":\"https:\\\/\\\/www.yucatanencorto.com\\\/noticias\\\/inicia-la-segunda-entrega-de-apoyos-del-programa-respeto-la-veda-2025\\\/#breadcrumb\",\"itemListElement\":[{\"@type\":\"ListItem\",\"position\":1,\"name\":\"Portada\",\"item\":\"https:\\\/\\\/www.yucatanencorto.com\\\/noticias\\\/\"},{\"@type\":\"ListItem\",\"position\":2,\"name\":\"Inicia la segunda entrega de apoyos del programa \u00abRespeto la Veda 2025\u00bb\"}]},{\"@type\":\"WebSite\",\"@id\":\"https:\\\/\\\/www.yucatanencorto.com\\\/noticias\\\/#website\",\"url\":\"https:\\\/\\\/www.yucatanencorto.com\\\/noticias\\\/\",\"name\":\"Yucat\u00e1n en corto\",\"description\":\"Noticias\",\"potentialAction\":[{\"@type\":\"SearchAction\",\"target\":{\"@type\":\"EntryPoint\",\"urlTemplate\":\"https:\\\/\\\/www.yucatanencorto.com\\\/noticias\\\/?s={search_term_string}\"},\"query-input\":{\"@type\":\"PropertyValueSpecification\",\"valueRequired\":true,\"valueName\":\"search_term_string\"}}],\"inLanguage\":\"es\"},{\"@type\":\"Person\",\"@id\":\"https:\\\/\\\/www.yucatanencorto.com\\\/noticias\\\/#\\\/schema\\\/person\\\/f0ec40c33447bbc0dc2d01d3006de771\",\"name\":\"Yucat\u00e1n en Corto\",\"image\":{\"@type\":\"ImageObject\",\"inLanguage\":\"es\",\"@id\":\"https:\\\/\\\/secure.gravatar.com\\\/avatar\\\/20e0a6b626f38fa8e545fb3f80ce566efd790bf8877e65c3a482460cc3e0b5d1?s=96&d=mm&r=g\",\"url\":\"https:\\\/\\\/secure.gravatar.com\\\/avatar\\\/20e0a6b626f38fa8e545fb3f80ce566efd790bf8877e65c3a482460cc3e0b5d1?s=96&d=mm&r=g\",\"contentUrl\":\"https:\\\/\\\/secure.gravatar.com\\\/avatar\\\/20e0a6b626f38fa8e545fb3f80ce566efd790bf8877e65c3a482460cc3e0b5d1?s=96&d=mm&r=g\",\"caption\":\"Yucat\u00e1n en Corto\"},\"url\":\"https:\\\/\\\/www.yucatanencorto.com\\\/noticias\\\/author\\\/editor25\\\/\"}]}<\/script>\n<!-- \/ Yoast SEO plugin. -->","yoast_head_json":{"title":"Inicia la segunda entrega de apoyos del programa \"Respeto la Veda 2025\" - Yucat\u00e1n en corto","robots":{"index":"index","follow":"follow","max-snippet":"max-snippet:-1","max-image-preview":"max-image-preview:large","max-video-preview":"max-video-preview:-1"},"canonical":"https:\/\/www.yucatanencorto.com\/noticias\/inicia-la-segunda-entrega-de-apoyos-del-programa-respeto-la-veda-2025\/","og_locale":"es_ES","og_type":"article","og_title":"Inicia la segunda entrega de apoyos del programa \"Respeto la Veda 2025\" - Yucat\u00e1n en corto","og_description":"N\u00famero de comunicado: 25-262 Para continuar apoyando la econom\u00eda familiar de los hombres de mar, el Gobernador Joaqu\u00edn D\u00edaz Mena realiz\u00f3 el segundo y tercer pago del programa \u00abRespeto la Veda 2025\u00bb a 479 pescadores de Telchac Puerto, quienes recibir\u00e1n vales por 4 mil pesos, lo que significa una inversi\u00f3n de 1.9 millones de pesos [&hellip;]","og_url":"https:\/\/www.yucatanencorto.com\/noticias\/inicia-la-segunda-entrega-de-apoyos-del-programa-respeto-la-veda-2025\/","og_site_name":"Yucat\u00e1n en corto","article_publisher":"http:\/\/www.facebook.com\/yucatanencorto","article_published_time":"2025-03-25T20:29:01+00:00","og_image":[{"width":768,"height":512,"url":"https:\/\/www.yucatanencorto.com\/noticias\/wp-content\/uploads\/2025\/03\/WhatsApp-Image-2025-03-25-at-11.34.44-AM-scaled.jpeg","type":"image\/jpeg"}],"author":"Yucat\u00e1n en Corto","twitter_card":"summary_large_image","twitter_creator":"@yucatanencorto","twitter_site":"@yucatanencorto","twitter_misc":{"Escrito por":"Yucat\u00e1n en Corto","Tiempo de lectura":"3 minutos"},"schema":{"@context":"https:\/\/schema.org","@graph":[{"@type":"Article","@id":"https:\/\/www.yucatanencorto.com\/noticias\/inicia-la-segunda-entrega-de-apoyos-del-programa-respeto-la-veda-2025\/#article","isPartOf":{"@id":"https:\/\/www.yucatanencorto.com\/noticias\/inicia-la-segunda-entrega-de-apoyos-del-programa-respeto-la-veda-2025\/"},"author":{"name":"Yucat\u00e1n en Corto","@id":"https:\/\/www.yucatanencorto.com\/noticias\/#\/schema\/person\/f0ec40c33447bbc0dc2d01d3006de771"},"headline":"Inicia la segunda entrega de apoyos del programa \u00abRespeto la Veda 2025\u00bb","datePublished":"2025-03-25T20:29:01+00:00","mainEntityOfPage":{"@id":"https:\/\/www.yucatanencorto.com\/noticias\/inicia-la-segunda-entrega-de-apoyos-del-programa-respeto-la-veda-2025\/"},"wordCount":517,"image":{"@id":"https:\/\/www.yucatanencorto.com\/noticias\/inicia-la-segunda-entrega-de-apoyos-del-programa-respeto-la-veda-2025\/#primaryimage"},"thumbnailUrl":"https:\/\/www.yucatanencorto.com\/noticias\/wp-content\/uploads\/2025\/03\/WhatsApp-Image-2025-03-25-at-11.34.44-AM-scaled.jpeg","articleSection":["Yucat\u00e1n"],"inLanguage":"es"},{"@type":"WebPage","@id":"https:\/\/www.yucatanencorto.com\/noticias\/inicia-la-segunda-entrega-de-apoyos-del-programa-respeto-la-veda-2025\/","url":"https:\/\/www.yucatanencorto.com\/noticias\/inicia-la-segunda-entrega-de-apoyos-del-programa-respeto-la-veda-2025\/","name":"Inicia la segunda entrega de apoyos del programa \"Respeto la Veda 2025\" - Yucat\u00e1n en corto","isPartOf":{"@id":"https:\/\/www.yucatanencorto.com\/noticias\/#website"},"primaryImageOfPage":{"@id":"https:\/\/www.yucatanencorto.com\/noticias\/inicia-la-segunda-entrega-de-apoyos-del-programa-respeto-la-veda-2025\/#primaryimage"},"image":{"@id":"https:\/\/www.yucatanencorto.com\/noticias\/inicia-la-segunda-entrega-de-apoyos-del-programa-respeto-la-veda-2025\/#primaryimage"},"thumbnailUrl":"https:\/\/www.yucatanencorto.com\/noticias\/wp-content\/uploads\/2025\/03\/WhatsApp-Image-2025-03-25-at-11.34.44-AM-scaled.jpeg","datePublished":"2025-03-25T20:29:01+00:00","author":{"@id":"https:\/\/www.yucatanencorto.com\/noticias\/#\/schema\/person\/f0ec40c33447bbc0dc2d01d3006de771"},"breadcrumb":{"@id":"https:\/\/www.yucatanencorto.com\/noticias\/inicia-la-segunda-entrega-de-apoyos-del-programa-respeto-la-veda-2025\/#breadcrumb"},"inLanguage":"es","potentialAction":[{"@type":"ReadAction","target":["https:\/\/www.yucatanencorto.com\/noticias\/inicia-la-segunda-entrega-de-apoyos-del-programa-respeto-la-veda-2025\/"]}]},{"@type":"ImageObject","inLanguage":"es","@id":"https:\/\/www.yucatanencorto.com\/noticias\/inicia-la-segunda-entrega-de-apoyos-del-programa-respeto-la-veda-2025\/#primaryimage","url":"https:\/\/www.yucatanencorto.com\/noticias\/wp-content\/uploads\/2025\/03\/WhatsApp-Image-2025-03-25-at-11.34.44-AM-scaled.jpeg","contentUrl":"https:\/\/www.yucatanencorto.com\/noticias\/wp-content\/uploads\/2025\/03\/WhatsApp-Image-2025-03-25-at-11.34.44-AM-scaled.jpeg","width":768,"height":512},{"@type":"BreadcrumbList","@id":"https:\/\/www.yucatanencorto.com\/noticias\/inicia-la-segunda-entrega-de-apoyos-del-programa-respeto-la-veda-2025\/#breadcrumb","itemListElement":[{"@type":"ListItem","position":1,"name":"Portada","item":"https:\/\/www.yucatanencorto.com\/noticias\/"},{"@type":"ListItem","position":2,"name":"Inicia la segunda entrega de apoyos del programa \u00abRespeto la Veda 2025\u00bb"}]},{"@type":"WebSite","@id":"https:\/\/www.yucatanencorto.com\/noticias\/#website","url":"https:\/\/www.yucatanencorto.com\/noticias\/","name":"Yucat\u00e1n en corto","description":"Noticias","potentialAction":[{"@type":"SearchAction","target":{"@type":"EntryPoint","urlTemplate":"https:\/\/www.yucatanencorto.com\/noticias\/?s={search_term_string}"},"query-input":{"@type":"PropertyValueSpecification","valueRequired":true,"valueName":"search_term_string"}}],"inLanguage":"es"},{"@type":"Person","@id":"https:\/\/www.yucatanencorto.com\/noticias\/#\/schema\/person\/f0ec40c33447bbc0dc2d01d3006de771","name":"Yucat\u00e1n en Corto","image":{"@type":"ImageObject","inLanguage":"es","@id":"https:\/\/secure.gravatar.com\/avatar\/20e0a6b626f38fa8e545fb3f80ce566efd790bf8877e65c3a482460cc3e0b5d1?s=96&d=mm&r=g","url":"https:\/\/secure.gravatar.com\/avatar\/20e0a6b626f38fa8e545fb3f80ce566efd790bf8877e65c3a482460cc3e0b5d1?s=96&d=mm&r=g","contentUrl":"https:\/\/secure.gravatar.com\/avatar\/20e0a6b626f38fa8e545fb3f80ce566efd790bf8877e65c3a482460cc3e0b5d1?s=96&d=mm&r=g","caption":"Yucat\u00e1n en Corto"},"url":"https:\/\/www.yucatanencorto.com\/noticias\/author\/editor25\/"}]}},"_links":{"self":[{"href":"https:\/\/www.yucatanencorto.com\/noticias\/wp-json\/wp\/v2\/posts\/114914","targetHints":{"allow":["GET"]}}],"collection":[{"href":"https:\/\/www.yucatanencorto.com\/noticias\/wp-json\/wp\/v2\/posts"}],"about":[{"href":"https:\/\/www.yucatanencorto.com\/noticias\/wp-json\/wp\/v2\/types\/post"}],"author":[{"embeddable":true,"href":"https:\/\/www.yucatanencorto.com\/noticias\/wp-json\/wp\/v2\/users\/4"}],"replies":[{"embeddable":true,"href":"https:\/\/www.yucatanencorto.com\/noticias\/wp-json\/wp\/v2\/comments?post=114914"}],"version-history":[{"count":0,"href":"https:\/\/www.yucatanencorto.com\/noticias\/wp-json\/wp\/v2\/posts\/114914\/revisions"}],"wp:featuredmedia":[{"embeddable":true,"href":"https:\/\/www.yucatanencorto.com\/noticias\/wp-json\/wp\/v2\/media\/114915"}],"wp:attachment":[{"href":"https:\/\/www.yucatanencorto.com\/noticias\/wp-json\/wp\/v2\/media?parent=114914"}],"wp:term":[{"taxonomy":"category","embeddable":true,"href":"https:\/\/www.yucatanencorto.com\/noticias\/wp-json\/wp\/v2\/categories?post=114914"},{"taxonomy":"post_tag","embeddable":true,"href":"https:\/\/www.yucatanencorto.com\/noticias\/wp-json\/wp\/v2\/tags?post=114914"}],"curies":[{"name":"wp","href":"https:\/\/api.w.org\/{rel}","templated":true}]}}