{"id":114917,"date":"2025-03-25T14:32:33","date_gmt":"2025-03-25T20:32:33","guid":{"rendered":"https:\/\/www.yucatanencorto.com\/noticias\/?p=114917"},"modified":"2025-03-25T14:32:33","modified_gmt":"2025-03-25T20:32:33","slug":"dif-de-kanasin-entrega-despensas-a-familias-vulnerables","status":"publish","type":"post","link":"https:\/\/www.yucatanencorto.com\/noticias\/dif-de-kanasin-entrega-despensas-a-familias-vulnerables\/","title":{"rendered":"DIF de Kanas\u00edn entrega despensas a familias vulnerables"},"content":{"rendered":"<p><img loading=\"lazy\" decoding=\"async\" class=\"alignnone size-full wp-image-114918\" src=\"https:\/\/www.yucatanencorto.com\/noticias\/wp-content\/uploads\/2025\/03\/WhatsApp-Image-2025-03-25-at-1.31.26-PM-3-scaled.jpeg\" alt=\"\" width=\"768\" height=\"512\" srcset=\"https:\/\/www.yucatanencorto.com\/noticias\/wp-content\/uploads\/2025\/03\/WhatsApp-Image-2025-03-25-at-1.31.26-PM-3-scaled.jpeg 768w, https:\/\/www.yucatanencorto.com\/noticias\/wp-content\/uploads\/2025\/03\/WhatsApp-Image-2025-03-25-at-1.31.26-PM-3-1536x1023.jpeg 1536w, https:\/\/www.yucatanencorto.com\/noticias\/wp-content\/uploads\/2025\/03\/WhatsApp-Image-2025-03-25-at-1.31.26-PM-3-150x100.jpeg 150w, https:\/\/www.yucatanencorto.com\/noticias\/wp-content\/uploads\/2025\/03\/WhatsApp-Image-2025-03-25-at-1.31.26-PM-3-300x200.jpeg 300w, https:\/\/www.yucatanencorto.com\/noticias\/wp-content\/uploads\/2025\/03\/WhatsApp-Image-2025-03-25-at-1.31.26-PM-3-696x464.jpeg 696w, https:\/\/www.yucatanencorto.com\/noticias\/wp-content\/uploads\/2025\/03\/WhatsApp-Image-2025-03-25-at-1.31.26-PM-3-1068x712.jpeg 1068w\" sizes=\"auto, (max-width: 768px) 100vw, 768px\" \/><\/p>\n<p>Kanas\u00edn, Yucat\u00e1n, a 25 de marzo 2025.- Con la finalidad de mejorar la alimentaci\u00f3n de los grupos m\u00e1s vulnerables del municipio, el Ayuntamiento de Kanas\u00edn y el DIF municipal entregaron 50 despensas a igual n\u00famero de personas.<\/p>\n<p>La presidenta del DIF de Kanasin, Raquel Balam Rocha de Boj\u00f3rquez, y su directora, Carolina Rosado S\u00e1nchez, encabezaron la entrega de las despensas, destacando la importancia de apoyar a las familias que vivan en situaci\u00f3n vulnerable con un elemento tan b\u00e1sico como es la sana alimentaci\u00f3n.<\/p>\n<p>La directora del DIF de Kanas\u00edn indic\u00f3 que las familias apoyadas son aquellas que no se registraron o est\u00e1n fuera del programa estatal de despensas, por lo que \u201cno queremos que nadie se quede fuera de este importante apoyo\u201d<\/p>\n<p>La funcionaria municipal tambi\u00e9n se\u00f1al\u00f3 que de esta manera tambi\u00e9n se apoya la econom\u00eda de las familias que viven en situaci\u00f3n vulnerable, lo que es un signo tambi\u00e9n de responsabilidad social de la actual administraci\u00f3n que encabeza el alcalde Edwin Boj\u00f3rquez Ram\u00edrez.<\/p>\n<p>\u201cNuestro enfoque es apoyar a la poblaci\u00f3n vulnerable en la b\u00fasqueda de un Kanas\u00edn m\u00e1s justo e igualitario para todos, para que todos tengan la misma oportunidad de salir adelante\u201d, finaliz\u00f3 Rosado S\u00e1nchez.<\/p>\n","protected":false},"excerpt":{"rendered":"<p>Kanas\u00edn, Yucat\u00e1n, a 25 de marzo 2025.- Con la finalidad de mejorar la alimentaci\u00f3n de los grupos m\u00e1s vulnerables del municipio, el Ayuntamiento de Kanas\u00edn y el DIF municipal entregaron 50 despensas a igual n\u00famero de personas. La presidenta del DIF de Kanasin, Raquel Balam Rocha de Boj\u00f3rquez, y su directora, Carolina Rosado S\u00e1nchez, encabezaron [&hellip;]<\/p>\n","protected":false},"author":4,"featured_media":114918,"comment_status":"closed","ping_status":"closed","sticky":false,"template":"","format":"standard","meta":{"footnotes":""},"categories":[3],"tags":[],"class_list":{"0":"post-114917","1":"post","2":"type-post","3":"status-publish","4":"format-standard","5":"has-post-thumbnail","7":"category-yucatan"},"yoast_head":"<!-- This site is optimized with the Yoast SEO plugin v27.4 - https:\/\/yoast.com\/product\/yoast-seo-wordpress\/ -->\n<title>DIF de Kanas\u00edn entrega despensas a familias vulnerables - Yucat\u00e1n en corto<\/title>\n<meta name=\"robots\" content=\"index, follow, max-snippet:-1, max-image-preview:large, max-video-preview:-1\" \/>\n<link rel=\"canonical\" href=\"https:\/\/www.yucatanencorto.com\/noticias\/dif-de-kanasin-entrega-despensas-a-familias-vulnerables\/\" \/>\n<meta property=\"og:locale\" content=\"es_ES\" \/>\n<meta property=\"og:type\" content=\"article\" \/>\n<meta property=\"og:title\" content=\"DIF de Kanas\u00edn entrega despensas a familias vulnerables - Yucat\u00e1n en corto\" \/>\n<meta property=\"og:description\" content=\"Kanas\u00edn, Yucat\u00e1n, a 25 de marzo 2025.- Con la finalidad de mejorar la alimentaci\u00f3n de los grupos m\u00e1s vulnerables del municipio, el Ayuntamiento de Kanas\u00edn y el DIF municipal entregaron 50 despensas a igual n\u00famero de personas. La presidenta del DIF de Kanasin, Raquel Balam Rocha de Boj\u00f3rquez, y su directora, Carolina Rosado S\u00e1nchez, encabezaron [&hellip;]\" \/>\n<meta property=\"og:url\" content=\"https:\/\/www.yucatanencorto.com\/noticias\/dif-de-kanasin-entrega-despensas-a-familias-vulnerables\/\" \/>\n<meta property=\"og:site_name\" content=\"Yucat\u00e1n en corto\" \/>\n<meta property=\"article:publisher\" content=\"http:\/\/www.facebook.com\/yucatanencorto\" \/>\n<meta property=\"article:published_time\" content=\"2025-03-25T20:32:33+00:00\" \/>\n<meta property=\"og:image\" content=\"https:\/\/www.yucatanencorto.com\/noticias\/wp-content\/uploads\/2025\/03\/WhatsApp-Image-2025-03-25-at-1.31.26-PM-3-scaled.jpeg\" \/>\n\t<meta property=\"og:image:width\" content=\"768\" \/>\n\t<meta property=\"og:image:height\" content=\"512\" \/>\n\t<meta property=\"og:image:type\" content=\"image\/jpeg\" \/>\n<meta name=\"author\" content=\"Yucat\u00e1n en Corto\" \/>\n<meta name=\"twitter:card\" content=\"summary_large_image\" \/>\n<meta name=\"twitter:creator\" content=\"@yucatanencorto\" \/>\n<meta name=\"twitter:site\" content=\"@yucatanencorto\" \/>\n<meta name=\"twitter:label1\" content=\"Escrito por\" \/>\n\t<meta name=\"twitter:data1\" content=\"Yucat\u00e1n en Corto\" \/>\n\t<meta name=\"twitter:label2\" content=\"Tiempo de lectura\" \/>\n\t<meta name=\"twitter:data2\" content=\"2 minutos\" \/>\n<script type=\"application\/ld+json\" class=\"yoast-schema-graph\">{\"@context\":\"https:\\\/\\\/schema.org\",\"@graph\":[{\"@type\":\"Article\",\"@id\":\"https:\\\/\\\/www.yucatanencorto.com\\\/noticias\\\/dif-de-kanasin-entrega-despensas-a-familias-vulnerables\\\/#article\",\"isPartOf\":{\"@id\":\"https:\\\/\\\/www.yucatanencorto.com\\\/noticias\\\/dif-de-kanasin-entrega-despensas-a-familias-vulnerables\\\/\"},\"author\":{\"name\":\"Yucat\u00e1n en Corto\",\"@id\":\"https:\\\/\\\/www.yucatanencorto.com\\\/noticias\\\/#\\\/schema\\\/person\\\/f0ec40c33447bbc0dc2d01d3006de771\"},\"headline\":\"DIF de Kanas\u00edn entrega despensas a familias vulnerables\",\"datePublished\":\"2025-03-25T20:32:33+00:00\",\"mainEntityOfPage\":{\"@id\":\"https:\\\/\\\/www.yucatanencorto.com\\\/noticias\\\/dif-de-kanasin-entrega-despensas-a-familias-vulnerables\\\/\"},\"wordCount\":231,\"image\":{\"@id\":\"https:\\\/\\\/www.yucatanencorto.com\\\/noticias\\\/dif-de-kanasin-entrega-despensas-a-familias-vulnerables\\\/#primaryimage\"},\"thumbnailUrl\":\"https:\\\/\\\/www.yucatanencorto.com\\\/noticias\\\/wp-content\\\/uploads\\\/2025\\\/03\\\/WhatsApp-Image-2025-03-25-at-1.31.26-PM-3-scaled.jpeg\",\"articleSection\":[\"Yucat\u00e1n\"],\"inLanguage\":\"es\"},{\"@type\":\"WebPage\",\"@id\":\"https:\\\/\\\/www.yucatanencorto.com\\\/noticias\\\/dif-de-kanasin-entrega-despensas-a-familias-vulnerables\\\/\",\"url\":\"https:\\\/\\\/www.yucatanencorto.com\\\/noticias\\\/dif-de-kanasin-entrega-despensas-a-familias-vulnerables\\\/\",\"name\":\"DIF de Kanas\u00edn entrega despensas a familias vulnerables - Yucat\u00e1n en corto\",\"isPartOf\":{\"@id\":\"https:\\\/\\\/www.yucatanencorto.com\\\/noticias\\\/#website\"},\"primaryImageOfPage\":{\"@id\":\"https:\\\/\\\/www.yucatanencorto.com\\\/noticias\\\/dif-de-kanasin-entrega-despensas-a-familias-vulnerables\\\/#primaryimage\"},\"image\":{\"@id\":\"https:\\\/\\\/www.yucatanencorto.com\\\/noticias\\\/dif-de-kanasin-entrega-despensas-a-familias-vulnerables\\\/#primaryimage\"},\"thumbnailUrl\":\"https:\\\/\\\/www.yucatanencorto.com\\\/noticias\\\/wp-content\\\/uploads\\\/2025\\\/03\\\/WhatsApp-Image-2025-03-25-at-1.31.26-PM-3-scaled.jpeg\",\"datePublished\":\"2025-03-25T20:32:33+00:00\",\"author\":{\"@id\":\"https:\\\/\\\/www.yucatanencorto.com\\\/noticias\\\/#\\\/schema\\\/person\\\/f0ec40c33447bbc0dc2d01d3006de771\"},\"breadcrumb\":{\"@id\":\"https:\\\/\\\/www.yucatanencorto.com\\\/noticias\\\/dif-de-kanasin-entrega-despensas-a-familias-vulnerables\\\/#breadcrumb\"},\"inLanguage\":\"es\",\"potentialAction\":[{\"@type\":\"ReadAction\",\"target\":[\"https:\\\/\\\/www.yucatanencorto.com\\\/noticias\\\/dif-de-kanasin-entrega-despensas-a-familias-vulnerables\\\/\"]}]},{\"@type\":\"ImageObject\",\"inLanguage\":\"es\",\"@id\":\"https:\\\/\\\/www.yucatanencorto.com\\\/noticias\\\/dif-de-kanasin-entrega-despensas-a-familias-vulnerables\\\/#primaryimage\",\"url\":\"https:\\\/\\\/www.yucatanencorto.com\\\/noticias\\\/wp-content\\\/uploads\\\/2025\\\/03\\\/WhatsApp-Image-2025-03-25-at-1.31.26-PM-3-scaled.jpeg\",\"contentUrl\":\"https:\\\/\\\/www.yucatanencorto.com\\\/noticias\\\/wp-content\\\/uploads\\\/2025\\\/03\\\/WhatsApp-Image-2025-03-25-at-1.31.26-PM-3-scaled.jpeg\",\"width\":768,\"height\":512},{\"@type\":\"BreadcrumbList\",\"@id\":\"https:\\\/\\\/www.yucatanencorto.com\\\/noticias\\\/dif-de-kanasin-entrega-despensas-a-familias-vulnerables\\\/#breadcrumb\",\"itemListElement\":[{\"@type\":\"ListItem\",\"position\":1,\"name\":\"Portada\",\"item\":\"https:\\\/\\\/www.yucatanencorto.com\\\/noticias\\\/\"},{\"@type\":\"ListItem\",\"position\":2,\"name\":\"DIF de Kanas\u00edn entrega despensas a familias vulnerables\"}]},{\"@type\":\"WebSite\",\"@id\":\"https:\\\/\\\/www.yucatanencorto.com\\\/noticias\\\/#website\",\"url\":\"https:\\\/\\\/www.yucatanencorto.com\\\/noticias\\\/\",\"name\":\"Yucat\u00e1n en corto\",\"description\":\"Noticias\",\"potentialAction\":[{\"@type\":\"SearchAction\",\"target\":{\"@type\":\"EntryPoint\",\"urlTemplate\":\"https:\\\/\\\/www.yucatanencorto.com\\\/noticias\\\/?s={search_term_string}\"},\"query-input\":{\"@type\":\"PropertyValueSpecification\",\"valueRequired\":true,\"valueName\":\"search_term_string\"}}],\"inLanguage\":\"es\"},{\"@type\":\"Person\",\"@id\":\"https:\\\/\\\/www.yucatanencorto.com\\\/noticias\\\/#\\\/schema\\\/person\\\/f0ec40c33447bbc0dc2d01d3006de771\",\"name\":\"Yucat\u00e1n en Corto\",\"image\":{\"@type\":\"ImageObject\",\"inLanguage\":\"es\",\"@id\":\"https:\\\/\\\/secure.gravatar.com\\\/avatar\\\/20e0a6b626f38fa8e545fb3f80ce566efd790bf8877e65c3a482460cc3e0b5d1?s=96&d=mm&r=g\",\"url\":\"https:\\\/\\\/secure.gravatar.com\\\/avatar\\\/20e0a6b626f38fa8e545fb3f80ce566efd790bf8877e65c3a482460cc3e0b5d1?s=96&d=mm&r=g\",\"contentUrl\":\"https:\\\/\\\/secure.gravatar.com\\\/avatar\\\/20e0a6b626f38fa8e545fb3f80ce566efd790bf8877e65c3a482460cc3e0b5d1?s=96&d=mm&r=g\",\"caption\":\"Yucat\u00e1n en Corto\"},\"url\":\"https:\\\/\\\/www.yucatanencorto.com\\\/noticias\\\/author\\\/editor25\\\/\"}]}<\/script>\n<!-- \/ Yoast SEO plugin. -->","yoast_head_json":{"title":"DIF de Kanas\u00edn entrega despensas a familias vulnerables - Yucat\u00e1n en corto","robots":{"index":"index","follow":"follow","max-snippet":"max-snippet:-1","max-image-preview":"max-image-preview:large","max-video-preview":"max-video-preview:-1"},"canonical":"https:\/\/www.yucatanencorto.com\/noticias\/dif-de-kanasin-entrega-despensas-a-familias-vulnerables\/","og_locale":"es_ES","og_type":"article","og_title":"DIF de Kanas\u00edn entrega despensas a familias vulnerables - Yucat\u00e1n en corto","og_description":"Kanas\u00edn, Yucat\u00e1n, a 25 de marzo 2025.- Con la finalidad de mejorar la alimentaci\u00f3n de los grupos m\u00e1s vulnerables del municipio, el Ayuntamiento de Kanas\u00edn y el DIF municipal entregaron 50 despensas a igual n\u00famero de personas. La presidenta del DIF de Kanasin, Raquel Balam Rocha de Boj\u00f3rquez, y su directora, Carolina Rosado S\u00e1nchez, encabezaron [&hellip;]","og_url":"https:\/\/www.yucatanencorto.com\/noticias\/dif-de-kanasin-entrega-despensas-a-familias-vulnerables\/","og_site_name":"Yucat\u00e1n en corto","article_publisher":"http:\/\/www.facebook.com\/yucatanencorto","article_published_time":"2025-03-25T20:32:33+00:00","og_image":[{"width":768,"height":512,"url":"https:\/\/www.yucatanencorto.com\/noticias\/wp-content\/uploads\/2025\/03\/WhatsApp-Image-2025-03-25-at-1.31.26-PM-3-scaled.jpeg","type":"image\/jpeg"}],"author":"Yucat\u00e1n en Corto","twitter_card":"summary_large_image","twitter_creator":"@yucatanencorto","twitter_site":"@yucatanencorto","twitter_misc":{"Escrito por":"Yucat\u00e1n en Corto","Tiempo de lectura":"2 minutos"},"schema":{"@context":"https:\/\/schema.org","@graph":[{"@type":"Article","@id":"https:\/\/www.yucatanencorto.com\/noticias\/dif-de-kanasin-entrega-despensas-a-familias-vulnerables\/#article","isPartOf":{"@id":"https:\/\/www.yucatanencorto.com\/noticias\/dif-de-kanasin-entrega-despensas-a-familias-vulnerables\/"},"author":{"name":"Yucat\u00e1n en Corto","@id":"https:\/\/www.yucatanencorto.com\/noticias\/#\/schema\/person\/f0ec40c33447bbc0dc2d01d3006de771"},"headline":"DIF de Kanas\u00edn entrega despensas a familias vulnerables","datePublished":"2025-03-25T20:32:33+00:00","mainEntityOfPage":{"@id":"https:\/\/www.yucatanencorto.com\/noticias\/dif-de-kanasin-entrega-despensas-a-familias-vulnerables\/"},"wordCount":231,"image":{"@id":"https:\/\/www.yucatanencorto.com\/noticias\/dif-de-kanasin-entrega-despensas-a-familias-vulnerables\/#primaryimage"},"thumbnailUrl":"https:\/\/www.yucatanencorto.com\/noticias\/wp-content\/uploads\/2025\/03\/WhatsApp-Image-2025-03-25-at-1.31.26-PM-3-scaled.jpeg","articleSection":["Yucat\u00e1n"],"inLanguage":"es"},{"@type":"WebPage","@id":"https:\/\/www.yucatanencorto.com\/noticias\/dif-de-kanasin-entrega-despensas-a-familias-vulnerables\/","url":"https:\/\/www.yucatanencorto.com\/noticias\/dif-de-kanasin-entrega-despensas-a-familias-vulnerables\/","name":"DIF de Kanas\u00edn entrega despensas a familias vulnerables - Yucat\u00e1n en corto","isPartOf":{"@id":"https:\/\/www.yucatanencorto.com\/noticias\/#website"},"primaryImageOfPage":{"@id":"https:\/\/www.yucatanencorto.com\/noticias\/dif-de-kanasin-entrega-despensas-a-familias-vulnerables\/#primaryimage"},"image":{"@id":"https:\/\/www.yucatanencorto.com\/noticias\/dif-de-kanasin-entrega-despensas-a-familias-vulnerables\/#primaryimage"},"thumbnailUrl":"https:\/\/www.yucatanencorto.com\/noticias\/wp-content\/uploads\/2025\/03\/WhatsApp-Image-2025-03-25-at-1.31.26-PM-3-scaled.jpeg","datePublished":"2025-03-25T20:32:33+00:00","author":{"@id":"https:\/\/www.yucatanencorto.com\/noticias\/#\/schema\/person\/f0ec40c33447bbc0dc2d01d3006de771"},"breadcrumb":{"@id":"https:\/\/www.yucatanencorto.com\/noticias\/dif-de-kanasin-entrega-despensas-a-familias-vulnerables\/#breadcrumb"},"inLanguage":"es","potentialAction":[{"@type":"ReadAction","target":["https:\/\/www.yucatanencorto.com\/noticias\/dif-de-kanasin-entrega-despensas-a-familias-vulnerables\/"]}]},{"@type":"ImageObject","inLanguage":"es","@id":"https:\/\/www.yucatanencorto.com\/noticias\/dif-de-kanasin-entrega-despensas-a-familias-vulnerables\/#primaryimage","url":"https:\/\/www.yucatanencorto.com\/noticias\/wp-content\/uploads\/2025\/03\/WhatsApp-Image-2025-03-25-at-1.31.26-PM-3-scaled.jpeg","contentUrl":"https:\/\/www.yucatanencorto.com\/noticias\/wp-content\/uploads\/2025\/03\/WhatsApp-Image-2025-03-25-at-1.31.26-PM-3-scaled.jpeg","width":768,"height":512},{"@type":"BreadcrumbList","@id":"https:\/\/www.yucatanencorto.com\/noticias\/dif-de-kanasin-entrega-despensas-a-familias-vulnerables\/#breadcrumb","itemListElement":[{"@type":"ListItem","position":1,"name":"Portada","item":"https:\/\/www.yucatanencorto.com\/noticias\/"},{"@type":"ListItem","position":2,"name":"DIF de Kanas\u00edn entrega despensas a familias vulnerables"}]},{"@type":"WebSite","@id":"https:\/\/www.yucatanencorto.com\/noticias\/#website","url":"https:\/\/www.yucatanencorto.com\/noticias\/","name":"Yucat\u00e1n en corto","description":"Noticias","potentialAction":[{"@type":"SearchAction","target":{"@type":"EntryPoint","urlTemplate":"https:\/\/www.yucatanencorto.com\/noticias\/?s={search_term_string}"},"query-input":{"@type":"PropertyValueSpecification","valueRequired":true,"valueName":"search_term_string"}}],"inLanguage":"es"},{"@type":"Person","@id":"https:\/\/www.yucatanencorto.com\/noticias\/#\/schema\/person\/f0ec40c33447bbc0dc2d01d3006de771","name":"Yucat\u00e1n en Corto","image":{"@type":"ImageObject","inLanguage":"es","@id":"https:\/\/secure.gravatar.com\/avatar\/20e0a6b626f38fa8e545fb3f80ce566efd790bf8877e65c3a482460cc3e0b5d1?s=96&d=mm&r=g","url":"https:\/\/secure.gravatar.com\/avatar\/20e0a6b626f38fa8e545fb3f80ce566efd790bf8877e65c3a482460cc3e0b5d1?s=96&d=mm&r=g","contentUrl":"https:\/\/secure.gravatar.com\/avatar\/20e0a6b626f38fa8e545fb3f80ce566efd790bf8877e65c3a482460cc3e0b5d1?s=96&d=mm&r=g","caption":"Yucat\u00e1n en Corto"},"url":"https:\/\/www.yucatanencorto.com\/noticias\/author\/editor25\/"}]}},"_links":{"self":[{"href":"https:\/\/www.yucatanencorto.com\/noticias\/wp-json\/wp\/v2\/posts\/114917","targetHints":{"allow":["GET"]}}],"collection":[{"href":"https:\/\/www.yucatanencorto.com\/noticias\/wp-json\/wp\/v2\/posts"}],"about":[{"href":"https:\/\/www.yucatanencorto.com\/noticias\/wp-json\/wp\/v2\/types\/post"}],"author":[{"embeddable":true,"href":"https:\/\/www.yucatanencorto.com\/noticias\/wp-json\/wp\/v2\/users\/4"}],"replies":[{"embeddable":true,"href":"https:\/\/www.yucatanencorto.com\/noticias\/wp-json\/wp\/v2\/comments?post=114917"}],"version-history":[{"count":0,"href":"https:\/\/www.yucatanencorto.com\/noticias\/wp-json\/wp\/v2\/posts\/114917\/revisions"}],"wp:featuredmedia":[{"embeddable":true,"href":"https:\/\/www.yucatanencorto.com\/noticias\/wp-json\/wp\/v2\/media\/114918"}],"wp:attachment":[{"href":"https:\/\/www.yucatanencorto.com\/noticias\/wp-json\/wp\/v2\/media?parent=114917"}],"wp:term":[{"taxonomy":"category","embeddable":true,"href":"https:\/\/www.yucatanencorto.com\/noticias\/wp-json\/wp\/v2\/categories?post=114917"},{"taxonomy":"post_tag","embeddable":true,"href":"https:\/\/www.yucatanencorto.com\/noticias\/wp-json\/wp\/v2\/tags?post=114917"}],"curies":[{"name":"wp","href":"https:\/\/api.w.org\/{rel}","templated":true}]}}