{"id":114920,"date":"2025-03-25T16:29:45","date_gmt":"2025-03-25T22:29:45","guid":{"rendered":"https:\/\/www.yucatanencorto.com\/noticias\/?p=114920"},"modified":"2025-03-25T16:29:45","modified_gmt":"2025-03-25T22:29:45","slug":"abren-inscripciones-a-la-liga-de-basquetbol-del-bienestar-por-la-inclusion","status":"publish","type":"post","link":"https:\/\/www.yucatanencorto.com\/noticias\/abren-inscripciones-a-la-liga-de-basquetbol-del-bienestar-por-la-inclusion\/","title":{"rendered":"Abren inscripciones a la Liga de Basquetbol del Bienestar por la Inclusi\u00f3n"},"content":{"rendered":"<p>&nbsp;<\/p>\n<p><img loading=\"lazy\" decoding=\"async\" class=\"alignnone size-full wp-image-114921\" src=\"https:\/\/www.yucatanencorto.com\/noticias\/wp-content\/uploads\/2025\/03\/WhatsApp-Image-2025-03-25-at-3.26.05-PM-scaled.jpeg\" alt=\"\" width=\"768\" height=\"463\" srcset=\"https:\/\/www.yucatanencorto.com\/noticias\/wp-content\/uploads\/2025\/03\/WhatsApp-Image-2025-03-25-at-3.26.05-PM-scaled.jpeg 768w, https:\/\/www.yucatanencorto.com\/noticias\/wp-content\/uploads\/2025\/03\/WhatsApp-Image-2025-03-25-at-3.26.05-PM-150x91.jpeg 150w, https:\/\/www.yucatanencorto.com\/noticias\/wp-content\/uploads\/2025\/03\/WhatsApp-Image-2025-03-25-at-3.26.05-PM-300x181.jpeg 300w, https:\/\/www.yucatanencorto.com\/noticias\/wp-content\/uploads\/2025\/03\/WhatsApp-Image-2025-03-25-at-3.26.05-PM-696x420.jpeg 696w, https:\/\/www.yucatanencorto.com\/noticias\/wp-content\/uploads\/2025\/03\/WhatsApp-Image-2025-03-25-at-3.26.05-PM-1068x644.jpeg 1068w\" sizes=\"auto, (max-width: 768px) 100vw, 768px\" \/><\/p>\n<p>M\u00e9rida, Yucat\u00e1n, a 25 de marzo de 2025<\/p>\n<p>Todo se encuentra listo para que arranque la Liga de la Inclusi\u00f3n de Basquetbol, un encuentro deportivo dirigido a personas con discapacidad, implementado por el Gobierno del Estado que encabeza Joaqu\u00edn D\u00edaz Mena, quien ha dejado en claro que el deporte es una muy valiosa herramienta para alejar a los j\u00f3venes de las adicciones y otros problemas de orden social, as\u00ed como que el suyo es un gobierno de inclusi\u00f3n.<\/p>\n<p>A trav\u00e9s del Instituto del Deporte del Estado de Yucat\u00e1n (IDEY) se ha abierto la convocatoria para que los equipos interesados se inscriban a este evento, que recibir\u00e1 a personas con discapacidad intelectual, motriz, auditiva, visual y de talla baja, quienes tendr\u00e1n hasta el pr\u00f3ximo 18 de abril para registrar a su equipo y empezar a jugar en mayo.<\/p>\n<p>Este encuentro deportivo, que se espera tenga una gran respuesta, se llevar\u00e1 a cabo durante 9 o 10 semanas, jug\u00e1ndose los s\u00e1bados por la ma\u00f1ana en las canchas externas del Gimnasio Polifuncional, donde se encuentran 4 \u00e1reas de competencia que se llenar\u00e1n con los basquetbolistas, mientras los padres de familia, familiares y amigos les aplauden y disfrutan de la convivencia familiar.<\/p>\n<p>Algo a destacar es que al t\u00e9rmino del torneo no hay vencedor ni vencido, todos son ganadores, y que los estudiantes voluntarios de las \u00e1reas de rehabilitaci\u00f3n, entrenamiento deportivo o educaci\u00f3n f\u00edsica de escuelas locales de nivel superior, como la Universidad Modelo o Vizcaya de las Am\u00e9ricas, se har\u00e1n cargo de una parte de la operatividad del evento, apoyando para brindar masajes, atenci\u00f3n de primeros auxilios, hidrataci\u00f3n o participar como jueces en los juegos.<\/p>\n<p>El Centro Deportivo Paral\u00edmpico ha puesto a disposici\u00f3n el tel\u00e9fono 9991952734 o el correo deportivoparalimpico@gmail.com para la inscripci\u00f3n de los equipos que quieran participar en el torneo, que es totalmente gratuito.<\/p>\n<p>Se subraya que el objetivo del torneo es proporcionar un espacio a las personas yucatecas con discapacidad que desean practicar el deporte. Se busca construir un futuro m\u00e1s inclusivo, solidario y participativo, por lo que los clubes son patrocinados por empresas locales o por sus centros de rehabilitaci\u00f3n pertenecientes al Sistema para el Desarrollo Integral de la Familia en Yucat\u00e1n (DIF Yucat\u00e1n), a los centros de atenci\u00f3n estatales, municipales o al Sector Salud.<\/p>\n","protected":false},"excerpt":{"rendered":"<p>&nbsp; M\u00e9rida, Yucat\u00e1n, a 25 de marzo de 2025 Todo se encuentra listo para que arranque la Liga de la Inclusi\u00f3n de Basquetbol, un encuentro deportivo dirigido a personas con discapacidad, implementado por el Gobierno del Estado que encabeza Joaqu\u00edn D\u00edaz Mena, quien ha dejado en claro que el deporte es una muy valiosa herramienta [&hellip;]<\/p>\n","protected":false},"author":4,"featured_media":114921,"comment_status":"closed","ping_status":"closed","sticky":false,"template":"","format":"standard","meta":{"footnotes":""},"categories":[3],"tags":[],"class_list":{"0":"post-114920","1":"post","2":"type-post","3":"status-publish","4":"format-standard","5":"has-post-thumbnail","7":"category-yucatan"},"yoast_head":"<!-- This site is optimized with the Yoast SEO plugin v27.4 - https:\/\/yoast.com\/product\/yoast-seo-wordpress\/ -->\n<title>Abren inscripciones a la Liga de Basquetbol del Bienestar por la Inclusi\u00f3n - Yucat\u00e1n en corto<\/title>\n<meta name=\"robots\" content=\"index, follow, max-snippet:-1, max-image-preview:large, max-video-preview:-1\" \/>\n<link rel=\"canonical\" href=\"https:\/\/www.yucatanencorto.com\/noticias\/abren-inscripciones-a-la-liga-de-basquetbol-del-bienestar-por-la-inclusion\/\" \/>\n<meta property=\"og:locale\" content=\"es_ES\" \/>\n<meta property=\"og:type\" content=\"article\" \/>\n<meta property=\"og:title\" content=\"Abren inscripciones a la Liga de Basquetbol del Bienestar por la Inclusi\u00f3n - Yucat\u00e1n en corto\" \/>\n<meta property=\"og:description\" content=\"&nbsp; M\u00e9rida, Yucat\u00e1n, a 25 de marzo de 2025 Todo se encuentra listo para que arranque la Liga de la Inclusi\u00f3n de Basquetbol, un encuentro deportivo dirigido a personas con discapacidad, implementado por el Gobierno del Estado que encabeza Joaqu\u00edn D\u00edaz Mena, quien ha dejado en claro que el deporte es una muy valiosa herramienta [&hellip;]\" \/>\n<meta property=\"og:url\" content=\"https:\/\/www.yucatanencorto.com\/noticias\/abren-inscripciones-a-la-liga-de-basquetbol-del-bienestar-por-la-inclusion\/\" \/>\n<meta property=\"og:site_name\" content=\"Yucat\u00e1n en corto\" \/>\n<meta property=\"article:publisher\" content=\"http:\/\/www.facebook.com\/yucatanencorto\" \/>\n<meta property=\"article:published_time\" content=\"2025-03-25T22:29:45+00:00\" \/>\n<meta property=\"og:image\" content=\"https:\/\/www.yucatanencorto.com\/noticias\/wp-content\/uploads\/2025\/03\/WhatsApp-Image-2025-03-25-at-3.26.05-PM-scaled.jpeg\" \/>\n\t<meta property=\"og:image:width\" content=\"768\" \/>\n\t<meta property=\"og:image:height\" content=\"463\" \/>\n\t<meta property=\"og:image:type\" content=\"image\/jpeg\" \/>\n<meta name=\"author\" content=\"Yucat\u00e1n en Corto\" \/>\n<meta name=\"twitter:card\" content=\"summary_large_image\" \/>\n<meta name=\"twitter:creator\" content=\"@yucatanencorto\" \/>\n<meta name=\"twitter:site\" content=\"@yucatanencorto\" \/>\n<meta name=\"twitter:label1\" content=\"Escrito por\" \/>\n\t<meta name=\"twitter:data1\" content=\"Yucat\u00e1n en Corto\" \/>\n\t<meta name=\"twitter:label2\" content=\"Tiempo de lectura\" \/>\n\t<meta name=\"twitter:data2\" content=\"2 minutos\" \/>\n<script type=\"application\/ld+json\" class=\"yoast-schema-graph\">{\"@context\":\"https:\\\/\\\/schema.org\",\"@graph\":[{\"@type\":\"Article\",\"@id\":\"https:\\\/\\\/www.yucatanencorto.com\\\/noticias\\\/abren-inscripciones-a-la-liga-de-basquetbol-del-bienestar-por-la-inclusion\\\/#article\",\"isPartOf\":{\"@id\":\"https:\\\/\\\/www.yucatanencorto.com\\\/noticias\\\/abren-inscripciones-a-la-liga-de-basquetbol-del-bienestar-por-la-inclusion\\\/\"},\"author\":{\"name\":\"Yucat\u00e1n en Corto\",\"@id\":\"https:\\\/\\\/www.yucatanencorto.com\\\/noticias\\\/#\\\/schema\\\/person\\\/f0ec40c33447bbc0dc2d01d3006de771\"},\"headline\":\"Abren inscripciones a la Liga de Basquetbol del Bienestar por la Inclusi\u00f3n\",\"datePublished\":\"2025-03-25T22:29:45+00:00\",\"mainEntityOfPage\":{\"@id\":\"https:\\\/\\\/www.yucatanencorto.com\\\/noticias\\\/abren-inscripciones-a-la-liga-de-basquetbol-del-bienestar-por-la-inclusion\\\/\"},\"wordCount\":417,\"image\":{\"@id\":\"https:\\\/\\\/www.yucatanencorto.com\\\/noticias\\\/abren-inscripciones-a-la-liga-de-basquetbol-del-bienestar-por-la-inclusion\\\/#primaryimage\"},\"thumbnailUrl\":\"https:\\\/\\\/www.yucatanencorto.com\\\/noticias\\\/wp-content\\\/uploads\\\/2025\\\/03\\\/WhatsApp-Image-2025-03-25-at-3.26.05-PM-scaled.jpeg\",\"articleSection\":[\"Yucat\u00e1n\"],\"inLanguage\":\"es\"},{\"@type\":\"WebPage\",\"@id\":\"https:\\\/\\\/www.yucatanencorto.com\\\/noticias\\\/abren-inscripciones-a-la-liga-de-basquetbol-del-bienestar-por-la-inclusion\\\/\",\"url\":\"https:\\\/\\\/www.yucatanencorto.com\\\/noticias\\\/abren-inscripciones-a-la-liga-de-basquetbol-del-bienestar-por-la-inclusion\\\/\",\"name\":\"Abren inscripciones a la Liga de Basquetbol del Bienestar por la Inclusi\u00f3n - Yucat\u00e1n en corto\",\"isPartOf\":{\"@id\":\"https:\\\/\\\/www.yucatanencorto.com\\\/noticias\\\/#website\"},\"primaryImageOfPage\":{\"@id\":\"https:\\\/\\\/www.yucatanencorto.com\\\/noticias\\\/abren-inscripciones-a-la-liga-de-basquetbol-del-bienestar-por-la-inclusion\\\/#primaryimage\"},\"image\":{\"@id\":\"https:\\\/\\\/www.yucatanencorto.com\\\/noticias\\\/abren-inscripciones-a-la-liga-de-basquetbol-del-bienestar-por-la-inclusion\\\/#primaryimage\"},\"thumbnailUrl\":\"https:\\\/\\\/www.yucatanencorto.com\\\/noticias\\\/wp-content\\\/uploads\\\/2025\\\/03\\\/WhatsApp-Image-2025-03-25-at-3.26.05-PM-scaled.jpeg\",\"datePublished\":\"2025-03-25T22:29:45+00:00\",\"author\":{\"@id\":\"https:\\\/\\\/www.yucatanencorto.com\\\/noticias\\\/#\\\/schema\\\/person\\\/f0ec40c33447bbc0dc2d01d3006de771\"},\"breadcrumb\":{\"@id\":\"https:\\\/\\\/www.yucatanencorto.com\\\/noticias\\\/abren-inscripciones-a-la-liga-de-basquetbol-del-bienestar-por-la-inclusion\\\/#breadcrumb\"},\"inLanguage\":\"es\",\"potentialAction\":[{\"@type\":\"ReadAction\",\"target\":[\"https:\\\/\\\/www.yucatanencorto.com\\\/noticias\\\/abren-inscripciones-a-la-liga-de-basquetbol-del-bienestar-por-la-inclusion\\\/\"]}]},{\"@type\":\"ImageObject\",\"inLanguage\":\"es\",\"@id\":\"https:\\\/\\\/www.yucatanencorto.com\\\/noticias\\\/abren-inscripciones-a-la-liga-de-basquetbol-del-bienestar-por-la-inclusion\\\/#primaryimage\",\"url\":\"https:\\\/\\\/www.yucatanencorto.com\\\/noticias\\\/wp-content\\\/uploads\\\/2025\\\/03\\\/WhatsApp-Image-2025-03-25-at-3.26.05-PM-scaled.jpeg\",\"contentUrl\":\"https:\\\/\\\/www.yucatanencorto.com\\\/noticias\\\/wp-content\\\/uploads\\\/2025\\\/03\\\/WhatsApp-Image-2025-03-25-at-3.26.05-PM-scaled.jpeg\",\"width\":768,\"height\":463},{\"@type\":\"BreadcrumbList\",\"@id\":\"https:\\\/\\\/www.yucatanencorto.com\\\/noticias\\\/abren-inscripciones-a-la-liga-de-basquetbol-del-bienestar-por-la-inclusion\\\/#breadcrumb\",\"itemListElement\":[{\"@type\":\"ListItem\",\"position\":1,\"name\":\"Portada\",\"item\":\"https:\\\/\\\/www.yucatanencorto.com\\\/noticias\\\/\"},{\"@type\":\"ListItem\",\"position\":2,\"name\":\"Abren inscripciones a la Liga de Basquetbol del Bienestar por la Inclusi\u00f3n\"}]},{\"@type\":\"WebSite\",\"@id\":\"https:\\\/\\\/www.yucatanencorto.com\\\/noticias\\\/#website\",\"url\":\"https:\\\/\\\/www.yucatanencorto.com\\\/noticias\\\/\",\"name\":\"Yucat\u00e1n en corto\",\"description\":\"Noticias\",\"potentialAction\":[{\"@type\":\"SearchAction\",\"target\":{\"@type\":\"EntryPoint\",\"urlTemplate\":\"https:\\\/\\\/www.yucatanencorto.com\\\/noticias\\\/?s={search_term_string}\"},\"query-input\":{\"@type\":\"PropertyValueSpecification\",\"valueRequired\":true,\"valueName\":\"search_term_string\"}}],\"inLanguage\":\"es\"},{\"@type\":\"Person\",\"@id\":\"https:\\\/\\\/www.yucatanencorto.com\\\/noticias\\\/#\\\/schema\\\/person\\\/f0ec40c33447bbc0dc2d01d3006de771\",\"name\":\"Yucat\u00e1n en Corto\",\"image\":{\"@type\":\"ImageObject\",\"inLanguage\":\"es\",\"@id\":\"https:\\\/\\\/secure.gravatar.com\\\/avatar\\\/20e0a6b626f38fa8e545fb3f80ce566efd790bf8877e65c3a482460cc3e0b5d1?s=96&d=mm&r=g\",\"url\":\"https:\\\/\\\/secure.gravatar.com\\\/avatar\\\/20e0a6b626f38fa8e545fb3f80ce566efd790bf8877e65c3a482460cc3e0b5d1?s=96&d=mm&r=g\",\"contentUrl\":\"https:\\\/\\\/secure.gravatar.com\\\/avatar\\\/20e0a6b626f38fa8e545fb3f80ce566efd790bf8877e65c3a482460cc3e0b5d1?s=96&d=mm&r=g\",\"caption\":\"Yucat\u00e1n en Corto\"},\"url\":\"https:\\\/\\\/www.yucatanencorto.com\\\/noticias\\\/author\\\/editor25\\\/\"}]}<\/script>\n<!-- \/ Yoast SEO plugin. -->","yoast_head_json":{"title":"Abren inscripciones a la Liga de Basquetbol del Bienestar por la Inclusi\u00f3n - Yucat\u00e1n en corto","robots":{"index":"index","follow":"follow","max-snippet":"max-snippet:-1","max-image-preview":"max-image-preview:large","max-video-preview":"max-video-preview:-1"},"canonical":"https:\/\/www.yucatanencorto.com\/noticias\/abren-inscripciones-a-la-liga-de-basquetbol-del-bienestar-por-la-inclusion\/","og_locale":"es_ES","og_type":"article","og_title":"Abren inscripciones a la Liga de Basquetbol del Bienestar por la Inclusi\u00f3n - Yucat\u00e1n en corto","og_description":"&nbsp; M\u00e9rida, Yucat\u00e1n, a 25 de marzo de 2025 Todo se encuentra listo para que arranque la Liga de la Inclusi\u00f3n de Basquetbol, un encuentro deportivo dirigido a personas con discapacidad, implementado por el Gobierno del Estado que encabeza Joaqu\u00edn D\u00edaz Mena, quien ha dejado en claro que el deporte es una muy valiosa herramienta [&hellip;]","og_url":"https:\/\/www.yucatanencorto.com\/noticias\/abren-inscripciones-a-la-liga-de-basquetbol-del-bienestar-por-la-inclusion\/","og_site_name":"Yucat\u00e1n en corto","article_publisher":"http:\/\/www.facebook.com\/yucatanencorto","article_published_time":"2025-03-25T22:29:45+00:00","og_image":[{"width":768,"height":463,"url":"https:\/\/www.yucatanencorto.com\/noticias\/wp-content\/uploads\/2025\/03\/WhatsApp-Image-2025-03-25-at-3.26.05-PM-scaled.jpeg","type":"image\/jpeg"}],"author":"Yucat\u00e1n en Corto","twitter_card":"summary_large_image","twitter_creator":"@yucatanencorto","twitter_site":"@yucatanencorto","twitter_misc":{"Escrito por":"Yucat\u00e1n en Corto","Tiempo de lectura":"2 minutos"},"schema":{"@context":"https:\/\/schema.org","@graph":[{"@type":"Article","@id":"https:\/\/www.yucatanencorto.com\/noticias\/abren-inscripciones-a-la-liga-de-basquetbol-del-bienestar-por-la-inclusion\/#article","isPartOf":{"@id":"https:\/\/www.yucatanencorto.com\/noticias\/abren-inscripciones-a-la-liga-de-basquetbol-del-bienestar-por-la-inclusion\/"},"author":{"name":"Yucat\u00e1n en Corto","@id":"https:\/\/www.yucatanencorto.com\/noticias\/#\/schema\/person\/f0ec40c33447bbc0dc2d01d3006de771"},"headline":"Abren inscripciones a la Liga de Basquetbol del Bienestar por la Inclusi\u00f3n","datePublished":"2025-03-25T22:29:45+00:00","mainEntityOfPage":{"@id":"https:\/\/www.yucatanencorto.com\/noticias\/abren-inscripciones-a-la-liga-de-basquetbol-del-bienestar-por-la-inclusion\/"},"wordCount":417,"image":{"@id":"https:\/\/www.yucatanencorto.com\/noticias\/abren-inscripciones-a-la-liga-de-basquetbol-del-bienestar-por-la-inclusion\/#primaryimage"},"thumbnailUrl":"https:\/\/www.yucatanencorto.com\/noticias\/wp-content\/uploads\/2025\/03\/WhatsApp-Image-2025-03-25-at-3.26.05-PM-scaled.jpeg","articleSection":["Yucat\u00e1n"],"inLanguage":"es"},{"@type":"WebPage","@id":"https:\/\/www.yucatanencorto.com\/noticias\/abren-inscripciones-a-la-liga-de-basquetbol-del-bienestar-por-la-inclusion\/","url":"https:\/\/www.yucatanencorto.com\/noticias\/abren-inscripciones-a-la-liga-de-basquetbol-del-bienestar-por-la-inclusion\/","name":"Abren inscripciones a la Liga de Basquetbol del Bienestar por la Inclusi\u00f3n - Yucat\u00e1n en corto","isPartOf":{"@id":"https:\/\/www.yucatanencorto.com\/noticias\/#website"},"primaryImageOfPage":{"@id":"https:\/\/www.yucatanencorto.com\/noticias\/abren-inscripciones-a-la-liga-de-basquetbol-del-bienestar-por-la-inclusion\/#primaryimage"},"image":{"@id":"https:\/\/www.yucatanencorto.com\/noticias\/abren-inscripciones-a-la-liga-de-basquetbol-del-bienestar-por-la-inclusion\/#primaryimage"},"thumbnailUrl":"https:\/\/www.yucatanencorto.com\/noticias\/wp-content\/uploads\/2025\/03\/WhatsApp-Image-2025-03-25-at-3.26.05-PM-scaled.jpeg","datePublished":"2025-03-25T22:29:45+00:00","author":{"@id":"https:\/\/www.yucatanencorto.com\/noticias\/#\/schema\/person\/f0ec40c33447bbc0dc2d01d3006de771"},"breadcrumb":{"@id":"https:\/\/www.yucatanencorto.com\/noticias\/abren-inscripciones-a-la-liga-de-basquetbol-del-bienestar-por-la-inclusion\/#breadcrumb"},"inLanguage":"es","potentialAction":[{"@type":"ReadAction","target":["https:\/\/www.yucatanencorto.com\/noticias\/abren-inscripciones-a-la-liga-de-basquetbol-del-bienestar-por-la-inclusion\/"]}]},{"@type":"ImageObject","inLanguage":"es","@id":"https:\/\/www.yucatanencorto.com\/noticias\/abren-inscripciones-a-la-liga-de-basquetbol-del-bienestar-por-la-inclusion\/#primaryimage","url":"https:\/\/www.yucatanencorto.com\/noticias\/wp-content\/uploads\/2025\/03\/WhatsApp-Image-2025-03-25-at-3.26.05-PM-scaled.jpeg","contentUrl":"https:\/\/www.yucatanencorto.com\/noticias\/wp-content\/uploads\/2025\/03\/WhatsApp-Image-2025-03-25-at-3.26.05-PM-scaled.jpeg","width":768,"height":463},{"@type":"BreadcrumbList","@id":"https:\/\/www.yucatanencorto.com\/noticias\/abren-inscripciones-a-la-liga-de-basquetbol-del-bienestar-por-la-inclusion\/#breadcrumb","itemListElement":[{"@type":"ListItem","position":1,"name":"Portada","item":"https:\/\/www.yucatanencorto.com\/noticias\/"},{"@type":"ListItem","position":2,"name":"Abren inscripciones a la Liga de Basquetbol del Bienestar por la Inclusi\u00f3n"}]},{"@type":"WebSite","@id":"https:\/\/www.yucatanencorto.com\/noticias\/#website","url":"https:\/\/www.yucatanencorto.com\/noticias\/","name":"Yucat\u00e1n en corto","description":"Noticias","potentialAction":[{"@type":"SearchAction","target":{"@type":"EntryPoint","urlTemplate":"https:\/\/www.yucatanencorto.com\/noticias\/?s={search_term_string}"},"query-input":{"@type":"PropertyValueSpecification","valueRequired":true,"valueName":"search_term_string"}}],"inLanguage":"es"},{"@type":"Person","@id":"https:\/\/www.yucatanencorto.com\/noticias\/#\/schema\/person\/f0ec40c33447bbc0dc2d01d3006de771","name":"Yucat\u00e1n en Corto","image":{"@type":"ImageObject","inLanguage":"es","@id":"https:\/\/secure.gravatar.com\/avatar\/20e0a6b626f38fa8e545fb3f80ce566efd790bf8877e65c3a482460cc3e0b5d1?s=96&d=mm&r=g","url":"https:\/\/secure.gravatar.com\/avatar\/20e0a6b626f38fa8e545fb3f80ce566efd790bf8877e65c3a482460cc3e0b5d1?s=96&d=mm&r=g","contentUrl":"https:\/\/secure.gravatar.com\/avatar\/20e0a6b626f38fa8e545fb3f80ce566efd790bf8877e65c3a482460cc3e0b5d1?s=96&d=mm&r=g","caption":"Yucat\u00e1n en Corto"},"url":"https:\/\/www.yucatanencorto.com\/noticias\/author\/editor25\/"}]}},"_links":{"self":[{"href":"https:\/\/www.yucatanencorto.com\/noticias\/wp-json\/wp\/v2\/posts\/114920","targetHints":{"allow":["GET"]}}],"collection":[{"href":"https:\/\/www.yucatanencorto.com\/noticias\/wp-json\/wp\/v2\/posts"}],"about":[{"href":"https:\/\/www.yucatanencorto.com\/noticias\/wp-json\/wp\/v2\/types\/post"}],"author":[{"embeddable":true,"href":"https:\/\/www.yucatanencorto.com\/noticias\/wp-json\/wp\/v2\/users\/4"}],"replies":[{"embeddable":true,"href":"https:\/\/www.yucatanencorto.com\/noticias\/wp-json\/wp\/v2\/comments?post=114920"}],"version-history":[{"count":0,"href":"https:\/\/www.yucatanencorto.com\/noticias\/wp-json\/wp\/v2\/posts\/114920\/revisions"}],"wp:featuredmedia":[{"embeddable":true,"href":"https:\/\/www.yucatanencorto.com\/noticias\/wp-json\/wp\/v2\/media\/114921"}],"wp:attachment":[{"href":"https:\/\/www.yucatanencorto.com\/noticias\/wp-json\/wp\/v2\/media?parent=114920"}],"wp:term":[{"taxonomy":"category","embeddable":true,"href":"https:\/\/www.yucatanencorto.com\/noticias\/wp-json\/wp\/v2\/categories?post=114920"},{"taxonomy":"post_tag","embeddable":true,"href":"https:\/\/www.yucatanencorto.com\/noticias\/wp-json\/wp\/v2\/tags?post=114920"}],"curies":[{"name":"wp","href":"https:\/\/api.w.org\/{rel}","templated":true}]}}