{"id":114923,"date":"2025-03-25T16:52:00","date_gmt":"2025-03-25T22:52:00","guid":{"rendered":"https:\/\/www.yucatanencorto.com\/noticias\/?p=114923"},"modified":"2025-03-25T16:52:00","modified_gmt":"2025-03-25T22:52:00","slug":"protegen-el-valor-historico-y-ambiental-de-los-arboles-de-merida","status":"publish","type":"post","link":"https:\/\/www.yucatanencorto.com\/noticias\/protegen-el-valor-historico-y-ambiental-de-los-arboles-de-merida\/","title":{"rendered":"Protegen el valor hist\u00f3rico y ambiental de los \u00e1rboles de M\u00e9rida.\u00a0"},"content":{"rendered":"<p>&nbsp;<\/p>\n<p><img loading=\"lazy\" decoding=\"async\" class=\"alignnone size-full wp-image-114924\" src=\"https:\/\/www.yucatanencorto.com\/noticias\/wp-content\/uploads\/2025\/03\/WhatsApp-Image-2025-03-25-at-4.34.09-PM-scaled.jpeg\" alt=\"\" width=\"768\" height=\"512\" srcset=\"https:\/\/www.yucatanencorto.com\/noticias\/wp-content\/uploads\/2025\/03\/WhatsApp-Image-2025-03-25-at-4.34.09-PM-scaled.jpeg 768w, https:\/\/www.yucatanencorto.com\/noticias\/wp-content\/uploads\/2025\/03\/WhatsApp-Image-2025-03-25-at-4.34.09-PM-150x100.jpeg 150w, https:\/\/www.yucatanencorto.com\/noticias\/wp-content\/uploads\/2025\/03\/WhatsApp-Image-2025-03-25-at-4.34.09-PM-300x200.jpeg 300w, https:\/\/www.yucatanencorto.com\/noticias\/wp-content\/uploads\/2025\/03\/WhatsApp-Image-2025-03-25-at-4.34.09-PM-696x464.jpeg 696w, https:\/\/www.yucatanencorto.com\/noticias\/wp-content\/uploads\/2025\/03\/WhatsApp-Image-2025-03-25-at-4.34.09-PM-1068x712.jpeg 1068w\" sizes=\"auto, (max-width: 768px) 100vw, 768px\" \/><\/p>\n<p>&nbsp;<\/p>\n<p>M\u00e9rida, Yucat\u00e1n a martes 25 de marzo de 2025.<\/p>\n<p>&nbsp;<\/p>\n<p>En un emotivo evento celebrado con las y los vecinos de la colonia Miraflores, la Presidenta Municipal de M\u00e9rida, Cecilia Patr\u00f3n Laviada, emiti\u00f3 la cuarta Declaratoria de \u00c1rbol Patrimonio Verde de la Ciudad para dos ceibas ubicadas en la explanada de parque, dando un paso significativo en la protecci\u00f3n del patrimonio hist\u00f3rico, cultural y ambiental de la ciudad.<\/p>\n<p>Este acto resalta la importancia del arbolado urbano, pero tambi\u00e9n establece un marco regulatorio para su conservaci\u00f3n frente a nuevos desarrollos, en donde se vigila y regula que las empresas constructoras cumplan con la normatividad, manteniendo un crecimiento ordenado de la capital yucateca.<\/p>\n<p>\u201cNuevamente, estamos haciendo lo que nunca se hab\u00eda hecho, proteger nuestros \u00e1rboles majestuosos, con valor hist\u00f3rico. Estamos aqu\u00ed para cuidar lo que nos provee ox\u00edgeno, sombra y, sin duda, una mejor calidad de vida para el presente y las futuras generaciones\u201d, expres\u00f3 la alcaldesa.<\/p>\n<p>\u201cCon ello tambi\u00e9n nos aseguramos que ninguna empresa, ni nadie, pueda talar estos \u00e1rboles, as\u00ed garantizamos que el desarrollo vaya de la mano con el cuidado del medio ambiente\u201d, agreg\u00f3.<\/p>\n<p>Estas dos ceibas de m\u00e1s de 50 a\u00f1os, que han crecido desde la fundaci\u00f3n de la colonia Miraflores, forman parte de un cat\u00e1logo de 300 \u00e1rboles candidatos a ser protegidos, asegurando de esa forma conservar la infraestructura verde existente y dar impulso a m\u00e1s pol\u00edticas p\u00fablicas que ayuden a aumentarla.<\/p>\n<p>Durante el evento, la alcaldesa intercambi\u00f3 an\u00e9cdotas sobre los momentos vividos bajo la sombra de las ceibas. \u201c\u00bfQui\u00e9n no ha jugado o se ha enamorado bajo estos \u00e1rboles?\u201d, pregunt\u00f3, generando risas y recuerdos entre los presentes. \u201cEsos momentos son parte de nuestra identidad comunitaria\u201d.<\/p>\n<p>\u201cEstos \u00e1rboles son testigos de nuestra historia, y es nuestra responsabilidad cuidarlos. Gracias a las y los vecinos por respetar y cuidar estos \u00e1rboles longevos que hoy por hoy forman parte de la vida comunitaria de esta colonia\u201d, expres\u00f3 su sentir la mun\u00edcipe.<\/p>\n<p>A\u00f1adi\u00f3 que esta acci\u00f3n es un fuerte mensaje que va m\u00e1s all\u00e1 de una placa o un acto, sino de hacer un llamado a todas y todos a cuidar nuestro arbolado urbano, a seguir cuidando de nuestro medio ambiente, y sembrar m\u00e1s \u00e1rboles para tener una M\u00e9rida m\u00e1s verde.<\/p>\n<p>En ese sentido, Cecilia Patr\u00f3n invit\u00f3 a los presentes a participar en el programa \u201cUna familia, un \u00e1rbol\u201d, que busca fomentar la siembra y el cuidado de \u00e1rboles en los hogares, informando adem\u00e1s que el Ayuntamiento ha emprendido proyectos como los Corredores Verdes, as\u00ed como la implementaci\u00f3n de \u201cAirpots\u201d para producci\u00f3n \u00e1rboles con un crecimiento m\u00e1s eficiente, para reverdecer la ciudad.<\/p>\n<p>Con esta declaratoria, M\u00e9rida da un paso firme hacia un futuro m\u00e1s sostenible, donde la historia y la naturaleza se entrelazan para crear un entorno m\u00e1s saludable, armonioso y con corresponsabilidad entre todas y todos sus habitantes.<\/p>\n","protected":false},"excerpt":{"rendered":"<p>&nbsp; &nbsp; M\u00e9rida, Yucat\u00e1n a martes 25 de marzo de 2025. &nbsp; En un emotivo evento celebrado con las y los vecinos de la colonia Miraflores, la Presidenta Municipal de M\u00e9rida, Cecilia Patr\u00f3n Laviada, emiti\u00f3 la cuarta Declaratoria de \u00c1rbol Patrimonio Verde de la Ciudad para dos ceibas ubicadas en la explanada de parque, dando [&hellip;]<\/p>\n","protected":false},"author":4,"featured_media":114924,"comment_status":"closed","ping_status":"closed","sticky":false,"template":"","format":"standard","meta":{"footnotes":""},"categories":[3],"tags":[],"class_list":{"0":"post-114923","1":"post","2":"type-post","3":"status-publish","4":"format-standard","5":"has-post-thumbnail","7":"category-yucatan"},"yoast_head":"<!-- This site is optimized with the Yoast SEO plugin v27.4 - https:\/\/yoast.com\/product\/yoast-seo-wordpress\/ -->\n<title>Protegen el valor hist\u00f3rico y ambiental de los \u00e1rboles de M\u00e9rida.\u00a0 - Yucat\u00e1n en corto<\/title>\n<meta name=\"robots\" content=\"index, follow, max-snippet:-1, max-image-preview:large, max-video-preview:-1\" \/>\n<link rel=\"canonical\" href=\"https:\/\/www.yucatanencorto.com\/noticias\/protegen-el-valor-historico-y-ambiental-de-los-arboles-de-merida\/\" \/>\n<meta property=\"og:locale\" content=\"es_ES\" \/>\n<meta property=\"og:type\" content=\"article\" \/>\n<meta property=\"og:title\" content=\"Protegen el valor hist\u00f3rico y ambiental de los \u00e1rboles de M\u00e9rida.\u00a0 - Yucat\u00e1n en corto\" \/>\n<meta property=\"og:description\" content=\"&nbsp; &nbsp; M\u00e9rida, Yucat\u00e1n a martes 25 de marzo de 2025. &nbsp; En un emotivo evento celebrado con las y los vecinos de la colonia Miraflores, la Presidenta Municipal de M\u00e9rida, Cecilia Patr\u00f3n Laviada, emiti\u00f3 la cuarta Declaratoria de \u00c1rbol Patrimonio Verde de la Ciudad para dos ceibas ubicadas en la explanada de parque, dando [&hellip;]\" \/>\n<meta property=\"og:url\" content=\"https:\/\/www.yucatanencorto.com\/noticias\/protegen-el-valor-historico-y-ambiental-de-los-arboles-de-merida\/\" \/>\n<meta property=\"og:site_name\" content=\"Yucat\u00e1n en corto\" \/>\n<meta property=\"article:publisher\" content=\"http:\/\/www.facebook.com\/yucatanencorto\" \/>\n<meta property=\"article:published_time\" content=\"2025-03-25T22:52:00+00:00\" \/>\n<meta property=\"og:image\" content=\"https:\/\/www.yucatanencorto.com\/noticias\/wp-content\/uploads\/2025\/03\/WhatsApp-Image-2025-03-25-at-4.34.09-PM-scaled.jpeg\" \/>\n\t<meta property=\"og:image:width\" content=\"768\" \/>\n\t<meta property=\"og:image:height\" content=\"512\" \/>\n\t<meta property=\"og:image:type\" content=\"image\/jpeg\" \/>\n<meta name=\"author\" content=\"Yucat\u00e1n en Corto\" \/>\n<meta name=\"twitter:card\" content=\"summary_large_image\" \/>\n<meta name=\"twitter:creator\" content=\"@yucatanencorto\" \/>\n<meta name=\"twitter:site\" content=\"@yucatanencorto\" \/>\n<meta name=\"twitter:label1\" content=\"Escrito por\" \/>\n\t<meta name=\"twitter:data1\" content=\"Yucat\u00e1n en Corto\" \/>\n\t<meta name=\"twitter:label2\" content=\"Tiempo de lectura\" \/>\n\t<meta name=\"twitter:data2\" content=\"3 minutos\" \/>\n<script type=\"application\/ld+json\" class=\"yoast-schema-graph\">{\"@context\":\"https:\\\/\\\/schema.org\",\"@graph\":[{\"@type\":\"Article\",\"@id\":\"https:\\\/\\\/www.yucatanencorto.com\\\/noticias\\\/protegen-el-valor-historico-y-ambiental-de-los-arboles-de-merida\\\/#article\",\"isPartOf\":{\"@id\":\"https:\\\/\\\/www.yucatanencorto.com\\\/noticias\\\/protegen-el-valor-historico-y-ambiental-de-los-arboles-de-merida\\\/\"},\"author\":{\"name\":\"Yucat\u00e1n en Corto\",\"@id\":\"https:\\\/\\\/www.yucatanencorto.com\\\/noticias\\\/#\\\/schema\\\/person\\\/f0ec40c33447bbc0dc2d01d3006de771\"},\"headline\":\"Protegen el valor hist\u00f3rico y ambiental de los \u00e1rboles de M\u00e9rida.\u00a0\",\"datePublished\":\"2025-03-25T22:52:00+00:00\",\"mainEntityOfPage\":{\"@id\":\"https:\\\/\\\/www.yucatanencorto.com\\\/noticias\\\/protegen-el-valor-historico-y-ambiental-de-los-arboles-de-merida\\\/\"},\"wordCount\":516,\"image\":{\"@id\":\"https:\\\/\\\/www.yucatanencorto.com\\\/noticias\\\/protegen-el-valor-historico-y-ambiental-de-los-arboles-de-merida\\\/#primaryimage\"},\"thumbnailUrl\":\"https:\\\/\\\/www.yucatanencorto.com\\\/noticias\\\/wp-content\\\/uploads\\\/2025\\\/03\\\/WhatsApp-Image-2025-03-25-at-4.34.09-PM-scaled.jpeg\",\"articleSection\":[\"Yucat\u00e1n\"],\"inLanguage\":\"es\"},{\"@type\":\"WebPage\",\"@id\":\"https:\\\/\\\/www.yucatanencorto.com\\\/noticias\\\/protegen-el-valor-historico-y-ambiental-de-los-arboles-de-merida\\\/\",\"url\":\"https:\\\/\\\/www.yucatanencorto.com\\\/noticias\\\/protegen-el-valor-historico-y-ambiental-de-los-arboles-de-merida\\\/\",\"name\":\"Protegen el valor hist\u00f3rico y ambiental de los \u00e1rboles de M\u00e9rida.\u00a0 - Yucat\u00e1n en corto\",\"isPartOf\":{\"@id\":\"https:\\\/\\\/www.yucatanencorto.com\\\/noticias\\\/#website\"},\"primaryImageOfPage\":{\"@id\":\"https:\\\/\\\/www.yucatanencorto.com\\\/noticias\\\/protegen-el-valor-historico-y-ambiental-de-los-arboles-de-merida\\\/#primaryimage\"},\"image\":{\"@id\":\"https:\\\/\\\/www.yucatanencorto.com\\\/noticias\\\/protegen-el-valor-historico-y-ambiental-de-los-arboles-de-merida\\\/#primaryimage\"},\"thumbnailUrl\":\"https:\\\/\\\/www.yucatanencorto.com\\\/noticias\\\/wp-content\\\/uploads\\\/2025\\\/03\\\/WhatsApp-Image-2025-03-25-at-4.34.09-PM-scaled.jpeg\",\"datePublished\":\"2025-03-25T22:52:00+00:00\",\"author\":{\"@id\":\"https:\\\/\\\/www.yucatanencorto.com\\\/noticias\\\/#\\\/schema\\\/person\\\/f0ec40c33447bbc0dc2d01d3006de771\"},\"breadcrumb\":{\"@id\":\"https:\\\/\\\/www.yucatanencorto.com\\\/noticias\\\/protegen-el-valor-historico-y-ambiental-de-los-arboles-de-merida\\\/#breadcrumb\"},\"inLanguage\":\"es\",\"potentialAction\":[{\"@type\":\"ReadAction\",\"target\":[\"https:\\\/\\\/www.yucatanencorto.com\\\/noticias\\\/protegen-el-valor-historico-y-ambiental-de-los-arboles-de-merida\\\/\"]}]},{\"@type\":\"ImageObject\",\"inLanguage\":\"es\",\"@id\":\"https:\\\/\\\/www.yucatanencorto.com\\\/noticias\\\/protegen-el-valor-historico-y-ambiental-de-los-arboles-de-merida\\\/#primaryimage\",\"url\":\"https:\\\/\\\/www.yucatanencorto.com\\\/noticias\\\/wp-content\\\/uploads\\\/2025\\\/03\\\/WhatsApp-Image-2025-03-25-at-4.34.09-PM-scaled.jpeg\",\"contentUrl\":\"https:\\\/\\\/www.yucatanencorto.com\\\/noticias\\\/wp-content\\\/uploads\\\/2025\\\/03\\\/WhatsApp-Image-2025-03-25-at-4.34.09-PM-scaled.jpeg\",\"width\":768,\"height\":512},{\"@type\":\"BreadcrumbList\",\"@id\":\"https:\\\/\\\/www.yucatanencorto.com\\\/noticias\\\/protegen-el-valor-historico-y-ambiental-de-los-arboles-de-merida\\\/#breadcrumb\",\"itemListElement\":[{\"@type\":\"ListItem\",\"position\":1,\"name\":\"Portada\",\"item\":\"https:\\\/\\\/www.yucatanencorto.com\\\/noticias\\\/\"},{\"@type\":\"ListItem\",\"position\":2,\"name\":\"Protegen el valor hist\u00f3rico y ambiental de los \u00e1rboles de M\u00e9rida.\u00a0\"}]},{\"@type\":\"WebSite\",\"@id\":\"https:\\\/\\\/www.yucatanencorto.com\\\/noticias\\\/#website\",\"url\":\"https:\\\/\\\/www.yucatanencorto.com\\\/noticias\\\/\",\"name\":\"Yucat\u00e1n en corto\",\"description\":\"Noticias\",\"potentialAction\":[{\"@type\":\"SearchAction\",\"target\":{\"@type\":\"EntryPoint\",\"urlTemplate\":\"https:\\\/\\\/www.yucatanencorto.com\\\/noticias\\\/?s={search_term_string}\"},\"query-input\":{\"@type\":\"PropertyValueSpecification\",\"valueRequired\":true,\"valueName\":\"search_term_string\"}}],\"inLanguage\":\"es\"},{\"@type\":\"Person\",\"@id\":\"https:\\\/\\\/www.yucatanencorto.com\\\/noticias\\\/#\\\/schema\\\/person\\\/f0ec40c33447bbc0dc2d01d3006de771\",\"name\":\"Yucat\u00e1n en Corto\",\"image\":{\"@type\":\"ImageObject\",\"inLanguage\":\"es\",\"@id\":\"https:\\\/\\\/secure.gravatar.com\\\/avatar\\\/20e0a6b626f38fa8e545fb3f80ce566efd790bf8877e65c3a482460cc3e0b5d1?s=96&d=mm&r=g\",\"url\":\"https:\\\/\\\/secure.gravatar.com\\\/avatar\\\/20e0a6b626f38fa8e545fb3f80ce566efd790bf8877e65c3a482460cc3e0b5d1?s=96&d=mm&r=g\",\"contentUrl\":\"https:\\\/\\\/secure.gravatar.com\\\/avatar\\\/20e0a6b626f38fa8e545fb3f80ce566efd790bf8877e65c3a482460cc3e0b5d1?s=96&d=mm&r=g\",\"caption\":\"Yucat\u00e1n en Corto\"},\"url\":\"https:\\\/\\\/www.yucatanencorto.com\\\/noticias\\\/author\\\/editor25\\\/\"}]}<\/script>\n<!-- \/ Yoast SEO plugin. -->","yoast_head_json":{"title":"Protegen el valor hist\u00f3rico y ambiental de los \u00e1rboles de M\u00e9rida.\u00a0 - Yucat\u00e1n en corto","robots":{"index":"index","follow":"follow","max-snippet":"max-snippet:-1","max-image-preview":"max-image-preview:large","max-video-preview":"max-video-preview:-1"},"canonical":"https:\/\/www.yucatanencorto.com\/noticias\/protegen-el-valor-historico-y-ambiental-de-los-arboles-de-merida\/","og_locale":"es_ES","og_type":"article","og_title":"Protegen el valor hist\u00f3rico y ambiental de los \u00e1rboles de M\u00e9rida.\u00a0 - Yucat\u00e1n en corto","og_description":"&nbsp; &nbsp; M\u00e9rida, Yucat\u00e1n a martes 25 de marzo de 2025. &nbsp; En un emotivo evento celebrado con las y los vecinos de la colonia Miraflores, la Presidenta Municipal de M\u00e9rida, Cecilia Patr\u00f3n Laviada, emiti\u00f3 la cuarta Declaratoria de \u00c1rbol Patrimonio Verde de la Ciudad para dos ceibas ubicadas en la explanada de parque, dando [&hellip;]","og_url":"https:\/\/www.yucatanencorto.com\/noticias\/protegen-el-valor-historico-y-ambiental-de-los-arboles-de-merida\/","og_site_name":"Yucat\u00e1n en corto","article_publisher":"http:\/\/www.facebook.com\/yucatanencorto","article_published_time":"2025-03-25T22:52:00+00:00","og_image":[{"width":768,"height":512,"url":"https:\/\/www.yucatanencorto.com\/noticias\/wp-content\/uploads\/2025\/03\/WhatsApp-Image-2025-03-25-at-4.34.09-PM-scaled.jpeg","type":"image\/jpeg"}],"author":"Yucat\u00e1n en Corto","twitter_card":"summary_large_image","twitter_creator":"@yucatanencorto","twitter_site":"@yucatanencorto","twitter_misc":{"Escrito por":"Yucat\u00e1n en Corto","Tiempo de lectura":"3 minutos"},"schema":{"@context":"https:\/\/schema.org","@graph":[{"@type":"Article","@id":"https:\/\/www.yucatanencorto.com\/noticias\/protegen-el-valor-historico-y-ambiental-de-los-arboles-de-merida\/#article","isPartOf":{"@id":"https:\/\/www.yucatanencorto.com\/noticias\/protegen-el-valor-historico-y-ambiental-de-los-arboles-de-merida\/"},"author":{"name":"Yucat\u00e1n en Corto","@id":"https:\/\/www.yucatanencorto.com\/noticias\/#\/schema\/person\/f0ec40c33447bbc0dc2d01d3006de771"},"headline":"Protegen el valor hist\u00f3rico y ambiental de los \u00e1rboles de M\u00e9rida.\u00a0","datePublished":"2025-03-25T22:52:00+00:00","mainEntityOfPage":{"@id":"https:\/\/www.yucatanencorto.com\/noticias\/protegen-el-valor-historico-y-ambiental-de-los-arboles-de-merida\/"},"wordCount":516,"image":{"@id":"https:\/\/www.yucatanencorto.com\/noticias\/protegen-el-valor-historico-y-ambiental-de-los-arboles-de-merida\/#primaryimage"},"thumbnailUrl":"https:\/\/www.yucatanencorto.com\/noticias\/wp-content\/uploads\/2025\/03\/WhatsApp-Image-2025-03-25-at-4.34.09-PM-scaled.jpeg","articleSection":["Yucat\u00e1n"],"inLanguage":"es"},{"@type":"WebPage","@id":"https:\/\/www.yucatanencorto.com\/noticias\/protegen-el-valor-historico-y-ambiental-de-los-arboles-de-merida\/","url":"https:\/\/www.yucatanencorto.com\/noticias\/protegen-el-valor-historico-y-ambiental-de-los-arboles-de-merida\/","name":"Protegen el valor hist\u00f3rico y ambiental de los \u00e1rboles de M\u00e9rida.\u00a0 - Yucat\u00e1n en corto","isPartOf":{"@id":"https:\/\/www.yucatanencorto.com\/noticias\/#website"},"primaryImageOfPage":{"@id":"https:\/\/www.yucatanencorto.com\/noticias\/protegen-el-valor-historico-y-ambiental-de-los-arboles-de-merida\/#primaryimage"},"image":{"@id":"https:\/\/www.yucatanencorto.com\/noticias\/protegen-el-valor-historico-y-ambiental-de-los-arboles-de-merida\/#primaryimage"},"thumbnailUrl":"https:\/\/www.yucatanencorto.com\/noticias\/wp-content\/uploads\/2025\/03\/WhatsApp-Image-2025-03-25-at-4.34.09-PM-scaled.jpeg","datePublished":"2025-03-25T22:52:00+00:00","author":{"@id":"https:\/\/www.yucatanencorto.com\/noticias\/#\/schema\/person\/f0ec40c33447bbc0dc2d01d3006de771"},"breadcrumb":{"@id":"https:\/\/www.yucatanencorto.com\/noticias\/protegen-el-valor-historico-y-ambiental-de-los-arboles-de-merida\/#breadcrumb"},"inLanguage":"es","potentialAction":[{"@type":"ReadAction","target":["https:\/\/www.yucatanencorto.com\/noticias\/protegen-el-valor-historico-y-ambiental-de-los-arboles-de-merida\/"]}]},{"@type":"ImageObject","inLanguage":"es","@id":"https:\/\/www.yucatanencorto.com\/noticias\/protegen-el-valor-historico-y-ambiental-de-los-arboles-de-merida\/#primaryimage","url":"https:\/\/www.yucatanencorto.com\/noticias\/wp-content\/uploads\/2025\/03\/WhatsApp-Image-2025-03-25-at-4.34.09-PM-scaled.jpeg","contentUrl":"https:\/\/www.yucatanencorto.com\/noticias\/wp-content\/uploads\/2025\/03\/WhatsApp-Image-2025-03-25-at-4.34.09-PM-scaled.jpeg","width":768,"height":512},{"@type":"BreadcrumbList","@id":"https:\/\/www.yucatanencorto.com\/noticias\/protegen-el-valor-historico-y-ambiental-de-los-arboles-de-merida\/#breadcrumb","itemListElement":[{"@type":"ListItem","position":1,"name":"Portada","item":"https:\/\/www.yucatanencorto.com\/noticias\/"},{"@type":"ListItem","position":2,"name":"Protegen el valor hist\u00f3rico y ambiental de los \u00e1rboles de M\u00e9rida.\u00a0"}]},{"@type":"WebSite","@id":"https:\/\/www.yucatanencorto.com\/noticias\/#website","url":"https:\/\/www.yucatanencorto.com\/noticias\/","name":"Yucat\u00e1n en corto","description":"Noticias","potentialAction":[{"@type":"SearchAction","target":{"@type":"EntryPoint","urlTemplate":"https:\/\/www.yucatanencorto.com\/noticias\/?s={search_term_string}"},"query-input":{"@type":"PropertyValueSpecification","valueRequired":true,"valueName":"search_term_string"}}],"inLanguage":"es"},{"@type":"Person","@id":"https:\/\/www.yucatanencorto.com\/noticias\/#\/schema\/person\/f0ec40c33447bbc0dc2d01d3006de771","name":"Yucat\u00e1n en Corto","image":{"@type":"ImageObject","inLanguage":"es","@id":"https:\/\/secure.gravatar.com\/avatar\/20e0a6b626f38fa8e545fb3f80ce566efd790bf8877e65c3a482460cc3e0b5d1?s=96&d=mm&r=g","url":"https:\/\/secure.gravatar.com\/avatar\/20e0a6b626f38fa8e545fb3f80ce566efd790bf8877e65c3a482460cc3e0b5d1?s=96&d=mm&r=g","contentUrl":"https:\/\/secure.gravatar.com\/avatar\/20e0a6b626f38fa8e545fb3f80ce566efd790bf8877e65c3a482460cc3e0b5d1?s=96&d=mm&r=g","caption":"Yucat\u00e1n en Corto"},"url":"https:\/\/www.yucatanencorto.com\/noticias\/author\/editor25\/"}]}},"_links":{"self":[{"href":"https:\/\/www.yucatanencorto.com\/noticias\/wp-json\/wp\/v2\/posts\/114923","targetHints":{"allow":["GET"]}}],"collection":[{"href":"https:\/\/www.yucatanencorto.com\/noticias\/wp-json\/wp\/v2\/posts"}],"about":[{"href":"https:\/\/www.yucatanencorto.com\/noticias\/wp-json\/wp\/v2\/types\/post"}],"author":[{"embeddable":true,"href":"https:\/\/www.yucatanencorto.com\/noticias\/wp-json\/wp\/v2\/users\/4"}],"replies":[{"embeddable":true,"href":"https:\/\/www.yucatanencorto.com\/noticias\/wp-json\/wp\/v2\/comments?post=114923"}],"version-history":[{"count":0,"href":"https:\/\/www.yucatanencorto.com\/noticias\/wp-json\/wp\/v2\/posts\/114923\/revisions"}],"wp:featuredmedia":[{"embeddable":true,"href":"https:\/\/www.yucatanencorto.com\/noticias\/wp-json\/wp\/v2\/media\/114924"}],"wp:attachment":[{"href":"https:\/\/www.yucatanencorto.com\/noticias\/wp-json\/wp\/v2\/media?parent=114923"}],"wp:term":[{"taxonomy":"category","embeddable":true,"href":"https:\/\/www.yucatanencorto.com\/noticias\/wp-json\/wp\/v2\/categories?post=114923"},{"taxonomy":"post_tag","embeddable":true,"href":"https:\/\/www.yucatanencorto.com\/noticias\/wp-json\/wp\/v2\/tags?post=114923"}],"curies":[{"name":"wp","href":"https:\/\/api.w.org\/{rel}","templated":true}]}}