{"id":114927,"date":"2025-03-26T16:15:39","date_gmt":"2025-03-26T22:15:39","guid":{"rendered":"https:\/\/www.yucatanencorto.com\/noticias\/?p=114927"},"modified":"2025-03-26T16:15:39","modified_gmt":"2025-03-26T22:15:39","slug":"37-mil-862-arboles-han-sido-entregados-con-el-programa-una-familia-un-arbol","status":"publish","type":"post","link":"https:\/\/www.yucatanencorto.com\/noticias\/37-mil-862-arboles-han-sido-entregados-con-el-programa-una-familia-un-arbol\/","title":{"rendered":"37 mil 862 \u00e1rboles han sido entregados con el programa \u201cUna Familia, Un \u00c1rbol\u201d"},"content":{"rendered":"<p>&nbsp;<\/p>\n<p><img loading=\"lazy\" decoding=\"async\" class=\"alignnone size-full wp-image-114928\" src=\"https:\/\/www.yucatanencorto.com\/noticias\/wp-content\/uploads\/2025\/03\/WhatsApp-Image-2025-03-26-at-4.05.41-PM-scaled.jpeg\" alt=\"\" width=\"768\" height=\"512\" srcset=\"https:\/\/www.yucatanencorto.com\/noticias\/wp-content\/uploads\/2025\/03\/WhatsApp-Image-2025-03-26-at-4.05.41-PM-scaled.jpeg 768w, https:\/\/www.yucatanencorto.com\/noticias\/wp-content\/uploads\/2025\/03\/WhatsApp-Image-2025-03-26-at-4.05.41-PM-150x100.jpeg 150w, https:\/\/www.yucatanencorto.com\/noticias\/wp-content\/uploads\/2025\/03\/WhatsApp-Image-2025-03-26-at-4.05.41-PM-300x200.jpeg 300w, https:\/\/www.yucatanencorto.com\/noticias\/wp-content\/uploads\/2025\/03\/WhatsApp-Image-2025-03-26-at-4.05.41-PM-696x464.jpeg 696w, https:\/\/www.yucatanencorto.com\/noticias\/wp-content\/uploads\/2025\/03\/WhatsApp-Image-2025-03-26-at-4.05.41-PM-1068x712.jpeg 1068w\" sizes=\"auto, (max-width: 768px) 100vw, 768px\" \/><\/p>\n<p>M\u00e9rida, Yucat\u00e1n a mi\u00e9rcoles 26 de marzo de 2025.<\/p>\n<p>En esta edici\u00f3n de Mi\u00e9rcoles Ciudadano, la Presidenta Municipal Cecilia Patr\u00f3n Laviada prioriz\u00f3 la entrega en adopci\u00f3n de \u00e1rboles frutales y florales del programa Una familia, un \u00e1rbol, de la Unidad de Medio Ambiente y Bienestar Animal (UMABA), incentivando a las y los meridanos a tener una M\u00e9rida m\u00e1s verde.<\/p>\n<p>\u201cHacemos un llamado a todas y todos a que nos sigamos sumando a las campa\u00f1as que tiene el Ayuntamiento de M\u00e9rida para la adopci\u00f3n de especies, que adem\u00e1s de dar sombra, proporcionan ox\u00edgeno, belleza a nuestro hogar y, de esta manera, todos podemos contribuir a que nuestra ciudad sea m\u00e1s verde\u201d, a\u00f1adi\u00f3.<\/p>\n<p>La alcaldesa record\u00f3 que desde el inicio de su administraci\u00f3n se ha impulsado esta pol\u00edtica p\u00fablica que va de la mano de la ciudadana en la que reporta que han entregado en adopci\u00f3n 37 mil 862 \u00e1rboles de m\u00e1s de 100 especies, entre mandarina, mango, zapote, x\u00b4canlol, chact\u00e9, macul\u00eds, balch\u00e9 y chanksik\u00edn.<\/p>\n<p>\u201cEs importante prepararnos, ya que vienen los calores m\u00e1s fuertes, as\u00ed que llevamos meses trabajando todo lo que tiene que ver con la estrategia M\u00e9rida Verde a trav\u00e9s de la innovaci\u00f3n como son los Air-Pots y el proyecto de Corredores Verdes\u201d, se\u00f1al\u00f3.<\/p>\n<p>En otro tema, Cecilia Patr\u00f3n reiter\u00f3 el compromiso que tiene de trabajar de manera cercana con las familias meridanas, dando atenci\u00f3n a sus necesidades en la b\u00fasqueda de mejores soluciones, por lo que reconoci\u00f3 en el Mi\u00e9rcoles Ciudadano como uno de los mecanismos de participaci\u00f3n ciudadana que en cuatro ediciones ha atendido m\u00e1s de 1 mil asistentes, con consultas, tr\u00e1mites u otros servicios.<\/p>\n<p>El Ayuntamiento de M\u00e9rida cuenta tambi\u00e9n con programas como Alcaldesa en tu Comisar\u00eda y Alcaldesa en tu Colonia, que acercan los servicios de salud, de informaci\u00f3n contra la violencia de g\u00e9nero y atenci\u00f3n de primera mano de las y los titulares de las diferentes dependencias municipales. A la fecha se han visitado 46 comisar\u00edas y 81 colonias. Otro espacio de escucha y di\u00e1logo con un sector importante como es las juventudes, es Alcaldesa en tu Escuela.<\/p>\n<p>A los programas anteriores se suman Ayuntatel y Atenci\u00f3n Ciudadana se han recibido m\u00e1s de 65 mil solicitudes de servicios o reportes en lo que va de la administraci\u00f3n. Los servicios m\u00e1s solicitados son: bacheo de calle, luminaria apagada, recoja de animales muertos, sector apagado, desazolve de zanja con rejilla, luminaria, limpieza de calle, recoja de basura en la v\u00eda p\u00fablica y mantenimiento en parque.<\/p>\n<p>\u201cEn la nueva forma de gobernar nos gusta mantener un contacto directo y permanente con la gente, por eso vamos a sus colonias para escucharles de primera voz y atender sus principales demandas, y sobre todo hacer que nuestra chula M\u00e9rida, brille y sea m\u00e1s verde\u201d puntualiz\u00f3 la alcaldesa.<\/p>\n<p>#MeridaContigoEsMejor<\/p>\n","protected":false},"excerpt":{"rendered":"<p>&nbsp; M\u00e9rida, Yucat\u00e1n a mi\u00e9rcoles 26 de marzo de 2025. En esta edici\u00f3n de Mi\u00e9rcoles Ciudadano, la Presidenta Municipal Cecilia Patr\u00f3n Laviada prioriz\u00f3 la entrega en adopci\u00f3n de \u00e1rboles frutales y florales del programa Una familia, un \u00e1rbol, de la Unidad de Medio Ambiente y Bienestar Animal (UMABA), incentivando a las y los meridanos a [&hellip;]<\/p>\n","protected":false},"author":4,"featured_media":114928,"comment_status":"closed","ping_status":"closed","sticky":false,"template":"","format":"standard","meta":{"footnotes":""},"categories":[2],"tags":[],"class_list":{"0":"post-114927","1":"post","2":"type-post","3":"status-publish","4":"format-standard","5":"has-post-thumbnail","7":"category-merida"},"yoast_head":"<!-- This site is optimized with the Yoast SEO plugin v27.4 - https:\/\/yoast.com\/product\/yoast-seo-wordpress\/ -->\n<title>37 mil 862 \u00e1rboles han sido entregados con el programa \u201cUna Familia, Un \u00c1rbol\u201d - Yucat\u00e1n en corto<\/title>\n<meta name=\"robots\" content=\"index, follow, max-snippet:-1, max-image-preview:large, max-video-preview:-1\" \/>\n<link rel=\"canonical\" href=\"https:\/\/www.yucatanencorto.com\/noticias\/37-mil-862-arboles-han-sido-entregados-con-el-programa-una-familia-un-arbol\/\" \/>\n<meta property=\"og:locale\" content=\"es_ES\" \/>\n<meta property=\"og:type\" content=\"article\" \/>\n<meta property=\"og:title\" content=\"37 mil 862 \u00e1rboles han sido entregados con el programa \u201cUna Familia, Un \u00c1rbol\u201d - Yucat\u00e1n en corto\" \/>\n<meta property=\"og:description\" content=\"&nbsp; M\u00e9rida, Yucat\u00e1n a mi\u00e9rcoles 26 de marzo de 2025. En esta edici\u00f3n de Mi\u00e9rcoles Ciudadano, la Presidenta Municipal Cecilia Patr\u00f3n Laviada prioriz\u00f3 la entrega en adopci\u00f3n de \u00e1rboles frutales y florales del programa Una familia, un \u00e1rbol, de la Unidad de Medio Ambiente y Bienestar Animal (UMABA), incentivando a las y los meridanos a [&hellip;]\" \/>\n<meta property=\"og:url\" content=\"https:\/\/www.yucatanencorto.com\/noticias\/37-mil-862-arboles-han-sido-entregados-con-el-programa-una-familia-un-arbol\/\" \/>\n<meta property=\"og:site_name\" content=\"Yucat\u00e1n en corto\" \/>\n<meta property=\"article:publisher\" content=\"http:\/\/www.facebook.com\/yucatanencorto\" \/>\n<meta property=\"article:published_time\" content=\"2025-03-26T22:15:39+00:00\" \/>\n<meta property=\"og:image\" content=\"https:\/\/www.yucatanencorto.com\/noticias\/wp-content\/uploads\/2025\/03\/WhatsApp-Image-2025-03-26-at-4.05.41-PM-scaled.jpeg\" \/>\n\t<meta property=\"og:image:width\" content=\"768\" \/>\n\t<meta property=\"og:image:height\" content=\"512\" \/>\n\t<meta property=\"og:image:type\" content=\"image\/jpeg\" \/>\n<meta name=\"author\" content=\"Yucat\u00e1n en Corto\" \/>\n<meta name=\"twitter:card\" content=\"summary_large_image\" \/>\n<meta name=\"twitter:creator\" content=\"@yucatanencorto\" \/>\n<meta name=\"twitter:site\" content=\"@yucatanencorto\" \/>\n<meta name=\"twitter:label1\" content=\"Escrito por\" \/>\n\t<meta name=\"twitter:data1\" content=\"Yucat\u00e1n en Corto\" \/>\n\t<meta name=\"twitter:label2\" content=\"Tiempo de lectura\" \/>\n\t<meta name=\"twitter:data2\" content=\"3 minutos\" \/>\n<script type=\"application\/ld+json\" class=\"yoast-schema-graph\">{\"@context\":\"https:\\\/\\\/schema.org\",\"@graph\":[{\"@type\":\"Article\",\"@id\":\"https:\\\/\\\/www.yucatanencorto.com\\\/noticias\\\/37-mil-862-arboles-han-sido-entregados-con-el-programa-una-familia-un-arbol\\\/#article\",\"isPartOf\":{\"@id\":\"https:\\\/\\\/www.yucatanencorto.com\\\/noticias\\\/37-mil-862-arboles-han-sido-entregados-con-el-programa-una-familia-un-arbol\\\/\"},\"author\":{\"name\":\"Yucat\u00e1n en Corto\",\"@id\":\"https:\\\/\\\/www.yucatanencorto.com\\\/noticias\\\/#\\\/schema\\\/person\\\/f0ec40c33447bbc0dc2d01d3006de771\"},\"headline\":\"37 mil 862 \u00e1rboles han sido entregados con el programa \u201cUna Familia, Un \u00c1rbol\u201d\",\"datePublished\":\"2025-03-26T22:15:39+00:00\",\"mainEntityOfPage\":{\"@id\":\"https:\\\/\\\/www.yucatanencorto.com\\\/noticias\\\/37-mil-862-arboles-han-sido-entregados-con-el-programa-una-familia-un-arbol\\\/\"},\"wordCount\":515,\"image\":{\"@id\":\"https:\\\/\\\/www.yucatanencorto.com\\\/noticias\\\/37-mil-862-arboles-han-sido-entregados-con-el-programa-una-familia-un-arbol\\\/#primaryimage\"},\"thumbnailUrl\":\"https:\\\/\\\/www.yucatanencorto.com\\\/noticias\\\/wp-content\\\/uploads\\\/2025\\\/03\\\/WhatsApp-Image-2025-03-26-at-4.05.41-PM-scaled.jpeg\",\"articleSection\":[\"M\u00e9rida\"],\"inLanguage\":\"es\"},{\"@type\":\"WebPage\",\"@id\":\"https:\\\/\\\/www.yucatanencorto.com\\\/noticias\\\/37-mil-862-arboles-han-sido-entregados-con-el-programa-una-familia-un-arbol\\\/\",\"url\":\"https:\\\/\\\/www.yucatanencorto.com\\\/noticias\\\/37-mil-862-arboles-han-sido-entregados-con-el-programa-una-familia-un-arbol\\\/\",\"name\":\"37 mil 862 \u00e1rboles han sido entregados con el programa \u201cUna Familia, Un \u00c1rbol\u201d - Yucat\u00e1n en corto\",\"isPartOf\":{\"@id\":\"https:\\\/\\\/www.yucatanencorto.com\\\/noticias\\\/#website\"},\"primaryImageOfPage\":{\"@id\":\"https:\\\/\\\/www.yucatanencorto.com\\\/noticias\\\/37-mil-862-arboles-han-sido-entregados-con-el-programa-una-familia-un-arbol\\\/#primaryimage\"},\"image\":{\"@id\":\"https:\\\/\\\/www.yucatanencorto.com\\\/noticias\\\/37-mil-862-arboles-han-sido-entregados-con-el-programa-una-familia-un-arbol\\\/#primaryimage\"},\"thumbnailUrl\":\"https:\\\/\\\/www.yucatanencorto.com\\\/noticias\\\/wp-content\\\/uploads\\\/2025\\\/03\\\/WhatsApp-Image-2025-03-26-at-4.05.41-PM-scaled.jpeg\",\"datePublished\":\"2025-03-26T22:15:39+00:00\",\"author\":{\"@id\":\"https:\\\/\\\/www.yucatanencorto.com\\\/noticias\\\/#\\\/schema\\\/person\\\/f0ec40c33447bbc0dc2d01d3006de771\"},\"breadcrumb\":{\"@id\":\"https:\\\/\\\/www.yucatanencorto.com\\\/noticias\\\/37-mil-862-arboles-han-sido-entregados-con-el-programa-una-familia-un-arbol\\\/#breadcrumb\"},\"inLanguage\":\"es\",\"potentialAction\":[{\"@type\":\"ReadAction\",\"target\":[\"https:\\\/\\\/www.yucatanencorto.com\\\/noticias\\\/37-mil-862-arboles-han-sido-entregados-con-el-programa-una-familia-un-arbol\\\/\"]}]},{\"@type\":\"ImageObject\",\"inLanguage\":\"es\",\"@id\":\"https:\\\/\\\/www.yucatanencorto.com\\\/noticias\\\/37-mil-862-arboles-han-sido-entregados-con-el-programa-una-familia-un-arbol\\\/#primaryimage\",\"url\":\"https:\\\/\\\/www.yucatanencorto.com\\\/noticias\\\/wp-content\\\/uploads\\\/2025\\\/03\\\/WhatsApp-Image-2025-03-26-at-4.05.41-PM-scaled.jpeg\",\"contentUrl\":\"https:\\\/\\\/www.yucatanencorto.com\\\/noticias\\\/wp-content\\\/uploads\\\/2025\\\/03\\\/WhatsApp-Image-2025-03-26-at-4.05.41-PM-scaled.jpeg\",\"width\":768,\"height\":512},{\"@type\":\"BreadcrumbList\",\"@id\":\"https:\\\/\\\/www.yucatanencorto.com\\\/noticias\\\/37-mil-862-arboles-han-sido-entregados-con-el-programa-una-familia-un-arbol\\\/#breadcrumb\",\"itemListElement\":[{\"@type\":\"ListItem\",\"position\":1,\"name\":\"Portada\",\"item\":\"https:\\\/\\\/www.yucatanencorto.com\\\/noticias\\\/\"},{\"@type\":\"ListItem\",\"position\":2,\"name\":\"37 mil 862 \u00e1rboles han sido entregados con el programa \u201cUna Familia, Un \u00c1rbol\u201d\"}]},{\"@type\":\"WebSite\",\"@id\":\"https:\\\/\\\/www.yucatanencorto.com\\\/noticias\\\/#website\",\"url\":\"https:\\\/\\\/www.yucatanencorto.com\\\/noticias\\\/\",\"name\":\"Yucat\u00e1n en corto\",\"description\":\"Noticias\",\"potentialAction\":[{\"@type\":\"SearchAction\",\"target\":{\"@type\":\"EntryPoint\",\"urlTemplate\":\"https:\\\/\\\/www.yucatanencorto.com\\\/noticias\\\/?s={search_term_string}\"},\"query-input\":{\"@type\":\"PropertyValueSpecification\",\"valueRequired\":true,\"valueName\":\"search_term_string\"}}],\"inLanguage\":\"es\"},{\"@type\":\"Person\",\"@id\":\"https:\\\/\\\/www.yucatanencorto.com\\\/noticias\\\/#\\\/schema\\\/person\\\/f0ec40c33447bbc0dc2d01d3006de771\",\"name\":\"Yucat\u00e1n en Corto\",\"image\":{\"@type\":\"ImageObject\",\"inLanguage\":\"es\",\"@id\":\"https:\\\/\\\/secure.gravatar.com\\\/avatar\\\/20e0a6b626f38fa8e545fb3f80ce566efd790bf8877e65c3a482460cc3e0b5d1?s=96&d=mm&r=g\",\"url\":\"https:\\\/\\\/secure.gravatar.com\\\/avatar\\\/20e0a6b626f38fa8e545fb3f80ce566efd790bf8877e65c3a482460cc3e0b5d1?s=96&d=mm&r=g\",\"contentUrl\":\"https:\\\/\\\/secure.gravatar.com\\\/avatar\\\/20e0a6b626f38fa8e545fb3f80ce566efd790bf8877e65c3a482460cc3e0b5d1?s=96&d=mm&r=g\",\"caption\":\"Yucat\u00e1n en Corto\"},\"url\":\"https:\\\/\\\/www.yucatanencorto.com\\\/noticias\\\/author\\\/editor25\\\/\"}]}<\/script>\n<!-- \/ Yoast SEO plugin. -->","yoast_head_json":{"title":"37 mil 862 \u00e1rboles han sido entregados con el programa \u201cUna Familia, Un \u00c1rbol\u201d - Yucat\u00e1n en corto","robots":{"index":"index","follow":"follow","max-snippet":"max-snippet:-1","max-image-preview":"max-image-preview:large","max-video-preview":"max-video-preview:-1"},"canonical":"https:\/\/www.yucatanencorto.com\/noticias\/37-mil-862-arboles-han-sido-entregados-con-el-programa-una-familia-un-arbol\/","og_locale":"es_ES","og_type":"article","og_title":"37 mil 862 \u00e1rboles han sido entregados con el programa \u201cUna Familia, Un \u00c1rbol\u201d - Yucat\u00e1n en corto","og_description":"&nbsp; M\u00e9rida, Yucat\u00e1n a mi\u00e9rcoles 26 de marzo de 2025. En esta edici\u00f3n de Mi\u00e9rcoles Ciudadano, la Presidenta Municipal Cecilia Patr\u00f3n Laviada prioriz\u00f3 la entrega en adopci\u00f3n de \u00e1rboles frutales y florales del programa Una familia, un \u00e1rbol, de la Unidad de Medio Ambiente y Bienestar Animal (UMABA), incentivando a las y los meridanos a [&hellip;]","og_url":"https:\/\/www.yucatanencorto.com\/noticias\/37-mil-862-arboles-han-sido-entregados-con-el-programa-una-familia-un-arbol\/","og_site_name":"Yucat\u00e1n en corto","article_publisher":"http:\/\/www.facebook.com\/yucatanencorto","article_published_time":"2025-03-26T22:15:39+00:00","og_image":[{"width":768,"height":512,"url":"https:\/\/www.yucatanencorto.com\/noticias\/wp-content\/uploads\/2025\/03\/WhatsApp-Image-2025-03-26-at-4.05.41-PM-scaled.jpeg","type":"image\/jpeg"}],"author":"Yucat\u00e1n en Corto","twitter_card":"summary_large_image","twitter_creator":"@yucatanencorto","twitter_site":"@yucatanencorto","twitter_misc":{"Escrito por":"Yucat\u00e1n en Corto","Tiempo de lectura":"3 minutos"},"schema":{"@context":"https:\/\/schema.org","@graph":[{"@type":"Article","@id":"https:\/\/www.yucatanencorto.com\/noticias\/37-mil-862-arboles-han-sido-entregados-con-el-programa-una-familia-un-arbol\/#article","isPartOf":{"@id":"https:\/\/www.yucatanencorto.com\/noticias\/37-mil-862-arboles-han-sido-entregados-con-el-programa-una-familia-un-arbol\/"},"author":{"name":"Yucat\u00e1n en Corto","@id":"https:\/\/www.yucatanencorto.com\/noticias\/#\/schema\/person\/f0ec40c33447bbc0dc2d01d3006de771"},"headline":"37 mil 862 \u00e1rboles han sido entregados con el programa \u201cUna Familia, Un \u00c1rbol\u201d","datePublished":"2025-03-26T22:15:39+00:00","mainEntityOfPage":{"@id":"https:\/\/www.yucatanencorto.com\/noticias\/37-mil-862-arboles-han-sido-entregados-con-el-programa-una-familia-un-arbol\/"},"wordCount":515,"image":{"@id":"https:\/\/www.yucatanencorto.com\/noticias\/37-mil-862-arboles-han-sido-entregados-con-el-programa-una-familia-un-arbol\/#primaryimage"},"thumbnailUrl":"https:\/\/www.yucatanencorto.com\/noticias\/wp-content\/uploads\/2025\/03\/WhatsApp-Image-2025-03-26-at-4.05.41-PM-scaled.jpeg","articleSection":["M\u00e9rida"],"inLanguage":"es"},{"@type":"WebPage","@id":"https:\/\/www.yucatanencorto.com\/noticias\/37-mil-862-arboles-han-sido-entregados-con-el-programa-una-familia-un-arbol\/","url":"https:\/\/www.yucatanencorto.com\/noticias\/37-mil-862-arboles-han-sido-entregados-con-el-programa-una-familia-un-arbol\/","name":"37 mil 862 \u00e1rboles han sido entregados con el programa \u201cUna Familia, Un \u00c1rbol\u201d - Yucat\u00e1n en corto","isPartOf":{"@id":"https:\/\/www.yucatanencorto.com\/noticias\/#website"},"primaryImageOfPage":{"@id":"https:\/\/www.yucatanencorto.com\/noticias\/37-mil-862-arboles-han-sido-entregados-con-el-programa-una-familia-un-arbol\/#primaryimage"},"image":{"@id":"https:\/\/www.yucatanencorto.com\/noticias\/37-mil-862-arboles-han-sido-entregados-con-el-programa-una-familia-un-arbol\/#primaryimage"},"thumbnailUrl":"https:\/\/www.yucatanencorto.com\/noticias\/wp-content\/uploads\/2025\/03\/WhatsApp-Image-2025-03-26-at-4.05.41-PM-scaled.jpeg","datePublished":"2025-03-26T22:15:39+00:00","author":{"@id":"https:\/\/www.yucatanencorto.com\/noticias\/#\/schema\/person\/f0ec40c33447bbc0dc2d01d3006de771"},"breadcrumb":{"@id":"https:\/\/www.yucatanencorto.com\/noticias\/37-mil-862-arboles-han-sido-entregados-con-el-programa-una-familia-un-arbol\/#breadcrumb"},"inLanguage":"es","potentialAction":[{"@type":"ReadAction","target":["https:\/\/www.yucatanencorto.com\/noticias\/37-mil-862-arboles-han-sido-entregados-con-el-programa-una-familia-un-arbol\/"]}]},{"@type":"ImageObject","inLanguage":"es","@id":"https:\/\/www.yucatanencorto.com\/noticias\/37-mil-862-arboles-han-sido-entregados-con-el-programa-una-familia-un-arbol\/#primaryimage","url":"https:\/\/www.yucatanencorto.com\/noticias\/wp-content\/uploads\/2025\/03\/WhatsApp-Image-2025-03-26-at-4.05.41-PM-scaled.jpeg","contentUrl":"https:\/\/www.yucatanencorto.com\/noticias\/wp-content\/uploads\/2025\/03\/WhatsApp-Image-2025-03-26-at-4.05.41-PM-scaled.jpeg","width":768,"height":512},{"@type":"BreadcrumbList","@id":"https:\/\/www.yucatanencorto.com\/noticias\/37-mil-862-arboles-han-sido-entregados-con-el-programa-una-familia-un-arbol\/#breadcrumb","itemListElement":[{"@type":"ListItem","position":1,"name":"Portada","item":"https:\/\/www.yucatanencorto.com\/noticias\/"},{"@type":"ListItem","position":2,"name":"37 mil 862 \u00e1rboles han sido entregados con el programa \u201cUna Familia, Un \u00c1rbol\u201d"}]},{"@type":"WebSite","@id":"https:\/\/www.yucatanencorto.com\/noticias\/#website","url":"https:\/\/www.yucatanencorto.com\/noticias\/","name":"Yucat\u00e1n en corto","description":"Noticias","potentialAction":[{"@type":"SearchAction","target":{"@type":"EntryPoint","urlTemplate":"https:\/\/www.yucatanencorto.com\/noticias\/?s={search_term_string}"},"query-input":{"@type":"PropertyValueSpecification","valueRequired":true,"valueName":"search_term_string"}}],"inLanguage":"es"},{"@type":"Person","@id":"https:\/\/www.yucatanencorto.com\/noticias\/#\/schema\/person\/f0ec40c33447bbc0dc2d01d3006de771","name":"Yucat\u00e1n en Corto","image":{"@type":"ImageObject","inLanguage":"es","@id":"https:\/\/secure.gravatar.com\/avatar\/20e0a6b626f38fa8e545fb3f80ce566efd790bf8877e65c3a482460cc3e0b5d1?s=96&d=mm&r=g","url":"https:\/\/secure.gravatar.com\/avatar\/20e0a6b626f38fa8e545fb3f80ce566efd790bf8877e65c3a482460cc3e0b5d1?s=96&d=mm&r=g","contentUrl":"https:\/\/secure.gravatar.com\/avatar\/20e0a6b626f38fa8e545fb3f80ce566efd790bf8877e65c3a482460cc3e0b5d1?s=96&d=mm&r=g","caption":"Yucat\u00e1n en Corto"},"url":"https:\/\/www.yucatanencorto.com\/noticias\/author\/editor25\/"}]}},"_links":{"self":[{"href":"https:\/\/www.yucatanencorto.com\/noticias\/wp-json\/wp\/v2\/posts\/114927","targetHints":{"allow":["GET"]}}],"collection":[{"href":"https:\/\/www.yucatanencorto.com\/noticias\/wp-json\/wp\/v2\/posts"}],"about":[{"href":"https:\/\/www.yucatanencorto.com\/noticias\/wp-json\/wp\/v2\/types\/post"}],"author":[{"embeddable":true,"href":"https:\/\/www.yucatanencorto.com\/noticias\/wp-json\/wp\/v2\/users\/4"}],"replies":[{"embeddable":true,"href":"https:\/\/www.yucatanencorto.com\/noticias\/wp-json\/wp\/v2\/comments?post=114927"}],"version-history":[{"count":0,"href":"https:\/\/www.yucatanencorto.com\/noticias\/wp-json\/wp\/v2\/posts\/114927\/revisions"}],"wp:featuredmedia":[{"embeddable":true,"href":"https:\/\/www.yucatanencorto.com\/noticias\/wp-json\/wp\/v2\/media\/114928"}],"wp:attachment":[{"href":"https:\/\/www.yucatanencorto.com\/noticias\/wp-json\/wp\/v2\/media?parent=114927"}],"wp:term":[{"taxonomy":"category","embeddable":true,"href":"https:\/\/www.yucatanencorto.com\/noticias\/wp-json\/wp\/v2\/categories?post=114927"},{"taxonomy":"post_tag","embeddable":true,"href":"https:\/\/www.yucatanencorto.com\/noticias\/wp-json\/wp\/v2\/tags?post=114927"}],"curies":[{"name":"wp","href":"https:\/\/api.w.org\/{rel}","templated":true}]}}