{"id":114930,"date":"2025-03-31T14:51:41","date_gmt":"2025-03-31T20:51:41","guid":{"rendered":"https:\/\/www.yucatanencorto.com\/noticias\/?p=114930"},"modified":"2025-03-31T14:51:41","modified_gmt":"2025-03-31T20:51:41","slug":"se-realizo-una-nueva-edicion-de-audiencias-con-el-pueblo","status":"publish","type":"post","link":"https:\/\/www.yucatanencorto.com\/noticias\/se-realizo-una-nueva-edicion-de-audiencias-con-el-pueblo\/","title":{"rendered":"Se realiz\u00f3 una nueva edici\u00f3n de Audiencias con el Pueblo"},"content":{"rendered":"<p>&nbsp;<\/p>\n<p><img loading=\"lazy\" decoding=\"async\" class=\"alignnone size-full wp-image-114931\" src=\"https:\/\/www.yucatanencorto.com\/noticias\/wp-content\/uploads\/2025\/03\/WhatsApp-Image-2025-03-31-at-1.23.54-PM-1-scaled.jpeg\" alt=\"\" width=\"768\" height=\"505\" srcset=\"https:\/\/www.yucatanencorto.com\/noticias\/wp-content\/uploads\/2025\/03\/WhatsApp-Image-2025-03-31-at-1.23.54-PM-1-scaled.jpeg 768w, https:\/\/www.yucatanencorto.com\/noticias\/wp-content\/uploads\/2025\/03\/WhatsApp-Image-2025-03-31-at-1.23.54-PM-1-1536x1011.jpeg 1536w, https:\/\/www.yucatanencorto.com\/noticias\/wp-content\/uploads\/2025\/03\/WhatsApp-Image-2025-03-31-at-1.23.54-PM-1-150x99.jpeg 150w, https:\/\/www.yucatanencorto.com\/noticias\/wp-content\/uploads\/2025\/03\/WhatsApp-Image-2025-03-31-at-1.23.54-PM-1-300x197.jpeg 300w, https:\/\/www.yucatanencorto.com\/noticias\/wp-content\/uploads\/2025\/03\/WhatsApp-Image-2025-03-31-at-1.23.54-PM-1-696x458.jpeg 696w, https:\/\/www.yucatanencorto.com\/noticias\/wp-content\/uploads\/2025\/03\/WhatsApp-Image-2025-03-31-at-1.23.54-PM-1-1068x703.jpeg 1068w\" sizes=\"auto, (max-width: 768px) 100vw, 768px\" \/><\/p>\n<p>M\u00e9rida Yucat\u00e1n, a 31 de marzo de 2025<\/p>\n<p>Con el firme compromiso de escuchar y atender oportunamente las necesidades m\u00e1s sentidas del pueblo yucateco, el Gobernador Joaqu\u00edn D\u00edaz Mena encabez\u00f3 la jornada del mes de marzo de las Audiencias con el Pueblo, ejercicio de di\u00e1logo directo y puertas abiertas con los ciudadanos.<\/p>\n<p>Desde el patio central del Palacio de Gobierno, el mandatario estatal, acompa\u00f1ado de los integrantes de su Gabinete, as\u00ed como de la presidenta honoraria del Sistema para el Desarrollo Integral de la Familia (DIF) Yucat\u00e1n, la maestra Wendy M\u00e9ndez Naal, afirm\u00f3 que en el Renacimiento Maya no se dar\u00e1 la espalda al pueblo; por el contrario, se le escuchar\u00e1 y, junto a \u00e9l, se construir\u00e1 el Yucat\u00e1n que las familias merecen.<\/p>\n<p>\u00abEstamos aqu\u00ed porque creemos en un Gobierno cercano, humano y sensible que no se encierra en las oficinas, sino que sale al encuentro con el pueblo para construir juntos un mejor Yucat\u00e1n\u00bb, asever\u00f3 el titular del Ejecutivo estatal.<\/p>\n<p>En ese sentido, D\u00edaz Mena record\u00f3 que el pueblo yucateco cre\u00f3 el Plan Estatal de Desarrollo 2024-2030, una ruta clara que marcar\u00e1 el Renacimiento Maya de Yucat\u00e1n y transformar\u00e1 la vida de los yucatecos con mejores oportunidades para todas y todos, as\u00ed como una justicia social que cierre la brecha de la desigualdad.<\/p>\n<p>\u00abEste es el momento de construir un gran Yucat\u00e1n, donde el desarrollo no sea para unos cuantos, sino para todos, donde el crecimiento econ\u00f3mico se refleje en los bolsillos de la gente y donde la riqueza de nuestra cultura maya e historia se convierta en oportunidades para el futuro\u00bb, afirm\u00f3.<\/p>\n<p>Durante las Audiencias con el Pueblo, que hoy efectu\u00f3 su quinta jornada en lo que va de la administraci\u00f3n, Pl\u00e1cido May Chabl\u00e9 dijo sentirse privilegiado por estar aqu\u00ed, en Palacio de Gobierno, porque, asegur\u00f3, de esta forma se nota el respaldo muy grande del Gobernador.<\/p>\n<p>El hombre, originario de Cepeda Peraza, comisar\u00eda de Tekax, explic\u00f3 que en d\u00edas pasados aprovech\u00f3 la visita de D\u00edaz Mena a su municipio para ponerse en contacto con \u00e9l, pedir una cita, acudir este d\u00eda y solicitar apoyo a fin de iniciar un emprendimiento para mejorar su econom\u00eda.<\/p>\n<p>\u201cSoy un peque\u00f1o emprendedor de urdido de hamacas y venta de semillas, pero si hay un apoyo de parte de nuestro Gobierno, entonces podr\u00eda hacer una compra un poquito grande y ah\u00ed se pueden ver los resultados. Agradezco mucho esta audiencia que otorga el Gobernador porque los que han pasado nunca nos han ofrecido la oportunidad, pero ahora veo que hay mucha accesibilidad. Tenemos un Gobernador con puertas abiertas, con coraz\u00f3n abierto\u201d, indic\u00f3 el originario de Tekax.<\/p>\n<p>Asimismo, Sandra Esquivel Dzul acudi\u00f3 esta ma\u00f1ana para solicitar apoyo a fin de encontrar un terreno donde vivir. Asegur\u00f3 que busca aprovechar la oportunidad para ser escuchada por el Gobernador, al igual que muchas otras personas la han tenido en versiones pasadas de estas audiencias, las cuales calific\u00f3 de \u201cmagn\u00edficas\u201d.<\/p>\n<p>\u201cEs lo mejor que puede hacer, le aplaudo eso y eso es excelente porque nos da la oportunidad a nosotros para poder venir, platicar, dialogar con \u00e9l lo que nos sucede o necesitamos. Excelente, hay que esperar y todo, pero es magn\u00edfico y me parece s\u00faper bien que lo haga porque as\u00ed puede escuchar a toda la gente\u201d, indic\u00f3 la madre de familia originaria de M\u00e9rida.<\/p>\n<p>Junto con los titulares de las dependencias de la administraci\u00f3n estatal e instancias federales, el Gobernador D\u00edaz Mena contin\u00faa recibiendo personalmente a gente de todo el estado para escuchar sus requerimientos personales y los de sus comunidades, reiterando su compromiso de trabajar por y para el pueblo.<\/p>\n<p>Para facilitar a las yucatecas y los yucatecos su participaci\u00f3n en las Audiencias Ciudadanas, los interesados solo deben comunicarse al tel\u00e9fono 9999-303100, Ext. 10110, o acudir a la oficina de Atenci\u00f3n Ciudadana en Palacio de Gobierno para solicitar la audiencia y agendar una cita con hora y fecha espec\u00edficas. As\u00ed, se evitan largos tr\u00e1mites y esperas que se pudieran prolongar por horas.<\/p>\n","protected":false},"excerpt":{"rendered":"<p>&nbsp; M\u00e9rida Yucat\u00e1n, a 31 de marzo de 2025 Con el firme compromiso de escuchar y atender oportunamente las necesidades m\u00e1s sentidas del pueblo yucateco, el Gobernador Joaqu\u00edn D\u00edaz Mena encabez\u00f3 la jornada del mes de marzo de las Audiencias con el Pueblo, ejercicio de di\u00e1logo directo y puertas abiertas con los ciudadanos. Desde el [&hellip;]<\/p>\n","protected":false},"author":4,"featured_media":114931,"comment_status":"closed","ping_status":"closed","sticky":false,"template":"","format":"standard","meta":{"footnotes":""},"categories":[3],"tags":[],"class_list":{"0":"post-114930","1":"post","2":"type-post","3":"status-publish","4":"format-standard","5":"has-post-thumbnail","7":"category-yucatan"},"yoast_head":"<!-- This site is optimized with the Yoast SEO plugin v27.4 - https:\/\/yoast.com\/product\/yoast-seo-wordpress\/ -->\n<title>Se realiz\u00f3 una nueva edici\u00f3n de Audiencias con el Pueblo - Yucat\u00e1n en corto<\/title>\n<meta name=\"robots\" content=\"index, follow, max-snippet:-1, max-image-preview:large, max-video-preview:-1\" \/>\n<link rel=\"canonical\" href=\"https:\/\/www.yucatanencorto.com\/noticias\/se-realizo-una-nueva-edicion-de-audiencias-con-el-pueblo\/\" \/>\n<meta property=\"og:locale\" content=\"es_ES\" \/>\n<meta property=\"og:type\" content=\"article\" \/>\n<meta property=\"og:title\" content=\"Se realiz\u00f3 una nueva edici\u00f3n de Audiencias con el Pueblo - Yucat\u00e1n en corto\" \/>\n<meta property=\"og:description\" content=\"&nbsp; M\u00e9rida Yucat\u00e1n, a 31 de marzo de 2025 Con el firme compromiso de escuchar y atender oportunamente las necesidades m\u00e1s sentidas del pueblo yucateco, el Gobernador Joaqu\u00edn D\u00edaz Mena encabez\u00f3 la jornada del mes de marzo de las Audiencias con el Pueblo, ejercicio de di\u00e1logo directo y puertas abiertas con los ciudadanos. Desde el [&hellip;]\" \/>\n<meta property=\"og:url\" content=\"https:\/\/www.yucatanencorto.com\/noticias\/se-realizo-una-nueva-edicion-de-audiencias-con-el-pueblo\/\" \/>\n<meta property=\"og:site_name\" content=\"Yucat\u00e1n en corto\" \/>\n<meta property=\"article:publisher\" content=\"http:\/\/www.facebook.com\/yucatanencorto\" \/>\n<meta property=\"article:published_time\" content=\"2025-03-31T20:51:41+00:00\" \/>\n<meta property=\"og:image\" content=\"https:\/\/www.yucatanencorto.com\/noticias\/wp-content\/uploads\/2025\/03\/WhatsApp-Image-2025-03-31-at-1.23.54-PM-1-scaled.jpeg\" \/>\n\t<meta property=\"og:image:width\" content=\"768\" \/>\n\t<meta property=\"og:image:height\" content=\"505\" \/>\n\t<meta property=\"og:image:type\" content=\"image\/jpeg\" \/>\n<meta name=\"author\" content=\"Yucat\u00e1n en Corto\" \/>\n<meta name=\"twitter:card\" content=\"summary_large_image\" \/>\n<meta name=\"twitter:creator\" content=\"@yucatanencorto\" \/>\n<meta name=\"twitter:site\" content=\"@yucatanencorto\" \/>\n<meta name=\"twitter:label1\" content=\"Escrito por\" \/>\n\t<meta name=\"twitter:data1\" content=\"Yucat\u00e1n en Corto\" \/>\n\t<meta name=\"twitter:label2\" content=\"Tiempo de lectura\" \/>\n\t<meta name=\"twitter:data2\" content=\"4 minutos\" \/>\n<script type=\"application\/ld+json\" class=\"yoast-schema-graph\">{\"@context\":\"https:\\\/\\\/schema.org\",\"@graph\":[{\"@type\":\"Article\",\"@id\":\"https:\\\/\\\/www.yucatanencorto.com\\\/noticias\\\/se-realizo-una-nueva-edicion-de-audiencias-con-el-pueblo\\\/#article\",\"isPartOf\":{\"@id\":\"https:\\\/\\\/www.yucatanencorto.com\\\/noticias\\\/se-realizo-una-nueva-edicion-de-audiencias-con-el-pueblo\\\/\"},\"author\":{\"name\":\"Yucat\u00e1n en Corto\",\"@id\":\"https:\\\/\\\/www.yucatanencorto.com\\\/noticias\\\/#\\\/schema\\\/person\\\/f0ec40c33447bbc0dc2d01d3006de771\"},\"headline\":\"Se realiz\u00f3 una nueva edici\u00f3n de Audiencias con el Pueblo\",\"datePublished\":\"2025-03-31T20:51:41+00:00\",\"mainEntityOfPage\":{\"@id\":\"https:\\\/\\\/www.yucatanencorto.com\\\/noticias\\\/se-realizo-una-nueva-edicion-de-audiencias-con-el-pueblo\\\/\"},\"wordCount\":706,\"image\":{\"@id\":\"https:\\\/\\\/www.yucatanencorto.com\\\/noticias\\\/se-realizo-una-nueva-edicion-de-audiencias-con-el-pueblo\\\/#primaryimage\"},\"thumbnailUrl\":\"https:\\\/\\\/www.yucatanencorto.com\\\/noticias\\\/wp-content\\\/uploads\\\/2025\\\/03\\\/WhatsApp-Image-2025-03-31-at-1.23.54-PM-1-scaled.jpeg\",\"articleSection\":[\"Yucat\u00e1n\"],\"inLanguage\":\"es\"},{\"@type\":\"WebPage\",\"@id\":\"https:\\\/\\\/www.yucatanencorto.com\\\/noticias\\\/se-realizo-una-nueva-edicion-de-audiencias-con-el-pueblo\\\/\",\"url\":\"https:\\\/\\\/www.yucatanencorto.com\\\/noticias\\\/se-realizo-una-nueva-edicion-de-audiencias-con-el-pueblo\\\/\",\"name\":\"Se realiz\u00f3 una nueva edici\u00f3n de Audiencias con el Pueblo - Yucat\u00e1n en corto\",\"isPartOf\":{\"@id\":\"https:\\\/\\\/www.yucatanencorto.com\\\/noticias\\\/#website\"},\"primaryImageOfPage\":{\"@id\":\"https:\\\/\\\/www.yucatanencorto.com\\\/noticias\\\/se-realizo-una-nueva-edicion-de-audiencias-con-el-pueblo\\\/#primaryimage\"},\"image\":{\"@id\":\"https:\\\/\\\/www.yucatanencorto.com\\\/noticias\\\/se-realizo-una-nueva-edicion-de-audiencias-con-el-pueblo\\\/#primaryimage\"},\"thumbnailUrl\":\"https:\\\/\\\/www.yucatanencorto.com\\\/noticias\\\/wp-content\\\/uploads\\\/2025\\\/03\\\/WhatsApp-Image-2025-03-31-at-1.23.54-PM-1-scaled.jpeg\",\"datePublished\":\"2025-03-31T20:51:41+00:00\",\"author\":{\"@id\":\"https:\\\/\\\/www.yucatanencorto.com\\\/noticias\\\/#\\\/schema\\\/person\\\/f0ec40c33447bbc0dc2d01d3006de771\"},\"breadcrumb\":{\"@id\":\"https:\\\/\\\/www.yucatanencorto.com\\\/noticias\\\/se-realizo-una-nueva-edicion-de-audiencias-con-el-pueblo\\\/#breadcrumb\"},\"inLanguage\":\"es\",\"potentialAction\":[{\"@type\":\"ReadAction\",\"target\":[\"https:\\\/\\\/www.yucatanencorto.com\\\/noticias\\\/se-realizo-una-nueva-edicion-de-audiencias-con-el-pueblo\\\/\"]}]},{\"@type\":\"ImageObject\",\"inLanguage\":\"es\",\"@id\":\"https:\\\/\\\/www.yucatanencorto.com\\\/noticias\\\/se-realizo-una-nueva-edicion-de-audiencias-con-el-pueblo\\\/#primaryimage\",\"url\":\"https:\\\/\\\/www.yucatanencorto.com\\\/noticias\\\/wp-content\\\/uploads\\\/2025\\\/03\\\/WhatsApp-Image-2025-03-31-at-1.23.54-PM-1-scaled.jpeg\",\"contentUrl\":\"https:\\\/\\\/www.yucatanencorto.com\\\/noticias\\\/wp-content\\\/uploads\\\/2025\\\/03\\\/WhatsApp-Image-2025-03-31-at-1.23.54-PM-1-scaled.jpeg\",\"width\":768,\"height\":505},{\"@type\":\"BreadcrumbList\",\"@id\":\"https:\\\/\\\/www.yucatanencorto.com\\\/noticias\\\/se-realizo-una-nueva-edicion-de-audiencias-con-el-pueblo\\\/#breadcrumb\",\"itemListElement\":[{\"@type\":\"ListItem\",\"position\":1,\"name\":\"Portada\",\"item\":\"https:\\\/\\\/www.yucatanencorto.com\\\/noticias\\\/\"},{\"@type\":\"ListItem\",\"position\":2,\"name\":\"Se realiz\u00f3 una nueva edici\u00f3n de Audiencias con el Pueblo\"}]},{\"@type\":\"WebSite\",\"@id\":\"https:\\\/\\\/www.yucatanencorto.com\\\/noticias\\\/#website\",\"url\":\"https:\\\/\\\/www.yucatanencorto.com\\\/noticias\\\/\",\"name\":\"Yucat\u00e1n en corto\",\"description\":\"Noticias\",\"potentialAction\":[{\"@type\":\"SearchAction\",\"target\":{\"@type\":\"EntryPoint\",\"urlTemplate\":\"https:\\\/\\\/www.yucatanencorto.com\\\/noticias\\\/?s={search_term_string}\"},\"query-input\":{\"@type\":\"PropertyValueSpecification\",\"valueRequired\":true,\"valueName\":\"search_term_string\"}}],\"inLanguage\":\"es\"},{\"@type\":\"Person\",\"@id\":\"https:\\\/\\\/www.yucatanencorto.com\\\/noticias\\\/#\\\/schema\\\/person\\\/f0ec40c33447bbc0dc2d01d3006de771\",\"name\":\"Yucat\u00e1n en Corto\",\"image\":{\"@type\":\"ImageObject\",\"inLanguage\":\"es\",\"@id\":\"https:\\\/\\\/secure.gravatar.com\\\/avatar\\\/20e0a6b626f38fa8e545fb3f80ce566efd790bf8877e65c3a482460cc3e0b5d1?s=96&d=mm&r=g\",\"url\":\"https:\\\/\\\/secure.gravatar.com\\\/avatar\\\/20e0a6b626f38fa8e545fb3f80ce566efd790bf8877e65c3a482460cc3e0b5d1?s=96&d=mm&r=g\",\"contentUrl\":\"https:\\\/\\\/secure.gravatar.com\\\/avatar\\\/20e0a6b626f38fa8e545fb3f80ce566efd790bf8877e65c3a482460cc3e0b5d1?s=96&d=mm&r=g\",\"caption\":\"Yucat\u00e1n en Corto\"},\"url\":\"https:\\\/\\\/www.yucatanencorto.com\\\/noticias\\\/author\\\/editor25\\\/\"}]}<\/script>\n<!-- \/ Yoast SEO plugin. -->","yoast_head_json":{"title":"Se realiz\u00f3 una nueva edici\u00f3n de Audiencias con el Pueblo - Yucat\u00e1n en corto","robots":{"index":"index","follow":"follow","max-snippet":"max-snippet:-1","max-image-preview":"max-image-preview:large","max-video-preview":"max-video-preview:-1"},"canonical":"https:\/\/www.yucatanencorto.com\/noticias\/se-realizo-una-nueva-edicion-de-audiencias-con-el-pueblo\/","og_locale":"es_ES","og_type":"article","og_title":"Se realiz\u00f3 una nueva edici\u00f3n de Audiencias con el Pueblo - Yucat\u00e1n en corto","og_description":"&nbsp; M\u00e9rida Yucat\u00e1n, a 31 de marzo de 2025 Con el firme compromiso de escuchar y atender oportunamente las necesidades m\u00e1s sentidas del pueblo yucateco, el Gobernador Joaqu\u00edn D\u00edaz Mena encabez\u00f3 la jornada del mes de marzo de las Audiencias con el Pueblo, ejercicio de di\u00e1logo directo y puertas abiertas con los ciudadanos. Desde el [&hellip;]","og_url":"https:\/\/www.yucatanencorto.com\/noticias\/se-realizo-una-nueva-edicion-de-audiencias-con-el-pueblo\/","og_site_name":"Yucat\u00e1n en corto","article_publisher":"http:\/\/www.facebook.com\/yucatanencorto","article_published_time":"2025-03-31T20:51:41+00:00","og_image":[{"width":768,"height":505,"url":"https:\/\/www.yucatanencorto.com\/noticias\/wp-content\/uploads\/2025\/03\/WhatsApp-Image-2025-03-31-at-1.23.54-PM-1-scaled.jpeg","type":"image\/jpeg"}],"author":"Yucat\u00e1n en Corto","twitter_card":"summary_large_image","twitter_creator":"@yucatanencorto","twitter_site":"@yucatanencorto","twitter_misc":{"Escrito por":"Yucat\u00e1n en Corto","Tiempo de lectura":"4 minutos"},"schema":{"@context":"https:\/\/schema.org","@graph":[{"@type":"Article","@id":"https:\/\/www.yucatanencorto.com\/noticias\/se-realizo-una-nueva-edicion-de-audiencias-con-el-pueblo\/#article","isPartOf":{"@id":"https:\/\/www.yucatanencorto.com\/noticias\/se-realizo-una-nueva-edicion-de-audiencias-con-el-pueblo\/"},"author":{"name":"Yucat\u00e1n en Corto","@id":"https:\/\/www.yucatanencorto.com\/noticias\/#\/schema\/person\/f0ec40c33447bbc0dc2d01d3006de771"},"headline":"Se realiz\u00f3 una nueva edici\u00f3n de Audiencias con el Pueblo","datePublished":"2025-03-31T20:51:41+00:00","mainEntityOfPage":{"@id":"https:\/\/www.yucatanencorto.com\/noticias\/se-realizo-una-nueva-edicion-de-audiencias-con-el-pueblo\/"},"wordCount":706,"image":{"@id":"https:\/\/www.yucatanencorto.com\/noticias\/se-realizo-una-nueva-edicion-de-audiencias-con-el-pueblo\/#primaryimage"},"thumbnailUrl":"https:\/\/www.yucatanencorto.com\/noticias\/wp-content\/uploads\/2025\/03\/WhatsApp-Image-2025-03-31-at-1.23.54-PM-1-scaled.jpeg","articleSection":["Yucat\u00e1n"],"inLanguage":"es"},{"@type":"WebPage","@id":"https:\/\/www.yucatanencorto.com\/noticias\/se-realizo-una-nueva-edicion-de-audiencias-con-el-pueblo\/","url":"https:\/\/www.yucatanencorto.com\/noticias\/se-realizo-una-nueva-edicion-de-audiencias-con-el-pueblo\/","name":"Se realiz\u00f3 una nueva edici\u00f3n de Audiencias con el Pueblo - Yucat\u00e1n en corto","isPartOf":{"@id":"https:\/\/www.yucatanencorto.com\/noticias\/#website"},"primaryImageOfPage":{"@id":"https:\/\/www.yucatanencorto.com\/noticias\/se-realizo-una-nueva-edicion-de-audiencias-con-el-pueblo\/#primaryimage"},"image":{"@id":"https:\/\/www.yucatanencorto.com\/noticias\/se-realizo-una-nueva-edicion-de-audiencias-con-el-pueblo\/#primaryimage"},"thumbnailUrl":"https:\/\/www.yucatanencorto.com\/noticias\/wp-content\/uploads\/2025\/03\/WhatsApp-Image-2025-03-31-at-1.23.54-PM-1-scaled.jpeg","datePublished":"2025-03-31T20:51:41+00:00","author":{"@id":"https:\/\/www.yucatanencorto.com\/noticias\/#\/schema\/person\/f0ec40c33447bbc0dc2d01d3006de771"},"breadcrumb":{"@id":"https:\/\/www.yucatanencorto.com\/noticias\/se-realizo-una-nueva-edicion-de-audiencias-con-el-pueblo\/#breadcrumb"},"inLanguage":"es","potentialAction":[{"@type":"ReadAction","target":["https:\/\/www.yucatanencorto.com\/noticias\/se-realizo-una-nueva-edicion-de-audiencias-con-el-pueblo\/"]}]},{"@type":"ImageObject","inLanguage":"es","@id":"https:\/\/www.yucatanencorto.com\/noticias\/se-realizo-una-nueva-edicion-de-audiencias-con-el-pueblo\/#primaryimage","url":"https:\/\/www.yucatanencorto.com\/noticias\/wp-content\/uploads\/2025\/03\/WhatsApp-Image-2025-03-31-at-1.23.54-PM-1-scaled.jpeg","contentUrl":"https:\/\/www.yucatanencorto.com\/noticias\/wp-content\/uploads\/2025\/03\/WhatsApp-Image-2025-03-31-at-1.23.54-PM-1-scaled.jpeg","width":768,"height":505},{"@type":"BreadcrumbList","@id":"https:\/\/www.yucatanencorto.com\/noticias\/se-realizo-una-nueva-edicion-de-audiencias-con-el-pueblo\/#breadcrumb","itemListElement":[{"@type":"ListItem","position":1,"name":"Portada","item":"https:\/\/www.yucatanencorto.com\/noticias\/"},{"@type":"ListItem","position":2,"name":"Se realiz\u00f3 una nueva edici\u00f3n de Audiencias con el Pueblo"}]},{"@type":"WebSite","@id":"https:\/\/www.yucatanencorto.com\/noticias\/#website","url":"https:\/\/www.yucatanencorto.com\/noticias\/","name":"Yucat\u00e1n en corto","description":"Noticias","potentialAction":[{"@type":"SearchAction","target":{"@type":"EntryPoint","urlTemplate":"https:\/\/www.yucatanencorto.com\/noticias\/?s={search_term_string}"},"query-input":{"@type":"PropertyValueSpecification","valueRequired":true,"valueName":"search_term_string"}}],"inLanguage":"es"},{"@type":"Person","@id":"https:\/\/www.yucatanencorto.com\/noticias\/#\/schema\/person\/f0ec40c33447bbc0dc2d01d3006de771","name":"Yucat\u00e1n en Corto","image":{"@type":"ImageObject","inLanguage":"es","@id":"https:\/\/secure.gravatar.com\/avatar\/20e0a6b626f38fa8e545fb3f80ce566efd790bf8877e65c3a482460cc3e0b5d1?s=96&d=mm&r=g","url":"https:\/\/secure.gravatar.com\/avatar\/20e0a6b626f38fa8e545fb3f80ce566efd790bf8877e65c3a482460cc3e0b5d1?s=96&d=mm&r=g","contentUrl":"https:\/\/secure.gravatar.com\/avatar\/20e0a6b626f38fa8e545fb3f80ce566efd790bf8877e65c3a482460cc3e0b5d1?s=96&d=mm&r=g","caption":"Yucat\u00e1n en Corto"},"url":"https:\/\/www.yucatanencorto.com\/noticias\/author\/editor25\/"}]}},"_links":{"self":[{"href":"https:\/\/www.yucatanencorto.com\/noticias\/wp-json\/wp\/v2\/posts\/114930","targetHints":{"allow":["GET"]}}],"collection":[{"href":"https:\/\/www.yucatanencorto.com\/noticias\/wp-json\/wp\/v2\/posts"}],"about":[{"href":"https:\/\/www.yucatanencorto.com\/noticias\/wp-json\/wp\/v2\/types\/post"}],"author":[{"embeddable":true,"href":"https:\/\/www.yucatanencorto.com\/noticias\/wp-json\/wp\/v2\/users\/4"}],"replies":[{"embeddable":true,"href":"https:\/\/www.yucatanencorto.com\/noticias\/wp-json\/wp\/v2\/comments?post=114930"}],"version-history":[{"count":0,"href":"https:\/\/www.yucatanencorto.com\/noticias\/wp-json\/wp\/v2\/posts\/114930\/revisions"}],"wp:featuredmedia":[{"embeddable":true,"href":"https:\/\/www.yucatanencorto.com\/noticias\/wp-json\/wp\/v2\/media\/114931"}],"wp:attachment":[{"href":"https:\/\/www.yucatanencorto.com\/noticias\/wp-json\/wp\/v2\/media?parent=114930"}],"wp:term":[{"taxonomy":"category","embeddable":true,"href":"https:\/\/www.yucatanencorto.com\/noticias\/wp-json\/wp\/v2\/categories?post=114930"},{"taxonomy":"post_tag","embeddable":true,"href":"https:\/\/www.yucatanencorto.com\/noticias\/wp-json\/wp\/v2\/tags?post=114930"}],"curies":[{"name":"wp","href":"https:\/\/api.w.org\/{rel}","templated":true}]}}