{"id":114936,"date":"2025-03-31T15:46:10","date_gmt":"2025-03-31T21:46:10","guid":{"rendered":"https:\/\/www.yucatanencorto.com\/noticias\/?p=114936"},"modified":"2025-03-31T15:46:10","modified_gmt":"2025-03-31T21:46:10","slug":"mas-de-30-actividades-artisticas-en-cuatro-municipios-durante-abril","status":"publish","type":"post","link":"https:\/\/www.yucatanencorto.com\/noticias\/mas-de-30-actividades-artisticas-en-cuatro-municipios-durante-abril\/","title":{"rendered":"M\u00e1s de 30 actividades art\u00edsticas en cuatro municipios durante abril"},"content":{"rendered":"<p><img loading=\"lazy\" decoding=\"async\" class=\"alignnone size-full wp-image-114937\" src=\"https:\/\/www.yucatanencorto.com\/noticias\/wp-content\/uploads\/2025\/03\/WhatsApp-Image-2025-03-31-at-2.39.44-PM-scaled.jpeg\" alt=\"\" width=\"768\" height=\"512\" srcset=\"https:\/\/www.yucatanencorto.com\/noticias\/wp-content\/uploads\/2025\/03\/WhatsApp-Image-2025-03-31-at-2.39.44-PM-scaled.jpeg 768w, https:\/\/www.yucatanencorto.com\/noticias\/wp-content\/uploads\/2025\/03\/WhatsApp-Image-2025-03-31-at-2.39.44-PM-1536x1023.jpeg 1536w, https:\/\/www.yucatanencorto.com\/noticias\/wp-content\/uploads\/2025\/03\/WhatsApp-Image-2025-03-31-at-2.39.44-PM-150x100.jpeg 150w, https:\/\/www.yucatanencorto.com\/noticias\/wp-content\/uploads\/2025\/03\/WhatsApp-Image-2025-03-31-at-2.39.44-PM-300x200.jpeg 300w, https:\/\/www.yucatanencorto.com\/noticias\/wp-content\/uploads\/2025\/03\/WhatsApp-Image-2025-03-31-at-2.39.44-PM-696x464.jpeg 696w, https:\/\/www.yucatanencorto.com\/noticias\/wp-content\/uploads\/2025\/03\/WhatsApp-Image-2025-03-31-at-2.39.44-PM-1068x712.jpeg 1068w\" sizes=\"auto, (max-width: 768px) 100vw, 768px\" \/><\/p>\n<p>M\u00e9rida, Yucat\u00e1n, a 31 de marzo de 2025<\/p>\n<p>Los municipios de Tizim\u00edn, Sucil\u00e1, Sey\u00e9 y M\u00e9rida ser\u00e1n la sede de 32 actividades art\u00edsticas con acceso completamente libre, que ser\u00e1n presentadas y protagonizadas por creadoras y creadores de Yucat\u00e1n que participaron en el Programa de Est\u00edmulo a la Creaci\u00f3n y Desarrollo Art\u00edstico (PECDA).<\/p>\n<p>Del 3 de abril al 3 de mayo pr\u00f3ximos, se desarrollar\u00e1 en las localidades mencionadas la Muestra de proyectos beneficiados en la emisi\u00f3n correspondiente a dicha convocatoria, como parte de su objetivo: abrir espacios para que la comunidad art\u00edstica comparta su talento, destacando la diversidad cultural de la regi\u00f3n.<\/p>\n<p>Esta serie de exposiciones, presentaciones esc\u00e9nicas, instalaciones visuales interactivas, performance, conciertos, conversatorios, presentaciones de libros, entre otras actividades, es resultado del trabajo coordinado entre la Secretar\u00eda de la Cultura y las Artes (Sedeculta) del Gobierno de Yucat\u00e1n y la Secretar\u00eda de Cultura del Gobierno de M\u00e9xico.<\/p>\n<p>En concordancia con el prop\u00f3sito del Renacimiento Maya impulsado por el Gobernador Joaqu\u00edn D\u00edaz Mena, de descentralizar la presentaci\u00f3n de expresiones art\u00edsticas y culturales, la Sedeculta organiza esta muestra que es posible con el apoyo del Sistema de Apoyos a la Creaci\u00f3n y Proyectos Culturales, el cual permite la realizaci\u00f3n de las 33 actividades que integran esta jornada cultural.<\/p>\n<p>Las actividades que forman el programa est\u00e1n divididas por disciplinas art\u00edsticas, en este caso artes visuales, danza, literatura y literatura en lenguas originarias, interdisciplina, medios audiovisuales y alternativos, m\u00fasica y teatro.<\/p>\n<p>Destacan en este los proyectos de dos adolescentes, Frida Paloma Guzm\u00e1n, en artes visuales, y Luciana Rodr\u00edguez Espadas, en m\u00fasica, quienes con su creatividad y visi\u00f3n inspiran a la juventud a desarrollar sus propios proyectos creativos.<\/p>\n<p>En artes visuales, se podr\u00e1 conocer las obras de Karen Stephany Kant\u00fan Garrido, Paula Marian Rodr\u00edguez Ponciano, Erick de Gorostegui Pulido, Dinah Yukari Uzeta Amano y Mauricio Gonz\u00e1lez Badillo; en medios audiovisuales y alternativos, participan Jes\u00fas Arturo Guevara Bolio, David Fernando Poot Fuentes, Rosa Claudia Lora Krstulovic e Isaac Zambra Isaac.<\/p>\n<p>En artes esc\u00e9nicas, se contar\u00e1 con presentaciones de Andr\u00e9s Emilio de Jes\u00fas Alonzo D\u00edaz, Mar\u00eda de la Luz Gonz\u00e1lez Cen, Georgina Nataschia Rodr\u00edguez Lara y Miguel \u00c1ngel Canto Peraza. En danza se presentar\u00e1n Sandra Iveth Tinal Cab y Uri Campos Ruiz, mientras que en arte interdisciplinario participan Andrea Monforte Camelo, Mariela Boj\u00f3rquez, Larisa Margarita L\u00f3pez Barredo, Marytere Noemy Narv\u00e1ez Castillo, Rodolfo Ju\u00e1rez y Estefani Anaid Hern\u00e1ndez P\u00e9rez.<\/p>\n<p>La muestra PECDA incluye en literatura a Esteban Goff Peniche, Carla Teresa Alonzo Lizama, Edson Jair Mart\u00ednez Algar\u00edn, Mar\u00eda Margarita G\u00f3mez P\u00e9rez y Luis Antonio Canch\u00e9 Brice\u00f1o. En cuanto a m\u00fasica participan Luisa Mercedes Fuentes Palma, Blanca Fuentes Valencia, Melanie Ivonne L\u00f3pez Herrera y Alejandro Javier Castilla Pinto.<\/p>\n<p>Con estos trabajos el PECDA reafirma su compromiso con el Estado de Yucat\u00e1n a trav\u00e9s del impulso a la creaci\u00f3n art\u00edstica, la transparencia en la gesti\u00f3n de apoyos y la proyecci\u00f3n del talento local.<\/p>\n<p>Esta muestra representa una invitaci\u00f3n a la comunidad para disfrutar, valorar y acompa\u00f1ar el arte que enriquece la identidad cultural de la regi\u00f3n. Consulta la cartelera de actividades en www.cultura.yucatan.gob.mx. y en las redes sociales oficiales de la Sedeculta.<\/p>\n","protected":false},"excerpt":{"rendered":"<p>M\u00e9rida, Yucat\u00e1n, a 31 de marzo de 2025 Los municipios de Tizim\u00edn, Sucil\u00e1, Sey\u00e9 y M\u00e9rida ser\u00e1n la sede de 32 actividades art\u00edsticas con acceso completamente libre, que ser\u00e1n presentadas y protagonizadas por creadoras y creadores de Yucat\u00e1n que participaron en el Programa de Est\u00edmulo a la Creaci\u00f3n y Desarrollo Art\u00edstico (PECDA). Del 3 de [&hellip;]<\/p>\n","protected":false},"author":4,"featured_media":114937,"comment_status":"closed","ping_status":"closed","sticky":false,"template":"","format":"standard","meta":{"footnotes":""},"categories":[3],"tags":[],"class_list":{"0":"post-114936","1":"post","2":"type-post","3":"status-publish","4":"format-standard","5":"has-post-thumbnail","7":"category-yucatan"},"yoast_head":"<!-- This site is optimized with the Yoast SEO plugin v27.4 - https:\/\/yoast.com\/product\/yoast-seo-wordpress\/ -->\n<title>M\u00e1s de 30 actividades art\u00edsticas en cuatro municipios durante abril - Yucat\u00e1n en corto<\/title>\n<meta name=\"robots\" content=\"index, follow, max-snippet:-1, max-image-preview:large, max-video-preview:-1\" \/>\n<link rel=\"canonical\" href=\"https:\/\/www.yucatanencorto.com\/noticias\/mas-de-30-actividades-artisticas-en-cuatro-municipios-durante-abril\/\" \/>\n<meta property=\"og:locale\" content=\"es_ES\" \/>\n<meta property=\"og:type\" content=\"article\" \/>\n<meta property=\"og:title\" content=\"M\u00e1s de 30 actividades art\u00edsticas en cuatro municipios durante abril - Yucat\u00e1n en corto\" \/>\n<meta property=\"og:description\" content=\"M\u00e9rida, Yucat\u00e1n, a 31 de marzo de 2025 Los municipios de Tizim\u00edn, Sucil\u00e1, Sey\u00e9 y M\u00e9rida ser\u00e1n la sede de 32 actividades art\u00edsticas con acceso completamente libre, que ser\u00e1n presentadas y protagonizadas por creadoras y creadores de Yucat\u00e1n que participaron en el Programa de Est\u00edmulo a la Creaci\u00f3n y Desarrollo Art\u00edstico (PECDA). Del 3 de [&hellip;]\" \/>\n<meta property=\"og:url\" content=\"https:\/\/www.yucatanencorto.com\/noticias\/mas-de-30-actividades-artisticas-en-cuatro-municipios-durante-abril\/\" \/>\n<meta property=\"og:site_name\" content=\"Yucat\u00e1n en corto\" \/>\n<meta property=\"article:publisher\" content=\"http:\/\/www.facebook.com\/yucatanencorto\" \/>\n<meta property=\"article:published_time\" content=\"2025-03-31T21:46:10+00:00\" \/>\n<meta property=\"og:image\" content=\"https:\/\/www.yucatanencorto.com\/noticias\/wp-content\/uploads\/2025\/03\/WhatsApp-Image-2025-03-31-at-2.39.44-PM-scaled.jpeg\" \/>\n\t<meta property=\"og:image:width\" content=\"768\" \/>\n\t<meta property=\"og:image:height\" content=\"512\" \/>\n\t<meta property=\"og:image:type\" content=\"image\/jpeg\" \/>\n<meta name=\"author\" content=\"Yucat\u00e1n en Corto\" \/>\n<meta name=\"twitter:card\" content=\"summary_large_image\" \/>\n<meta name=\"twitter:creator\" content=\"@yucatanencorto\" \/>\n<meta name=\"twitter:site\" content=\"@yucatanencorto\" \/>\n<meta name=\"twitter:label1\" content=\"Escrito por\" \/>\n\t<meta name=\"twitter:data1\" content=\"Yucat\u00e1n en Corto\" \/>\n\t<meta name=\"twitter:label2\" content=\"Tiempo de lectura\" \/>\n\t<meta name=\"twitter:data2\" content=\"3 minutos\" \/>\n<script type=\"application\/ld+json\" class=\"yoast-schema-graph\">{\"@context\":\"https:\\\/\\\/schema.org\",\"@graph\":[{\"@type\":\"Article\",\"@id\":\"https:\\\/\\\/www.yucatanencorto.com\\\/noticias\\\/mas-de-30-actividades-artisticas-en-cuatro-municipios-durante-abril\\\/#article\",\"isPartOf\":{\"@id\":\"https:\\\/\\\/www.yucatanencorto.com\\\/noticias\\\/mas-de-30-actividades-artisticas-en-cuatro-municipios-durante-abril\\\/\"},\"author\":{\"name\":\"Yucat\u00e1n en Corto\",\"@id\":\"https:\\\/\\\/www.yucatanencorto.com\\\/noticias\\\/#\\\/schema\\\/person\\\/f0ec40c33447bbc0dc2d01d3006de771\"},\"headline\":\"M\u00e1s de 30 actividades art\u00edsticas en cuatro municipios durante abril\",\"datePublished\":\"2025-03-31T21:46:10+00:00\",\"mainEntityOfPage\":{\"@id\":\"https:\\\/\\\/www.yucatanencorto.com\\\/noticias\\\/mas-de-30-actividades-artisticas-en-cuatro-municipios-durante-abril\\\/\"},\"wordCount\":590,\"image\":{\"@id\":\"https:\\\/\\\/www.yucatanencorto.com\\\/noticias\\\/mas-de-30-actividades-artisticas-en-cuatro-municipios-durante-abril\\\/#primaryimage\"},\"thumbnailUrl\":\"https:\\\/\\\/www.yucatanencorto.com\\\/noticias\\\/wp-content\\\/uploads\\\/2025\\\/03\\\/WhatsApp-Image-2025-03-31-at-2.39.44-PM-scaled.jpeg\",\"articleSection\":[\"Yucat\u00e1n\"],\"inLanguage\":\"es\"},{\"@type\":\"WebPage\",\"@id\":\"https:\\\/\\\/www.yucatanencorto.com\\\/noticias\\\/mas-de-30-actividades-artisticas-en-cuatro-municipios-durante-abril\\\/\",\"url\":\"https:\\\/\\\/www.yucatanencorto.com\\\/noticias\\\/mas-de-30-actividades-artisticas-en-cuatro-municipios-durante-abril\\\/\",\"name\":\"M\u00e1s de 30 actividades art\u00edsticas en cuatro municipios durante abril - Yucat\u00e1n en corto\",\"isPartOf\":{\"@id\":\"https:\\\/\\\/www.yucatanencorto.com\\\/noticias\\\/#website\"},\"primaryImageOfPage\":{\"@id\":\"https:\\\/\\\/www.yucatanencorto.com\\\/noticias\\\/mas-de-30-actividades-artisticas-en-cuatro-municipios-durante-abril\\\/#primaryimage\"},\"image\":{\"@id\":\"https:\\\/\\\/www.yucatanencorto.com\\\/noticias\\\/mas-de-30-actividades-artisticas-en-cuatro-municipios-durante-abril\\\/#primaryimage\"},\"thumbnailUrl\":\"https:\\\/\\\/www.yucatanencorto.com\\\/noticias\\\/wp-content\\\/uploads\\\/2025\\\/03\\\/WhatsApp-Image-2025-03-31-at-2.39.44-PM-scaled.jpeg\",\"datePublished\":\"2025-03-31T21:46:10+00:00\",\"author\":{\"@id\":\"https:\\\/\\\/www.yucatanencorto.com\\\/noticias\\\/#\\\/schema\\\/person\\\/f0ec40c33447bbc0dc2d01d3006de771\"},\"breadcrumb\":{\"@id\":\"https:\\\/\\\/www.yucatanencorto.com\\\/noticias\\\/mas-de-30-actividades-artisticas-en-cuatro-municipios-durante-abril\\\/#breadcrumb\"},\"inLanguage\":\"es\",\"potentialAction\":[{\"@type\":\"ReadAction\",\"target\":[\"https:\\\/\\\/www.yucatanencorto.com\\\/noticias\\\/mas-de-30-actividades-artisticas-en-cuatro-municipios-durante-abril\\\/\"]}]},{\"@type\":\"ImageObject\",\"inLanguage\":\"es\",\"@id\":\"https:\\\/\\\/www.yucatanencorto.com\\\/noticias\\\/mas-de-30-actividades-artisticas-en-cuatro-municipios-durante-abril\\\/#primaryimage\",\"url\":\"https:\\\/\\\/www.yucatanencorto.com\\\/noticias\\\/wp-content\\\/uploads\\\/2025\\\/03\\\/WhatsApp-Image-2025-03-31-at-2.39.44-PM-scaled.jpeg\",\"contentUrl\":\"https:\\\/\\\/www.yucatanencorto.com\\\/noticias\\\/wp-content\\\/uploads\\\/2025\\\/03\\\/WhatsApp-Image-2025-03-31-at-2.39.44-PM-scaled.jpeg\",\"width\":768,\"height\":512},{\"@type\":\"BreadcrumbList\",\"@id\":\"https:\\\/\\\/www.yucatanencorto.com\\\/noticias\\\/mas-de-30-actividades-artisticas-en-cuatro-municipios-durante-abril\\\/#breadcrumb\",\"itemListElement\":[{\"@type\":\"ListItem\",\"position\":1,\"name\":\"Portada\",\"item\":\"https:\\\/\\\/www.yucatanencorto.com\\\/noticias\\\/\"},{\"@type\":\"ListItem\",\"position\":2,\"name\":\"M\u00e1s de 30 actividades art\u00edsticas en cuatro municipios durante abril\"}]},{\"@type\":\"WebSite\",\"@id\":\"https:\\\/\\\/www.yucatanencorto.com\\\/noticias\\\/#website\",\"url\":\"https:\\\/\\\/www.yucatanencorto.com\\\/noticias\\\/\",\"name\":\"Yucat\u00e1n en corto\",\"description\":\"Noticias\",\"potentialAction\":[{\"@type\":\"SearchAction\",\"target\":{\"@type\":\"EntryPoint\",\"urlTemplate\":\"https:\\\/\\\/www.yucatanencorto.com\\\/noticias\\\/?s={search_term_string}\"},\"query-input\":{\"@type\":\"PropertyValueSpecification\",\"valueRequired\":true,\"valueName\":\"search_term_string\"}}],\"inLanguage\":\"es\"},{\"@type\":\"Person\",\"@id\":\"https:\\\/\\\/www.yucatanencorto.com\\\/noticias\\\/#\\\/schema\\\/person\\\/f0ec40c33447bbc0dc2d01d3006de771\",\"name\":\"Yucat\u00e1n en Corto\",\"image\":{\"@type\":\"ImageObject\",\"inLanguage\":\"es\",\"@id\":\"https:\\\/\\\/secure.gravatar.com\\\/avatar\\\/20e0a6b626f38fa8e545fb3f80ce566efd790bf8877e65c3a482460cc3e0b5d1?s=96&d=mm&r=g\",\"url\":\"https:\\\/\\\/secure.gravatar.com\\\/avatar\\\/20e0a6b626f38fa8e545fb3f80ce566efd790bf8877e65c3a482460cc3e0b5d1?s=96&d=mm&r=g\",\"contentUrl\":\"https:\\\/\\\/secure.gravatar.com\\\/avatar\\\/20e0a6b626f38fa8e545fb3f80ce566efd790bf8877e65c3a482460cc3e0b5d1?s=96&d=mm&r=g\",\"caption\":\"Yucat\u00e1n en Corto\"},\"url\":\"https:\\\/\\\/www.yucatanencorto.com\\\/noticias\\\/author\\\/editor25\\\/\"}]}<\/script>\n<!-- \/ Yoast SEO plugin. -->","yoast_head_json":{"title":"M\u00e1s de 30 actividades art\u00edsticas en cuatro municipios durante abril - Yucat\u00e1n en corto","robots":{"index":"index","follow":"follow","max-snippet":"max-snippet:-1","max-image-preview":"max-image-preview:large","max-video-preview":"max-video-preview:-1"},"canonical":"https:\/\/www.yucatanencorto.com\/noticias\/mas-de-30-actividades-artisticas-en-cuatro-municipios-durante-abril\/","og_locale":"es_ES","og_type":"article","og_title":"M\u00e1s de 30 actividades art\u00edsticas en cuatro municipios durante abril - Yucat\u00e1n en corto","og_description":"M\u00e9rida, Yucat\u00e1n, a 31 de marzo de 2025 Los municipios de Tizim\u00edn, Sucil\u00e1, Sey\u00e9 y M\u00e9rida ser\u00e1n la sede de 32 actividades art\u00edsticas con acceso completamente libre, que ser\u00e1n presentadas y protagonizadas por creadoras y creadores de Yucat\u00e1n que participaron en el Programa de Est\u00edmulo a la Creaci\u00f3n y Desarrollo Art\u00edstico (PECDA). Del 3 de [&hellip;]","og_url":"https:\/\/www.yucatanencorto.com\/noticias\/mas-de-30-actividades-artisticas-en-cuatro-municipios-durante-abril\/","og_site_name":"Yucat\u00e1n en corto","article_publisher":"http:\/\/www.facebook.com\/yucatanencorto","article_published_time":"2025-03-31T21:46:10+00:00","og_image":[{"width":768,"height":512,"url":"https:\/\/www.yucatanencorto.com\/noticias\/wp-content\/uploads\/2025\/03\/WhatsApp-Image-2025-03-31-at-2.39.44-PM-scaled.jpeg","type":"image\/jpeg"}],"author":"Yucat\u00e1n en Corto","twitter_card":"summary_large_image","twitter_creator":"@yucatanencorto","twitter_site":"@yucatanencorto","twitter_misc":{"Escrito por":"Yucat\u00e1n en Corto","Tiempo de lectura":"3 minutos"},"schema":{"@context":"https:\/\/schema.org","@graph":[{"@type":"Article","@id":"https:\/\/www.yucatanencorto.com\/noticias\/mas-de-30-actividades-artisticas-en-cuatro-municipios-durante-abril\/#article","isPartOf":{"@id":"https:\/\/www.yucatanencorto.com\/noticias\/mas-de-30-actividades-artisticas-en-cuatro-municipios-durante-abril\/"},"author":{"name":"Yucat\u00e1n en Corto","@id":"https:\/\/www.yucatanencorto.com\/noticias\/#\/schema\/person\/f0ec40c33447bbc0dc2d01d3006de771"},"headline":"M\u00e1s de 30 actividades art\u00edsticas en cuatro municipios durante abril","datePublished":"2025-03-31T21:46:10+00:00","mainEntityOfPage":{"@id":"https:\/\/www.yucatanencorto.com\/noticias\/mas-de-30-actividades-artisticas-en-cuatro-municipios-durante-abril\/"},"wordCount":590,"image":{"@id":"https:\/\/www.yucatanencorto.com\/noticias\/mas-de-30-actividades-artisticas-en-cuatro-municipios-durante-abril\/#primaryimage"},"thumbnailUrl":"https:\/\/www.yucatanencorto.com\/noticias\/wp-content\/uploads\/2025\/03\/WhatsApp-Image-2025-03-31-at-2.39.44-PM-scaled.jpeg","articleSection":["Yucat\u00e1n"],"inLanguage":"es"},{"@type":"WebPage","@id":"https:\/\/www.yucatanencorto.com\/noticias\/mas-de-30-actividades-artisticas-en-cuatro-municipios-durante-abril\/","url":"https:\/\/www.yucatanencorto.com\/noticias\/mas-de-30-actividades-artisticas-en-cuatro-municipios-durante-abril\/","name":"M\u00e1s de 30 actividades art\u00edsticas en cuatro municipios durante abril - Yucat\u00e1n en corto","isPartOf":{"@id":"https:\/\/www.yucatanencorto.com\/noticias\/#website"},"primaryImageOfPage":{"@id":"https:\/\/www.yucatanencorto.com\/noticias\/mas-de-30-actividades-artisticas-en-cuatro-municipios-durante-abril\/#primaryimage"},"image":{"@id":"https:\/\/www.yucatanencorto.com\/noticias\/mas-de-30-actividades-artisticas-en-cuatro-municipios-durante-abril\/#primaryimage"},"thumbnailUrl":"https:\/\/www.yucatanencorto.com\/noticias\/wp-content\/uploads\/2025\/03\/WhatsApp-Image-2025-03-31-at-2.39.44-PM-scaled.jpeg","datePublished":"2025-03-31T21:46:10+00:00","author":{"@id":"https:\/\/www.yucatanencorto.com\/noticias\/#\/schema\/person\/f0ec40c33447bbc0dc2d01d3006de771"},"breadcrumb":{"@id":"https:\/\/www.yucatanencorto.com\/noticias\/mas-de-30-actividades-artisticas-en-cuatro-municipios-durante-abril\/#breadcrumb"},"inLanguage":"es","potentialAction":[{"@type":"ReadAction","target":["https:\/\/www.yucatanencorto.com\/noticias\/mas-de-30-actividades-artisticas-en-cuatro-municipios-durante-abril\/"]}]},{"@type":"ImageObject","inLanguage":"es","@id":"https:\/\/www.yucatanencorto.com\/noticias\/mas-de-30-actividades-artisticas-en-cuatro-municipios-durante-abril\/#primaryimage","url":"https:\/\/www.yucatanencorto.com\/noticias\/wp-content\/uploads\/2025\/03\/WhatsApp-Image-2025-03-31-at-2.39.44-PM-scaled.jpeg","contentUrl":"https:\/\/www.yucatanencorto.com\/noticias\/wp-content\/uploads\/2025\/03\/WhatsApp-Image-2025-03-31-at-2.39.44-PM-scaled.jpeg","width":768,"height":512},{"@type":"BreadcrumbList","@id":"https:\/\/www.yucatanencorto.com\/noticias\/mas-de-30-actividades-artisticas-en-cuatro-municipios-durante-abril\/#breadcrumb","itemListElement":[{"@type":"ListItem","position":1,"name":"Portada","item":"https:\/\/www.yucatanencorto.com\/noticias\/"},{"@type":"ListItem","position":2,"name":"M\u00e1s de 30 actividades art\u00edsticas en cuatro municipios durante abril"}]},{"@type":"WebSite","@id":"https:\/\/www.yucatanencorto.com\/noticias\/#website","url":"https:\/\/www.yucatanencorto.com\/noticias\/","name":"Yucat\u00e1n en corto","description":"Noticias","potentialAction":[{"@type":"SearchAction","target":{"@type":"EntryPoint","urlTemplate":"https:\/\/www.yucatanencorto.com\/noticias\/?s={search_term_string}"},"query-input":{"@type":"PropertyValueSpecification","valueRequired":true,"valueName":"search_term_string"}}],"inLanguage":"es"},{"@type":"Person","@id":"https:\/\/www.yucatanencorto.com\/noticias\/#\/schema\/person\/f0ec40c33447bbc0dc2d01d3006de771","name":"Yucat\u00e1n en Corto","image":{"@type":"ImageObject","inLanguage":"es","@id":"https:\/\/secure.gravatar.com\/avatar\/20e0a6b626f38fa8e545fb3f80ce566efd790bf8877e65c3a482460cc3e0b5d1?s=96&d=mm&r=g","url":"https:\/\/secure.gravatar.com\/avatar\/20e0a6b626f38fa8e545fb3f80ce566efd790bf8877e65c3a482460cc3e0b5d1?s=96&d=mm&r=g","contentUrl":"https:\/\/secure.gravatar.com\/avatar\/20e0a6b626f38fa8e545fb3f80ce566efd790bf8877e65c3a482460cc3e0b5d1?s=96&d=mm&r=g","caption":"Yucat\u00e1n en Corto"},"url":"https:\/\/www.yucatanencorto.com\/noticias\/author\/editor25\/"}]}},"_links":{"self":[{"href":"https:\/\/www.yucatanencorto.com\/noticias\/wp-json\/wp\/v2\/posts\/114936","targetHints":{"allow":["GET"]}}],"collection":[{"href":"https:\/\/www.yucatanencorto.com\/noticias\/wp-json\/wp\/v2\/posts"}],"about":[{"href":"https:\/\/www.yucatanencorto.com\/noticias\/wp-json\/wp\/v2\/types\/post"}],"author":[{"embeddable":true,"href":"https:\/\/www.yucatanencorto.com\/noticias\/wp-json\/wp\/v2\/users\/4"}],"replies":[{"embeddable":true,"href":"https:\/\/www.yucatanencorto.com\/noticias\/wp-json\/wp\/v2\/comments?post=114936"}],"version-history":[{"count":0,"href":"https:\/\/www.yucatanencorto.com\/noticias\/wp-json\/wp\/v2\/posts\/114936\/revisions"}],"wp:featuredmedia":[{"embeddable":true,"href":"https:\/\/www.yucatanencorto.com\/noticias\/wp-json\/wp\/v2\/media\/114937"}],"wp:attachment":[{"href":"https:\/\/www.yucatanencorto.com\/noticias\/wp-json\/wp\/v2\/media?parent=114936"}],"wp:term":[{"taxonomy":"category","embeddable":true,"href":"https:\/\/www.yucatanencorto.com\/noticias\/wp-json\/wp\/v2\/categories?post=114936"},{"taxonomy":"post_tag","embeddable":true,"href":"https:\/\/www.yucatanencorto.com\/noticias\/wp-json\/wp\/v2\/tags?post=114936"}],"curies":[{"name":"wp","href":"https:\/\/api.w.org\/{rel}","templated":true}]}}