{"id":114947,"date":"2025-04-03T16:33:30","date_gmt":"2025-04-03T22:33:30","guid":{"rendered":"https:\/\/www.yucatanencorto.com\/noticias\/?p=114947"},"modified":"2025-04-03T16:33:30","modified_gmt":"2025-04-03T22:33:30","slug":"fortalecen-acciones-integrales-de-prevencion-y-respeto-a-la-fauna-en-escuelas-de-educacion-basica","status":"publish","type":"post","link":"https:\/\/www.yucatanencorto.com\/noticias\/fortalecen-acciones-integrales-de-prevencion-y-respeto-a-la-fauna-en-escuelas-de-educacion-basica\/","title":{"rendered":"Fortalecen acciones integrales de prevenci\u00f3n y respeto a la fauna en escuelas de educaci\u00f3n b\u00e1sica"},"content":{"rendered":"<p><img loading=\"lazy\" decoding=\"async\" class=\"alignnone size-full wp-image-114948\" src=\"https:\/\/www.yucatanencorto.com\/noticias\/wp-content\/uploads\/2025\/04\/WhatsApp-Image-2025-04-03-at-4.15.56-PM-scaled.jpeg\" alt=\"\" width=\"768\" height=\"512\" srcset=\"https:\/\/www.yucatanencorto.com\/noticias\/wp-content\/uploads\/2025\/04\/WhatsApp-Image-2025-04-03-at-4.15.56-PM-scaled.jpeg 768w, https:\/\/www.yucatanencorto.com\/noticias\/wp-content\/uploads\/2025\/04\/WhatsApp-Image-2025-04-03-at-4.15.56-PM-1536x1023.jpeg 1536w, https:\/\/www.yucatanencorto.com\/noticias\/wp-content\/uploads\/2025\/04\/WhatsApp-Image-2025-04-03-at-4.15.56-PM-150x100.jpeg 150w, https:\/\/www.yucatanencorto.com\/noticias\/wp-content\/uploads\/2025\/04\/WhatsApp-Image-2025-04-03-at-4.15.56-PM-300x200.jpeg 300w, https:\/\/www.yucatanencorto.com\/noticias\/wp-content\/uploads\/2025\/04\/WhatsApp-Image-2025-04-03-at-4.15.56-PM-696x464.jpeg 696w, https:\/\/www.yucatanencorto.com\/noticias\/wp-content\/uploads\/2025\/04\/WhatsApp-Image-2025-04-03-at-4.15.56-PM-1068x712.jpeg 1068w\" sizes=\"auto, (max-width: 768px) 100vw, 768px\" \/><\/p>\n<p>M\u00e9rida, Yucat\u00e1n, a jueves 3 de abril de 2025.- La Polic\u00eda Municipal de M\u00e9rida, a trav\u00e9s del programa Guardaparques, refuerza en los planteles escolares acciones que fortalecen los valores de convivencia en los espacios p\u00fablicos.<\/p>\n<p>Para la Presidenta Municipal Cecilia Patr\u00f3n Laviada es fundamental que ni\u00f1os y j\u00f3venes aprendan sobre la importancia de la convivencia pac\u00edfica y el respeto por la fauna y el medio ambiente.<\/p>\n<p>De esta manera el programa Guardaparques implementa nuevas acciones preventivas que fomentan la educaci\u00f3n ciudadana, sensibilizan al alumnado sobre la importancia de desarrollar valores de corresponsabilidad y de autocuidado para no exponerse a situaciones de conflicto que pueden presentarse en los parques y brindan valiosos consejos y orientaci\u00f3n para evitar ser v\u00edctima de alg\u00fan delito en el espacio p\u00fablico.<\/p>\n<p>Adem\u00e1s, promueve acciones para el uso adecuado de espacios para el esparcimiento, el respeto a la fauna y la prevenci\u00f3n del maltrato animal. Estas acciones se encuentran disponibles en el cat\u00e1logo de actividades de prevenci\u00f3n social del delito y participaci\u00f3n ciudadana, y est\u00e1n dirigidas a alumnado de escuelas de niveles preescolar, primaria, secundaria y bachillerato del municipio.<\/p>\n<p>La seguridad y la prevenci\u00f3n de la violencia son prioridades para la administraci\u00f3n municipal que encabeza Cecilia Patr\u00f3n, y est\u00e1 comprometida con la formaci\u00f3n de ciudadanos responsables y conscientes de su papel en la sociedad.<\/p>\n<p>Las escuelas pueden solicitar el cat\u00e1logo de actividades y mayor informaci\u00f3n al respecto a trav\u00e9s del correo policia.prevencion@merida.gob.mx o guardaparques@merida.gob.mx. Adem\u00e1s, las pl\u00e1ticas de orientaci\u00f3n pueden ser brindadas a grupos de vecinos que lo soliciten en los espacios p\u00fablicos y parques de la ciudad.<\/p>\n","protected":false},"excerpt":{"rendered":"<p>M\u00e9rida, Yucat\u00e1n, a jueves 3 de abril de 2025.- La Polic\u00eda Municipal de M\u00e9rida, a trav\u00e9s del programa Guardaparques, refuerza en los planteles escolares acciones que fortalecen los valores de convivencia en los espacios p\u00fablicos. Para la Presidenta Municipal Cecilia Patr\u00f3n Laviada es fundamental que ni\u00f1os y j\u00f3venes aprendan sobre la importancia de la convivencia [&hellip;]<\/p>\n","protected":false},"author":4,"featured_media":114948,"comment_status":"closed","ping_status":"closed","sticky":false,"template":"","format":"standard","meta":{"footnotes":""},"categories":[3],"tags":[],"class_list":{"0":"post-114947","1":"post","2":"type-post","3":"status-publish","4":"format-standard","5":"has-post-thumbnail","7":"category-yucatan"},"yoast_head":"<!-- This site is optimized with the Yoast SEO plugin v27.4 - https:\/\/yoast.com\/product\/yoast-seo-wordpress\/ -->\n<title>Fortalecen acciones integrales de prevenci\u00f3n y respeto a la fauna en escuelas de educaci\u00f3n b\u00e1sica - Yucat\u00e1n en corto<\/title>\n<meta name=\"robots\" content=\"index, follow, max-snippet:-1, max-image-preview:large, max-video-preview:-1\" \/>\n<link rel=\"canonical\" href=\"https:\/\/www.yucatanencorto.com\/noticias\/fortalecen-acciones-integrales-de-prevencion-y-respeto-a-la-fauna-en-escuelas-de-educacion-basica\/\" \/>\n<meta property=\"og:locale\" content=\"es_ES\" \/>\n<meta property=\"og:type\" content=\"article\" \/>\n<meta property=\"og:title\" content=\"Fortalecen acciones integrales de prevenci\u00f3n y respeto a la fauna en escuelas de educaci\u00f3n b\u00e1sica - Yucat\u00e1n en corto\" \/>\n<meta property=\"og:description\" content=\"M\u00e9rida, Yucat\u00e1n, a jueves 3 de abril de 2025.- La Polic\u00eda Municipal de M\u00e9rida, a trav\u00e9s del programa Guardaparques, refuerza en los planteles escolares acciones que fortalecen los valores de convivencia en los espacios p\u00fablicos. Para la Presidenta Municipal Cecilia Patr\u00f3n Laviada es fundamental que ni\u00f1os y j\u00f3venes aprendan sobre la importancia de la convivencia [&hellip;]\" \/>\n<meta property=\"og:url\" content=\"https:\/\/www.yucatanencorto.com\/noticias\/fortalecen-acciones-integrales-de-prevencion-y-respeto-a-la-fauna-en-escuelas-de-educacion-basica\/\" \/>\n<meta property=\"og:site_name\" content=\"Yucat\u00e1n en corto\" \/>\n<meta property=\"article:publisher\" content=\"http:\/\/www.facebook.com\/yucatanencorto\" \/>\n<meta property=\"article:published_time\" content=\"2025-04-03T22:33:30+00:00\" \/>\n<meta property=\"og:image\" content=\"https:\/\/www.yucatanencorto.com\/noticias\/wp-content\/uploads\/2025\/04\/WhatsApp-Image-2025-04-03-at-4.15.56-PM-scaled.jpeg\" \/>\n\t<meta property=\"og:image:width\" content=\"768\" \/>\n\t<meta property=\"og:image:height\" content=\"512\" \/>\n\t<meta property=\"og:image:type\" content=\"image\/jpeg\" \/>\n<meta name=\"author\" content=\"Yucat\u00e1n en Corto\" \/>\n<meta name=\"twitter:card\" content=\"summary_large_image\" \/>\n<meta name=\"twitter:creator\" content=\"@yucatanencorto\" \/>\n<meta name=\"twitter:site\" content=\"@yucatanencorto\" \/>\n<meta name=\"twitter:label1\" content=\"Escrito por\" \/>\n\t<meta name=\"twitter:data1\" content=\"Yucat\u00e1n en Corto\" \/>\n\t<meta name=\"twitter:label2\" content=\"Tiempo de lectura\" \/>\n\t<meta name=\"twitter:data2\" content=\"2 minutos\" \/>\n<script type=\"application\/ld+json\" class=\"yoast-schema-graph\">{\"@context\":\"https:\\\/\\\/schema.org\",\"@graph\":[{\"@type\":\"Article\",\"@id\":\"https:\\\/\\\/www.yucatanencorto.com\\\/noticias\\\/fortalecen-acciones-integrales-de-prevencion-y-respeto-a-la-fauna-en-escuelas-de-educacion-basica\\\/#article\",\"isPartOf\":{\"@id\":\"https:\\\/\\\/www.yucatanencorto.com\\\/noticias\\\/fortalecen-acciones-integrales-de-prevencion-y-respeto-a-la-fauna-en-escuelas-de-educacion-basica\\\/\"},\"author\":{\"name\":\"Yucat\u00e1n en Corto\",\"@id\":\"https:\\\/\\\/www.yucatanencorto.com\\\/noticias\\\/#\\\/schema\\\/person\\\/f0ec40c33447bbc0dc2d01d3006de771\"},\"headline\":\"Fortalecen acciones integrales de prevenci\u00f3n y respeto a la fauna en escuelas de educaci\u00f3n b\u00e1sica\",\"datePublished\":\"2025-04-03T22:33:30+00:00\",\"mainEntityOfPage\":{\"@id\":\"https:\\\/\\\/www.yucatanencorto.com\\\/noticias\\\/fortalecen-acciones-integrales-de-prevencion-y-respeto-a-la-fauna-en-escuelas-de-educacion-basica\\\/\"},\"wordCount\":317,\"image\":{\"@id\":\"https:\\\/\\\/www.yucatanencorto.com\\\/noticias\\\/fortalecen-acciones-integrales-de-prevencion-y-respeto-a-la-fauna-en-escuelas-de-educacion-basica\\\/#primaryimage\"},\"thumbnailUrl\":\"https:\\\/\\\/www.yucatanencorto.com\\\/noticias\\\/wp-content\\\/uploads\\\/2025\\\/04\\\/WhatsApp-Image-2025-04-03-at-4.15.56-PM-scaled.jpeg\",\"articleSection\":[\"Yucat\u00e1n\"],\"inLanguage\":\"es\"},{\"@type\":\"WebPage\",\"@id\":\"https:\\\/\\\/www.yucatanencorto.com\\\/noticias\\\/fortalecen-acciones-integrales-de-prevencion-y-respeto-a-la-fauna-en-escuelas-de-educacion-basica\\\/\",\"url\":\"https:\\\/\\\/www.yucatanencorto.com\\\/noticias\\\/fortalecen-acciones-integrales-de-prevencion-y-respeto-a-la-fauna-en-escuelas-de-educacion-basica\\\/\",\"name\":\"Fortalecen acciones integrales de prevenci\u00f3n y respeto a la fauna en escuelas de educaci\u00f3n b\u00e1sica - Yucat\u00e1n en corto\",\"isPartOf\":{\"@id\":\"https:\\\/\\\/www.yucatanencorto.com\\\/noticias\\\/#website\"},\"primaryImageOfPage\":{\"@id\":\"https:\\\/\\\/www.yucatanencorto.com\\\/noticias\\\/fortalecen-acciones-integrales-de-prevencion-y-respeto-a-la-fauna-en-escuelas-de-educacion-basica\\\/#primaryimage\"},\"image\":{\"@id\":\"https:\\\/\\\/www.yucatanencorto.com\\\/noticias\\\/fortalecen-acciones-integrales-de-prevencion-y-respeto-a-la-fauna-en-escuelas-de-educacion-basica\\\/#primaryimage\"},\"thumbnailUrl\":\"https:\\\/\\\/www.yucatanencorto.com\\\/noticias\\\/wp-content\\\/uploads\\\/2025\\\/04\\\/WhatsApp-Image-2025-04-03-at-4.15.56-PM-scaled.jpeg\",\"datePublished\":\"2025-04-03T22:33:30+00:00\",\"author\":{\"@id\":\"https:\\\/\\\/www.yucatanencorto.com\\\/noticias\\\/#\\\/schema\\\/person\\\/f0ec40c33447bbc0dc2d01d3006de771\"},\"breadcrumb\":{\"@id\":\"https:\\\/\\\/www.yucatanencorto.com\\\/noticias\\\/fortalecen-acciones-integrales-de-prevencion-y-respeto-a-la-fauna-en-escuelas-de-educacion-basica\\\/#breadcrumb\"},\"inLanguage\":\"es\",\"potentialAction\":[{\"@type\":\"ReadAction\",\"target\":[\"https:\\\/\\\/www.yucatanencorto.com\\\/noticias\\\/fortalecen-acciones-integrales-de-prevencion-y-respeto-a-la-fauna-en-escuelas-de-educacion-basica\\\/\"]}]},{\"@type\":\"ImageObject\",\"inLanguage\":\"es\",\"@id\":\"https:\\\/\\\/www.yucatanencorto.com\\\/noticias\\\/fortalecen-acciones-integrales-de-prevencion-y-respeto-a-la-fauna-en-escuelas-de-educacion-basica\\\/#primaryimage\",\"url\":\"https:\\\/\\\/www.yucatanencorto.com\\\/noticias\\\/wp-content\\\/uploads\\\/2025\\\/04\\\/WhatsApp-Image-2025-04-03-at-4.15.56-PM-scaled.jpeg\",\"contentUrl\":\"https:\\\/\\\/www.yucatanencorto.com\\\/noticias\\\/wp-content\\\/uploads\\\/2025\\\/04\\\/WhatsApp-Image-2025-04-03-at-4.15.56-PM-scaled.jpeg\",\"width\":768,\"height\":512},{\"@type\":\"BreadcrumbList\",\"@id\":\"https:\\\/\\\/www.yucatanencorto.com\\\/noticias\\\/fortalecen-acciones-integrales-de-prevencion-y-respeto-a-la-fauna-en-escuelas-de-educacion-basica\\\/#breadcrumb\",\"itemListElement\":[{\"@type\":\"ListItem\",\"position\":1,\"name\":\"Portada\",\"item\":\"https:\\\/\\\/www.yucatanencorto.com\\\/noticias\\\/\"},{\"@type\":\"ListItem\",\"position\":2,\"name\":\"Fortalecen acciones integrales de prevenci\u00f3n y respeto a la fauna en escuelas de educaci\u00f3n b\u00e1sica\"}]},{\"@type\":\"WebSite\",\"@id\":\"https:\\\/\\\/www.yucatanencorto.com\\\/noticias\\\/#website\",\"url\":\"https:\\\/\\\/www.yucatanencorto.com\\\/noticias\\\/\",\"name\":\"Yucat\u00e1n en corto\",\"description\":\"Noticias\",\"potentialAction\":[{\"@type\":\"SearchAction\",\"target\":{\"@type\":\"EntryPoint\",\"urlTemplate\":\"https:\\\/\\\/www.yucatanencorto.com\\\/noticias\\\/?s={search_term_string}\"},\"query-input\":{\"@type\":\"PropertyValueSpecification\",\"valueRequired\":true,\"valueName\":\"search_term_string\"}}],\"inLanguage\":\"es\"},{\"@type\":\"Person\",\"@id\":\"https:\\\/\\\/www.yucatanencorto.com\\\/noticias\\\/#\\\/schema\\\/person\\\/f0ec40c33447bbc0dc2d01d3006de771\",\"name\":\"Yucat\u00e1n en Corto\",\"image\":{\"@type\":\"ImageObject\",\"inLanguage\":\"es\",\"@id\":\"https:\\\/\\\/secure.gravatar.com\\\/avatar\\\/20e0a6b626f38fa8e545fb3f80ce566efd790bf8877e65c3a482460cc3e0b5d1?s=96&d=mm&r=g\",\"url\":\"https:\\\/\\\/secure.gravatar.com\\\/avatar\\\/20e0a6b626f38fa8e545fb3f80ce566efd790bf8877e65c3a482460cc3e0b5d1?s=96&d=mm&r=g\",\"contentUrl\":\"https:\\\/\\\/secure.gravatar.com\\\/avatar\\\/20e0a6b626f38fa8e545fb3f80ce566efd790bf8877e65c3a482460cc3e0b5d1?s=96&d=mm&r=g\",\"caption\":\"Yucat\u00e1n en Corto\"},\"url\":\"https:\\\/\\\/www.yucatanencorto.com\\\/noticias\\\/author\\\/editor25\\\/\"}]}<\/script>\n<!-- \/ Yoast SEO plugin. -->","yoast_head_json":{"title":"Fortalecen acciones integrales de prevenci\u00f3n y respeto a la fauna en escuelas de educaci\u00f3n b\u00e1sica - Yucat\u00e1n en corto","robots":{"index":"index","follow":"follow","max-snippet":"max-snippet:-1","max-image-preview":"max-image-preview:large","max-video-preview":"max-video-preview:-1"},"canonical":"https:\/\/www.yucatanencorto.com\/noticias\/fortalecen-acciones-integrales-de-prevencion-y-respeto-a-la-fauna-en-escuelas-de-educacion-basica\/","og_locale":"es_ES","og_type":"article","og_title":"Fortalecen acciones integrales de prevenci\u00f3n y respeto a la fauna en escuelas de educaci\u00f3n b\u00e1sica - Yucat\u00e1n en corto","og_description":"M\u00e9rida, Yucat\u00e1n, a jueves 3 de abril de 2025.- La Polic\u00eda Municipal de M\u00e9rida, a trav\u00e9s del programa Guardaparques, refuerza en los planteles escolares acciones que fortalecen los valores de convivencia en los espacios p\u00fablicos. Para la Presidenta Municipal Cecilia Patr\u00f3n Laviada es fundamental que ni\u00f1os y j\u00f3venes aprendan sobre la importancia de la convivencia [&hellip;]","og_url":"https:\/\/www.yucatanencorto.com\/noticias\/fortalecen-acciones-integrales-de-prevencion-y-respeto-a-la-fauna-en-escuelas-de-educacion-basica\/","og_site_name":"Yucat\u00e1n en corto","article_publisher":"http:\/\/www.facebook.com\/yucatanencorto","article_published_time":"2025-04-03T22:33:30+00:00","og_image":[{"width":768,"height":512,"url":"https:\/\/www.yucatanencorto.com\/noticias\/wp-content\/uploads\/2025\/04\/WhatsApp-Image-2025-04-03-at-4.15.56-PM-scaled.jpeg","type":"image\/jpeg"}],"author":"Yucat\u00e1n en Corto","twitter_card":"summary_large_image","twitter_creator":"@yucatanencorto","twitter_site":"@yucatanencorto","twitter_misc":{"Escrito por":"Yucat\u00e1n en Corto","Tiempo de lectura":"2 minutos"},"schema":{"@context":"https:\/\/schema.org","@graph":[{"@type":"Article","@id":"https:\/\/www.yucatanencorto.com\/noticias\/fortalecen-acciones-integrales-de-prevencion-y-respeto-a-la-fauna-en-escuelas-de-educacion-basica\/#article","isPartOf":{"@id":"https:\/\/www.yucatanencorto.com\/noticias\/fortalecen-acciones-integrales-de-prevencion-y-respeto-a-la-fauna-en-escuelas-de-educacion-basica\/"},"author":{"name":"Yucat\u00e1n en Corto","@id":"https:\/\/www.yucatanencorto.com\/noticias\/#\/schema\/person\/f0ec40c33447bbc0dc2d01d3006de771"},"headline":"Fortalecen acciones integrales de prevenci\u00f3n y respeto a la fauna en escuelas de educaci\u00f3n b\u00e1sica","datePublished":"2025-04-03T22:33:30+00:00","mainEntityOfPage":{"@id":"https:\/\/www.yucatanencorto.com\/noticias\/fortalecen-acciones-integrales-de-prevencion-y-respeto-a-la-fauna-en-escuelas-de-educacion-basica\/"},"wordCount":317,"image":{"@id":"https:\/\/www.yucatanencorto.com\/noticias\/fortalecen-acciones-integrales-de-prevencion-y-respeto-a-la-fauna-en-escuelas-de-educacion-basica\/#primaryimage"},"thumbnailUrl":"https:\/\/www.yucatanencorto.com\/noticias\/wp-content\/uploads\/2025\/04\/WhatsApp-Image-2025-04-03-at-4.15.56-PM-scaled.jpeg","articleSection":["Yucat\u00e1n"],"inLanguage":"es"},{"@type":"WebPage","@id":"https:\/\/www.yucatanencorto.com\/noticias\/fortalecen-acciones-integrales-de-prevencion-y-respeto-a-la-fauna-en-escuelas-de-educacion-basica\/","url":"https:\/\/www.yucatanencorto.com\/noticias\/fortalecen-acciones-integrales-de-prevencion-y-respeto-a-la-fauna-en-escuelas-de-educacion-basica\/","name":"Fortalecen acciones integrales de prevenci\u00f3n y respeto a la fauna en escuelas de educaci\u00f3n b\u00e1sica - Yucat\u00e1n en corto","isPartOf":{"@id":"https:\/\/www.yucatanencorto.com\/noticias\/#website"},"primaryImageOfPage":{"@id":"https:\/\/www.yucatanencorto.com\/noticias\/fortalecen-acciones-integrales-de-prevencion-y-respeto-a-la-fauna-en-escuelas-de-educacion-basica\/#primaryimage"},"image":{"@id":"https:\/\/www.yucatanencorto.com\/noticias\/fortalecen-acciones-integrales-de-prevencion-y-respeto-a-la-fauna-en-escuelas-de-educacion-basica\/#primaryimage"},"thumbnailUrl":"https:\/\/www.yucatanencorto.com\/noticias\/wp-content\/uploads\/2025\/04\/WhatsApp-Image-2025-04-03-at-4.15.56-PM-scaled.jpeg","datePublished":"2025-04-03T22:33:30+00:00","author":{"@id":"https:\/\/www.yucatanencorto.com\/noticias\/#\/schema\/person\/f0ec40c33447bbc0dc2d01d3006de771"},"breadcrumb":{"@id":"https:\/\/www.yucatanencorto.com\/noticias\/fortalecen-acciones-integrales-de-prevencion-y-respeto-a-la-fauna-en-escuelas-de-educacion-basica\/#breadcrumb"},"inLanguage":"es","potentialAction":[{"@type":"ReadAction","target":["https:\/\/www.yucatanencorto.com\/noticias\/fortalecen-acciones-integrales-de-prevencion-y-respeto-a-la-fauna-en-escuelas-de-educacion-basica\/"]}]},{"@type":"ImageObject","inLanguage":"es","@id":"https:\/\/www.yucatanencorto.com\/noticias\/fortalecen-acciones-integrales-de-prevencion-y-respeto-a-la-fauna-en-escuelas-de-educacion-basica\/#primaryimage","url":"https:\/\/www.yucatanencorto.com\/noticias\/wp-content\/uploads\/2025\/04\/WhatsApp-Image-2025-04-03-at-4.15.56-PM-scaled.jpeg","contentUrl":"https:\/\/www.yucatanencorto.com\/noticias\/wp-content\/uploads\/2025\/04\/WhatsApp-Image-2025-04-03-at-4.15.56-PM-scaled.jpeg","width":768,"height":512},{"@type":"BreadcrumbList","@id":"https:\/\/www.yucatanencorto.com\/noticias\/fortalecen-acciones-integrales-de-prevencion-y-respeto-a-la-fauna-en-escuelas-de-educacion-basica\/#breadcrumb","itemListElement":[{"@type":"ListItem","position":1,"name":"Portada","item":"https:\/\/www.yucatanencorto.com\/noticias\/"},{"@type":"ListItem","position":2,"name":"Fortalecen acciones integrales de prevenci\u00f3n y respeto a la fauna en escuelas de educaci\u00f3n b\u00e1sica"}]},{"@type":"WebSite","@id":"https:\/\/www.yucatanencorto.com\/noticias\/#website","url":"https:\/\/www.yucatanencorto.com\/noticias\/","name":"Yucat\u00e1n en corto","description":"Noticias","potentialAction":[{"@type":"SearchAction","target":{"@type":"EntryPoint","urlTemplate":"https:\/\/www.yucatanencorto.com\/noticias\/?s={search_term_string}"},"query-input":{"@type":"PropertyValueSpecification","valueRequired":true,"valueName":"search_term_string"}}],"inLanguage":"es"},{"@type":"Person","@id":"https:\/\/www.yucatanencorto.com\/noticias\/#\/schema\/person\/f0ec40c33447bbc0dc2d01d3006de771","name":"Yucat\u00e1n en Corto","image":{"@type":"ImageObject","inLanguage":"es","@id":"https:\/\/secure.gravatar.com\/avatar\/20e0a6b626f38fa8e545fb3f80ce566efd790bf8877e65c3a482460cc3e0b5d1?s=96&d=mm&r=g","url":"https:\/\/secure.gravatar.com\/avatar\/20e0a6b626f38fa8e545fb3f80ce566efd790bf8877e65c3a482460cc3e0b5d1?s=96&d=mm&r=g","contentUrl":"https:\/\/secure.gravatar.com\/avatar\/20e0a6b626f38fa8e545fb3f80ce566efd790bf8877e65c3a482460cc3e0b5d1?s=96&d=mm&r=g","caption":"Yucat\u00e1n en Corto"},"url":"https:\/\/www.yucatanencorto.com\/noticias\/author\/editor25\/"}]}},"_links":{"self":[{"href":"https:\/\/www.yucatanencorto.com\/noticias\/wp-json\/wp\/v2\/posts\/114947","targetHints":{"allow":["GET"]}}],"collection":[{"href":"https:\/\/www.yucatanencorto.com\/noticias\/wp-json\/wp\/v2\/posts"}],"about":[{"href":"https:\/\/www.yucatanencorto.com\/noticias\/wp-json\/wp\/v2\/types\/post"}],"author":[{"embeddable":true,"href":"https:\/\/www.yucatanencorto.com\/noticias\/wp-json\/wp\/v2\/users\/4"}],"replies":[{"embeddable":true,"href":"https:\/\/www.yucatanencorto.com\/noticias\/wp-json\/wp\/v2\/comments?post=114947"}],"version-history":[{"count":0,"href":"https:\/\/www.yucatanencorto.com\/noticias\/wp-json\/wp\/v2\/posts\/114947\/revisions"}],"wp:featuredmedia":[{"embeddable":true,"href":"https:\/\/www.yucatanencorto.com\/noticias\/wp-json\/wp\/v2\/media\/114948"}],"wp:attachment":[{"href":"https:\/\/www.yucatanencorto.com\/noticias\/wp-json\/wp\/v2\/media?parent=114947"}],"wp:term":[{"taxonomy":"category","embeddable":true,"href":"https:\/\/www.yucatanencorto.com\/noticias\/wp-json\/wp\/v2\/categories?post=114947"},{"taxonomy":"post_tag","embeddable":true,"href":"https:\/\/www.yucatanencorto.com\/noticias\/wp-json\/wp\/v2\/tags?post=114947"}],"curies":[{"name":"wp","href":"https:\/\/api.w.org\/{rel}","templated":true}]}}