{"id":114950,"date":"2025-04-03T17:04:16","date_gmt":"2025-04-03T23:04:16","guid":{"rendered":"https:\/\/www.yucatanencorto.com\/noticias\/?p=114950"},"modified":"2025-04-03T17:04:16","modified_gmt":"2025-04-03T23:04:16","slug":"yucatan-participara-en-la-clase-nacional-de-boxeo","status":"publish","type":"post","link":"https:\/\/www.yucatanencorto.com\/noticias\/yucatan-participara-en-la-clase-nacional-de-boxeo\/","title":{"rendered":"Yucat\u00e1n participar\u00e1 en la clase Nacional de Boxeo"},"content":{"rendered":"<p>&nbsp;<\/p>\n<p><img loading=\"lazy\" decoding=\"async\" class=\"alignnone size-full wp-image-114951\" src=\"https:\/\/www.yucatanencorto.com\/noticias\/wp-content\/uploads\/2025\/04\/WhatsApp-Image-2025-04-03-at-4.50.15-PM-scaled.jpeg\" alt=\"\" width=\"768\" height=\"512\" srcset=\"https:\/\/www.yucatanencorto.com\/noticias\/wp-content\/uploads\/2025\/04\/WhatsApp-Image-2025-04-03-at-4.50.15-PM-scaled.jpeg 768w, https:\/\/www.yucatanencorto.com\/noticias\/wp-content\/uploads\/2025\/04\/WhatsApp-Image-2025-04-03-at-4.50.15-PM-150x100.jpeg 150w, https:\/\/www.yucatanencorto.com\/noticias\/wp-content\/uploads\/2025\/04\/WhatsApp-Image-2025-04-03-at-4.50.15-PM-300x200.jpeg 300w, https:\/\/www.yucatanencorto.com\/noticias\/wp-content\/uploads\/2025\/04\/WhatsApp-Image-2025-04-03-at-4.50.15-PM-696x464.jpeg 696w, https:\/\/www.yucatanencorto.com\/noticias\/wp-content\/uploads\/2025\/04\/WhatsApp-Image-2025-04-03-at-4.50.15-PM-1068x712.jpeg 1068w\" sizes=\"auto, (max-width: 768px) 100vw, 768px\" \/><\/p>\n<p>M\u00e9rida, Yucat\u00e1n, a 3 de abril de 2025<\/p>\n<p>El Gobierno de Yucat\u00e1n, encabezado por Joaqu\u00edn D\u00edaz Mena, dio a conocer que a trav\u00e9s de la Secretar\u00eda de Educaci\u00f3n del Gobierno del Estado (SEGEY) y del Instituto del Deporte del Estado (IDEY), el pr\u00f3ximo domingo 6 de abril se realizar\u00e1 la Clase Nacional de Boxeo en el estadio \u00abSalvador Alvarado\u00bb, a las 8.00 de la ma\u00f1ana, misma que se efectuar\u00e1 de manera simult\u00e1nea en todo el pa\u00eds, como fuera anunciado hace unas semanas por el Gobierno Federal, a trav\u00e9s de la Direcci\u00f3n Nacional de Promoci\u00f3n al Deporte y Bienestar de la Secretar\u00eda de Educaci\u00f3n P\u00fablica (SEP).<\/p>\n<p>Representantes del IDEY y la SEGEY expusieron que la clase busca acercar el deporte a toda la poblaci\u00f3n, especialmente a las y los j\u00f3venes, como parte fundamental del eje de Atenci\u00f3n a las Causas, de la Estrategia Nacional de Seguridad, pues el objetivo es proporcionar alternativas que la alejen del consumo de drogas o de los grupos delictivos.<\/p>\n<p>Se trata de que haya opciones para participar en actividades deportivas y de construcci\u00f3n de la paz, y se conf\u00eda en que con este tipo de actividades de deporte y convivencia se establezca un v\u00ednculo con la actividad f\u00edsica que m\u00e1s adelante sea permanente, y les ofrezca la alternativa de algo que les motive a reunirse con otros j\u00f3venes y adultos a trav\u00e9s del deporte.<\/p>\n<p>En fechas pasadas, el Gobernador Joaqu\u00edn D\u00edaz Mena recibi\u00f3 en Palacio de Gobierno a Miguel Torruco D\u00edaz, director nacional de Promoci\u00f3n al Deporte y Bienestar de la SEP, y conjuntamente presentaron el Cintur\u00f3n de la Paz, que fue firmado por los gobernadores de todo el pa\u00eds en muestra del compromiso de unidad en torno al deporte como una herramienta de paz y lucha contra las adicciones.<\/p>\n<p>Para el evento han sido invitadas escuelas de nivel medio superior, as\u00ed como deportistas de alto rendimiento y, por supuesto, los excampeones mundiales de boxeo Gustavo \u00abGuty\u00bb Espadas Espinoza, Gustavo Espadas Cruz, y Juan Herrera Marrufo, quienes acompa\u00f1ar\u00e1n al contingente en la clase.<\/p>\n<p>La SEP tambi\u00e9n invit\u00f3 a Francisco \u00abEl Bandido\u00bb Vargas Pel\u00e1ez, excampe\u00f3n mundial super pluma del CMB entre 2015 y 2017, y representante de M\u00e9xico en los Juegos Ol\u00edmpicos de 2008, para que est\u00e9 presente en la clase del estadio \u201cSalvador Alvarado\u201d impulsando esta iniciativa.<\/p>\n<p>Al t\u00e9rmino del evento, la Presidenta Claudia Sheinbaum Pardo dirigir\u00e1 un mensaje a los participantes en la Clase Nacional de Boxeo de todos los estados de la Rep\u00fablica, y se espera que los deportistas de Yucat\u00e1n participen de manera activa en esta iniciativa, a la que se han sumado instituciones como el IMSS y el ISSSTE que tambi\u00e9n se har\u00e1n presentes con sus deportistas. El Consejo Mundial de Boxeo tambi\u00e9n env\u00edo invitaciones a todos los excampeones mundiales para unirse a la clase.<\/p>\n<p>La iniciativa se aplicar\u00e1 ma\u00f1ana viernes en escuelas de 8 municipios, que son: Peto, en la escuela primaria \u00abFrancisco I Madero\u00bb; Um\u00e1n, en la escuela secundaria \u00abCentenario de la Constituci\u00f3n de 1917\u00bb; Dzidzant\u00fan, en la primaria \u00abEmiliano Zapata\u00bb; Ticul, primaria \u00abManuel Cepeda Peraza\u00bb; en el Polifuncional de la Unidad Deportiva Tizim\u00edn; Valladolid en la primaria \u00abArtemio Alp\u00edzar Ru\u00edz\u00bb; en Izamal en la primaria \u00abAquiles Serd\u00e1n\u00bb, y en Tekax, en la primaria \u00abRogelio Chal\u00e9\u00bb.<\/p>\n<p>En la presentaci\u00f3n estuvieron presentes Armin Lizama C\u00f3rdova, director del Instituto del Deporte de Yucat\u00e1n; el excampe\u00f3n mundial de boxeo Gustavo \u00abGuty\u00bb Espadas Espinoza, director del Complejo Deportivo Inal\u00e1mbrica; Miguel Pech Estrella, director de Educaci\u00f3n Media Superior de la SEGEY; Edel \u00c1vila Aguilar, jefe de Servicios de Salud en el Trabajo, Prestaciones Econ\u00f3micas y Sociales del IMSS Yucat\u00e1n, y Manuel Gil Acereto, director de Promoci\u00f3n Deportiva del IDEY.<\/p>\n","protected":false},"excerpt":{"rendered":"<p>&nbsp; M\u00e9rida, Yucat\u00e1n, a 3 de abril de 2025 El Gobierno de Yucat\u00e1n, encabezado por Joaqu\u00edn D\u00edaz Mena, dio a conocer que a trav\u00e9s de la Secretar\u00eda de Educaci\u00f3n del Gobierno del Estado (SEGEY) y del Instituto del Deporte del Estado (IDEY), el pr\u00f3ximo domingo 6 de abril se realizar\u00e1 la Clase Nacional de Boxeo [&hellip;]<\/p>\n","protected":false},"author":4,"featured_media":114951,"comment_status":"closed","ping_status":"closed","sticky":false,"template":"","format":"standard","meta":{"footnotes":""},"categories":[3],"tags":[],"class_list":{"0":"post-114950","1":"post","2":"type-post","3":"status-publish","4":"format-standard","5":"has-post-thumbnail","7":"category-yucatan"},"yoast_head":"<!-- This site is optimized with the Yoast SEO plugin v27.4 - https:\/\/yoast.com\/product\/yoast-seo-wordpress\/ -->\n<title>Yucat\u00e1n participar\u00e1 en la clase Nacional de Boxeo - Yucat\u00e1n en corto<\/title>\n<meta name=\"robots\" content=\"index, follow, max-snippet:-1, max-image-preview:large, max-video-preview:-1\" \/>\n<link rel=\"canonical\" href=\"https:\/\/www.yucatanencorto.com\/noticias\/yucatan-participara-en-la-clase-nacional-de-boxeo\/\" \/>\n<meta property=\"og:locale\" content=\"es_ES\" \/>\n<meta property=\"og:type\" content=\"article\" \/>\n<meta property=\"og:title\" content=\"Yucat\u00e1n participar\u00e1 en la clase Nacional de Boxeo - Yucat\u00e1n en corto\" \/>\n<meta property=\"og:description\" content=\"&nbsp; M\u00e9rida, Yucat\u00e1n, a 3 de abril de 2025 El Gobierno de Yucat\u00e1n, encabezado por Joaqu\u00edn D\u00edaz Mena, dio a conocer que a trav\u00e9s de la Secretar\u00eda de Educaci\u00f3n del Gobierno del Estado (SEGEY) y del Instituto del Deporte del Estado (IDEY), el pr\u00f3ximo domingo 6 de abril se realizar\u00e1 la Clase Nacional de Boxeo [&hellip;]\" \/>\n<meta property=\"og:url\" content=\"https:\/\/www.yucatanencorto.com\/noticias\/yucatan-participara-en-la-clase-nacional-de-boxeo\/\" \/>\n<meta property=\"og:site_name\" content=\"Yucat\u00e1n en corto\" \/>\n<meta property=\"article:publisher\" content=\"http:\/\/www.facebook.com\/yucatanencorto\" \/>\n<meta property=\"article:published_time\" content=\"2025-04-03T23:04:16+00:00\" \/>\n<meta property=\"og:image\" content=\"https:\/\/www.yucatanencorto.com\/noticias\/wp-content\/uploads\/2025\/04\/WhatsApp-Image-2025-04-03-at-4.50.15-PM-scaled.jpeg\" \/>\n\t<meta property=\"og:image:width\" content=\"768\" \/>\n\t<meta property=\"og:image:height\" content=\"512\" \/>\n\t<meta property=\"og:image:type\" content=\"image\/jpeg\" \/>\n<meta name=\"author\" content=\"Yucat\u00e1n en Corto\" \/>\n<meta name=\"twitter:card\" content=\"summary_large_image\" \/>\n<meta name=\"twitter:creator\" content=\"@yucatanencorto\" \/>\n<meta name=\"twitter:site\" content=\"@yucatanencorto\" \/>\n<meta name=\"twitter:label1\" content=\"Escrito por\" \/>\n\t<meta name=\"twitter:data1\" content=\"Yucat\u00e1n en Corto\" \/>\n\t<meta name=\"twitter:label2\" content=\"Tiempo de lectura\" \/>\n\t<meta name=\"twitter:data2\" content=\"3 minutos\" \/>\n<script type=\"application\/ld+json\" class=\"yoast-schema-graph\">{\"@context\":\"https:\\\/\\\/schema.org\",\"@graph\":[{\"@type\":\"Article\",\"@id\":\"https:\\\/\\\/www.yucatanencorto.com\\\/noticias\\\/yucatan-participara-en-la-clase-nacional-de-boxeo\\\/#article\",\"isPartOf\":{\"@id\":\"https:\\\/\\\/www.yucatanencorto.com\\\/noticias\\\/yucatan-participara-en-la-clase-nacional-de-boxeo\\\/\"},\"author\":{\"name\":\"Yucat\u00e1n en Corto\",\"@id\":\"https:\\\/\\\/www.yucatanencorto.com\\\/noticias\\\/#\\\/schema\\\/person\\\/f0ec40c33447bbc0dc2d01d3006de771\"},\"headline\":\"Yucat\u00e1n participar\u00e1 en la clase Nacional de Boxeo\",\"datePublished\":\"2025-04-03T23:04:16+00:00\",\"mainEntityOfPage\":{\"@id\":\"https:\\\/\\\/www.yucatanencorto.com\\\/noticias\\\/yucatan-participara-en-la-clase-nacional-de-boxeo\\\/\"},\"wordCount\":670,\"image\":{\"@id\":\"https:\\\/\\\/www.yucatanencorto.com\\\/noticias\\\/yucatan-participara-en-la-clase-nacional-de-boxeo\\\/#primaryimage\"},\"thumbnailUrl\":\"https:\\\/\\\/www.yucatanencorto.com\\\/noticias\\\/wp-content\\\/uploads\\\/2025\\\/04\\\/WhatsApp-Image-2025-04-03-at-4.50.15-PM-scaled.jpeg\",\"articleSection\":[\"Yucat\u00e1n\"],\"inLanguage\":\"es\"},{\"@type\":\"WebPage\",\"@id\":\"https:\\\/\\\/www.yucatanencorto.com\\\/noticias\\\/yucatan-participara-en-la-clase-nacional-de-boxeo\\\/\",\"url\":\"https:\\\/\\\/www.yucatanencorto.com\\\/noticias\\\/yucatan-participara-en-la-clase-nacional-de-boxeo\\\/\",\"name\":\"Yucat\u00e1n participar\u00e1 en la clase Nacional de Boxeo - Yucat\u00e1n en corto\",\"isPartOf\":{\"@id\":\"https:\\\/\\\/www.yucatanencorto.com\\\/noticias\\\/#website\"},\"primaryImageOfPage\":{\"@id\":\"https:\\\/\\\/www.yucatanencorto.com\\\/noticias\\\/yucatan-participara-en-la-clase-nacional-de-boxeo\\\/#primaryimage\"},\"image\":{\"@id\":\"https:\\\/\\\/www.yucatanencorto.com\\\/noticias\\\/yucatan-participara-en-la-clase-nacional-de-boxeo\\\/#primaryimage\"},\"thumbnailUrl\":\"https:\\\/\\\/www.yucatanencorto.com\\\/noticias\\\/wp-content\\\/uploads\\\/2025\\\/04\\\/WhatsApp-Image-2025-04-03-at-4.50.15-PM-scaled.jpeg\",\"datePublished\":\"2025-04-03T23:04:16+00:00\",\"author\":{\"@id\":\"https:\\\/\\\/www.yucatanencorto.com\\\/noticias\\\/#\\\/schema\\\/person\\\/f0ec40c33447bbc0dc2d01d3006de771\"},\"breadcrumb\":{\"@id\":\"https:\\\/\\\/www.yucatanencorto.com\\\/noticias\\\/yucatan-participara-en-la-clase-nacional-de-boxeo\\\/#breadcrumb\"},\"inLanguage\":\"es\",\"potentialAction\":[{\"@type\":\"ReadAction\",\"target\":[\"https:\\\/\\\/www.yucatanencorto.com\\\/noticias\\\/yucatan-participara-en-la-clase-nacional-de-boxeo\\\/\"]}]},{\"@type\":\"ImageObject\",\"inLanguage\":\"es\",\"@id\":\"https:\\\/\\\/www.yucatanencorto.com\\\/noticias\\\/yucatan-participara-en-la-clase-nacional-de-boxeo\\\/#primaryimage\",\"url\":\"https:\\\/\\\/www.yucatanencorto.com\\\/noticias\\\/wp-content\\\/uploads\\\/2025\\\/04\\\/WhatsApp-Image-2025-04-03-at-4.50.15-PM-scaled.jpeg\",\"contentUrl\":\"https:\\\/\\\/www.yucatanencorto.com\\\/noticias\\\/wp-content\\\/uploads\\\/2025\\\/04\\\/WhatsApp-Image-2025-04-03-at-4.50.15-PM-scaled.jpeg\",\"width\":768,\"height\":512},{\"@type\":\"BreadcrumbList\",\"@id\":\"https:\\\/\\\/www.yucatanencorto.com\\\/noticias\\\/yucatan-participara-en-la-clase-nacional-de-boxeo\\\/#breadcrumb\",\"itemListElement\":[{\"@type\":\"ListItem\",\"position\":1,\"name\":\"Portada\",\"item\":\"https:\\\/\\\/www.yucatanencorto.com\\\/noticias\\\/\"},{\"@type\":\"ListItem\",\"position\":2,\"name\":\"Yucat\u00e1n participar\u00e1 en la clase Nacional de Boxeo\"}]},{\"@type\":\"WebSite\",\"@id\":\"https:\\\/\\\/www.yucatanencorto.com\\\/noticias\\\/#website\",\"url\":\"https:\\\/\\\/www.yucatanencorto.com\\\/noticias\\\/\",\"name\":\"Yucat\u00e1n en corto\",\"description\":\"Noticias\",\"potentialAction\":[{\"@type\":\"SearchAction\",\"target\":{\"@type\":\"EntryPoint\",\"urlTemplate\":\"https:\\\/\\\/www.yucatanencorto.com\\\/noticias\\\/?s={search_term_string}\"},\"query-input\":{\"@type\":\"PropertyValueSpecification\",\"valueRequired\":true,\"valueName\":\"search_term_string\"}}],\"inLanguage\":\"es\"},{\"@type\":\"Person\",\"@id\":\"https:\\\/\\\/www.yucatanencorto.com\\\/noticias\\\/#\\\/schema\\\/person\\\/f0ec40c33447bbc0dc2d01d3006de771\",\"name\":\"Yucat\u00e1n en Corto\",\"image\":{\"@type\":\"ImageObject\",\"inLanguage\":\"es\",\"@id\":\"https:\\\/\\\/secure.gravatar.com\\\/avatar\\\/20e0a6b626f38fa8e545fb3f80ce566efd790bf8877e65c3a482460cc3e0b5d1?s=96&d=mm&r=g\",\"url\":\"https:\\\/\\\/secure.gravatar.com\\\/avatar\\\/20e0a6b626f38fa8e545fb3f80ce566efd790bf8877e65c3a482460cc3e0b5d1?s=96&d=mm&r=g\",\"contentUrl\":\"https:\\\/\\\/secure.gravatar.com\\\/avatar\\\/20e0a6b626f38fa8e545fb3f80ce566efd790bf8877e65c3a482460cc3e0b5d1?s=96&d=mm&r=g\",\"caption\":\"Yucat\u00e1n en Corto\"},\"url\":\"https:\\\/\\\/www.yucatanencorto.com\\\/noticias\\\/author\\\/editor25\\\/\"}]}<\/script>\n<!-- \/ Yoast SEO plugin. -->","yoast_head_json":{"title":"Yucat\u00e1n participar\u00e1 en la clase Nacional de Boxeo - Yucat\u00e1n en corto","robots":{"index":"index","follow":"follow","max-snippet":"max-snippet:-1","max-image-preview":"max-image-preview:large","max-video-preview":"max-video-preview:-1"},"canonical":"https:\/\/www.yucatanencorto.com\/noticias\/yucatan-participara-en-la-clase-nacional-de-boxeo\/","og_locale":"es_ES","og_type":"article","og_title":"Yucat\u00e1n participar\u00e1 en la clase Nacional de Boxeo - Yucat\u00e1n en corto","og_description":"&nbsp; M\u00e9rida, Yucat\u00e1n, a 3 de abril de 2025 El Gobierno de Yucat\u00e1n, encabezado por Joaqu\u00edn D\u00edaz Mena, dio a conocer que a trav\u00e9s de la Secretar\u00eda de Educaci\u00f3n del Gobierno del Estado (SEGEY) y del Instituto del Deporte del Estado (IDEY), el pr\u00f3ximo domingo 6 de abril se realizar\u00e1 la Clase Nacional de Boxeo [&hellip;]","og_url":"https:\/\/www.yucatanencorto.com\/noticias\/yucatan-participara-en-la-clase-nacional-de-boxeo\/","og_site_name":"Yucat\u00e1n en corto","article_publisher":"http:\/\/www.facebook.com\/yucatanencorto","article_published_time":"2025-04-03T23:04:16+00:00","og_image":[{"width":768,"height":512,"url":"https:\/\/www.yucatanencorto.com\/noticias\/wp-content\/uploads\/2025\/04\/WhatsApp-Image-2025-04-03-at-4.50.15-PM-scaled.jpeg","type":"image\/jpeg"}],"author":"Yucat\u00e1n en Corto","twitter_card":"summary_large_image","twitter_creator":"@yucatanencorto","twitter_site":"@yucatanencorto","twitter_misc":{"Escrito por":"Yucat\u00e1n en Corto","Tiempo de lectura":"3 minutos"},"schema":{"@context":"https:\/\/schema.org","@graph":[{"@type":"Article","@id":"https:\/\/www.yucatanencorto.com\/noticias\/yucatan-participara-en-la-clase-nacional-de-boxeo\/#article","isPartOf":{"@id":"https:\/\/www.yucatanencorto.com\/noticias\/yucatan-participara-en-la-clase-nacional-de-boxeo\/"},"author":{"name":"Yucat\u00e1n en Corto","@id":"https:\/\/www.yucatanencorto.com\/noticias\/#\/schema\/person\/f0ec40c33447bbc0dc2d01d3006de771"},"headline":"Yucat\u00e1n participar\u00e1 en la clase Nacional de Boxeo","datePublished":"2025-04-03T23:04:16+00:00","mainEntityOfPage":{"@id":"https:\/\/www.yucatanencorto.com\/noticias\/yucatan-participara-en-la-clase-nacional-de-boxeo\/"},"wordCount":670,"image":{"@id":"https:\/\/www.yucatanencorto.com\/noticias\/yucatan-participara-en-la-clase-nacional-de-boxeo\/#primaryimage"},"thumbnailUrl":"https:\/\/www.yucatanencorto.com\/noticias\/wp-content\/uploads\/2025\/04\/WhatsApp-Image-2025-04-03-at-4.50.15-PM-scaled.jpeg","articleSection":["Yucat\u00e1n"],"inLanguage":"es"},{"@type":"WebPage","@id":"https:\/\/www.yucatanencorto.com\/noticias\/yucatan-participara-en-la-clase-nacional-de-boxeo\/","url":"https:\/\/www.yucatanencorto.com\/noticias\/yucatan-participara-en-la-clase-nacional-de-boxeo\/","name":"Yucat\u00e1n participar\u00e1 en la clase Nacional de Boxeo - Yucat\u00e1n en corto","isPartOf":{"@id":"https:\/\/www.yucatanencorto.com\/noticias\/#website"},"primaryImageOfPage":{"@id":"https:\/\/www.yucatanencorto.com\/noticias\/yucatan-participara-en-la-clase-nacional-de-boxeo\/#primaryimage"},"image":{"@id":"https:\/\/www.yucatanencorto.com\/noticias\/yucatan-participara-en-la-clase-nacional-de-boxeo\/#primaryimage"},"thumbnailUrl":"https:\/\/www.yucatanencorto.com\/noticias\/wp-content\/uploads\/2025\/04\/WhatsApp-Image-2025-04-03-at-4.50.15-PM-scaled.jpeg","datePublished":"2025-04-03T23:04:16+00:00","author":{"@id":"https:\/\/www.yucatanencorto.com\/noticias\/#\/schema\/person\/f0ec40c33447bbc0dc2d01d3006de771"},"breadcrumb":{"@id":"https:\/\/www.yucatanencorto.com\/noticias\/yucatan-participara-en-la-clase-nacional-de-boxeo\/#breadcrumb"},"inLanguage":"es","potentialAction":[{"@type":"ReadAction","target":["https:\/\/www.yucatanencorto.com\/noticias\/yucatan-participara-en-la-clase-nacional-de-boxeo\/"]}]},{"@type":"ImageObject","inLanguage":"es","@id":"https:\/\/www.yucatanencorto.com\/noticias\/yucatan-participara-en-la-clase-nacional-de-boxeo\/#primaryimage","url":"https:\/\/www.yucatanencorto.com\/noticias\/wp-content\/uploads\/2025\/04\/WhatsApp-Image-2025-04-03-at-4.50.15-PM-scaled.jpeg","contentUrl":"https:\/\/www.yucatanencorto.com\/noticias\/wp-content\/uploads\/2025\/04\/WhatsApp-Image-2025-04-03-at-4.50.15-PM-scaled.jpeg","width":768,"height":512},{"@type":"BreadcrumbList","@id":"https:\/\/www.yucatanencorto.com\/noticias\/yucatan-participara-en-la-clase-nacional-de-boxeo\/#breadcrumb","itemListElement":[{"@type":"ListItem","position":1,"name":"Portada","item":"https:\/\/www.yucatanencorto.com\/noticias\/"},{"@type":"ListItem","position":2,"name":"Yucat\u00e1n participar\u00e1 en la clase Nacional de Boxeo"}]},{"@type":"WebSite","@id":"https:\/\/www.yucatanencorto.com\/noticias\/#website","url":"https:\/\/www.yucatanencorto.com\/noticias\/","name":"Yucat\u00e1n en corto","description":"Noticias","potentialAction":[{"@type":"SearchAction","target":{"@type":"EntryPoint","urlTemplate":"https:\/\/www.yucatanencorto.com\/noticias\/?s={search_term_string}"},"query-input":{"@type":"PropertyValueSpecification","valueRequired":true,"valueName":"search_term_string"}}],"inLanguage":"es"},{"@type":"Person","@id":"https:\/\/www.yucatanencorto.com\/noticias\/#\/schema\/person\/f0ec40c33447bbc0dc2d01d3006de771","name":"Yucat\u00e1n en Corto","image":{"@type":"ImageObject","inLanguage":"es","@id":"https:\/\/secure.gravatar.com\/avatar\/20e0a6b626f38fa8e545fb3f80ce566efd790bf8877e65c3a482460cc3e0b5d1?s=96&d=mm&r=g","url":"https:\/\/secure.gravatar.com\/avatar\/20e0a6b626f38fa8e545fb3f80ce566efd790bf8877e65c3a482460cc3e0b5d1?s=96&d=mm&r=g","contentUrl":"https:\/\/secure.gravatar.com\/avatar\/20e0a6b626f38fa8e545fb3f80ce566efd790bf8877e65c3a482460cc3e0b5d1?s=96&d=mm&r=g","caption":"Yucat\u00e1n en Corto"},"url":"https:\/\/www.yucatanencorto.com\/noticias\/author\/editor25\/"}]}},"_links":{"self":[{"href":"https:\/\/www.yucatanencorto.com\/noticias\/wp-json\/wp\/v2\/posts\/114950","targetHints":{"allow":["GET"]}}],"collection":[{"href":"https:\/\/www.yucatanencorto.com\/noticias\/wp-json\/wp\/v2\/posts"}],"about":[{"href":"https:\/\/www.yucatanencorto.com\/noticias\/wp-json\/wp\/v2\/types\/post"}],"author":[{"embeddable":true,"href":"https:\/\/www.yucatanencorto.com\/noticias\/wp-json\/wp\/v2\/users\/4"}],"replies":[{"embeddable":true,"href":"https:\/\/www.yucatanencorto.com\/noticias\/wp-json\/wp\/v2\/comments?post=114950"}],"version-history":[{"count":0,"href":"https:\/\/www.yucatanencorto.com\/noticias\/wp-json\/wp\/v2\/posts\/114950\/revisions"}],"wp:featuredmedia":[{"embeddable":true,"href":"https:\/\/www.yucatanencorto.com\/noticias\/wp-json\/wp\/v2\/media\/114951"}],"wp:attachment":[{"href":"https:\/\/www.yucatanencorto.com\/noticias\/wp-json\/wp\/v2\/media?parent=114950"}],"wp:term":[{"taxonomy":"category","embeddable":true,"href":"https:\/\/www.yucatanencorto.com\/noticias\/wp-json\/wp\/v2\/categories?post=114950"},{"taxonomy":"post_tag","embeddable":true,"href":"https:\/\/www.yucatanencorto.com\/noticias\/wp-json\/wp\/v2\/tags?post=114950"}],"curies":[{"name":"wp","href":"https:\/\/api.w.org\/{rel}","templated":true}]}}