{"id":114953,"date":"2025-04-03T17:08:44","date_gmt":"2025-04-03T23:08:44","guid":{"rendered":"https:\/\/www.yucatanencorto.com\/noticias\/?p=114953"},"modified":"2025-04-03T17:08:44","modified_gmt":"2025-04-03T23:08:44","slug":"dif-yucatan-y-rally-maya-2025-mejoran-la-calidad-de-vida-de-ninas-ninos-y-adultos-mayores","status":"publish","type":"post","link":"https:\/\/www.yucatanencorto.com\/noticias\/dif-yucatan-y-rally-maya-2025-mejoran-la-calidad-de-vida-de-ninas-ninos-y-adultos-mayores\/","title":{"rendered":"DIF Yucat\u00e1n y Rally Maya 2025 mejoran la calidad de vida de ni\u00f1as, ni\u00f1os y adultos mayores"},"content":{"rendered":"<p><img loading=\"lazy\" decoding=\"async\" class=\"alignnone size-full wp-image-114954\" src=\"https:\/\/www.yucatanencorto.com\/noticias\/wp-content\/uploads\/2025\/04\/WhatsApp-Image-2025-04-03-at-4.14.07-PM-2-scaled.jpeg\" alt=\"\" width=\"768\" height=\"512\" srcset=\"https:\/\/www.yucatanencorto.com\/noticias\/wp-content\/uploads\/2025\/04\/WhatsApp-Image-2025-04-03-at-4.14.07-PM-2-scaled.jpeg 768w, https:\/\/www.yucatanencorto.com\/noticias\/wp-content\/uploads\/2025\/04\/WhatsApp-Image-2025-04-03-at-4.14.07-PM-2-1536x1024.jpeg 1536w, https:\/\/www.yucatanencorto.com\/noticias\/wp-content\/uploads\/2025\/04\/WhatsApp-Image-2025-04-03-at-4.14.07-PM-2-2048x1365.jpeg 2048w, https:\/\/www.yucatanencorto.com\/noticias\/wp-content\/uploads\/2025\/04\/WhatsApp-Image-2025-04-03-at-4.14.07-PM-2-150x100.jpeg 150w, https:\/\/www.yucatanencorto.com\/noticias\/wp-content\/uploads\/2025\/04\/WhatsApp-Image-2025-04-03-at-4.14.07-PM-2-300x200.jpeg 300w, https:\/\/www.yucatanencorto.com\/noticias\/wp-content\/uploads\/2025\/04\/WhatsApp-Image-2025-04-03-at-4.14.07-PM-2-696x464.jpeg 696w, https:\/\/www.yucatanencorto.com\/noticias\/wp-content\/uploads\/2025\/04\/WhatsApp-Image-2025-04-03-at-4.14.07-PM-2-1068x712.jpeg 1068w, https:\/\/www.yucatanencorto.com\/noticias\/wp-content\/uploads\/2025\/04\/WhatsApp-Image-2025-04-03-at-4.14.07-PM-2-1920x1280.jpeg 1920w\" sizes=\"auto, (max-width: 768px) 100vw, 768px\" \/><\/p>\n<p>&nbsp;<\/p>\n<p>M\u00e9rida, Yucat\u00e1n, a 3 de abril de 2025<\/p>\n<p>Como resultado del trabajo del Gobierno del Renacimiento Maya, encabezado por el Gobernador Joaqu\u00edn D\u00edaz Mena, y el compromiso social de la Fundaci\u00f3n Rally Maya M\u00e9xico, la Fundaci\u00f3n Alejo Peralta y la Fundaci\u00f3n Telmex-Telcel, el Sistema para el Desarrollo Integral de la Familia (DIF) Yucat\u00e1n recibi\u00f3 la donaci\u00f3n de sillas de ruedas a personas en situaci\u00f3n de vulnerabilidad y bicicletas destinadas a ni\u00f1as, ni\u00f1os y adolescentes.<\/p>\n<p>Durante la ceremonia, la presidenta honoraria del DIF Yucat\u00e1n, Mtra. Wendy Yamile M\u00e9ndez Naal, destac\u00f3 la importancia de estas alianzas que generan oportunidades y transforman vidas, reconociendo el compromiso de las fundaciones participantes.<\/p>\n<p>\u00abA nombre de todo el equipo del DIF, as\u00ed como de Casa Otoch, quiero agradecer la donaci\u00f3n que este d\u00eda realiza el Rally Maya, con 10 sillas de ruedas para adultos mayores, 2 bicicletas para ni\u00f1as, 2 bicicletas para ni\u00f1os y 6 bicicletas juveniles, que sin duda llenar\u00e1n de felicidad a quienes las reciben\u00bb, expres\u00f3.<\/p>\n<p>Asimismo, resalt\u00f3 la labor de la Fundaci\u00f3n Alejo Peralta y la Fundaci\u00f3n Telmex-Telcel, que trabajan de manera constante para mejorar la salud, educaci\u00f3n y desarrollo social de comunidades en situaci\u00f3n de vulnerabilidad.<\/p>\n<p>\u00abUno de nuestros objetivos principales en el DIF Yucat\u00e1n es asegurar la movilidad y bienestar de todos los yucatecos, pero, sobre todo, de la poblaci\u00f3n m\u00e1s vulnerable. Acciones como esta reafirman que la suma de esfuerzos hace la diferencia y permiten cumplir nuestro compromiso con la gente\u00bb, agreg\u00f3.<\/p>\n<p>Esta entrega representa un esfuerzo conjunto que fortalece la movilidad, la autonom\u00eda y el bienestar de quienes m\u00e1s lo necesitan, reafirmando el valor de la solidaridad y la colaboraci\u00f3n entre los sectores p\u00fablico y privado.<\/p>\n<p>El Rally Maya 2025, adem\u00e1s de ser un evento automovil\u00edstico de gran prestigio que re\u00fane a cerca de 90 autos cl\u00e1sicos en el sureste del pa\u00eds, tambi\u00e9n es reconocido por su fuerte compromiso con la responsabilidad social.<\/p>\n<p>En esta edici\u00f3n, Casa Otoch y el DIF Yucat\u00e1n fueron seleccionados como los principales beneficiarios, recibiendo 10 sillas de ruedas para adultos mayores y 10 bicicletas para las ni\u00f1as, ni\u00f1os y adolescentes que residen en Casa Otoch, como un reconocimiento a su esfuerzo acad\u00e9mico.<\/p>\n<p>El director de la Fundaci\u00f3n Alejo Peralta, Federico Kraft, enfatiz\u00f3 que la entrega de estos apoyos es reflejo del compromiso de la iniciativa privada con el bienestar social y la inclusi\u00f3n. Y adem\u00e1s destac\u00f3 que las sillas de ruedas donadas fueron dise\u00f1adas especialmente para este tipo de apoyos, garantizando que cumplan con altos est\u00e1ndares de calidad y comodidad para los beneficiarios.<\/p>\n<p>Por su parte, el representante del Rally Maya M\u00e9xico y Fundaci\u00f3n Telmex-Telcel, Renato Ortega, subray\u00f3 que las bicicletas entregadas son un reconocimiento al desempe\u00f1o acad\u00e9mico de las ni\u00f1as, ni\u00f1os y adolescentes de Casa Otoch, buscando incentivar su esfuerzo y motivarlos a seguir adelante.<\/p>\n<p>El Rally Maya 2025 inici\u00f3 el pasado 28 de marzo y recorri\u00f3 las ciudades de Tulum, Chetumal y Campeche, concluyendo el 5 de abril en M\u00e9rida. Como cada a\u00f1o, este evento combina la pasi\u00f3n por los autos cl\u00e1sicos con el compromiso de generar impacto positivo en la comunidad, reafirmando que la uni\u00f3n entre el sector p\u00fablico y privado es clave para fortalecer la inclusi\u00f3n y el bienestar social en Yucat\u00e1n.<\/p>\n<p>La entrega, realizada en Casa Otoch, cont\u00f3 con la presencia de la directora general del DIF Yucat\u00e1n, L.C.C. Shirley Edith Castillo S\u00e1nchez; la directora de Casa Otoch, Mtra. Jenny Mariana Garc\u00eda Brito; la directora de Asistencia Social del DIF Yucat\u00e1n, Lic. Doris Alejandra N\u00fa\u00f1ez Sulub; el director de la Fundaci\u00f3n Alejo Peralta, Lic. Federico Kraft; el representante del Rally Maya M\u00e9xico y de la Fundaci\u00f3n Telmex-Telcel, Renato Ortega; el coordinador operativo de la Fundaci\u00f3n Alejo Peralta, Ernesto Carrillo, y la presidenta del Patronato Casa Otoch, Fabiola Mois\u00e9s Chapur.<\/p>\n","protected":false},"excerpt":{"rendered":"<p>&nbsp; M\u00e9rida, Yucat\u00e1n, a 3 de abril de 2025 Como resultado del trabajo del Gobierno del Renacimiento Maya, encabezado por el Gobernador Joaqu\u00edn D\u00edaz Mena, y el compromiso social de la Fundaci\u00f3n Rally Maya M\u00e9xico, la Fundaci\u00f3n Alejo Peralta y la Fundaci\u00f3n Telmex-Telcel, el Sistema para el Desarrollo Integral de la Familia (DIF) Yucat\u00e1n recibi\u00f3 [&hellip;]<\/p>\n","protected":false},"author":4,"featured_media":114954,"comment_status":"closed","ping_status":"closed","sticky":false,"template":"","format":"standard","meta":{"footnotes":""},"categories":[2],"tags":[],"class_list":{"0":"post-114953","1":"post","2":"type-post","3":"status-publish","4":"format-standard","5":"has-post-thumbnail","7":"category-merida"},"yoast_head":"<!-- This site is optimized with the Yoast SEO plugin v27.5 - https:\/\/yoast.com\/product\/yoast-seo-wordpress\/ -->\n<title>DIF Yucat\u00e1n y Rally Maya 2025 mejoran la calidad de vida de ni\u00f1as, ni\u00f1os y adultos mayores - Yucat\u00e1n en corto<\/title>\n<meta name=\"robots\" content=\"index, follow, max-snippet:-1, max-image-preview:large, max-video-preview:-1\" \/>\n<link rel=\"canonical\" href=\"https:\/\/www.yucatanencorto.com\/noticias\/dif-yucatan-y-rally-maya-2025-mejoran-la-calidad-de-vida-de-ninas-ninos-y-adultos-mayores\/\" \/>\n<meta property=\"og:locale\" content=\"es_ES\" \/>\n<meta property=\"og:type\" content=\"article\" \/>\n<meta property=\"og:title\" content=\"DIF Yucat\u00e1n y Rally Maya 2025 mejoran la calidad de vida de ni\u00f1as, ni\u00f1os y adultos mayores - Yucat\u00e1n en corto\" \/>\n<meta property=\"og:description\" content=\"&nbsp; M\u00e9rida, Yucat\u00e1n, a 3 de abril de 2025 Como resultado del trabajo del Gobierno del Renacimiento Maya, encabezado por el Gobernador Joaqu\u00edn D\u00edaz Mena, y el compromiso social de la Fundaci\u00f3n Rally Maya M\u00e9xico, la Fundaci\u00f3n Alejo Peralta y la Fundaci\u00f3n Telmex-Telcel, el Sistema para el Desarrollo Integral de la Familia (DIF) Yucat\u00e1n recibi\u00f3 [&hellip;]\" \/>\n<meta property=\"og:url\" content=\"https:\/\/www.yucatanencorto.com\/noticias\/dif-yucatan-y-rally-maya-2025-mejoran-la-calidad-de-vida-de-ninas-ninos-y-adultos-mayores\/\" \/>\n<meta property=\"og:site_name\" content=\"Yucat\u00e1n en corto\" \/>\n<meta property=\"article:publisher\" content=\"http:\/\/www.facebook.com\/yucatanencorto\" \/>\n<meta property=\"article:published_time\" content=\"2025-04-03T23:08:44+00:00\" \/>\n<meta property=\"og:image\" content=\"https:\/\/www.yucatanencorto.com\/noticias\/wp-content\/uploads\/2025\/04\/WhatsApp-Image-2025-04-03-at-4.14.07-PM-2-scaled.jpeg\" \/>\n\t<meta property=\"og:image:width\" content=\"768\" \/>\n\t<meta property=\"og:image:height\" content=\"512\" \/>\n\t<meta property=\"og:image:type\" content=\"image\/jpeg\" \/>\n<meta name=\"author\" content=\"Yucat\u00e1n en Corto\" \/>\n<meta name=\"twitter:card\" content=\"summary_large_image\" \/>\n<meta name=\"twitter:creator\" content=\"@yucatanencorto\" \/>\n<meta name=\"twitter:site\" content=\"@yucatanencorto\" \/>\n<meta name=\"twitter:label1\" content=\"Escrito por\" \/>\n\t<meta name=\"twitter:data1\" content=\"Yucat\u00e1n en Corto\" \/>\n\t<meta name=\"twitter:label2\" content=\"Tiempo de lectura\" \/>\n\t<meta name=\"twitter:data2\" content=\"4 minutos\" \/>\n<script type=\"application\/ld+json\" class=\"yoast-schema-graph\">{\"@context\":\"https:\\\/\\\/schema.org\",\"@graph\":[{\"@type\":\"Article\",\"@id\":\"https:\\\/\\\/www.yucatanencorto.com\\\/noticias\\\/dif-yucatan-y-rally-maya-2025-mejoran-la-calidad-de-vida-de-ninas-ninos-y-adultos-mayores\\\/#article\",\"isPartOf\":{\"@id\":\"https:\\\/\\\/www.yucatanencorto.com\\\/noticias\\\/dif-yucatan-y-rally-maya-2025-mejoran-la-calidad-de-vida-de-ninas-ninos-y-adultos-mayores\\\/\"},\"author\":{\"name\":\"Yucat\u00e1n en Corto\",\"@id\":\"https:\\\/\\\/www.yucatanencorto.com\\\/noticias\\\/#\\\/schema\\\/person\\\/f0ec40c33447bbc0dc2d01d3006de771\"},\"headline\":\"DIF Yucat\u00e1n y Rally Maya 2025 mejoran la calidad de vida de ni\u00f1as, ni\u00f1os y adultos mayores\",\"datePublished\":\"2025-04-03T23:08:44+00:00\",\"mainEntityOfPage\":{\"@id\":\"https:\\\/\\\/www.yucatanencorto.com\\\/noticias\\\/dif-yucatan-y-rally-maya-2025-mejoran-la-calidad-de-vida-de-ninas-ninos-y-adultos-mayores\\\/\"},\"wordCount\":700,\"image\":{\"@id\":\"https:\\\/\\\/www.yucatanencorto.com\\\/noticias\\\/dif-yucatan-y-rally-maya-2025-mejoran-la-calidad-de-vida-de-ninas-ninos-y-adultos-mayores\\\/#primaryimage\"},\"thumbnailUrl\":\"https:\\\/\\\/www.yucatanencorto.com\\\/noticias\\\/wp-content\\\/uploads\\\/2025\\\/04\\\/WhatsApp-Image-2025-04-03-at-4.14.07-PM-2-scaled.jpeg\",\"articleSection\":[\"M\u00e9rida\"],\"inLanguage\":\"es\"},{\"@type\":\"WebPage\",\"@id\":\"https:\\\/\\\/www.yucatanencorto.com\\\/noticias\\\/dif-yucatan-y-rally-maya-2025-mejoran-la-calidad-de-vida-de-ninas-ninos-y-adultos-mayores\\\/\",\"url\":\"https:\\\/\\\/www.yucatanencorto.com\\\/noticias\\\/dif-yucatan-y-rally-maya-2025-mejoran-la-calidad-de-vida-de-ninas-ninos-y-adultos-mayores\\\/\",\"name\":\"DIF Yucat\u00e1n y Rally Maya 2025 mejoran la calidad de vida de ni\u00f1as, ni\u00f1os y adultos mayores - Yucat\u00e1n en corto\",\"isPartOf\":{\"@id\":\"https:\\\/\\\/www.yucatanencorto.com\\\/noticias\\\/#website\"},\"primaryImageOfPage\":{\"@id\":\"https:\\\/\\\/www.yucatanencorto.com\\\/noticias\\\/dif-yucatan-y-rally-maya-2025-mejoran-la-calidad-de-vida-de-ninas-ninos-y-adultos-mayores\\\/#primaryimage\"},\"image\":{\"@id\":\"https:\\\/\\\/www.yucatanencorto.com\\\/noticias\\\/dif-yucatan-y-rally-maya-2025-mejoran-la-calidad-de-vida-de-ninas-ninos-y-adultos-mayores\\\/#primaryimage\"},\"thumbnailUrl\":\"https:\\\/\\\/www.yucatanencorto.com\\\/noticias\\\/wp-content\\\/uploads\\\/2025\\\/04\\\/WhatsApp-Image-2025-04-03-at-4.14.07-PM-2-scaled.jpeg\",\"datePublished\":\"2025-04-03T23:08:44+00:00\",\"author\":{\"@id\":\"https:\\\/\\\/www.yucatanencorto.com\\\/noticias\\\/#\\\/schema\\\/person\\\/f0ec40c33447bbc0dc2d01d3006de771\"},\"breadcrumb\":{\"@id\":\"https:\\\/\\\/www.yucatanencorto.com\\\/noticias\\\/dif-yucatan-y-rally-maya-2025-mejoran-la-calidad-de-vida-de-ninas-ninos-y-adultos-mayores\\\/#breadcrumb\"},\"inLanguage\":\"es\",\"potentialAction\":[{\"@type\":\"ReadAction\",\"target\":[\"https:\\\/\\\/www.yucatanencorto.com\\\/noticias\\\/dif-yucatan-y-rally-maya-2025-mejoran-la-calidad-de-vida-de-ninas-ninos-y-adultos-mayores\\\/\"]}]},{\"@type\":\"ImageObject\",\"inLanguage\":\"es\",\"@id\":\"https:\\\/\\\/www.yucatanencorto.com\\\/noticias\\\/dif-yucatan-y-rally-maya-2025-mejoran-la-calidad-de-vida-de-ninas-ninos-y-adultos-mayores\\\/#primaryimage\",\"url\":\"https:\\\/\\\/www.yucatanencorto.com\\\/noticias\\\/wp-content\\\/uploads\\\/2025\\\/04\\\/WhatsApp-Image-2025-04-03-at-4.14.07-PM-2-scaled.jpeg\",\"contentUrl\":\"https:\\\/\\\/www.yucatanencorto.com\\\/noticias\\\/wp-content\\\/uploads\\\/2025\\\/04\\\/WhatsApp-Image-2025-04-03-at-4.14.07-PM-2-scaled.jpeg\",\"width\":768,\"height\":512},{\"@type\":\"BreadcrumbList\",\"@id\":\"https:\\\/\\\/www.yucatanencorto.com\\\/noticias\\\/dif-yucatan-y-rally-maya-2025-mejoran-la-calidad-de-vida-de-ninas-ninos-y-adultos-mayores\\\/#breadcrumb\",\"itemListElement\":[{\"@type\":\"ListItem\",\"position\":1,\"name\":\"Portada\",\"item\":\"https:\\\/\\\/www.yucatanencorto.com\\\/noticias\\\/\"},{\"@type\":\"ListItem\",\"position\":2,\"name\":\"DIF Yucat\u00e1n y Rally Maya 2025 mejoran la calidad de vida de ni\u00f1as, ni\u00f1os y adultos mayores\"}]},{\"@type\":\"WebSite\",\"@id\":\"https:\\\/\\\/www.yucatanencorto.com\\\/noticias\\\/#website\",\"url\":\"https:\\\/\\\/www.yucatanencorto.com\\\/noticias\\\/\",\"name\":\"Yucat\u00e1n en corto\",\"description\":\"Noticias\",\"potentialAction\":[{\"@type\":\"SearchAction\",\"target\":{\"@type\":\"EntryPoint\",\"urlTemplate\":\"https:\\\/\\\/www.yucatanencorto.com\\\/noticias\\\/?s={search_term_string}\"},\"query-input\":{\"@type\":\"PropertyValueSpecification\",\"valueRequired\":true,\"valueName\":\"search_term_string\"}}],\"inLanguage\":\"es\"},{\"@type\":\"Person\",\"@id\":\"https:\\\/\\\/www.yucatanencorto.com\\\/noticias\\\/#\\\/schema\\\/person\\\/f0ec40c33447bbc0dc2d01d3006de771\",\"name\":\"Yucat\u00e1n en Corto\",\"image\":{\"@type\":\"ImageObject\",\"inLanguage\":\"es\",\"@id\":\"https:\\\/\\\/secure.gravatar.com\\\/avatar\\\/20e0a6b626f38fa8e545fb3f80ce566efd790bf8877e65c3a482460cc3e0b5d1?s=96&d=mm&r=g\",\"url\":\"https:\\\/\\\/secure.gravatar.com\\\/avatar\\\/20e0a6b626f38fa8e545fb3f80ce566efd790bf8877e65c3a482460cc3e0b5d1?s=96&d=mm&r=g\",\"contentUrl\":\"https:\\\/\\\/secure.gravatar.com\\\/avatar\\\/20e0a6b626f38fa8e545fb3f80ce566efd790bf8877e65c3a482460cc3e0b5d1?s=96&d=mm&r=g\",\"caption\":\"Yucat\u00e1n en Corto\"},\"url\":\"https:\\\/\\\/www.yucatanencorto.com\\\/noticias\\\/author\\\/editor25\\\/\"}]}<\/script>\n<!-- \/ Yoast SEO plugin. -->","yoast_head_json":{"title":"DIF Yucat\u00e1n y Rally Maya 2025 mejoran la calidad de vida de ni\u00f1as, ni\u00f1os y adultos mayores - Yucat\u00e1n en corto","robots":{"index":"index","follow":"follow","max-snippet":"max-snippet:-1","max-image-preview":"max-image-preview:large","max-video-preview":"max-video-preview:-1"},"canonical":"https:\/\/www.yucatanencorto.com\/noticias\/dif-yucatan-y-rally-maya-2025-mejoran-la-calidad-de-vida-de-ninas-ninos-y-adultos-mayores\/","og_locale":"es_ES","og_type":"article","og_title":"DIF Yucat\u00e1n y Rally Maya 2025 mejoran la calidad de vida de ni\u00f1as, ni\u00f1os y adultos mayores - Yucat\u00e1n en corto","og_description":"&nbsp; M\u00e9rida, Yucat\u00e1n, a 3 de abril de 2025 Como resultado del trabajo del Gobierno del Renacimiento Maya, encabezado por el Gobernador Joaqu\u00edn D\u00edaz Mena, y el compromiso social de la Fundaci\u00f3n Rally Maya M\u00e9xico, la Fundaci\u00f3n Alejo Peralta y la Fundaci\u00f3n Telmex-Telcel, el Sistema para el Desarrollo Integral de la Familia (DIF) Yucat\u00e1n recibi\u00f3 [&hellip;]","og_url":"https:\/\/www.yucatanencorto.com\/noticias\/dif-yucatan-y-rally-maya-2025-mejoran-la-calidad-de-vida-de-ninas-ninos-y-adultos-mayores\/","og_site_name":"Yucat\u00e1n en corto","article_publisher":"http:\/\/www.facebook.com\/yucatanencorto","article_published_time":"2025-04-03T23:08:44+00:00","og_image":[{"width":768,"height":512,"url":"https:\/\/www.yucatanencorto.com\/noticias\/wp-content\/uploads\/2025\/04\/WhatsApp-Image-2025-04-03-at-4.14.07-PM-2-scaled.jpeg","type":"image\/jpeg"}],"author":"Yucat\u00e1n en Corto","twitter_card":"summary_large_image","twitter_creator":"@yucatanencorto","twitter_site":"@yucatanencorto","twitter_misc":{"Escrito por":"Yucat\u00e1n en Corto","Tiempo de lectura":"4 minutos"},"schema":{"@context":"https:\/\/schema.org","@graph":[{"@type":"Article","@id":"https:\/\/www.yucatanencorto.com\/noticias\/dif-yucatan-y-rally-maya-2025-mejoran-la-calidad-de-vida-de-ninas-ninos-y-adultos-mayores\/#article","isPartOf":{"@id":"https:\/\/www.yucatanencorto.com\/noticias\/dif-yucatan-y-rally-maya-2025-mejoran-la-calidad-de-vida-de-ninas-ninos-y-adultos-mayores\/"},"author":{"name":"Yucat\u00e1n en Corto","@id":"https:\/\/www.yucatanencorto.com\/noticias\/#\/schema\/person\/f0ec40c33447bbc0dc2d01d3006de771"},"headline":"DIF Yucat\u00e1n y Rally Maya 2025 mejoran la calidad de vida de ni\u00f1as, ni\u00f1os y adultos mayores","datePublished":"2025-04-03T23:08:44+00:00","mainEntityOfPage":{"@id":"https:\/\/www.yucatanencorto.com\/noticias\/dif-yucatan-y-rally-maya-2025-mejoran-la-calidad-de-vida-de-ninas-ninos-y-adultos-mayores\/"},"wordCount":700,"image":{"@id":"https:\/\/www.yucatanencorto.com\/noticias\/dif-yucatan-y-rally-maya-2025-mejoran-la-calidad-de-vida-de-ninas-ninos-y-adultos-mayores\/#primaryimage"},"thumbnailUrl":"https:\/\/www.yucatanencorto.com\/noticias\/wp-content\/uploads\/2025\/04\/WhatsApp-Image-2025-04-03-at-4.14.07-PM-2-scaled.jpeg","articleSection":["M\u00e9rida"],"inLanguage":"es"},{"@type":"WebPage","@id":"https:\/\/www.yucatanencorto.com\/noticias\/dif-yucatan-y-rally-maya-2025-mejoran-la-calidad-de-vida-de-ninas-ninos-y-adultos-mayores\/","url":"https:\/\/www.yucatanencorto.com\/noticias\/dif-yucatan-y-rally-maya-2025-mejoran-la-calidad-de-vida-de-ninas-ninos-y-adultos-mayores\/","name":"DIF Yucat\u00e1n y Rally Maya 2025 mejoran la calidad de vida de ni\u00f1as, ni\u00f1os y adultos mayores - Yucat\u00e1n en corto","isPartOf":{"@id":"https:\/\/www.yucatanencorto.com\/noticias\/#website"},"primaryImageOfPage":{"@id":"https:\/\/www.yucatanencorto.com\/noticias\/dif-yucatan-y-rally-maya-2025-mejoran-la-calidad-de-vida-de-ninas-ninos-y-adultos-mayores\/#primaryimage"},"image":{"@id":"https:\/\/www.yucatanencorto.com\/noticias\/dif-yucatan-y-rally-maya-2025-mejoran-la-calidad-de-vida-de-ninas-ninos-y-adultos-mayores\/#primaryimage"},"thumbnailUrl":"https:\/\/www.yucatanencorto.com\/noticias\/wp-content\/uploads\/2025\/04\/WhatsApp-Image-2025-04-03-at-4.14.07-PM-2-scaled.jpeg","datePublished":"2025-04-03T23:08:44+00:00","author":{"@id":"https:\/\/www.yucatanencorto.com\/noticias\/#\/schema\/person\/f0ec40c33447bbc0dc2d01d3006de771"},"breadcrumb":{"@id":"https:\/\/www.yucatanencorto.com\/noticias\/dif-yucatan-y-rally-maya-2025-mejoran-la-calidad-de-vida-de-ninas-ninos-y-adultos-mayores\/#breadcrumb"},"inLanguage":"es","potentialAction":[{"@type":"ReadAction","target":["https:\/\/www.yucatanencorto.com\/noticias\/dif-yucatan-y-rally-maya-2025-mejoran-la-calidad-de-vida-de-ninas-ninos-y-adultos-mayores\/"]}]},{"@type":"ImageObject","inLanguage":"es","@id":"https:\/\/www.yucatanencorto.com\/noticias\/dif-yucatan-y-rally-maya-2025-mejoran-la-calidad-de-vida-de-ninas-ninos-y-adultos-mayores\/#primaryimage","url":"https:\/\/www.yucatanencorto.com\/noticias\/wp-content\/uploads\/2025\/04\/WhatsApp-Image-2025-04-03-at-4.14.07-PM-2-scaled.jpeg","contentUrl":"https:\/\/www.yucatanencorto.com\/noticias\/wp-content\/uploads\/2025\/04\/WhatsApp-Image-2025-04-03-at-4.14.07-PM-2-scaled.jpeg","width":768,"height":512},{"@type":"BreadcrumbList","@id":"https:\/\/www.yucatanencorto.com\/noticias\/dif-yucatan-y-rally-maya-2025-mejoran-la-calidad-de-vida-de-ninas-ninos-y-adultos-mayores\/#breadcrumb","itemListElement":[{"@type":"ListItem","position":1,"name":"Portada","item":"https:\/\/www.yucatanencorto.com\/noticias\/"},{"@type":"ListItem","position":2,"name":"DIF Yucat\u00e1n y Rally Maya 2025 mejoran la calidad de vida de ni\u00f1as, ni\u00f1os y adultos mayores"}]},{"@type":"WebSite","@id":"https:\/\/www.yucatanencorto.com\/noticias\/#website","url":"https:\/\/www.yucatanencorto.com\/noticias\/","name":"Yucat\u00e1n en corto","description":"Noticias","potentialAction":[{"@type":"SearchAction","target":{"@type":"EntryPoint","urlTemplate":"https:\/\/www.yucatanencorto.com\/noticias\/?s={search_term_string}"},"query-input":{"@type":"PropertyValueSpecification","valueRequired":true,"valueName":"search_term_string"}}],"inLanguage":"es"},{"@type":"Person","@id":"https:\/\/www.yucatanencorto.com\/noticias\/#\/schema\/person\/f0ec40c33447bbc0dc2d01d3006de771","name":"Yucat\u00e1n en Corto","image":{"@type":"ImageObject","inLanguage":"es","@id":"https:\/\/secure.gravatar.com\/avatar\/20e0a6b626f38fa8e545fb3f80ce566efd790bf8877e65c3a482460cc3e0b5d1?s=96&d=mm&r=g","url":"https:\/\/secure.gravatar.com\/avatar\/20e0a6b626f38fa8e545fb3f80ce566efd790bf8877e65c3a482460cc3e0b5d1?s=96&d=mm&r=g","contentUrl":"https:\/\/secure.gravatar.com\/avatar\/20e0a6b626f38fa8e545fb3f80ce566efd790bf8877e65c3a482460cc3e0b5d1?s=96&d=mm&r=g","caption":"Yucat\u00e1n en Corto"},"url":"https:\/\/www.yucatanencorto.com\/noticias\/author\/editor25\/"}]}},"_links":{"self":[{"href":"https:\/\/www.yucatanencorto.com\/noticias\/wp-json\/wp\/v2\/posts\/114953","targetHints":{"allow":["GET"]}}],"collection":[{"href":"https:\/\/www.yucatanencorto.com\/noticias\/wp-json\/wp\/v2\/posts"}],"about":[{"href":"https:\/\/www.yucatanencorto.com\/noticias\/wp-json\/wp\/v2\/types\/post"}],"author":[{"embeddable":true,"href":"https:\/\/www.yucatanencorto.com\/noticias\/wp-json\/wp\/v2\/users\/4"}],"replies":[{"embeddable":true,"href":"https:\/\/www.yucatanencorto.com\/noticias\/wp-json\/wp\/v2\/comments?post=114953"}],"version-history":[{"count":0,"href":"https:\/\/www.yucatanencorto.com\/noticias\/wp-json\/wp\/v2\/posts\/114953\/revisions"}],"wp:featuredmedia":[{"embeddable":true,"href":"https:\/\/www.yucatanencorto.com\/noticias\/wp-json\/wp\/v2\/media\/114954"}],"wp:attachment":[{"href":"https:\/\/www.yucatanencorto.com\/noticias\/wp-json\/wp\/v2\/media?parent=114953"}],"wp:term":[{"taxonomy":"category","embeddable":true,"href":"https:\/\/www.yucatanencorto.com\/noticias\/wp-json\/wp\/v2\/categories?post=114953"},{"taxonomy":"post_tag","embeddable":true,"href":"https:\/\/www.yucatanencorto.com\/noticias\/wp-json\/wp\/v2\/tags?post=114953"}],"curies":[{"name":"wp","href":"https:\/\/api.w.org\/{rel}","templated":true}]}}