{"id":114959,"date":"2025-04-08T14:53:53","date_gmt":"2025-04-08T20:53:53","guid":{"rendered":"https:\/\/www.yucatanencorto.com\/noticias\/?p=114959"},"modified":"2025-04-08T14:53:53","modified_gmt":"2025-04-08T20:53:53","slug":"llevan-plan-bienestar-al-sur-de-merida-para-pavimentar-calles","status":"publish","type":"post","link":"https:\/\/www.yucatanencorto.com\/noticias\/llevan-plan-bienestar-al-sur-de-merida-para-pavimentar-calles\/","title":{"rendered":"Llevan Plan Bienestar al sur de M\u00e9rida para pavimentar calles"},"content":{"rendered":"<p><img loading=\"lazy\" decoding=\"async\" class=\"alignnone size-full wp-image-114960\" src=\"https:\/\/www.yucatanencorto.com\/noticias\/wp-content\/uploads\/2025\/04\/WhatsApp-Image-2025-04-08-at-2.24.58-PM-scaled.jpeg\" alt=\"\" width=\"768\" height=\"512\" srcset=\"https:\/\/www.yucatanencorto.com\/noticias\/wp-content\/uploads\/2025\/04\/WhatsApp-Image-2025-04-08-at-2.24.58-PM-scaled.jpeg 768w, https:\/\/www.yucatanencorto.com\/noticias\/wp-content\/uploads\/2025\/04\/WhatsApp-Image-2025-04-08-at-2.24.58-PM-1536x1024.jpeg 1536w, https:\/\/www.yucatanencorto.com\/noticias\/wp-content\/uploads\/2025\/04\/WhatsApp-Image-2025-04-08-at-2.24.58-PM-2048x1365.jpeg 2048w, https:\/\/www.yucatanencorto.com\/noticias\/wp-content\/uploads\/2025\/04\/WhatsApp-Image-2025-04-08-at-2.24.58-PM-150x100.jpeg 150w, https:\/\/www.yucatanencorto.com\/noticias\/wp-content\/uploads\/2025\/04\/WhatsApp-Image-2025-04-08-at-2.24.58-PM-300x200.jpeg 300w, https:\/\/www.yucatanencorto.com\/noticias\/wp-content\/uploads\/2025\/04\/WhatsApp-Image-2025-04-08-at-2.24.58-PM-696x464.jpeg 696w, https:\/\/www.yucatanencorto.com\/noticias\/wp-content\/uploads\/2025\/04\/WhatsApp-Image-2025-04-08-at-2.24.58-PM-1068x712.jpeg 1068w, https:\/\/www.yucatanencorto.com\/noticias\/wp-content\/uploads\/2025\/04\/WhatsApp-Image-2025-04-08-at-2.24.58-PM-1920x1280.jpeg 1920w\" sizes=\"auto, (max-width: 768px) 100vw, 768px\" \/><\/p>\n<p>M\u00e9rida, Yucat\u00e1n, a 8 de abril de 2025<\/p>\n<p>El Gobernador de Yucat\u00e1n, Joaqu\u00edn D\u00edaz Mena, inform\u00f3 que, mediante el Plan Bienestar, se realizan trabajos de bacheo en de calles en la colonia Salvador Alvarado Sur de M\u00e9rida, intervenci\u00f3n que beneficiar\u00e1 directamente a m\u00e1s de 4,600 habitantes y se ejecutar\u00e1 con recursos 100% estatales.<\/p>\n<p>El mandatario visit\u00f3 este martes la zona, donde sostuvo un encuentro con vecinas y vecinos para escuchar de primera mano sus principales demandas.<\/p>\n<p>\u201cHoy no venimos con promesas, sino venimos con hechos, venimos con maquinaria, con trabajadores, con asfalto, con materiales, con inversi\u00f3n p\u00fablica, pero lo m\u00e1s importante, con la voluntad, como bien dec\u00eda do\u00f1a Rita, de reducir la desigualdad y el rezago que por a\u00f1os ha afectado a las colonias del sur de M\u00e9rida\u201d, dijo.<\/p>\n<p>El mandatario indic\u00f3 que se van a bachear m\u00e1s de 20 kil\u00f3metros de calles en la Salvador Alvarado sur y que hasta el momento ya se tienen intervenidos el 30% del total.<\/p>\n<p>D\u00edaz Mena enfatiz\u00f3 su compromiso de reparar toda la colonia, es decir 338 calles, hasta alcanzar cero baches en esta colonia ubicada al sur de la ciudad de M\u00e9rida.<\/p>\n<p>\u201cComo pueden ver ustedes, la transformaci\u00f3n ya comenz\u00f3, el Renacimiento Maya ya inici\u00f3, y vamos a seguir trabajando de la mano de ustedes, para gobernar, no desde una oficina con aire acondicionado, sino venir a caminar las calles con los vecinos a escucharles, pero, sobre todo, a cumplir con lo que nos comprometimos\u201d, resalt\u00f3.<\/p>\n<p>Adem\u00e1s de Salvador Alvarado Sur, otras colonias ya beneficiadas de mejora de calle, como el Fraccionamiento Tixcacal Opich\u00e9n, Fraccionamiento Ciudad Caucel (Secci\u00f3n Las Torres II), Colonia Delio Moreno, Colonia Mulsay, Colonia Melit\u00f3n Salazar, Colonia Castilla C\u00e1mara, Colonia Dolores Otero y la Colonia San Antonio Xluch I y II.<\/p>\n<p>Con estas acciones, el Gobierno del Renacimiento Maya reafirma su compromiso de trabajar por una M\u00e9rida m\u00e1s justa, equitativa y con oportunidades para todas y todos, especialmente para quienes m\u00e1s lo necesitan.<\/p>\n<p>En su turno, la titular de la Secretar\u00eda de Infraestructura para el Bienestar (SIBY), Alaine L\u00f3pez Brice\u00f1o, explic\u00f3 que los trabajos implican la reparaci\u00f3n de los baches aislados con un espesor de 5 cent\u00edmetros.<\/p>\n<p>Acompa\u00f1ada del director de Instituto de Infraestructura Carretera (INCAY), \u00c1ngel P\u00e9rez Medrano, L\u00f3pez Brice\u00f1o detall\u00f3 que los trabajos incluyen el picado, la limpieza, la ampliaci\u00f3n, el relleno, y todo lo que deriva cuando las vecinas y los vecinos salen en la gesti\u00f3n.<\/p>\n<p>Se est\u00e1n ejecutando tambi\u00e9n el tratamiento superficial de m\u00e1s de 7.800 metros cuadrados con un espesor de hasta 3 cent\u00edmetros para mejorar de manera integral los tramos que presentan un desgaste superficial.<\/p>\n<p>Rita Novelo Escamilla, vecina de la colonia Salvador Alvarado Sur, asever\u00f3 que el Gobierno de Joaqu\u00edn D\u00edaz Mena les est\u00e1 cumpliendo a los ciudadanos, porque dio su palabra y m\u00e1s pronto de lo que imaginaron est\u00e1n viendo la respuesta.<\/p>\n<p>\u00abSabemos que no tiene una varita m\u00e1gica, pero tiene mucha voluntad, y los vecinos tenemos confianza en usted y reconocemos su compromiso. Cuando un Gobernador hab\u00eda venido a comprometerse con los colonos, y hoy aqu\u00ed est\u00e1 usted\u00bb, reconoci\u00f3.<\/p>\n","protected":false},"excerpt":{"rendered":"<p>M\u00e9rida, Yucat\u00e1n, a 8 de abril de 2025 El Gobernador de Yucat\u00e1n, Joaqu\u00edn D\u00edaz Mena, inform\u00f3 que, mediante el Plan Bienestar, se realizan trabajos de bacheo en de calles en la colonia Salvador Alvarado Sur de M\u00e9rida, intervenci\u00f3n que beneficiar\u00e1 directamente a m\u00e1s de 4,600 habitantes y se ejecutar\u00e1 con recursos 100% estatales. El mandatario [&hellip;]<\/p>\n","protected":false},"author":4,"featured_media":114960,"comment_status":"closed","ping_status":"closed","sticky":false,"template":"","format":"standard","meta":{"footnotes":""},"categories":[3],"tags":[],"class_list":{"0":"post-114959","1":"post","2":"type-post","3":"status-publish","4":"format-standard","5":"has-post-thumbnail","7":"category-yucatan"},"yoast_head":"<!-- This site is optimized with the Yoast SEO plugin v27.5 - https:\/\/yoast.com\/product\/yoast-seo-wordpress\/ -->\n<title>Llevan Plan Bienestar al sur de M\u00e9rida para pavimentar calles - Yucat\u00e1n en corto<\/title>\n<meta name=\"robots\" content=\"index, follow, max-snippet:-1, max-image-preview:large, max-video-preview:-1\" \/>\n<link rel=\"canonical\" href=\"https:\/\/www.yucatanencorto.com\/noticias\/llevan-plan-bienestar-al-sur-de-merida-para-pavimentar-calles\/\" \/>\n<meta property=\"og:locale\" content=\"es_ES\" \/>\n<meta property=\"og:type\" content=\"article\" \/>\n<meta property=\"og:title\" content=\"Llevan Plan Bienestar al sur de M\u00e9rida para pavimentar calles - Yucat\u00e1n en corto\" \/>\n<meta property=\"og:description\" content=\"M\u00e9rida, Yucat\u00e1n, a 8 de abril de 2025 El Gobernador de Yucat\u00e1n, Joaqu\u00edn D\u00edaz Mena, inform\u00f3 que, mediante el Plan Bienestar, se realizan trabajos de bacheo en de calles en la colonia Salvador Alvarado Sur de M\u00e9rida, intervenci\u00f3n que beneficiar\u00e1 directamente a m\u00e1s de 4,600 habitantes y se ejecutar\u00e1 con recursos 100% estatales. El mandatario [&hellip;]\" \/>\n<meta property=\"og:url\" content=\"https:\/\/www.yucatanencorto.com\/noticias\/llevan-plan-bienestar-al-sur-de-merida-para-pavimentar-calles\/\" \/>\n<meta property=\"og:site_name\" content=\"Yucat\u00e1n en corto\" \/>\n<meta property=\"article:publisher\" content=\"http:\/\/www.facebook.com\/yucatanencorto\" \/>\n<meta property=\"article:published_time\" content=\"2025-04-08T20:53:53+00:00\" \/>\n<meta property=\"og:image\" content=\"https:\/\/www.yucatanencorto.com\/noticias\/wp-content\/uploads\/2025\/04\/WhatsApp-Image-2025-04-08-at-2.24.58-PM-scaled.jpeg\" \/>\n\t<meta property=\"og:image:width\" content=\"768\" \/>\n\t<meta property=\"og:image:height\" content=\"512\" \/>\n\t<meta property=\"og:image:type\" content=\"image\/jpeg\" \/>\n<meta name=\"author\" content=\"Yucat\u00e1n en Corto\" \/>\n<meta name=\"twitter:card\" content=\"summary_large_image\" \/>\n<meta name=\"twitter:creator\" content=\"@yucatanencorto\" \/>\n<meta name=\"twitter:site\" content=\"@yucatanencorto\" \/>\n<meta name=\"twitter:label1\" content=\"Escrito por\" \/>\n\t<meta name=\"twitter:data1\" content=\"Yucat\u00e1n en Corto\" \/>\n\t<meta name=\"twitter:label2\" content=\"Tiempo de lectura\" \/>\n\t<meta name=\"twitter:data2\" content=\"3 minutos\" \/>\n<script type=\"application\/ld+json\" class=\"yoast-schema-graph\">{\"@context\":\"https:\\\/\\\/schema.org\",\"@graph\":[{\"@type\":\"Article\",\"@id\":\"https:\\\/\\\/www.yucatanencorto.com\\\/noticias\\\/llevan-plan-bienestar-al-sur-de-merida-para-pavimentar-calles\\\/#article\",\"isPartOf\":{\"@id\":\"https:\\\/\\\/www.yucatanencorto.com\\\/noticias\\\/llevan-plan-bienestar-al-sur-de-merida-para-pavimentar-calles\\\/\"},\"author\":{\"name\":\"Yucat\u00e1n en Corto\",\"@id\":\"https:\\\/\\\/www.yucatanencorto.com\\\/noticias\\\/#\\\/schema\\\/person\\\/f0ec40c33447bbc0dc2d01d3006de771\"},\"headline\":\"Llevan Plan Bienestar al sur de M\u00e9rida para pavimentar calles\",\"datePublished\":\"2025-04-08T20:53:53+00:00\",\"mainEntityOfPage\":{\"@id\":\"https:\\\/\\\/www.yucatanencorto.com\\\/noticias\\\/llevan-plan-bienestar-al-sur-de-merida-para-pavimentar-calles\\\/\"},\"wordCount\":559,\"image\":{\"@id\":\"https:\\\/\\\/www.yucatanencorto.com\\\/noticias\\\/llevan-plan-bienestar-al-sur-de-merida-para-pavimentar-calles\\\/#primaryimage\"},\"thumbnailUrl\":\"https:\\\/\\\/www.yucatanencorto.com\\\/noticias\\\/wp-content\\\/uploads\\\/2025\\\/04\\\/WhatsApp-Image-2025-04-08-at-2.24.58-PM-scaled.jpeg\",\"articleSection\":[\"Yucat\u00e1n\"],\"inLanguage\":\"es\"},{\"@type\":\"WebPage\",\"@id\":\"https:\\\/\\\/www.yucatanencorto.com\\\/noticias\\\/llevan-plan-bienestar-al-sur-de-merida-para-pavimentar-calles\\\/\",\"url\":\"https:\\\/\\\/www.yucatanencorto.com\\\/noticias\\\/llevan-plan-bienestar-al-sur-de-merida-para-pavimentar-calles\\\/\",\"name\":\"Llevan Plan Bienestar al sur de M\u00e9rida para pavimentar calles - Yucat\u00e1n en corto\",\"isPartOf\":{\"@id\":\"https:\\\/\\\/www.yucatanencorto.com\\\/noticias\\\/#website\"},\"primaryImageOfPage\":{\"@id\":\"https:\\\/\\\/www.yucatanencorto.com\\\/noticias\\\/llevan-plan-bienestar-al-sur-de-merida-para-pavimentar-calles\\\/#primaryimage\"},\"image\":{\"@id\":\"https:\\\/\\\/www.yucatanencorto.com\\\/noticias\\\/llevan-plan-bienestar-al-sur-de-merida-para-pavimentar-calles\\\/#primaryimage\"},\"thumbnailUrl\":\"https:\\\/\\\/www.yucatanencorto.com\\\/noticias\\\/wp-content\\\/uploads\\\/2025\\\/04\\\/WhatsApp-Image-2025-04-08-at-2.24.58-PM-scaled.jpeg\",\"datePublished\":\"2025-04-08T20:53:53+00:00\",\"author\":{\"@id\":\"https:\\\/\\\/www.yucatanencorto.com\\\/noticias\\\/#\\\/schema\\\/person\\\/f0ec40c33447bbc0dc2d01d3006de771\"},\"breadcrumb\":{\"@id\":\"https:\\\/\\\/www.yucatanencorto.com\\\/noticias\\\/llevan-plan-bienestar-al-sur-de-merida-para-pavimentar-calles\\\/#breadcrumb\"},\"inLanguage\":\"es\",\"potentialAction\":[{\"@type\":\"ReadAction\",\"target\":[\"https:\\\/\\\/www.yucatanencorto.com\\\/noticias\\\/llevan-plan-bienestar-al-sur-de-merida-para-pavimentar-calles\\\/\"]}]},{\"@type\":\"ImageObject\",\"inLanguage\":\"es\",\"@id\":\"https:\\\/\\\/www.yucatanencorto.com\\\/noticias\\\/llevan-plan-bienestar-al-sur-de-merida-para-pavimentar-calles\\\/#primaryimage\",\"url\":\"https:\\\/\\\/www.yucatanencorto.com\\\/noticias\\\/wp-content\\\/uploads\\\/2025\\\/04\\\/WhatsApp-Image-2025-04-08-at-2.24.58-PM-scaled.jpeg\",\"contentUrl\":\"https:\\\/\\\/www.yucatanencorto.com\\\/noticias\\\/wp-content\\\/uploads\\\/2025\\\/04\\\/WhatsApp-Image-2025-04-08-at-2.24.58-PM-scaled.jpeg\",\"width\":768,\"height\":512},{\"@type\":\"BreadcrumbList\",\"@id\":\"https:\\\/\\\/www.yucatanencorto.com\\\/noticias\\\/llevan-plan-bienestar-al-sur-de-merida-para-pavimentar-calles\\\/#breadcrumb\",\"itemListElement\":[{\"@type\":\"ListItem\",\"position\":1,\"name\":\"Portada\",\"item\":\"https:\\\/\\\/www.yucatanencorto.com\\\/noticias\\\/\"},{\"@type\":\"ListItem\",\"position\":2,\"name\":\"Llevan Plan Bienestar al sur de M\u00e9rida para pavimentar calles\"}]},{\"@type\":\"WebSite\",\"@id\":\"https:\\\/\\\/www.yucatanencorto.com\\\/noticias\\\/#website\",\"url\":\"https:\\\/\\\/www.yucatanencorto.com\\\/noticias\\\/\",\"name\":\"Yucat\u00e1n en corto\",\"description\":\"Noticias\",\"potentialAction\":[{\"@type\":\"SearchAction\",\"target\":{\"@type\":\"EntryPoint\",\"urlTemplate\":\"https:\\\/\\\/www.yucatanencorto.com\\\/noticias\\\/?s={search_term_string}\"},\"query-input\":{\"@type\":\"PropertyValueSpecification\",\"valueRequired\":true,\"valueName\":\"search_term_string\"}}],\"inLanguage\":\"es\"},{\"@type\":\"Person\",\"@id\":\"https:\\\/\\\/www.yucatanencorto.com\\\/noticias\\\/#\\\/schema\\\/person\\\/f0ec40c33447bbc0dc2d01d3006de771\",\"name\":\"Yucat\u00e1n en Corto\",\"image\":{\"@type\":\"ImageObject\",\"inLanguage\":\"es\",\"@id\":\"https:\\\/\\\/secure.gravatar.com\\\/avatar\\\/20e0a6b626f38fa8e545fb3f80ce566efd790bf8877e65c3a482460cc3e0b5d1?s=96&d=mm&r=g\",\"url\":\"https:\\\/\\\/secure.gravatar.com\\\/avatar\\\/20e0a6b626f38fa8e545fb3f80ce566efd790bf8877e65c3a482460cc3e0b5d1?s=96&d=mm&r=g\",\"contentUrl\":\"https:\\\/\\\/secure.gravatar.com\\\/avatar\\\/20e0a6b626f38fa8e545fb3f80ce566efd790bf8877e65c3a482460cc3e0b5d1?s=96&d=mm&r=g\",\"caption\":\"Yucat\u00e1n en Corto\"},\"url\":\"https:\\\/\\\/www.yucatanencorto.com\\\/noticias\\\/author\\\/editor25\\\/\"}]}<\/script>\n<!-- \/ Yoast SEO plugin. -->","yoast_head_json":{"title":"Llevan Plan Bienestar al sur de M\u00e9rida para pavimentar calles - Yucat\u00e1n en corto","robots":{"index":"index","follow":"follow","max-snippet":"max-snippet:-1","max-image-preview":"max-image-preview:large","max-video-preview":"max-video-preview:-1"},"canonical":"https:\/\/www.yucatanencorto.com\/noticias\/llevan-plan-bienestar-al-sur-de-merida-para-pavimentar-calles\/","og_locale":"es_ES","og_type":"article","og_title":"Llevan Plan Bienestar al sur de M\u00e9rida para pavimentar calles - Yucat\u00e1n en corto","og_description":"M\u00e9rida, Yucat\u00e1n, a 8 de abril de 2025 El Gobernador de Yucat\u00e1n, Joaqu\u00edn D\u00edaz Mena, inform\u00f3 que, mediante el Plan Bienestar, se realizan trabajos de bacheo en de calles en la colonia Salvador Alvarado Sur de M\u00e9rida, intervenci\u00f3n que beneficiar\u00e1 directamente a m\u00e1s de 4,600 habitantes y se ejecutar\u00e1 con recursos 100% estatales. El mandatario [&hellip;]","og_url":"https:\/\/www.yucatanencorto.com\/noticias\/llevan-plan-bienestar-al-sur-de-merida-para-pavimentar-calles\/","og_site_name":"Yucat\u00e1n en corto","article_publisher":"http:\/\/www.facebook.com\/yucatanencorto","article_published_time":"2025-04-08T20:53:53+00:00","og_image":[{"width":768,"height":512,"url":"https:\/\/www.yucatanencorto.com\/noticias\/wp-content\/uploads\/2025\/04\/WhatsApp-Image-2025-04-08-at-2.24.58-PM-scaled.jpeg","type":"image\/jpeg"}],"author":"Yucat\u00e1n en Corto","twitter_card":"summary_large_image","twitter_creator":"@yucatanencorto","twitter_site":"@yucatanencorto","twitter_misc":{"Escrito por":"Yucat\u00e1n en Corto","Tiempo de lectura":"3 minutos"},"schema":{"@context":"https:\/\/schema.org","@graph":[{"@type":"Article","@id":"https:\/\/www.yucatanencorto.com\/noticias\/llevan-plan-bienestar-al-sur-de-merida-para-pavimentar-calles\/#article","isPartOf":{"@id":"https:\/\/www.yucatanencorto.com\/noticias\/llevan-plan-bienestar-al-sur-de-merida-para-pavimentar-calles\/"},"author":{"name":"Yucat\u00e1n en Corto","@id":"https:\/\/www.yucatanencorto.com\/noticias\/#\/schema\/person\/f0ec40c33447bbc0dc2d01d3006de771"},"headline":"Llevan Plan Bienestar al sur de M\u00e9rida para pavimentar calles","datePublished":"2025-04-08T20:53:53+00:00","mainEntityOfPage":{"@id":"https:\/\/www.yucatanencorto.com\/noticias\/llevan-plan-bienestar-al-sur-de-merida-para-pavimentar-calles\/"},"wordCount":559,"image":{"@id":"https:\/\/www.yucatanencorto.com\/noticias\/llevan-plan-bienestar-al-sur-de-merida-para-pavimentar-calles\/#primaryimage"},"thumbnailUrl":"https:\/\/www.yucatanencorto.com\/noticias\/wp-content\/uploads\/2025\/04\/WhatsApp-Image-2025-04-08-at-2.24.58-PM-scaled.jpeg","articleSection":["Yucat\u00e1n"],"inLanguage":"es"},{"@type":"WebPage","@id":"https:\/\/www.yucatanencorto.com\/noticias\/llevan-plan-bienestar-al-sur-de-merida-para-pavimentar-calles\/","url":"https:\/\/www.yucatanencorto.com\/noticias\/llevan-plan-bienestar-al-sur-de-merida-para-pavimentar-calles\/","name":"Llevan Plan Bienestar al sur de M\u00e9rida para pavimentar calles - Yucat\u00e1n en corto","isPartOf":{"@id":"https:\/\/www.yucatanencorto.com\/noticias\/#website"},"primaryImageOfPage":{"@id":"https:\/\/www.yucatanencorto.com\/noticias\/llevan-plan-bienestar-al-sur-de-merida-para-pavimentar-calles\/#primaryimage"},"image":{"@id":"https:\/\/www.yucatanencorto.com\/noticias\/llevan-plan-bienestar-al-sur-de-merida-para-pavimentar-calles\/#primaryimage"},"thumbnailUrl":"https:\/\/www.yucatanencorto.com\/noticias\/wp-content\/uploads\/2025\/04\/WhatsApp-Image-2025-04-08-at-2.24.58-PM-scaled.jpeg","datePublished":"2025-04-08T20:53:53+00:00","author":{"@id":"https:\/\/www.yucatanencorto.com\/noticias\/#\/schema\/person\/f0ec40c33447bbc0dc2d01d3006de771"},"breadcrumb":{"@id":"https:\/\/www.yucatanencorto.com\/noticias\/llevan-plan-bienestar-al-sur-de-merida-para-pavimentar-calles\/#breadcrumb"},"inLanguage":"es","potentialAction":[{"@type":"ReadAction","target":["https:\/\/www.yucatanencorto.com\/noticias\/llevan-plan-bienestar-al-sur-de-merida-para-pavimentar-calles\/"]}]},{"@type":"ImageObject","inLanguage":"es","@id":"https:\/\/www.yucatanencorto.com\/noticias\/llevan-plan-bienestar-al-sur-de-merida-para-pavimentar-calles\/#primaryimage","url":"https:\/\/www.yucatanencorto.com\/noticias\/wp-content\/uploads\/2025\/04\/WhatsApp-Image-2025-04-08-at-2.24.58-PM-scaled.jpeg","contentUrl":"https:\/\/www.yucatanencorto.com\/noticias\/wp-content\/uploads\/2025\/04\/WhatsApp-Image-2025-04-08-at-2.24.58-PM-scaled.jpeg","width":768,"height":512},{"@type":"BreadcrumbList","@id":"https:\/\/www.yucatanencorto.com\/noticias\/llevan-plan-bienestar-al-sur-de-merida-para-pavimentar-calles\/#breadcrumb","itemListElement":[{"@type":"ListItem","position":1,"name":"Portada","item":"https:\/\/www.yucatanencorto.com\/noticias\/"},{"@type":"ListItem","position":2,"name":"Llevan Plan Bienestar al sur de M\u00e9rida para pavimentar calles"}]},{"@type":"WebSite","@id":"https:\/\/www.yucatanencorto.com\/noticias\/#website","url":"https:\/\/www.yucatanencorto.com\/noticias\/","name":"Yucat\u00e1n en corto","description":"Noticias","potentialAction":[{"@type":"SearchAction","target":{"@type":"EntryPoint","urlTemplate":"https:\/\/www.yucatanencorto.com\/noticias\/?s={search_term_string}"},"query-input":{"@type":"PropertyValueSpecification","valueRequired":true,"valueName":"search_term_string"}}],"inLanguage":"es"},{"@type":"Person","@id":"https:\/\/www.yucatanencorto.com\/noticias\/#\/schema\/person\/f0ec40c33447bbc0dc2d01d3006de771","name":"Yucat\u00e1n en Corto","image":{"@type":"ImageObject","inLanguage":"es","@id":"https:\/\/secure.gravatar.com\/avatar\/20e0a6b626f38fa8e545fb3f80ce566efd790bf8877e65c3a482460cc3e0b5d1?s=96&d=mm&r=g","url":"https:\/\/secure.gravatar.com\/avatar\/20e0a6b626f38fa8e545fb3f80ce566efd790bf8877e65c3a482460cc3e0b5d1?s=96&d=mm&r=g","contentUrl":"https:\/\/secure.gravatar.com\/avatar\/20e0a6b626f38fa8e545fb3f80ce566efd790bf8877e65c3a482460cc3e0b5d1?s=96&d=mm&r=g","caption":"Yucat\u00e1n en Corto"},"url":"https:\/\/www.yucatanencorto.com\/noticias\/author\/editor25\/"}]}},"_links":{"self":[{"href":"https:\/\/www.yucatanencorto.com\/noticias\/wp-json\/wp\/v2\/posts\/114959","targetHints":{"allow":["GET"]}}],"collection":[{"href":"https:\/\/www.yucatanencorto.com\/noticias\/wp-json\/wp\/v2\/posts"}],"about":[{"href":"https:\/\/www.yucatanencorto.com\/noticias\/wp-json\/wp\/v2\/types\/post"}],"author":[{"embeddable":true,"href":"https:\/\/www.yucatanencorto.com\/noticias\/wp-json\/wp\/v2\/users\/4"}],"replies":[{"embeddable":true,"href":"https:\/\/www.yucatanencorto.com\/noticias\/wp-json\/wp\/v2\/comments?post=114959"}],"version-history":[{"count":0,"href":"https:\/\/www.yucatanencorto.com\/noticias\/wp-json\/wp\/v2\/posts\/114959\/revisions"}],"wp:featuredmedia":[{"embeddable":true,"href":"https:\/\/www.yucatanencorto.com\/noticias\/wp-json\/wp\/v2\/media\/114960"}],"wp:attachment":[{"href":"https:\/\/www.yucatanencorto.com\/noticias\/wp-json\/wp\/v2\/media?parent=114959"}],"wp:term":[{"taxonomy":"category","embeddable":true,"href":"https:\/\/www.yucatanencorto.com\/noticias\/wp-json\/wp\/v2\/categories?post=114959"},{"taxonomy":"post_tag","embeddable":true,"href":"https:\/\/www.yucatanencorto.com\/noticias\/wp-json\/wp\/v2\/tags?post=114959"}],"curies":[{"name":"wp","href":"https:\/\/api.w.org\/{rel}","templated":true}]}}