{"id":114963,"date":"2025-04-08T15:38:28","date_gmt":"2025-04-08T21:38:28","guid":{"rendered":"https:\/\/www.yucatanencorto.com\/noticias\/?p=114963"},"modified":"2025-04-08T15:38:28","modified_gmt":"2025-04-08T21:38:28","slug":"entregan-35-aparatos-funcionales","status":"publish","type":"post","link":"https:\/\/www.yucatanencorto.com\/noticias\/entregan-35-aparatos-funcionales\/","title":{"rendered":"Entregan 35 aparatos funcionales"},"content":{"rendered":"<p><img loading=\"lazy\" decoding=\"async\" class=\"alignnone size-full wp-image-114964\" src=\"https:\/\/www.yucatanencorto.com\/noticias\/wp-content\/uploads\/2025\/04\/WhatsApp-Image-2025-04-08-at-3.32.41-PM-2-scaled.jpeg\" alt=\"\" width=\"768\" height=\"512\" srcset=\"https:\/\/www.yucatanencorto.com\/noticias\/wp-content\/uploads\/2025\/04\/WhatsApp-Image-2025-04-08-at-3.32.41-PM-2-scaled.jpeg 768w, https:\/\/www.yucatanencorto.com\/noticias\/wp-content\/uploads\/2025\/04\/WhatsApp-Image-2025-04-08-at-3.32.41-PM-2-1536x1024.jpeg 1536w, https:\/\/www.yucatanencorto.com\/noticias\/wp-content\/uploads\/2025\/04\/WhatsApp-Image-2025-04-08-at-3.32.41-PM-2-2048x1365.jpeg 2048w, https:\/\/www.yucatanencorto.com\/noticias\/wp-content\/uploads\/2025\/04\/WhatsApp-Image-2025-04-08-at-3.32.41-PM-2-150x100.jpeg 150w, https:\/\/www.yucatanencorto.com\/noticias\/wp-content\/uploads\/2025\/04\/WhatsApp-Image-2025-04-08-at-3.32.41-PM-2-300x200.jpeg 300w, https:\/\/www.yucatanencorto.com\/noticias\/wp-content\/uploads\/2025\/04\/WhatsApp-Image-2025-04-08-at-3.32.41-PM-2-696x464.jpeg 696w, https:\/\/www.yucatanencorto.com\/noticias\/wp-content\/uploads\/2025\/04\/WhatsApp-Image-2025-04-08-at-3.32.41-PM-2-1068x712.jpeg 1068w, https:\/\/www.yucatanencorto.com\/noticias\/wp-content\/uploads\/2025\/04\/WhatsApp-Image-2025-04-08-at-3.32.41-PM-2-1920x1280.jpeg 1920w\" sizes=\"auto, (max-width: 768px) 100vw, 768px\" \/><\/p>\n<p>M\u00e9rida, Yucat\u00e1n, a 8 de abril de 2025<\/p>\n<p>Con la entrega de 35 aparatos funcionales, el Gobierno del Estado, a trav\u00e9s del DIF Yucat\u00e1n, transforma vidas y promueve un Yucat\u00e1n m\u00e1s justo, humano e incluyente.<\/p>\n<p>\u201cDesde el a\u00f1o pasado usaba un andador prestado, pero hace poco mi vecina se cay\u00f3 y me lo pidi\u00f3. Ahora me siento segura otra vez, porque este ya es m\u00edo. Gracias por pensar en nosotras\u201d, comparti\u00f3 Patricia Echeverr\u00eda, de 82 a\u00f1os, al recibir su andador nuevo por parte del Sistema para el Desarrollo Integral de la Familia (DIF) Yucat\u00e1n.<\/p>\n<p>Historias como la de Patricia fueron el centro de la entrega de 35 aparatos funcionales que el DIF Yucat\u00e1n realiz\u00f3 en beneficio de personas adultas mayores y con discapacidad de M\u00e9rida, con el respaldo del Gobernador Joaqu\u00edn D\u00edaz Mena, quien ha encomendado construir un gobierno cercano y sensible que trabaje sin distinci\u00f3n por el bienestar de todas y todos.<\/p>\n<p>La Presidenta Honoraria del DIF Yucat\u00e1n, Mtra. Wendy Yamile M\u00e9ndez Naal, encabez\u00f3 el evento y expres\u00f3 que el DIF renace con amor cuando se trabaja con pasi\u00f3n, entrega y coraz\u00f3n.<\/p>\n<p>\u201cCada d\u00eda fortalecemos m\u00e1s nuestro compromiso de atender a los grupos m\u00e1s vulnerables con humanismo y con amor. Nuestra misi\u00f3n es ser un DIF cercano, de territorio, que escuche y acompa\u00f1e. Estos apoyos son fundamentales para que las personas puedan mantener su independencia, cuidar de s\u00ed mismas y llevar una vida m\u00e1s digna y productiva\u201d, afirm\u00f3.<\/p>\n<p>Durante el evento se entregaron 19 sillas de ruedas, 10 andadores rollator, 5 bastones de cuatro puntos y una andadera, que mejorar\u00e1n la movilidad y la calidad de vida de las y los beneficiarios.<\/p>\n<p>Mar\u00eda Maricela Chi Pech, quien recibi\u00f3 una andadera rollator, apoyo solicitado durante a\u00f1os y es la primera vez que fue atendida tan r\u00e1pido. \u201cEstoy muy agradecida con la presidenta por seguir ayudando a quienes m\u00e1s lo necesitamos y por hacer de verdad una diferencia\u201d, coment\u00f3.<\/p>\n<p>Juana Paullada Dom\u00ednguez, beneficiaria de esta jornada, comparti\u00f3 que m\u00e1s all\u00e1 de la utilidad del aparato que recibi\u00f3, lo que realmente valora es el gesto de empat\u00eda y el reconocimiento a su dignidad.<\/p>\n<p>En el evento estuvieron presentes tambi\u00e9n la Directora General del DIF Yucat\u00e1n, Shirley Edith Castillo S\u00e1nchez; la Directora de Asistencia Social, Doris Alejandra N\u00fa\u00f1ez Sulub; el Jefe del Departamento de Enlace Ciudadano y Trabajo Social, Lic. Pablo Jos\u00e9 Metri Gonz\u00e1lez; la diputada del Distrito 6, Clara Paola Rosales Montiel; el diputado del Distrito 7, Jos\u00e9 Juli\u00e1n Bustillos Medina; el regidor del Ayuntamiento de M\u00e9rida, Julio Adri\u00e1n Gorocica Rojas; y la presidenta de la Mesa Directiva del Congreso del Estado, Dip. Claudia Estefan\u00eda Baeza Mart\u00ednez.<\/p>\n<p>Con acciones como esta, el Gobierno del Renacimiento Maya a trav\u00e9s del DIF Yucat\u00e1n, contin\u00faa transformando vidas, promoviendo la igualdad de oportunidades y construyendo un Yucat\u00e1n m\u00e1s humano, emp\u00e1tico y solidario.<\/p>\n","protected":false},"excerpt":{"rendered":"<p>M\u00e9rida, Yucat\u00e1n, a 8 de abril de 2025 Con la entrega de 35 aparatos funcionales, el Gobierno del Estado, a trav\u00e9s del DIF Yucat\u00e1n, transforma vidas y promueve un Yucat\u00e1n m\u00e1s justo, humano e incluyente. \u201cDesde el a\u00f1o pasado usaba un andador prestado, pero hace poco mi vecina se cay\u00f3 y me lo pidi\u00f3. Ahora [&hellip;]<\/p>\n","protected":false},"author":4,"featured_media":114964,"comment_status":"closed","ping_status":"closed","sticky":false,"template":"","format":"standard","meta":{"footnotes":""},"categories":[3],"tags":[],"class_list":{"0":"post-114963","1":"post","2":"type-post","3":"status-publish","4":"format-standard","5":"has-post-thumbnail","7":"category-yucatan"},"yoast_head":"<!-- This site is optimized with the Yoast SEO plugin v27.5 - https:\/\/yoast.com\/product\/yoast-seo-wordpress\/ -->\n<title>Entregan 35 aparatos funcionales - Yucat\u00e1n en corto<\/title>\n<meta name=\"robots\" content=\"index, follow, max-snippet:-1, max-image-preview:large, max-video-preview:-1\" \/>\n<link rel=\"canonical\" href=\"https:\/\/www.yucatanencorto.com\/noticias\/entregan-35-aparatos-funcionales\/\" \/>\n<meta property=\"og:locale\" content=\"es_ES\" \/>\n<meta property=\"og:type\" content=\"article\" \/>\n<meta property=\"og:title\" content=\"Entregan 35 aparatos funcionales - Yucat\u00e1n en corto\" \/>\n<meta property=\"og:description\" content=\"M\u00e9rida, Yucat\u00e1n, a 8 de abril de 2025 Con la entrega de 35 aparatos funcionales, el Gobierno del Estado, a trav\u00e9s del DIF Yucat\u00e1n, transforma vidas y promueve un Yucat\u00e1n m\u00e1s justo, humano e incluyente. \u201cDesde el a\u00f1o pasado usaba un andador prestado, pero hace poco mi vecina se cay\u00f3 y me lo pidi\u00f3. Ahora [&hellip;]\" \/>\n<meta property=\"og:url\" content=\"https:\/\/www.yucatanencorto.com\/noticias\/entregan-35-aparatos-funcionales\/\" \/>\n<meta property=\"og:site_name\" content=\"Yucat\u00e1n en corto\" \/>\n<meta property=\"article:publisher\" content=\"http:\/\/www.facebook.com\/yucatanencorto\" \/>\n<meta property=\"article:published_time\" content=\"2025-04-08T21:38:28+00:00\" \/>\n<meta property=\"og:image\" content=\"https:\/\/www.yucatanencorto.com\/noticias\/wp-content\/uploads\/2025\/04\/WhatsApp-Image-2025-04-08-at-3.32.41-PM-2-scaled.jpeg\" \/>\n\t<meta property=\"og:image:width\" content=\"768\" \/>\n\t<meta property=\"og:image:height\" content=\"512\" \/>\n\t<meta property=\"og:image:type\" content=\"image\/jpeg\" \/>\n<meta name=\"author\" content=\"Yucat\u00e1n en Corto\" \/>\n<meta name=\"twitter:card\" content=\"summary_large_image\" \/>\n<meta name=\"twitter:creator\" content=\"@yucatanencorto\" \/>\n<meta name=\"twitter:site\" content=\"@yucatanencorto\" \/>\n<meta name=\"twitter:label1\" content=\"Escrito por\" \/>\n\t<meta name=\"twitter:data1\" content=\"Yucat\u00e1n en Corto\" \/>\n\t<meta name=\"twitter:label2\" content=\"Tiempo de lectura\" \/>\n\t<meta name=\"twitter:data2\" content=\"3 minutos\" \/>\n<script type=\"application\/ld+json\" class=\"yoast-schema-graph\">{\"@context\":\"https:\\\/\\\/schema.org\",\"@graph\":[{\"@type\":\"Article\",\"@id\":\"https:\\\/\\\/www.yucatanencorto.com\\\/noticias\\\/entregan-35-aparatos-funcionales\\\/#article\",\"isPartOf\":{\"@id\":\"https:\\\/\\\/www.yucatanencorto.com\\\/noticias\\\/entregan-35-aparatos-funcionales\\\/\"},\"author\":{\"name\":\"Yucat\u00e1n en Corto\",\"@id\":\"https:\\\/\\\/www.yucatanencorto.com\\\/noticias\\\/#\\\/schema\\\/person\\\/f0ec40c33447bbc0dc2d01d3006de771\"},\"headline\":\"Entregan 35 aparatos funcionales\",\"datePublished\":\"2025-04-08T21:38:28+00:00\",\"mainEntityOfPage\":{\"@id\":\"https:\\\/\\\/www.yucatanencorto.com\\\/noticias\\\/entregan-35-aparatos-funcionales\\\/\"},\"wordCount\":509,\"image\":{\"@id\":\"https:\\\/\\\/www.yucatanencorto.com\\\/noticias\\\/entregan-35-aparatos-funcionales\\\/#primaryimage\"},\"thumbnailUrl\":\"https:\\\/\\\/www.yucatanencorto.com\\\/noticias\\\/wp-content\\\/uploads\\\/2025\\\/04\\\/WhatsApp-Image-2025-04-08-at-3.32.41-PM-2-scaled.jpeg\",\"articleSection\":[\"Yucat\u00e1n\"],\"inLanguage\":\"es\"},{\"@type\":\"WebPage\",\"@id\":\"https:\\\/\\\/www.yucatanencorto.com\\\/noticias\\\/entregan-35-aparatos-funcionales\\\/\",\"url\":\"https:\\\/\\\/www.yucatanencorto.com\\\/noticias\\\/entregan-35-aparatos-funcionales\\\/\",\"name\":\"Entregan 35 aparatos funcionales - Yucat\u00e1n en corto\",\"isPartOf\":{\"@id\":\"https:\\\/\\\/www.yucatanencorto.com\\\/noticias\\\/#website\"},\"primaryImageOfPage\":{\"@id\":\"https:\\\/\\\/www.yucatanencorto.com\\\/noticias\\\/entregan-35-aparatos-funcionales\\\/#primaryimage\"},\"image\":{\"@id\":\"https:\\\/\\\/www.yucatanencorto.com\\\/noticias\\\/entregan-35-aparatos-funcionales\\\/#primaryimage\"},\"thumbnailUrl\":\"https:\\\/\\\/www.yucatanencorto.com\\\/noticias\\\/wp-content\\\/uploads\\\/2025\\\/04\\\/WhatsApp-Image-2025-04-08-at-3.32.41-PM-2-scaled.jpeg\",\"datePublished\":\"2025-04-08T21:38:28+00:00\",\"author\":{\"@id\":\"https:\\\/\\\/www.yucatanencorto.com\\\/noticias\\\/#\\\/schema\\\/person\\\/f0ec40c33447bbc0dc2d01d3006de771\"},\"breadcrumb\":{\"@id\":\"https:\\\/\\\/www.yucatanencorto.com\\\/noticias\\\/entregan-35-aparatos-funcionales\\\/#breadcrumb\"},\"inLanguage\":\"es\",\"potentialAction\":[{\"@type\":\"ReadAction\",\"target\":[\"https:\\\/\\\/www.yucatanencorto.com\\\/noticias\\\/entregan-35-aparatos-funcionales\\\/\"]}]},{\"@type\":\"ImageObject\",\"inLanguage\":\"es\",\"@id\":\"https:\\\/\\\/www.yucatanencorto.com\\\/noticias\\\/entregan-35-aparatos-funcionales\\\/#primaryimage\",\"url\":\"https:\\\/\\\/www.yucatanencorto.com\\\/noticias\\\/wp-content\\\/uploads\\\/2025\\\/04\\\/WhatsApp-Image-2025-04-08-at-3.32.41-PM-2-scaled.jpeg\",\"contentUrl\":\"https:\\\/\\\/www.yucatanencorto.com\\\/noticias\\\/wp-content\\\/uploads\\\/2025\\\/04\\\/WhatsApp-Image-2025-04-08-at-3.32.41-PM-2-scaled.jpeg\",\"width\":768,\"height\":512},{\"@type\":\"BreadcrumbList\",\"@id\":\"https:\\\/\\\/www.yucatanencorto.com\\\/noticias\\\/entregan-35-aparatos-funcionales\\\/#breadcrumb\",\"itemListElement\":[{\"@type\":\"ListItem\",\"position\":1,\"name\":\"Portada\",\"item\":\"https:\\\/\\\/www.yucatanencorto.com\\\/noticias\\\/\"},{\"@type\":\"ListItem\",\"position\":2,\"name\":\"Entregan 35 aparatos funcionales\"}]},{\"@type\":\"WebSite\",\"@id\":\"https:\\\/\\\/www.yucatanencorto.com\\\/noticias\\\/#website\",\"url\":\"https:\\\/\\\/www.yucatanencorto.com\\\/noticias\\\/\",\"name\":\"Yucat\u00e1n en corto\",\"description\":\"Noticias\",\"potentialAction\":[{\"@type\":\"SearchAction\",\"target\":{\"@type\":\"EntryPoint\",\"urlTemplate\":\"https:\\\/\\\/www.yucatanencorto.com\\\/noticias\\\/?s={search_term_string}\"},\"query-input\":{\"@type\":\"PropertyValueSpecification\",\"valueRequired\":true,\"valueName\":\"search_term_string\"}}],\"inLanguage\":\"es\"},{\"@type\":\"Person\",\"@id\":\"https:\\\/\\\/www.yucatanencorto.com\\\/noticias\\\/#\\\/schema\\\/person\\\/f0ec40c33447bbc0dc2d01d3006de771\",\"name\":\"Yucat\u00e1n en Corto\",\"image\":{\"@type\":\"ImageObject\",\"inLanguage\":\"es\",\"@id\":\"https:\\\/\\\/secure.gravatar.com\\\/avatar\\\/20e0a6b626f38fa8e545fb3f80ce566efd790bf8877e65c3a482460cc3e0b5d1?s=96&d=mm&r=g\",\"url\":\"https:\\\/\\\/secure.gravatar.com\\\/avatar\\\/20e0a6b626f38fa8e545fb3f80ce566efd790bf8877e65c3a482460cc3e0b5d1?s=96&d=mm&r=g\",\"contentUrl\":\"https:\\\/\\\/secure.gravatar.com\\\/avatar\\\/20e0a6b626f38fa8e545fb3f80ce566efd790bf8877e65c3a482460cc3e0b5d1?s=96&d=mm&r=g\",\"caption\":\"Yucat\u00e1n en Corto\"},\"url\":\"https:\\\/\\\/www.yucatanencorto.com\\\/noticias\\\/author\\\/editor25\\\/\"}]}<\/script>\n<!-- \/ Yoast SEO plugin. -->","yoast_head_json":{"title":"Entregan 35 aparatos funcionales - Yucat\u00e1n en corto","robots":{"index":"index","follow":"follow","max-snippet":"max-snippet:-1","max-image-preview":"max-image-preview:large","max-video-preview":"max-video-preview:-1"},"canonical":"https:\/\/www.yucatanencorto.com\/noticias\/entregan-35-aparatos-funcionales\/","og_locale":"es_ES","og_type":"article","og_title":"Entregan 35 aparatos funcionales - Yucat\u00e1n en corto","og_description":"M\u00e9rida, Yucat\u00e1n, a 8 de abril de 2025 Con la entrega de 35 aparatos funcionales, el Gobierno del Estado, a trav\u00e9s del DIF Yucat\u00e1n, transforma vidas y promueve un Yucat\u00e1n m\u00e1s justo, humano e incluyente. \u201cDesde el a\u00f1o pasado usaba un andador prestado, pero hace poco mi vecina se cay\u00f3 y me lo pidi\u00f3. Ahora [&hellip;]","og_url":"https:\/\/www.yucatanencorto.com\/noticias\/entregan-35-aparatos-funcionales\/","og_site_name":"Yucat\u00e1n en corto","article_publisher":"http:\/\/www.facebook.com\/yucatanencorto","article_published_time":"2025-04-08T21:38:28+00:00","og_image":[{"width":768,"height":512,"url":"https:\/\/www.yucatanencorto.com\/noticias\/wp-content\/uploads\/2025\/04\/WhatsApp-Image-2025-04-08-at-3.32.41-PM-2-scaled.jpeg","type":"image\/jpeg"}],"author":"Yucat\u00e1n en Corto","twitter_card":"summary_large_image","twitter_creator":"@yucatanencorto","twitter_site":"@yucatanencorto","twitter_misc":{"Escrito por":"Yucat\u00e1n en Corto","Tiempo de lectura":"3 minutos"},"schema":{"@context":"https:\/\/schema.org","@graph":[{"@type":"Article","@id":"https:\/\/www.yucatanencorto.com\/noticias\/entregan-35-aparatos-funcionales\/#article","isPartOf":{"@id":"https:\/\/www.yucatanencorto.com\/noticias\/entregan-35-aparatos-funcionales\/"},"author":{"name":"Yucat\u00e1n en Corto","@id":"https:\/\/www.yucatanencorto.com\/noticias\/#\/schema\/person\/f0ec40c33447bbc0dc2d01d3006de771"},"headline":"Entregan 35 aparatos funcionales","datePublished":"2025-04-08T21:38:28+00:00","mainEntityOfPage":{"@id":"https:\/\/www.yucatanencorto.com\/noticias\/entregan-35-aparatos-funcionales\/"},"wordCount":509,"image":{"@id":"https:\/\/www.yucatanencorto.com\/noticias\/entregan-35-aparatos-funcionales\/#primaryimage"},"thumbnailUrl":"https:\/\/www.yucatanencorto.com\/noticias\/wp-content\/uploads\/2025\/04\/WhatsApp-Image-2025-04-08-at-3.32.41-PM-2-scaled.jpeg","articleSection":["Yucat\u00e1n"],"inLanguage":"es"},{"@type":"WebPage","@id":"https:\/\/www.yucatanencorto.com\/noticias\/entregan-35-aparatos-funcionales\/","url":"https:\/\/www.yucatanencorto.com\/noticias\/entregan-35-aparatos-funcionales\/","name":"Entregan 35 aparatos funcionales - Yucat\u00e1n en corto","isPartOf":{"@id":"https:\/\/www.yucatanencorto.com\/noticias\/#website"},"primaryImageOfPage":{"@id":"https:\/\/www.yucatanencorto.com\/noticias\/entregan-35-aparatos-funcionales\/#primaryimage"},"image":{"@id":"https:\/\/www.yucatanencorto.com\/noticias\/entregan-35-aparatos-funcionales\/#primaryimage"},"thumbnailUrl":"https:\/\/www.yucatanencorto.com\/noticias\/wp-content\/uploads\/2025\/04\/WhatsApp-Image-2025-04-08-at-3.32.41-PM-2-scaled.jpeg","datePublished":"2025-04-08T21:38:28+00:00","author":{"@id":"https:\/\/www.yucatanencorto.com\/noticias\/#\/schema\/person\/f0ec40c33447bbc0dc2d01d3006de771"},"breadcrumb":{"@id":"https:\/\/www.yucatanencorto.com\/noticias\/entregan-35-aparatos-funcionales\/#breadcrumb"},"inLanguage":"es","potentialAction":[{"@type":"ReadAction","target":["https:\/\/www.yucatanencorto.com\/noticias\/entregan-35-aparatos-funcionales\/"]}]},{"@type":"ImageObject","inLanguage":"es","@id":"https:\/\/www.yucatanencorto.com\/noticias\/entregan-35-aparatos-funcionales\/#primaryimage","url":"https:\/\/www.yucatanencorto.com\/noticias\/wp-content\/uploads\/2025\/04\/WhatsApp-Image-2025-04-08-at-3.32.41-PM-2-scaled.jpeg","contentUrl":"https:\/\/www.yucatanencorto.com\/noticias\/wp-content\/uploads\/2025\/04\/WhatsApp-Image-2025-04-08-at-3.32.41-PM-2-scaled.jpeg","width":768,"height":512},{"@type":"BreadcrumbList","@id":"https:\/\/www.yucatanencorto.com\/noticias\/entregan-35-aparatos-funcionales\/#breadcrumb","itemListElement":[{"@type":"ListItem","position":1,"name":"Portada","item":"https:\/\/www.yucatanencorto.com\/noticias\/"},{"@type":"ListItem","position":2,"name":"Entregan 35 aparatos funcionales"}]},{"@type":"WebSite","@id":"https:\/\/www.yucatanencorto.com\/noticias\/#website","url":"https:\/\/www.yucatanencorto.com\/noticias\/","name":"Yucat\u00e1n en corto","description":"Noticias","potentialAction":[{"@type":"SearchAction","target":{"@type":"EntryPoint","urlTemplate":"https:\/\/www.yucatanencorto.com\/noticias\/?s={search_term_string}"},"query-input":{"@type":"PropertyValueSpecification","valueRequired":true,"valueName":"search_term_string"}}],"inLanguage":"es"},{"@type":"Person","@id":"https:\/\/www.yucatanencorto.com\/noticias\/#\/schema\/person\/f0ec40c33447bbc0dc2d01d3006de771","name":"Yucat\u00e1n en Corto","image":{"@type":"ImageObject","inLanguage":"es","@id":"https:\/\/secure.gravatar.com\/avatar\/20e0a6b626f38fa8e545fb3f80ce566efd790bf8877e65c3a482460cc3e0b5d1?s=96&d=mm&r=g","url":"https:\/\/secure.gravatar.com\/avatar\/20e0a6b626f38fa8e545fb3f80ce566efd790bf8877e65c3a482460cc3e0b5d1?s=96&d=mm&r=g","contentUrl":"https:\/\/secure.gravatar.com\/avatar\/20e0a6b626f38fa8e545fb3f80ce566efd790bf8877e65c3a482460cc3e0b5d1?s=96&d=mm&r=g","caption":"Yucat\u00e1n en Corto"},"url":"https:\/\/www.yucatanencorto.com\/noticias\/author\/editor25\/"}]}},"_links":{"self":[{"href":"https:\/\/www.yucatanencorto.com\/noticias\/wp-json\/wp\/v2\/posts\/114963","targetHints":{"allow":["GET"]}}],"collection":[{"href":"https:\/\/www.yucatanencorto.com\/noticias\/wp-json\/wp\/v2\/posts"}],"about":[{"href":"https:\/\/www.yucatanencorto.com\/noticias\/wp-json\/wp\/v2\/types\/post"}],"author":[{"embeddable":true,"href":"https:\/\/www.yucatanencorto.com\/noticias\/wp-json\/wp\/v2\/users\/4"}],"replies":[{"embeddable":true,"href":"https:\/\/www.yucatanencorto.com\/noticias\/wp-json\/wp\/v2\/comments?post=114963"}],"version-history":[{"count":0,"href":"https:\/\/www.yucatanencorto.com\/noticias\/wp-json\/wp\/v2\/posts\/114963\/revisions"}],"wp:featuredmedia":[{"embeddable":true,"href":"https:\/\/www.yucatanencorto.com\/noticias\/wp-json\/wp\/v2\/media\/114964"}],"wp:attachment":[{"href":"https:\/\/www.yucatanencorto.com\/noticias\/wp-json\/wp\/v2\/media?parent=114963"}],"wp:term":[{"taxonomy":"category","embeddable":true,"href":"https:\/\/www.yucatanencorto.com\/noticias\/wp-json\/wp\/v2\/categories?post=114963"},{"taxonomy":"post_tag","embeddable":true,"href":"https:\/\/www.yucatanencorto.com\/noticias\/wp-json\/wp\/v2\/tags?post=114963"}],"curies":[{"name":"wp","href":"https:\/\/api.w.org\/{rel}","templated":true}]}}