{"id":114966,"date":"2025-04-08T15:47:23","date_gmt":"2025-04-08T21:47:23","guid":{"rendered":"https:\/\/www.yucatanencorto.com\/noticias\/?p=114966"},"modified":"2025-04-08T15:47:23","modified_gmt":"2025-04-08T21:47:23","slug":"anuncian-inversion-de-grupo-reyma-por-40-mdd","status":"publish","type":"post","link":"https:\/\/www.yucatanencorto.com\/noticias\/anuncian-inversion-de-grupo-reyma-por-40-mdd\/","title":{"rendered":"Anuncian inversi\u00f3n de Grupo Reyma por 40 MDD"},"content":{"rendered":"<p><img loading=\"lazy\" decoding=\"async\" class=\"alignnone size-full wp-image-114967\" src=\"https:\/\/www.yucatanencorto.com\/noticias\/wp-content\/uploads\/2025\/04\/WhatsApp-Image-2025-04-08-at-3.44.45-PM-scaled.jpeg\" alt=\"\" width=\"768\" height=\"512\" srcset=\"https:\/\/www.yucatanencorto.com\/noticias\/wp-content\/uploads\/2025\/04\/WhatsApp-Image-2025-04-08-at-3.44.45-PM-scaled.jpeg 768w, https:\/\/www.yucatanencorto.com\/noticias\/wp-content\/uploads\/2025\/04\/WhatsApp-Image-2025-04-08-at-3.44.45-PM-150x100.jpeg 150w, https:\/\/www.yucatanencorto.com\/noticias\/wp-content\/uploads\/2025\/04\/WhatsApp-Image-2025-04-08-at-3.44.45-PM-300x200.jpeg 300w, https:\/\/www.yucatanencorto.com\/noticias\/wp-content\/uploads\/2025\/04\/WhatsApp-Image-2025-04-08-at-3.44.45-PM-696x464.jpeg 696w, https:\/\/www.yucatanencorto.com\/noticias\/wp-content\/uploads\/2025\/04\/WhatsApp-Image-2025-04-08-at-3.44.45-PM-1068x712.jpeg 1068w\" sizes=\"auto, (max-width: 768px) 100vw, 768px\" \/><\/p>\n<p>M\u00e9rida, Yucat\u00e1n a martes 8 de abril de 2025.- La Presidenta Municipal de M\u00e9rida, Cecilia Patr\u00f3n Laviada, celebr\u00f3 el anunci\u00f3 de Grupo Reyma sobre la inversi\u00f3n de 40 millones de d\u00f3lares para la construcci\u00f3n de una nueva planta de fabricaci\u00f3n de productos de papel en la comisar\u00eda de Tixcacal, que de manera inicial permitir\u00e1 la generaci\u00f3n de 350 empleos directos y 1 mil 200 indirectos en beneficio de las y los meridanos.<\/p>\n<p>\u201cEs una gran alianza en la b\u00fasqueda de justicia social y prosperidad para todas y todos, pues est\u00e1 empresa genera empleos bien pagados, con prestaciones de ley y otras como transporte, alimentos y capacitaci\u00f3n. Eso habla de un trabajo integral y nos sentimos muy contentos de que empresas socialmente responsables est\u00e9n comprometidas con nuestra comunidad\u201d, indic\u00f3 la alcaldesa.<\/p>\n<p>\u201cAqu\u00ed tienen un grupo muy importante, las mujeres son parte fundamental de Reyma, y por tanto reconocemos que estas son las empresas que queremos que lleguen a M\u00e9rida para generar riqueza en las familias meridanas, as\u00ed que habr\u00e1 nuevas oportunidades para ello\u201d, destac\u00f3 Cecilia Patr\u00f3n.<\/p>\n<p>La alcaldesa record\u00f3 que M\u00e9rida es la ciudad m\u00e1s competitiva del sureste, como lo se\u00f1ala el IMCO 2024, y la m\u00e1s segura del pa\u00eds, de acuerdo con el Secretariado Ejecutivo del Sistema Nacional de Seguridad P\u00fablica 2025. El Ayuntamiento realiza un trabajo permanente de innovaci\u00f3n para que quienes invierten se sientan seguros en esta ciudad con la mejora de procesos administrativos y de apertura.<\/p>\n<p>\u201cTengan la claridad que M\u00e9rida es un lugar seguro para invertir, donde las autoridades acompa\u00f1an el crecimiento de las empresas con certeza jur\u00eddica, seguridad, servicios e infraestructura para su desarrollo. En este Ayuntamiento estamos trabajando todos los d\u00edas para ser m\u00e1s eficientes en nuestros procesos administrativos y servicios eficaces que ayuden a mejorar la calidad de vida de todas y todos\u201d, puntualiz\u00f3 la alcaldesa.<\/p>\n<p>Por su parte David Pacheco Espinosa, director de Reyma del Sureste, agradeci\u00f3 a la alcaldesa por el acercamiento y el inter\u00e9s por el desarrollo de las empresas instaladas en esta ciudad como Grupo Reyma que cree firmemente en una visi\u00f3n empresarial sostenible, sustentable e influyente.<\/p>\n<p>\u201cNos llena de emoci\u00f3n compartir con ustedes el anuncio de una nueva inversi\u00f3n, la construcci\u00f3n de una planta destinada a nuevos procesos de fabricaci\u00f3n de productos de papel. Esta nueva planta no s\u00f3lo fortalecer\u00e1 nuestra capacidad operativa, tambi\u00e9n consolidar\u00e1 a M\u00e9rida y Yucat\u00e1n como una plataforma clave para nuestro crecimiento nacional e internacional\u201d, coment\u00f3 Pacheco Espinosa.<\/p>\n<p>\u201cApostamos por la formalidad laboral, por elevar las prestaciones sociales y por seguir invirtiendo donde nos sentimos en casa. Por eso, hoy reafirmamos nuestro compromiso con esta inversi\u00f3n, convencidos de que el crecimiento s\u00f3lo es aut\u00e9ntico cuando se pone en el centro a las personas. Este nuevo proyecto es una muestra clara de lo felices que estamos de seguir creciendo en esta ciudad\u201d, agreg\u00f3.<\/p>\n<p>Esta nueva planta al poniente sur de M\u00e9rida estar\u00e1 enfocada a nuevos procesos de fabricaci\u00f3n de papel generando m\u00e1s de 350 empleos directos de manera inicial y 1 mil 200 empleos indirectos para ampliar capacidad operativa y tecnol\u00f3gica.<\/p>\n<p>Grupo REYMA fue fundada hace 55 a\u00f1os y est\u00e1 presente en M\u00e9rida desde 2014; una empresa de fabricaci\u00f3n y comercializaci\u00f3n de productos desechables de pl\u00e1stico y materiales alternativos para el hogar, industria y eventos, y cuenta con una plantilla laboral de 750 empleos formales, donde 60 por ciento del personal est\u00e1 conformado por mujeres.<\/p>\n<p>Ofrece un entorno integral de bienestar para sus colaboradores enfocados en su salud f\u00edsica y mental, con servicios m\u00e9dicos, de transporte, comedor, actividades deportivas y recreativas para sus colaboradores.<\/p>\n<p>Durante esta presentaci\u00f3n de inversi\u00f3n estuvieron presentes la coordinadora general de Justicia Social de Desarrollo Humano, Flora Zapata Mendiolea, y Mauricio D\u00edaz Montalvo, director de Prosperidad y Bienestar Econ\u00f3mico.<\/p>\n<p>#MeridaContigoEsMejor<\/p>\n","protected":false},"excerpt":{"rendered":"<p>M\u00e9rida, Yucat\u00e1n a martes 8 de abril de 2025.- La Presidenta Municipal de M\u00e9rida, Cecilia Patr\u00f3n Laviada, celebr\u00f3 el anunci\u00f3 de Grupo Reyma sobre la inversi\u00f3n de 40 millones de d\u00f3lares para la construcci\u00f3n de una nueva planta de fabricaci\u00f3n de productos de papel en la comisar\u00eda de Tixcacal, que de manera inicial permitir\u00e1 la [&hellip;]<\/p>\n","protected":false},"author":4,"featured_media":114967,"comment_status":"closed","ping_status":"closed","sticky":false,"template":"","format":"standard","meta":{"footnotes":""},"categories":[3],"tags":[],"class_list":{"0":"post-114966","1":"post","2":"type-post","3":"status-publish","4":"format-standard","5":"has-post-thumbnail","7":"category-yucatan"},"yoast_head":"<!-- This site is optimized with the Yoast SEO plugin v27.5 - https:\/\/yoast.com\/product\/yoast-seo-wordpress\/ -->\n<title>Anuncian inversi\u00f3n de Grupo Reyma por 40 MDD - Yucat\u00e1n en corto<\/title>\n<meta name=\"robots\" content=\"index, follow, max-snippet:-1, max-image-preview:large, max-video-preview:-1\" \/>\n<link rel=\"canonical\" href=\"https:\/\/www.yucatanencorto.com\/noticias\/anuncian-inversion-de-grupo-reyma-por-40-mdd\/\" \/>\n<meta property=\"og:locale\" content=\"es_ES\" \/>\n<meta property=\"og:type\" content=\"article\" \/>\n<meta property=\"og:title\" content=\"Anuncian inversi\u00f3n de Grupo Reyma por 40 MDD - Yucat\u00e1n en corto\" \/>\n<meta property=\"og:description\" content=\"M\u00e9rida, Yucat\u00e1n a martes 8 de abril de 2025.- La Presidenta Municipal de M\u00e9rida, Cecilia Patr\u00f3n Laviada, celebr\u00f3 el anunci\u00f3 de Grupo Reyma sobre la inversi\u00f3n de 40 millones de d\u00f3lares para la construcci\u00f3n de una nueva planta de fabricaci\u00f3n de productos de papel en la comisar\u00eda de Tixcacal, que de manera inicial permitir\u00e1 la [&hellip;]\" \/>\n<meta property=\"og:url\" content=\"https:\/\/www.yucatanencorto.com\/noticias\/anuncian-inversion-de-grupo-reyma-por-40-mdd\/\" \/>\n<meta property=\"og:site_name\" content=\"Yucat\u00e1n en corto\" \/>\n<meta property=\"article:publisher\" content=\"http:\/\/www.facebook.com\/yucatanencorto\" \/>\n<meta property=\"article:published_time\" content=\"2025-04-08T21:47:23+00:00\" \/>\n<meta property=\"og:image\" content=\"https:\/\/www.yucatanencorto.com\/noticias\/wp-content\/uploads\/2025\/04\/WhatsApp-Image-2025-04-08-at-3.44.45-PM-scaled.jpeg\" \/>\n\t<meta property=\"og:image:width\" content=\"768\" \/>\n\t<meta property=\"og:image:height\" content=\"512\" \/>\n\t<meta property=\"og:image:type\" content=\"image\/jpeg\" \/>\n<meta name=\"author\" content=\"Yucat\u00e1n en Corto\" \/>\n<meta name=\"twitter:card\" content=\"summary_large_image\" \/>\n<meta name=\"twitter:creator\" content=\"@yucatanencorto\" \/>\n<meta name=\"twitter:site\" content=\"@yucatanencorto\" \/>\n<meta name=\"twitter:label1\" content=\"Escrito por\" \/>\n\t<meta name=\"twitter:data1\" content=\"Yucat\u00e1n en Corto\" \/>\n\t<meta name=\"twitter:label2\" content=\"Tiempo de lectura\" \/>\n\t<meta name=\"twitter:data2\" content=\"4 minutos\" \/>\n<script type=\"application\/ld+json\" class=\"yoast-schema-graph\">{\"@context\":\"https:\\\/\\\/schema.org\",\"@graph\":[{\"@type\":\"Article\",\"@id\":\"https:\\\/\\\/www.yucatanencorto.com\\\/noticias\\\/anuncian-inversion-de-grupo-reyma-por-40-mdd\\\/#article\",\"isPartOf\":{\"@id\":\"https:\\\/\\\/www.yucatanencorto.com\\\/noticias\\\/anuncian-inversion-de-grupo-reyma-por-40-mdd\\\/\"},\"author\":{\"name\":\"Yucat\u00e1n en Corto\",\"@id\":\"https:\\\/\\\/www.yucatanencorto.com\\\/noticias\\\/#\\\/schema\\\/person\\\/f0ec40c33447bbc0dc2d01d3006de771\"},\"headline\":\"Anuncian inversi\u00f3n de Grupo Reyma por 40 MDD\",\"datePublished\":\"2025-04-08T21:47:23+00:00\",\"mainEntityOfPage\":{\"@id\":\"https:\\\/\\\/www.yucatanencorto.com\\\/noticias\\\/anuncian-inversion-de-grupo-reyma-por-40-mdd\\\/\"},\"wordCount\":668,\"image\":{\"@id\":\"https:\\\/\\\/www.yucatanencorto.com\\\/noticias\\\/anuncian-inversion-de-grupo-reyma-por-40-mdd\\\/#primaryimage\"},\"thumbnailUrl\":\"https:\\\/\\\/www.yucatanencorto.com\\\/noticias\\\/wp-content\\\/uploads\\\/2025\\\/04\\\/WhatsApp-Image-2025-04-08-at-3.44.45-PM-scaled.jpeg\",\"articleSection\":[\"Yucat\u00e1n\"],\"inLanguage\":\"es\"},{\"@type\":\"WebPage\",\"@id\":\"https:\\\/\\\/www.yucatanencorto.com\\\/noticias\\\/anuncian-inversion-de-grupo-reyma-por-40-mdd\\\/\",\"url\":\"https:\\\/\\\/www.yucatanencorto.com\\\/noticias\\\/anuncian-inversion-de-grupo-reyma-por-40-mdd\\\/\",\"name\":\"Anuncian inversi\u00f3n de Grupo Reyma por 40 MDD - Yucat\u00e1n en corto\",\"isPartOf\":{\"@id\":\"https:\\\/\\\/www.yucatanencorto.com\\\/noticias\\\/#website\"},\"primaryImageOfPage\":{\"@id\":\"https:\\\/\\\/www.yucatanencorto.com\\\/noticias\\\/anuncian-inversion-de-grupo-reyma-por-40-mdd\\\/#primaryimage\"},\"image\":{\"@id\":\"https:\\\/\\\/www.yucatanencorto.com\\\/noticias\\\/anuncian-inversion-de-grupo-reyma-por-40-mdd\\\/#primaryimage\"},\"thumbnailUrl\":\"https:\\\/\\\/www.yucatanencorto.com\\\/noticias\\\/wp-content\\\/uploads\\\/2025\\\/04\\\/WhatsApp-Image-2025-04-08-at-3.44.45-PM-scaled.jpeg\",\"datePublished\":\"2025-04-08T21:47:23+00:00\",\"author\":{\"@id\":\"https:\\\/\\\/www.yucatanencorto.com\\\/noticias\\\/#\\\/schema\\\/person\\\/f0ec40c33447bbc0dc2d01d3006de771\"},\"breadcrumb\":{\"@id\":\"https:\\\/\\\/www.yucatanencorto.com\\\/noticias\\\/anuncian-inversion-de-grupo-reyma-por-40-mdd\\\/#breadcrumb\"},\"inLanguage\":\"es\",\"potentialAction\":[{\"@type\":\"ReadAction\",\"target\":[\"https:\\\/\\\/www.yucatanencorto.com\\\/noticias\\\/anuncian-inversion-de-grupo-reyma-por-40-mdd\\\/\"]}]},{\"@type\":\"ImageObject\",\"inLanguage\":\"es\",\"@id\":\"https:\\\/\\\/www.yucatanencorto.com\\\/noticias\\\/anuncian-inversion-de-grupo-reyma-por-40-mdd\\\/#primaryimage\",\"url\":\"https:\\\/\\\/www.yucatanencorto.com\\\/noticias\\\/wp-content\\\/uploads\\\/2025\\\/04\\\/WhatsApp-Image-2025-04-08-at-3.44.45-PM-scaled.jpeg\",\"contentUrl\":\"https:\\\/\\\/www.yucatanencorto.com\\\/noticias\\\/wp-content\\\/uploads\\\/2025\\\/04\\\/WhatsApp-Image-2025-04-08-at-3.44.45-PM-scaled.jpeg\",\"width\":768,\"height\":512},{\"@type\":\"BreadcrumbList\",\"@id\":\"https:\\\/\\\/www.yucatanencorto.com\\\/noticias\\\/anuncian-inversion-de-grupo-reyma-por-40-mdd\\\/#breadcrumb\",\"itemListElement\":[{\"@type\":\"ListItem\",\"position\":1,\"name\":\"Portada\",\"item\":\"https:\\\/\\\/www.yucatanencorto.com\\\/noticias\\\/\"},{\"@type\":\"ListItem\",\"position\":2,\"name\":\"Anuncian inversi\u00f3n de Grupo Reyma por 40 MDD\"}]},{\"@type\":\"WebSite\",\"@id\":\"https:\\\/\\\/www.yucatanencorto.com\\\/noticias\\\/#website\",\"url\":\"https:\\\/\\\/www.yucatanencorto.com\\\/noticias\\\/\",\"name\":\"Yucat\u00e1n en corto\",\"description\":\"Noticias\",\"potentialAction\":[{\"@type\":\"SearchAction\",\"target\":{\"@type\":\"EntryPoint\",\"urlTemplate\":\"https:\\\/\\\/www.yucatanencorto.com\\\/noticias\\\/?s={search_term_string}\"},\"query-input\":{\"@type\":\"PropertyValueSpecification\",\"valueRequired\":true,\"valueName\":\"search_term_string\"}}],\"inLanguage\":\"es\"},{\"@type\":\"Person\",\"@id\":\"https:\\\/\\\/www.yucatanencorto.com\\\/noticias\\\/#\\\/schema\\\/person\\\/f0ec40c33447bbc0dc2d01d3006de771\",\"name\":\"Yucat\u00e1n en Corto\",\"image\":{\"@type\":\"ImageObject\",\"inLanguage\":\"es\",\"@id\":\"https:\\\/\\\/secure.gravatar.com\\\/avatar\\\/20e0a6b626f38fa8e545fb3f80ce566efd790bf8877e65c3a482460cc3e0b5d1?s=96&d=mm&r=g\",\"url\":\"https:\\\/\\\/secure.gravatar.com\\\/avatar\\\/20e0a6b626f38fa8e545fb3f80ce566efd790bf8877e65c3a482460cc3e0b5d1?s=96&d=mm&r=g\",\"contentUrl\":\"https:\\\/\\\/secure.gravatar.com\\\/avatar\\\/20e0a6b626f38fa8e545fb3f80ce566efd790bf8877e65c3a482460cc3e0b5d1?s=96&d=mm&r=g\",\"caption\":\"Yucat\u00e1n en Corto\"},\"url\":\"https:\\\/\\\/www.yucatanencorto.com\\\/noticias\\\/author\\\/editor25\\\/\"}]}<\/script>\n<!-- \/ Yoast SEO plugin. -->","yoast_head_json":{"title":"Anuncian inversi\u00f3n de Grupo Reyma por 40 MDD - Yucat\u00e1n en corto","robots":{"index":"index","follow":"follow","max-snippet":"max-snippet:-1","max-image-preview":"max-image-preview:large","max-video-preview":"max-video-preview:-1"},"canonical":"https:\/\/www.yucatanencorto.com\/noticias\/anuncian-inversion-de-grupo-reyma-por-40-mdd\/","og_locale":"es_ES","og_type":"article","og_title":"Anuncian inversi\u00f3n de Grupo Reyma por 40 MDD - Yucat\u00e1n en corto","og_description":"M\u00e9rida, Yucat\u00e1n a martes 8 de abril de 2025.- La Presidenta Municipal de M\u00e9rida, Cecilia Patr\u00f3n Laviada, celebr\u00f3 el anunci\u00f3 de Grupo Reyma sobre la inversi\u00f3n de 40 millones de d\u00f3lares para la construcci\u00f3n de una nueva planta de fabricaci\u00f3n de productos de papel en la comisar\u00eda de Tixcacal, que de manera inicial permitir\u00e1 la [&hellip;]","og_url":"https:\/\/www.yucatanencorto.com\/noticias\/anuncian-inversion-de-grupo-reyma-por-40-mdd\/","og_site_name":"Yucat\u00e1n en corto","article_publisher":"http:\/\/www.facebook.com\/yucatanencorto","article_published_time":"2025-04-08T21:47:23+00:00","og_image":[{"width":768,"height":512,"url":"https:\/\/www.yucatanencorto.com\/noticias\/wp-content\/uploads\/2025\/04\/WhatsApp-Image-2025-04-08-at-3.44.45-PM-scaled.jpeg","type":"image\/jpeg"}],"author":"Yucat\u00e1n en Corto","twitter_card":"summary_large_image","twitter_creator":"@yucatanencorto","twitter_site":"@yucatanencorto","twitter_misc":{"Escrito por":"Yucat\u00e1n en Corto","Tiempo de lectura":"4 minutos"},"schema":{"@context":"https:\/\/schema.org","@graph":[{"@type":"Article","@id":"https:\/\/www.yucatanencorto.com\/noticias\/anuncian-inversion-de-grupo-reyma-por-40-mdd\/#article","isPartOf":{"@id":"https:\/\/www.yucatanencorto.com\/noticias\/anuncian-inversion-de-grupo-reyma-por-40-mdd\/"},"author":{"name":"Yucat\u00e1n en Corto","@id":"https:\/\/www.yucatanencorto.com\/noticias\/#\/schema\/person\/f0ec40c33447bbc0dc2d01d3006de771"},"headline":"Anuncian inversi\u00f3n de Grupo Reyma por 40 MDD","datePublished":"2025-04-08T21:47:23+00:00","mainEntityOfPage":{"@id":"https:\/\/www.yucatanencorto.com\/noticias\/anuncian-inversion-de-grupo-reyma-por-40-mdd\/"},"wordCount":668,"image":{"@id":"https:\/\/www.yucatanencorto.com\/noticias\/anuncian-inversion-de-grupo-reyma-por-40-mdd\/#primaryimage"},"thumbnailUrl":"https:\/\/www.yucatanencorto.com\/noticias\/wp-content\/uploads\/2025\/04\/WhatsApp-Image-2025-04-08-at-3.44.45-PM-scaled.jpeg","articleSection":["Yucat\u00e1n"],"inLanguage":"es"},{"@type":"WebPage","@id":"https:\/\/www.yucatanencorto.com\/noticias\/anuncian-inversion-de-grupo-reyma-por-40-mdd\/","url":"https:\/\/www.yucatanencorto.com\/noticias\/anuncian-inversion-de-grupo-reyma-por-40-mdd\/","name":"Anuncian inversi\u00f3n de Grupo Reyma por 40 MDD - Yucat\u00e1n en corto","isPartOf":{"@id":"https:\/\/www.yucatanencorto.com\/noticias\/#website"},"primaryImageOfPage":{"@id":"https:\/\/www.yucatanencorto.com\/noticias\/anuncian-inversion-de-grupo-reyma-por-40-mdd\/#primaryimage"},"image":{"@id":"https:\/\/www.yucatanencorto.com\/noticias\/anuncian-inversion-de-grupo-reyma-por-40-mdd\/#primaryimage"},"thumbnailUrl":"https:\/\/www.yucatanencorto.com\/noticias\/wp-content\/uploads\/2025\/04\/WhatsApp-Image-2025-04-08-at-3.44.45-PM-scaled.jpeg","datePublished":"2025-04-08T21:47:23+00:00","author":{"@id":"https:\/\/www.yucatanencorto.com\/noticias\/#\/schema\/person\/f0ec40c33447bbc0dc2d01d3006de771"},"breadcrumb":{"@id":"https:\/\/www.yucatanencorto.com\/noticias\/anuncian-inversion-de-grupo-reyma-por-40-mdd\/#breadcrumb"},"inLanguage":"es","potentialAction":[{"@type":"ReadAction","target":["https:\/\/www.yucatanencorto.com\/noticias\/anuncian-inversion-de-grupo-reyma-por-40-mdd\/"]}]},{"@type":"ImageObject","inLanguage":"es","@id":"https:\/\/www.yucatanencorto.com\/noticias\/anuncian-inversion-de-grupo-reyma-por-40-mdd\/#primaryimage","url":"https:\/\/www.yucatanencorto.com\/noticias\/wp-content\/uploads\/2025\/04\/WhatsApp-Image-2025-04-08-at-3.44.45-PM-scaled.jpeg","contentUrl":"https:\/\/www.yucatanencorto.com\/noticias\/wp-content\/uploads\/2025\/04\/WhatsApp-Image-2025-04-08-at-3.44.45-PM-scaled.jpeg","width":768,"height":512},{"@type":"BreadcrumbList","@id":"https:\/\/www.yucatanencorto.com\/noticias\/anuncian-inversion-de-grupo-reyma-por-40-mdd\/#breadcrumb","itemListElement":[{"@type":"ListItem","position":1,"name":"Portada","item":"https:\/\/www.yucatanencorto.com\/noticias\/"},{"@type":"ListItem","position":2,"name":"Anuncian inversi\u00f3n de Grupo Reyma por 40 MDD"}]},{"@type":"WebSite","@id":"https:\/\/www.yucatanencorto.com\/noticias\/#website","url":"https:\/\/www.yucatanencorto.com\/noticias\/","name":"Yucat\u00e1n en corto","description":"Noticias","potentialAction":[{"@type":"SearchAction","target":{"@type":"EntryPoint","urlTemplate":"https:\/\/www.yucatanencorto.com\/noticias\/?s={search_term_string}"},"query-input":{"@type":"PropertyValueSpecification","valueRequired":true,"valueName":"search_term_string"}}],"inLanguage":"es"},{"@type":"Person","@id":"https:\/\/www.yucatanencorto.com\/noticias\/#\/schema\/person\/f0ec40c33447bbc0dc2d01d3006de771","name":"Yucat\u00e1n en Corto","image":{"@type":"ImageObject","inLanguage":"es","@id":"https:\/\/secure.gravatar.com\/avatar\/20e0a6b626f38fa8e545fb3f80ce566efd790bf8877e65c3a482460cc3e0b5d1?s=96&d=mm&r=g","url":"https:\/\/secure.gravatar.com\/avatar\/20e0a6b626f38fa8e545fb3f80ce566efd790bf8877e65c3a482460cc3e0b5d1?s=96&d=mm&r=g","contentUrl":"https:\/\/secure.gravatar.com\/avatar\/20e0a6b626f38fa8e545fb3f80ce566efd790bf8877e65c3a482460cc3e0b5d1?s=96&d=mm&r=g","caption":"Yucat\u00e1n en Corto"},"url":"https:\/\/www.yucatanencorto.com\/noticias\/author\/editor25\/"}]}},"_links":{"self":[{"href":"https:\/\/www.yucatanencorto.com\/noticias\/wp-json\/wp\/v2\/posts\/114966","targetHints":{"allow":["GET"]}}],"collection":[{"href":"https:\/\/www.yucatanencorto.com\/noticias\/wp-json\/wp\/v2\/posts"}],"about":[{"href":"https:\/\/www.yucatanencorto.com\/noticias\/wp-json\/wp\/v2\/types\/post"}],"author":[{"embeddable":true,"href":"https:\/\/www.yucatanencorto.com\/noticias\/wp-json\/wp\/v2\/users\/4"}],"replies":[{"embeddable":true,"href":"https:\/\/www.yucatanencorto.com\/noticias\/wp-json\/wp\/v2\/comments?post=114966"}],"version-history":[{"count":0,"href":"https:\/\/www.yucatanencorto.com\/noticias\/wp-json\/wp\/v2\/posts\/114966\/revisions"}],"wp:featuredmedia":[{"embeddable":true,"href":"https:\/\/www.yucatanencorto.com\/noticias\/wp-json\/wp\/v2\/media\/114967"}],"wp:attachment":[{"href":"https:\/\/www.yucatanencorto.com\/noticias\/wp-json\/wp\/v2\/media?parent=114966"}],"wp:term":[{"taxonomy":"category","embeddable":true,"href":"https:\/\/www.yucatanencorto.com\/noticias\/wp-json\/wp\/v2\/categories?post=114966"},{"taxonomy":"post_tag","embeddable":true,"href":"https:\/\/www.yucatanencorto.com\/noticias\/wp-json\/wp\/v2\/tags?post=114966"}],"curies":[{"name":"wp","href":"https:\/\/api.w.org\/{rel}","templated":true}]}}