{"id":114969,"date":"2025-04-08T21:19:36","date_gmt":"2025-04-09T03:19:36","guid":{"rendered":"https:\/\/www.yucatanencorto.com\/noticias\/?p=114969"},"modified":"2025-04-08T21:19:36","modified_gmt":"2025-04-09T03:19:36","slug":"presentan-iniciativa-para-que-los-vendedores-ambulantes-ofrezcan-productos-sanos-y-de-calidad","status":"publish","type":"post","link":"https:\/\/www.yucatanencorto.com\/noticias\/presentan-iniciativa-para-que-los-vendedores-ambulantes-ofrezcan-productos-sanos-y-de-calidad\/","title":{"rendered":"Presentan Iniciativa para que los vendedores ambulantes ofrezcan productos sanos y de calidad"},"content":{"rendered":"<p><img loading=\"lazy\" decoding=\"async\" class=\"alignnone size-full wp-image-114970\" src=\"https:\/\/www.yucatanencorto.com\/noticias\/wp-content\/uploads\/2025\/04\/IMG-20250408-WA0044-scaled.jpg\" alt=\"\" width=\"432\" height=\"768\" srcset=\"https:\/\/www.yucatanencorto.com\/noticias\/wp-content\/uploads\/2025\/04\/IMG-20250408-WA0044-scaled.jpg 432w, https:\/\/www.yucatanencorto.com\/noticias\/wp-content\/uploads\/2025\/04\/IMG-20250408-WA0044-150x267.jpg 150w, https:\/\/www.yucatanencorto.com\/noticias\/wp-content\/uploads\/2025\/04\/IMG-20250408-WA0044-300x533.jpg 300w, https:\/\/www.yucatanencorto.com\/noticias\/wp-content\/uploads\/2025\/04\/IMG-20250408-WA0044-696x1237.jpg 696w\" sizes=\"auto, (max-width: 432px) 100vw, 432px\" \/><\/p>\n<p>En una acci\u00f3n pionera, la Presidenta Municipal de M\u00e9rida, Cecilia Patr\u00f3n Laviada, dispuso la realizaci\u00f3n del curso \u201cNutriendo el Futuro\u201d, dirigido principalmente a los vendedores que se establecen en los alrededores de las escuelas.<\/p>\n<p>&nbsp;<\/p>\n<p>De esta manera la alcaldesa reafirma que la salud de las y los meridanos es una prioridad, especialmente cuando se trata de proteger a las futuras generaciones.<\/p>\n<p>&nbsp;<\/p>\n<p>La actividad se realiz\u00f3 durante dos d\u00edas con unos 300 asistentes al Teatro de las Artes \u201cNina Shestakova\u201d del Centro Municipal de Danza, organizada por la Direcci\u00f3n de Bienestar Humano y la Subdirecci\u00f3n de Establecimientos Fijos, Semifijos y Ambulantaje, en respuesta a la reciente prohibici\u00f3n de la \u201ccomida chatarra\u201d en las cooperativas escolares.<\/p>\n<p>&nbsp;<\/p>\n<p>Jes\u00fas P\u00e9rez Ballote, director de Bienestar Humano, destac\u00f3 que este esfuerzo nace de la necesidad de apoyar tanto a las escuelas como a los padres de familia en el proceso de adaptaci\u00f3n a las nuevas disposiciones nutrimentales. \u201cEstamos comprometidos con la salud y bienestar de nuestras ni\u00f1as, ni\u00f1os y j\u00f3venes pero tambi\u00e9n con los peque\u00f1os comerciantes\u201d, puntualiz\u00f3.<\/p>\n<p>&nbsp;<\/p>\n<p>Por su parte, Alfonso Lozano Poveda, subdirector de Establecimientos Fijos, Semifijos y Ambulantaje, dijo que es imperativo cuidar a nuestros ni\u00f1os, a quienes les dejaremos nuestro M\u00e9xico. M\u00e9rida es el primer municipio en el estado que organiza est\u00e1 capacitaci\u00f3n porque estamos preocupados por la salud de todos nuestros ciudadanos\u201d.<\/p>\n<p>&nbsp;<\/p>\n<p>Las sesiones estuvieron a cargo de los nutri\u00f3logos del Departamento Vida Saludable del Ayuntamiento de M\u00e9rida, quienes compartieron conocimientos pr\u00e1cticos y recomendaciones alineadas con las pol\u00edticas nutrimentales actuales.<\/p>\n<p>&nbsp;<\/p>\n<p>Ofrecieron sugerencias sobre la incorporaci\u00f3n de alimentos de origen natural, haciendo especial \u00e9nfasis en privilegiar productos regionales y de temporada.<\/p>\n<p>&nbsp;<\/p>\n<p>La meta es concientizar a los vendedores para que, poco a poco, realicen la transici\u00f3n hacia la oferta de productos no ultraprocesados, evitando bebidas con exceso de az\u00facares o edulcorantes.<\/p>\n<p>&nbsp;<\/p>\n<p>Este esfuerzo conjunto es un paso en la lucha contra enfermedades relacionadas con malos h\u00e1bitos alimenticios y reafirma la convicci\u00f3n de que, al nutrir el cuerpo con productos sanos y de calidad, se est\u00e1 construyendo el futuro de una M\u00e9rida m\u00e1s saludable y pr\u00f3spera.<\/p>\n<p>&nbsp;<\/p>\n<p>Finalmente, se inform\u00f3 que por instrucciones de la alcaldesa Cecilia Patr\u00f3n, desde el Centro Municipal de Atenci\u00f3n Nutricional y Diabetes (CEMANUD), se ha elaborado un men\u00fa de desayunos saludables, tanto en formato entregable como digital, que ser\u00e1 distribuido en las escuelas. Esta herramienta busca orientar a madres y padres de familia en la preparaci\u00f3n de alimentos nutritivos y variados para sus hijos.<\/p>\n<p>&nbsp;<\/p>\n<p>Tambi\u00e9n asisti\u00f3 a la inauguraci\u00f3n de las jornadas el subdirector de Pol\u00edtica Alimentaria del Gobierno del Estado de Yucat\u00e1n, Alejandro Castillo.<\/p>\n<p>&nbsp;<\/p>\n<p>#M\u00e9ridaContigoEsMejor<\/p>\n","protected":false},"excerpt":{"rendered":"<p>En una acci\u00f3n pionera, la Presidenta Municipal de M\u00e9rida, Cecilia Patr\u00f3n Laviada, dispuso la realizaci\u00f3n del curso \u201cNutriendo el Futuro\u201d, dirigido principalmente a los vendedores que se establecen en los alrededores de las escuelas. &nbsp; De esta manera la alcaldesa reafirma que la salud de las y los meridanos es una prioridad, especialmente cuando se [&hellip;]<\/p>\n","protected":false},"author":4,"featured_media":114970,"comment_status":"closed","ping_status":"closed","sticky":false,"template":"","format":"standard","meta":{"footnotes":""},"categories":[3],"tags":[],"class_list":{"0":"post-114969","1":"post","2":"type-post","3":"status-publish","4":"format-standard","5":"has-post-thumbnail","7":"category-yucatan"},"yoast_head":"<!-- This site is optimized with the Yoast SEO plugin v27.5 - https:\/\/yoast.com\/product\/yoast-seo-wordpress\/ -->\n<title>Presentan Iniciativa para que los vendedores ambulantes ofrezcan productos sanos y de calidad - Yucat\u00e1n en corto<\/title>\n<meta name=\"robots\" content=\"index, follow, max-snippet:-1, max-image-preview:large, max-video-preview:-1\" \/>\n<link rel=\"canonical\" href=\"https:\/\/www.yucatanencorto.com\/noticias\/presentan-iniciativa-para-que-los-vendedores-ambulantes-ofrezcan-productos-sanos-y-de-calidad\/\" \/>\n<meta property=\"og:locale\" content=\"es_ES\" \/>\n<meta property=\"og:type\" content=\"article\" \/>\n<meta property=\"og:title\" content=\"Presentan Iniciativa para que los vendedores ambulantes ofrezcan productos sanos y de calidad - Yucat\u00e1n en corto\" \/>\n<meta property=\"og:description\" content=\"En una acci\u00f3n pionera, la Presidenta Municipal de M\u00e9rida, Cecilia Patr\u00f3n Laviada, dispuso la realizaci\u00f3n del curso \u201cNutriendo el Futuro\u201d, dirigido principalmente a los vendedores que se establecen en los alrededores de las escuelas. &nbsp; De esta manera la alcaldesa reafirma que la salud de las y los meridanos es una prioridad, especialmente cuando se [&hellip;]\" \/>\n<meta property=\"og:url\" content=\"https:\/\/www.yucatanencorto.com\/noticias\/presentan-iniciativa-para-que-los-vendedores-ambulantes-ofrezcan-productos-sanos-y-de-calidad\/\" \/>\n<meta property=\"og:site_name\" content=\"Yucat\u00e1n en corto\" \/>\n<meta property=\"article:publisher\" content=\"http:\/\/www.facebook.com\/yucatanencorto\" \/>\n<meta property=\"article:published_time\" content=\"2025-04-09T03:19:36+00:00\" \/>\n<meta property=\"og:image\" content=\"https:\/\/www.yucatanencorto.com\/noticias\/wp-content\/uploads\/2025\/04\/IMG-20250408-WA0044-scaled.jpg\" \/>\n\t<meta property=\"og:image:width\" content=\"432\" \/>\n\t<meta property=\"og:image:height\" content=\"768\" \/>\n\t<meta property=\"og:image:type\" content=\"image\/jpeg\" \/>\n<meta name=\"author\" content=\"Yucat\u00e1n en Corto\" \/>\n<meta name=\"twitter:card\" content=\"summary_large_image\" \/>\n<meta name=\"twitter:creator\" content=\"@yucatanencorto\" \/>\n<meta name=\"twitter:site\" content=\"@yucatanencorto\" \/>\n<meta name=\"twitter:label1\" content=\"Escrito por\" \/>\n\t<meta name=\"twitter:data1\" content=\"Yucat\u00e1n en Corto\" \/>\n\t<meta name=\"twitter:label2\" content=\"Tiempo de lectura\" \/>\n\t<meta name=\"twitter:data2\" content=\"3 minutos\" \/>\n<script type=\"application\/ld+json\" class=\"yoast-schema-graph\">{\"@context\":\"https:\\\/\\\/schema.org\",\"@graph\":[{\"@type\":\"Article\",\"@id\":\"https:\\\/\\\/www.yucatanencorto.com\\\/noticias\\\/presentan-iniciativa-para-que-los-vendedores-ambulantes-ofrezcan-productos-sanos-y-de-calidad\\\/#article\",\"isPartOf\":{\"@id\":\"https:\\\/\\\/www.yucatanencorto.com\\\/noticias\\\/presentan-iniciativa-para-que-los-vendedores-ambulantes-ofrezcan-productos-sanos-y-de-calidad\\\/\"},\"author\":{\"name\":\"Yucat\u00e1n en Corto\",\"@id\":\"https:\\\/\\\/www.yucatanencorto.com\\\/noticias\\\/#\\\/schema\\\/person\\\/f0ec40c33447bbc0dc2d01d3006de771\"},\"headline\":\"Presentan Iniciativa para que los vendedores ambulantes ofrezcan productos sanos y de calidad\",\"datePublished\":\"2025-04-09T03:19:36+00:00\",\"mainEntityOfPage\":{\"@id\":\"https:\\\/\\\/www.yucatanencorto.com\\\/noticias\\\/presentan-iniciativa-para-que-los-vendedores-ambulantes-ofrezcan-productos-sanos-y-de-calidad\\\/\"},\"wordCount\":489,\"image\":{\"@id\":\"https:\\\/\\\/www.yucatanencorto.com\\\/noticias\\\/presentan-iniciativa-para-que-los-vendedores-ambulantes-ofrezcan-productos-sanos-y-de-calidad\\\/#primaryimage\"},\"thumbnailUrl\":\"https:\\\/\\\/www.yucatanencorto.com\\\/noticias\\\/wp-content\\\/uploads\\\/2025\\\/04\\\/IMG-20250408-WA0044-scaled.jpg\",\"articleSection\":[\"Yucat\u00e1n\"],\"inLanguage\":\"es\"},{\"@type\":\"WebPage\",\"@id\":\"https:\\\/\\\/www.yucatanencorto.com\\\/noticias\\\/presentan-iniciativa-para-que-los-vendedores-ambulantes-ofrezcan-productos-sanos-y-de-calidad\\\/\",\"url\":\"https:\\\/\\\/www.yucatanencorto.com\\\/noticias\\\/presentan-iniciativa-para-que-los-vendedores-ambulantes-ofrezcan-productos-sanos-y-de-calidad\\\/\",\"name\":\"Presentan Iniciativa para que los vendedores ambulantes ofrezcan productos sanos y de calidad - Yucat\u00e1n en corto\",\"isPartOf\":{\"@id\":\"https:\\\/\\\/www.yucatanencorto.com\\\/noticias\\\/#website\"},\"primaryImageOfPage\":{\"@id\":\"https:\\\/\\\/www.yucatanencorto.com\\\/noticias\\\/presentan-iniciativa-para-que-los-vendedores-ambulantes-ofrezcan-productos-sanos-y-de-calidad\\\/#primaryimage\"},\"image\":{\"@id\":\"https:\\\/\\\/www.yucatanencorto.com\\\/noticias\\\/presentan-iniciativa-para-que-los-vendedores-ambulantes-ofrezcan-productos-sanos-y-de-calidad\\\/#primaryimage\"},\"thumbnailUrl\":\"https:\\\/\\\/www.yucatanencorto.com\\\/noticias\\\/wp-content\\\/uploads\\\/2025\\\/04\\\/IMG-20250408-WA0044-scaled.jpg\",\"datePublished\":\"2025-04-09T03:19:36+00:00\",\"author\":{\"@id\":\"https:\\\/\\\/www.yucatanencorto.com\\\/noticias\\\/#\\\/schema\\\/person\\\/f0ec40c33447bbc0dc2d01d3006de771\"},\"breadcrumb\":{\"@id\":\"https:\\\/\\\/www.yucatanencorto.com\\\/noticias\\\/presentan-iniciativa-para-que-los-vendedores-ambulantes-ofrezcan-productos-sanos-y-de-calidad\\\/#breadcrumb\"},\"inLanguage\":\"es\",\"potentialAction\":[{\"@type\":\"ReadAction\",\"target\":[\"https:\\\/\\\/www.yucatanencorto.com\\\/noticias\\\/presentan-iniciativa-para-que-los-vendedores-ambulantes-ofrezcan-productos-sanos-y-de-calidad\\\/\"]}]},{\"@type\":\"ImageObject\",\"inLanguage\":\"es\",\"@id\":\"https:\\\/\\\/www.yucatanencorto.com\\\/noticias\\\/presentan-iniciativa-para-que-los-vendedores-ambulantes-ofrezcan-productos-sanos-y-de-calidad\\\/#primaryimage\",\"url\":\"https:\\\/\\\/www.yucatanencorto.com\\\/noticias\\\/wp-content\\\/uploads\\\/2025\\\/04\\\/IMG-20250408-WA0044-scaled.jpg\",\"contentUrl\":\"https:\\\/\\\/www.yucatanencorto.com\\\/noticias\\\/wp-content\\\/uploads\\\/2025\\\/04\\\/IMG-20250408-WA0044-scaled.jpg\",\"width\":432,\"height\":768},{\"@type\":\"BreadcrumbList\",\"@id\":\"https:\\\/\\\/www.yucatanencorto.com\\\/noticias\\\/presentan-iniciativa-para-que-los-vendedores-ambulantes-ofrezcan-productos-sanos-y-de-calidad\\\/#breadcrumb\",\"itemListElement\":[{\"@type\":\"ListItem\",\"position\":1,\"name\":\"Portada\",\"item\":\"https:\\\/\\\/www.yucatanencorto.com\\\/noticias\\\/\"},{\"@type\":\"ListItem\",\"position\":2,\"name\":\"Presentan Iniciativa para que los vendedores ambulantes ofrezcan productos sanos y de calidad\"}]},{\"@type\":\"WebSite\",\"@id\":\"https:\\\/\\\/www.yucatanencorto.com\\\/noticias\\\/#website\",\"url\":\"https:\\\/\\\/www.yucatanencorto.com\\\/noticias\\\/\",\"name\":\"Yucat\u00e1n en corto\",\"description\":\"Noticias\",\"potentialAction\":[{\"@type\":\"SearchAction\",\"target\":{\"@type\":\"EntryPoint\",\"urlTemplate\":\"https:\\\/\\\/www.yucatanencorto.com\\\/noticias\\\/?s={search_term_string}\"},\"query-input\":{\"@type\":\"PropertyValueSpecification\",\"valueRequired\":true,\"valueName\":\"search_term_string\"}}],\"inLanguage\":\"es\"},{\"@type\":\"Person\",\"@id\":\"https:\\\/\\\/www.yucatanencorto.com\\\/noticias\\\/#\\\/schema\\\/person\\\/f0ec40c33447bbc0dc2d01d3006de771\",\"name\":\"Yucat\u00e1n en Corto\",\"image\":{\"@type\":\"ImageObject\",\"inLanguage\":\"es\",\"@id\":\"https:\\\/\\\/secure.gravatar.com\\\/avatar\\\/20e0a6b626f38fa8e545fb3f80ce566efd790bf8877e65c3a482460cc3e0b5d1?s=96&d=mm&r=g\",\"url\":\"https:\\\/\\\/secure.gravatar.com\\\/avatar\\\/20e0a6b626f38fa8e545fb3f80ce566efd790bf8877e65c3a482460cc3e0b5d1?s=96&d=mm&r=g\",\"contentUrl\":\"https:\\\/\\\/secure.gravatar.com\\\/avatar\\\/20e0a6b626f38fa8e545fb3f80ce566efd790bf8877e65c3a482460cc3e0b5d1?s=96&d=mm&r=g\",\"caption\":\"Yucat\u00e1n en Corto\"},\"url\":\"https:\\\/\\\/www.yucatanencorto.com\\\/noticias\\\/author\\\/editor25\\\/\"}]}<\/script>\n<!-- \/ Yoast SEO plugin. -->","yoast_head_json":{"title":"Presentan Iniciativa para que los vendedores ambulantes ofrezcan productos sanos y de calidad - Yucat\u00e1n en corto","robots":{"index":"index","follow":"follow","max-snippet":"max-snippet:-1","max-image-preview":"max-image-preview:large","max-video-preview":"max-video-preview:-1"},"canonical":"https:\/\/www.yucatanencorto.com\/noticias\/presentan-iniciativa-para-que-los-vendedores-ambulantes-ofrezcan-productos-sanos-y-de-calidad\/","og_locale":"es_ES","og_type":"article","og_title":"Presentan Iniciativa para que los vendedores ambulantes ofrezcan productos sanos y de calidad - Yucat\u00e1n en corto","og_description":"En una acci\u00f3n pionera, la Presidenta Municipal de M\u00e9rida, Cecilia Patr\u00f3n Laviada, dispuso la realizaci\u00f3n del curso \u201cNutriendo el Futuro\u201d, dirigido principalmente a los vendedores que se establecen en los alrededores de las escuelas. &nbsp; De esta manera la alcaldesa reafirma que la salud de las y los meridanos es una prioridad, especialmente cuando se [&hellip;]","og_url":"https:\/\/www.yucatanencorto.com\/noticias\/presentan-iniciativa-para-que-los-vendedores-ambulantes-ofrezcan-productos-sanos-y-de-calidad\/","og_site_name":"Yucat\u00e1n en corto","article_publisher":"http:\/\/www.facebook.com\/yucatanencorto","article_published_time":"2025-04-09T03:19:36+00:00","og_image":[{"width":432,"height":768,"url":"https:\/\/www.yucatanencorto.com\/noticias\/wp-content\/uploads\/2025\/04\/IMG-20250408-WA0044-scaled.jpg","type":"image\/jpeg"}],"author":"Yucat\u00e1n en Corto","twitter_card":"summary_large_image","twitter_creator":"@yucatanencorto","twitter_site":"@yucatanencorto","twitter_misc":{"Escrito por":"Yucat\u00e1n en Corto","Tiempo de lectura":"3 minutos"},"schema":{"@context":"https:\/\/schema.org","@graph":[{"@type":"Article","@id":"https:\/\/www.yucatanencorto.com\/noticias\/presentan-iniciativa-para-que-los-vendedores-ambulantes-ofrezcan-productos-sanos-y-de-calidad\/#article","isPartOf":{"@id":"https:\/\/www.yucatanencorto.com\/noticias\/presentan-iniciativa-para-que-los-vendedores-ambulantes-ofrezcan-productos-sanos-y-de-calidad\/"},"author":{"name":"Yucat\u00e1n en Corto","@id":"https:\/\/www.yucatanencorto.com\/noticias\/#\/schema\/person\/f0ec40c33447bbc0dc2d01d3006de771"},"headline":"Presentan Iniciativa para que los vendedores ambulantes ofrezcan productos sanos y de calidad","datePublished":"2025-04-09T03:19:36+00:00","mainEntityOfPage":{"@id":"https:\/\/www.yucatanencorto.com\/noticias\/presentan-iniciativa-para-que-los-vendedores-ambulantes-ofrezcan-productos-sanos-y-de-calidad\/"},"wordCount":489,"image":{"@id":"https:\/\/www.yucatanencorto.com\/noticias\/presentan-iniciativa-para-que-los-vendedores-ambulantes-ofrezcan-productos-sanos-y-de-calidad\/#primaryimage"},"thumbnailUrl":"https:\/\/www.yucatanencorto.com\/noticias\/wp-content\/uploads\/2025\/04\/IMG-20250408-WA0044-scaled.jpg","articleSection":["Yucat\u00e1n"],"inLanguage":"es"},{"@type":"WebPage","@id":"https:\/\/www.yucatanencorto.com\/noticias\/presentan-iniciativa-para-que-los-vendedores-ambulantes-ofrezcan-productos-sanos-y-de-calidad\/","url":"https:\/\/www.yucatanencorto.com\/noticias\/presentan-iniciativa-para-que-los-vendedores-ambulantes-ofrezcan-productos-sanos-y-de-calidad\/","name":"Presentan Iniciativa para que los vendedores ambulantes ofrezcan productos sanos y de calidad - Yucat\u00e1n en corto","isPartOf":{"@id":"https:\/\/www.yucatanencorto.com\/noticias\/#website"},"primaryImageOfPage":{"@id":"https:\/\/www.yucatanencorto.com\/noticias\/presentan-iniciativa-para-que-los-vendedores-ambulantes-ofrezcan-productos-sanos-y-de-calidad\/#primaryimage"},"image":{"@id":"https:\/\/www.yucatanencorto.com\/noticias\/presentan-iniciativa-para-que-los-vendedores-ambulantes-ofrezcan-productos-sanos-y-de-calidad\/#primaryimage"},"thumbnailUrl":"https:\/\/www.yucatanencorto.com\/noticias\/wp-content\/uploads\/2025\/04\/IMG-20250408-WA0044-scaled.jpg","datePublished":"2025-04-09T03:19:36+00:00","author":{"@id":"https:\/\/www.yucatanencorto.com\/noticias\/#\/schema\/person\/f0ec40c33447bbc0dc2d01d3006de771"},"breadcrumb":{"@id":"https:\/\/www.yucatanencorto.com\/noticias\/presentan-iniciativa-para-que-los-vendedores-ambulantes-ofrezcan-productos-sanos-y-de-calidad\/#breadcrumb"},"inLanguage":"es","potentialAction":[{"@type":"ReadAction","target":["https:\/\/www.yucatanencorto.com\/noticias\/presentan-iniciativa-para-que-los-vendedores-ambulantes-ofrezcan-productos-sanos-y-de-calidad\/"]}]},{"@type":"ImageObject","inLanguage":"es","@id":"https:\/\/www.yucatanencorto.com\/noticias\/presentan-iniciativa-para-que-los-vendedores-ambulantes-ofrezcan-productos-sanos-y-de-calidad\/#primaryimage","url":"https:\/\/www.yucatanencorto.com\/noticias\/wp-content\/uploads\/2025\/04\/IMG-20250408-WA0044-scaled.jpg","contentUrl":"https:\/\/www.yucatanencorto.com\/noticias\/wp-content\/uploads\/2025\/04\/IMG-20250408-WA0044-scaled.jpg","width":432,"height":768},{"@type":"BreadcrumbList","@id":"https:\/\/www.yucatanencorto.com\/noticias\/presentan-iniciativa-para-que-los-vendedores-ambulantes-ofrezcan-productos-sanos-y-de-calidad\/#breadcrumb","itemListElement":[{"@type":"ListItem","position":1,"name":"Portada","item":"https:\/\/www.yucatanencorto.com\/noticias\/"},{"@type":"ListItem","position":2,"name":"Presentan Iniciativa para que los vendedores ambulantes ofrezcan productos sanos y de calidad"}]},{"@type":"WebSite","@id":"https:\/\/www.yucatanencorto.com\/noticias\/#website","url":"https:\/\/www.yucatanencorto.com\/noticias\/","name":"Yucat\u00e1n en corto","description":"Noticias","potentialAction":[{"@type":"SearchAction","target":{"@type":"EntryPoint","urlTemplate":"https:\/\/www.yucatanencorto.com\/noticias\/?s={search_term_string}"},"query-input":{"@type":"PropertyValueSpecification","valueRequired":true,"valueName":"search_term_string"}}],"inLanguage":"es"},{"@type":"Person","@id":"https:\/\/www.yucatanencorto.com\/noticias\/#\/schema\/person\/f0ec40c33447bbc0dc2d01d3006de771","name":"Yucat\u00e1n en Corto","image":{"@type":"ImageObject","inLanguage":"es","@id":"https:\/\/secure.gravatar.com\/avatar\/20e0a6b626f38fa8e545fb3f80ce566efd790bf8877e65c3a482460cc3e0b5d1?s=96&d=mm&r=g","url":"https:\/\/secure.gravatar.com\/avatar\/20e0a6b626f38fa8e545fb3f80ce566efd790bf8877e65c3a482460cc3e0b5d1?s=96&d=mm&r=g","contentUrl":"https:\/\/secure.gravatar.com\/avatar\/20e0a6b626f38fa8e545fb3f80ce566efd790bf8877e65c3a482460cc3e0b5d1?s=96&d=mm&r=g","caption":"Yucat\u00e1n en Corto"},"url":"https:\/\/www.yucatanencorto.com\/noticias\/author\/editor25\/"}]}},"_links":{"self":[{"href":"https:\/\/www.yucatanencorto.com\/noticias\/wp-json\/wp\/v2\/posts\/114969","targetHints":{"allow":["GET"]}}],"collection":[{"href":"https:\/\/www.yucatanencorto.com\/noticias\/wp-json\/wp\/v2\/posts"}],"about":[{"href":"https:\/\/www.yucatanencorto.com\/noticias\/wp-json\/wp\/v2\/types\/post"}],"author":[{"embeddable":true,"href":"https:\/\/www.yucatanencorto.com\/noticias\/wp-json\/wp\/v2\/users\/4"}],"replies":[{"embeddable":true,"href":"https:\/\/www.yucatanencorto.com\/noticias\/wp-json\/wp\/v2\/comments?post=114969"}],"version-history":[{"count":0,"href":"https:\/\/www.yucatanencorto.com\/noticias\/wp-json\/wp\/v2\/posts\/114969\/revisions"}],"wp:featuredmedia":[{"embeddable":true,"href":"https:\/\/www.yucatanencorto.com\/noticias\/wp-json\/wp\/v2\/media\/114970"}],"wp:attachment":[{"href":"https:\/\/www.yucatanencorto.com\/noticias\/wp-json\/wp\/v2\/media?parent=114969"}],"wp:term":[{"taxonomy":"category","embeddable":true,"href":"https:\/\/www.yucatanencorto.com\/noticias\/wp-json\/wp\/v2\/categories?post=114969"},{"taxonomy":"post_tag","embeddable":true,"href":"https:\/\/www.yucatanencorto.com\/noticias\/wp-json\/wp\/v2\/tags?post=114969"}],"curies":[{"name":"wp","href":"https:\/\/api.w.org\/{rel}","templated":true}]}}