{"id":114972,"date":"2025-04-09T10:50:39","date_gmt":"2025-04-09T16:50:39","guid":{"rendered":"https:\/\/www.yucatanencorto.com\/noticias\/?p=114972"},"modified":"2025-04-09T10:50:39","modified_gmt":"2025-04-09T16:50:39","slug":"designa-el-gobernador-joaquin-diaz-mena-a-neyra-silva-rosado-como-nueva-secretaria-de-desarrollo-sustentable","status":"publish","type":"post","link":"https:\/\/www.yucatanencorto.com\/noticias\/designa-el-gobernador-joaquin-diaz-mena-a-neyra-silva-rosado-como-nueva-secretaria-de-desarrollo-sustentable\/","title":{"rendered":"Designa el Gobernador Joaqu\u00edn D\u00edaz Mena a Neyra Silva Rosado como nueva Secretaria de Desarrollo Sustentable"},"content":{"rendered":"<p><img loading=\"lazy\" decoding=\"async\" class=\"alignnone size-full wp-image-114973\" src=\"https:\/\/www.yucatanencorto.com\/noticias\/wp-content\/uploads\/2025\/04\/WhatsApp-Image-2025-04-09-at-10.36.51-1-scaled.jpeg\" alt=\"\" width=\"768\" height=\"512\" srcset=\"https:\/\/www.yucatanencorto.com\/noticias\/wp-content\/uploads\/2025\/04\/WhatsApp-Image-2025-04-09-at-10.36.51-1-scaled.jpeg 768w, https:\/\/www.yucatanencorto.com\/noticias\/wp-content\/uploads\/2025\/04\/WhatsApp-Image-2025-04-09-at-10.36.51-1-1536x1023.jpeg 1536w, https:\/\/www.yucatanencorto.com\/noticias\/wp-content\/uploads\/2025\/04\/WhatsApp-Image-2025-04-09-at-10.36.51-1-150x100.jpeg 150w, https:\/\/www.yucatanencorto.com\/noticias\/wp-content\/uploads\/2025\/04\/WhatsApp-Image-2025-04-09-at-10.36.51-1-300x200.jpeg 300w, https:\/\/www.yucatanencorto.com\/noticias\/wp-content\/uploads\/2025\/04\/WhatsApp-Image-2025-04-09-at-10.36.51-1-696x464.jpeg 696w, https:\/\/www.yucatanencorto.com\/noticias\/wp-content\/uploads\/2025\/04\/WhatsApp-Image-2025-04-09-at-10.36.51-1-1068x712.jpeg 1068w\" sizes=\"auto, (max-width: 768px) 100vw, 768px\" \/><\/p>\n<p>La nueva titular de la Secretar\u00eda de Desarrollo Sustentable (SDS), ha trabajado en planeaci\u00f3n estrat\u00e9gica para el desarrollo de programas de vida silvestre; en educaci\u00f3n ambiental y en \u00e1reas naturales protegidas, investigaci\u00f3n y saneamiento para la restauraci\u00f3n y la conservaci\u00f3n del acu\u00edfero yucateco.<\/p>\n<p>Durante su conferencia ma\u00f1anera, el mandatario estatal present\u00f3 a la nueva secretaria de Desarrollo Sustentable, quien ha trabajado en planeaci\u00f3n estrat\u00e9gica para el desarrollo de programas de vida silvestre; en educaci\u00f3n ambiental y en \u00e1reas naturales protegidas.<\/p>\n<p>La nueva titular de SDS, tambi\u00e9n ha sido parte de investigaci\u00f3n y saneamiento para la restauraci\u00f3n y la conservaci\u00f3n del acu\u00edfero yucateco, como gerente operativo del Comit\u00e9 T\u00e9cnico de Aguas Subterr\u00e1neas; y ha sido jefa del Proyecto Cuencas a ciudades, as\u00ed como coordinadora de educaci\u00f3n ambiental en la organizaci\u00f3n civil Ni\u00f1os y Cr\u00edas.<\/p>\n<p>Silva Rosado ha desarrollado estrategias para la conservaci\u00f3n del flamenco rosado en la costa de Yucat\u00e1n; ha apoyado la consulta p\u00fablica para la creaci\u00f3n de la Reserva Ci\u00e9negas y Manglares de la costa norte de Yucat\u00e1n, desarrollando tambi\u00e9n estudios t\u00e9cnicos, tur\u00edsticos y asesor\u00eda en sustentabilidad para comunidades de Campeche y Yucat\u00e1n.<\/p>\n<p>Finalmente, ha fungido como t\u00e9cnica de campo en Pronatura Pen\u00ednsula de Yucat\u00e1n. A.C., llevando a cabo diagn\u00f3sticos de la problem\u00e1tica del agua en comunidades; fue integrante del voluntariado y campamento de conservaci\u00f3n, supervisando diversos campamentos en M\u00e9xico y Estados Unidos.<\/p>\n","protected":false},"excerpt":{"rendered":"<p>La nueva titular de la Secretar\u00eda de Desarrollo Sustentable (SDS), ha trabajado en planeaci\u00f3n estrat\u00e9gica para el desarrollo de programas de vida silvestre; en educaci\u00f3n ambiental y en \u00e1reas naturales protegidas, investigaci\u00f3n y saneamiento para la restauraci\u00f3n y la conservaci\u00f3n del acu\u00edfero yucateco. Durante su conferencia ma\u00f1anera, el mandatario estatal present\u00f3 a la nueva secretaria [&hellip;]<\/p>\n","protected":false},"author":4,"featured_media":114973,"comment_status":"closed","ping_status":"closed","sticky":false,"template":"","format":"standard","meta":{"footnotes":""},"categories":[3],"tags":[],"class_list":{"0":"post-114972","1":"post","2":"type-post","3":"status-publish","4":"format-standard","5":"has-post-thumbnail","7":"category-yucatan"},"yoast_head":"<!-- This site is optimized with the Yoast SEO plugin v27.5 - https:\/\/yoast.com\/product\/yoast-seo-wordpress\/ -->\n<title>Designa el Gobernador Joaqu\u00edn D\u00edaz Mena a Neyra Silva Rosado como nueva Secretaria de Desarrollo Sustentable - Yucat\u00e1n en corto<\/title>\n<meta name=\"robots\" content=\"index, follow, max-snippet:-1, max-image-preview:large, max-video-preview:-1\" \/>\n<link rel=\"canonical\" href=\"https:\/\/www.yucatanencorto.com\/noticias\/designa-el-gobernador-joaquin-diaz-mena-a-neyra-silva-rosado-como-nueva-secretaria-de-desarrollo-sustentable\/\" \/>\n<meta property=\"og:locale\" content=\"es_ES\" \/>\n<meta property=\"og:type\" content=\"article\" \/>\n<meta property=\"og:title\" content=\"Designa el Gobernador Joaqu\u00edn D\u00edaz Mena a Neyra Silva Rosado como nueva Secretaria de Desarrollo Sustentable - Yucat\u00e1n en corto\" \/>\n<meta property=\"og:description\" content=\"La nueva titular de la Secretar\u00eda de Desarrollo Sustentable (SDS), ha trabajado en planeaci\u00f3n estrat\u00e9gica para el desarrollo de programas de vida silvestre; en educaci\u00f3n ambiental y en \u00e1reas naturales protegidas, investigaci\u00f3n y saneamiento para la restauraci\u00f3n y la conservaci\u00f3n del acu\u00edfero yucateco. Durante su conferencia ma\u00f1anera, el mandatario estatal present\u00f3 a la nueva secretaria [&hellip;]\" \/>\n<meta property=\"og:url\" content=\"https:\/\/www.yucatanencorto.com\/noticias\/designa-el-gobernador-joaquin-diaz-mena-a-neyra-silva-rosado-como-nueva-secretaria-de-desarrollo-sustentable\/\" \/>\n<meta property=\"og:site_name\" content=\"Yucat\u00e1n en corto\" \/>\n<meta property=\"article:publisher\" content=\"http:\/\/www.facebook.com\/yucatanencorto\" \/>\n<meta property=\"article:published_time\" content=\"2025-04-09T16:50:39+00:00\" \/>\n<meta property=\"og:image\" content=\"https:\/\/www.yucatanencorto.com\/noticias\/wp-content\/uploads\/2025\/04\/WhatsApp-Image-2025-04-09-at-10.36.51-1-scaled.jpeg\" \/>\n\t<meta property=\"og:image:width\" content=\"768\" \/>\n\t<meta property=\"og:image:height\" content=\"512\" \/>\n\t<meta property=\"og:image:type\" content=\"image\/jpeg\" \/>\n<meta name=\"author\" content=\"Yucat\u00e1n en Corto\" \/>\n<meta name=\"twitter:card\" content=\"summary_large_image\" \/>\n<meta name=\"twitter:creator\" content=\"@yucatanencorto\" \/>\n<meta name=\"twitter:site\" content=\"@yucatanencorto\" \/>\n<meta name=\"twitter:label1\" content=\"Escrito por\" \/>\n\t<meta name=\"twitter:data1\" content=\"Yucat\u00e1n en Corto\" \/>\n\t<meta name=\"twitter:label2\" content=\"Tiempo de lectura\" \/>\n\t<meta name=\"twitter:data2\" content=\"2 minutos\" \/>\n<script type=\"application\/ld+json\" class=\"yoast-schema-graph\">{\"@context\":\"https:\\\/\\\/schema.org\",\"@graph\":[{\"@type\":\"Article\",\"@id\":\"https:\\\/\\\/www.yucatanencorto.com\\\/noticias\\\/designa-el-gobernador-joaquin-diaz-mena-a-neyra-silva-rosado-como-nueva-secretaria-de-desarrollo-sustentable\\\/#article\",\"isPartOf\":{\"@id\":\"https:\\\/\\\/www.yucatanencorto.com\\\/noticias\\\/designa-el-gobernador-joaquin-diaz-mena-a-neyra-silva-rosado-como-nueva-secretaria-de-desarrollo-sustentable\\\/\"},\"author\":{\"name\":\"Yucat\u00e1n en Corto\",\"@id\":\"https:\\\/\\\/www.yucatanencorto.com\\\/noticias\\\/#\\\/schema\\\/person\\\/f0ec40c33447bbc0dc2d01d3006de771\"},\"headline\":\"Designa el Gobernador Joaqu\u00edn D\u00edaz Mena a Neyra Silva Rosado como nueva Secretaria de Desarrollo Sustentable\",\"datePublished\":\"2025-04-09T16:50:39+00:00\",\"mainEntityOfPage\":{\"@id\":\"https:\\\/\\\/www.yucatanencorto.com\\\/noticias\\\/designa-el-gobernador-joaquin-diaz-mena-a-neyra-silva-rosado-como-nueva-secretaria-de-desarrollo-sustentable\\\/\"},\"wordCount\":284,\"image\":{\"@id\":\"https:\\\/\\\/www.yucatanencorto.com\\\/noticias\\\/designa-el-gobernador-joaquin-diaz-mena-a-neyra-silva-rosado-como-nueva-secretaria-de-desarrollo-sustentable\\\/#primaryimage\"},\"thumbnailUrl\":\"https:\\\/\\\/www.yucatanencorto.com\\\/noticias\\\/wp-content\\\/uploads\\\/2025\\\/04\\\/WhatsApp-Image-2025-04-09-at-10.36.51-1-scaled.jpeg\",\"articleSection\":[\"Yucat\u00e1n\"],\"inLanguage\":\"es\"},{\"@type\":\"WebPage\",\"@id\":\"https:\\\/\\\/www.yucatanencorto.com\\\/noticias\\\/designa-el-gobernador-joaquin-diaz-mena-a-neyra-silva-rosado-como-nueva-secretaria-de-desarrollo-sustentable\\\/\",\"url\":\"https:\\\/\\\/www.yucatanencorto.com\\\/noticias\\\/designa-el-gobernador-joaquin-diaz-mena-a-neyra-silva-rosado-como-nueva-secretaria-de-desarrollo-sustentable\\\/\",\"name\":\"Designa el Gobernador Joaqu\u00edn D\u00edaz Mena a Neyra Silva Rosado como nueva Secretaria de Desarrollo Sustentable - Yucat\u00e1n en corto\",\"isPartOf\":{\"@id\":\"https:\\\/\\\/www.yucatanencorto.com\\\/noticias\\\/#website\"},\"primaryImageOfPage\":{\"@id\":\"https:\\\/\\\/www.yucatanencorto.com\\\/noticias\\\/designa-el-gobernador-joaquin-diaz-mena-a-neyra-silva-rosado-como-nueva-secretaria-de-desarrollo-sustentable\\\/#primaryimage\"},\"image\":{\"@id\":\"https:\\\/\\\/www.yucatanencorto.com\\\/noticias\\\/designa-el-gobernador-joaquin-diaz-mena-a-neyra-silva-rosado-como-nueva-secretaria-de-desarrollo-sustentable\\\/#primaryimage\"},\"thumbnailUrl\":\"https:\\\/\\\/www.yucatanencorto.com\\\/noticias\\\/wp-content\\\/uploads\\\/2025\\\/04\\\/WhatsApp-Image-2025-04-09-at-10.36.51-1-scaled.jpeg\",\"datePublished\":\"2025-04-09T16:50:39+00:00\",\"author\":{\"@id\":\"https:\\\/\\\/www.yucatanencorto.com\\\/noticias\\\/#\\\/schema\\\/person\\\/f0ec40c33447bbc0dc2d01d3006de771\"},\"breadcrumb\":{\"@id\":\"https:\\\/\\\/www.yucatanencorto.com\\\/noticias\\\/designa-el-gobernador-joaquin-diaz-mena-a-neyra-silva-rosado-como-nueva-secretaria-de-desarrollo-sustentable\\\/#breadcrumb\"},\"inLanguage\":\"es\",\"potentialAction\":[{\"@type\":\"ReadAction\",\"target\":[\"https:\\\/\\\/www.yucatanencorto.com\\\/noticias\\\/designa-el-gobernador-joaquin-diaz-mena-a-neyra-silva-rosado-como-nueva-secretaria-de-desarrollo-sustentable\\\/\"]}]},{\"@type\":\"ImageObject\",\"inLanguage\":\"es\",\"@id\":\"https:\\\/\\\/www.yucatanencorto.com\\\/noticias\\\/designa-el-gobernador-joaquin-diaz-mena-a-neyra-silva-rosado-como-nueva-secretaria-de-desarrollo-sustentable\\\/#primaryimage\",\"url\":\"https:\\\/\\\/www.yucatanencorto.com\\\/noticias\\\/wp-content\\\/uploads\\\/2025\\\/04\\\/WhatsApp-Image-2025-04-09-at-10.36.51-1-scaled.jpeg\",\"contentUrl\":\"https:\\\/\\\/www.yucatanencorto.com\\\/noticias\\\/wp-content\\\/uploads\\\/2025\\\/04\\\/WhatsApp-Image-2025-04-09-at-10.36.51-1-scaled.jpeg\",\"width\":768,\"height\":512},{\"@type\":\"BreadcrumbList\",\"@id\":\"https:\\\/\\\/www.yucatanencorto.com\\\/noticias\\\/designa-el-gobernador-joaquin-diaz-mena-a-neyra-silva-rosado-como-nueva-secretaria-de-desarrollo-sustentable\\\/#breadcrumb\",\"itemListElement\":[{\"@type\":\"ListItem\",\"position\":1,\"name\":\"Portada\",\"item\":\"https:\\\/\\\/www.yucatanencorto.com\\\/noticias\\\/\"},{\"@type\":\"ListItem\",\"position\":2,\"name\":\"Designa el Gobernador Joaqu\u00edn D\u00edaz Mena a Neyra Silva Rosado como nueva Secretaria de Desarrollo Sustentable\"}]},{\"@type\":\"WebSite\",\"@id\":\"https:\\\/\\\/www.yucatanencorto.com\\\/noticias\\\/#website\",\"url\":\"https:\\\/\\\/www.yucatanencorto.com\\\/noticias\\\/\",\"name\":\"Yucat\u00e1n en corto\",\"description\":\"Noticias\",\"potentialAction\":[{\"@type\":\"SearchAction\",\"target\":{\"@type\":\"EntryPoint\",\"urlTemplate\":\"https:\\\/\\\/www.yucatanencorto.com\\\/noticias\\\/?s={search_term_string}\"},\"query-input\":{\"@type\":\"PropertyValueSpecification\",\"valueRequired\":true,\"valueName\":\"search_term_string\"}}],\"inLanguage\":\"es\"},{\"@type\":\"Person\",\"@id\":\"https:\\\/\\\/www.yucatanencorto.com\\\/noticias\\\/#\\\/schema\\\/person\\\/f0ec40c33447bbc0dc2d01d3006de771\",\"name\":\"Yucat\u00e1n en Corto\",\"image\":{\"@type\":\"ImageObject\",\"inLanguage\":\"es\",\"@id\":\"https:\\\/\\\/secure.gravatar.com\\\/avatar\\\/20e0a6b626f38fa8e545fb3f80ce566efd790bf8877e65c3a482460cc3e0b5d1?s=96&d=mm&r=g\",\"url\":\"https:\\\/\\\/secure.gravatar.com\\\/avatar\\\/20e0a6b626f38fa8e545fb3f80ce566efd790bf8877e65c3a482460cc3e0b5d1?s=96&d=mm&r=g\",\"contentUrl\":\"https:\\\/\\\/secure.gravatar.com\\\/avatar\\\/20e0a6b626f38fa8e545fb3f80ce566efd790bf8877e65c3a482460cc3e0b5d1?s=96&d=mm&r=g\",\"caption\":\"Yucat\u00e1n en Corto\"},\"url\":\"https:\\\/\\\/www.yucatanencorto.com\\\/noticias\\\/author\\\/editor25\\\/\"}]}<\/script>\n<!-- \/ Yoast SEO plugin. -->","yoast_head_json":{"title":"Designa el Gobernador Joaqu\u00edn D\u00edaz Mena a Neyra Silva Rosado como nueva Secretaria de Desarrollo Sustentable - Yucat\u00e1n en corto","robots":{"index":"index","follow":"follow","max-snippet":"max-snippet:-1","max-image-preview":"max-image-preview:large","max-video-preview":"max-video-preview:-1"},"canonical":"https:\/\/www.yucatanencorto.com\/noticias\/designa-el-gobernador-joaquin-diaz-mena-a-neyra-silva-rosado-como-nueva-secretaria-de-desarrollo-sustentable\/","og_locale":"es_ES","og_type":"article","og_title":"Designa el Gobernador Joaqu\u00edn D\u00edaz Mena a Neyra Silva Rosado como nueva Secretaria de Desarrollo Sustentable - Yucat\u00e1n en corto","og_description":"La nueva titular de la Secretar\u00eda de Desarrollo Sustentable (SDS), ha trabajado en planeaci\u00f3n estrat\u00e9gica para el desarrollo de programas de vida silvestre; en educaci\u00f3n ambiental y en \u00e1reas naturales protegidas, investigaci\u00f3n y saneamiento para la restauraci\u00f3n y la conservaci\u00f3n del acu\u00edfero yucateco. Durante su conferencia ma\u00f1anera, el mandatario estatal present\u00f3 a la nueva secretaria [&hellip;]","og_url":"https:\/\/www.yucatanencorto.com\/noticias\/designa-el-gobernador-joaquin-diaz-mena-a-neyra-silva-rosado-como-nueva-secretaria-de-desarrollo-sustentable\/","og_site_name":"Yucat\u00e1n en corto","article_publisher":"http:\/\/www.facebook.com\/yucatanencorto","article_published_time":"2025-04-09T16:50:39+00:00","og_image":[{"width":768,"height":512,"url":"https:\/\/www.yucatanencorto.com\/noticias\/wp-content\/uploads\/2025\/04\/WhatsApp-Image-2025-04-09-at-10.36.51-1-scaled.jpeg","type":"image\/jpeg"}],"author":"Yucat\u00e1n en Corto","twitter_card":"summary_large_image","twitter_creator":"@yucatanencorto","twitter_site":"@yucatanencorto","twitter_misc":{"Escrito por":"Yucat\u00e1n en Corto","Tiempo de lectura":"2 minutos"},"schema":{"@context":"https:\/\/schema.org","@graph":[{"@type":"Article","@id":"https:\/\/www.yucatanencorto.com\/noticias\/designa-el-gobernador-joaquin-diaz-mena-a-neyra-silva-rosado-como-nueva-secretaria-de-desarrollo-sustentable\/#article","isPartOf":{"@id":"https:\/\/www.yucatanencorto.com\/noticias\/designa-el-gobernador-joaquin-diaz-mena-a-neyra-silva-rosado-como-nueva-secretaria-de-desarrollo-sustentable\/"},"author":{"name":"Yucat\u00e1n en Corto","@id":"https:\/\/www.yucatanencorto.com\/noticias\/#\/schema\/person\/f0ec40c33447bbc0dc2d01d3006de771"},"headline":"Designa el Gobernador Joaqu\u00edn D\u00edaz Mena a Neyra Silva Rosado como nueva Secretaria de Desarrollo Sustentable","datePublished":"2025-04-09T16:50:39+00:00","mainEntityOfPage":{"@id":"https:\/\/www.yucatanencorto.com\/noticias\/designa-el-gobernador-joaquin-diaz-mena-a-neyra-silva-rosado-como-nueva-secretaria-de-desarrollo-sustentable\/"},"wordCount":284,"image":{"@id":"https:\/\/www.yucatanencorto.com\/noticias\/designa-el-gobernador-joaquin-diaz-mena-a-neyra-silva-rosado-como-nueva-secretaria-de-desarrollo-sustentable\/#primaryimage"},"thumbnailUrl":"https:\/\/www.yucatanencorto.com\/noticias\/wp-content\/uploads\/2025\/04\/WhatsApp-Image-2025-04-09-at-10.36.51-1-scaled.jpeg","articleSection":["Yucat\u00e1n"],"inLanguage":"es"},{"@type":"WebPage","@id":"https:\/\/www.yucatanencorto.com\/noticias\/designa-el-gobernador-joaquin-diaz-mena-a-neyra-silva-rosado-como-nueva-secretaria-de-desarrollo-sustentable\/","url":"https:\/\/www.yucatanencorto.com\/noticias\/designa-el-gobernador-joaquin-diaz-mena-a-neyra-silva-rosado-como-nueva-secretaria-de-desarrollo-sustentable\/","name":"Designa el Gobernador Joaqu\u00edn D\u00edaz Mena a Neyra Silva Rosado como nueva Secretaria de Desarrollo Sustentable - Yucat\u00e1n en corto","isPartOf":{"@id":"https:\/\/www.yucatanencorto.com\/noticias\/#website"},"primaryImageOfPage":{"@id":"https:\/\/www.yucatanencorto.com\/noticias\/designa-el-gobernador-joaquin-diaz-mena-a-neyra-silva-rosado-como-nueva-secretaria-de-desarrollo-sustentable\/#primaryimage"},"image":{"@id":"https:\/\/www.yucatanencorto.com\/noticias\/designa-el-gobernador-joaquin-diaz-mena-a-neyra-silva-rosado-como-nueva-secretaria-de-desarrollo-sustentable\/#primaryimage"},"thumbnailUrl":"https:\/\/www.yucatanencorto.com\/noticias\/wp-content\/uploads\/2025\/04\/WhatsApp-Image-2025-04-09-at-10.36.51-1-scaled.jpeg","datePublished":"2025-04-09T16:50:39+00:00","author":{"@id":"https:\/\/www.yucatanencorto.com\/noticias\/#\/schema\/person\/f0ec40c33447bbc0dc2d01d3006de771"},"breadcrumb":{"@id":"https:\/\/www.yucatanencorto.com\/noticias\/designa-el-gobernador-joaquin-diaz-mena-a-neyra-silva-rosado-como-nueva-secretaria-de-desarrollo-sustentable\/#breadcrumb"},"inLanguage":"es","potentialAction":[{"@type":"ReadAction","target":["https:\/\/www.yucatanencorto.com\/noticias\/designa-el-gobernador-joaquin-diaz-mena-a-neyra-silva-rosado-como-nueva-secretaria-de-desarrollo-sustentable\/"]}]},{"@type":"ImageObject","inLanguage":"es","@id":"https:\/\/www.yucatanencorto.com\/noticias\/designa-el-gobernador-joaquin-diaz-mena-a-neyra-silva-rosado-como-nueva-secretaria-de-desarrollo-sustentable\/#primaryimage","url":"https:\/\/www.yucatanencorto.com\/noticias\/wp-content\/uploads\/2025\/04\/WhatsApp-Image-2025-04-09-at-10.36.51-1-scaled.jpeg","contentUrl":"https:\/\/www.yucatanencorto.com\/noticias\/wp-content\/uploads\/2025\/04\/WhatsApp-Image-2025-04-09-at-10.36.51-1-scaled.jpeg","width":768,"height":512},{"@type":"BreadcrumbList","@id":"https:\/\/www.yucatanencorto.com\/noticias\/designa-el-gobernador-joaquin-diaz-mena-a-neyra-silva-rosado-como-nueva-secretaria-de-desarrollo-sustentable\/#breadcrumb","itemListElement":[{"@type":"ListItem","position":1,"name":"Portada","item":"https:\/\/www.yucatanencorto.com\/noticias\/"},{"@type":"ListItem","position":2,"name":"Designa el Gobernador Joaqu\u00edn D\u00edaz Mena a Neyra Silva Rosado como nueva Secretaria de Desarrollo Sustentable"}]},{"@type":"WebSite","@id":"https:\/\/www.yucatanencorto.com\/noticias\/#website","url":"https:\/\/www.yucatanencorto.com\/noticias\/","name":"Yucat\u00e1n en corto","description":"Noticias","potentialAction":[{"@type":"SearchAction","target":{"@type":"EntryPoint","urlTemplate":"https:\/\/www.yucatanencorto.com\/noticias\/?s={search_term_string}"},"query-input":{"@type":"PropertyValueSpecification","valueRequired":true,"valueName":"search_term_string"}}],"inLanguage":"es"},{"@type":"Person","@id":"https:\/\/www.yucatanencorto.com\/noticias\/#\/schema\/person\/f0ec40c33447bbc0dc2d01d3006de771","name":"Yucat\u00e1n en Corto","image":{"@type":"ImageObject","inLanguage":"es","@id":"https:\/\/secure.gravatar.com\/avatar\/20e0a6b626f38fa8e545fb3f80ce566efd790bf8877e65c3a482460cc3e0b5d1?s=96&d=mm&r=g","url":"https:\/\/secure.gravatar.com\/avatar\/20e0a6b626f38fa8e545fb3f80ce566efd790bf8877e65c3a482460cc3e0b5d1?s=96&d=mm&r=g","contentUrl":"https:\/\/secure.gravatar.com\/avatar\/20e0a6b626f38fa8e545fb3f80ce566efd790bf8877e65c3a482460cc3e0b5d1?s=96&d=mm&r=g","caption":"Yucat\u00e1n en Corto"},"url":"https:\/\/www.yucatanencorto.com\/noticias\/author\/editor25\/"}]}},"_links":{"self":[{"href":"https:\/\/www.yucatanencorto.com\/noticias\/wp-json\/wp\/v2\/posts\/114972","targetHints":{"allow":["GET"]}}],"collection":[{"href":"https:\/\/www.yucatanencorto.com\/noticias\/wp-json\/wp\/v2\/posts"}],"about":[{"href":"https:\/\/www.yucatanencorto.com\/noticias\/wp-json\/wp\/v2\/types\/post"}],"author":[{"embeddable":true,"href":"https:\/\/www.yucatanencorto.com\/noticias\/wp-json\/wp\/v2\/users\/4"}],"replies":[{"embeddable":true,"href":"https:\/\/www.yucatanencorto.com\/noticias\/wp-json\/wp\/v2\/comments?post=114972"}],"version-history":[{"count":0,"href":"https:\/\/www.yucatanencorto.com\/noticias\/wp-json\/wp\/v2\/posts\/114972\/revisions"}],"wp:featuredmedia":[{"embeddable":true,"href":"https:\/\/www.yucatanencorto.com\/noticias\/wp-json\/wp\/v2\/media\/114973"}],"wp:attachment":[{"href":"https:\/\/www.yucatanencorto.com\/noticias\/wp-json\/wp\/v2\/media?parent=114972"}],"wp:term":[{"taxonomy":"category","embeddable":true,"href":"https:\/\/www.yucatanencorto.com\/noticias\/wp-json\/wp\/v2\/categories?post=114972"},{"taxonomy":"post_tag","embeddable":true,"href":"https:\/\/www.yucatanencorto.com\/noticias\/wp-json\/wp\/v2\/tags?post=114972"}],"curies":[{"name":"wp","href":"https:\/\/api.w.org\/{rel}","templated":true}]}}