{"id":114975,"date":"2025-04-09T15:15:29","date_gmt":"2025-04-09T21:15:29","guid":{"rendered":"https:\/\/www.yucatanencorto.com\/noticias\/?p=114975"},"modified":"2025-04-09T15:15:29","modified_gmt":"2025-04-09T21:15:29","slug":"yucatan-impulsa-alianzas-cientificas-y-tecnologicas-para-preservar-al-jaguar","status":"publish","type":"post","link":"https:\/\/www.yucatanencorto.com\/noticias\/yucatan-impulsa-alianzas-cientificas-y-tecnologicas-para-preservar-al-jaguar\/","title":{"rendered":"Yucat\u00e1n impulsa alianzas cient\u00edficas y tecnol\u00f3gicas para preservar al jaguar"},"content":{"rendered":"<p>&nbsp;<\/p>\n<p><img loading=\"lazy\" decoding=\"async\" class=\"alignnone size-full wp-image-114976\" src=\"https:\/\/www.yucatanencorto.com\/noticias\/wp-content\/uploads\/2025\/04\/WhatsApp-Image-2025-04-09-at-13.13.37-1-scaled.jpeg\" alt=\"\" width=\"768\" height=\"512\" srcset=\"https:\/\/www.yucatanencorto.com\/noticias\/wp-content\/uploads\/2025\/04\/WhatsApp-Image-2025-04-09-at-13.13.37-1-scaled.jpeg 768w, https:\/\/www.yucatanencorto.com\/noticias\/wp-content\/uploads\/2025\/04\/WhatsApp-Image-2025-04-09-at-13.13.37-1-1536x1023.jpeg 1536w, https:\/\/www.yucatanencorto.com\/noticias\/wp-content\/uploads\/2025\/04\/WhatsApp-Image-2025-04-09-at-13.13.37-1-150x100.jpeg 150w, https:\/\/www.yucatanencorto.com\/noticias\/wp-content\/uploads\/2025\/04\/WhatsApp-Image-2025-04-09-at-13.13.37-1-300x200.jpeg 300w, https:\/\/www.yucatanencorto.com\/noticias\/wp-content\/uploads\/2025\/04\/WhatsApp-Image-2025-04-09-at-13.13.37-1-696x464.jpeg 696w, https:\/\/www.yucatanencorto.com\/noticias\/wp-content\/uploads\/2025\/04\/WhatsApp-Image-2025-04-09-at-13.13.37-1-1068x712.jpeg 1068w\" sizes=\"auto, (max-width: 768px) 100vw, 768px\" \/><\/p>\n<p>M\u00e9rida, Yucat\u00e1n, a 9 de abril de 2025<\/p>\n<p>El Gobierno del Estado, en colaboraci\u00f3n con Huawei, la UICN, C Minds y la Universidad Polit\u00e9cnica de Yucat\u00e1n (UPY), impulsa la conservaci\u00f3n del jaguar mediante soluciones digitales e inteligencia artificial.<\/p>\n<p>El Gobernador Joaqu\u00edn D\u00edaz Mena, junto con Liu Zhilong, director del Consejo de Administraci\u00f3n de Huawei M\u00e9xico, y Marina Robles Garc\u00eda, subsecretaria de Biodiversidad y Restauraci\u00f3n Ambiental de la Secretar\u00eda de Medio Ambiente y Recursos Naturales (Semarnat), encabez\u00f3 el lanzamiento oficial de la fase 2 del proyecto de conservaci\u00f3n del jaguar, el puma y su medio ambiente, labor que se lleva a cabo en Dzilam de Bravo.<\/p>\n<p>Con esta estrategia, Yucat\u00e1n se convierte en la primera regi\u00f3n en Am\u00e9rica Latina en formar parte de la red Tech4Nature; una alianza global creada por la Uni\u00f3n Internacional para la Conservaci\u00f3n de la Naturaleza (UICN) y el programa Tech4All de Huawei.<\/p>\n<p>Durante su participaci\u00f3n en este foro, que re\u00fane a especialistas de 20 pa\u00edses, el Gobernador destac\u00f3 que hoy se celebra m\u00e1s que una alianza: una visi\u00f3n que entiende que la conservaci\u00f3n ya no puede depender \u00fanicamente de buenas intenciones ni de pol\u00edticas aisladas.<\/p>\n<p>\u201cNecesitamos ciencia, necesitamos tecnolog\u00eda, necesitamos comunidades empoderadas y necesitamos gobiernos comprometidos. La iniciativa Tech4Nature, impulsada desde 2020 por Huawei y la UICN, ha marcado un parteaguas global en la forma de abordar la protecci\u00f3n del medio ambiente\u201d, subray\u00f3.<\/p>\n<p>En ese sentido, reiter\u00f3 la voluntad de seguir siendo un estado pionero en sostenibilidad y lograr que Yucat\u00e1n sea no s\u00f3lo reconocido por su belleza natural, sino por su capacidad para conservarla, defenderla y utilizar la tecnolog\u00eda como aliada del planeta.<\/p>\n<p>El Ejecutivo estatal destac\u00f3 que se avanza con paso firme hacia la certificaci\u00f3n de la Reserva Estatal de Dzilam de Bravo en la Lista Verde de la UICN, un reconocimiento internacional que garantiza est\u00e1ndares de manejo ejemplar y que consolidar\u00e1 a esta zona como una joya de conservaci\u00f3n para el mundo entero.<\/p>\n<p>\u201cDesde Yucat\u00e1n, estamos sembrando un modelo de conservaci\u00f3n del siglo XXI, donde el jaguar camine libre, donde la selva respire tranquila y donde las ni\u00f1as y los ni\u00f1os crezcan con la certeza de que cuidamos su futuro\u201d, afirm\u00f3.<\/p>\n<p>En presencia de Neyra Silva Rosado, titular de la Secretar\u00eda de Desarrollo Sustentable (SDS), D\u00edaz Mena asegur\u00f3 que hoy se puede decir con orgullo que Tech4Nature M\u00e9xico es un referente internacional, gracias al liderazgo de C Minds y su iniciativa AI4Climate, que conjuga inteligencia artificial, conservaci\u00f3n y participaci\u00f3n comunitaria.<\/p>\n<p>Agreg\u00f3 que este proyecto ha puesto su mirada en un s\u00edmbolo de nuestra selva: el jaguar, un animal sagrado para nuestras ra\u00edces mayas, un indicador vital de la salud de nuestros ecosistemas y, hoy, un emblema de lo que se puede lograr cuando se suman esfuerzos.<\/p>\n<p>\u201cGracias al trabajo conjunto en la Reserva Estatal de Dzilam de Bravo, hemos logrado identificar 146 especies, 40 de ellas en riesgo. Se han desarrollado modelos de inteligencia artificial que permiten el reconocimiento individual de jaguares, algo que parec\u00eda ciencia ficci\u00f3n hace apenas unos a\u00f1os y que hoy nos permite dise\u00f1ar estrategias de protecci\u00f3n mucho m\u00e1s precisas, pasando de 3 jaguares en los \u00faltimos a\u00f1os a 16 en total\u201d, explic\u00f3.<\/p>\n","protected":false},"excerpt":{"rendered":"<p>&nbsp; M\u00e9rida, Yucat\u00e1n, a 9 de abril de 2025 El Gobierno del Estado, en colaboraci\u00f3n con Huawei, la UICN, C Minds y la Universidad Polit\u00e9cnica de Yucat\u00e1n (UPY), impulsa la conservaci\u00f3n del jaguar mediante soluciones digitales e inteligencia artificial. El Gobernador Joaqu\u00edn D\u00edaz Mena, junto con Liu Zhilong, director del Consejo de Administraci\u00f3n de Huawei [&hellip;]<\/p>\n","protected":false},"author":4,"featured_media":114976,"comment_status":"closed","ping_status":"closed","sticky":false,"template":"","format":"standard","meta":{"footnotes":""},"categories":[3],"tags":[],"class_list":{"0":"post-114975","1":"post","2":"type-post","3":"status-publish","4":"format-standard","5":"has-post-thumbnail","7":"category-yucatan"},"yoast_head":"<!-- This site is optimized with the Yoast SEO plugin v27.5 - https:\/\/yoast.com\/product\/yoast-seo-wordpress\/ -->\n<title>Yucat\u00e1n impulsa alianzas cient\u00edficas y tecnol\u00f3gicas para preservar al jaguar - Yucat\u00e1n en corto<\/title>\n<meta name=\"robots\" content=\"index, follow, max-snippet:-1, max-image-preview:large, max-video-preview:-1\" \/>\n<link rel=\"canonical\" href=\"https:\/\/www.yucatanencorto.com\/noticias\/yucatan-impulsa-alianzas-cientificas-y-tecnologicas-para-preservar-al-jaguar\/\" \/>\n<meta property=\"og:locale\" content=\"es_ES\" \/>\n<meta property=\"og:type\" content=\"article\" \/>\n<meta property=\"og:title\" content=\"Yucat\u00e1n impulsa alianzas cient\u00edficas y tecnol\u00f3gicas para preservar al jaguar - Yucat\u00e1n en corto\" \/>\n<meta property=\"og:description\" content=\"&nbsp; M\u00e9rida, Yucat\u00e1n, a 9 de abril de 2025 El Gobierno del Estado, en colaboraci\u00f3n con Huawei, la UICN, C Minds y la Universidad Polit\u00e9cnica de Yucat\u00e1n (UPY), impulsa la conservaci\u00f3n del jaguar mediante soluciones digitales e inteligencia artificial. El Gobernador Joaqu\u00edn D\u00edaz Mena, junto con Liu Zhilong, director del Consejo de Administraci\u00f3n de Huawei [&hellip;]\" \/>\n<meta property=\"og:url\" content=\"https:\/\/www.yucatanencorto.com\/noticias\/yucatan-impulsa-alianzas-cientificas-y-tecnologicas-para-preservar-al-jaguar\/\" \/>\n<meta property=\"og:site_name\" content=\"Yucat\u00e1n en corto\" \/>\n<meta property=\"article:publisher\" content=\"http:\/\/www.facebook.com\/yucatanencorto\" \/>\n<meta property=\"article:published_time\" content=\"2025-04-09T21:15:29+00:00\" \/>\n<meta property=\"og:image\" content=\"https:\/\/www.yucatanencorto.com\/noticias\/wp-content\/uploads\/2025\/04\/WhatsApp-Image-2025-04-09-at-13.13.37-1-scaled.jpeg\" \/>\n\t<meta property=\"og:image:width\" content=\"768\" \/>\n\t<meta property=\"og:image:height\" content=\"512\" \/>\n\t<meta property=\"og:image:type\" content=\"image\/jpeg\" \/>\n<meta name=\"author\" content=\"Yucat\u00e1n en Corto\" \/>\n<meta name=\"twitter:card\" content=\"summary_large_image\" \/>\n<meta name=\"twitter:creator\" content=\"@yucatanencorto\" \/>\n<meta name=\"twitter:site\" content=\"@yucatanencorto\" \/>\n<meta name=\"twitter:label1\" content=\"Escrito por\" \/>\n\t<meta name=\"twitter:data1\" content=\"Yucat\u00e1n en Corto\" \/>\n\t<meta name=\"twitter:label2\" content=\"Tiempo de lectura\" \/>\n\t<meta name=\"twitter:data2\" content=\"3 minutos\" \/>\n<script type=\"application\/ld+json\" class=\"yoast-schema-graph\">{\"@context\":\"https:\\\/\\\/schema.org\",\"@graph\":[{\"@type\":\"Article\",\"@id\":\"https:\\\/\\\/www.yucatanencorto.com\\\/noticias\\\/yucatan-impulsa-alianzas-cientificas-y-tecnologicas-para-preservar-al-jaguar\\\/#article\",\"isPartOf\":{\"@id\":\"https:\\\/\\\/www.yucatanencorto.com\\\/noticias\\\/yucatan-impulsa-alianzas-cientificas-y-tecnologicas-para-preservar-al-jaguar\\\/\"},\"author\":{\"name\":\"Yucat\u00e1n en Corto\",\"@id\":\"https:\\\/\\\/www.yucatanencorto.com\\\/noticias\\\/#\\\/schema\\\/person\\\/f0ec40c33447bbc0dc2d01d3006de771\"},\"headline\":\"Yucat\u00e1n impulsa alianzas cient\u00edficas y tecnol\u00f3gicas para preservar al jaguar\",\"datePublished\":\"2025-04-09T21:15:29+00:00\",\"mainEntityOfPage\":{\"@id\":\"https:\\\/\\\/www.yucatanencorto.com\\\/noticias\\\/yucatan-impulsa-alianzas-cientificas-y-tecnologicas-para-preservar-al-jaguar\\\/\"},\"wordCount\":585,\"image\":{\"@id\":\"https:\\\/\\\/www.yucatanencorto.com\\\/noticias\\\/yucatan-impulsa-alianzas-cientificas-y-tecnologicas-para-preservar-al-jaguar\\\/#primaryimage\"},\"thumbnailUrl\":\"https:\\\/\\\/www.yucatanencorto.com\\\/noticias\\\/wp-content\\\/uploads\\\/2025\\\/04\\\/WhatsApp-Image-2025-04-09-at-13.13.37-1-scaled.jpeg\",\"articleSection\":[\"Yucat\u00e1n\"],\"inLanguage\":\"es\"},{\"@type\":\"WebPage\",\"@id\":\"https:\\\/\\\/www.yucatanencorto.com\\\/noticias\\\/yucatan-impulsa-alianzas-cientificas-y-tecnologicas-para-preservar-al-jaguar\\\/\",\"url\":\"https:\\\/\\\/www.yucatanencorto.com\\\/noticias\\\/yucatan-impulsa-alianzas-cientificas-y-tecnologicas-para-preservar-al-jaguar\\\/\",\"name\":\"Yucat\u00e1n impulsa alianzas cient\u00edficas y tecnol\u00f3gicas para preservar al jaguar - Yucat\u00e1n en corto\",\"isPartOf\":{\"@id\":\"https:\\\/\\\/www.yucatanencorto.com\\\/noticias\\\/#website\"},\"primaryImageOfPage\":{\"@id\":\"https:\\\/\\\/www.yucatanencorto.com\\\/noticias\\\/yucatan-impulsa-alianzas-cientificas-y-tecnologicas-para-preservar-al-jaguar\\\/#primaryimage\"},\"image\":{\"@id\":\"https:\\\/\\\/www.yucatanencorto.com\\\/noticias\\\/yucatan-impulsa-alianzas-cientificas-y-tecnologicas-para-preservar-al-jaguar\\\/#primaryimage\"},\"thumbnailUrl\":\"https:\\\/\\\/www.yucatanencorto.com\\\/noticias\\\/wp-content\\\/uploads\\\/2025\\\/04\\\/WhatsApp-Image-2025-04-09-at-13.13.37-1-scaled.jpeg\",\"datePublished\":\"2025-04-09T21:15:29+00:00\",\"author\":{\"@id\":\"https:\\\/\\\/www.yucatanencorto.com\\\/noticias\\\/#\\\/schema\\\/person\\\/f0ec40c33447bbc0dc2d01d3006de771\"},\"breadcrumb\":{\"@id\":\"https:\\\/\\\/www.yucatanencorto.com\\\/noticias\\\/yucatan-impulsa-alianzas-cientificas-y-tecnologicas-para-preservar-al-jaguar\\\/#breadcrumb\"},\"inLanguage\":\"es\",\"potentialAction\":[{\"@type\":\"ReadAction\",\"target\":[\"https:\\\/\\\/www.yucatanencorto.com\\\/noticias\\\/yucatan-impulsa-alianzas-cientificas-y-tecnologicas-para-preservar-al-jaguar\\\/\"]}]},{\"@type\":\"ImageObject\",\"inLanguage\":\"es\",\"@id\":\"https:\\\/\\\/www.yucatanencorto.com\\\/noticias\\\/yucatan-impulsa-alianzas-cientificas-y-tecnologicas-para-preservar-al-jaguar\\\/#primaryimage\",\"url\":\"https:\\\/\\\/www.yucatanencorto.com\\\/noticias\\\/wp-content\\\/uploads\\\/2025\\\/04\\\/WhatsApp-Image-2025-04-09-at-13.13.37-1-scaled.jpeg\",\"contentUrl\":\"https:\\\/\\\/www.yucatanencorto.com\\\/noticias\\\/wp-content\\\/uploads\\\/2025\\\/04\\\/WhatsApp-Image-2025-04-09-at-13.13.37-1-scaled.jpeg\",\"width\":768,\"height\":512},{\"@type\":\"BreadcrumbList\",\"@id\":\"https:\\\/\\\/www.yucatanencorto.com\\\/noticias\\\/yucatan-impulsa-alianzas-cientificas-y-tecnologicas-para-preservar-al-jaguar\\\/#breadcrumb\",\"itemListElement\":[{\"@type\":\"ListItem\",\"position\":1,\"name\":\"Portada\",\"item\":\"https:\\\/\\\/www.yucatanencorto.com\\\/noticias\\\/\"},{\"@type\":\"ListItem\",\"position\":2,\"name\":\"Yucat\u00e1n impulsa alianzas cient\u00edficas y tecnol\u00f3gicas para preservar al jaguar\"}]},{\"@type\":\"WebSite\",\"@id\":\"https:\\\/\\\/www.yucatanencorto.com\\\/noticias\\\/#website\",\"url\":\"https:\\\/\\\/www.yucatanencorto.com\\\/noticias\\\/\",\"name\":\"Yucat\u00e1n en corto\",\"description\":\"Noticias\",\"potentialAction\":[{\"@type\":\"SearchAction\",\"target\":{\"@type\":\"EntryPoint\",\"urlTemplate\":\"https:\\\/\\\/www.yucatanencorto.com\\\/noticias\\\/?s={search_term_string}\"},\"query-input\":{\"@type\":\"PropertyValueSpecification\",\"valueRequired\":true,\"valueName\":\"search_term_string\"}}],\"inLanguage\":\"es\"},{\"@type\":\"Person\",\"@id\":\"https:\\\/\\\/www.yucatanencorto.com\\\/noticias\\\/#\\\/schema\\\/person\\\/f0ec40c33447bbc0dc2d01d3006de771\",\"name\":\"Yucat\u00e1n en Corto\",\"image\":{\"@type\":\"ImageObject\",\"inLanguage\":\"es\",\"@id\":\"https:\\\/\\\/secure.gravatar.com\\\/avatar\\\/20e0a6b626f38fa8e545fb3f80ce566efd790bf8877e65c3a482460cc3e0b5d1?s=96&d=mm&r=g\",\"url\":\"https:\\\/\\\/secure.gravatar.com\\\/avatar\\\/20e0a6b626f38fa8e545fb3f80ce566efd790bf8877e65c3a482460cc3e0b5d1?s=96&d=mm&r=g\",\"contentUrl\":\"https:\\\/\\\/secure.gravatar.com\\\/avatar\\\/20e0a6b626f38fa8e545fb3f80ce566efd790bf8877e65c3a482460cc3e0b5d1?s=96&d=mm&r=g\",\"caption\":\"Yucat\u00e1n en Corto\"},\"url\":\"https:\\\/\\\/www.yucatanencorto.com\\\/noticias\\\/author\\\/editor25\\\/\"}]}<\/script>\n<!-- \/ Yoast SEO plugin. -->","yoast_head_json":{"title":"Yucat\u00e1n impulsa alianzas cient\u00edficas y tecnol\u00f3gicas para preservar al jaguar - Yucat\u00e1n en corto","robots":{"index":"index","follow":"follow","max-snippet":"max-snippet:-1","max-image-preview":"max-image-preview:large","max-video-preview":"max-video-preview:-1"},"canonical":"https:\/\/www.yucatanencorto.com\/noticias\/yucatan-impulsa-alianzas-cientificas-y-tecnologicas-para-preservar-al-jaguar\/","og_locale":"es_ES","og_type":"article","og_title":"Yucat\u00e1n impulsa alianzas cient\u00edficas y tecnol\u00f3gicas para preservar al jaguar - Yucat\u00e1n en corto","og_description":"&nbsp; M\u00e9rida, Yucat\u00e1n, a 9 de abril de 2025 El Gobierno del Estado, en colaboraci\u00f3n con Huawei, la UICN, C Minds y la Universidad Polit\u00e9cnica de Yucat\u00e1n (UPY), impulsa la conservaci\u00f3n del jaguar mediante soluciones digitales e inteligencia artificial. El Gobernador Joaqu\u00edn D\u00edaz Mena, junto con Liu Zhilong, director del Consejo de Administraci\u00f3n de Huawei [&hellip;]","og_url":"https:\/\/www.yucatanencorto.com\/noticias\/yucatan-impulsa-alianzas-cientificas-y-tecnologicas-para-preservar-al-jaguar\/","og_site_name":"Yucat\u00e1n en corto","article_publisher":"http:\/\/www.facebook.com\/yucatanencorto","article_published_time":"2025-04-09T21:15:29+00:00","og_image":[{"width":768,"height":512,"url":"https:\/\/www.yucatanencorto.com\/noticias\/wp-content\/uploads\/2025\/04\/WhatsApp-Image-2025-04-09-at-13.13.37-1-scaled.jpeg","type":"image\/jpeg"}],"author":"Yucat\u00e1n en Corto","twitter_card":"summary_large_image","twitter_creator":"@yucatanencorto","twitter_site":"@yucatanencorto","twitter_misc":{"Escrito por":"Yucat\u00e1n en Corto","Tiempo de lectura":"3 minutos"},"schema":{"@context":"https:\/\/schema.org","@graph":[{"@type":"Article","@id":"https:\/\/www.yucatanencorto.com\/noticias\/yucatan-impulsa-alianzas-cientificas-y-tecnologicas-para-preservar-al-jaguar\/#article","isPartOf":{"@id":"https:\/\/www.yucatanencorto.com\/noticias\/yucatan-impulsa-alianzas-cientificas-y-tecnologicas-para-preservar-al-jaguar\/"},"author":{"name":"Yucat\u00e1n en Corto","@id":"https:\/\/www.yucatanencorto.com\/noticias\/#\/schema\/person\/f0ec40c33447bbc0dc2d01d3006de771"},"headline":"Yucat\u00e1n impulsa alianzas cient\u00edficas y tecnol\u00f3gicas para preservar al jaguar","datePublished":"2025-04-09T21:15:29+00:00","mainEntityOfPage":{"@id":"https:\/\/www.yucatanencorto.com\/noticias\/yucatan-impulsa-alianzas-cientificas-y-tecnologicas-para-preservar-al-jaguar\/"},"wordCount":585,"image":{"@id":"https:\/\/www.yucatanencorto.com\/noticias\/yucatan-impulsa-alianzas-cientificas-y-tecnologicas-para-preservar-al-jaguar\/#primaryimage"},"thumbnailUrl":"https:\/\/www.yucatanencorto.com\/noticias\/wp-content\/uploads\/2025\/04\/WhatsApp-Image-2025-04-09-at-13.13.37-1-scaled.jpeg","articleSection":["Yucat\u00e1n"],"inLanguage":"es"},{"@type":"WebPage","@id":"https:\/\/www.yucatanencorto.com\/noticias\/yucatan-impulsa-alianzas-cientificas-y-tecnologicas-para-preservar-al-jaguar\/","url":"https:\/\/www.yucatanencorto.com\/noticias\/yucatan-impulsa-alianzas-cientificas-y-tecnologicas-para-preservar-al-jaguar\/","name":"Yucat\u00e1n impulsa alianzas cient\u00edficas y tecnol\u00f3gicas para preservar al jaguar - Yucat\u00e1n en corto","isPartOf":{"@id":"https:\/\/www.yucatanencorto.com\/noticias\/#website"},"primaryImageOfPage":{"@id":"https:\/\/www.yucatanencorto.com\/noticias\/yucatan-impulsa-alianzas-cientificas-y-tecnologicas-para-preservar-al-jaguar\/#primaryimage"},"image":{"@id":"https:\/\/www.yucatanencorto.com\/noticias\/yucatan-impulsa-alianzas-cientificas-y-tecnologicas-para-preservar-al-jaguar\/#primaryimage"},"thumbnailUrl":"https:\/\/www.yucatanencorto.com\/noticias\/wp-content\/uploads\/2025\/04\/WhatsApp-Image-2025-04-09-at-13.13.37-1-scaled.jpeg","datePublished":"2025-04-09T21:15:29+00:00","author":{"@id":"https:\/\/www.yucatanencorto.com\/noticias\/#\/schema\/person\/f0ec40c33447bbc0dc2d01d3006de771"},"breadcrumb":{"@id":"https:\/\/www.yucatanencorto.com\/noticias\/yucatan-impulsa-alianzas-cientificas-y-tecnologicas-para-preservar-al-jaguar\/#breadcrumb"},"inLanguage":"es","potentialAction":[{"@type":"ReadAction","target":["https:\/\/www.yucatanencorto.com\/noticias\/yucatan-impulsa-alianzas-cientificas-y-tecnologicas-para-preservar-al-jaguar\/"]}]},{"@type":"ImageObject","inLanguage":"es","@id":"https:\/\/www.yucatanencorto.com\/noticias\/yucatan-impulsa-alianzas-cientificas-y-tecnologicas-para-preservar-al-jaguar\/#primaryimage","url":"https:\/\/www.yucatanencorto.com\/noticias\/wp-content\/uploads\/2025\/04\/WhatsApp-Image-2025-04-09-at-13.13.37-1-scaled.jpeg","contentUrl":"https:\/\/www.yucatanencorto.com\/noticias\/wp-content\/uploads\/2025\/04\/WhatsApp-Image-2025-04-09-at-13.13.37-1-scaled.jpeg","width":768,"height":512},{"@type":"BreadcrumbList","@id":"https:\/\/www.yucatanencorto.com\/noticias\/yucatan-impulsa-alianzas-cientificas-y-tecnologicas-para-preservar-al-jaguar\/#breadcrumb","itemListElement":[{"@type":"ListItem","position":1,"name":"Portada","item":"https:\/\/www.yucatanencorto.com\/noticias\/"},{"@type":"ListItem","position":2,"name":"Yucat\u00e1n impulsa alianzas cient\u00edficas y tecnol\u00f3gicas para preservar al jaguar"}]},{"@type":"WebSite","@id":"https:\/\/www.yucatanencorto.com\/noticias\/#website","url":"https:\/\/www.yucatanencorto.com\/noticias\/","name":"Yucat\u00e1n en corto","description":"Noticias","potentialAction":[{"@type":"SearchAction","target":{"@type":"EntryPoint","urlTemplate":"https:\/\/www.yucatanencorto.com\/noticias\/?s={search_term_string}"},"query-input":{"@type":"PropertyValueSpecification","valueRequired":true,"valueName":"search_term_string"}}],"inLanguage":"es"},{"@type":"Person","@id":"https:\/\/www.yucatanencorto.com\/noticias\/#\/schema\/person\/f0ec40c33447bbc0dc2d01d3006de771","name":"Yucat\u00e1n en Corto","image":{"@type":"ImageObject","inLanguage":"es","@id":"https:\/\/secure.gravatar.com\/avatar\/20e0a6b626f38fa8e545fb3f80ce566efd790bf8877e65c3a482460cc3e0b5d1?s=96&d=mm&r=g","url":"https:\/\/secure.gravatar.com\/avatar\/20e0a6b626f38fa8e545fb3f80ce566efd790bf8877e65c3a482460cc3e0b5d1?s=96&d=mm&r=g","contentUrl":"https:\/\/secure.gravatar.com\/avatar\/20e0a6b626f38fa8e545fb3f80ce566efd790bf8877e65c3a482460cc3e0b5d1?s=96&d=mm&r=g","caption":"Yucat\u00e1n en Corto"},"url":"https:\/\/www.yucatanencorto.com\/noticias\/author\/editor25\/"}]}},"_links":{"self":[{"href":"https:\/\/www.yucatanencorto.com\/noticias\/wp-json\/wp\/v2\/posts\/114975","targetHints":{"allow":["GET"]}}],"collection":[{"href":"https:\/\/www.yucatanencorto.com\/noticias\/wp-json\/wp\/v2\/posts"}],"about":[{"href":"https:\/\/www.yucatanencorto.com\/noticias\/wp-json\/wp\/v2\/types\/post"}],"author":[{"embeddable":true,"href":"https:\/\/www.yucatanencorto.com\/noticias\/wp-json\/wp\/v2\/users\/4"}],"replies":[{"embeddable":true,"href":"https:\/\/www.yucatanencorto.com\/noticias\/wp-json\/wp\/v2\/comments?post=114975"}],"version-history":[{"count":0,"href":"https:\/\/www.yucatanencorto.com\/noticias\/wp-json\/wp\/v2\/posts\/114975\/revisions"}],"wp:featuredmedia":[{"embeddable":true,"href":"https:\/\/www.yucatanencorto.com\/noticias\/wp-json\/wp\/v2\/media\/114976"}],"wp:attachment":[{"href":"https:\/\/www.yucatanencorto.com\/noticias\/wp-json\/wp\/v2\/media?parent=114975"}],"wp:term":[{"taxonomy":"category","embeddable":true,"href":"https:\/\/www.yucatanencorto.com\/noticias\/wp-json\/wp\/v2\/categories?post=114975"},{"taxonomy":"post_tag","embeddable":true,"href":"https:\/\/www.yucatanencorto.com\/noticias\/wp-json\/wp\/v2\/tags?post=114975"}],"curies":[{"name":"wp","href":"https:\/\/api.w.org\/{rel}","templated":true}]}}