{"id":114978,"date":"2025-04-10T14:17:18","date_gmt":"2025-04-10T20:17:18","guid":{"rendered":"https:\/\/www.yucatanencorto.com\/noticias\/?p=114978"},"modified":"2025-04-10T14:17:18","modified_gmt":"2025-04-10T20:17:18","slug":"refuerzan-seguridad-en-yucatan-por-semana-santa","status":"publish","type":"post","link":"https:\/\/www.yucatanencorto.com\/noticias\/refuerzan-seguridad-en-yucatan-por-semana-santa\/","title":{"rendered":"Refuerzan seguridad en Yucat\u00e1n por Semana Santa"},"content":{"rendered":"<p><img loading=\"lazy\" decoding=\"async\" class=\"alignnone size-full wp-image-114979\" src=\"https:\/\/www.yucatanencorto.com\/noticias\/wp-content\/uploads\/2025\/04\/WhatsApp-Image-2025-04-10-at-13.20.00-1-scaled.jpeg\" alt=\"\" width=\"768\" height=\"512\" srcset=\"https:\/\/www.yucatanencorto.com\/noticias\/wp-content\/uploads\/2025\/04\/WhatsApp-Image-2025-04-10-at-13.20.00-1-scaled.jpeg 768w, https:\/\/www.yucatanencorto.com\/noticias\/wp-content\/uploads\/2025\/04\/WhatsApp-Image-2025-04-10-at-13.20.00-1-1536x1023.jpeg 1536w, https:\/\/www.yucatanencorto.com\/noticias\/wp-content\/uploads\/2025\/04\/WhatsApp-Image-2025-04-10-at-13.20.00-1-150x100.jpeg 150w, https:\/\/www.yucatanencorto.com\/noticias\/wp-content\/uploads\/2025\/04\/WhatsApp-Image-2025-04-10-at-13.20.00-1-300x200.jpeg 300w, https:\/\/www.yucatanencorto.com\/noticias\/wp-content\/uploads\/2025\/04\/WhatsApp-Image-2025-04-10-at-13.20.00-1-696x464.jpeg 696w, https:\/\/www.yucatanencorto.com\/noticias\/wp-content\/uploads\/2025\/04\/WhatsApp-Image-2025-04-10-at-13.20.00-1-1068x712.jpeg 1068w\" sizes=\"auto, (max-width: 768px) 100vw, 768px\" \/><\/p>\n<p>&nbsp;<\/p>\n<p>Progreso, Yucat\u00e1n, a 10 de abril de 2025<\/p>\n<p>Al encabezar el inicio del operativo vacacional Semana Santa 2025, el Gobernador Joaqu\u00edn D\u00edaz Mena realiz\u00f3 la entrega de 340 nuevas unidades a la Secretar\u00eda de Seguridad P\u00fablica (SSP).<\/p>\n<p>Destac\u00f3 que, con una inversi\u00f3n hist\u00f3rica que asciende a 654 millones de pesos, como parte de la modernizaci\u00f3n del parque vehicular, se permitir\u00e1 continuar garantizando la seguridad de las familias yucatecas y de quienes nos visitan.<\/p>\n<p>Desde el malec\u00f3n de Progreso, el Gobernador junto al titular de la SSP, Luis Felipe Said\u00e9n Ojeda, dio el banderazo de inicio al Operativo con el despliegue total del personal operativo de las cuatro subsecretar\u00edas: Seguridad Ciudadana, Servicios Viales, Caminos Peninsulares y Polic\u00eda Estatal de Investigaci\u00f3n.<\/p>\n<p>Ante representantes de las Fuerzas Armadas, el mandatario reiter\u00f3 que el deber de su administraci\u00f3n es asegurar que estas vacaciones transcurran en paz, con orden y con plena tranquilidad para todas y todos.<\/p>\n<p>\u00abPor eso, me llena de orgullo anunciar el arranque del Operativo Vacacional Semana Santa 2025, coordinado por la Secretar\u00eda de Seguridad P\u00fablica, con un despliegue hist\u00f3rico de personal, veh\u00edculos, tecnolog\u00eda y recursos, como nunca antes se hab\u00eda hecho en Yucat\u00e1n\u00bb, a\u00f1adi\u00f3.<\/p>\n<p>En presencia del alcalde anfitri\u00f3n, Erik Rihani Gonz\u00e1lez, el Ejecutivo estatal destac\u00f3 que para reforzar esta estrategia de seguridad, hoy se entregan 340 nuevas unidades que se suman al parque vehicular de la corporaci\u00f3n.<\/p>\n<p>\u00abEstas unidades modernas y completamente equipadas permitir\u00e1n aumentar la presencia policial en todos los municipios y mejorar la capacidad de respuesta ante cualquier emergencia\u00bb, subray\u00f3.<\/p>\n<p>Al reconocer el compromiso de todas las y los elementos de la Secretar\u00eda que estar\u00e1n trabajando d\u00eda y noche, para protegernos a todos, D\u00edaz Mena precis\u00f3 que esta es una inversi\u00f3n para proteger la vida, el patrimonio y la tranquilidad de las familias del estado.<\/p>\n<p>Afirm\u00f3 que, adem\u00e1s de reforzar los puestos de vigilancia en las costas, se implementar\u00e1n controles de tr\u00e1fico, servicios de gr\u00faas y auxilio vial; la presencia en todos los eventos religiosos y procesiones que se realizar\u00e1n en estos d\u00edas.<\/p>\n<p>\u00abPero tambi\u00e9n quiero subrayar que la seguridad es una tarea compartida. Por eso hago un llamado a toda la ciudadan\u00eda a sumarse a este esfuerzo colectivo: respeten las se\u00f1ales de tr\u00e1nsito, no conduzcan bajo los efectos del alcohol, cuiden a ni\u00f1as, ni\u00f1os y personas mayores, aseguren sus viviendas si van a salir y ante cualquier emergencia, marquen al 911\u00bb, asever\u00f3.<\/p>\n<p>En su turno, el titular de la SSP, Luis Felipe Said\u00e9n Ojeda, detall\u00f3 que el operativo contempla vigilancia en playas, carreteras, zonas tur\u00edsticas, templos y espacios p\u00fablicos, con el apoyo de ambulancias, bomberos, lanchas, helic\u00f3pteros, gr\u00faas y tecnolog\u00eda de punta desde el C5i.<\/p>\n<p>\u00abHoy, con apenas 7 meses de la administraci\u00f3n del Gobernador, ya se fortaleci\u00f3 la seguridad de Yucat\u00e1n con 563 veh\u00edculos nuevos y equipados. Su compromiso con la seguridad de Yucat\u00e1n se manifiesta en hechos y nosotros como polic\u00edas no podemos menos que reconocerlo y agradecerlo\u00bb, enfatiz\u00f3.<\/p>\n<p>En ese sentido, explic\u00f3 que se trabajar\u00e1 de manera coordinada con el Ej\u00e9rcito, la Marina, la Guardia Nacional y polic\u00edas municipales.<\/p>\n<p>Por lo que toca a las unidades entregadas este d\u00eda, son 43 camionetas SUV Ford Explorer modelo 2025; 200 camionetas Ford Ranger 4&#215;4 modelo 2024; 24 camionetas Ford F-150; 29 motocicletas Suzuki y BMW especialmente adaptadas como patrullas y 29 veh\u00edculos sed\u00e1n Mazda con sistema de videovigilancia interior y exterior.<\/p>\n<p>Acompa\u00f1aron al Gobernador, los comandantes de la IX Zona Naval, H\u00e9ctor Sol\u00eds Hern\u00e1ndez; de la Base A\u00e9rea Militar n\u00famero 8, Magdaleno Casta\u00f1\u00f3n Mu\u00f1oz; el presidente del Consejo Coordinador Empresarial, Emilio Blanco del Villar. Adem\u00e1s, el coordinador estatal de la Guardia Nacional en Yucat\u00e1n, David Morales Hern\u00e1ndez; el titular de la Secretar\u00eda General de Gobierno, Omar P\u00e9rez Avil\u00e9s; el fiscal general, Juan Manuel Le\u00f3n Le\u00f3n; los diputados locales, Mar\u00eda Esther Magad\u00e1n Alonso; Estefan\u00eda Baeza Mart\u00ednez; Wilmer Monforte Marfil y la diputada federal Jessica Said\u00e9n Quiroz.<\/p>\n","protected":false},"excerpt":{"rendered":"<p>&nbsp; Progreso, Yucat\u00e1n, a 10 de abril de 2025 Al encabezar el inicio del operativo vacacional Semana Santa 2025, el Gobernador Joaqu\u00edn D\u00edaz Mena realiz\u00f3 la entrega de 340 nuevas unidades a la Secretar\u00eda de Seguridad P\u00fablica (SSP). Destac\u00f3 que, con una inversi\u00f3n hist\u00f3rica que asciende a 654 millones de pesos, como parte de la [&hellip;]<\/p>\n","protected":false},"author":4,"featured_media":114979,"comment_status":"closed","ping_status":"closed","sticky":false,"template":"","format":"standard","meta":{"footnotes":""},"categories":[3],"tags":[],"class_list":{"0":"post-114978","1":"post","2":"type-post","3":"status-publish","4":"format-standard","5":"has-post-thumbnail","7":"category-yucatan"},"yoast_head":"<!-- This site is optimized with the Yoast SEO plugin v27.5 - https:\/\/yoast.com\/product\/yoast-seo-wordpress\/ -->\n<title>Refuerzan seguridad en Yucat\u00e1n por Semana Santa - Yucat\u00e1n en corto<\/title>\n<meta name=\"robots\" content=\"index, follow, max-snippet:-1, max-image-preview:large, max-video-preview:-1\" \/>\n<link rel=\"canonical\" href=\"https:\/\/www.yucatanencorto.com\/noticias\/refuerzan-seguridad-en-yucatan-por-semana-santa\/\" \/>\n<meta property=\"og:locale\" content=\"es_ES\" \/>\n<meta property=\"og:type\" content=\"article\" \/>\n<meta property=\"og:title\" content=\"Refuerzan seguridad en Yucat\u00e1n por Semana Santa - Yucat\u00e1n en corto\" \/>\n<meta property=\"og:description\" content=\"&nbsp; Progreso, Yucat\u00e1n, a 10 de abril de 2025 Al encabezar el inicio del operativo vacacional Semana Santa 2025, el Gobernador Joaqu\u00edn D\u00edaz Mena realiz\u00f3 la entrega de 340 nuevas unidades a la Secretar\u00eda de Seguridad P\u00fablica (SSP). Destac\u00f3 que, con una inversi\u00f3n hist\u00f3rica que asciende a 654 millones de pesos, como parte de la [&hellip;]\" \/>\n<meta property=\"og:url\" content=\"https:\/\/www.yucatanencorto.com\/noticias\/refuerzan-seguridad-en-yucatan-por-semana-santa\/\" \/>\n<meta property=\"og:site_name\" content=\"Yucat\u00e1n en corto\" \/>\n<meta property=\"article:publisher\" content=\"http:\/\/www.facebook.com\/yucatanencorto\" \/>\n<meta property=\"article:published_time\" content=\"2025-04-10T20:17:18+00:00\" \/>\n<meta property=\"og:image\" content=\"https:\/\/www.yucatanencorto.com\/noticias\/wp-content\/uploads\/2025\/04\/WhatsApp-Image-2025-04-10-at-13.20.00-1-scaled.jpeg\" \/>\n\t<meta property=\"og:image:width\" content=\"768\" \/>\n\t<meta property=\"og:image:height\" content=\"512\" \/>\n\t<meta property=\"og:image:type\" content=\"image\/jpeg\" \/>\n<meta name=\"author\" content=\"Yucat\u00e1n en Corto\" \/>\n<meta name=\"twitter:card\" content=\"summary_large_image\" \/>\n<meta name=\"twitter:creator\" content=\"@yucatanencorto\" \/>\n<meta name=\"twitter:site\" content=\"@yucatanencorto\" \/>\n<meta name=\"twitter:label1\" content=\"Escrito por\" \/>\n\t<meta name=\"twitter:data1\" content=\"Yucat\u00e1n en Corto\" \/>\n\t<meta name=\"twitter:label2\" content=\"Tiempo de lectura\" \/>\n\t<meta name=\"twitter:data2\" content=\"4 minutos\" \/>\n<script type=\"application\/ld+json\" class=\"yoast-schema-graph\">{\"@context\":\"https:\\\/\\\/schema.org\",\"@graph\":[{\"@type\":\"Article\",\"@id\":\"https:\\\/\\\/www.yucatanencorto.com\\\/noticias\\\/refuerzan-seguridad-en-yucatan-por-semana-santa\\\/#article\",\"isPartOf\":{\"@id\":\"https:\\\/\\\/www.yucatanencorto.com\\\/noticias\\\/refuerzan-seguridad-en-yucatan-por-semana-santa\\\/\"},\"author\":{\"name\":\"Yucat\u00e1n en Corto\",\"@id\":\"https:\\\/\\\/www.yucatanencorto.com\\\/noticias\\\/#\\\/schema\\\/person\\\/f0ec40c33447bbc0dc2d01d3006de771\"},\"headline\":\"Refuerzan seguridad en Yucat\u00e1n por Semana Santa\",\"datePublished\":\"2025-04-10T20:17:18+00:00\",\"mainEntityOfPage\":{\"@id\":\"https:\\\/\\\/www.yucatanencorto.com\\\/noticias\\\/refuerzan-seguridad-en-yucatan-por-semana-santa\\\/\"},\"wordCount\":711,\"image\":{\"@id\":\"https:\\\/\\\/www.yucatanencorto.com\\\/noticias\\\/refuerzan-seguridad-en-yucatan-por-semana-santa\\\/#primaryimage\"},\"thumbnailUrl\":\"https:\\\/\\\/www.yucatanencorto.com\\\/noticias\\\/wp-content\\\/uploads\\\/2025\\\/04\\\/WhatsApp-Image-2025-04-10-at-13.20.00-1-scaled.jpeg\",\"articleSection\":[\"Yucat\u00e1n\"],\"inLanguage\":\"es\"},{\"@type\":\"WebPage\",\"@id\":\"https:\\\/\\\/www.yucatanencorto.com\\\/noticias\\\/refuerzan-seguridad-en-yucatan-por-semana-santa\\\/\",\"url\":\"https:\\\/\\\/www.yucatanencorto.com\\\/noticias\\\/refuerzan-seguridad-en-yucatan-por-semana-santa\\\/\",\"name\":\"Refuerzan seguridad en Yucat\u00e1n por Semana Santa - Yucat\u00e1n en corto\",\"isPartOf\":{\"@id\":\"https:\\\/\\\/www.yucatanencorto.com\\\/noticias\\\/#website\"},\"primaryImageOfPage\":{\"@id\":\"https:\\\/\\\/www.yucatanencorto.com\\\/noticias\\\/refuerzan-seguridad-en-yucatan-por-semana-santa\\\/#primaryimage\"},\"image\":{\"@id\":\"https:\\\/\\\/www.yucatanencorto.com\\\/noticias\\\/refuerzan-seguridad-en-yucatan-por-semana-santa\\\/#primaryimage\"},\"thumbnailUrl\":\"https:\\\/\\\/www.yucatanencorto.com\\\/noticias\\\/wp-content\\\/uploads\\\/2025\\\/04\\\/WhatsApp-Image-2025-04-10-at-13.20.00-1-scaled.jpeg\",\"datePublished\":\"2025-04-10T20:17:18+00:00\",\"author\":{\"@id\":\"https:\\\/\\\/www.yucatanencorto.com\\\/noticias\\\/#\\\/schema\\\/person\\\/f0ec40c33447bbc0dc2d01d3006de771\"},\"breadcrumb\":{\"@id\":\"https:\\\/\\\/www.yucatanencorto.com\\\/noticias\\\/refuerzan-seguridad-en-yucatan-por-semana-santa\\\/#breadcrumb\"},\"inLanguage\":\"es\",\"potentialAction\":[{\"@type\":\"ReadAction\",\"target\":[\"https:\\\/\\\/www.yucatanencorto.com\\\/noticias\\\/refuerzan-seguridad-en-yucatan-por-semana-santa\\\/\"]}]},{\"@type\":\"ImageObject\",\"inLanguage\":\"es\",\"@id\":\"https:\\\/\\\/www.yucatanencorto.com\\\/noticias\\\/refuerzan-seguridad-en-yucatan-por-semana-santa\\\/#primaryimage\",\"url\":\"https:\\\/\\\/www.yucatanencorto.com\\\/noticias\\\/wp-content\\\/uploads\\\/2025\\\/04\\\/WhatsApp-Image-2025-04-10-at-13.20.00-1-scaled.jpeg\",\"contentUrl\":\"https:\\\/\\\/www.yucatanencorto.com\\\/noticias\\\/wp-content\\\/uploads\\\/2025\\\/04\\\/WhatsApp-Image-2025-04-10-at-13.20.00-1-scaled.jpeg\",\"width\":768,\"height\":512},{\"@type\":\"BreadcrumbList\",\"@id\":\"https:\\\/\\\/www.yucatanencorto.com\\\/noticias\\\/refuerzan-seguridad-en-yucatan-por-semana-santa\\\/#breadcrumb\",\"itemListElement\":[{\"@type\":\"ListItem\",\"position\":1,\"name\":\"Portada\",\"item\":\"https:\\\/\\\/www.yucatanencorto.com\\\/noticias\\\/\"},{\"@type\":\"ListItem\",\"position\":2,\"name\":\"Refuerzan seguridad en Yucat\u00e1n por Semana Santa\"}]},{\"@type\":\"WebSite\",\"@id\":\"https:\\\/\\\/www.yucatanencorto.com\\\/noticias\\\/#website\",\"url\":\"https:\\\/\\\/www.yucatanencorto.com\\\/noticias\\\/\",\"name\":\"Yucat\u00e1n en corto\",\"description\":\"Noticias\",\"potentialAction\":[{\"@type\":\"SearchAction\",\"target\":{\"@type\":\"EntryPoint\",\"urlTemplate\":\"https:\\\/\\\/www.yucatanencorto.com\\\/noticias\\\/?s={search_term_string}\"},\"query-input\":{\"@type\":\"PropertyValueSpecification\",\"valueRequired\":true,\"valueName\":\"search_term_string\"}}],\"inLanguage\":\"es\"},{\"@type\":\"Person\",\"@id\":\"https:\\\/\\\/www.yucatanencorto.com\\\/noticias\\\/#\\\/schema\\\/person\\\/f0ec40c33447bbc0dc2d01d3006de771\",\"name\":\"Yucat\u00e1n en Corto\",\"image\":{\"@type\":\"ImageObject\",\"inLanguage\":\"es\",\"@id\":\"https:\\\/\\\/secure.gravatar.com\\\/avatar\\\/20e0a6b626f38fa8e545fb3f80ce566efd790bf8877e65c3a482460cc3e0b5d1?s=96&d=mm&r=g\",\"url\":\"https:\\\/\\\/secure.gravatar.com\\\/avatar\\\/20e0a6b626f38fa8e545fb3f80ce566efd790bf8877e65c3a482460cc3e0b5d1?s=96&d=mm&r=g\",\"contentUrl\":\"https:\\\/\\\/secure.gravatar.com\\\/avatar\\\/20e0a6b626f38fa8e545fb3f80ce566efd790bf8877e65c3a482460cc3e0b5d1?s=96&d=mm&r=g\",\"caption\":\"Yucat\u00e1n en Corto\"},\"url\":\"https:\\\/\\\/www.yucatanencorto.com\\\/noticias\\\/author\\\/editor25\\\/\"}]}<\/script>\n<!-- \/ Yoast SEO plugin. -->","yoast_head_json":{"title":"Refuerzan seguridad en Yucat\u00e1n por Semana Santa - Yucat\u00e1n en corto","robots":{"index":"index","follow":"follow","max-snippet":"max-snippet:-1","max-image-preview":"max-image-preview:large","max-video-preview":"max-video-preview:-1"},"canonical":"https:\/\/www.yucatanencorto.com\/noticias\/refuerzan-seguridad-en-yucatan-por-semana-santa\/","og_locale":"es_ES","og_type":"article","og_title":"Refuerzan seguridad en Yucat\u00e1n por Semana Santa - Yucat\u00e1n en corto","og_description":"&nbsp; Progreso, Yucat\u00e1n, a 10 de abril de 2025 Al encabezar el inicio del operativo vacacional Semana Santa 2025, el Gobernador Joaqu\u00edn D\u00edaz Mena realiz\u00f3 la entrega de 340 nuevas unidades a la Secretar\u00eda de Seguridad P\u00fablica (SSP). Destac\u00f3 que, con una inversi\u00f3n hist\u00f3rica que asciende a 654 millones de pesos, como parte de la [&hellip;]","og_url":"https:\/\/www.yucatanencorto.com\/noticias\/refuerzan-seguridad-en-yucatan-por-semana-santa\/","og_site_name":"Yucat\u00e1n en corto","article_publisher":"http:\/\/www.facebook.com\/yucatanencorto","article_published_time":"2025-04-10T20:17:18+00:00","og_image":[{"width":768,"height":512,"url":"https:\/\/www.yucatanencorto.com\/noticias\/wp-content\/uploads\/2025\/04\/WhatsApp-Image-2025-04-10-at-13.20.00-1-scaled.jpeg","type":"image\/jpeg"}],"author":"Yucat\u00e1n en Corto","twitter_card":"summary_large_image","twitter_creator":"@yucatanencorto","twitter_site":"@yucatanencorto","twitter_misc":{"Escrito por":"Yucat\u00e1n en Corto","Tiempo de lectura":"4 minutos"},"schema":{"@context":"https:\/\/schema.org","@graph":[{"@type":"Article","@id":"https:\/\/www.yucatanencorto.com\/noticias\/refuerzan-seguridad-en-yucatan-por-semana-santa\/#article","isPartOf":{"@id":"https:\/\/www.yucatanencorto.com\/noticias\/refuerzan-seguridad-en-yucatan-por-semana-santa\/"},"author":{"name":"Yucat\u00e1n en Corto","@id":"https:\/\/www.yucatanencorto.com\/noticias\/#\/schema\/person\/f0ec40c33447bbc0dc2d01d3006de771"},"headline":"Refuerzan seguridad en Yucat\u00e1n por Semana Santa","datePublished":"2025-04-10T20:17:18+00:00","mainEntityOfPage":{"@id":"https:\/\/www.yucatanencorto.com\/noticias\/refuerzan-seguridad-en-yucatan-por-semana-santa\/"},"wordCount":711,"image":{"@id":"https:\/\/www.yucatanencorto.com\/noticias\/refuerzan-seguridad-en-yucatan-por-semana-santa\/#primaryimage"},"thumbnailUrl":"https:\/\/www.yucatanencorto.com\/noticias\/wp-content\/uploads\/2025\/04\/WhatsApp-Image-2025-04-10-at-13.20.00-1-scaled.jpeg","articleSection":["Yucat\u00e1n"],"inLanguage":"es"},{"@type":"WebPage","@id":"https:\/\/www.yucatanencorto.com\/noticias\/refuerzan-seguridad-en-yucatan-por-semana-santa\/","url":"https:\/\/www.yucatanencorto.com\/noticias\/refuerzan-seguridad-en-yucatan-por-semana-santa\/","name":"Refuerzan seguridad en Yucat\u00e1n por Semana Santa - Yucat\u00e1n en corto","isPartOf":{"@id":"https:\/\/www.yucatanencorto.com\/noticias\/#website"},"primaryImageOfPage":{"@id":"https:\/\/www.yucatanencorto.com\/noticias\/refuerzan-seguridad-en-yucatan-por-semana-santa\/#primaryimage"},"image":{"@id":"https:\/\/www.yucatanencorto.com\/noticias\/refuerzan-seguridad-en-yucatan-por-semana-santa\/#primaryimage"},"thumbnailUrl":"https:\/\/www.yucatanencorto.com\/noticias\/wp-content\/uploads\/2025\/04\/WhatsApp-Image-2025-04-10-at-13.20.00-1-scaled.jpeg","datePublished":"2025-04-10T20:17:18+00:00","author":{"@id":"https:\/\/www.yucatanencorto.com\/noticias\/#\/schema\/person\/f0ec40c33447bbc0dc2d01d3006de771"},"breadcrumb":{"@id":"https:\/\/www.yucatanencorto.com\/noticias\/refuerzan-seguridad-en-yucatan-por-semana-santa\/#breadcrumb"},"inLanguage":"es","potentialAction":[{"@type":"ReadAction","target":["https:\/\/www.yucatanencorto.com\/noticias\/refuerzan-seguridad-en-yucatan-por-semana-santa\/"]}]},{"@type":"ImageObject","inLanguage":"es","@id":"https:\/\/www.yucatanencorto.com\/noticias\/refuerzan-seguridad-en-yucatan-por-semana-santa\/#primaryimage","url":"https:\/\/www.yucatanencorto.com\/noticias\/wp-content\/uploads\/2025\/04\/WhatsApp-Image-2025-04-10-at-13.20.00-1-scaled.jpeg","contentUrl":"https:\/\/www.yucatanencorto.com\/noticias\/wp-content\/uploads\/2025\/04\/WhatsApp-Image-2025-04-10-at-13.20.00-1-scaled.jpeg","width":768,"height":512},{"@type":"BreadcrumbList","@id":"https:\/\/www.yucatanencorto.com\/noticias\/refuerzan-seguridad-en-yucatan-por-semana-santa\/#breadcrumb","itemListElement":[{"@type":"ListItem","position":1,"name":"Portada","item":"https:\/\/www.yucatanencorto.com\/noticias\/"},{"@type":"ListItem","position":2,"name":"Refuerzan seguridad en Yucat\u00e1n por Semana Santa"}]},{"@type":"WebSite","@id":"https:\/\/www.yucatanencorto.com\/noticias\/#website","url":"https:\/\/www.yucatanencorto.com\/noticias\/","name":"Yucat\u00e1n en corto","description":"Noticias","potentialAction":[{"@type":"SearchAction","target":{"@type":"EntryPoint","urlTemplate":"https:\/\/www.yucatanencorto.com\/noticias\/?s={search_term_string}"},"query-input":{"@type":"PropertyValueSpecification","valueRequired":true,"valueName":"search_term_string"}}],"inLanguage":"es"},{"@type":"Person","@id":"https:\/\/www.yucatanencorto.com\/noticias\/#\/schema\/person\/f0ec40c33447bbc0dc2d01d3006de771","name":"Yucat\u00e1n en Corto","image":{"@type":"ImageObject","inLanguage":"es","@id":"https:\/\/secure.gravatar.com\/avatar\/20e0a6b626f38fa8e545fb3f80ce566efd790bf8877e65c3a482460cc3e0b5d1?s=96&d=mm&r=g","url":"https:\/\/secure.gravatar.com\/avatar\/20e0a6b626f38fa8e545fb3f80ce566efd790bf8877e65c3a482460cc3e0b5d1?s=96&d=mm&r=g","contentUrl":"https:\/\/secure.gravatar.com\/avatar\/20e0a6b626f38fa8e545fb3f80ce566efd790bf8877e65c3a482460cc3e0b5d1?s=96&d=mm&r=g","caption":"Yucat\u00e1n en Corto"},"url":"https:\/\/www.yucatanencorto.com\/noticias\/author\/editor25\/"}]}},"_links":{"self":[{"href":"https:\/\/www.yucatanencorto.com\/noticias\/wp-json\/wp\/v2\/posts\/114978","targetHints":{"allow":["GET"]}}],"collection":[{"href":"https:\/\/www.yucatanencorto.com\/noticias\/wp-json\/wp\/v2\/posts"}],"about":[{"href":"https:\/\/www.yucatanencorto.com\/noticias\/wp-json\/wp\/v2\/types\/post"}],"author":[{"embeddable":true,"href":"https:\/\/www.yucatanencorto.com\/noticias\/wp-json\/wp\/v2\/users\/4"}],"replies":[{"embeddable":true,"href":"https:\/\/www.yucatanencorto.com\/noticias\/wp-json\/wp\/v2\/comments?post=114978"}],"version-history":[{"count":0,"href":"https:\/\/www.yucatanencorto.com\/noticias\/wp-json\/wp\/v2\/posts\/114978\/revisions"}],"wp:featuredmedia":[{"embeddable":true,"href":"https:\/\/www.yucatanencorto.com\/noticias\/wp-json\/wp\/v2\/media\/114979"}],"wp:attachment":[{"href":"https:\/\/www.yucatanencorto.com\/noticias\/wp-json\/wp\/v2\/media?parent=114978"}],"wp:term":[{"taxonomy":"category","embeddable":true,"href":"https:\/\/www.yucatanencorto.com\/noticias\/wp-json\/wp\/v2\/categories?post=114978"},{"taxonomy":"post_tag","embeddable":true,"href":"https:\/\/www.yucatanencorto.com\/noticias\/wp-json\/wp\/v2\/tags?post=114978"}],"curies":[{"name":"wp","href":"https:\/\/api.w.org\/{rel}","templated":true}]}}