{"id":114987,"date":"2025-04-11T16:04:48","date_gmt":"2025-04-11T22:04:48","guid":{"rendered":"https:\/\/www.yucatanencorto.com\/noticias\/?p=114987"},"modified":"2025-04-11T16:04:48","modified_gmt":"2025-04-11T22:04:48","slug":"el-patronato-cultur-consolida-alianzas-para-impulsar-inversiones-y-promover-conocimiento-de-antiguas-culturas","status":"publish","type":"post","link":"https:\/\/www.yucatanencorto.com\/noticias\/el-patronato-cultur-consolida-alianzas-para-impulsar-inversiones-y-promover-conocimiento-de-antiguas-culturas\/","title":{"rendered":"El Patronato Cultur consolida alianzas para impulsar inversiones y promover conocimiento de antiguas culturas"},"content":{"rendered":"<p>&nbsp;<\/p>\n<p><img loading=\"lazy\" decoding=\"async\" class=\"alignnone size-full wp-image-114988\" src=\"https:\/\/www.yucatanencorto.com\/noticias\/wp-content\/uploads\/2025\/04\/WhatsApp-Image-2025-04-11-at-14.53.28-scaled.jpeg\" alt=\"\" width=\"768\" height=\"512\" srcset=\"https:\/\/www.yucatanencorto.com\/noticias\/wp-content\/uploads\/2025\/04\/WhatsApp-Image-2025-04-11-at-14.53.28-scaled.jpeg 768w, https:\/\/www.yucatanencorto.com\/noticias\/wp-content\/uploads\/2025\/04\/WhatsApp-Image-2025-04-11-at-14.53.28-1536x1023.jpeg 1536w, https:\/\/www.yucatanencorto.com\/noticias\/wp-content\/uploads\/2025\/04\/WhatsApp-Image-2025-04-11-at-14.53.28-150x100.jpeg 150w, https:\/\/www.yucatanencorto.com\/noticias\/wp-content\/uploads\/2025\/04\/WhatsApp-Image-2025-04-11-at-14.53.28-300x200.jpeg 300w, https:\/\/www.yucatanencorto.com\/noticias\/wp-content\/uploads\/2025\/04\/WhatsApp-Image-2025-04-11-at-14.53.28-696x464.jpeg 696w, https:\/\/www.yucatanencorto.com\/noticias\/wp-content\/uploads\/2025\/04\/WhatsApp-Image-2025-04-11-at-14.53.28-1068x712.jpeg 1068w\" sizes=\"auto, (max-width: 768px) 100vw, 768px\" \/><\/p>\n<p>Tinum, Yucat\u00e1n, a 11 de abril de 2025<\/p>\n<p>Fortalecer la econom\u00eda de las poblaciones aleda\u00f1as a importantes ciudades prehisp\u00e1nicas como Chich\u00e9n Itz\u00e1 a trav\u00e9s de estrategias a favor del turismo, es una de las l\u00edneas de acci\u00f3n del Gobierno del Renacimiento Maya encabezado por Joaqu\u00edn D\u00edaz Mena y, en ese sentido, el Patronato de las Unidades de Servicios Culturales y Tur\u00edsticos del Estado de Yucat\u00e1n (Cultur) abandera estrategias para incrementar la afluencia de visitantes en \u00e1reas donde la cultura y el ecoturismo hacen sinergia.<\/p>\n<p>Durante un recorrido por el Gran Museo de Chich\u00e9n Itz\u00e1 y el Santuario de Vida Tsuk\u00e1n, ubicado a 10 minutos de la comisar\u00eda de Pist\u00e9, se puntualiz\u00f3 que se trabaja en pol\u00edticas p\u00fablicas que permitan enrutar a Valladolid, Uxmal y M\u00e9rida con proyectos de valor de la iniciativa privada que le apuesten a la preservaci\u00f3n de nuestra cultura, el fomento de actividades recreativas y ecotur\u00edsticas.<\/p>\n<p>As\u00ed, el Gran Museo de Chich\u00e9n Itz\u00e1 con m\u00e1s de 500 piezas, algunas de las cuales corresponden al a\u00f1o 1400 posterior al abandono de la ciudad de los Itz\u00e1es, se coloca como un punto imperdible en el circuito de turismo cultural. Este recinto est\u00e1 renovando sus instalaciones y su acervo, con el acondicionamiento de salas inmersivas para ofrecer una experiencia l\u00fadica y reafirmar su vocaci\u00f3n como centro generador de conocimiento y educaci\u00f3n.<\/p>\n<p>El Gran Museo de Chich\u00e9n Itz\u00e1 es de entrada completamente gratuita y alberga monumentales cabezas de serpiente, joyer\u00eda de jade, metales y madera, representaciones de Venus Guerrero y maquetas que nos permiten visualizar a Chich\u00e9n Itz\u00e1 en su \u00e9poca de esplendor. Puede visitarse todos los d\u00edas de 8:00 a 16:00 horas y en el parador Cultur, donde se ubican las taquillas de ingreso a la zona arqueol\u00f3gica, puede pedirse informaci\u00f3n sobre c\u00f3mo llegar al lugar.<\/p>\n<p>A escasos minutos de este museo se encuentra Santuario de Vida Tsuk\u00e1n, punto que, con los mecanismos de promoci\u00f3n de instancias p\u00fablicas y privadas, se coloca en el mapa de las opciones tur\u00edsticas que abonan al desarrollo integral de la regi\u00f3n oriente, con la llegada de turismo local, nacional y extranjero.<\/p>\n<p>Es importante destacar que el turismo internacional tiene a Chich\u00e9n Itz\u00e1 como una joya mundial; es la zona m\u00e1s visitada en todo M\u00e9xico y particularmente estos pr\u00f3ximos 15 d\u00edas, hay un gran turismo nacional.<\/p>\n","protected":false},"excerpt":{"rendered":"<p>&nbsp; Tinum, Yucat\u00e1n, a 11 de abril de 2025 Fortalecer la econom\u00eda de las poblaciones aleda\u00f1as a importantes ciudades prehisp\u00e1nicas como Chich\u00e9n Itz\u00e1 a trav\u00e9s de estrategias a favor del turismo, es una de las l\u00edneas de acci\u00f3n del Gobierno del Renacimiento Maya encabezado por Joaqu\u00edn D\u00edaz Mena y, en ese sentido, el Patronato de [&hellip;]<\/p>\n","protected":false},"author":4,"featured_media":114988,"comment_status":"closed","ping_status":"closed","sticky":false,"template":"","format":"standard","meta":{"footnotes":""},"categories":[3],"tags":[],"class_list":{"0":"post-114987","1":"post","2":"type-post","3":"status-publish","4":"format-standard","5":"has-post-thumbnail","7":"category-yucatan"},"yoast_head":"<!-- This site is optimized with the Yoast SEO plugin v27.5 - https:\/\/yoast.com\/product\/yoast-seo-wordpress\/ -->\n<title>El Patronato Cultur consolida alianzas para impulsar inversiones y promover conocimiento de antiguas culturas - Yucat\u00e1n en corto<\/title>\n<meta name=\"robots\" content=\"index, follow, max-snippet:-1, max-image-preview:large, max-video-preview:-1\" \/>\n<link rel=\"canonical\" href=\"https:\/\/www.yucatanencorto.com\/noticias\/el-patronato-cultur-consolida-alianzas-para-impulsar-inversiones-y-promover-conocimiento-de-antiguas-culturas\/\" \/>\n<meta property=\"og:locale\" content=\"es_ES\" \/>\n<meta property=\"og:type\" content=\"article\" \/>\n<meta property=\"og:title\" content=\"El Patronato Cultur consolida alianzas para impulsar inversiones y promover conocimiento de antiguas culturas - Yucat\u00e1n en corto\" \/>\n<meta property=\"og:description\" content=\"&nbsp; Tinum, Yucat\u00e1n, a 11 de abril de 2025 Fortalecer la econom\u00eda de las poblaciones aleda\u00f1as a importantes ciudades prehisp\u00e1nicas como Chich\u00e9n Itz\u00e1 a trav\u00e9s de estrategias a favor del turismo, es una de las l\u00edneas de acci\u00f3n del Gobierno del Renacimiento Maya encabezado por Joaqu\u00edn D\u00edaz Mena y, en ese sentido, el Patronato de [&hellip;]\" \/>\n<meta property=\"og:url\" content=\"https:\/\/www.yucatanencorto.com\/noticias\/el-patronato-cultur-consolida-alianzas-para-impulsar-inversiones-y-promover-conocimiento-de-antiguas-culturas\/\" \/>\n<meta property=\"og:site_name\" content=\"Yucat\u00e1n en corto\" \/>\n<meta property=\"article:publisher\" content=\"http:\/\/www.facebook.com\/yucatanencorto\" \/>\n<meta property=\"article:published_time\" content=\"2025-04-11T22:04:48+00:00\" \/>\n<meta property=\"og:image\" content=\"https:\/\/www.yucatanencorto.com\/noticias\/wp-content\/uploads\/2025\/04\/WhatsApp-Image-2025-04-11-at-14.53.28-scaled.jpeg\" \/>\n\t<meta property=\"og:image:width\" content=\"768\" \/>\n\t<meta property=\"og:image:height\" content=\"512\" \/>\n\t<meta property=\"og:image:type\" content=\"image\/jpeg\" \/>\n<meta name=\"author\" content=\"Yucat\u00e1n en Corto\" \/>\n<meta name=\"twitter:card\" content=\"summary_large_image\" \/>\n<meta name=\"twitter:creator\" content=\"@yucatanencorto\" \/>\n<meta name=\"twitter:site\" content=\"@yucatanencorto\" \/>\n<meta name=\"twitter:label1\" content=\"Escrito por\" \/>\n\t<meta name=\"twitter:data1\" content=\"Yucat\u00e1n en Corto\" \/>\n\t<meta name=\"twitter:label2\" content=\"Tiempo de lectura\" \/>\n\t<meta name=\"twitter:data2\" content=\"2 minutos\" \/>\n<script type=\"application\/ld+json\" class=\"yoast-schema-graph\">{\"@context\":\"https:\\\/\\\/schema.org\",\"@graph\":[{\"@type\":\"Article\",\"@id\":\"https:\\\/\\\/www.yucatanencorto.com\\\/noticias\\\/el-patronato-cultur-consolida-alianzas-para-impulsar-inversiones-y-promover-conocimiento-de-antiguas-culturas\\\/#article\",\"isPartOf\":{\"@id\":\"https:\\\/\\\/www.yucatanencorto.com\\\/noticias\\\/el-patronato-cultur-consolida-alianzas-para-impulsar-inversiones-y-promover-conocimiento-de-antiguas-culturas\\\/\"},\"author\":{\"name\":\"Yucat\u00e1n en Corto\",\"@id\":\"https:\\\/\\\/www.yucatanencorto.com\\\/noticias\\\/#\\\/schema\\\/person\\\/f0ec40c33447bbc0dc2d01d3006de771\"},\"headline\":\"El Patronato Cultur consolida alianzas para impulsar inversiones y promover conocimiento de antiguas culturas\",\"datePublished\":\"2025-04-11T22:04:48+00:00\",\"mainEntityOfPage\":{\"@id\":\"https:\\\/\\\/www.yucatanencorto.com\\\/noticias\\\/el-patronato-cultur-consolida-alianzas-para-impulsar-inversiones-y-promover-conocimiento-de-antiguas-culturas\\\/\"},\"wordCount\":432,\"image\":{\"@id\":\"https:\\\/\\\/www.yucatanencorto.com\\\/noticias\\\/el-patronato-cultur-consolida-alianzas-para-impulsar-inversiones-y-promover-conocimiento-de-antiguas-culturas\\\/#primaryimage\"},\"thumbnailUrl\":\"https:\\\/\\\/www.yucatanencorto.com\\\/noticias\\\/wp-content\\\/uploads\\\/2025\\\/04\\\/WhatsApp-Image-2025-04-11-at-14.53.28-scaled.jpeg\",\"articleSection\":[\"Yucat\u00e1n\"],\"inLanguage\":\"es\"},{\"@type\":\"WebPage\",\"@id\":\"https:\\\/\\\/www.yucatanencorto.com\\\/noticias\\\/el-patronato-cultur-consolida-alianzas-para-impulsar-inversiones-y-promover-conocimiento-de-antiguas-culturas\\\/\",\"url\":\"https:\\\/\\\/www.yucatanencorto.com\\\/noticias\\\/el-patronato-cultur-consolida-alianzas-para-impulsar-inversiones-y-promover-conocimiento-de-antiguas-culturas\\\/\",\"name\":\"El Patronato Cultur consolida alianzas para impulsar inversiones y promover conocimiento de antiguas culturas - Yucat\u00e1n en corto\",\"isPartOf\":{\"@id\":\"https:\\\/\\\/www.yucatanencorto.com\\\/noticias\\\/#website\"},\"primaryImageOfPage\":{\"@id\":\"https:\\\/\\\/www.yucatanencorto.com\\\/noticias\\\/el-patronato-cultur-consolida-alianzas-para-impulsar-inversiones-y-promover-conocimiento-de-antiguas-culturas\\\/#primaryimage\"},\"image\":{\"@id\":\"https:\\\/\\\/www.yucatanencorto.com\\\/noticias\\\/el-patronato-cultur-consolida-alianzas-para-impulsar-inversiones-y-promover-conocimiento-de-antiguas-culturas\\\/#primaryimage\"},\"thumbnailUrl\":\"https:\\\/\\\/www.yucatanencorto.com\\\/noticias\\\/wp-content\\\/uploads\\\/2025\\\/04\\\/WhatsApp-Image-2025-04-11-at-14.53.28-scaled.jpeg\",\"datePublished\":\"2025-04-11T22:04:48+00:00\",\"author\":{\"@id\":\"https:\\\/\\\/www.yucatanencorto.com\\\/noticias\\\/#\\\/schema\\\/person\\\/f0ec40c33447bbc0dc2d01d3006de771\"},\"breadcrumb\":{\"@id\":\"https:\\\/\\\/www.yucatanencorto.com\\\/noticias\\\/el-patronato-cultur-consolida-alianzas-para-impulsar-inversiones-y-promover-conocimiento-de-antiguas-culturas\\\/#breadcrumb\"},\"inLanguage\":\"es\",\"potentialAction\":[{\"@type\":\"ReadAction\",\"target\":[\"https:\\\/\\\/www.yucatanencorto.com\\\/noticias\\\/el-patronato-cultur-consolida-alianzas-para-impulsar-inversiones-y-promover-conocimiento-de-antiguas-culturas\\\/\"]}]},{\"@type\":\"ImageObject\",\"inLanguage\":\"es\",\"@id\":\"https:\\\/\\\/www.yucatanencorto.com\\\/noticias\\\/el-patronato-cultur-consolida-alianzas-para-impulsar-inversiones-y-promover-conocimiento-de-antiguas-culturas\\\/#primaryimage\",\"url\":\"https:\\\/\\\/www.yucatanencorto.com\\\/noticias\\\/wp-content\\\/uploads\\\/2025\\\/04\\\/WhatsApp-Image-2025-04-11-at-14.53.28-scaled.jpeg\",\"contentUrl\":\"https:\\\/\\\/www.yucatanencorto.com\\\/noticias\\\/wp-content\\\/uploads\\\/2025\\\/04\\\/WhatsApp-Image-2025-04-11-at-14.53.28-scaled.jpeg\",\"width\":768,\"height\":512},{\"@type\":\"BreadcrumbList\",\"@id\":\"https:\\\/\\\/www.yucatanencorto.com\\\/noticias\\\/el-patronato-cultur-consolida-alianzas-para-impulsar-inversiones-y-promover-conocimiento-de-antiguas-culturas\\\/#breadcrumb\",\"itemListElement\":[{\"@type\":\"ListItem\",\"position\":1,\"name\":\"Portada\",\"item\":\"https:\\\/\\\/www.yucatanencorto.com\\\/noticias\\\/\"},{\"@type\":\"ListItem\",\"position\":2,\"name\":\"El Patronato Cultur consolida alianzas para impulsar inversiones y promover conocimiento de antiguas culturas\"}]},{\"@type\":\"WebSite\",\"@id\":\"https:\\\/\\\/www.yucatanencorto.com\\\/noticias\\\/#website\",\"url\":\"https:\\\/\\\/www.yucatanencorto.com\\\/noticias\\\/\",\"name\":\"Yucat\u00e1n en corto\",\"description\":\"Noticias\",\"potentialAction\":[{\"@type\":\"SearchAction\",\"target\":{\"@type\":\"EntryPoint\",\"urlTemplate\":\"https:\\\/\\\/www.yucatanencorto.com\\\/noticias\\\/?s={search_term_string}\"},\"query-input\":{\"@type\":\"PropertyValueSpecification\",\"valueRequired\":true,\"valueName\":\"search_term_string\"}}],\"inLanguage\":\"es\"},{\"@type\":\"Person\",\"@id\":\"https:\\\/\\\/www.yucatanencorto.com\\\/noticias\\\/#\\\/schema\\\/person\\\/f0ec40c33447bbc0dc2d01d3006de771\",\"name\":\"Yucat\u00e1n en Corto\",\"image\":{\"@type\":\"ImageObject\",\"inLanguage\":\"es\",\"@id\":\"https:\\\/\\\/secure.gravatar.com\\\/avatar\\\/20e0a6b626f38fa8e545fb3f80ce566efd790bf8877e65c3a482460cc3e0b5d1?s=96&d=mm&r=g\",\"url\":\"https:\\\/\\\/secure.gravatar.com\\\/avatar\\\/20e0a6b626f38fa8e545fb3f80ce566efd790bf8877e65c3a482460cc3e0b5d1?s=96&d=mm&r=g\",\"contentUrl\":\"https:\\\/\\\/secure.gravatar.com\\\/avatar\\\/20e0a6b626f38fa8e545fb3f80ce566efd790bf8877e65c3a482460cc3e0b5d1?s=96&d=mm&r=g\",\"caption\":\"Yucat\u00e1n en Corto\"},\"url\":\"https:\\\/\\\/www.yucatanencorto.com\\\/noticias\\\/author\\\/editor25\\\/\"}]}<\/script>\n<!-- \/ Yoast SEO plugin. -->","yoast_head_json":{"title":"El Patronato Cultur consolida alianzas para impulsar inversiones y promover conocimiento de antiguas culturas - Yucat\u00e1n en corto","robots":{"index":"index","follow":"follow","max-snippet":"max-snippet:-1","max-image-preview":"max-image-preview:large","max-video-preview":"max-video-preview:-1"},"canonical":"https:\/\/www.yucatanencorto.com\/noticias\/el-patronato-cultur-consolida-alianzas-para-impulsar-inversiones-y-promover-conocimiento-de-antiguas-culturas\/","og_locale":"es_ES","og_type":"article","og_title":"El Patronato Cultur consolida alianzas para impulsar inversiones y promover conocimiento de antiguas culturas - Yucat\u00e1n en corto","og_description":"&nbsp; Tinum, Yucat\u00e1n, a 11 de abril de 2025 Fortalecer la econom\u00eda de las poblaciones aleda\u00f1as a importantes ciudades prehisp\u00e1nicas como Chich\u00e9n Itz\u00e1 a trav\u00e9s de estrategias a favor del turismo, es una de las l\u00edneas de acci\u00f3n del Gobierno del Renacimiento Maya encabezado por Joaqu\u00edn D\u00edaz Mena y, en ese sentido, el Patronato de [&hellip;]","og_url":"https:\/\/www.yucatanencorto.com\/noticias\/el-patronato-cultur-consolida-alianzas-para-impulsar-inversiones-y-promover-conocimiento-de-antiguas-culturas\/","og_site_name":"Yucat\u00e1n en corto","article_publisher":"http:\/\/www.facebook.com\/yucatanencorto","article_published_time":"2025-04-11T22:04:48+00:00","og_image":[{"width":768,"height":512,"url":"https:\/\/www.yucatanencorto.com\/noticias\/wp-content\/uploads\/2025\/04\/WhatsApp-Image-2025-04-11-at-14.53.28-scaled.jpeg","type":"image\/jpeg"}],"author":"Yucat\u00e1n en Corto","twitter_card":"summary_large_image","twitter_creator":"@yucatanencorto","twitter_site":"@yucatanencorto","twitter_misc":{"Escrito por":"Yucat\u00e1n en Corto","Tiempo de lectura":"2 minutos"},"schema":{"@context":"https:\/\/schema.org","@graph":[{"@type":"Article","@id":"https:\/\/www.yucatanencorto.com\/noticias\/el-patronato-cultur-consolida-alianzas-para-impulsar-inversiones-y-promover-conocimiento-de-antiguas-culturas\/#article","isPartOf":{"@id":"https:\/\/www.yucatanencorto.com\/noticias\/el-patronato-cultur-consolida-alianzas-para-impulsar-inversiones-y-promover-conocimiento-de-antiguas-culturas\/"},"author":{"name":"Yucat\u00e1n en Corto","@id":"https:\/\/www.yucatanencorto.com\/noticias\/#\/schema\/person\/f0ec40c33447bbc0dc2d01d3006de771"},"headline":"El Patronato Cultur consolida alianzas para impulsar inversiones y promover conocimiento de antiguas culturas","datePublished":"2025-04-11T22:04:48+00:00","mainEntityOfPage":{"@id":"https:\/\/www.yucatanencorto.com\/noticias\/el-patronato-cultur-consolida-alianzas-para-impulsar-inversiones-y-promover-conocimiento-de-antiguas-culturas\/"},"wordCount":432,"image":{"@id":"https:\/\/www.yucatanencorto.com\/noticias\/el-patronato-cultur-consolida-alianzas-para-impulsar-inversiones-y-promover-conocimiento-de-antiguas-culturas\/#primaryimage"},"thumbnailUrl":"https:\/\/www.yucatanencorto.com\/noticias\/wp-content\/uploads\/2025\/04\/WhatsApp-Image-2025-04-11-at-14.53.28-scaled.jpeg","articleSection":["Yucat\u00e1n"],"inLanguage":"es"},{"@type":"WebPage","@id":"https:\/\/www.yucatanencorto.com\/noticias\/el-patronato-cultur-consolida-alianzas-para-impulsar-inversiones-y-promover-conocimiento-de-antiguas-culturas\/","url":"https:\/\/www.yucatanencorto.com\/noticias\/el-patronato-cultur-consolida-alianzas-para-impulsar-inversiones-y-promover-conocimiento-de-antiguas-culturas\/","name":"El Patronato Cultur consolida alianzas para impulsar inversiones y promover conocimiento de antiguas culturas - Yucat\u00e1n en corto","isPartOf":{"@id":"https:\/\/www.yucatanencorto.com\/noticias\/#website"},"primaryImageOfPage":{"@id":"https:\/\/www.yucatanencorto.com\/noticias\/el-patronato-cultur-consolida-alianzas-para-impulsar-inversiones-y-promover-conocimiento-de-antiguas-culturas\/#primaryimage"},"image":{"@id":"https:\/\/www.yucatanencorto.com\/noticias\/el-patronato-cultur-consolida-alianzas-para-impulsar-inversiones-y-promover-conocimiento-de-antiguas-culturas\/#primaryimage"},"thumbnailUrl":"https:\/\/www.yucatanencorto.com\/noticias\/wp-content\/uploads\/2025\/04\/WhatsApp-Image-2025-04-11-at-14.53.28-scaled.jpeg","datePublished":"2025-04-11T22:04:48+00:00","author":{"@id":"https:\/\/www.yucatanencorto.com\/noticias\/#\/schema\/person\/f0ec40c33447bbc0dc2d01d3006de771"},"breadcrumb":{"@id":"https:\/\/www.yucatanencorto.com\/noticias\/el-patronato-cultur-consolida-alianzas-para-impulsar-inversiones-y-promover-conocimiento-de-antiguas-culturas\/#breadcrumb"},"inLanguage":"es","potentialAction":[{"@type":"ReadAction","target":["https:\/\/www.yucatanencorto.com\/noticias\/el-patronato-cultur-consolida-alianzas-para-impulsar-inversiones-y-promover-conocimiento-de-antiguas-culturas\/"]}]},{"@type":"ImageObject","inLanguage":"es","@id":"https:\/\/www.yucatanencorto.com\/noticias\/el-patronato-cultur-consolida-alianzas-para-impulsar-inversiones-y-promover-conocimiento-de-antiguas-culturas\/#primaryimage","url":"https:\/\/www.yucatanencorto.com\/noticias\/wp-content\/uploads\/2025\/04\/WhatsApp-Image-2025-04-11-at-14.53.28-scaled.jpeg","contentUrl":"https:\/\/www.yucatanencorto.com\/noticias\/wp-content\/uploads\/2025\/04\/WhatsApp-Image-2025-04-11-at-14.53.28-scaled.jpeg","width":768,"height":512},{"@type":"BreadcrumbList","@id":"https:\/\/www.yucatanencorto.com\/noticias\/el-patronato-cultur-consolida-alianzas-para-impulsar-inversiones-y-promover-conocimiento-de-antiguas-culturas\/#breadcrumb","itemListElement":[{"@type":"ListItem","position":1,"name":"Portada","item":"https:\/\/www.yucatanencorto.com\/noticias\/"},{"@type":"ListItem","position":2,"name":"El Patronato Cultur consolida alianzas para impulsar inversiones y promover conocimiento de antiguas culturas"}]},{"@type":"WebSite","@id":"https:\/\/www.yucatanencorto.com\/noticias\/#website","url":"https:\/\/www.yucatanencorto.com\/noticias\/","name":"Yucat\u00e1n en corto","description":"Noticias","potentialAction":[{"@type":"SearchAction","target":{"@type":"EntryPoint","urlTemplate":"https:\/\/www.yucatanencorto.com\/noticias\/?s={search_term_string}"},"query-input":{"@type":"PropertyValueSpecification","valueRequired":true,"valueName":"search_term_string"}}],"inLanguage":"es"},{"@type":"Person","@id":"https:\/\/www.yucatanencorto.com\/noticias\/#\/schema\/person\/f0ec40c33447bbc0dc2d01d3006de771","name":"Yucat\u00e1n en Corto","image":{"@type":"ImageObject","inLanguage":"es","@id":"https:\/\/secure.gravatar.com\/avatar\/20e0a6b626f38fa8e545fb3f80ce566efd790bf8877e65c3a482460cc3e0b5d1?s=96&d=mm&r=g","url":"https:\/\/secure.gravatar.com\/avatar\/20e0a6b626f38fa8e545fb3f80ce566efd790bf8877e65c3a482460cc3e0b5d1?s=96&d=mm&r=g","contentUrl":"https:\/\/secure.gravatar.com\/avatar\/20e0a6b626f38fa8e545fb3f80ce566efd790bf8877e65c3a482460cc3e0b5d1?s=96&d=mm&r=g","caption":"Yucat\u00e1n en Corto"},"url":"https:\/\/www.yucatanencorto.com\/noticias\/author\/editor25\/"}]}},"_links":{"self":[{"href":"https:\/\/www.yucatanencorto.com\/noticias\/wp-json\/wp\/v2\/posts\/114987","targetHints":{"allow":["GET"]}}],"collection":[{"href":"https:\/\/www.yucatanencorto.com\/noticias\/wp-json\/wp\/v2\/posts"}],"about":[{"href":"https:\/\/www.yucatanencorto.com\/noticias\/wp-json\/wp\/v2\/types\/post"}],"author":[{"embeddable":true,"href":"https:\/\/www.yucatanencorto.com\/noticias\/wp-json\/wp\/v2\/users\/4"}],"replies":[{"embeddable":true,"href":"https:\/\/www.yucatanencorto.com\/noticias\/wp-json\/wp\/v2\/comments?post=114987"}],"version-history":[{"count":0,"href":"https:\/\/www.yucatanencorto.com\/noticias\/wp-json\/wp\/v2\/posts\/114987\/revisions"}],"wp:featuredmedia":[{"embeddable":true,"href":"https:\/\/www.yucatanencorto.com\/noticias\/wp-json\/wp\/v2\/media\/114988"}],"wp:attachment":[{"href":"https:\/\/www.yucatanencorto.com\/noticias\/wp-json\/wp\/v2\/media?parent=114987"}],"wp:term":[{"taxonomy":"category","embeddable":true,"href":"https:\/\/www.yucatanencorto.com\/noticias\/wp-json\/wp\/v2\/categories?post=114987"},{"taxonomy":"post_tag","embeddable":true,"href":"https:\/\/www.yucatanencorto.com\/noticias\/wp-json\/wp\/v2\/tags?post=114987"}],"curies":[{"name":"wp","href":"https:\/\/api.w.org\/{rel}","templated":true}]}}