{"id":114990,"date":"2025-04-14T15:20:45","date_gmt":"2025-04-14T21:20:45","guid":{"rendered":"https:\/\/www.yucatanencorto.com\/noticias\/?p=114990"},"modified":"2025-04-14T15:20:45","modified_gmt":"2025-04-14T21:20:45","slug":"instalan-el-consejo-estatal-de-salud","status":"publish","type":"post","link":"https:\/\/www.yucatanencorto.com\/noticias\/instalan-el-consejo-estatal-de-salud\/","title":{"rendered":"Instalan el Consejo Estatal de Salud"},"content":{"rendered":"<p>&nbsp;<\/p>\n<p><img loading=\"lazy\" decoding=\"async\" class=\"alignnone size-full wp-image-114991\" src=\"https:\/\/www.yucatanencorto.com\/noticias\/wp-content\/uploads\/2025\/04\/WhatsApp-Image-2025-04-14-at-13.09.19-scaled.jpeg\" alt=\"\" width=\"768\" height=\"512\" srcset=\"https:\/\/www.yucatanencorto.com\/noticias\/wp-content\/uploads\/2025\/04\/WhatsApp-Image-2025-04-14-at-13.09.19-scaled.jpeg 768w, https:\/\/www.yucatanencorto.com\/noticias\/wp-content\/uploads\/2025\/04\/WhatsApp-Image-2025-04-14-at-13.09.19-1536x1024.jpeg 1536w, https:\/\/www.yucatanencorto.com\/noticias\/wp-content\/uploads\/2025\/04\/WhatsApp-Image-2025-04-14-at-13.09.19-2048x1366.jpeg 2048w, https:\/\/www.yucatanencorto.com\/noticias\/wp-content\/uploads\/2025\/04\/WhatsApp-Image-2025-04-14-at-13.09.19-150x100.jpeg 150w, https:\/\/www.yucatanencorto.com\/noticias\/wp-content\/uploads\/2025\/04\/WhatsApp-Image-2025-04-14-at-13.09.19-300x200.jpeg 300w, https:\/\/www.yucatanencorto.com\/noticias\/wp-content\/uploads\/2025\/04\/WhatsApp-Image-2025-04-14-at-13.09.19-696x464.jpeg 696w, https:\/\/www.yucatanencorto.com\/noticias\/wp-content\/uploads\/2025\/04\/WhatsApp-Image-2025-04-14-at-13.09.19-1068x712.jpeg 1068w, https:\/\/www.yucatanencorto.com\/noticias\/wp-content\/uploads\/2025\/04\/WhatsApp-Image-2025-04-14-at-13.09.19-1920x1280.jpeg 1920w\" sizes=\"auto, (max-width: 768px) 100vw, 768px\" \/><\/p>\n<p>M\u00e9rida, Yucat\u00e1n, a 14 de abril de 2025<\/p>\n<p>Con el compromiso de construir un sistema de salud justo, humano y digno para todas y todos, el gobernador Joaqu\u00edn D\u00edaz Mena instal\u00f3 el Consejo Estatal de Salud, \u00f3rgano clave para la toma de decisiones en materia de salud p\u00fablica, prevenci\u00f3n de enfermedades, atenci\u00f3n m\u00e9dica y bienestar comunitario.<\/p>\n<p>En el Sal\u00f3n de la Historia de Palacio de Gobierno, el mandatario estatal encabez\u00f3 el acto de instalaci\u00f3n de este Consejo, que no es solo un \u00f3rgano consultivo ni una instancia burocr\u00e1tica m\u00e1s, sino un espacio de convergencia, un punto de encuentro entre instituciones, organizaciones sociales, comunidad cient\u00edfica, sectores privados y ciudadanos, para dise\u00f1ar, implementar y supervisar una pol\u00edtica de salud que responda a la realidad del estado.<\/p>\n<p>Este Consejo, que no fue conformado en la administraci\u00f3n pasada, por lo que llevaba seis a\u00f1os sin ser instalado, representa un paso m\u00e1s hacia la justicia social y el fortalecimiento del sistema de salud que merece el pueblo yucateco. Su instalaci\u00f3n responde al llamado nacional de consolidar un Sistema Nacional de Salud P\u00fablica con enfoque interinstitucional e intersectorial, donde la salud sea el pilar del bienestar colectivo.<\/p>\n<p>\u201cEste Consejo no es solamente un \u00f3rgano consultivo ni una instancia burocr\u00e1tica m\u00e1s. Es un espacio de convergencia, un punto de encuentro entre instituciones, organizaciones sociales, comunidad cient\u00edfica, sectores privados y ciudadanos para dise\u00f1ar juntos, implementar y supervisar una pol\u00edtica de salud que responda a la realidad que vive nuestro estado\u201d, destac\u00f3.<\/p>\n<p>Con esto reafirmamos una convicci\u00f3n profunda: el bienestar de nuestro pueblo comienza en el acceso universal a la salud, porque no hay desarrollo posible donde la enfermedad se normaliza; no hay progreso sostenible si permitimos que el dolor, la muerte evitable o el abandono marquen la vida de nuestras familias. El nuevo rostro de Yucat\u00e1n que estamos construyendo tiene que ser tambi\u00e9n el de un Yucat\u00e1n saludable, asever\u00f3 D\u00edaz Mena.<\/p>\n<p>Ante la presidenta honoraria del Sistema para el Desarrollo Integral de la Familia (DIF) Yucat\u00e1n, la maestra Wendy M\u00e9ndez Naal, el titular del Ejecutivo estatal agradeci\u00f3 a la presidenta Claudia Sheinbaum por su permanente apoyo a Yucat\u00e1n y al trabajo que se est\u00e1 emprendiendo en este nuevo gobierno, pues nos inspira y fortalece con su visi\u00f3n de una salud p\u00fablica al servicio del pueblo y su convicci\u00f3n de que ning\u00fan rinc\u00f3n del pa\u00eds debe quedar fuera de la transformaci\u00f3n.<\/p>\n<p>En ese sentido, el gobernador indic\u00f3 que Yucat\u00e1n se suma a los esfuerzos federales del Sistema Nacional de Salud P\u00fablica, el cual representa una oportunidad hist\u00f3rica para construir un modelo de salud m\u00e1s equitativo, m\u00e1s humano, m\u00e1s eficaz.<\/p>\n<p>\u00abVamos a recuperar la confianza de la gente en su sistema de salud. Vamos a reconstruir el tejido humano que hace posible la medicina con vocaci\u00f3n, generosidad y visi\u00f3n. No estamos aqu\u00ed para administrar inercias. Estamos para transformar y para hacer historia\u00bb, finaliz\u00f3 D\u00edaz Mena.<\/p>\n<p>Por su parte, la titular de la Secretar\u00eda de Salud de Yucat\u00e1n (SSY), Judith Ortega Canto, reiter\u00f3 que la dependencia que encabeza ser\u00e1 rectora de los servicios de atenci\u00f3n m\u00e9dica y de la estrategia de atenci\u00f3n primaria de la salud, a trav\u00e9s de estrategias interinstitucionales, intersectoriales, interdisciplinarias e interculturales que redunden en el bienestar colectivo y la responsabilidad compartida.<\/p>\n<p>El Consejo trabajar\u00e1 con enfoque de equidad para asegurar que las ni\u00f1as y ni\u00f1os crezcan sanos y felices, que las mujeres tengan una salud reproductiva sin riesgos, que las personas con discapacidad reciban apoyos integrales, y que los adultos mayores y trabajadores reciban atenci\u00f3n oportuna y de calidad.<\/p>\n<p>En el seno del Consejo, se nombr\u00f3 secretario de vinculaci\u00f3n estrat\u00e9gica del Consejo Estatal de Salud al director de Planeaci\u00f3n y Desarrollo de la SSY, Alberto Alcocer Gamboa.<\/p>\n<p>En el evento estuvieron el general de brigada Crist\u00f3bal Lozano Mosqueda, comandante de la X Regi\u00f3n Militar; Amonario Olivera Mar, director del Hospital Regional de Alta Especialidad de la Pen\u00ednsula de Yucat\u00e1n y representante del IMSS-Bienestar; Ana Patricia Mu\u00f1oz Miranda, representante del Sistema Nacional de Salud P\u00fablica; Martha Montemayor Curiel, subdelegada m\u00e9dica en Yucat\u00e1n del Instituto de Seguridad y Servicios Sociales de los Trabajadores del Estado de Yucat\u00e1n; y Alonso Sansores R\u00edo, titular del \u00d3rgano de Operaci\u00f3n Administrativa Desconcentrada del IMSS en Yucat\u00e1n.<\/p>\n","protected":false},"excerpt":{"rendered":"<p>&nbsp; M\u00e9rida, Yucat\u00e1n, a 14 de abril de 2025 Con el compromiso de construir un sistema de salud justo, humano y digno para todas y todos, el gobernador Joaqu\u00edn D\u00edaz Mena instal\u00f3 el Consejo Estatal de Salud, \u00f3rgano clave para la toma de decisiones en materia de salud p\u00fablica, prevenci\u00f3n de enfermedades, atenci\u00f3n m\u00e9dica y [&hellip;]<\/p>\n","protected":false},"author":4,"featured_media":114991,"comment_status":"closed","ping_status":"closed","sticky":false,"template":"","format":"standard","meta":{"footnotes":""},"categories":[3],"tags":[],"class_list":{"0":"post-114990","1":"post","2":"type-post","3":"status-publish","4":"format-standard","5":"has-post-thumbnail","7":"category-yucatan"},"yoast_head":"<!-- This site is optimized with the Yoast SEO plugin v27.5 - https:\/\/yoast.com\/product\/yoast-seo-wordpress\/ -->\n<title>Instalan el Consejo Estatal de Salud - Yucat\u00e1n en corto<\/title>\n<meta name=\"robots\" content=\"index, follow, max-snippet:-1, max-image-preview:large, max-video-preview:-1\" \/>\n<link rel=\"canonical\" href=\"https:\/\/www.yucatanencorto.com\/noticias\/instalan-el-consejo-estatal-de-salud\/\" \/>\n<meta property=\"og:locale\" content=\"es_ES\" \/>\n<meta property=\"og:type\" content=\"article\" \/>\n<meta property=\"og:title\" content=\"Instalan el Consejo Estatal de Salud - Yucat\u00e1n en corto\" \/>\n<meta property=\"og:description\" content=\"&nbsp; M\u00e9rida, Yucat\u00e1n, a 14 de abril de 2025 Con el compromiso de construir un sistema de salud justo, humano y digno para todas y todos, el gobernador Joaqu\u00edn D\u00edaz Mena instal\u00f3 el Consejo Estatal de Salud, \u00f3rgano clave para la toma de decisiones en materia de salud p\u00fablica, prevenci\u00f3n de enfermedades, atenci\u00f3n m\u00e9dica y [&hellip;]\" \/>\n<meta property=\"og:url\" content=\"https:\/\/www.yucatanencorto.com\/noticias\/instalan-el-consejo-estatal-de-salud\/\" \/>\n<meta property=\"og:site_name\" content=\"Yucat\u00e1n en corto\" \/>\n<meta property=\"article:publisher\" content=\"http:\/\/www.facebook.com\/yucatanencorto\" \/>\n<meta property=\"article:published_time\" content=\"2025-04-14T21:20:45+00:00\" \/>\n<meta property=\"og:image\" content=\"https:\/\/www.yucatanencorto.com\/noticias\/wp-content\/uploads\/2025\/04\/WhatsApp-Image-2025-04-14-at-13.09.19-scaled.jpeg\" \/>\n\t<meta property=\"og:image:width\" content=\"768\" \/>\n\t<meta property=\"og:image:height\" content=\"512\" \/>\n\t<meta property=\"og:image:type\" content=\"image\/jpeg\" \/>\n<meta name=\"author\" content=\"Yucat\u00e1n en Corto\" \/>\n<meta name=\"twitter:card\" content=\"summary_large_image\" \/>\n<meta name=\"twitter:creator\" content=\"@yucatanencorto\" \/>\n<meta name=\"twitter:site\" content=\"@yucatanencorto\" \/>\n<meta name=\"twitter:label1\" content=\"Escrito por\" \/>\n\t<meta name=\"twitter:data1\" content=\"Yucat\u00e1n en Corto\" \/>\n\t<meta name=\"twitter:label2\" content=\"Tiempo de lectura\" \/>\n\t<meta name=\"twitter:data2\" content=\"4 minutos\" \/>\n<script type=\"application\/ld+json\" class=\"yoast-schema-graph\">{\"@context\":\"https:\\\/\\\/schema.org\",\"@graph\":[{\"@type\":\"Article\",\"@id\":\"https:\\\/\\\/www.yucatanencorto.com\\\/noticias\\\/instalan-el-consejo-estatal-de-salud\\\/#article\",\"isPartOf\":{\"@id\":\"https:\\\/\\\/www.yucatanencorto.com\\\/noticias\\\/instalan-el-consejo-estatal-de-salud\\\/\"},\"author\":{\"name\":\"Yucat\u00e1n en Corto\",\"@id\":\"https:\\\/\\\/www.yucatanencorto.com\\\/noticias\\\/#\\\/schema\\\/person\\\/f0ec40c33447bbc0dc2d01d3006de771\"},\"headline\":\"Instalan el Consejo Estatal de Salud\",\"datePublished\":\"2025-04-14T21:20:45+00:00\",\"mainEntityOfPage\":{\"@id\":\"https:\\\/\\\/www.yucatanencorto.com\\\/noticias\\\/instalan-el-consejo-estatal-de-salud\\\/\"},\"wordCount\":771,\"image\":{\"@id\":\"https:\\\/\\\/www.yucatanencorto.com\\\/noticias\\\/instalan-el-consejo-estatal-de-salud\\\/#primaryimage\"},\"thumbnailUrl\":\"https:\\\/\\\/www.yucatanencorto.com\\\/noticias\\\/wp-content\\\/uploads\\\/2025\\\/04\\\/WhatsApp-Image-2025-04-14-at-13.09.19-scaled.jpeg\",\"articleSection\":[\"Yucat\u00e1n\"],\"inLanguage\":\"es\"},{\"@type\":\"WebPage\",\"@id\":\"https:\\\/\\\/www.yucatanencorto.com\\\/noticias\\\/instalan-el-consejo-estatal-de-salud\\\/\",\"url\":\"https:\\\/\\\/www.yucatanencorto.com\\\/noticias\\\/instalan-el-consejo-estatal-de-salud\\\/\",\"name\":\"Instalan el Consejo Estatal de Salud - Yucat\u00e1n en corto\",\"isPartOf\":{\"@id\":\"https:\\\/\\\/www.yucatanencorto.com\\\/noticias\\\/#website\"},\"primaryImageOfPage\":{\"@id\":\"https:\\\/\\\/www.yucatanencorto.com\\\/noticias\\\/instalan-el-consejo-estatal-de-salud\\\/#primaryimage\"},\"image\":{\"@id\":\"https:\\\/\\\/www.yucatanencorto.com\\\/noticias\\\/instalan-el-consejo-estatal-de-salud\\\/#primaryimage\"},\"thumbnailUrl\":\"https:\\\/\\\/www.yucatanencorto.com\\\/noticias\\\/wp-content\\\/uploads\\\/2025\\\/04\\\/WhatsApp-Image-2025-04-14-at-13.09.19-scaled.jpeg\",\"datePublished\":\"2025-04-14T21:20:45+00:00\",\"author\":{\"@id\":\"https:\\\/\\\/www.yucatanencorto.com\\\/noticias\\\/#\\\/schema\\\/person\\\/f0ec40c33447bbc0dc2d01d3006de771\"},\"breadcrumb\":{\"@id\":\"https:\\\/\\\/www.yucatanencorto.com\\\/noticias\\\/instalan-el-consejo-estatal-de-salud\\\/#breadcrumb\"},\"inLanguage\":\"es\",\"potentialAction\":[{\"@type\":\"ReadAction\",\"target\":[\"https:\\\/\\\/www.yucatanencorto.com\\\/noticias\\\/instalan-el-consejo-estatal-de-salud\\\/\"]}]},{\"@type\":\"ImageObject\",\"inLanguage\":\"es\",\"@id\":\"https:\\\/\\\/www.yucatanencorto.com\\\/noticias\\\/instalan-el-consejo-estatal-de-salud\\\/#primaryimage\",\"url\":\"https:\\\/\\\/www.yucatanencorto.com\\\/noticias\\\/wp-content\\\/uploads\\\/2025\\\/04\\\/WhatsApp-Image-2025-04-14-at-13.09.19-scaled.jpeg\",\"contentUrl\":\"https:\\\/\\\/www.yucatanencorto.com\\\/noticias\\\/wp-content\\\/uploads\\\/2025\\\/04\\\/WhatsApp-Image-2025-04-14-at-13.09.19-scaled.jpeg\",\"width\":768,\"height\":512},{\"@type\":\"BreadcrumbList\",\"@id\":\"https:\\\/\\\/www.yucatanencorto.com\\\/noticias\\\/instalan-el-consejo-estatal-de-salud\\\/#breadcrumb\",\"itemListElement\":[{\"@type\":\"ListItem\",\"position\":1,\"name\":\"Portada\",\"item\":\"https:\\\/\\\/www.yucatanencorto.com\\\/noticias\\\/\"},{\"@type\":\"ListItem\",\"position\":2,\"name\":\"Instalan el Consejo Estatal de Salud\"}]},{\"@type\":\"WebSite\",\"@id\":\"https:\\\/\\\/www.yucatanencorto.com\\\/noticias\\\/#website\",\"url\":\"https:\\\/\\\/www.yucatanencorto.com\\\/noticias\\\/\",\"name\":\"Yucat\u00e1n en corto\",\"description\":\"Noticias\",\"potentialAction\":[{\"@type\":\"SearchAction\",\"target\":{\"@type\":\"EntryPoint\",\"urlTemplate\":\"https:\\\/\\\/www.yucatanencorto.com\\\/noticias\\\/?s={search_term_string}\"},\"query-input\":{\"@type\":\"PropertyValueSpecification\",\"valueRequired\":true,\"valueName\":\"search_term_string\"}}],\"inLanguage\":\"es\"},{\"@type\":\"Person\",\"@id\":\"https:\\\/\\\/www.yucatanencorto.com\\\/noticias\\\/#\\\/schema\\\/person\\\/f0ec40c33447bbc0dc2d01d3006de771\",\"name\":\"Yucat\u00e1n en Corto\",\"image\":{\"@type\":\"ImageObject\",\"inLanguage\":\"es\",\"@id\":\"https:\\\/\\\/secure.gravatar.com\\\/avatar\\\/20e0a6b626f38fa8e545fb3f80ce566efd790bf8877e65c3a482460cc3e0b5d1?s=96&d=mm&r=g\",\"url\":\"https:\\\/\\\/secure.gravatar.com\\\/avatar\\\/20e0a6b626f38fa8e545fb3f80ce566efd790bf8877e65c3a482460cc3e0b5d1?s=96&d=mm&r=g\",\"contentUrl\":\"https:\\\/\\\/secure.gravatar.com\\\/avatar\\\/20e0a6b626f38fa8e545fb3f80ce566efd790bf8877e65c3a482460cc3e0b5d1?s=96&d=mm&r=g\",\"caption\":\"Yucat\u00e1n en Corto\"},\"url\":\"https:\\\/\\\/www.yucatanencorto.com\\\/noticias\\\/author\\\/editor25\\\/\"}]}<\/script>\n<!-- \/ Yoast SEO plugin. -->","yoast_head_json":{"title":"Instalan el Consejo Estatal de Salud - Yucat\u00e1n en corto","robots":{"index":"index","follow":"follow","max-snippet":"max-snippet:-1","max-image-preview":"max-image-preview:large","max-video-preview":"max-video-preview:-1"},"canonical":"https:\/\/www.yucatanencorto.com\/noticias\/instalan-el-consejo-estatal-de-salud\/","og_locale":"es_ES","og_type":"article","og_title":"Instalan el Consejo Estatal de Salud - Yucat\u00e1n en corto","og_description":"&nbsp; M\u00e9rida, Yucat\u00e1n, a 14 de abril de 2025 Con el compromiso de construir un sistema de salud justo, humano y digno para todas y todos, el gobernador Joaqu\u00edn D\u00edaz Mena instal\u00f3 el Consejo Estatal de Salud, \u00f3rgano clave para la toma de decisiones en materia de salud p\u00fablica, prevenci\u00f3n de enfermedades, atenci\u00f3n m\u00e9dica y [&hellip;]","og_url":"https:\/\/www.yucatanencorto.com\/noticias\/instalan-el-consejo-estatal-de-salud\/","og_site_name":"Yucat\u00e1n en corto","article_publisher":"http:\/\/www.facebook.com\/yucatanencorto","article_published_time":"2025-04-14T21:20:45+00:00","og_image":[{"width":768,"height":512,"url":"https:\/\/www.yucatanencorto.com\/noticias\/wp-content\/uploads\/2025\/04\/WhatsApp-Image-2025-04-14-at-13.09.19-scaled.jpeg","type":"image\/jpeg"}],"author":"Yucat\u00e1n en Corto","twitter_card":"summary_large_image","twitter_creator":"@yucatanencorto","twitter_site":"@yucatanencorto","twitter_misc":{"Escrito por":"Yucat\u00e1n en Corto","Tiempo de lectura":"4 minutos"},"schema":{"@context":"https:\/\/schema.org","@graph":[{"@type":"Article","@id":"https:\/\/www.yucatanencorto.com\/noticias\/instalan-el-consejo-estatal-de-salud\/#article","isPartOf":{"@id":"https:\/\/www.yucatanencorto.com\/noticias\/instalan-el-consejo-estatal-de-salud\/"},"author":{"name":"Yucat\u00e1n en Corto","@id":"https:\/\/www.yucatanencorto.com\/noticias\/#\/schema\/person\/f0ec40c33447bbc0dc2d01d3006de771"},"headline":"Instalan el Consejo Estatal de Salud","datePublished":"2025-04-14T21:20:45+00:00","mainEntityOfPage":{"@id":"https:\/\/www.yucatanencorto.com\/noticias\/instalan-el-consejo-estatal-de-salud\/"},"wordCount":771,"image":{"@id":"https:\/\/www.yucatanencorto.com\/noticias\/instalan-el-consejo-estatal-de-salud\/#primaryimage"},"thumbnailUrl":"https:\/\/www.yucatanencorto.com\/noticias\/wp-content\/uploads\/2025\/04\/WhatsApp-Image-2025-04-14-at-13.09.19-scaled.jpeg","articleSection":["Yucat\u00e1n"],"inLanguage":"es"},{"@type":"WebPage","@id":"https:\/\/www.yucatanencorto.com\/noticias\/instalan-el-consejo-estatal-de-salud\/","url":"https:\/\/www.yucatanencorto.com\/noticias\/instalan-el-consejo-estatal-de-salud\/","name":"Instalan el Consejo Estatal de Salud - Yucat\u00e1n en corto","isPartOf":{"@id":"https:\/\/www.yucatanencorto.com\/noticias\/#website"},"primaryImageOfPage":{"@id":"https:\/\/www.yucatanencorto.com\/noticias\/instalan-el-consejo-estatal-de-salud\/#primaryimage"},"image":{"@id":"https:\/\/www.yucatanencorto.com\/noticias\/instalan-el-consejo-estatal-de-salud\/#primaryimage"},"thumbnailUrl":"https:\/\/www.yucatanencorto.com\/noticias\/wp-content\/uploads\/2025\/04\/WhatsApp-Image-2025-04-14-at-13.09.19-scaled.jpeg","datePublished":"2025-04-14T21:20:45+00:00","author":{"@id":"https:\/\/www.yucatanencorto.com\/noticias\/#\/schema\/person\/f0ec40c33447bbc0dc2d01d3006de771"},"breadcrumb":{"@id":"https:\/\/www.yucatanencorto.com\/noticias\/instalan-el-consejo-estatal-de-salud\/#breadcrumb"},"inLanguage":"es","potentialAction":[{"@type":"ReadAction","target":["https:\/\/www.yucatanencorto.com\/noticias\/instalan-el-consejo-estatal-de-salud\/"]}]},{"@type":"ImageObject","inLanguage":"es","@id":"https:\/\/www.yucatanencorto.com\/noticias\/instalan-el-consejo-estatal-de-salud\/#primaryimage","url":"https:\/\/www.yucatanencorto.com\/noticias\/wp-content\/uploads\/2025\/04\/WhatsApp-Image-2025-04-14-at-13.09.19-scaled.jpeg","contentUrl":"https:\/\/www.yucatanencorto.com\/noticias\/wp-content\/uploads\/2025\/04\/WhatsApp-Image-2025-04-14-at-13.09.19-scaled.jpeg","width":768,"height":512},{"@type":"BreadcrumbList","@id":"https:\/\/www.yucatanencorto.com\/noticias\/instalan-el-consejo-estatal-de-salud\/#breadcrumb","itemListElement":[{"@type":"ListItem","position":1,"name":"Portada","item":"https:\/\/www.yucatanencorto.com\/noticias\/"},{"@type":"ListItem","position":2,"name":"Instalan el Consejo Estatal de Salud"}]},{"@type":"WebSite","@id":"https:\/\/www.yucatanencorto.com\/noticias\/#website","url":"https:\/\/www.yucatanencorto.com\/noticias\/","name":"Yucat\u00e1n en corto","description":"Noticias","potentialAction":[{"@type":"SearchAction","target":{"@type":"EntryPoint","urlTemplate":"https:\/\/www.yucatanencorto.com\/noticias\/?s={search_term_string}"},"query-input":{"@type":"PropertyValueSpecification","valueRequired":true,"valueName":"search_term_string"}}],"inLanguage":"es"},{"@type":"Person","@id":"https:\/\/www.yucatanencorto.com\/noticias\/#\/schema\/person\/f0ec40c33447bbc0dc2d01d3006de771","name":"Yucat\u00e1n en Corto","image":{"@type":"ImageObject","inLanguage":"es","@id":"https:\/\/secure.gravatar.com\/avatar\/20e0a6b626f38fa8e545fb3f80ce566efd790bf8877e65c3a482460cc3e0b5d1?s=96&d=mm&r=g","url":"https:\/\/secure.gravatar.com\/avatar\/20e0a6b626f38fa8e545fb3f80ce566efd790bf8877e65c3a482460cc3e0b5d1?s=96&d=mm&r=g","contentUrl":"https:\/\/secure.gravatar.com\/avatar\/20e0a6b626f38fa8e545fb3f80ce566efd790bf8877e65c3a482460cc3e0b5d1?s=96&d=mm&r=g","caption":"Yucat\u00e1n en Corto"},"url":"https:\/\/www.yucatanencorto.com\/noticias\/author\/editor25\/"}]}},"_links":{"self":[{"href":"https:\/\/www.yucatanencorto.com\/noticias\/wp-json\/wp\/v2\/posts\/114990","targetHints":{"allow":["GET"]}}],"collection":[{"href":"https:\/\/www.yucatanencorto.com\/noticias\/wp-json\/wp\/v2\/posts"}],"about":[{"href":"https:\/\/www.yucatanencorto.com\/noticias\/wp-json\/wp\/v2\/types\/post"}],"author":[{"embeddable":true,"href":"https:\/\/www.yucatanencorto.com\/noticias\/wp-json\/wp\/v2\/users\/4"}],"replies":[{"embeddable":true,"href":"https:\/\/www.yucatanencorto.com\/noticias\/wp-json\/wp\/v2\/comments?post=114990"}],"version-history":[{"count":0,"href":"https:\/\/www.yucatanencorto.com\/noticias\/wp-json\/wp\/v2\/posts\/114990\/revisions"}],"wp:featuredmedia":[{"embeddable":true,"href":"https:\/\/www.yucatanencorto.com\/noticias\/wp-json\/wp\/v2\/media\/114991"}],"wp:attachment":[{"href":"https:\/\/www.yucatanencorto.com\/noticias\/wp-json\/wp\/v2\/media?parent=114990"}],"wp:term":[{"taxonomy":"category","embeddable":true,"href":"https:\/\/www.yucatanencorto.com\/noticias\/wp-json\/wp\/v2\/categories?post=114990"},{"taxonomy":"post_tag","embeddable":true,"href":"https:\/\/www.yucatanencorto.com\/noticias\/wp-json\/wp\/v2\/tags?post=114990"}],"curies":[{"name":"wp","href":"https:\/\/api.w.org\/{rel}","templated":true}]}}