{"id":114993,"date":"2025-04-14T15:24:09","date_gmt":"2025-04-14T21:24:09","guid":{"rendered":"https:\/\/www.yucatanencorto.com\/noticias\/?p=114993"},"modified":"2025-04-14T15:24:09","modified_gmt":"2025-04-14T21:24:09","slug":"valladolid-se-perfila-como-el-nuevo-polo-turistico-de-yucatan","status":"publish","type":"post","link":"https:\/\/www.yucatanencorto.com\/noticias\/valladolid-se-perfila-como-el-nuevo-polo-turistico-de-yucatan\/","title":{"rendered":"Valladolid se perfila como el nuevo polo tur\u00edstico de Yucat\u00e1n"},"content":{"rendered":"<p>&nbsp;<\/p>\n<p><img loading=\"lazy\" decoding=\"async\" class=\"alignnone size-full wp-image-114994\" src=\"https:\/\/www.yucatanencorto.com\/noticias\/wp-content\/uploads\/2025\/04\/WhatsApp-Image-2025-04-14-at-15.13.44-scaled.jpeg\" alt=\"\" width=\"768\" height=\"512\" srcset=\"https:\/\/www.yucatanencorto.com\/noticias\/wp-content\/uploads\/2025\/04\/WhatsApp-Image-2025-04-14-at-15.13.44-scaled.jpeg 768w, https:\/\/www.yucatanencorto.com\/noticias\/wp-content\/uploads\/2025\/04\/WhatsApp-Image-2025-04-14-at-15.13.44-150x100.jpeg 150w, https:\/\/www.yucatanencorto.com\/noticias\/wp-content\/uploads\/2025\/04\/WhatsApp-Image-2025-04-14-at-15.13.44-300x200.jpeg 300w, https:\/\/www.yucatanencorto.com\/noticias\/wp-content\/uploads\/2025\/04\/WhatsApp-Image-2025-04-14-at-15.13.44-696x464.jpeg 696w, https:\/\/www.yucatanencorto.com\/noticias\/wp-content\/uploads\/2025\/04\/WhatsApp-Image-2025-04-14-at-15.13.44-1068x713.jpeg 1068w\" sizes=\"auto, (max-width: 768px) 100vw, 768px\" \/><\/p>\n<p>Valladolid, Yucat\u00e1n, a 14 de abril de 2025<\/p>\n<p>El Gobierno del Renacimiento Maya, con Joaqu\u00edn D\u00edaz Mena al frente, a trav\u00e9s de la Secretar\u00eda de Fomento Tur\u00edstico (SEFOTUR), impulsa al sector hotelero del oriente del estado y reconoce la contribuci\u00f3n de la iniciativa privada en el desarrollo econ\u00f3mico de la regi\u00f3n.<\/p>\n<p>En representaci\u00f3n del Gobernador de Yucat\u00e1n, el titular de la SEFOTUR, Dar\u00edo Flota Ocampo, encabez\u00f3 la toma de protesta de la Mesa Directiva 2025-2026 de la Asociaci\u00f3n de Hoteles y Hostales de Valladolid, A.C., encabezada por Dr. Jos\u00e9 V\u00edctor S\u00e1nchez Gonz\u00e1lez.<\/p>\n<p>Al acto protocolario realizado en la Hotel Hacienda S\u00e1nchez, asistieron los representantes de esta organizaci\u00f3n que agrupa 49 asociados de Valladolid, que significan el mismo n\u00famero de hoteles y una oferta de 1500 cuartos disponibles para los visitantes locales, nacionales y extranjeros que disfrutan de los atractivos de este Pueblo M\u00e1gico.<\/p>\n<p>Dar\u00edo Flota Ocampo, acompa\u00f1ado del presidente municipal, Homero Novelo Burgos, y el director del Patronato Cultur, Clemente Escalante Alcocer, refrend\u00f3 el compromiso del Gobierno del Renacimiento Maya de fortalecer la promoci\u00f3n tur\u00edstica para incrementar la afluencia de visitantes a Yucat\u00e1n, aumentar la pernocta, lograr que los turistas revisiten el lugar y de esta manera generar una derrama econ\u00f3mica que beneficie a la regi\u00f3n.<\/p>\n<p>Record\u00f3 que en el Plan Estatal de Desarrollo, Valladolid tiene un lugar preponderante por su posici\u00f3n estrat\u00e9gica con los aeropuertos de Canc\u00fan, Tulum y pr\u00f3ximamente el de Chich\u00e9n Itz\u00e1, la gran cantidad de visitantes que reciben anualmente y la infraestructura tur\u00edstica con la que cuenta para atender los diferentes segmentos.<\/p>\n<p>Por su parte el Dr. Jos\u00e9 V\u00edctor S\u00e1nchez Gonz\u00e1lez, presidente entrante de la mesa directiva 2025-2026, dijo que el objetivo de la agrupaci\u00f3n que encabeza es trabajar de manera coordinada con los tres niveles de gobierno para consolidar los atractivos tur\u00edsticos y crear productos que respeten la riqueza natural, cultural e hist\u00f3rica del municipio para posicionar a la Sultana del Oriente como uno de los destinos tur\u00edsticos m\u00e1s importante de Yucat\u00e1n.<\/p>\n<p>\u201cApostamos a la inversi\u00f3n privada desde capital vallisoletano, as\u00ed como de quienes vienen a la entidad a invertir por la confianza y seguridad que ofrece la entidad\u201d, agreg\u00f3.<\/p>\n<p>Tambi\u00e9n atestiguaron la toma de protesta Jorge Eduardo Carrillo S\u00e1enz, presidente del Consejo Empresarial de Turismo (CETUR), representantes de organismos empresariales, asociaciones de hoteleros, autoridades municipales, de SEFOTUR e invitados del sector tur\u00edstico.<br \/>\nLa Asociaci\u00f3n de Hoteles y Hostales de Valladolid, A.C. fue fundada en el a\u00f1o 2017 con el fin de fortalecer el desarrollo de la industria hotelera del Pueblo M\u00e1gico de Valladolid y promover los establecimientos como una alternativa de hospedaje para el turismo nacional e internacional.<\/p>\n<p>En el marco del evento se realiz\u00f3 el informe de actividades 2024-2025 a cargo del Mtro. H\u00e9ctor Bustos Sosa quien encabez\u00f3 la mesa directiva en ese periodo.<\/p>\n<p>Cabe destacar que Valladolid tiene actualmente una oferta hotelera de 97 hoteles y 1,711 habitaciones, lo que lo ubica como el segundo centro tur\u00edstico del estado. Con una disposici\u00f3n de 1500 cuartos, los establecimientos de la asociaci\u00f3n representan el 87 por ciento de la oferta hotelera.<\/p>\n","protected":false},"excerpt":{"rendered":"<p>&nbsp; Valladolid, Yucat\u00e1n, a 14 de abril de 2025 El Gobierno del Renacimiento Maya, con Joaqu\u00edn D\u00edaz Mena al frente, a trav\u00e9s de la Secretar\u00eda de Fomento Tur\u00edstico (SEFOTUR), impulsa al sector hotelero del oriente del estado y reconoce la contribuci\u00f3n de la iniciativa privada en el desarrollo econ\u00f3mico de la regi\u00f3n. En representaci\u00f3n del [&hellip;]<\/p>\n","protected":false},"author":4,"featured_media":114994,"comment_status":"closed","ping_status":"closed","sticky":false,"template":"","format":"standard","meta":{"footnotes":""},"categories":[3],"tags":[],"class_list":{"0":"post-114993","1":"post","2":"type-post","3":"status-publish","4":"format-standard","5":"has-post-thumbnail","7":"category-yucatan"},"yoast_head":"<!-- This site is optimized with the Yoast SEO plugin v27.5 - https:\/\/yoast.com\/product\/yoast-seo-wordpress\/ -->\n<title>Valladolid se perfila como el nuevo polo tur\u00edstico de Yucat\u00e1n - Yucat\u00e1n en corto<\/title>\n<meta name=\"robots\" content=\"index, follow, max-snippet:-1, max-image-preview:large, max-video-preview:-1\" \/>\n<link rel=\"canonical\" href=\"https:\/\/www.yucatanencorto.com\/noticias\/valladolid-se-perfila-como-el-nuevo-polo-turistico-de-yucatan\/\" \/>\n<meta property=\"og:locale\" content=\"es_ES\" \/>\n<meta property=\"og:type\" content=\"article\" \/>\n<meta property=\"og:title\" content=\"Valladolid se perfila como el nuevo polo tur\u00edstico de Yucat\u00e1n - Yucat\u00e1n en corto\" \/>\n<meta property=\"og:description\" content=\"&nbsp; Valladolid, Yucat\u00e1n, a 14 de abril de 2025 El Gobierno del Renacimiento Maya, con Joaqu\u00edn D\u00edaz Mena al frente, a trav\u00e9s de la Secretar\u00eda de Fomento Tur\u00edstico (SEFOTUR), impulsa al sector hotelero del oriente del estado y reconoce la contribuci\u00f3n de la iniciativa privada en el desarrollo econ\u00f3mico de la regi\u00f3n. En representaci\u00f3n del [&hellip;]\" \/>\n<meta property=\"og:url\" content=\"https:\/\/www.yucatanencorto.com\/noticias\/valladolid-se-perfila-como-el-nuevo-polo-turistico-de-yucatan\/\" \/>\n<meta property=\"og:site_name\" content=\"Yucat\u00e1n en corto\" \/>\n<meta property=\"article:publisher\" content=\"http:\/\/www.facebook.com\/yucatanencorto\" \/>\n<meta property=\"article:published_time\" content=\"2025-04-14T21:24:09+00:00\" \/>\n<meta property=\"og:image\" content=\"https:\/\/www.yucatanencorto.com\/noticias\/wp-content\/uploads\/2025\/04\/WhatsApp-Image-2025-04-14-at-15.13.44-scaled.jpeg\" \/>\n\t<meta property=\"og:image:width\" content=\"768\" \/>\n\t<meta property=\"og:image:height\" content=\"512\" \/>\n\t<meta property=\"og:image:type\" content=\"image\/jpeg\" \/>\n<meta name=\"author\" content=\"Yucat\u00e1n en Corto\" \/>\n<meta name=\"twitter:card\" content=\"summary_large_image\" \/>\n<meta name=\"twitter:creator\" content=\"@yucatanencorto\" \/>\n<meta name=\"twitter:site\" content=\"@yucatanencorto\" \/>\n<meta name=\"twitter:label1\" content=\"Escrito por\" \/>\n\t<meta name=\"twitter:data1\" content=\"Yucat\u00e1n en Corto\" \/>\n\t<meta name=\"twitter:label2\" content=\"Tiempo de lectura\" \/>\n\t<meta name=\"twitter:data2\" content=\"3 minutos\" \/>\n<script type=\"application\/ld+json\" class=\"yoast-schema-graph\">{\"@context\":\"https:\\\/\\\/schema.org\",\"@graph\":[{\"@type\":\"Article\",\"@id\":\"https:\\\/\\\/www.yucatanencorto.com\\\/noticias\\\/valladolid-se-perfila-como-el-nuevo-polo-turistico-de-yucatan\\\/#article\",\"isPartOf\":{\"@id\":\"https:\\\/\\\/www.yucatanencorto.com\\\/noticias\\\/valladolid-se-perfila-como-el-nuevo-polo-turistico-de-yucatan\\\/\"},\"author\":{\"name\":\"Yucat\u00e1n en Corto\",\"@id\":\"https:\\\/\\\/www.yucatanencorto.com\\\/noticias\\\/#\\\/schema\\\/person\\\/f0ec40c33447bbc0dc2d01d3006de771\"},\"headline\":\"Valladolid se perfila como el nuevo polo tur\u00edstico de Yucat\u00e1n\",\"datePublished\":\"2025-04-14T21:24:09+00:00\",\"mainEntityOfPage\":{\"@id\":\"https:\\\/\\\/www.yucatanencorto.com\\\/noticias\\\/valladolid-se-perfila-como-el-nuevo-polo-turistico-de-yucatan\\\/\"},\"wordCount\":566,\"image\":{\"@id\":\"https:\\\/\\\/www.yucatanencorto.com\\\/noticias\\\/valladolid-se-perfila-como-el-nuevo-polo-turistico-de-yucatan\\\/#primaryimage\"},\"thumbnailUrl\":\"https:\\\/\\\/www.yucatanencorto.com\\\/noticias\\\/wp-content\\\/uploads\\\/2025\\\/04\\\/WhatsApp-Image-2025-04-14-at-15.13.44-scaled.jpeg\",\"articleSection\":[\"Yucat\u00e1n\"],\"inLanguage\":\"es\"},{\"@type\":\"WebPage\",\"@id\":\"https:\\\/\\\/www.yucatanencorto.com\\\/noticias\\\/valladolid-se-perfila-como-el-nuevo-polo-turistico-de-yucatan\\\/\",\"url\":\"https:\\\/\\\/www.yucatanencorto.com\\\/noticias\\\/valladolid-se-perfila-como-el-nuevo-polo-turistico-de-yucatan\\\/\",\"name\":\"Valladolid se perfila como el nuevo polo tur\u00edstico de Yucat\u00e1n - Yucat\u00e1n en corto\",\"isPartOf\":{\"@id\":\"https:\\\/\\\/www.yucatanencorto.com\\\/noticias\\\/#website\"},\"primaryImageOfPage\":{\"@id\":\"https:\\\/\\\/www.yucatanencorto.com\\\/noticias\\\/valladolid-se-perfila-como-el-nuevo-polo-turistico-de-yucatan\\\/#primaryimage\"},\"image\":{\"@id\":\"https:\\\/\\\/www.yucatanencorto.com\\\/noticias\\\/valladolid-se-perfila-como-el-nuevo-polo-turistico-de-yucatan\\\/#primaryimage\"},\"thumbnailUrl\":\"https:\\\/\\\/www.yucatanencorto.com\\\/noticias\\\/wp-content\\\/uploads\\\/2025\\\/04\\\/WhatsApp-Image-2025-04-14-at-15.13.44-scaled.jpeg\",\"datePublished\":\"2025-04-14T21:24:09+00:00\",\"author\":{\"@id\":\"https:\\\/\\\/www.yucatanencorto.com\\\/noticias\\\/#\\\/schema\\\/person\\\/f0ec40c33447bbc0dc2d01d3006de771\"},\"breadcrumb\":{\"@id\":\"https:\\\/\\\/www.yucatanencorto.com\\\/noticias\\\/valladolid-se-perfila-como-el-nuevo-polo-turistico-de-yucatan\\\/#breadcrumb\"},\"inLanguage\":\"es\",\"potentialAction\":[{\"@type\":\"ReadAction\",\"target\":[\"https:\\\/\\\/www.yucatanencorto.com\\\/noticias\\\/valladolid-se-perfila-como-el-nuevo-polo-turistico-de-yucatan\\\/\"]}]},{\"@type\":\"ImageObject\",\"inLanguage\":\"es\",\"@id\":\"https:\\\/\\\/www.yucatanencorto.com\\\/noticias\\\/valladolid-se-perfila-como-el-nuevo-polo-turistico-de-yucatan\\\/#primaryimage\",\"url\":\"https:\\\/\\\/www.yucatanencorto.com\\\/noticias\\\/wp-content\\\/uploads\\\/2025\\\/04\\\/WhatsApp-Image-2025-04-14-at-15.13.44-scaled.jpeg\",\"contentUrl\":\"https:\\\/\\\/www.yucatanencorto.com\\\/noticias\\\/wp-content\\\/uploads\\\/2025\\\/04\\\/WhatsApp-Image-2025-04-14-at-15.13.44-scaled.jpeg\",\"width\":768,\"height\":512},{\"@type\":\"BreadcrumbList\",\"@id\":\"https:\\\/\\\/www.yucatanencorto.com\\\/noticias\\\/valladolid-se-perfila-como-el-nuevo-polo-turistico-de-yucatan\\\/#breadcrumb\",\"itemListElement\":[{\"@type\":\"ListItem\",\"position\":1,\"name\":\"Portada\",\"item\":\"https:\\\/\\\/www.yucatanencorto.com\\\/noticias\\\/\"},{\"@type\":\"ListItem\",\"position\":2,\"name\":\"Valladolid se perfila como el nuevo polo tur\u00edstico de Yucat\u00e1n\"}]},{\"@type\":\"WebSite\",\"@id\":\"https:\\\/\\\/www.yucatanencorto.com\\\/noticias\\\/#website\",\"url\":\"https:\\\/\\\/www.yucatanencorto.com\\\/noticias\\\/\",\"name\":\"Yucat\u00e1n en corto\",\"description\":\"Noticias\",\"potentialAction\":[{\"@type\":\"SearchAction\",\"target\":{\"@type\":\"EntryPoint\",\"urlTemplate\":\"https:\\\/\\\/www.yucatanencorto.com\\\/noticias\\\/?s={search_term_string}\"},\"query-input\":{\"@type\":\"PropertyValueSpecification\",\"valueRequired\":true,\"valueName\":\"search_term_string\"}}],\"inLanguage\":\"es\"},{\"@type\":\"Person\",\"@id\":\"https:\\\/\\\/www.yucatanencorto.com\\\/noticias\\\/#\\\/schema\\\/person\\\/f0ec40c33447bbc0dc2d01d3006de771\",\"name\":\"Yucat\u00e1n en Corto\",\"image\":{\"@type\":\"ImageObject\",\"inLanguage\":\"es\",\"@id\":\"https:\\\/\\\/secure.gravatar.com\\\/avatar\\\/20e0a6b626f38fa8e545fb3f80ce566efd790bf8877e65c3a482460cc3e0b5d1?s=96&d=mm&r=g\",\"url\":\"https:\\\/\\\/secure.gravatar.com\\\/avatar\\\/20e0a6b626f38fa8e545fb3f80ce566efd790bf8877e65c3a482460cc3e0b5d1?s=96&d=mm&r=g\",\"contentUrl\":\"https:\\\/\\\/secure.gravatar.com\\\/avatar\\\/20e0a6b626f38fa8e545fb3f80ce566efd790bf8877e65c3a482460cc3e0b5d1?s=96&d=mm&r=g\",\"caption\":\"Yucat\u00e1n en Corto\"},\"url\":\"https:\\\/\\\/www.yucatanencorto.com\\\/noticias\\\/author\\\/editor25\\\/\"}]}<\/script>\n<!-- \/ Yoast SEO plugin. -->","yoast_head_json":{"title":"Valladolid se perfila como el nuevo polo tur\u00edstico de Yucat\u00e1n - Yucat\u00e1n en corto","robots":{"index":"index","follow":"follow","max-snippet":"max-snippet:-1","max-image-preview":"max-image-preview:large","max-video-preview":"max-video-preview:-1"},"canonical":"https:\/\/www.yucatanencorto.com\/noticias\/valladolid-se-perfila-como-el-nuevo-polo-turistico-de-yucatan\/","og_locale":"es_ES","og_type":"article","og_title":"Valladolid se perfila como el nuevo polo tur\u00edstico de Yucat\u00e1n - Yucat\u00e1n en corto","og_description":"&nbsp; Valladolid, Yucat\u00e1n, a 14 de abril de 2025 El Gobierno del Renacimiento Maya, con Joaqu\u00edn D\u00edaz Mena al frente, a trav\u00e9s de la Secretar\u00eda de Fomento Tur\u00edstico (SEFOTUR), impulsa al sector hotelero del oriente del estado y reconoce la contribuci\u00f3n de la iniciativa privada en el desarrollo econ\u00f3mico de la regi\u00f3n. En representaci\u00f3n del [&hellip;]","og_url":"https:\/\/www.yucatanencorto.com\/noticias\/valladolid-se-perfila-como-el-nuevo-polo-turistico-de-yucatan\/","og_site_name":"Yucat\u00e1n en corto","article_publisher":"http:\/\/www.facebook.com\/yucatanencorto","article_published_time":"2025-04-14T21:24:09+00:00","og_image":[{"width":768,"height":512,"url":"https:\/\/www.yucatanencorto.com\/noticias\/wp-content\/uploads\/2025\/04\/WhatsApp-Image-2025-04-14-at-15.13.44-scaled.jpeg","type":"image\/jpeg"}],"author":"Yucat\u00e1n en Corto","twitter_card":"summary_large_image","twitter_creator":"@yucatanencorto","twitter_site":"@yucatanencorto","twitter_misc":{"Escrito por":"Yucat\u00e1n en Corto","Tiempo de lectura":"3 minutos"},"schema":{"@context":"https:\/\/schema.org","@graph":[{"@type":"Article","@id":"https:\/\/www.yucatanencorto.com\/noticias\/valladolid-se-perfila-como-el-nuevo-polo-turistico-de-yucatan\/#article","isPartOf":{"@id":"https:\/\/www.yucatanencorto.com\/noticias\/valladolid-se-perfila-como-el-nuevo-polo-turistico-de-yucatan\/"},"author":{"name":"Yucat\u00e1n en Corto","@id":"https:\/\/www.yucatanencorto.com\/noticias\/#\/schema\/person\/f0ec40c33447bbc0dc2d01d3006de771"},"headline":"Valladolid se perfila como el nuevo polo tur\u00edstico de Yucat\u00e1n","datePublished":"2025-04-14T21:24:09+00:00","mainEntityOfPage":{"@id":"https:\/\/www.yucatanencorto.com\/noticias\/valladolid-se-perfila-como-el-nuevo-polo-turistico-de-yucatan\/"},"wordCount":566,"image":{"@id":"https:\/\/www.yucatanencorto.com\/noticias\/valladolid-se-perfila-como-el-nuevo-polo-turistico-de-yucatan\/#primaryimage"},"thumbnailUrl":"https:\/\/www.yucatanencorto.com\/noticias\/wp-content\/uploads\/2025\/04\/WhatsApp-Image-2025-04-14-at-15.13.44-scaled.jpeg","articleSection":["Yucat\u00e1n"],"inLanguage":"es"},{"@type":"WebPage","@id":"https:\/\/www.yucatanencorto.com\/noticias\/valladolid-se-perfila-como-el-nuevo-polo-turistico-de-yucatan\/","url":"https:\/\/www.yucatanencorto.com\/noticias\/valladolid-se-perfila-como-el-nuevo-polo-turistico-de-yucatan\/","name":"Valladolid se perfila como el nuevo polo tur\u00edstico de Yucat\u00e1n - Yucat\u00e1n en corto","isPartOf":{"@id":"https:\/\/www.yucatanencorto.com\/noticias\/#website"},"primaryImageOfPage":{"@id":"https:\/\/www.yucatanencorto.com\/noticias\/valladolid-se-perfila-como-el-nuevo-polo-turistico-de-yucatan\/#primaryimage"},"image":{"@id":"https:\/\/www.yucatanencorto.com\/noticias\/valladolid-se-perfila-como-el-nuevo-polo-turistico-de-yucatan\/#primaryimage"},"thumbnailUrl":"https:\/\/www.yucatanencorto.com\/noticias\/wp-content\/uploads\/2025\/04\/WhatsApp-Image-2025-04-14-at-15.13.44-scaled.jpeg","datePublished":"2025-04-14T21:24:09+00:00","author":{"@id":"https:\/\/www.yucatanencorto.com\/noticias\/#\/schema\/person\/f0ec40c33447bbc0dc2d01d3006de771"},"breadcrumb":{"@id":"https:\/\/www.yucatanencorto.com\/noticias\/valladolid-se-perfila-como-el-nuevo-polo-turistico-de-yucatan\/#breadcrumb"},"inLanguage":"es","potentialAction":[{"@type":"ReadAction","target":["https:\/\/www.yucatanencorto.com\/noticias\/valladolid-se-perfila-como-el-nuevo-polo-turistico-de-yucatan\/"]}]},{"@type":"ImageObject","inLanguage":"es","@id":"https:\/\/www.yucatanencorto.com\/noticias\/valladolid-se-perfila-como-el-nuevo-polo-turistico-de-yucatan\/#primaryimage","url":"https:\/\/www.yucatanencorto.com\/noticias\/wp-content\/uploads\/2025\/04\/WhatsApp-Image-2025-04-14-at-15.13.44-scaled.jpeg","contentUrl":"https:\/\/www.yucatanencorto.com\/noticias\/wp-content\/uploads\/2025\/04\/WhatsApp-Image-2025-04-14-at-15.13.44-scaled.jpeg","width":768,"height":512},{"@type":"BreadcrumbList","@id":"https:\/\/www.yucatanencorto.com\/noticias\/valladolid-se-perfila-como-el-nuevo-polo-turistico-de-yucatan\/#breadcrumb","itemListElement":[{"@type":"ListItem","position":1,"name":"Portada","item":"https:\/\/www.yucatanencorto.com\/noticias\/"},{"@type":"ListItem","position":2,"name":"Valladolid se perfila como el nuevo polo tur\u00edstico de Yucat\u00e1n"}]},{"@type":"WebSite","@id":"https:\/\/www.yucatanencorto.com\/noticias\/#website","url":"https:\/\/www.yucatanencorto.com\/noticias\/","name":"Yucat\u00e1n en corto","description":"Noticias","potentialAction":[{"@type":"SearchAction","target":{"@type":"EntryPoint","urlTemplate":"https:\/\/www.yucatanencorto.com\/noticias\/?s={search_term_string}"},"query-input":{"@type":"PropertyValueSpecification","valueRequired":true,"valueName":"search_term_string"}}],"inLanguage":"es"},{"@type":"Person","@id":"https:\/\/www.yucatanencorto.com\/noticias\/#\/schema\/person\/f0ec40c33447bbc0dc2d01d3006de771","name":"Yucat\u00e1n en Corto","image":{"@type":"ImageObject","inLanguage":"es","@id":"https:\/\/secure.gravatar.com\/avatar\/20e0a6b626f38fa8e545fb3f80ce566efd790bf8877e65c3a482460cc3e0b5d1?s=96&d=mm&r=g","url":"https:\/\/secure.gravatar.com\/avatar\/20e0a6b626f38fa8e545fb3f80ce566efd790bf8877e65c3a482460cc3e0b5d1?s=96&d=mm&r=g","contentUrl":"https:\/\/secure.gravatar.com\/avatar\/20e0a6b626f38fa8e545fb3f80ce566efd790bf8877e65c3a482460cc3e0b5d1?s=96&d=mm&r=g","caption":"Yucat\u00e1n en Corto"},"url":"https:\/\/www.yucatanencorto.com\/noticias\/author\/editor25\/"}]}},"_links":{"self":[{"href":"https:\/\/www.yucatanencorto.com\/noticias\/wp-json\/wp\/v2\/posts\/114993","targetHints":{"allow":["GET"]}}],"collection":[{"href":"https:\/\/www.yucatanencorto.com\/noticias\/wp-json\/wp\/v2\/posts"}],"about":[{"href":"https:\/\/www.yucatanencorto.com\/noticias\/wp-json\/wp\/v2\/types\/post"}],"author":[{"embeddable":true,"href":"https:\/\/www.yucatanencorto.com\/noticias\/wp-json\/wp\/v2\/users\/4"}],"replies":[{"embeddable":true,"href":"https:\/\/www.yucatanencorto.com\/noticias\/wp-json\/wp\/v2\/comments?post=114993"}],"version-history":[{"count":0,"href":"https:\/\/www.yucatanencorto.com\/noticias\/wp-json\/wp\/v2\/posts\/114993\/revisions"}],"wp:featuredmedia":[{"embeddable":true,"href":"https:\/\/www.yucatanencorto.com\/noticias\/wp-json\/wp\/v2\/media\/114994"}],"wp:attachment":[{"href":"https:\/\/www.yucatanencorto.com\/noticias\/wp-json\/wp\/v2\/media?parent=114993"}],"wp:term":[{"taxonomy":"category","embeddable":true,"href":"https:\/\/www.yucatanencorto.com\/noticias\/wp-json\/wp\/v2\/categories?post=114993"},{"taxonomy":"post_tag","embeddable":true,"href":"https:\/\/www.yucatanencorto.com\/noticias\/wp-json\/wp\/v2\/tags?post=114993"}],"curies":[{"name":"wp","href":"https:\/\/api.w.org\/{rel}","templated":true}]}}