{"id":114997,"date":"2025-04-15T16:49:44","date_gmt":"2025-04-15T22:49:44","guid":{"rendered":"https:\/\/www.yucatanencorto.com\/noticias\/?p=114997"},"modified":"2025-04-15T16:49:44","modified_gmt":"2025-04-15T22:49:44","slug":"avanzan-obras-de-conservacion-en-las-vias-izamal-cacalchen-y-citilcum-hoctun","status":"publish","type":"post","link":"https:\/\/www.yucatanencorto.com\/noticias\/avanzan-obras-de-conservacion-en-las-vias-izamal-cacalchen-y-citilcum-hoctun\/","title":{"rendered":"Avanzan obras de conservaci\u00f3n en las v\u00edas Izamal-Cacalch\u00e9n y Citilcum-Hoct\u00fan"},"content":{"rendered":"<p><img loading=\"lazy\" decoding=\"async\" class=\"alignnone size-full wp-image-114998\" src=\"https:\/\/www.yucatanencorto.com\/noticias\/wp-content\/uploads\/2025\/04\/WhatsApp-Image-2025-04-15-at-16.42.58-scaled.jpeg\" alt=\"\" width=\"768\" height=\"512\" srcset=\"https:\/\/www.yucatanencorto.com\/noticias\/wp-content\/uploads\/2025\/04\/WhatsApp-Image-2025-04-15-at-16.42.58-scaled.jpeg 768w, https:\/\/www.yucatanencorto.com\/noticias\/wp-content\/uploads\/2025\/04\/WhatsApp-Image-2025-04-15-at-16.42.58-1536x1023.jpeg 1536w, https:\/\/www.yucatanencorto.com\/noticias\/wp-content\/uploads\/2025\/04\/WhatsApp-Image-2025-04-15-at-16.42.58-150x100.jpeg 150w, https:\/\/www.yucatanencorto.com\/noticias\/wp-content\/uploads\/2025\/04\/WhatsApp-Image-2025-04-15-at-16.42.58-300x200.jpeg 300w, https:\/\/www.yucatanencorto.com\/noticias\/wp-content\/uploads\/2025\/04\/WhatsApp-Image-2025-04-15-at-16.42.58-696x464.jpeg 696w, https:\/\/www.yucatanencorto.com\/noticias\/wp-content\/uploads\/2025\/04\/WhatsApp-Image-2025-04-15-at-16.42.58-1068x712.jpeg 1068w\" sizes=\"auto, (max-width: 768px) 100vw, 768px\" \/><\/p>\n<p>&nbsp;<\/p>\n<p>M\u00e9rida, Yucat\u00e1n, a 15 de abril de 2025<\/p>\n<p>&nbsp;<\/p>\n<p>Informa mandatario que se est\u00e1n interviniendo 20.3 kil\u00f3metros en la carretera Izamal-Cacalch\u00e9n y 23.3 kil\u00f3metros en la Citilcum-Hoct\u00fan, con trabajos de bacheo, tratamiento superficial con mezcla asf\u00e1ltica y chapeo de las orillas.<\/p>\n<p>Con el objetivo de llevar mejores condiciones de vida e igualdad de oportunidades a cada comunidad de Yucat\u00e1n, el Gobernador Joaqu\u00edn D\u00edaz Mena supervis\u00f3 los avances de los trabajos de conservaci\u00f3n que se realizan en las carreteras Izamal-Cacalch\u00e9n y Citilcum-Hoct\u00fan, obras del Plan Bienestar que permitir\u00e1n a los pobladores y quienes transitan por la zona contar con caminos dignos, seguros y transitables.<\/p>\n<p>D\u00edaz Mena, acompa\u00f1ado de la titular de la Secretaria de Infraestructura para el Bienestar, Alaine L\u00f3pez Brice\u00f1o, acudi\u00f3 a constatar los avances de estas labores de conservaci\u00f3n carretera que benefician directamente a 18,698 habitantes e indirectamente a 53,923 personas de Izamal, Citilcum, Cacalch\u00e9n, Kimbil\u00e1 y Hoct\u00fan.<\/p>\n<p>Al dirigir un mensaje en la comunidad de Citilcum, el Mandatario afirm\u00f3 que estas obras representan mucho m\u00e1s que el simple mantenimiento de una carretera, sino que es el primer paso de un proceso que devolver\u00e1 a esta regi\u00f3n vialidades dignas, seguras y funcionales.<\/p>\n<p>\u00abEstamos aqu\u00ed para supervisar los inicios de los trabajos de conservaci\u00f3n de la v\u00eda Citilcum-Kimbil\u00e1. Una ruta estrat\u00e9gica para la conectividad de las comunidades de Izamal. En Yucat\u00e1n, el Gobierno escucha y act\u00faa, por eso queremos que nuestras carreteras se conserven y una vida mejor en nuestras comisar\u00edas\u00bb, destac\u00f3 el titular del Ejecutivo estatal.<\/p>\n<p>Sobre la v\u00eda Citilcum-Kimbil\u00e1, el mandatario estatal indic\u00f3 que es una ruta estrat\u00e9gica para la conectividad de nuestras comunidades, \u00abson 23.3 kil\u00f3metros que van a transformarse no solo en t\u00e9rminos de infraestructura, sino en igualdad y justicia territorial\u00bb, asever\u00f3.<\/p>\n<p>En ese marco, D\u00edaz Mena indic\u00f3 que el Plan Bienestar Yucat\u00e1n representa los esfuerzos de cerrar brechas, de que las familias del interior del estado tengan los mismos servicios y oportunidades que las que se tienen en la capital yucateca.<\/p>\n<p>En su turno, la alcaldesa de Izamal, Melissa Puga Rodr\u00edguez, reconoci\u00f3 a D\u00edaz Mena como un Gobernador que cumple a la gente y que es de territorio.<\/p>\n<p>&nbsp;<\/p>\n<p>&nbsp;<\/p>\n<p>Como parte de estos trabajos, se est\u00e1n interviniendo 20.3 kil\u00f3metros en la carretera Izamal-Cacalch\u00e9n y 23.3 kil\u00f3metros en la Citilcum-Hoct\u00fan, con trabajos de bacheo, tratamiento superficial con mezcla asf\u00e1ltica en fr\u00edo y chapeo de las orillas.<\/p>\n<p>El tramo Izamal-Cacalch\u00e9n ya cuenta con un avance del 70%, y las labores de chapeo concluir\u00e1n en los pr\u00f3ximos d\u00edas. En tanto, la carretera Citilcum-Hoct\u00fan inici\u00f3 recientemente y avanza de acuerdo con lo programado.<\/p>\n<p>Estas acciones est\u00e1n a cargo del Instituto de Infraestructura Carretera de Yucat\u00e1n (INCAY), en coordinaci\u00f3n con la Secretar\u00eda de Infraestructura del Bienestar, y forman parte de una estrategia para llevar infraestructura de calidad a todos los municipios del estado, porque el Renacimiento Maya tambi\u00e9n se construye kil\u00f3metro a kil\u00f3metro, conectando pueblos, reactivando econom\u00edas locales y mejorando la calidad de vida de quienes m\u00e1s lo necesitan.<\/p>\n<p>Acompa\u00f1aron al Gobernador la Secretaria de Infraestructura para el Bienestar, Alaine L\u00f3pez Brice\u00f1o; el director del INCAY, \u00c1ngel P\u00e9rez Medrano; as\u00ed como los comisarios de Kimbil\u00e1, \u00c1ngel Enrique Pat Ruiz; y de Citilcum, No\u00e9 Salom\u00f3n Ek Can<\/p>\n","protected":false},"excerpt":{"rendered":"<p>&nbsp; M\u00e9rida, Yucat\u00e1n, a 15 de abril de 2025 &nbsp; Informa mandatario que se est\u00e1n interviniendo 20.3 kil\u00f3metros en la carretera Izamal-Cacalch\u00e9n y 23.3 kil\u00f3metros en la Citilcum-Hoct\u00fan, con trabajos de bacheo, tratamiento superficial con mezcla asf\u00e1ltica y chapeo de las orillas. Con el objetivo de llevar mejores condiciones de vida e igualdad de oportunidades [&hellip;]<\/p>\n","protected":false},"author":4,"featured_media":114998,"comment_status":"closed","ping_status":"closed","sticky":false,"template":"","format":"standard","meta":{"footnotes":""},"categories":[3],"tags":[],"class_list":{"0":"post-114997","1":"post","2":"type-post","3":"status-publish","4":"format-standard","5":"has-post-thumbnail","7":"category-yucatan"},"yoast_head":"<!-- This site is optimized with the Yoast SEO plugin v27.5 - https:\/\/yoast.com\/product\/yoast-seo-wordpress\/ -->\n<title>Avanzan obras de conservaci\u00f3n en las v\u00edas Izamal-Cacalch\u00e9n y Citilcum-Hoct\u00fan - Yucat\u00e1n en corto<\/title>\n<meta name=\"robots\" content=\"index, follow, max-snippet:-1, max-image-preview:large, max-video-preview:-1\" \/>\n<link rel=\"canonical\" href=\"https:\/\/www.yucatanencorto.com\/noticias\/avanzan-obras-de-conservacion-en-las-vias-izamal-cacalchen-y-citilcum-hoctun\/\" \/>\n<meta property=\"og:locale\" content=\"es_ES\" \/>\n<meta property=\"og:type\" content=\"article\" \/>\n<meta property=\"og:title\" content=\"Avanzan obras de conservaci\u00f3n en las v\u00edas Izamal-Cacalch\u00e9n y Citilcum-Hoct\u00fan - Yucat\u00e1n en corto\" \/>\n<meta property=\"og:description\" content=\"&nbsp; M\u00e9rida, Yucat\u00e1n, a 15 de abril de 2025 &nbsp; Informa mandatario que se est\u00e1n interviniendo 20.3 kil\u00f3metros en la carretera Izamal-Cacalch\u00e9n y 23.3 kil\u00f3metros en la Citilcum-Hoct\u00fan, con trabajos de bacheo, tratamiento superficial con mezcla asf\u00e1ltica y chapeo de las orillas. Con el objetivo de llevar mejores condiciones de vida e igualdad de oportunidades [&hellip;]\" \/>\n<meta property=\"og:url\" content=\"https:\/\/www.yucatanencorto.com\/noticias\/avanzan-obras-de-conservacion-en-las-vias-izamal-cacalchen-y-citilcum-hoctun\/\" \/>\n<meta property=\"og:site_name\" content=\"Yucat\u00e1n en corto\" \/>\n<meta property=\"article:publisher\" content=\"http:\/\/www.facebook.com\/yucatanencorto\" \/>\n<meta property=\"article:published_time\" content=\"2025-04-15T22:49:44+00:00\" \/>\n<meta property=\"og:image\" content=\"https:\/\/www.yucatanencorto.com\/noticias\/wp-content\/uploads\/2025\/04\/WhatsApp-Image-2025-04-15-at-16.42.58-scaled.jpeg\" \/>\n\t<meta property=\"og:image:width\" content=\"768\" \/>\n\t<meta property=\"og:image:height\" content=\"512\" \/>\n\t<meta property=\"og:image:type\" content=\"image\/jpeg\" \/>\n<meta name=\"author\" content=\"Yucat\u00e1n en Corto\" \/>\n<meta name=\"twitter:card\" content=\"summary_large_image\" \/>\n<meta name=\"twitter:creator\" content=\"@yucatanencorto\" \/>\n<meta name=\"twitter:site\" content=\"@yucatanencorto\" \/>\n<meta name=\"twitter:label1\" content=\"Escrito por\" \/>\n\t<meta name=\"twitter:data1\" content=\"Yucat\u00e1n en Corto\" \/>\n\t<meta name=\"twitter:label2\" content=\"Tiempo de lectura\" \/>\n\t<meta name=\"twitter:data2\" content=\"3 minutos\" \/>\n<script type=\"application\/ld+json\" class=\"yoast-schema-graph\">{\"@context\":\"https:\\\/\\\/schema.org\",\"@graph\":[{\"@type\":\"Article\",\"@id\":\"https:\\\/\\\/www.yucatanencorto.com\\\/noticias\\\/avanzan-obras-de-conservacion-en-las-vias-izamal-cacalchen-y-citilcum-hoctun\\\/#article\",\"isPartOf\":{\"@id\":\"https:\\\/\\\/www.yucatanencorto.com\\\/noticias\\\/avanzan-obras-de-conservacion-en-las-vias-izamal-cacalchen-y-citilcum-hoctun\\\/\"},\"author\":{\"name\":\"Yucat\u00e1n en Corto\",\"@id\":\"https:\\\/\\\/www.yucatanencorto.com\\\/noticias\\\/#\\\/schema\\\/person\\\/f0ec40c33447bbc0dc2d01d3006de771\"},\"headline\":\"Avanzan obras de conservaci\u00f3n en las v\u00edas Izamal-Cacalch\u00e9n y Citilcum-Hoct\u00fan\",\"datePublished\":\"2025-04-15T22:49:44+00:00\",\"mainEntityOfPage\":{\"@id\":\"https:\\\/\\\/www.yucatanencorto.com\\\/noticias\\\/avanzan-obras-de-conservacion-en-las-vias-izamal-cacalchen-y-citilcum-hoctun\\\/\"},\"wordCount\":596,\"image\":{\"@id\":\"https:\\\/\\\/www.yucatanencorto.com\\\/noticias\\\/avanzan-obras-de-conservacion-en-las-vias-izamal-cacalchen-y-citilcum-hoctun\\\/#primaryimage\"},\"thumbnailUrl\":\"https:\\\/\\\/www.yucatanencorto.com\\\/noticias\\\/wp-content\\\/uploads\\\/2025\\\/04\\\/WhatsApp-Image-2025-04-15-at-16.42.58-scaled.jpeg\",\"articleSection\":[\"Yucat\u00e1n\"],\"inLanguage\":\"es\"},{\"@type\":\"WebPage\",\"@id\":\"https:\\\/\\\/www.yucatanencorto.com\\\/noticias\\\/avanzan-obras-de-conservacion-en-las-vias-izamal-cacalchen-y-citilcum-hoctun\\\/\",\"url\":\"https:\\\/\\\/www.yucatanencorto.com\\\/noticias\\\/avanzan-obras-de-conservacion-en-las-vias-izamal-cacalchen-y-citilcum-hoctun\\\/\",\"name\":\"Avanzan obras de conservaci\u00f3n en las v\u00edas Izamal-Cacalch\u00e9n y Citilcum-Hoct\u00fan - Yucat\u00e1n en corto\",\"isPartOf\":{\"@id\":\"https:\\\/\\\/www.yucatanencorto.com\\\/noticias\\\/#website\"},\"primaryImageOfPage\":{\"@id\":\"https:\\\/\\\/www.yucatanencorto.com\\\/noticias\\\/avanzan-obras-de-conservacion-en-las-vias-izamal-cacalchen-y-citilcum-hoctun\\\/#primaryimage\"},\"image\":{\"@id\":\"https:\\\/\\\/www.yucatanencorto.com\\\/noticias\\\/avanzan-obras-de-conservacion-en-las-vias-izamal-cacalchen-y-citilcum-hoctun\\\/#primaryimage\"},\"thumbnailUrl\":\"https:\\\/\\\/www.yucatanencorto.com\\\/noticias\\\/wp-content\\\/uploads\\\/2025\\\/04\\\/WhatsApp-Image-2025-04-15-at-16.42.58-scaled.jpeg\",\"datePublished\":\"2025-04-15T22:49:44+00:00\",\"author\":{\"@id\":\"https:\\\/\\\/www.yucatanencorto.com\\\/noticias\\\/#\\\/schema\\\/person\\\/f0ec40c33447bbc0dc2d01d3006de771\"},\"breadcrumb\":{\"@id\":\"https:\\\/\\\/www.yucatanencorto.com\\\/noticias\\\/avanzan-obras-de-conservacion-en-las-vias-izamal-cacalchen-y-citilcum-hoctun\\\/#breadcrumb\"},\"inLanguage\":\"es\",\"potentialAction\":[{\"@type\":\"ReadAction\",\"target\":[\"https:\\\/\\\/www.yucatanencorto.com\\\/noticias\\\/avanzan-obras-de-conservacion-en-las-vias-izamal-cacalchen-y-citilcum-hoctun\\\/\"]}]},{\"@type\":\"ImageObject\",\"inLanguage\":\"es\",\"@id\":\"https:\\\/\\\/www.yucatanencorto.com\\\/noticias\\\/avanzan-obras-de-conservacion-en-las-vias-izamal-cacalchen-y-citilcum-hoctun\\\/#primaryimage\",\"url\":\"https:\\\/\\\/www.yucatanencorto.com\\\/noticias\\\/wp-content\\\/uploads\\\/2025\\\/04\\\/WhatsApp-Image-2025-04-15-at-16.42.58-scaled.jpeg\",\"contentUrl\":\"https:\\\/\\\/www.yucatanencorto.com\\\/noticias\\\/wp-content\\\/uploads\\\/2025\\\/04\\\/WhatsApp-Image-2025-04-15-at-16.42.58-scaled.jpeg\",\"width\":768,\"height\":512},{\"@type\":\"BreadcrumbList\",\"@id\":\"https:\\\/\\\/www.yucatanencorto.com\\\/noticias\\\/avanzan-obras-de-conservacion-en-las-vias-izamal-cacalchen-y-citilcum-hoctun\\\/#breadcrumb\",\"itemListElement\":[{\"@type\":\"ListItem\",\"position\":1,\"name\":\"Portada\",\"item\":\"https:\\\/\\\/www.yucatanencorto.com\\\/noticias\\\/\"},{\"@type\":\"ListItem\",\"position\":2,\"name\":\"Avanzan obras de conservaci\u00f3n en las v\u00edas Izamal-Cacalch\u00e9n y Citilcum-Hoct\u00fan\"}]},{\"@type\":\"WebSite\",\"@id\":\"https:\\\/\\\/www.yucatanencorto.com\\\/noticias\\\/#website\",\"url\":\"https:\\\/\\\/www.yucatanencorto.com\\\/noticias\\\/\",\"name\":\"Yucat\u00e1n en corto\",\"description\":\"Noticias\",\"potentialAction\":[{\"@type\":\"SearchAction\",\"target\":{\"@type\":\"EntryPoint\",\"urlTemplate\":\"https:\\\/\\\/www.yucatanencorto.com\\\/noticias\\\/?s={search_term_string}\"},\"query-input\":{\"@type\":\"PropertyValueSpecification\",\"valueRequired\":true,\"valueName\":\"search_term_string\"}}],\"inLanguage\":\"es\"},{\"@type\":\"Person\",\"@id\":\"https:\\\/\\\/www.yucatanencorto.com\\\/noticias\\\/#\\\/schema\\\/person\\\/f0ec40c33447bbc0dc2d01d3006de771\",\"name\":\"Yucat\u00e1n en Corto\",\"image\":{\"@type\":\"ImageObject\",\"inLanguage\":\"es\",\"@id\":\"https:\\\/\\\/secure.gravatar.com\\\/avatar\\\/20e0a6b626f38fa8e545fb3f80ce566efd790bf8877e65c3a482460cc3e0b5d1?s=96&d=mm&r=g\",\"url\":\"https:\\\/\\\/secure.gravatar.com\\\/avatar\\\/20e0a6b626f38fa8e545fb3f80ce566efd790bf8877e65c3a482460cc3e0b5d1?s=96&d=mm&r=g\",\"contentUrl\":\"https:\\\/\\\/secure.gravatar.com\\\/avatar\\\/20e0a6b626f38fa8e545fb3f80ce566efd790bf8877e65c3a482460cc3e0b5d1?s=96&d=mm&r=g\",\"caption\":\"Yucat\u00e1n en Corto\"},\"url\":\"https:\\\/\\\/www.yucatanencorto.com\\\/noticias\\\/author\\\/editor25\\\/\"}]}<\/script>\n<!-- \/ Yoast SEO plugin. -->","yoast_head_json":{"title":"Avanzan obras de conservaci\u00f3n en las v\u00edas Izamal-Cacalch\u00e9n y Citilcum-Hoct\u00fan - Yucat\u00e1n en corto","robots":{"index":"index","follow":"follow","max-snippet":"max-snippet:-1","max-image-preview":"max-image-preview:large","max-video-preview":"max-video-preview:-1"},"canonical":"https:\/\/www.yucatanencorto.com\/noticias\/avanzan-obras-de-conservacion-en-las-vias-izamal-cacalchen-y-citilcum-hoctun\/","og_locale":"es_ES","og_type":"article","og_title":"Avanzan obras de conservaci\u00f3n en las v\u00edas Izamal-Cacalch\u00e9n y Citilcum-Hoct\u00fan - Yucat\u00e1n en corto","og_description":"&nbsp; M\u00e9rida, Yucat\u00e1n, a 15 de abril de 2025 &nbsp; Informa mandatario que se est\u00e1n interviniendo 20.3 kil\u00f3metros en la carretera Izamal-Cacalch\u00e9n y 23.3 kil\u00f3metros en la Citilcum-Hoct\u00fan, con trabajos de bacheo, tratamiento superficial con mezcla asf\u00e1ltica y chapeo de las orillas. Con el objetivo de llevar mejores condiciones de vida e igualdad de oportunidades [&hellip;]","og_url":"https:\/\/www.yucatanencorto.com\/noticias\/avanzan-obras-de-conservacion-en-las-vias-izamal-cacalchen-y-citilcum-hoctun\/","og_site_name":"Yucat\u00e1n en corto","article_publisher":"http:\/\/www.facebook.com\/yucatanencorto","article_published_time":"2025-04-15T22:49:44+00:00","og_image":[{"width":768,"height":512,"url":"https:\/\/www.yucatanencorto.com\/noticias\/wp-content\/uploads\/2025\/04\/WhatsApp-Image-2025-04-15-at-16.42.58-scaled.jpeg","type":"image\/jpeg"}],"author":"Yucat\u00e1n en Corto","twitter_card":"summary_large_image","twitter_creator":"@yucatanencorto","twitter_site":"@yucatanencorto","twitter_misc":{"Escrito por":"Yucat\u00e1n en Corto","Tiempo de lectura":"3 minutos"},"schema":{"@context":"https:\/\/schema.org","@graph":[{"@type":"Article","@id":"https:\/\/www.yucatanencorto.com\/noticias\/avanzan-obras-de-conservacion-en-las-vias-izamal-cacalchen-y-citilcum-hoctun\/#article","isPartOf":{"@id":"https:\/\/www.yucatanencorto.com\/noticias\/avanzan-obras-de-conservacion-en-las-vias-izamal-cacalchen-y-citilcum-hoctun\/"},"author":{"name":"Yucat\u00e1n en Corto","@id":"https:\/\/www.yucatanencorto.com\/noticias\/#\/schema\/person\/f0ec40c33447bbc0dc2d01d3006de771"},"headline":"Avanzan obras de conservaci\u00f3n en las v\u00edas Izamal-Cacalch\u00e9n y Citilcum-Hoct\u00fan","datePublished":"2025-04-15T22:49:44+00:00","mainEntityOfPage":{"@id":"https:\/\/www.yucatanencorto.com\/noticias\/avanzan-obras-de-conservacion-en-las-vias-izamal-cacalchen-y-citilcum-hoctun\/"},"wordCount":596,"image":{"@id":"https:\/\/www.yucatanencorto.com\/noticias\/avanzan-obras-de-conservacion-en-las-vias-izamal-cacalchen-y-citilcum-hoctun\/#primaryimage"},"thumbnailUrl":"https:\/\/www.yucatanencorto.com\/noticias\/wp-content\/uploads\/2025\/04\/WhatsApp-Image-2025-04-15-at-16.42.58-scaled.jpeg","articleSection":["Yucat\u00e1n"],"inLanguage":"es"},{"@type":"WebPage","@id":"https:\/\/www.yucatanencorto.com\/noticias\/avanzan-obras-de-conservacion-en-las-vias-izamal-cacalchen-y-citilcum-hoctun\/","url":"https:\/\/www.yucatanencorto.com\/noticias\/avanzan-obras-de-conservacion-en-las-vias-izamal-cacalchen-y-citilcum-hoctun\/","name":"Avanzan obras de conservaci\u00f3n en las v\u00edas Izamal-Cacalch\u00e9n y Citilcum-Hoct\u00fan - Yucat\u00e1n en corto","isPartOf":{"@id":"https:\/\/www.yucatanencorto.com\/noticias\/#website"},"primaryImageOfPage":{"@id":"https:\/\/www.yucatanencorto.com\/noticias\/avanzan-obras-de-conservacion-en-las-vias-izamal-cacalchen-y-citilcum-hoctun\/#primaryimage"},"image":{"@id":"https:\/\/www.yucatanencorto.com\/noticias\/avanzan-obras-de-conservacion-en-las-vias-izamal-cacalchen-y-citilcum-hoctun\/#primaryimage"},"thumbnailUrl":"https:\/\/www.yucatanencorto.com\/noticias\/wp-content\/uploads\/2025\/04\/WhatsApp-Image-2025-04-15-at-16.42.58-scaled.jpeg","datePublished":"2025-04-15T22:49:44+00:00","author":{"@id":"https:\/\/www.yucatanencorto.com\/noticias\/#\/schema\/person\/f0ec40c33447bbc0dc2d01d3006de771"},"breadcrumb":{"@id":"https:\/\/www.yucatanencorto.com\/noticias\/avanzan-obras-de-conservacion-en-las-vias-izamal-cacalchen-y-citilcum-hoctun\/#breadcrumb"},"inLanguage":"es","potentialAction":[{"@type":"ReadAction","target":["https:\/\/www.yucatanencorto.com\/noticias\/avanzan-obras-de-conservacion-en-las-vias-izamal-cacalchen-y-citilcum-hoctun\/"]}]},{"@type":"ImageObject","inLanguage":"es","@id":"https:\/\/www.yucatanencorto.com\/noticias\/avanzan-obras-de-conservacion-en-las-vias-izamal-cacalchen-y-citilcum-hoctun\/#primaryimage","url":"https:\/\/www.yucatanencorto.com\/noticias\/wp-content\/uploads\/2025\/04\/WhatsApp-Image-2025-04-15-at-16.42.58-scaled.jpeg","contentUrl":"https:\/\/www.yucatanencorto.com\/noticias\/wp-content\/uploads\/2025\/04\/WhatsApp-Image-2025-04-15-at-16.42.58-scaled.jpeg","width":768,"height":512},{"@type":"BreadcrumbList","@id":"https:\/\/www.yucatanencorto.com\/noticias\/avanzan-obras-de-conservacion-en-las-vias-izamal-cacalchen-y-citilcum-hoctun\/#breadcrumb","itemListElement":[{"@type":"ListItem","position":1,"name":"Portada","item":"https:\/\/www.yucatanencorto.com\/noticias\/"},{"@type":"ListItem","position":2,"name":"Avanzan obras de conservaci\u00f3n en las v\u00edas Izamal-Cacalch\u00e9n y Citilcum-Hoct\u00fan"}]},{"@type":"WebSite","@id":"https:\/\/www.yucatanencorto.com\/noticias\/#website","url":"https:\/\/www.yucatanencorto.com\/noticias\/","name":"Yucat\u00e1n en corto","description":"Noticias","potentialAction":[{"@type":"SearchAction","target":{"@type":"EntryPoint","urlTemplate":"https:\/\/www.yucatanencorto.com\/noticias\/?s={search_term_string}"},"query-input":{"@type":"PropertyValueSpecification","valueRequired":true,"valueName":"search_term_string"}}],"inLanguage":"es"},{"@type":"Person","@id":"https:\/\/www.yucatanencorto.com\/noticias\/#\/schema\/person\/f0ec40c33447bbc0dc2d01d3006de771","name":"Yucat\u00e1n en Corto","image":{"@type":"ImageObject","inLanguage":"es","@id":"https:\/\/secure.gravatar.com\/avatar\/20e0a6b626f38fa8e545fb3f80ce566efd790bf8877e65c3a482460cc3e0b5d1?s=96&d=mm&r=g","url":"https:\/\/secure.gravatar.com\/avatar\/20e0a6b626f38fa8e545fb3f80ce566efd790bf8877e65c3a482460cc3e0b5d1?s=96&d=mm&r=g","contentUrl":"https:\/\/secure.gravatar.com\/avatar\/20e0a6b626f38fa8e545fb3f80ce566efd790bf8877e65c3a482460cc3e0b5d1?s=96&d=mm&r=g","caption":"Yucat\u00e1n en Corto"},"url":"https:\/\/www.yucatanencorto.com\/noticias\/author\/editor25\/"}]}},"_links":{"self":[{"href":"https:\/\/www.yucatanencorto.com\/noticias\/wp-json\/wp\/v2\/posts\/114997","targetHints":{"allow":["GET"]}}],"collection":[{"href":"https:\/\/www.yucatanencorto.com\/noticias\/wp-json\/wp\/v2\/posts"}],"about":[{"href":"https:\/\/www.yucatanencorto.com\/noticias\/wp-json\/wp\/v2\/types\/post"}],"author":[{"embeddable":true,"href":"https:\/\/www.yucatanencorto.com\/noticias\/wp-json\/wp\/v2\/users\/4"}],"replies":[{"embeddable":true,"href":"https:\/\/www.yucatanencorto.com\/noticias\/wp-json\/wp\/v2\/comments?post=114997"}],"version-history":[{"count":0,"href":"https:\/\/www.yucatanencorto.com\/noticias\/wp-json\/wp\/v2\/posts\/114997\/revisions"}],"wp:featuredmedia":[{"embeddable":true,"href":"https:\/\/www.yucatanencorto.com\/noticias\/wp-json\/wp\/v2\/media\/114998"}],"wp:attachment":[{"href":"https:\/\/www.yucatanencorto.com\/noticias\/wp-json\/wp\/v2\/media?parent=114997"}],"wp:term":[{"taxonomy":"category","embeddable":true,"href":"https:\/\/www.yucatanencorto.com\/noticias\/wp-json\/wp\/v2\/categories?post=114997"},{"taxonomy":"post_tag","embeddable":true,"href":"https:\/\/www.yucatanencorto.com\/noticias\/wp-json\/wp\/v2\/tags?post=114997"}],"curies":[{"name":"wp","href":"https:\/\/api.w.org\/{rel}","templated":true}]}}