{"id":115007,"date":"2025-04-16T13:29:11","date_gmt":"2025-04-16T19:29:11","guid":{"rendered":"https:\/\/www.yucatanencorto.com\/noticias\/?p=115007"},"modified":"2025-04-16T13:29:11","modified_gmt":"2025-04-16T19:29:11","slug":"representantes-de-la-canacintra-sostienen-un-encuentro-de-trabajo-con-el-titular-de-la-agencia-de-energia-de-yucatan-aey","status":"publish","type":"post","link":"https:\/\/www.yucatanencorto.com\/noticias\/representantes-de-la-canacintra-sostienen-un-encuentro-de-trabajo-con-el-titular-de-la-agencia-de-energia-de-yucatan-aey\/","title":{"rendered":"Representantes de la Canacintra sostienen un encuentro de trabajo con el titular de la Agencia de Energ\u00eda de Yucat\u00e1n (AEY). \u00a0"},"content":{"rendered":"<p><img loading=\"lazy\" decoding=\"async\" class=\"alignnone size-full wp-image-115008\" src=\"https:\/\/www.yucatanencorto.com\/noticias\/wp-content\/uploads\/2025\/04\/WhatsApp-Image-2025-04-16-at-10.36.36-scaled.jpeg\" alt=\"\" width=\"768\" height=\"621\" srcset=\"https:\/\/www.yucatanencorto.com\/noticias\/wp-content\/uploads\/2025\/04\/WhatsApp-Image-2025-04-16-at-10.36.36-scaled.jpeg 768w, https:\/\/www.yucatanencorto.com\/noticias\/wp-content\/uploads\/2025\/04\/WhatsApp-Image-2025-04-16-at-10.36.36-1536x1242.jpeg 1536w, https:\/\/www.yucatanencorto.com\/noticias\/wp-content\/uploads\/2025\/04\/WhatsApp-Image-2025-04-16-at-10.36.36-2048x1656.jpeg 2048w, https:\/\/www.yucatanencorto.com\/noticias\/wp-content\/uploads\/2025\/04\/WhatsApp-Image-2025-04-16-at-10.36.36-150x121.jpeg 150w, https:\/\/www.yucatanencorto.com\/noticias\/wp-content\/uploads\/2025\/04\/WhatsApp-Image-2025-04-16-at-10.36.36-300x243.jpeg 300w, https:\/\/www.yucatanencorto.com\/noticias\/wp-content\/uploads\/2025\/04\/WhatsApp-Image-2025-04-16-at-10.36.36-696x563.jpeg 696w, https:\/\/www.yucatanencorto.com\/noticias\/wp-content\/uploads\/2025\/04\/WhatsApp-Image-2025-04-16-at-10.36.36-1068x864.jpeg 1068w, https:\/\/www.yucatanencorto.com\/noticias\/wp-content\/uploads\/2025\/04\/WhatsApp-Image-2025-04-16-at-10.36.36-1920x1553.jpeg 1920w\" sizes=\"auto, (max-width: 768px) 100vw, 768px\" \/><\/p>\n<p>M\u00e9rida, Yucat\u00e1n, a 16 de abril de 2025<\/p>\n<p>Impulsar el uso de las energ\u00edas renovables en hogares, empresas e industrias del Estado es el principal objetivo de la Agencia de Energ\u00eda de Yucat\u00e1n (AEY), por lo que se realiz\u00f3 un encuentro de trabajo con representantes de la C\u00e1mara Nacional de la Industria de la Transformaci\u00f3n (Canacintra), a fin de conocer los retos energ\u00e9ticos que enfrenta la industria en Yucat\u00e1n y de c\u00f3mo el sector productivo puede contribuir a reducir el consumo el\u00e9ctrico, a trav\u00e9s del uso de energ\u00edas renovables, y de la adopci\u00f3n de medidas de eficiencia energ\u00e9tica.<\/p>\n<p>Por ello, el titular de la AEY, Pablo Gamboa Miner, escuch\u00f3 las inquietudes de los miembros de la mencionada C\u00e1mara, a fin de iniciar un trabajo de coordinaci\u00f3n para que cada vez en m\u00e1s empresas e instalaciones se priorice el empleo de energ\u00eda solar, e\u00f3lica y el biodi\u00e9sel.<\/p>\n<p>Ah\u00ed, tambi\u00e9n comparti\u00f3 que la meta del Gobierno del Estado y del Gobernador, Joaqu\u00edn D\u00edaz Mena, es que la entidad produzca mayor energ\u00eda a trav\u00e9s de fuentes limpias y renovables para el consumo local y as\u00ed beneficiar a la ciudadan\u00eda con m\u00e1s alternativas de suministro.<\/p>\n<p>Ante los industriales y Alejandro G\u00f3mory, presidente de Canacintra en Yucat\u00e1n, Gamboa Miner enfatiz\u00f3 que el plan del Renacimiento Maya es que en el Estado se produzca m\u00e1s energ\u00eda.<\/p>\n<p>Por ello, record\u00f3 que actualmente funcionan cinco parques de generaci\u00f3n de energ\u00edas limpias en el territorio yucateco, tres de ellos e\u00f3licos y dos fotovoltaicos; y destac\u00f3 que el Gobierno del Estado, a trav\u00e9s de la Agencia de Energ\u00eda, tiene como objetivo apoyar a los proyectos en desarrollo y a aquellos con serias intenciones para instalarse en Yucat\u00e1n.<\/p>\n<p>En este sentido, indic\u00f3 que se eval\u00faan nuevos proyectos en la materia, mismos que van enfocados en responder a las necesidades de suministro en el territorio local, a la par de que abrir\u00e1n espacios de trabajo y de profesionalizaci\u00f3n para estudiantes en el \u00e1rea de las energ\u00edas renovables.<\/p>\n<p>Previo a finalizar el encuentro de trabajo, se finc\u00f3 el compromiso de, en conjunto, trabajar para consolidar a la Entidad como referente nacional de desarrollo energ\u00e9tico sostenible.<\/p>\n","protected":false},"excerpt":{"rendered":"<p>M\u00e9rida, Yucat\u00e1n, a 16 de abril de 2025 Impulsar el uso de las energ\u00edas renovables en hogares, empresas e industrias del Estado es el principal objetivo de la Agencia de Energ\u00eda de Yucat\u00e1n (AEY), por lo que se realiz\u00f3 un encuentro de trabajo con representantes de la C\u00e1mara Nacional de la Industria de la Transformaci\u00f3n [&hellip;]<\/p>\n","protected":false},"author":4,"featured_media":115008,"comment_status":"closed","ping_status":"closed","sticky":false,"template":"","format":"standard","meta":{"footnotes":""},"categories":[3],"tags":[],"class_list":{"0":"post-115007","1":"post","2":"type-post","3":"status-publish","4":"format-standard","5":"has-post-thumbnail","7":"category-yucatan"},"yoast_head":"<!-- This site is optimized with the Yoast SEO plugin v27.5 - https:\/\/yoast.com\/product\/yoast-seo-wordpress\/ -->\n<title>Representantes de la Canacintra sostienen un encuentro de trabajo con el titular de la Agencia de Energ\u00eda de Yucat\u00e1n (AEY). \u00a0 - Yucat\u00e1n en corto<\/title>\n<meta name=\"robots\" content=\"index, follow, max-snippet:-1, max-image-preview:large, max-video-preview:-1\" \/>\n<link rel=\"canonical\" href=\"https:\/\/www.yucatanencorto.com\/noticias\/representantes-de-la-canacintra-sostienen-un-encuentro-de-trabajo-con-el-titular-de-la-agencia-de-energia-de-yucatan-aey\/\" \/>\n<meta property=\"og:locale\" content=\"es_ES\" \/>\n<meta property=\"og:type\" content=\"article\" \/>\n<meta property=\"og:title\" content=\"Representantes de la Canacintra sostienen un encuentro de trabajo con el titular de la Agencia de Energ\u00eda de Yucat\u00e1n (AEY). \u00a0 - Yucat\u00e1n en corto\" \/>\n<meta property=\"og:description\" content=\"M\u00e9rida, Yucat\u00e1n, a 16 de abril de 2025 Impulsar el uso de las energ\u00edas renovables en hogares, empresas e industrias del Estado es el principal objetivo de la Agencia de Energ\u00eda de Yucat\u00e1n (AEY), por lo que se realiz\u00f3 un encuentro de trabajo con representantes de la C\u00e1mara Nacional de la Industria de la Transformaci\u00f3n [&hellip;]\" \/>\n<meta property=\"og:url\" content=\"https:\/\/www.yucatanencorto.com\/noticias\/representantes-de-la-canacintra-sostienen-un-encuentro-de-trabajo-con-el-titular-de-la-agencia-de-energia-de-yucatan-aey\/\" \/>\n<meta property=\"og:site_name\" content=\"Yucat\u00e1n en corto\" \/>\n<meta property=\"article:publisher\" content=\"http:\/\/www.facebook.com\/yucatanencorto\" \/>\n<meta property=\"article:published_time\" content=\"2025-04-16T19:29:11+00:00\" \/>\n<meta property=\"og:image\" content=\"https:\/\/www.yucatanencorto.com\/noticias\/wp-content\/uploads\/2025\/04\/WhatsApp-Image-2025-04-16-at-10.36.36-scaled.jpeg\" \/>\n\t<meta property=\"og:image:width\" content=\"768\" \/>\n\t<meta property=\"og:image:height\" content=\"621\" \/>\n\t<meta property=\"og:image:type\" content=\"image\/jpeg\" \/>\n<meta name=\"author\" content=\"Yucat\u00e1n en Corto\" \/>\n<meta name=\"twitter:card\" content=\"summary_large_image\" \/>\n<meta name=\"twitter:creator\" content=\"@yucatanencorto\" \/>\n<meta name=\"twitter:site\" content=\"@yucatanencorto\" \/>\n<meta name=\"twitter:label1\" content=\"Escrito por\" \/>\n\t<meta name=\"twitter:data1\" content=\"Yucat\u00e1n en Corto\" \/>\n\t<meta name=\"twitter:label2\" content=\"Tiempo de lectura\" \/>\n\t<meta name=\"twitter:data2\" content=\"2 minutos\" \/>\n<script type=\"application\/ld+json\" class=\"yoast-schema-graph\">{\"@context\":\"https:\\\/\\\/schema.org\",\"@graph\":[{\"@type\":\"Article\",\"@id\":\"https:\\\/\\\/www.yucatanencorto.com\\\/noticias\\\/representantes-de-la-canacintra-sostienen-un-encuentro-de-trabajo-con-el-titular-de-la-agencia-de-energia-de-yucatan-aey\\\/#article\",\"isPartOf\":{\"@id\":\"https:\\\/\\\/www.yucatanencorto.com\\\/noticias\\\/representantes-de-la-canacintra-sostienen-un-encuentro-de-trabajo-con-el-titular-de-la-agencia-de-energia-de-yucatan-aey\\\/\"},\"author\":{\"name\":\"Yucat\u00e1n en Corto\",\"@id\":\"https:\\\/\\\/www.yucatanencorto.com\\\/noticias\\\/#\\\/schema\\\/person\\\/f0ec40c33447bbc0dc2d01d3006de771\"},\"headline\":\"Representantes de la Canacintra sostienen un encuentro de trabajo con el titular de la Agencia de Energ\u00eda de Yucat\u00e1n (AEY). \u00a0\",\"datePublished\":\"2025-04-16T19:29:11+00:00\",\"mainEntityOfPage\":{\"@id\":\"https:\\\/\\\/www.yucatanencorto.com\\\/noticias\\\/representantes-de-la-canacintra-sostienen-un-encuentro-de-trabajo-con-el-titular-de-la-agencia-de-energia-de-yucatan-aey\\\/\"},\"wordCount\":415,\"image\":{\"@id\":\"https:\\\/\\\/www.yucatanencorto.com\\\/noticias\\\/representantes-de-la-canacintra-sostienen-un-encuentro-de-trabajo-con-el-titular-de-la-agencia-de-energia-de-yucatan-aey\\\/#primaryimage\"},\"thumbnailUrl\":\"https:\\\/\\\/www.yucatanencorto.com\\\/noticias\\\/wp-content\\\/uploads\\\/2025\\\/04\\\/WhatsApp-Image-2025-04-16-at-10.36.36-scaled.jpeg\",\"articleSection\":[\"Yucat\u00e1n\"],\"inLanguage\":\"es\"},{\"@type\":\"WebPage\",\"@id\":\"https:\\\/\\\/www.yucatanencorto.com\\\/noticias\\\/representantes-de-la-canacintra-sostienen-un-encuentro-de-trabajo-con-el-titular-de-la-agencia-de-energia-de-yucatan-aey\\\/\",\"url\":\"https:\\\/\\\/www.yucatanencorto.com\\\/noticias\\\/representantes-de-la-canacintra-sostienen-un-encuentro-de-trabajo-con-el-titular-de-la-agencia-de-energia-de-yucatan-aey\\\/\",\"name\":\"Representantes de la Canacintra sostienen un encuentro de trabajo con el titular de la Agencia de Energ\u00eda de Yucat\u00e1n (AEY). \u00a0 - Yucat\u00e1n en corto\",\"isPartOf\":{\"@id\":\"https:\\\/\\\/www.yucatanencorto.com\\\/noticias\\\/#website\"},\"primaryImageOfPage\":{\"@id\":\"https:\\\/\\\/www.yucatanencorto.com\\\/noticias\\\/representantes-de-la-canacintra-sostienen-un-encuentro-de-trabajo-con-el-titular-de-la-agencia-de-energia-de-yucatan-aey\\\/#primaryimage\"},\"image\":{\"@id\":\"https:\\\/\\\/www.yucatanencorto.com\\\/noticias\\\/representantes-de-la-canacintra-sostienen-un-encuentro-de-trabajo-con-el-titular-de-la-agencia-de-energia-de-yucatan-aey\\\/#primaryimage\"},\"thumbnailUrl\":\"https:\\\/\\\/www.yucatanencorto.com\\\/noticias\\\/wp-content\\\/uploads\\\/2025\\\/04\\\/WhatsApp-Image-2025-04-16-at-10.36.36-scaled.jpeg\",\"datePublished\":\"2025-04-16T19:29:11+00:00\",\"author\":{\"@id\":\"https:\\\/\\\/www.yucatanencorto.com\\\/noticias\\\/#\\\/schema\\\/person\\\/f0ec40c33447bbc0dc2d01d3006de771\"},\"breadcrumb\":{\"@id\":\"https:\\\/\\\/www.yucatanencorto.com\\\/noticias\\\/representantes-de-la-canacintra-sostienen-un-encuentro-de-trabajo-con-el-titular-de-la-agencia-de-energia-de-yucatan-aey\\\/#breadcrumb\"},\"inLanguage\":\"es\",\"potentialAction\":[{\"@type\":\"ReadAction\",\"target\":[\"https:\\\/\\\/www.yucatanencorto.com\\\/noticias\\\/representantes-de-la-canacintra-sostienen-un-encuentro-de-trabajo-con-el-titular-de-la-agencia-de-energia-de-yucatan-aey\\\/\"]}]},{\"@type\":\"ImageObject\",\"inLanguage\":\"es\",\"@id\":\"https:\\\/\\\/www.yucatanencorto.com\\\/noticias\\\/representantes-de-la-canacintra-sostienen-un-encuentro-de-trabajo-con-el-titular-de-la-agencia-de-energia-de-yucatan-aey\\\/#primaryimage\",\"url\":\"https:\\\/\\\/www.yucatanencorto.com\\\/noticias\\\/wp-content\\\/uploads\\\/2025\\\/04\\\/WhatsApp-Image-2025-04-16-at-10.36.36-scaled.jpeg\",\"contentUrl\":\"https:\\\/\\\/www.yucatanencorto.com\\\/noticias\\\/wp-content\\\/uploads\\\/2025\\\/04\\\/WhatsApp-Image-2025-04-16-at-10.36.36-scaled.jpeg\",\"width\":768,\"height\":621},{\"@type\":\"BreadcrumbList\",\"@id\":\"https:\\\/\\\/www.yucatanencorto.com\\\/noticias\\\/representantes-de-la-canacintra-sostienen-un-encuentro-de-trabajo-con-el-titular-de-la-agencia-de-energia-de-yucatan-aey\\\/#breadcrumb\",\"itemListElement\":[{\"@type\":\"ListItem\",\"position\":1,\"name\":\"Portada\",\"item\":\"https:\\\/\\\/www.yucatanencorto.com\\\/noticias\\\/\"},{\"@type\":\"ListItem\",\"position\":2,\"name\":\"Representantes de la Canacintra sostienen un encuentro de trabajo con el titular de la Agencia de Energ\u00eda de Yucat\u00e1n (AEY). \u00a0\"}]},{\"@type\":\"WebSite\",\"@id\":\"https:\\\/\\\/www.yucatanencorto.com\\\/noticias\\\/#website\",\"url\":\"https:\\\/\\\/www.yucatanencorto.com\\\/noticias\\\/\",\"name\":\"Yucat\u00e1n en corto\",\"description\":\"Noticias\",\"potentialAction\":[{\"@type\":\"SearchAction\",\"target\":{\"@type\":\"EntryPoint\",\"urlTemplate\":\"https:\\\/\\\/www.yucatanencorto.com\\\/noticias\\\/?s={search_term_string}\"},\"query-input\":{\"@type\":\"PropertyValueSpecification\",\"valueRequired\":true,\"valueName\":\"search_term_string\"}}],\"inLanguage\":\"es\"},{\"@type\":\"Person\",\"@id\":\"https:\\\/\\\/www.yucatanencorto.com\\\/noticias\\\/#\\\/schema\\\/person\\\/f0ec40c33447bbc0dc2d01d3006de771\",\"name\":\"Yucat\u00e1n en Corto\",\"image\":{\"@type\":\"ImageObject\",\"inLanguage\":\"es\",\"@id\":\"https:\\\/\\\/secure.gravatar.com\\\/avatar\\\/20e0a6b626f38fa8e545fb3f80ce566efd790bf8877e65c3a482460cc3e0b5d1?s=96&d=mm&r=g\",\"url\":\"https:\\\/\\\/secure.gravatar.com\\\/avatar\\\/20e0a6b626f38fa8e545fb3f80ce566efd790bf8877e65c3a482460cc3e0b5d1?s=96&d=mm&r=g\",\"contentUrl\":\"https:\\\/\\\/secure.gravatar.com\\\/avatar\\\/20e0a6b626f38fa8e545fb3f80ce566efd790bf8877e65c3a482460cc3e0b5d1?s=96&d=mm&r=g\",\"caption\":\"Yucat\u00e1n en Corto\"},\"url\":\"https:\\\/\\\/www.yucatanencorto.com\\\/noticias\\\/author\\\/editor25\\\/\"}]}<\/script>\n<!-- \/ Yoast SEO plugin. -->","yoast_head_json":{"title":"Representantes de la Canacintra sostienen un encuentro de trabajo con el titular de la Agencia de Energ\u00eda de Yucat\u00e1n (AEY). \u00a0 - Yucat\u00e1n en corto","robots":{"index":"index","follow":"follow","max-snippet":"max-snippet:-1","max-image-preview":"max-image-preview:large","max-video-preview":"max-video-preview:-1"},"canonical":"https:\/\/www.yucatanencorto.com\/noticias\/representantes-de-la-canacintra-sostienen-un-encuentro-de-trabajo-con-el-titular-de-la-agencia-de-energia-de-yucatan-aey\/","og_locale":"es_ES","og_type":"article","og_title":"Representantes de la Canacintra sostienen un encuentro de trabajo con el titular de la Agencia de Energ\u00eda de Yucat\u00e1n (AEY). \u00a0 - Yucat\u00e1n en corto","og_description":"M\u00e9rida, Yucat\u00e1n, a 16 de abril de 2025 Impulsar el uso de las energ\u00edas renovables en hogares, empresas e industrias del Estado es el principal objetivo de la Agencia de Energ\u00eda de Yucat\u00e1n (AEY), por lo que se realiz\u00f3 un encuentro de trabajo con representantes de la C\u00e1mara Nacional de la Industria de la Transformaci\u00f3n [&hellip;]","og_url":"https:\/\/www.yucatanencorto.com\/noticias\/representantes-de-la-canacintra-sostienen-un-encuentro-de-trabajo-con-el-titular-de-la-agencia-de-energia-de-yucatan-aey\/","og_site_name":"Yucat\u00e1n en corto","article_publisher":"http:\/\/www.facebook.com\/yucatanencorto","article_published_time":"2025-04-16T19:29:11+00:00","og_image":[{"width":768,"height":621,"url":"https:\/\/www.yucatanencorto.com\/noticias\/wp-content\/uploads\/2025\/04\/WhatsApp-Image-2025-04-16-at-10.36.36-scaled.jpeg","type":"image\/jpeg"}],"author":"Yucat\u00e1n en Corto","twitter_card":"summary_large_image","twitter_creator":"@yucatanencorto","twitter_site":"@yucatanencorto","twitter_misc":{"Escrito por":"Yucat\u00e1n en Corto","Tiempo de lectura":"2 minutos"},"schema":{"@context":"https:\/\/schema.org","@graph":[{"@type":"Article","@id":"https:\/\/www.yucatanencorto.com\/noticias\/representantes-de-la-canacintra-sostienen-un-encuentro-de-trabajo-con-el-titular-de-la-agencia-de-energia-de-yucatan-aey\/#article","isPartOf":{"@id":"https:\/\/www.yucatanencorto.com\/noticias\/representantes-de-la-canacintra-sostienen-un-encuentro-de-trabajo-con-el-titular-de-la-agencia-de-energia-de-yucatan-aey\/"},"author":{"name":"Yucat\u00e1n en Corto","@id":"https:\/\/www.yucatanencorto.com\/noticias\/#\/schema\/person\/f0ec40c33447bbc0dc2d01d3006de771"},"headline":"Representantes de la Canacintra sostienen un encuentro de trabajo con el titular de la Agencia de Energ\u00eda de Yucat\u00e1n (AEY). \u00a0","datePublished":"2025-04-16T19:29:11+00:00","mainEntityOfPage":{"@id":"https:\/\/www.yucatanencorto.com\/noticias\/representantes-de-la-canacintra-sostienen-un-encuentro-de-trabajo-con-el-titular-de-la-agencia-de-energia-de-yucatan-aey\/"},"wordCount":415,"image":{"@id":"https:\/\/www.yucatanencorto.com\/noticias\/representantes-de-la-canacintra-sostienen-un-encuentro-de-trabajo-con-el-titular-de-la-agencia-de-energia-de-yucatan-aey\/#primaryimage"},"thumbnailUrl":"https:\/\/www.yucatanencorto.com\/noticias\/wp-content\/uploads\/2025\/04\/WhatsApp-Image-2025-04-16-at-10.36.36-scaled.jpeg","articleSection":["Yucat\u00e1n"],"inLanguage":"es"},{"@type":"WebPage","@id":"https:\/\/www.yucatanencorto.com\/noticias\/representantes-de-la-canacintra-sostienen-un-encuentro-de-trabajo-con-el-titular-de-la-agencia-de-energia-de-yucatan-aey\/","url":"https:\/\/www.yucatanencorto.com\/noticias\/representantes-de-la-canacintra-sostienen-un-encuentro-de-trabajo-con-el-titular-de-la-agencia-de-energia-de-yucatan-aey\/","name":"Representantes de la Canacintra sostienen un encuentro de trabajo con el titular de la Agencia de Energ\u00eda de Yucat\u00e1n (AEY). \u00a0 - Yucat\u00e1n en corto","isPartOf":{"@id":"https:\/\/www.yucatanencorto.com\/noticias\/#website"},"primaryImageOfPage":{"@id":"https:\/\/www.yucatanencorto.com\/noticias\/representantes-de-la-canacintra-sostienen-un-encuentro-de-trabajo-con-el-titular-de-la-agencia-de-energia-de-yucatan-aey\/#primaryimage"},"image":{"@id":"https:\/\/www.yucatanencorto.com\/noticias\/representantes-de-la-canacintra-sostienen-un-encuentro-de-trabajo-con-el-titular-de-la-agencia-de-energia-de-yucatan-aey\/#primaryimage"},"thumbnailUrl":"https:\/\/www.yucatanencorto.com\/noticias\/wp-content\/uploads\/2025\/04\/WhatsApp-Image-2025-04-16-at-10.36.36-scaled.jpeg","datePublished":"2025-04-16T19:29:11+00:00","author":{"@id":"https:\/\/www.yucatanencorto.com\/noticias\/#\/schema\/person\/f0ec40c33447bbc0dc2d01d3006de771"},"breadcrumb":{"@id":"https:\/\/www.yucatanencorto.com\/noticias\/representantes-de-la-canacintra-sostienen-un-encuentro-de-trabajo-con-el-titular-de-la-agencia-de-energia-de-yucatan-aey\/#breadcrumb"},"inLanguage":"es","potentialAction":[{"@type":"ReadAction","target":["https:\/\/www.yucatanencorto.com\/noticias\/representantes-de-la-canacintra-sostienen-un-encuentro-de-trabajo-con-el-titular-de-la-agencia-de-energia-de-yucatan-aey\/"]}]},{"@type":"ImageObject","inLanguage":"es","@id":"https:\/\/www.yucatanencorto.com\/noticias\/representantes-de-la-canacintra-sostienen-un-encuentro-de-trabajo-con-el-titular-de-la-agencia-de-energia-de-yucatan-aey\/#primaryimage","url":"https:\/\/www.yucatanencorto.com\/noticias\/wp-content\/uploads\/2025\/04\/WhatsApp-Image-2025-04-16-at-10.36.36-scaled.jpeg","contentUrl":"https:\/\/www.yucatanencorto.com\/noticias\/wp-content\/uploads\/2025\/04\/WhatsApp-Image-2025-04-16-at-10.36.36-scaled.jpeg","width":768,"height":621},{"@type":"BreadcrumbList","@id":"https:\/\/www.yucatanencorto.com\/noticias\/representantes-de-la-canacintra-sostienen-un-encuentro-de-trabajo-con-el-titular-de-la-agencia-de-energia-de-yucatan-aey\/#breadcrumb","itemListElement":[{"@type":"ListItem","position":1,"name":"Portada","item":"https:\/\/www.yucatanencorto.com\/noticias\/"},{"@type":"ListItem","position":2,"name":"Representantes de la Canacintra sostienen un encuentro de trabajo con el titular de la Agencia de Energ\u00eda de Yucat\u00e1n (AEY). \u00a0"}]},{"@type":"WebSite","@id":"https:\/\/www.yucatanencorto.com\/noticias\/#website","url":"https:\/\/www.yucatanencorto.com\/noticias\/","name":"Yucat\u00e1n en corto","description":"Noticias","potentialAction":[{"@type":"SearchAction","target":{"@type":"EntryPoint","urlTemplate":"https:\/\/www.yucatanencorto.com\/noticias\/?s={search_term_string}"},"query-input":{"@type":"PropertyValueSpecification","valueRequired":true,"valueName":"search_term_string"}}],"inLanguage":"es"},{"@type":"Person","@id":"https:\/\/www.yucatanencorto.com\/noticias\/#\/schema\/person\/f0ec40c33447bbc0dc2d01d3006de771","name":"Yucat\u00e1n en Corto","image":{"@type":"ImageObject","inLanguage":"es","@id":"https:\/\/secure.gravatar.com\/avatar\/20e0a6b626f38fa8e545fb3f80ce566efd790bf8877e65c3a482460cc3e0b5d1?s=96&d=mm&r=g","url":"https:\/\/secure.gravatar.com\/avatar\/20e0a6b626f38fa8e545fb3f80ce566efd790bf8877e65c3a482460cc3e0b5d1?s=96&d=mm&r=g","contentUrl":"https:\/\/secure.gravatar.com\/avatar\/20e0a6b626f38fa8e545fb3f80ce566efd790bf8877e65c3a482460cc3e0b5d1?s=96&d=mm&r=g","caption":"Yucat\u00e1n en Corto"},"url":"https:\/\/www.yucatanencorto.com\/noticias\/author\/editor25\/"}]}},"_links":{"self":[{"href":"https:\/\/www.yucatanencorto.com\/noticias\/wp-json\/wp\/v2\/posts\/115007","targetHints":{"allow":["GET"]}}],"collection":[{"href":"https:\/\/www.yucatanencorto.com\/noticias\/wp-json\/wp\/v2\/posts"}],"about":[{"href":"https:\/\/www.yucatanencorto.com\/noticias\/wp-json\/wp\/v2\/types\/post"}],"author":[{"embeddable":true,"href":"https:\/\/www.yucatanencorto.com\/noticias\/wp-json\/wp\/v2\/users\/4"}],"replies":[{"embeddable":true,"href":"https:\/\/www.yucatanencorto.com\/noticias\/wp-json\/wp\/v2\/comments?post=115007"}],"version-history":[{"count":0,"href":"https:\/\/www.yucatanencorto.com\/noticias\/wp-json\/wp\/v2\/posts\/115007\/revisions"}],"wp:featuredmedia":[{"embeddable":true,"href":"https:\/\/www.yucatanencorto.com\/noticias\/wp-json\/wp\/v2\/media\/115008"}],"wp:attachment":[{"href":"https:\/\/www.yucatanencorto.com\/noticias\/wp-json\/wp\/v2\/media?parent=115007"}],"wp:term":[{"taxonomy":"category","embeddable":true,"href":"https:\/\/www.yucatanencorto.com\/noticias\/wp-json\/wp\/v2\/categories?post=115007"},{"taxonomy":"post_tag","embeddable":true,"href":"https:\/\/www.yucatanencorto.com\/noticias\/wp-json\/wp\/v2\/tags?post=115007"}],"curies":[{"name":"wp","href":"https:\/\/api.w.org\/{rel}","templated":true}]}}