{"id":115014,"date":"2025-04-16T16:55:29","date_gmt":"2025-04-16T22:55:29","guid":{"rendered":"https:\/\/www.yucatanencorto.com\/noticias\/?p=115014"},"modified":"2025-04-16T16:55:29","modified_gmt":"2025-04-16T22:55:29","slug":"firman-alianza-por-una-merida-mas-verde-y-sustentable","status":"publish","type":"post","link":"https:\/\/www.yucatanencorto.com\/noticias\/firman-alianza-por-una-merida-mas-verde-y-sustentable\/","title":{"rendered":"Firman alianza por una M\u00e9rida m\u00e1s verde y sustentable."},"content":{"rendered":"<p><img loading=\"lazy\" decoding=\"async\" class=\"alignnone size-full wp-image-115016\" src=\"https:\/\/www.yucatanencorto.com\/noticias\/wp-content\/uploads\/2025\/04\/WhatsApp-Image-2025-04-16-at-16.33.36-scaled.jpeg\" alt=\"\" width=\"768\" height=\"512\" srcset=\"https:\/\/www.yucatanencorto.com\/noticias\/wp-content\/uploads\/2025\/04\/WhatsApp-Image-2025-04-16-at-16.33.36-scaled.jpeg 768w, https:\/\/www.yucatanencorto.com\/noticias\/wp-content\/uploads\/2025\/04\/WhatsApp-Image-2025-04-16-at-16.33.36-150x100.jpeg 150w, https:\/\/www.yucatanencorto.com\/noticias\/wp-content\/uploads\/2025\/04\/WhatsApp-Image-2025-04-16-at-16.33.36-300x200.jpeg 300w, https:\/\/www.yucatanencorto.com\/noticias\/wp-content\/uploads\/2025\/04\/WhatsApp-Image-2025-04-16-at-16.33.36-696x464.jpeg 696w, https:\/\/www.yucatanencorto.com\/noticias\/wp-content\/uploads\/2025\/04\/WhatsApp-Image-2025-04-16-at-16.33.36-1068x712.jpeg 1068w\" sizes=\"auto, (max-width: 768px) 100vw, 768px\" \/><\/p>\n<p>&nbsp;<\/p>\n<p>M\u00e9rida, Yucat\u00e1n a mi\u00e9rcoles 16 de abril de 2025.- En un paso firme hacia un futuro m\u00e1s verde y resiliente, el Ayuntamiento de M\u00e9rida y el Centro de Investigaci\u00f3n Cient\u00edfica de Yucat\u00e1n (CICY) firmaron un convenio para impulsar proyectos que beneficien a las familias meridanas.<\/p>\n<p>La Presidenta Municipal Cecilia Patr\u00f3n Laviada expres\u00f3 su entusiasmo por esta alianza para transformar la ciudad a trav\u00e9s del conocimiento cient\u00edfico y la acci\u00f3n gubernamental.<\/p>\n<p>\u00abDesde el Ayuntamiento, tenemos la capacidad de hacer las cosas de manera directa y efectiva, y con esta sinergia, estamos seguros de que tendremos grandes resultados\u00bb, expres\u00f3.<\/p>\n<p>\u00abNuestro compromiso es trabajar en equipo para proteger y conservar M\u00e9rida, que crece d\u00eda a d\u00eda con nuevas familias que llegan a vivir aqu\u00ed, y que debemos hacerlo con orden preservando nuestro entorno e innovando para potenciarlo\u201d, subray\u00f3.<\/p>\n<p>Este acuerdo permitir\u00e1 fortalecer la infraestructura verde de M\u00e9rida, promoviendo la conservaci\u00f3n de ecosistemas urbanos y la creaci\u00f3n de corredores verdes que ayuden a reducir las temperaturas en la ciudad que, en los \u00faltimos a\u00f1os, ha aumentado.<\/p>\n<p>Con esta colaboraci\u00f3n de investigadores y expertos, permitir\u00e1 al Ayuntamiento implementar soluciones innovadoras y tecnolog\u00edas que aceleran el crecimiento de los \u00e1rboles, garantizando su supervivencia y beneficios a largo plazo.<\/p>\n<p>Cecilia Patr\u00f3n tambi\u00e9n comparti\u00f3 su visi\u00f3n sobre la importancia de involucrar a la ciudadan\u00eda en el cuidado de la ciudad, desde la separaci\u00f3n de residuos hasta la protecci\u00f3n de espacios verdes.<\/p>\n<p>Asimismo anunci\u00f3 que M\u00e9rida invertir\u00e1 en programas de capacitaci\u00f3n para el personal municipal y la sociedad en general, con el fin de convertir a los ciudadanos en guardianes del medio ambiente. La iniciativa contempla tambi\u00e9n la creaci\u00f3n de campa\u00f1as de sensibilizaci\u00f3n y acciones concretas, como la siembra de 250 mil plantas y \u00e1rboles en diferentes zonas de la ciudad, con el acompa\u00f1amiento t\u00e9cnico del CICY para asegurar su supervivencia.<\/p>\n<p>\u201cNuestro objetivo es que M\u00e9rida sea una ciudad m\u00e1s saludable, con espacios verdes que beneficien a todos y que sean un legado para las futuras generaciones y la colaboraci\u00f3n con el CICY es fundamental para lograrlo\u201d.<\/p>\n<p>\u201cEl conocimiento es una herramienta poderosa para transformar nuestra ciudad. Juntos, podemos construir una M\u00e9rida m\u00e1s sustentable, resiliente y justa para todos. Sigamos trabajando en equipo, porque solo as\u00ed lograremos una ciudad m\u00e1s verde y sustentable\u201d, concluy\u00f3 Cecilia Patr\u00f3n.<\/p>\n<p>Por su parte, la Dra. Maira Rub\u00ed Segura Campos, directora general del CICY, resalt\u00f3 la importancia de que la ciencia deje de estar confinada a los laboratorios y pase a tener un impacto directo en la sociedad.<\/p>\n<p>\u201cNuestro centro ha sido testigo del crecimiento de M\u00e9rida y ha contribuido con investigaciones en biodiversidad, recursos naturales y sostenibilidad. Hoy, renovamos nuestro compromiso de trabajar en proyectos concretos que mejoren la calidad de vida de todos los habitantes, integrando el conocimiento cient\u00edfico en la planificaci\u00f3n urbana y en acciones que protejan nuestro entorno\u201d, afirm\u00f3.<\/p>\n<p>Dicho convenio contempla cuatro ejes: Sustentabilidad y \u00e1reas verdes; Gesti\u00f3n del agua y resiliencia clim\u00e1tica; Ciudades inteligentes y bienestar comunitario; y Participaci\u00f3n ciudadana y educaci\u00f3n ambiental.<\/p>\n<p>Atestiguaron la firma de este compromiso Carlos Francisco Vi\u00f1as Heredia, coordinador general de Desarrollo Ordenado y Gesti\u00f3n de la Ciudad; los directores Carmen Gonz\u00e1lez Mart\u00edn, de Gobernaci\u00f3n; Ra\u00fal Escalante Aguilar, de la Unidad de Medio Ambiente y Bienestar Animal; Sandra Araceli Garc\u00eda Peregrina, de la Reserva Cuxtal, y Jorge Luis Avil\u00e9s Lizama, secretario t\u00e9cnico de la Unidad de Planeaci\u00f3n y Gesti\u00f3n.<\/p>\n<p>Tambi\u00e9n se cont\u00f3 con la presencia de las diputadas locales Sayda Rodr\u00edguez G\u00f3mez y Manuela Cocom Bolio, as\u00ed como del Regidor Juan de Dios Colli Pinto.<\/p>\n","protected":false},"excerpt":{"rendered":"<p>&nbsp; M\u00e9rida, Yucat\u00e1n a mi\u00e9rcoles 16 de abril de 2025.- En un paso firme hacia un futuro m\u00e1s verde y resiliente, el Ayuntamiento de M\u00e9rida y el Centro de Investigaci\u00f3n Cient\u00edfica de Yucat\u00e1n (CICY) firmaron un convenio para impulsar proyectos que beneficien a las familias meridanas. La Presidenta Municipal Cecilia Patr\u00f3n Laviada expres\u00f3 su entusiasmo [&hellip;]<\/p>\n","protected":false},"author":4,"featured_media":115016,"comment_status":"closed","ping_status":"closed","sticky":false,"template":"","format":"standard","meta":{"footnotes":""},"categories":[3],"tags":[],"class_list":{"0":"post-115014","1":"post","2":"type-post","3":"status-publish","4":"format-standard","5":"has-post-thumbnail","7":"category-yucatan"},"yoast_head":"<!-- This site is optimized with the Yoast SEO plugin v27.5 - https:\/\/yoast.com\/product\/yoast-seo-wordpress\/ -->\n<title>Firman alianza por una M\u00e9rida m\u00e1s verde y sustentable. - Yucat\u00e1n en corto<\/title>\n<meta name=\"robots\" content=\"index, follow, max-snippet:-1, max-image-preview:large, max-video-preview:-1\" \/>\n<link rel=\"canonical\" href=\"https:\/\/www.yucatanencorto.com\/noticias\/firman-alianza-por-una-merida-mas-verde-y-sustentable\/\" \/>\n<meta property=\"og:locale\" content=\"es_ES\" \/>\n<meta property=\"og:type\" content=\"article\" \/>\n<meta property=\"og:title\" content=\"Firman alianza por una M\u00e9rida m\u00e1s verde y sustentable. - Yucat\u00e1n en corto\" \/>\n<meta property=\"og:description\" content=\"&nbsp; M\u00e9rida, Yucat\u00e1n a mi\u00e9rcoles 16 de abril de 2025.- En un paso firme hacia un futuro m\u00e1s verde y resiliente, el Ayuntamiento de M\u00e9rida y el Centro de Investigaci\u00f3n Cient\u00edfica de Yucat\u00e1n (CICY) firmaron un convenio para impulsar proyectos que beneficien a las familias meridanas. La Presidenta Municipal Cecilia Patr\u00f3n Laviada expres\u00f3 su entusiasmo [&hellip;]\" \/>\n<meta property=\"og:url\" content=\"https:\/\/www.yucatanencorto.com\/noticias\/firman-alianza-por-una-merida-mas-verde-y-sustentable\/\" \/>\n<meta property=\"og:site_name\" content=\"Yucat\u00e1n en corto\" \/>\n<meta property=\"article:publisher\" content=\"http:\/\/www.facebook.com\/yucatanencorto\" \/>\n<meta property=\"article:published_time\" content=\"2025-04-16T22:55:29+00:00\" \/>\n<meta property=\"og:image\" content=\"https:\/\/www.yucatanencorto.com\/noticias\/wp-content\/uploads\/2025\/04\/WhatsApp-Image-2025-04-16-at-16.33.36-scaled.jpeg\" \/>\n\t<meta property=\"og:image:width\" content=\"768\" \/>\n\t<meta property=\"og:image:height\" content=\"512\" \/>\n\t<meta property=\"og:image:type\" content=\"image\/jpeg\" \/>\n<meta name=\"author\" content=\"Yucat\u00e1n en Corto\" \/>\n<meta name=\"twitter:card\" content=\"summary_large_image\" \/>\n<meta name=\"twitter:creator\" content=\"@yucatanencorto\" \/>\n<meta name=\"twitter:site\" content=\"@yucatanencorto\" \/>\n<meta name=\"twitter:label1\" content=\"Escrito por\" \/>\n\t<meta name=\"twitter:data1\" content=\"Yucat\u00e1n en Corto\" \/>\n\t<meta name=\"twitter:label2\" content=\"Tiempo de lectura\" \/>\n\t<meta name=\"twitter:data2\" content=\"3 minutos\" \/>\n<script type=\"application\/ld+json\" class=\"yoast-schema-graph\">{\"@context\":\"https:\\\/\\\/schema.org\",\"@graph\":[{\"@type\":\"Article\",\"@id\":\"https:\\\/\\\/www.yucatanencorto.com\\\/noticias\\\/firman-alianza-por-una-merida-mas-verde-y-sustentable\\\/#article\",\"isPartOf\":{\"@id\":\"https:\\\/\\\/www.yucatanencorto.com\\\/noticias\\\/firman-alianza-por-una-merida-mas-verde-y-sustentable\\\/\"},\"author\":{\"name\":\"Yucat\u00e1n en Corto\",\"@id\":\"https:\\\/\\\/www.yucatanencorto.com\\\/noticias\\\/#\\\/schema\\\/person\\\/f0ec40c33447bbc0dc2d01d3006de771\"},\"headline\":\"Firman alianza por una M\u00e9rida m\u00e1s verde y sustentable.\",\"datePublished\":\"2025-04-16T22:55:29+00:00\",\"mainEntityOfPage\":{\"@id\":\"https:\\\/\\\/www.yucatanencorto.com\\\/noticias\\\/firman-alianza-por-una-merida-mas-verde-y-sustentable\\\/\"},\"wordCount\":655,\"image\":{\"@id\":\"https:\\\/\\\/www.yucatanencorto.com\\\/noticias\\\/firman-alianza-por-una-merida-mas-verde-y-sustentable\\\/#primaryimage\"},\"thumbnailUrl\":\"https:\\\/\\\/www.yucatanencorto.com\\\/noticias\\\/wp-content\\\/uploads\\\/2025\\\/04\\\/WhatsApp-Image-2025-04-16-at-16.33.36-scaled.jpeg\",\"articleSection\":[\"Yucat\u00e1n\"],\"inLanguage\":\"es\"},{\"@type\":\"WebPage\",\"@id\":\"https:\\\/\\\/www.yucatanencorto.com\\\/noticias\\\/firman-alianza-por-una-merida-mas-verde-y-sustentable\\\/\",\"url\":\"https:\\\/\\\/www.yucatanencorto.com\\\/noticias\\\/firman-alianza-por-una-merida-mas-verde-y-sustentable\\\/\",\"name\":\"Firman alianza por una M\u00e9rida m\u00e1s verde y sustentable. - Yucat\u00e1n en corto\",\"isPartOf\":{\"@id\":\"https:\\\/\\\/www.yucatanencorto.com\\\/noticias\\\/#website\"},\"primaryImageOfPage\":{\"@id\":\"https:\\\/\\\/www.yucatanencorto.com\\\/noticias\\\/firman-alianza-por-una-merida-mas-verde-y-sustentable\\\/#primaryimage\"},\"image\":{\"@id\":\"https:\\\/\\\/www.yucatanencorto.com\\\/noticias\\\/firman-alianza-por-una-merida-mas-verde-y-sustentable\\\/#primaryimage\"},\"thumbnailUrl\":\"https:\\\/\\\/www.yucatanencorto.com\\\/noticias\\\/wp-content\\\/uploads\\\/2025\\\/04\\\/WhatsApp-Image-2025-04-16-at-16.33.36-scaled.jpeg\",\"datePublished\":\"2025-04-16T22:55:29+00:00\",\"author\":{\"@id\":\"https:\\\/\\\/www.yucatanencorto.com\\\/noticias\\\/#\\\/schema\\\/person\\\/f0ec40c33447bbc0dc2d01d3006de771\"},\"breadcrumb\":{\"@id\":\"https:\\\/\\\/www.yucatanencorto.com\\\/noticias\\\/firman-alianza-por-una-merida-mas-verde-y-sustentable\\\/#breadcrumb\"},\"inLanguage\":\"es\",\"potentialAction\":[{\"@type\":\"ReadAction\",\"target\":[\"https:\\\/\\\/www.yucatanencorto.com\\\/noticias\\\/firman-alianza-por-una-merida-mas-verde-y-sustentable\\\/\"]}]},{\"@type\":\"ImageObject\",\"inLanguage\":\"es\",\"@id\":\"https:\\\/\\\/www.yucatanencorto.com\\\/noticias\\\/firman-alianza-por-una-merida-mas-verde-y-sustentable\\\/#primaryimage\",\"url\":\"https:\\\/\\\/www.yucatanencorto.com\\\/noticias\\\/wp-content\\\/uploads\\\/2025\\\/04\\\/WhatsApp-Image-2025-04-16-at-16.33.36-scaled.jpeg\",\"contentUrl\":\"https:\\\/\\\/www.yucatanencorto.com\\\/noticias\\\/wp-content\\\/uploads\\\/2025\\\/04\\\/WhatsApp-Image-2025-04-16-at-16.33.36-scaled.jpeg\",\"width\":768,\"height\":512},{\"@type\":\"BreadcrumbList\",\"@id\":\"https:\\\/\\\/www.yucatanencorto.com\\\/noticias\\\/firman-alianza-por-una-merida-mas-verde-y-sustentable\\\/#breadcrumb\",\"itemListElement\":[{\"@type\":\"ListItem\",\"position\":1,\"name\":\"Portada\",\"item\":\"https:\\\/\\\/www.yucatanencorto.com\\\/noticias\\\/\"},{\"@type\":\"ListItem\",\"position\":2,\"name\":\"Firman alianza por una M\u00e9rida m\u00e1s verde y sustentable.\"}]},{\"@type\":\"WebSite\",\"@id\":\"https:\\\/\\\/www.yucatanencorto.com\\\/noticias\\\/#website\",\"url\":\"https:\\\/\\\/www.yucatanencorto.com\\\/noticias\\\/\",\"name\":\"Yucat\u00e1n en corto\",\"description\":\"Noticias\",\"potentialAction\":[{\"@type\":\"SearchAction\",\"target\":{\"@type\":\"EntryPoint\",\"urlTemplate\":\"https:\\\/\\\/www.yucatanencorto.com\\\/noticias\\\/?s={search_term_string}\"},\"query-input\":{\"@type\":\"PropertyValueSpecification\",\"valueRequired\":true,\"valueName\":\"search_term_string\"}}],\"inLanguage\":\"es\"},{\"@type\":\"Person\",\"@id\":\"https:\\\/\\\/www.yucatanencorto.com\\\/noticias\\\/#\\\/schema\\\/person\\\/f0ec40c33447bbc0dc2d01d3006de771\",\"name\":\"Yucat\u00e1n en Corto\",\"image\":{\"@type\":\"ImageObject\",\"inLanguage\":\"es\",\"@id\":\"https:\\\/\\\/secure.gravatar.com\\\/avatar\\\/20e0a6b626f38fa8e545fb3f80ce566efd790bf8877e65c3a482460cc3e0b5d1?s=96&d=mm&r=g\",\"url\":\"https:\\\/\\\/secure.gravatar.com\\\/avatar\\\/20e0a6b626f38fa8e545fb3f80ce566efd790bf8877e65c3a482460cc3e0b5d1?s=96&d=mm&r=g\",\"contentUrl\":\"https:\\\/\\\/secure.gravatar.com\\\/avatar\\\/20e0a6b626f38fa8e545fb3f80ce566efd790bf8877e65c3a482460cc3e0b5d1?s=96&d=mm&r=g\",\"caption\":\"Yucat\u00e1n en Corto\"},\"url\":\"https:\\\/\\\/www.yucatanencorto.com\\\/noticias\\\/author\\\/editor25\\\/\"}]}<\/script>\n<!-- \/ Yoast SEO plugin. -->","yoast_head_json":{"title":"Firman alianza por una M\u00e9rida m\u00e1s verde y sustentable. - Yucat\u00e1n en corto","robots":{"index":"index","follow":"follow","max-snippet":"max-snippet:-1","max-image-preview":"max-image-preview:large","max-video-preview":"max-video-preview:-1"},"canonical":"https:\/\/www.yucatanencorto.com\/noticias\/firman-alianza-por-una-merida-mas-verde-y-sustentable\/","og_locale":"es_ES","og_type":"article","og_title":"Firman alianza por una M\u00e9rida m\u00e1s verde y sustentable. - Yucat\u00e1n en corto","og_description":"&nbsp; M\u00e9rida, Yucat\u00e1n a mi\u00e9rcoles 16 de abril de 2025.- En un paso firme hacia un futuro m\u00e1s verde y resiliente, el Ayuntamiento de M\u00e9rida y el Centro de Investigaci\u00f3n Cient\u00edfica de Yucat\u00e1n (CICY) firmaron un convenio para impulsar proyectos que beneficien a las familias meridanas. La Presidenta Municipal Cecilia Patr\u00f3n Laviada expres\u00f3 su entusiasmo [&hellip;]","og_url":"https:\/\/www.yucatanencorto.com\/noticias\/firman-alianza-por-una-merida-mas-verde-y-sustentable\/","og_site_name":"Yucat\u00e1n en corto","article_publisher":"http:\/\/www.facebook.com\/yucatanencorto","article_published_time":"2025-04-16T22:55:29+00:00","og_image":[{"width":768,"height":512,"url":"https:\/\/www.yucatanencorto.com\/noticias\/wp-content\/uploads\/2025\/04\/WhatsApp-Image-2025-04-16-at-16.33.36-scaled.jpeg","type":"image\/jpeg"}],"author":"Yucat\u00e1n en Corto","twitter_card":"summary_large_image","twitter_creator":"@yucatanencorto","twitter_site":"@yucatanencorto","twitter_misc":{"Escrito por":"Yucat\u00e1n en Corto","Tiempo de lectura":"3 minutos"},"schema":{"@context":"https:\/\/schema.org","@graph":[{"@type":"Article","@id":"https:\/\/www.yucatanencorto.com\/noticias\/firman-alianza-por-una-merida-mas-verde-y-sustentable\/#article","isPartOf":{"@id":"https:\/\/www.yucatanencorto.com\/noticias\/firman-alianza-por-una-merida-mas-verde-y-sustentable\/"},"author":{"name":"Yucat\u00e1n en Corto","@id":"https:\/\/www.yucatanencorto.com\/noticias\/#\/schema\/person\/f0ec40c33447bbc0dc2d01d3006de771"},"headline":"Firman alianza por una M\u00e9rida m\u00e1s verde y sustentable.","datePublished":"2025-04-16T22:55:29+00:00","mainEntityOfPage":{"@id":"https:\/\/www.yucatanencorto.com\/noticias\/firman-alianza-por-una-merida-mas-verde-y-sustentable\/"},"wordCount":655,"image":{"@id":"https:\/\/www.yucatanencorto.com\/noticias\/firman-alianza-por-una-merida-mas-verde-y-sustentable\/#primaryimage"},"thumbnailUrl":"https:\/\/www.yucatanencorto.com\/noticias\/wp-content\/uploads\/2025\/04\/WhatsApp-Image-2025-04-16-at-16.33.36-scaled.jpeg","articleSection":["Yucat\u00e1n"],"inLanguage":"es"},{"@type":"WebPage","@id":"https:\/\/www.yucatanencorto.com\/noticias\/firman-alianza-por-una-merida-mas-verde-y-sustentable\/","url":"https:\/\/www.yucatanencorto.com\/noticias\/firman-alianza-por-una-merida-mas-verde-y-sustentable\/","name":"Firman alianza por una M\u00e9rida m\u00e1s verde y sustentable. - Yucat\u00e1n en corto","isPartOf":{"@id":"https:\/\/www.yucatanencorto.com\/noticias\/#website"},"primaryImageOfPage":{"@id":"https:\/\/www.yucatanencorto.com\/noticias\/firman-alianza-por-una-merida-mas-verde-y-sustentable\/#primaryimage"},"image":{"@id":"https:\/\/www.yucatanencorto.com\/noticias\/firman-alianza-por-una-merida-mas-verde-y-sustentable\/#primaryimage"},"thumbnailUrl":"https:\/\/www.yucatanencorto.com\/noticias\/wp-content\/uploads\/2025\/04\/WhatsApp-Image-2025-04-16-at-16.33.36-scaled.jpeg","datePublished":"2025-04-16T22:55:29+00:00","author":{"@id":"https:\/\/www.yucatanencorto.com\/noticias\/#\/schema\/person\/f0ec40c33447bbc0dc2d01d3006de771"},"breadcrumb":{"@id":"https:\/\/www.yucatanencorto.com\/noticias\/firman-alianza-por-una-merida-mas-verde-y-sustentable\/#breadcrumb"},"inLanguage":"es","potentialAction":[{"@type":"ReadAction","target":["https:\/\/www.yucatanencorto.com\/noticias\/firman-alianza-por-una-merida-mas-verde-y-sustentable\/"]}]},{"@type":"ImageObject","inLanguage":"es","@id":"https:\/\/www.yucatanencorto.com\/noticias\/firman-alianza-por-una-merida-mas-verde-y-sustentable\/#primaryimage","url":"https:\/\/www.yucatanencorto.com\/noticias\/wp-content\/uploads\/2025\/04\/WhatsApp-Image-2025-04-16-at-16.33.36-scaled.jpeg","contentUrl":"https:\/\/www.yucatanencorto.com\/noticias\/wp-content\/uploads\/2025\/04\/WhatsApp-Image-2025-04-16-at-16.33.36-scaled.jpeg","width":768,"height":512},{"@type":"BreadcrumbList","@id":"https:\/\/www.yucatanencorto.com\/noticias\/firman-alianza-por-una-merida-mas-verde-y-sustentable\/#breadcrumb","itemListElement":[{"@type":"ListItem","position":1,"name":"Portada","item":"https:\/\/www.yucatanencorto.com\/noticias\/"},{"@type":"ListItem","position":2,"name":"Firman alianza por una M\u00e9rida m\u00e1s verde y sustentable."}]},{"@type":"WebSite","@id":"https:\/\/www.yucatanencorto.com\/noticias\/#website","url":"https:\/\/www.yucatanencorto.com\/noticias\/","name":"Yucat\u00e1n en corto","description":"Noticias","potentialAction":[{"@type":"SearchAction","target":{"@type":"EntryPoint","urlTemplate":"https:\/\/www.yucatanencorto.com\/noticias\/?s={search_term_string}"},"query-input":{"@type":"PropertyValueSpecification","valueRequired":true,"valueName":"search_term_string"}}],"inLanguage":"es"},{"@type":"Person","@id":"https:\/\/www.yucatanencorto.com\/noticias\/#\/schema\/person\/f0ec40c33447bbc0dc2d01d3006de771","name":"Yucat\u00e1n en Corto","image":{"@type":"ImageObject","inLanguage":"es","@id":"https:\/\/secure.gravatar.com\/avatar\/20e0a6b626f38fa8e545fb3f80ce566efd790bf8877e65c3a482460cc3e0b5d1?s=96&d=mm&r=g","url":"https:\/\/secure.gravatar.com\/avatar\/20e0a6b626f38fa8e545fb3f80ce566efd790bf8877e65c3a482460cc3e0b5d1?s=96&d=mm&r=g","contentUrl":"https:\/\/secure.gravatar.com\/avatar\/20e0a6b626f38fa8e545fb3f80ce566efd790bf8877e65c3a482460cc3e0b5d1?s=96&d=mm&r=g","caption":"Yucat\u00e1n en Corto"},"url":"https:\/\/www.yucatanencorto.com\/noticias\/author\/editor25\/"}]}},"_links":{"self":[{"href":"https:\/\/www.yucatanencorto.com\/noticias\/wp-json\/wp\/v2\/posts\/115014","targetHints":{"allow":["GET"]}}],"collection":[{"href":"https:\/\/www.yucatanencorto.com\/noticias\/wp-json\/wp\/v2\/posts"}],"about":[{"href":"https:\/\/www.yucatanencorto.com\/noticias\/wp-json\/wp\/v2\/types\/post"}],"author":[{"embeddable":true,"href":"https:\/\/www.yucatanencorto.com\/noticias\/wp-json\/wp\/v2\/users\/4"}],"replies":[{"embeddable":true,"href":"https:\/\/www.yucatanencorto.com\/noticias\/wp-json\/wp\/v2\/comments?post=115014"}],"version-history":[{"count":0,"href":"https:\/\/www.yucatanencorto.com\/noticias\/wp-json\/wp\/v2\/posts\/115014\/revisions"}],"wp:featuredmedia":[{"embeddable":true,"href":"https:\/\/www.yucatanencorto.com\/noticias\/wp-json\/wp\/v2\/media\/115016"}],"wp:attachment":[{"href":"https:\/\/www.yucatanencorto.com\/noticias\/wp-json\/wp\/v2\/media?parent=115014"}],"wp:term":[{"taxonomy":"category","embeddable":true,"href":"https:\/\/www.yucatanencorto.com\/noticias\/wp-json\/wp\/v2\/categories?post=115014"},{"taxonomy":"post_tag","embeddable":true,"href":"https:\/\/www.yucatanencorto.com\/noticias\/wp-json\/wp\/v2\/tags?post=115014"}],"curies":[{"name":"wp","href":"https:\/\/api.w.org\/{rel}","templated":true}]}}