{"id":115018,"date":"2025-04-16T17:00:39","date_gmt":"2025-04-16T23:00:39","guid":{"rendered":"https:\/\/www.yucatanencorto.com\/noticias\/?p=115018"},"modified":"2025-04-16T17:00:39","modified_gmt":"2025-04-16T23:00:39","slug":"yucatan-y-oxxo-reforzaran-la-seguridad-en-el-estado","status":"publish","type":"post","link":"https:\/\/www.yucatanencorto.com\/noticias\/yucatan-y-oxxo-reforzaran-la-seguridad-en-el-estado\/","title":{"rendered":"Yucat\u00e1n y OXXO reforzar\u00e1n la seguridad en el estado"},"content":{"rendered":"<p><img loading=\"lazy\" decoding=\"async\" class=\"alignnone size-full wp-image-115019\" src=\"https:\/\/www.yucatanencorto.com\/noticias\/wp-content\/uploads\/2025\/04\/WhatsApp-Image-2025-04-16-at-16.50.09-scaled.jpeg\" alt=\"\" width=\"768\" height=\"512\" srcset=\"https:\/\/www.yucatanencorto.com\/noticias\/wp-content\/uploads\/2025\/04\/WhatsApp-Image-2025-04-16-at-16.50.09-scaled.jpeg 768w, https:\/\/www.yucatanencorto.com\/noticias\/wp-content\/uploads\/2025\/04\/WhatsApp-Image-2025-04-16-at-16.50.09-1536x1024.jpeg 1536w, https:\/\/www.yucatanencorto.com\/noticias\/wp-content\/uploads\/2025\/04\/WhatsApp-Image-2025-04-16-at-16.50.09-2048x1365.jpeg 2048w, https:\/\/www.yucatanencorto.com\/noticias\/wp-content\/uploads\/2025\/04\/WhatsApp-Image-2025-04-16-at-16.50.09-150x100.jpeg 150w, https:\/\/www.yucatanencorto.com\/noticias\/wp-content\/uploads\/2025\/04\/WhatsApp-Image-2025-04-16-at-16.50.09-300x200.jpeg 300w, https:\/\/www.yucatanencorto.com\/noticias\/wp-content\/uploads\/2025\/04\/WhatsApp-Image-2025-04-16-at-16.50.09-696x464.jpeg 696w, https:\/\/www.yucatanencorto.com\/noticias\/wp-content\/uploads\/2025\/04\/WhatsApp-Image-2025-04-16-at-16.50.09-1068x712.jpeg 1068w, https:\/\/www.yucatanencorto.com\/noticias\/wp-content\/uploads\/2025\/04\/WhatsApp-Image-2025-04-16-at-16.50.09-1920x1280.jpeg 1920w\" sizes=\"auto, (max-width: 768px) 100vw, 768px\" \/><\/p>\n<p>M\u00e9rida Yucat\u00e1n, a 16 de abril de 2025<\/p>\n<p>Se firma convenio con Grupo Oxxo para el combate de la violencia de g\u00e9nero, apoyo a polic\u00edas y venta de art\u00edculos de productores yucatecos.<\/p>\n<p>Se trata de un acuerdo para que en 175 de las tiendas de conveniencia, se pueda ofrecer apoyo a las mujeres yucatecas que as\u00ed lo requieran y utilicen estos centros como un primer refugio en caso de requerir ayuda de la polic\u00eda.<\/p>\n<p>Acompa\u00f1ado de Justo Alejandro Valencia Villela, Gerente Senior de la Regi\u00f3n Yucat\u00e1n de Oxxo, el Gobernador destac\u00f3 que esta alianza refleja la visi\u00f3n compartida de una econom\u00eda que crece con sentido social y que pone al centro a las personas, generando empleo, oportunidades y bienestar, sin dejar nadie atr\u00e1s.<\/p>\n<p>\u201cEstamos convencidos de que la paz y la seguridad no se construyen s\u00f3lo con patrullas o con operativos, sino tambi\u00e9n con empleos, educaci\u00f3n, inclusi\u00f3n y justicia social. Yucat\u00e1n est\u00e1 cambiando y estamos construyendo un estado m\u00e1s justo, pr\u00f3spero y con igualdad de oportunidades y lo hacemos de la mano de la ciudadan\u00eda. Y organizaciones sociales\u201d indic\u00f3.<\/p>\n<p>En presencia de la presidenta honoraria del DIF Yucat\u00e1n, la maestra Wendy M\u00e9ndez Naal, el Mandatario explic\u00f3 que la alianza responde a la firme creencia y defensa de que el desarrollo no puede medirse s\u00f3lo en cifras macroecon\u00f3micas, sino en la capacidad real de cada yucateco y yucateca para construir un proyecto de vida con dignidad, seguridad y esperanza. Por ello, la participaci\u00f3n de la empresa Oxxo en esta tarea es fundamental ya que dijo, es un aliado con visi\u00f3n, compromiso y voluntad de sumar.<\/p>\n<p>De igual manera, D\u00edaz Mena agradeci\u00f3 el apoyo constante de la presidenta de la Rep\u00fablica, Claudia Sheinbaum Pardo por su respaldo a Yucat\u00e1n con recursos suficientes para las obras de desarrollo econ\u00f3mico con prosperidad compartida. De igual manera reconoci\u00f3 la labor de las Secretar\u00edas de Seguridad P\u00fablica (SSP), de las Mujeres (SEMUJERES) y del Instituto Yucateco de Emprendedores (IYEM).<\/p>\n<p>Asimismo agradeci\u00f3 a Oxxo por esta colaboraci\u00f3n para beneficio de tantos emprendedores que buscan oportunidades para sus productos, ayudar a que nuestras mujeres cuenten con bot\u00f3n de p\u00e1nico cercano para solicitar ayuda, por impulsar a los j\u00f3venes que buscan un primer empleo y por dar esta oportunidad para que las y los polic\u00edas yucatecos vean en sus tiendas un aliado que les permita poder tener un lugar adecuado para hidratarse y hacer uso de los servicios sanitarios a fin de seguir avanzando a paso firme por el bienestar de todas y todos.<\/p>\n<p>Por su parte, el director general del IYEM, Salvador Vitelli Mac\u00edas explic\u00f3 que este convenio cuenta con 3 pilares que son: anaqueles en dichas tiendas de conveniencia para ofrecer productos de emprendedores en 26 tiendas; 90 botones de p\u00e1nico en el interior del estado y 86 en M\u00e9rida; y disponibilidad de servicios de hidrataci\u00f3n y sanitarios gratuitos para las y los polic\u00edas yucatecos.<\/p>\n<p>En su turno, la titular de Semujeres, Sisely Burgos Cano resalt\u00f3 que con la iniciativa \u201cKo\u00b4olel Salva\u201d se llevan a cabo acciones de prevenci\u00f3n y reactivas ante la violencia de g\u00e9nero, con espacios seguros, as\u00ed como botones de p\u00e1nico para mujeres y ni\u00f1as en 175 establecimientos de 29 municipios de dicha cadena comercial.<br \/>\nExplic\u00f3 que los botones de p\u00e1nico est\u00e1n conectados al C5i de la SSP por lo que, en caso de activaci\u00f3n, una unidad policiaca responder\u00e1 al llamado de manera inmediata para ofrecer atenci\u00f3n.<\/p>\n<p>Estuvieron presentes en el evento, el gerente Senior de la Regi\u00f3n Yucat\u00e1n de OXXO, Justo Alejandro Valencia Villela; la Presidenta del Patronato de Casa Otoch, Yuli Chapur Zahoul; el Secretario General del Gobierno, Omar David P\u00e9rez Avil\u00e9s; y el secretario ejecutivo del Sistema Estatal de Seguridad P\u00fablica, Carlos Mart\u00edn Pacheco Medina.<\/p>\n","protected":false},"excerpt":{"rendered":"<p>M\u00e9rida Yucat\u00e1n, a 16 de abril de 2025 Se firma convenio con Grupo Oxxo para el combate de la violencia de g\u00e9nero, apoyo a polic\u00edas y venta de art\u00edculos de productores yucatecos. Se trata de un acuerdo para que en 175 de las tiendas de conveniencia, se pueda ofrecer apoyo a las mujeres yucatecas que [&hellip;]<\/p>\n","protected":false},"author":4,"featured_media":115019,"comment_status":"closed","ping_status":"closed","sticky":false,"template":"","format":"standard","meta":{"footnotes":""},"categories":[3],"tags":[],"class_list":{"0":"post-115018","1":"post","2":"type-post","3":"status-publish","4":"format-standard","5":"has-post-thumbnail","7":"category-yucatan"},"yoast_head":"<!-- This site is optimized with the Yoast SEO plugin v27.5 - https:\/\/yoast.com\/product\/yoast-seo-wordpress\/ -->\n<title>Yucat\u00e1n y OXXO reforzar\u00e1n la seguridad en el estado - Yucat\u00e1n en corto<\/title>\n<meta name=\"robots\" content=\"index, follow, max-snippet:-1, max-image-preview:large, max-video-preview:-1\" \/>\n<link rel=\"canonical\" href=\"https:\/\/www.yucatanencorto.com\/noticias\/yucatan-y-oxxo-reforzaran-la-seguridad-en-el-estado\/\" \/>\n<meta property=\"og:locale\" content=\"es_ES\" \/>\n<meta property=\"og:type\" content=\"article\" \/>\n<meta property=\"og:title\" content=\"Yucat\u00e1n y OXXO reforzar\u00e1n la seguridad en el estado - Yucat\u00e1n en corto\" \/>\n<meta property=\"og:description\" content=\"M\u00e9rida Yucat\u00e1n, a 16 de abril de 2025 Se firma convenio con Grupo Oxxo para el combate de la violencia de g\u00e9nero, apoyo a polic\u00edas y venta de art\u00edculos de productores yucatecos. Se trata de un acuerdo para que en 175 de las tiendas de conveniencia, se pueda ofrecer apoyo a las mujeres yucatecas que [&hellip;]\" \/>\n<meta property=\"og:url\" content=\"https:\/\/www.yucatanencorto.com\/noticias\/yucatan-y-oxxo-reforzaran-la-seguridad-en-el-estado\/\" \/>\n<meta property=\"og:site_name\" content=\"Yucat\u00e1n en corto\" \/>\n<meta property=\"article:publisher\" content=\"http:\/\/www.facebook.com\/yucatanencorto\" \/>\n<meta property=\"article:published_time\" content=\"2025-04-16T23:00:39+00:00\" \/>\n<meta property=\"og:image\" content=\"https:\/\/www.yucatanencorto.com\/noticias\/wp-content\/uploads\/2025\/04\/WhatsApp-Image-2025-04-16-at-16.50.09-scaled.jpeg\" \/>\n\t<meta property=\"og:image:width\" content=\"768\" \/>\n\t<meta property=\"og:image:height\" content=\"512\" \/>\n\t<meta property=\"og:image:type\" content=\"image\/jpeg\" \/>\n<meta name=\"author\" content=\"Yucat\u00e1n en Corto\" \/>\n<meta name=\"twitter:card\" content=\"summary_large_image\" \/>\n<meta name=\"twitter:creator\" content=\"@yucatanencorto\" \/>\n<meta name=\"twitter:site\" content=\"@yucatanencorto\" \/>\n<meta name=\"twitter:label1\" content=\"Escrito por\" \/>\n\t<meta name=\"twitter:data1\" content=\"Yucat\u00e1n en Corto\" \/>\n\t<meta name=\"twitter:label2\" content=\"Tiempo de lectura\" \/>\n\t<meta name=\"twitter:data2\" content=\"4 minutos\" \/>\n<script type=\"application\/ld+json\" class=\"yoast-schema-graph\">{\"@context\":\"https:\\\/\\\/schema.org\",\"@graph\":[{\"@type\":\"Article\",\"@id\":\"https:\\\/\\\/www.yucatanencorto.com\\\/noticias\\\/yucatan-y-oxxo-reforzaran-la-seguridad-en-el-estado\\\/#article\",\"isPartOf\":{\"@id\":\"https:\\\/\\\/www.yucatanencorto.com\\\/noticias\\\/yucatan-y-oxxo-reforzaran-la-seguridad-en-el-estado\\\/\"},\"author\":{\"name\":\"Yucat\u00e1n en Corto\",\"@id\":\"https:\\\/\\\/www.yucatanencorto.com\\\/noticias\\\/#\\\/schema\\\/person\\\/f0ec40c33447bbc0dc2d01d3006de771\"},\"headline\":\"Yucat\u00e1n y OXXO reforzar\u00e1n la seguridad en el estado\",\"datePublished\":\"2025-04-16T23:00:39+00:00\",\"mainEntityOfPage\":{\"@id\":\"https:\\\/\\\/www.yucatanencorto.com\\\/noticias\\\/yucatan-y-oxxo-reforzaran-la-seguridad-en-el-estado\\\/\"},\"wordCount\":674,\"image\":{\"@id\":\"https:\\\/\\\/www.yucatanencorto.com\\\/noticias\\\/yucatan-y-oxxo-reforzaran-la-seguridad-en-el-estado\\\/#primaryimage\"},\"thumbnailUrl\":\"https:\\\/\\\/www.yucatanencorto.com\\\/noticias\\\/wp-content\\\/uploads\\\/2025\\\/04\\\/WhatsApp-Image-2025-04-16-at-16.50.09-scaled.jpeg\",\"articleSection\":[\"Yucat\u00e1n\"],\"inLanguage\":\"es\"},{\"@type\":\"WebPage\",\"@id\":\"https:\\\/\\\/www.yucatanencorto.com\\\/noticias\\\/yucatan-y-oxxo-reforzaran-la-seguridad-en-el-estado\\\/\",\"url\":\"https:\\\/\\\/www.yucatanencorto.com\\\/noticias\\\/yucatan-y-oxxo-reforzaran-la-seguridad-en-el-estado\\\/\",\"name\":\"Yucat\u00e1n y OXXO reforzar\u00e1n la seguridad en el estado - Yucat\u00e1n en corto\",\"isPartOf\":{\"@id\":\"https:\\\/\\\/www.yucatanencorto.com\\\/noticias\\\/#website\"},\"primaryImageOfPage\":{\"@id\":\"https:\\\/\\\/www.yucatanencorto.com\\\/noticias\\\/yucatan-y-oxxo-reforzaran-la-seguridad-en-el-estado\\\/#primaryimage\"},\"image\":{\"@id\":\"https:\\\/\\\/www.yucatanencorto.com\\\/noticias\\\/yucatan-y-oxxo-reforzaran-la-seguridad-en-el-estado\\\/#primaryimage\"},\"thumbnailUrl\":\"https:\\\/\\\/www.yucatanencorto.com\\\/noticias\\\/wp-content\\\/uploads\\\/2025\\\/04\\\/WhatsApp-Image-2025-04-16-at-16.50.09-scaled.jpeg\",\"datePublished\":\"2025-04-16T23:00:39+00:00\",\"author\":{\"@id\":\"https:\\\/\\\/www.yucatanencorto.com\\\/noticias\\\/#\\\/schema\\\/person\\\/f0ec40c33447bbc0dc2d01d3006de771\"},\"breadcrumb\":{\"@id\":\"https:\\\/\\\/www.yucatanencorto.com\\\/noticias\\\/yucatan-y-oxxo-reforzaran-la-seguridad-en-el-estado\\\/#breadcrumb\"},\"inLanguage\":\"es\",\"potentialAction\":[{\"@type\":\"ReadAction\",\"target\":[\"https:\\\/\\\/www.yucatanencorto.com\\\/noticias\\\/yucatan-y-oxxo-reforzaran-la-seguridad-en-el-estado\\\/\"]}]},{\"@type\":\"ImageObject\",\"inLanguage\":\"es\",\"@id\":\"https:\\\/\\\/www.yucatanencorto.com\\\/noticias\\\/yucatan-y-oxxo-reforzaran-la-seguridad-en-el-estado\\\/#primaryimage\",\"url\":\"https:\\\/\\\/www.yucatanencorto.com\\\/noticias\\\/wp-content\\\/uploads\\\/2025\\\/04\\\/WhatsApp-Image-2025-04-16-at-16.50.09-scaled.jpeg\",\"contentUrl\":\"https:\\\/\\\/www.yucatanencorto.com\\\/noticias\\\/wp-content\\\/uploads\\\/2025\\\/04\\\/WhatsApp-Image-2025-04-16-at-16.50.09-scaled.jpeg\",\"width\":768,\"height\":512},{\"@type\":\"BreadcrumbList\",\"@id\":\"https:\\\/\\\/www.yucatanencorto.com\\\/noticias\\\/yucatan-y-oxxo-reforzaran-la-seguridad-en-el-estado\\\/#breadcrumb\",\"itemListElement\":[{\"@type\":\"ListItem\",\"position\":1,\"name\":\"Portada\",\"item\":\"https:\\\/\\\/www.yucatanencorto.com\\\/noticias\\\/\"},{\"@type\":\"ListItem\",\"position\":2,\"name\":\"Yucat\u00e1n y OXXO reforzar\u00e1n la seguridad en el estado\"}]},{\"@type\":\"WebSite\",\"@id\":\"https:\\\/\\\/www.yucatanencorto.com\\\/noticias\\\/#website\",\"url\":\"https:\\\/\\\/www.yucatanencorto.com\\\/noticias\\\/\",\"name\":\"Yucat\u00e1n en corto\",\"description\":\"Noticias\",\"potentialAction\":[{\"@type\":\"SearchAction\",\"target\":{\"@type\":\"EntryPoint\",\"urlTemplate\":\"https:\\\/\\\/www.yucatanencorto.com\\\/noticias\\\/?s={search_term_string}\"},\"query-input\":{\"@type\":\"PropertyValueSpecification\",\"valueRequired\":true,\"valueName\":\"search_term_string\"}}],\"inLanguage\":\"es\"},{\"@type\":\"Person\",\"@id\":\"https:\\\/\\\/www.yucatanencorto.com\\\/noticias\\\/#\\\/schema\\\/person\\\/f0ec40c33447bbc0dc2d01d3006de771\",\"name\":\"Yucat\u00e1n en Corto\",\"image\":{\"@type\":\"ImageObject\",\"inLanguage\":\"es\",\"@id\":\"https:\\\/\\\/secure.gravatar.com\\\/avatar\\\/20e0a6b626f38fa8e545fb3f80ce566efd790bf8877e65c3a482460cc3e0b5d1?s=96&d=mm&r=g\",\"url\":\"https:\\\/\\\/secure.gravatar.com\\\/avatar\\\/20e0a6b626f38fa8e545fb3f80ce566efd790bf8877e65c3a482460cc3e0b5d1?s=96&d=mm&r=g\",\"contentUrl\":\"https:\\\/\\\/secure.gravatar.com\\\/avatar\\\/20e0a6b626f38fa8e545fb3f80ce566efd790bf8877e65c3a482460cc3e0b5d1?s=96&d=mm&r=g\",\"caption\":\"Yucat\u00e1n en Corto\"},\"url\":\"https:\\\/\\\/www.yucatanencorto.com\\\/noticias\\\/author\\\/editor25\\\/\"}]}<\/script>\n<!-- \/ Yoast SEO plugin. -->","yoast_head_json":{"title":"Yucat\u00e1n y OXXO reforzar\u00e1n la seguridad en el estado - Yucat\u00e1n en corto","robots":{"index":"index","follow":"follow","max-snippet":"max-snippet:-1","max-image-preview":"max-image-preview:large","max-video-preview":"max-video-preview:-1"},"canonical":"https:\/\/www.yucatanencorto.com\/noticias\/yucatan-y-oxxo-reforzaran-la-seguridad-en-el-estado\/","og_locale":"es_ES","og_type":"article","og_title":"Yucat\u00e1n y OXXO reforzar\u00e1n la seguridad en el estado - Yucat\u00e1n en corto","og_description":"M\u00e9rida Yucat\u00e1n, a 16 de abril de 2025 Se firma convenio con Grupo Oxxo para el combate de la violencia de g\u00e9nero, apoyo a polic\u00edas y venta de art\u00edculos de productores yucatecos. Se trata de un acuerdo para que en 175 de las tiendas de conveniencia, se pueda ofrecer apoyo a las mujeres yucatecas que [&hellip;]","og_url":"https:\/\/www.yucatanencorto.com\/noticias\/yucatan-y-oxxo-reforzaran-la-seguridad-en-el-estado\/","og_site_name":"Yucat\u00e1n en corto","article_publisher":"http:\/\/www.facebook.com\/yucatanencorto","article_published_time":"2025-04-16T23:00:39+00:00","og_image":[{"width":768,"height":512,"url":"https:\/\/www.yucatanencorto.com\/noticias\/wp-content\/uploads\/2025\/04\/WhatsApp-Image-2025-04-16-at-16.50.09-scaled.jpeg","type":"image\/jpeg"}],"author":"Yucat\u00e1n en Corto","twitter_card":"summary_large_image","twitter_creator":"@yucatanencorto","twitter_site":"@yucatanencorto","twitter_misc":{"Escrito por":"Yucat\u00e1n en Corto","Tiempo de lectura":"4 minutos"},"schema":{"@context":"https:\/\/schema.org","@graph":[{"@type":"Article","@id":"https:\/\/www.yucatanencorto.com\/noticias\/yucatan-y-oxxo-reforzaran-la-seguridad-en-el-estado\/#article","isPartOf":{"@id":"https:\/\/www.yucatanencorto.com\/noticias\/yucatan-y-oxxo-reforzaran-la-seguridad-en-el-estado\/"},"author":{"name":"Yucat\u00e1n en Corto","@id":"https:\/\/www.yucatanencorto.com\/noticias\/#\/schema\/person\/f0ec40c33447bbc0dc2d01d3006de771"},"headline":"Yucat\u00e1n y OXXO reforzar\u00e1n la seguridad en el estado","datePublished":"2025-04-16T23:00:39+00:00","mainEntityOfPage":{"@id":"https:\/\/www.yucatanencorto.com\/noticias\/yucatan-y-oxxo-reforzaran-la-seguridad-en-el-estado\/"},"wordCount":674,"image":{"@id":"https:\/\/www.yucatanencorto.com\/noticias\/yucatan-y-oxxo-reforzaran-la-seguridad-en-el-estado\/#primaryimage"},"thumbnailUrl":"https:\/\/www.yucatanencorto.com\/noticias\/wp-content\/uploads\/2025\/04\/WhatsApp-Image-2025-04-16-at-16.50.09-scaled.jpeg","articleSection":["Yucat\u00e1n"],"inLanguage":"es"},{"@type":"WebPage","@id":"https:\/\/www.yucatanencorto.com\/noticias\/yucatan-y-oxxo-reforzaran-la-seguridad-en-el-estado\/","url":"https:\/\/www.yucatanencorto.com\/noticias\/yucatan-y-oxxo-reforzaran-la-seguridad-en-el-estado\/","name":"Yucat\u00e1n y OXXO reforzar\u00e1n la seguridad en el estado - Yucat\u00e1n en corto","isPartOf":{"@id":"https:\/\/www.yucatanencorto.com\/noticias\/#website"},"primaryImageOfPage":{"@id":"https:\/\/www.yucatanencorto.com\/noticias\/yucatan-y-oxxo-reforzaran-la-seguridad-en-el-estado\/#primaryimage"},"image":{"@id":"https:\/\/www.yucatanencorto.com\/noticias\/yucatan-y-oxxo-reforzaran-la-seguridad-en-el-estado\/#primaryimage"},"thumbnailUrl":"https:\/\/www.yucatanencorto.com\/noticias\/wp-content\/uploads\/2025\/04\/WhatsApp-Image-2025-04-16-at-16.50.09-scaled.jpeg","datePublished":"2025-04-16T23:00:39+00:00","author":{"@id":"https:\/\/www.yucatanencorto.com\/noticias\/#\/schema\/person\/f0ec40c33447bbc0dc2d01d3006de771"},"breadcrumb":{"@id":"https:\/\/www.yucatanencorto.com\/noticias\/yucatan-y-oxxo-reforzaran-la-seguridad-en-el-estado\/#breadcrumb"},"inLanguage":"es","potentialAction":[{"@type":"ReadAction","target":["https:\/\/www.yucatanencorto.com\/noticias\/yucatan-y-oxxo-reforzaran-la-seguridad-en-el-estado\/"]}]},{"@type":"ImageObject","inLanguage":"es","@id":"https:\/\/www.yucatanencorto.com\/noticias\/yucatan-y-oxxo-reforzaran-la-seguridad-en-el-estado\/#primaryimage","url":"https:\/\/www.yucatanencorto.com\/noticias\/wp-content\/uploads\/2025\/04\/WhatsApp-Image-2025-04-16-at-16.50.09-scaled.jpeg","contentUrl":"https:\/\/www.yucatanencorto.com\/noticias\/wp-content\/uploads\/2025\/04\/WhatsApp-Image-2025-04-16-at-16.50.09-scaled.jpeg","width":768,"height":512},{"@type":"BreadcrumbList","@id":"https:\/\/www.yucatanencorto.com\/noticias\/yucatan-y-oxxo-reforzaran-la-seguridad-en-el-estado\/#breadcrumb","itemListElement":[{"@type":"ListItem","position":1,"name":"Portada","item":"https:\/\/www.yucatanencorto.com\/noticias\/"},{"@type":"ListItem","position":2,"name":"Yucat\u00e1n y OXXO reforzar\u00e1n la seguridad en el estado"}]},{"@type":"WebSite","@id":"https:\/\/www.yucatanencorto.com\/noticias\/#website","url":"https:\/\/www.yucatanencorto.com\/noticias\/","name":"Yucat\u00e1n en corto","description":"Noticias","potentialAction":[{"@type":"SearchAction","target":{"@type":"EntryPoint","urlTemplate":"https:\/\/www.yucatanencorto.com\/noticias\/?s={search_term_string}"},"query-input":{"@type":"PropertyValueSpecification","valueRequired":true,"valueName":"search_term_string"}}],"inLanguage":"es"},{"@type":"Person","@id":"https:\/\/www.yucatanencorto.com\/noticias\/#\/schema\/person\/f0ec40c33447bbc0dc2d01d3006de771","name":"Yucat\u00e1n en Corto","image":{"@type":"ImageObject","inLanguage":"es","@id":"https:\/\/secure.gravatar.com\/avatar\/20e0a6b626f38fa8e545fb3f80ce566efd790bf8877e65c3a482460cc3e0b5d1?s=96&d=mm&r=g","url":"https:\/\/secure.gravatar.com\/avatar\/20e0a6b626f38fa8e545fb3f80ce566efd790bf8877e65c3a482460cc3e0b5d1?s=96&d=mm&r=g","contentUrl":"https:\/\/secure.gravatar.com\/avatar\/20e0a6b626f38fa8e545fb3f80ce566efd790bf8877e65c3a482460cc3e0b5d1?s=96&d=mm&r=g","caption":"Yucat\u00e1n en Corto"},"url":"https:\/\/www.yucatanencorto.com\/noticias\/author\/editor25\/"}]}},"_links":{"self":[{"href":"https:\/\/www.yucatanencorto.com\/noticias\/wp-json\/wp\/v2\/posts\/115018","targetHints":{"allow":["GET"]}}],"collection":[{"href":"https:\/\/www.yucatanencorto.com\/noticias\/wp-json\/wp\/v2\/posts"}],"about":[{"href":"https:\/\/www.yucatanencorto.com\/noticias\/wp-json\/wp\/v2\/types\/post"}],"author":[{"embeddable":true,"href":"https:\/\/www.yucatanencorto.com\/noticias\/wp-json\/wp\/v2\/users\/4"}],"replies":[{"embeddable":true,"href":"https:\/\/www.yucatanencorto.com\/noticias\/wp-json\/wp\/v2\/comments?post=115018"}],"version-history":[{"count":0,"href":"https:\/\/www.yucatanencorto.com\/noticias\/wp-json\/wp\/v2\/posts\/115018\/revisions"}],"wp:featuredmedia":[{"embeddable":true,"href":"https:\/\/www.yucatanencorto.com\/noticias\/wp-json\/wp\/v2\/media\/115019"}],"wp:attachment":[{"href":"https:\/\/www.yucatanencorto.com\/noticias\/wp-json\/wp\/v2\/media?parent=115018"}],"wp:term":[{"taxonomy":"category","embeddable":true,"href":"https:\/\/www.yucatanencorto.com\/noticias\/wp-json\/wp\/v2\/categories?post=115018"},{"taxonomy":"post_tag","embeddable":true,"href":"https:\/\/www.yucatanencorto.com\/noticias\/wp-json\/wp\/v2\/tags?post=115018"}],"curies":[{"name":"wp","href":"https:\/\/api.w.org\/{rel}","templated":true}]}}