{"id":115021,"date":"2025-04-17T13:31:30","date_gmt":"2025-04-17T19:31:30","guid":{"rendered":"https:\/\/www.yucatanencorto.com\/noticias\/?p=115021"},"modified":"2025-04-17T13:31:30","modified_gmt":"2025-04-17T19:31:30","slug":"el-secretario-de-la-onu-antonio-guterres-visito-yucatan","status":"publish","type":"post","link":"https:\/\/www.yucatanencorto.com\/noticias\/el-secretario-de-la-onu-antonio-guterres-visito-yucatan\/","title":{"rendered":"El Secretario de la ONU, Ant\u00f3nio Guterres, visit\u00f3 Yucat\u00e1n"},"content":{"rendered":"<p><img loading=\"lazy\" decoding=\"async\" class=\"alignnone size-full wp-image-115022\" src=\"https:\/\/www.yucatanencorto.com\/noticias\/wp-content\/uploads\/2025\/04\/WhatsApp-Image-2025-04-17-at-12.48.07-scaled.jpeg\" alt=\"\" width=\"768\" height=\"512\" srcset=\"https:\/\/www.yucatanencorto.com\/noticias\/wp-content\/uploads\/2025\/04\/WhatsApp-Image-2025-04-17-at-12.48.07-scaled.jpeg 768w, https:\/\/www.yucatanencorto.com\/noticias\/wp-content\/uploads\/2025\/04\/WhatsApp-Image-2025-04-17-at-12.48.07-1536x1024.jpeg 1536w, https:\/\/www.yucatanencorto.com\/noticias\/wp-content\/uploads\/2025\/04\/WhatsApp-Image-2025-04-17-at-12.48.07-2048x1365.jpeg 2048w, https:\/\/www.yucatanencorto.com\/noticias\/wp-content\/uploads\/2025\/04\/WhatsApp-Image-2025-04-17-at-12.48.07-150x100.jpeg 150w, https:\/\/www.yucatanencorto.com\/noticias\/wp-content\/uploads\/2025\/04\/WhatsApp-Image-2025-04-17-at-12.48.07-300x200.jpeg 300w, https:\/\/www.yucatanencorto.com\/noticias\/wp-content\/uploads\/2025\/04\/WhatsApp-Image-2025-04-17-at-12.48.07-696x464.jpeg 696w, https:\/\/www.yucatanencorto.com\/noticias\/wp-content\/uploads\/2025\/04\/WhatsApp-Image-2025-04-17-at-12.48.07-1068x712.jpeg 1068w, https:\/\/www.yucatanencorto.com\/noticias\/wp-content\/uploads\/2025\/04\/WhatsApp-Image-2025-04-17-at-12.48.07-1920x1280.jpeg 1920w\" sizes=\"auto, (max-width: 768px) 100vw, 768px\" \/><\/p>\n<p>M\u00e9rida, Yucat\u00e1n a 17 de abril de 2025<\/p>\n<p>&nbsp;<\/p>\n<p>El Gobernador de Yucat\u00e1n, Joaqu\u00edn D\u00edaz Mena, sostuvo un encuentro con el Secretario General de la Organizaci\u00f3n de las Naciones Unidas (ONU), Ant\u00f3nio Guterres, quien lleg\u00f3 a la ciudad de M\u00e9rida como parte de una visita privada a la entidad. Posteriormente, el diplom\u00e1tico internacional se traslad\u00f3 a la zona arqueol\u00f3gica de Uxmal, uno de los sitios m\u00e1s representativos de la cultura maya.<\/p>\n<p>Durante el encuentro, D\u00edaz Mena comparti\u00f3 con Guterres los avances del modelo de desarrollo conocido como Renacimiento Maya, impulsado desde su administraci\u00f3n. Este modelo, destac\u00f3 el Gobernador, est\u00e1 plenamente alineado con los Objetivos de Desarrollo Sostenible (ODS) promovidos por la ONU.<\/p>\n<p>\u201cPromovemos el desarrollo desde lo local, con proyectos enfocados en disminuir la desigualdad, impulsar a nuestras comunidades mayas y, sobre todo, generar bienestar real para las familias yucatecas. Le deseamos una estancia extraordinaria al Secretario General de la ONU, quien se encuentra de visita en la emblem\u00e1tica ciudad maya de Uxmal\u201d, expres\u00f3 el mandatario.<\/p>\n<p>D\u00edaz Mena abund\u00f3 que Yucat\u00e1n est\u00e1 haciendo su parte en el cuidado del medio ambiente, en el impulso de actividades agropecuarias y pesqueras sostenibles, as\u00ed como en la preservaci\u00f3n de especies. Tambi\u00e9n se\u00f1al\u00f3 los esfuerzos del gobierno estatal para garantizar el acceso a la salud y el desarrollo de mujeres, j\u00f3venes y personas adultas mayores.<\/p>\n<p>\u201cVamos a seguir trabajando con compromiso para que el bienestar llegue a todas las familias de nuestro estado\u201d, reiter\u00f3.<\/p>\n<p>En un contexto global marcado por conflictos, polarizaci\u00f3n e incertidumbre, el gobernador destac\u00f3 que Yucat\u00e1n apuesta por la paz, el di\u00e1logo y la sostenibilidad, e inform\u00f3 que el Plan Estatal de Desarrollo 2024\u20132030 est\u00e1 alineado con la Agenda 2030 de la ONU.<\/p>\n<p>Durante el encuentro, D\u00edaz Mena y Guterres intercambiaron saludos cordiales y sostuvieron una breve charla. Al finalizar, el mandatario yucateco entreg\u00f3 al diplom\u00e1tico un obsequio con artesan\u00edas elaboradas por manos locales. Tambi\u00e9n estuvo presente H\u00e9ctor Navarrete Mu\u00f1oz, director de Aeropuertos Regionales del Grupo Aeroportuario del Sureste (ASUR).<\/p>\n","protected":false},"excerpt":{"rendered":"<p>M\u00e9rida, Yucat\u00e1n a 17 de abril de 2025 &nbsp; El Gobernador de Yucat\u00e1n, Joaqu\u00edn D\u00edaz Mena, sostuvo un encuentro con el Secretario General de la Organizaci\u00f3n de las Naciones Unidas (ONU), Ant\u00f3nio Guterres, quien lleg\u00f3 a la ciudad de M\u00e9rida como parte de una visita privada a la entidad. Posteriormente, el diplom\u00e1tico internacional se traslad\u00f3 [&hellip;]<\/p>\n","protected":false},"author":4,"featured_media":115022,"comment_status":"closed","ping_status":"closed","sticky":false,"template":"","format":"standard","meta":{"footnotes":""},"categories":[3],"tags":[],"class_list":{"0":"post-115021","1":"post","2":"type-post","3":"status-publish","4":"format-standard","5":"has-post-thumbnail","7":"category-yucatan"},"yoast_head":"<!-- This site is optimized with the Yoast SEO plugin v27.5 - https:\/\/yoast.com\/product\/yoast-seo-wordpress\/ -->\n<title>El Secretario de la ONU, Ant\u00f3nio Guterres, visit\u00f3 Yucat\u00e1n - Yucat\u00e1n en corto<\/title>\n<meta name=\"robots\" content=\"index, follow, max-snippet:-1, max-image-preview:large, max-video-preview:-1\" \/>\n<link rel=\"canonical\" href=\"https:\/\/www.yucatanencorto.com\/noticias\/el-secretario-de-la-onu-antonio-guterres-visito-yucatan\/\" \/>\n<meta property=\"og:locale\" content=\"es_ES\" \/>\n<meta property=\"og:type\" content=\"article\" \/>\n<meta property=\"og:title\" content=\"El Secretario de la ONU, Ant\u00f3nio Guterres, visit\u00f3 Yucat\u00e1n - Yucat\u00e1n en corto\" \/>\n<meta property=\"og:description\" content=\"M\u00e9rida, Yucat\u00e1n a 17 de abril de 2025 &nbsp; El Gobernador de Yucat\u00e1n, Joaqu\u00edn D\u00edaz Mena, sostuvo un encuentro con el Secretario General de la Organizaci\u00f3n de las Naciones Unidas (ONU), Ant\u00f3nio Guterres, quien lleg\u00f3 a la ciudad de M\u00e9rida como parte de una visita privada a la entidad. Posteriormente, el diplom\u00e1tico internacional se traslad\u00f3 [&hellip;]\" \/>\n<meta property=\"og:url\" content=\"https:\/\/www.yucatanencorto.com\/noticias\/el-secretario-de-la-onu-antonio-guterres-visito-yucatan\/\" \/>\n<meta property=\"og:site_name\" content=\"Yucat\u00e1n en corto\" \/>\n<meta property=\"article:publisher\" content=\"http:\/\/www.facebook.com\/yucatanencorto\" \/>\n<meta property=\"article:published_time\" content=\"2025-04-17T19:31:30+00:00\" \/>\n<meta property=\"og:image\" content=\"https:\/\/www.yucatanencorto.com\/noticias\/wp-content\/uploads\/2025\/04\/WhatsApp-Image-2025-04-17-at-12.48.07-scaled.jpeg\" \/>\n\t<meta property=\"og:image:width\" content=\"768\" \/>\n\t<meta property=\"og:image:height\" content=\"512\" \/>\n\t<meta property=\"og:image:type\" content=\"image\/jpeg\" \/>\n<meta name=\"author\" content=\"Yucat\u00e1n en Corto\" \/>\n<meta name=\"twitter:card\" content=\"summary_large_image\" \/>\n<meta name=\"twitter:creator\" content=\"@yucatanencorto\" \/>\n<meta name=\"twitter:site\" content=\"@yucatanencorto\" \/>\n<meta name=\"twitter:label1\" content=\"Escrito por\" \/>\n\t<meta name=\"twitter:data1\" content=\"Yucat\u00e1n en Corto\" \/>\n\t<meta name=\"twitter:label2\" content=\"Tiempo de lectura\" \/>\n\t<meta name=\"twitter:data2\" content=\"2 minutos\" \/>\n<script type=\"application\/ld+json\" class=\"yoast-schema-graph\">{\"@context\":\"https:\\\/\\\/schema.org\",\"@graph\":[{\"@type\":\"Article\",\"@id\":\"https:\\\/\\\/www.yucatanencorto.com\\\/noticias\\\/el-secretario-de-la-onu-antonio-guterres-visito-yucatan\\\/#article\",\"isPartOf\":{\"@id\":\"https:\\\/\\\/www.yucatanencorto.com\\\/noticias\\\/el-secretario-de-la-onu-antonio-guterres-visito-yucatan\\\/\"},\"author\":{\"name\":\"Yucat\u00e1n en Corto\",\"@id\":\"https:\\\/\\\/www.yucatanencorto.com\\\/noticias\\\/#\\\/schema\\\/person\\\/f0ec40c33447bbc0dc2d01d3006de771\"},\"headline\":\"El Secretario de la ONU, Ant\u00f3nio Guterres, visit\u00f3 Yucat\u00e1n\",\"datePublished\":\"2025-04-17T19:31:30+00:00\",\"mainEntityOfPage\":{\"@id\":\"https:\\\/\\\/www.yucatanencorto.com\\\/noticias\\\/el-secretario-de-la-onu-antonio-guterres-visito-yucatan\\\/\"},\"wordCount\":365,\"image\":{\"@id\":\"https:\\\/\\\/www.yucatanencorto.com\\\/noticias\\\/el-secretario-de-la-onu-antonio-guterres-visito-yucatan\\\/#primaryimage\"},\"thumbnailUrl\":\"https:\\\/\\\/www.yucatanencorto.com\\\/noticias\\\/wp-content\\\/uploads\\\/2025\\\/04\\\/WhatsApp-Image-2025-04-17-at-12.48.07-scaled.jpeg\",\"articleSection\":[\"Yucat\u00e1n\"],\"inLanguage\":\"es\"},{\"@type\":\"WebPage\",\"@id\":\"https:\\\/\\\/www.yucatanencorto.com\\\/noticias\\\/el-secretario-de-la-onu-antonio-guterres-visito-yucatan\\\/\",\"url\":\"https:\\\/\\\/www.yucatanencorto.com\\\/noticias\\\/el-secretario-de-la-onu-antonio-guterres-visito-yucatan\\\/\",\"name\":\"El Secretario de la ONU, Ant\u00f3nio Guterres, visit\u00f3 Yucat\u00e1n - Yucat\u00e1n en corto\",\"isPartOf\":{\"@id\":\"https:\\\/\\\/www.yucatanencorto.com\\\/noticias\\\/#website\"},\"primaryImageOfPage\":{\"@id\":\"https:\\\/\\\/www.yucatanencorto.com\\\/noticias\\\/el-secretario-de-la-onu-antonio-guterres-visito-yucatan\\\/#primaryimage\"},\"image\":{\"@id\":\"https:\\\/\\\/www.yucatanencorto.com\\\/noticias\\\/el-secretario-de-la-onu-antonio-guterres-visito-yucatan\\\/#primaryimage\"},\"thumbnailUrl\":\"https:\\\/\\\/www.yucatanencorto.com\\\/noticias\\\/wp-content\\\/uploads\\\/2025\\\/04\\\/WhatsApp-Image-2025-04-17-at-12.48.07-scaled.jpeg\",\"datePublished\":\"2025-04-17T19:31:30+00:00\",\"author\":{\"@id\":\"https:\\\/\\\/www.yucatanencorto.com\\\/noticias\\\/#\\\/schema\\\/person\\\/f0ec40c33447bbc0dc2d01d3006de771\"},\"breadcrumb\":{\"@id\":\"https:\\\/\\\/www.yucatanencorto.com\\\/noticias\\\/el-secretario-de-la-onu-antonio-guterres-visito-yucatan\\\/#breadcrumb\"},\"inLanguage\":\"es\",\"potentialAction\":[{\"@type\":\"ReadAction\",\"target\":[\"https:\\\/\\\/www.yucatanencorto.com\\\/noticias\\\/el-secretario-de-la-onu-antonio-guterres-visito-yucatan\\\/\"]}]},{\"@type\":\"ImageObject\",\"inLanguage\":\"es\",\"@id\":\"https:\\\/\\\/www.yucatanencorto.com\\\/noticias\\\/el-secretario-de-la-onu-antonio-guterres-visito-yucatan\\\/#primaryimage\",\"url\":\"https:\\\/\\\/www.yucatanencorto.com\\\/noticias\\\/wp-content\\\/uploads\\\/2025\\\/04\\\/WhatsApp-Image-2025-04-17-at-12.48.07-scaled.jpeg\",\"contentUrl\":\"https:\\\/\\\/www.yucatanencorto.com\\\/noticias\\\/wp-content\\\/uploads\\\/2025\\\/04\\\/WhatsApp-Image-2025-04-17-at-12.48.07-scaled.jpeg\",\"width\":768,\"height\":512},{\"@type\":\"BreadcrumbList\",\"@id\":\"https:\\\/\\\/www.yucatanencorto.com\\\/noticias\\\/el-secretario-de-la-onu-antonio-guterres-visito-yucatan\\\/#breadcrumb\",\"itemListElement\":[{\"@type\":\"ListItem\",\"position\":1,\"name\":\"Portada\",\"item\":\"https:\\\/\\\/www.yucatanencorto.com\\\/noticias\\\/\"},{\"@type\":\"ListItem\",\"position\":2,\"name\":\"El Secretario de la ONU, Ant\u00f3nio Guterres, visit\u00f3 Yucat\u00e1n\"}]},{\"@type\":\"WebSite\",\"@id\":\"https:\\\/\\\/www.yucatanencorto.com\\\/noticias\\\/#website\",\"url\":\"https:\\\/\\\/www.yucatanencorto.com\\\/noticias\\\/\",\"name\":\"Yucat\u00e1n en corto\",\"description\":\"Noticias\",\"potentialAction\":[{\"@type\":\"SearchAction\",\"target\":{\"@type\":\"EntryPoint\",\"urlTemplate\":\"https:\\\/\\\/www.yucatanencorto.com\\\/noticias\\\/?s={search_term_string}\"},\"query-input\":{\"@type\":\"PropertyValueSpecification\",\"valueRequired\":true,\"valueName\":\"search_term_string\"}}],\"inLanguage\":\"es\"},{\"@type\":\"Person\",\"@id\":\"https:\\\/\\\/www.yucatanencorto.com\\\/noticias\\\/#\\\/schema\\\/person\\\/f0ec40c33447bbc0dc2d01d3006de771\",\"name\":\"Yucat\u00e1n en Corto\",\"image\":{\"@type\":\"ImageObject\",\"inLanguage\":\"es\",\"@id\":\"https:\\\/\\\/secure.gravatar.com\\\/avatar\\\/20e0a6b626f38fa8e545fb3f80ce566efd790bf8877e65c3a482460cc3e0b5d1?s=96&d=mm&r=g\",\"url\":\"https:\\\/\\\/secure.gravatar.com\\\/avatar\\\/20e0a6b626f38fa8e545fb3f80ce566efd790bf8877e65c3a482460cc3e0b5d1?s=96&d=mm&r=g\",\"contentUrl\":\"https:\\\/\\\/secure.gravatar.com\\\/avatar\\\/20e0a6b626f38fa8e545fb3f80ce566efd790bf8877e65c3a482460cc3e0b5d1?s=96&d=mm&r=g\",\"caption\":\"Yucat\u00e1n en Corto\"},\"url\":\"https:\\\/\\\/www.yucatanencorto.com\\\/noticias\\\/author\\\/editor25\\\/\"}]}<\/script>\n<!-- \/ Yoast SEO plugin. -->","yoast_head_json":{"title":"El Secretario de la ONU, Ant\u00f3nio Guterres, visit\u00f3 Yucat\u00e1n - Yucat\u00e1n en corto","robots":{"index":"index","follow":"follow","max-snippet":"max-snippet:-1","max-image-preview":"max-image-preview:large","max-video-preview":"max-video-preview:-1"},"canonical":"https:\/\/www.yucatanencorto.com\/noticias\/el-secretario-de-la-onu-antonio-guterres-visito-yucatan\/","og_locale":"es_ES","og_type":"article","og_title":"El Secretario de la ONU, Ant\u00f3nio Guterres, visit\u00f3 Yucat\u00e1n - Yucat\u00e1n en corto","og_description":"M\u00e9rida, Yucat\u00e1n a 17 de abril de 2025 &nbsp; El Gobernador de Yucat\u00e1n, Joaqu\u00edn D\u00edaz Mena, sostuvo un encuentro con el Secretario General de la Organizaci\u00f3n de las Naciones Unidas (ONU), Ant\u00f3nio Guterres, quien lleg\u00f3 a la ciudad de M\u00e9rida como parte de una visita privada a la entidad. Posteriormente, el diplom\u00e1tico internacional se traslad\u00f3 [&hellip;]","og_url":"https:\/\/www.yucatanencorto.com\/noticias\/el-secretario-de-la-onu-antonio-guterres-visito-yucatan\/","og_site_name":"Yucat\u00e1n en corto","article_publisher":"http:\/\/www.facebook.com\/yucatanencorto","article_published_time":"2025-04-17T19:31:30+00:00","og_image":[{"width":768,"height":512,"url":"https:\/\/www.yucatanencorto.com\/noticias\/wp-content\/uploads\/2025\/04\/WhatsApp-Image-2025-04-17-at-12.48.07-scaled.jpeg","type":"image\/jpeg"}],"author":"Yucat\u00e1n en Corto","twitter_card":"summary_large_image","twitter_creator":"@yucatanencorto","twitter_site":"@yucatanencorto","twitter_misc":{"Escrito por":"Yucat\u00e1n en Corto","Tiempo de lectura":"2 minutos"},"schema":{"@context":"https:\/\/schema.org","@graph":[{"@type":"Article","@id":"https:\/\/www.yucatanencorto.com\/noticias\/el-secretario-de-la-onu-antonio-guterres-visito-yucatan\/#article","isPartOf":{"@id":"https:\/\/www.yucatanencorto.com\/noticias\/el-secretario-de-la-onu-antonio-guterres-visito-yucatan\/"},"author":{"name":"Yucat\u00e1n en Corto","@id":"https:\/\/www.yucatanencorto.com\/noticias\/#\/schema\/person\/f0ec40c33447bbc0dc2d01d3006de771"},"headline":"El Secretario de la ONU, Ant\u00f3nio Guterres, visit\u00f3 Yucat\u00e1n","datePublished":"2025-04-17T19:31:30+00:00","mainEntityOfPage":{"@id":"https:\/\/www.yucatanencorto.com\/noticias\/el-secretario-de-la-onu-antonio-guterres-visito-yucatan\/"},"wordCount":365,"image":{"@id":"https:\/\/www.yucatanencorto.com\/noticias\/el-secretario-de-la-onu-antonio-guterres-visito-yucatan\/#primaryimage"},"thumbnailUrl":"https:\/\/www.yucatanencorto.com\/noticias\/wp-content\/uploads\/2025\/04\/WhatsApp-Image-2025-04-17-at-12.48.07-scaled.jpeg","articleSection":["Yucat\u00e1n"],"inLanguage":"es"},{"@type":"WebPage","@id":"https:\/\/www.yucatanencorto.com\/noticias\/el-secretario-de-la-onu-antonio-guterres-visito-yucatan\/","url":"https:\/\/www.yucatanencorto.com\/noticias\/el-secretario-de-la-onu-antonio-guterres-visito-yucatan\/","name":"El Secretario de la ONU, Ant\u00f3nio Guterres, visit\u00f3 Yucat\u00e1n - Yucat\u00e1n en corto","isPartOf":{"@id":"https:\/\/www.yucatanencorto.com\/noticias\/#website"},"primaryImageOfPage":{"@id":"https:\/\/www.yucatanencorto.com\/noticias\/el-secretario-de-la-onu-antonio-guterres-visito-yucatan\/#primaryimage"},"image":{"@id":"https:\/\/www.yucatanencorto.com\/noticias\/el-secretario-de-la-onu-antonio-guterres-visito-yucatan\/#primaryimage"},"thumbnailUrl":"https:\/\/www.yucatanencorto.com\/noticias\/wp-content\/uploads\/2025\/04\/WhatsApp-Image-2025-04-17-at-12.48.07-scaled.jpeg","datePublished":"2025-04-17T19:31:30+00:00","author":{"@id":"https:\/\/www.yucatanencorto.com\/noticias\/#\/schema\/person\/f0ec40c33447bbc0dc2d01d3006de771"},"breadcrumb":{"@id":"https:\/\/www.yucatanencorto.com\/noticias\/el-secretario-de-la-onu-antonio-guterres-visito-yucatan\/#breadcrumb"},"inLanguage":"es","potentialAction":[{"@type":"ReadAction","target":["https:\/\/www.yucatanencorto.com\/noticias\/el-secretario-de-la-onu-antonio-guterres-visito-yucatan\/"]}]},{"@type":"ImageObject","inLanguage":"es","@id":"https:\/\/www.yucatanencorto.com\/noticias\/el-secretario-de-la-onu-antonio-guterres-visito-yucatan\/#primaryimage","url":"https:\/\/www.yucatanencorto.com\/noticias\/wp-content\/uploads\/2025\/04\/WhatsApp-Image-2025-04-17-at-12.48.07-scaled.jpeg","contentUrl":"https:\/\/www.yucatanencorto.com\/noticias\/wp-content\/uploads\/2025\/04\/WhatsApp-Image-2025-04-17-at-12.48.07-scaled.jpeg","width":768,"height":512},{"@type":"BreadcrumbList","@id":"https:\/\/www.yucatanencorto.com\/noticias\/el-secretario-de-la-onu-antonio-guterres-visito-yucatan\/#breadcrumb","itemListElement":[{"@type":"ListItem","position":1,"name":"Portada","item":"https:\/\/www.yucatanencorto.com\/noticias\/"},{"@type":"ListItem","position":2,"name":"El Secretario de la ONU, Ant\u00f3nio Guterres, visit\u00f3 Yucat\u00e1n"}]},{"@type":"WebSite","@id":"https:\/\/www.yucatanencorto.com\/noticias\/#website","url":"https:\/\/www.yucatanencorto.com\/noticias\/","name":"Yucat\u00e1n en corto","description":"Noticias","potentialAction":[{"@type":"SearchAction","target":{"@type":"EntryPoint","urlTemplate":"https:\/\/www.yucatanencorto.com\/noticias\/?s={search_term_string}"},"query-input":{"@type":"PropertyValueSpecification","valueRequired":true,"valueName":"search_term_string"}}],"inLanguage":"es"},{"@type":"Person","@id":"https:\/\/www.yucatanencorto.com\/noticias\/#\/schema\/person\/f0ec40c33447bbc0dc2d01d3006de771","name":"Yucat\u00e1n en Corto","image":{"@type":"ImageObject","inLanguage":"es","@id":"https:\/\/secure.gravatar.com\/avatar\/20e0a6b626f38fa8e545fb3f80ce566efd790bf8877e65c3a482460cc3e0b5d1?s=96&d=mm&r=g","url":"https:\/\/secure.gravatar.com\/avatar\/20e0a6b626f38fa8e545fb3f80ce566efd790bf8877e65c3a482460cc3e0b5d1?s=96&d=mm&r=g","contentUrl":"https:\/\/secure.gravatar.com\/avatar\/20e0a6b626f38fa8e545fb3f80ce566efd790bf8877e65c3a482460cc3e0b5d1?s=96&d=mm&r=g","caption":"Yucat\u00e1n en Corto"},"url":"https:\/\/www.yucatanencorto.com\/noticias\/author\/editor25\/"}]}},"_links":{"self":[{"href":"https:\/\/www.yucatanencorto.com\/noticias\/wp-json\/wp\/v2\/posts\/115021","targetHints":{"allow":["GET"]}}],"collection":[{"href":"https:\/\/www.yucatanencorto.com\/noticias\/wp-json\/wp\/v2\/posts"}],"about":[{"href":"https:\/\/www.yucatanencorto.com\/noticias\/wp-json\/wp\/v2\/types\/post"}],"author":[{"embeddable":true,"href":"https:\/\/www.yucatanencorto.com\/noticias\/wp-json\/wp\/v2\/users\/4"}],"replies":[{"embeddable":true,"href":"https:\/\/www.yucatanencorto.com\/noticias\/wp-json\/wp\/v2\/comments?post=115021"}],"version-history":[{"count":0,"href":"https:\/\/www.yucatanencorto.com\/noticias\/wp-json\/wp\/v2\/posts\/115021\/revisions"}],"wp:featuredmedia":[{"embeddable":true,"href":"https:\/\/www.yucatanencorto.com\/noticias\/wp-json\/wp\/v2\/media\/115022"}],"wp:attachment":[{"href":"https:\/\/www.yucatanencorto.com\/noticias\/wp-json\/wp\/v2\/media?parent=115021"}],"wp:term":[{"taxonomy":"category","embeddable":true,"href":"https:\/\/www.yucatanencorto.com\/noticias\/wp-json\/wp\/v2\/categories?post=115021"},{"taxonomy":"post_tag","embeddable":true,"href":"https:\/\/www.yucatanencorto.com\/noticias\/wp-json\/wp\/v2\/tags?post=115021"}],"curies":[{"name":"wp","href":"https:\/\/api.w.org\/{rel}","templated":true}]}}